{"id":125821,"date":"2024-11-11T18:58:39","date_gmt":"2024-11-11T23:58:39","guid":{"rendered":"https:\/\/www.quebakan.com\/v15\/?p=125821"},"modified":"2024-11-11T18:58:39","modified_gmt":"2024-11-11T23:58:39","slug":"patprimo-presenta-en-ecuador-su-primera-colaboracion-con-beatriz-camacho-nostalgia-de-verano","status":"publish","type":"post","link":"https:\/\/www.quebakan.com\/v15\/patprimo-presenta-en-ecuador-su-primera-colaboracion-con-beatriz-camacho-nostalgia-de-verano\/","title":{"rendered":"PATPRIMO presenta en Ecuador su primera colaboraci\u00f3n con Beatriz Camacho: Nostalgia de Verano"},"content":{"rendered":"<p><img fetchpriority=\"high\" decoding=\"async\" class=\"aligncenter size-full wp-image-125822\" src=\"https:\/\/www.quebakan.com\/v15\/wp-content\/uploads\/2024\/11\/PatPrimo_ColeccionBeatrizCamacho1.jpg\" alt=\"\" width=\"700\" height=\"527\" \/><\/p>\n<p style=\"text-align: center;\"><span style=\"color: #000000;\" data-olk-copy-source=\"MessageBody\">Constanza B\u00e1ez, Natalia Gaviria, Directora de Marca PATPRIMO, Anngie Bar\u00f3n, Coordinadora de Marca PATPRIMO, y la stylist Cristina Pazmi\u00f1o.<\/span><\/p>\n<ul>\n<li style=\"text-align: justify;\"><span style=\"color: #000000;\"><em>Nostalgia de verano es una colecci\u00f3n que cuenta con 21 referencias perfectas para cualquier clima y ciudad.<\/em><\/span><\/li>\n<li style=\"text-align: justify;\"><span style=\"color: #000000;\"><em>La inspiraci\u00f3n de esta colecci\u00f3n es una de una mujer elegante y sofisticada, que con esta propuesta emprende un viaje hacia el pasado evocando la nostalgia y el verano.<\/em><\/span><\/li>\n<li style=\"text-align: justify;\"><span style=\"color: #000000;\"><em>PATPRIMO es una marca colombiana que cuenta con m\u00e1s de 67 a\u00f1os en la industria de la moda, con una l\u00ednea elegante y tradicional.<\/em><\/span><\/li>\n<\/ul>\n<p style=\"text-align: justify;\"><span style=\"color: #000000;\"><strong>Guayaquil, noviembre de 2024.- <\/strong>La marca colombiana PATPRIMO lanz\u00f3 en Ecuador su primera colaboraci\u00f3n con un dise\u00f1ador, en este caso la talentosa Beatriz Camacho. Esta creaci\u00f3n se caracteriza por ser una colecci\u00f3n creada y desarrollada con el gusto y el estilo de esta dise\u00f1adora colombiana.<\/span><\/p>\n<p style=\"text-align: justify;\"><span style=\"color: #000000;\">PATPRIMO es una marca internacional que cuenta con m\u00e1s de 67 a\u00f1os en el retail y la industria de la moda, que siempre se ha caracterizado por una propuesta, dirigida a hombres y mujeres con un estilo casual y sofisticado, apasionados por los viajes, las nuevas tendencias, pero con una l\u00ednea elegante y tradicional.<\/span><\/p>\n<p style=\"text-align: justify;\"><span style=\"color: #000000;\">Para continuar con su posicionamiento y los recientes cambios de la renovaci\u00f3n de la marca, PATPRIMO se ali\u00f3 con Beatriz Camacho para seguir construyendo un universo para una mujer sofisticada, viajera, joven y apasionada por la moda, elementos Indiscutibles en la trayectoria de esta dise\u00f1adora Cartagenera.<\/span><\/p>\n<p style=\"text-align: justify;\"><span style=\"color: #000000;\"><strong>Nostalgia de verano<\/strong> es una colecci\u00f3n que cuenta con 21 referencias en las que sobresalen camisetas, blusas, faldas, pantalones, vestidos, y hasta zapatos de tac\u00f3n, prendas que permiten crear diferentes tipos de looks, con estilismos vers\u00e1tiles perfectos para un viaje de verano o la ciudad, as\u00ed mismo cuenta con una interesante paleta de colores y distintos estampados que evocan calidez y fluidez en cada una de las prendas.<\/span><\/p>\n<p style=\"text-align: justify;\"><span style=\"color: #000000;\">Azul, verde, beige, rosa y vino son los colores predominantes en la colecci\u00f3n, que cuenta con una gran inspiraci\u00f3n en las formas org\u00e1nicas y bot\u00e1nicas, del arte europeo siglo XV c\u00f3mo es el caso de los azulejos portugueses y espa\u00f1oles y los tapices franceses, asimismo, la colecci\u00f3n cuenta con diferentes tipos de materiales, donde predomina el sat\u00edn al 100 %, el poli\u00e9ster para los detalles, blonda para los bodys y las camisetas y dril para pantalones y faldas.<\/span><\/p>\n<p style=\"text-align: justify;\"><span style=\"color: #000000;\">\u201c<em>La inspiraci\u00f3n de esta colecci\u00f3n es una representaci\u00f3n ideal de una mujer joven y sofisticada, que con esta propuesta emprende un viaje hacia el pasado evocando la nostalgia y el verano, con un estilo siempre vaporoso y fluido que puede ser usado en clima c\u00e1lido e incluso en ciudades m\u00e1s fr\u00edas, invitando a usar looks m\u00e1s tropicales gracias a los colores telas y estampaciones, con los que cada mujer puede sentirse como turista en su propia ciudad con ese mood, viajero especial, as\u00ed como a crear estilismos m\u00e1s elevados en nuestros viajes \u201c <\/em><strong>agrega\u00a0 Beatriz Camacho, dise\u00f1adora.<\/strong><\/span><\/p>\n<p style=\"text-align: justify;\"><span style=\"color: #000000;\">Esta colecci\u00f3n es el primer lanzamiento despu\u00e9s de la renovaci\u00f3n de la marca, con la cual se busca conquistar generaciones m\u00e1s j\u00f3venes, pensada as\u00ed para una mujer cosmopolita, viajera y sofisticada, con un promedio de edad, entre los 25 y 30 a\u00f1os principalmente, amante de la moda, el verano y que apoye y sea fan\u00e1tica del talento y dise\u00f1o colombianos.<\/span><\/p>\n<p style=\"text-align: justify;\"><span style=\"color: #000000;\">\u201c<em>Nostalgia de Verano, es una colecci\u00f3n colaborativa que busca elevar y brindar sofisticaci\u00f3n a esa mujer activa, elegante y viajera, con un toque de inspiraci\u00f3n Caribe y la nostalgia que representan esas ciudades europeas emblem\u00e1ticas que siempre nos invitan a querer recorrerlas y descubrirlas una y otra vez\u201d<\/em> <strong>concluye Natalia Gaviria, directora de Marca PATPRIMO.<\/strong><\/span><\/p>\n<p><img decoding=\"async\" class=\"aligncenter size-full wp-image-125823\" src=\"https:\/\/www.quebakan.com\/v15\/wp-content\/uploads\/2024\/11\/PatPrimo_ColeccionBeatrizCamacho2.jpg\" alt=\"\" width=\"700\" height=\"396\" \/><\/p>\n<p style=\"text-align: center;\"><span style=\"color: #000000;\" data-olk-copy-source=\"MessageBody\">El equipo de marca PATPRIMO junto a creadoras de contenido de Ecuador durante el lanzamiento de \u00a8Nostalgia de Verano\u00a8 en el pa\u00eds.<\/span><\/p>\n","protected":false},"excerpt":{"rendered":"<p>Constanza B\u00e1ez, Natalia Gaviria, Directora de Marca PATPRIMO, Anngie Bar\u00f3n, Coordinadora de Marca PATPRIMO, y la stylist Cristina Pazmi\u00f1o. Nostalgia de verano es una colecci\u00f3n que cuenta con 21 referencias perfectas para cualquier clima y ciudad. La inspiraci\u00f3n de esta colecci\u00f3n es una de una mujer elegante y sofisticada, que con esta propuesta emprende un [&hellip;]<\/p>\n","protected":false},"author":4,"featured_media":125823,"comment_status":"open","ping_status":"open","sticky":false,"template":"","format":"standard","meta":{"_bbp_topic_count":0,"_bbp_reply_count":0,"_bbp_total_topic_count":0,"_bbp_total_reply_count":0,"_bbp_voice_count":0,"_bbp_anonymous_reply_count":0,"_bbp_topic_count_hidden":0,"_bbp_reply_count_hidden":0,"_bbp_forum_subforum_count":0,"buzzeditor_post_format":"","footnotes":""},"categories":[2],"tags":[],"class_list":["post-125821","post","type-post","status-publish","format-standard","has-post-thumbnail","hentry","category-noticias"],"yoast_head":"<!-- This site is optimized with the Yoast SEO plugin v27.5 - https:\/\/yoast.com\/product\/yoast-seo-wordpress\/ -->\n<title>PATPRIMO presenta en Ecuador su primera colaboraci\u00f3n con Beatriz Camacho: Nostalgia de Verano &#8211; QUEBAKAN.COM 2026: Noticias, Eventos, Conciertos y mucho m\u00e1s....<\/title>\n<meta name=\"robots\" content=\"index, follow, max-snippet:-1, max-image-preview:large, max-video-preview:-1\" \/>\n<link rel=\"canonical\" href=\"https:\/\/www.quebakan.com\/v15\/patprimo-presenta-en-ecuador-su-primera-colaboracion-con-beatriz-camacho-nostalgia-de-verano\/\" \/>\n<meta property=\"og:locale\" content=\"es_ES\" \/>\n<meta property=\"og:type\" content=\"article\" \/>\n<meta property=\"og:title\" content=\"PATPRIMO presenta en Ecuador su primera colaboraci\u00f3n con Beatriz Camacho: Nostalgia de Verano &#8211; QUEBAKAN.COM 2026: Noticias, Eventos, Conciertos y mucho m\u00e1s....\" \/>\n<meta property=\"og:description\" content=\"Constanza B\u00e1ez, Natalia Gaviria, Directora de Marca PATPRIMO, Anngie Bar\u00f3n, Coordinadora de Marca PATPRIMO, y la stylist Cristina Pazmi\u00f1o. Nostalgia de verano es una colecci\u00f3n que cuenta con 21 referencias perfectas para cualquier clima y ciudad. La inspiraci\u00f3n de esta colecci\u00f3n es una de una mujer elegante y sofisticada, que con esta propuesta emprende un [&hellip;]\" \/>\n<meta property=\"og:url\" content=\"https:\/\/www.quebakan.com\/v15\/patprimo-presenta-en-ecuador-su-primera-colaboracion-con-beatriz-camacho-nostalgia-de-verano\/\" \/>\n<meta property=\"og:site_name\" content=\"QUEBAKAN.COM 2026: Noticias, Eventos, Conciertos y mucho m\u00e1s....\" \/>\n<meta property=\"article:publisher\" content=\"http:\/\/www.facebook.com\/quebakan\" \/>\n<meta property=\"article:published_time\" content=\"2024-11-11T23:58:39+00:00\" \/>\n<meta property=\"og:image\" content=\"https:\/\/www.quebakan.com\/v15\/wp-content\/uploads\/2024\/11\/PatPrimo_ColeccionBeatrizCamacho2.jpg\" \/>\n\t<meta property=\"og:image:width\" content=\"700\" \/>\n\t<meta property=\"og:image:height\" content=\"396\" \/>\n\t<meta property=\"og:image:type\" content=\"image\/jpeg\" \/>\n<meta name=\"author\" content=\"Erick Villafuerte\" \/>\n<meta name=\"twitter:card\" content=\"summary_large_image\" \/>\n<meta name=\"twitter:creator\" content=\"@quebakanec\" \/>\n<meta name=\"twitter:site\" content=\"@quebakanec\" \/>\n<meta name=\"twitter:label1\" content=\"Escrito por\" \/>\n\t<meta name=\"twitter:data1\" content=\"Erick Villafuerte\" \/>\n\t<meta name=\"twitter:label2\" content=\"Tiempo de lectura\" \/>\n\t<meta name=\"twitter:data2\" content=\"4 minutos\" \/>\n<script type=\"application\/ld+json\" class=\"yoast-schema-graph\">{\"@context\":\"https:\\\/\\\/schema.org\",\"@graph\":[{\"@type\":\"Article\",\"@id\":\"https:\\\/\\\/www.quebakan.com\\\/v15\\\/patprimo-presenta-en-ecuador-su-primera-colaboracion-con-beatriz-camacho-nostalgia-de-verano\\\/#article\",\"isPartOf\":{\"@id\":\"https:\\\/\\\/www.quebakan.com\\\/v15\\\/patprimo-presenta-en-ecuador-su-primera-colaboracion-con-beatriz-camacho-nostalgia-de-verano\\\/\"},\"author\":{\"name\":\"Erick Villafuerte\",\"@id\":\"https:\\\/\\\/www.quebakan.com\\\/v15\\\/#\\\/schema\\\/person\\\/d90fa9f9cfa81eb8ace9811e5b7b9118\"},\"headline\":\"PATPRIMO presenta en Ecuador su primera colaboraci\u00f3n con Beatriz Camacho: Nostalgia de Verano\",\"datePublished\":\"2024-11-11T23:58:39+00:00\",\"mainEntityOfPage\":{\"@id\":\"https:\\\/\\\/www.quebakan.com\\\/v15\\\/patprimo-presenta-en-ecuador-su-primera-colaboracion-con-beatriz-camacho-nostalgia-de-verano\\\/\"},\"wordCount\":672,\"commentCount\":0,\"publisher\":{\"@id\":\"https:\\\/\\\/www.quebakan.com\\\/v15\\\/#organization\"},\"image\":{\"@id\":\"https:\\\/\\\/www.quebakan.com\\\/v15\\\/patprimo-presenta-en-ecuador-su-primera-colaboracion-con-beatriz-camacho-nostalgia-de-verano\\\/#primaryimage\"},\"thumbnailUrl\":\"https:\\\/\\\/www.quebakan.com\\\/v15\\\/wp-content\\\/uploads\\\/2024\\\/11\\\/PatPrimo_ColeccionBeatrizCamacho2.jpg\",\"articleSection\":[\"Noticias\"],\"inLanguage\":\"es\"},{\"@type\":\"WebPage\",\"@id\":\"https:\\\/\\\/www.quebakan.com\\\/v15\\\/patprimo-presenta-en-ecuador-su-primera-colaboracion-con-beatriz-camacho-nostalgia-de-verano\\\/\",\"url\":\"https:\\\/\\\/www.quebakan.com\\\/v15\\\/patprimo-presenta-en-ecuador-su-primera-colaboracion-con-beatriz-camacho-nostalgia-de-verano\\\/\",\"name\":\"PATPRIMO presenta en Ecuador su primera colaboraci\u00f3n con Beatriz Camacho: Nostalgia de Verano &#8211; QUEBAKAN.COM 2026: Noticias, Eventos, Conciertos y mucho m\u00e1s....\",\"isPartOf\":{\"@id\":\"https:\\\/\\\/www.quebakan.com\\\/v15\\\/#website\"},\"primaryImageOfPage\":{\"@id\":\"https:\\\/\\\/www.quebakan.com\\\/v15\\\/patprimo-presenta-en-ecuador-su-primera-colaboracion-con-beatriz-camacho-nostalgia-de-verano\\\/#primaryimage\"},\"image\":{\"@id\":\"https:\\\/\\\/www.quebakan.com\\\/v15\\\/patprimo-presenta-en-ecuador-su-primera-colaboracion-con-beatriz-camacho-nostalgia-de-verano\\\/#primaryimage\"},\"thumbnailUrl\":\"https:\\\/\\\/www.quebakan.com\\\/v15\\\/wp-content\\\/uploads\\\/2024\\\/11\\\/PatPrimo_ColeccionBeatrizCamacho2.jpg\",\"datePublished\":\"2024-11-11T23:58:39+00:00\",\"breadcrumb\":{\"@id\":\"https:\\\/\\\/www.quebakan.com\\\/v15\\\/patprimo-presenta-en-ecuador-su-primera-colaboracion-con-beatriz-camacho-nostalgia-de-verano\\\/#breadcrumb\"},\"inLanguage\":\"es\",\"potentialAction\":[{\"@type\":\"ReadAction\",\"target\":[\"https:\\\/\\\/www.quebakan.com\\\/v15\\\/patprimo-presenta-en-ecuador-su-primera-colaboracion-con-beatriz-camacho-nostalgia-de-verano\\\/\"]}]},{\"@type\":\"ImageObject\",\"inLanguage\":\"es\",\"@id\":\"https:\\\/\\\/www.quebakan.com\\\/v15\\\/patprimo-presenta-en-ecuador-su-primera-colaboracion-con-beatriz-camacho-nostalgia-de-verano\\\/#primaryimage\",\"url\":\"https:\\\/\\\/www.quebakan.com\\\/v15\\\/wp-content\\\/uploads\\\/2024\\\/11\\\/PatPrimo_ColeccionBeatrizCamacho2.jpg\",\"contentUrl\":\"https:\\\/\\\/www.quebakan.com\\\/v15\\\/wp-content\\\/uploads\\\/2024\\\/11\\\/PatPrimo_ColeccionBeatrizCamacho2.jpg\",\"width\":700,\"height\":396},{\"@type\":\"BreadcrumbList\",\"@id\":\"https:\\\/\\\/www.quebakan.com\\\/v15\\\/patprimo-presenta-en-ecuador-su-primera-colaboracion-con-beatriz-camacho-nostalgia-de-verano\\\/#breadcrumb\",\"itemListElement\":[{\"@type\":\"ListItem\",\"position\":1,\"name\":\"Portada\",\"item\":\"https:\\\/\\\/www.quebakan.com\\\/v15\\\/\"},{\"@type\":\"ListItem\",\"position\":2,\"name\":\"PATPRIMO presenta en Ecuador su primera colaboraci\u00f3n con Beatriz Camacho: Nostalgia de Verano\"}]},{\"@type\":\"WebSite\",\"@id\":\"https:\\\/\\\/www.quebakan.com\\\/v15\\\/#website\",\"url\":\"https:\\\/\\\/www.quebakan.com\\\/v15\\\/\",\"name\":\"QUEBAKAN\",\"description\":\"..\",\"publisher\":{\"@id\":\"https:\\\/\\\/www.quebakan.com\\\/v15\\\/#organization\"},\"potentialAction\":[{\"@type\":\"SearchAction\",\"target\":{\"@type\":\"EntryPoint\",\"urlTemplate\":\"https:\\\/\\\/www.quebakan.com\\\/v15\\\/?s={search_term_string}\"},\"query-input\":{\"@type\":\"PropertyValueSpecification\",\"valueRequired\":true,\"valueName\":\"search_term_string\"}}],\"inLanguage\":\"es\"},{\"@type\":\"Organization\",\"@id\":\"https:\\\/\\\/www.quebakan.com\\\/v15\\\/#organization\",\"name\":\"Quebakan.com\",\"url\":\"https:\\\/\\\/www.quebakan.com\\\/v15\\\/\",\"logo\":{\"@type\":\"ImageObject\",\"inLanguage\":\"es\",\"@id\":\"https:\\\/\\\/www.quebakan.com\\\/v15\\\/#\\\/schema\\\/logo\\\/image\\\/\",\"url\":\"https:\\\/\\\/www.quebakan.com\\\/v15\\\/wp-content\\\/uploads\\\/2023\\\/07\\\/logoquebakanenero2021.jpg\",\"contentUrl\":\"https:\\\/\\\/www.quebakan.com\\\/v15\\\/wp-content\\\/uploads\\\/2023\\\/07\\\/logoquebakanenero2021.jpg\",\"width\":1920,\"height\":1080,\"caption\":\"Quebakan.com\"},\"image\":{\"@id\":\"https:\\\/\\\/www.quebakan.com\\\/v15\\\/#\\\/schema\\\/logo\\\/image\\\/\"},\"sameAs\":[\"http:\\\/\\\/www.facebook.com\\\/quebakan\",\"https:\\\/\\\/x.com\\\/quebakanec\",\"http:\\\/\\\/www.instagram.com\\\/quebakan\",\"http:\\\/\\\/www.youtube.com\\\/quebakan1\"]},{\"@type\":\"Person\",\"@id\":\"https:\\\/\\\/www.quebakan.com\\\/v15\\\/#\\\/schema\\\/person\\\/d90fa9f9cfa81eb8ace9811e5b7b9118\",\"name\":\"Erick Villafuerte\",\"image\":{\"@type\":\"ImageObject\",\"inLanguage\":\"es\",\"@id\":\"https:\\\/\\\/www.quebakan.com\\\/v15\\\/wp-content\\\/uploads\\\/avatars\\\/4\\\/1731297654-bpfull.png\",\"url\":\"https:\\\/\\\/www.quebakan.com\\\/v15\\\/wp-content\\\/uploads\\\/avatars\\\/4\\\/1731297654-bpfull.png\",\"contentUrl\":\"https:\\\/\\\/www.quebakan.com\\\/v15\\\/wp-content\\\/uploads\\\/avatars\\\/4\\\/1731297654-bpfull.png\",\"caption\":\"Erick Villafuerte\"}}]}<\/script>\n<!-- \/ Yoast SEO plugin. -->","yoast_head_json":{"title":"PATPRIMO presenta en Ecuador su primera colaboraci\u00f3n con Beatriz Camacho: Nostalgia de Verano &#8211; QUEBAKAN.COM 2026: Noticias, Eventos, Conciertos y mucho m\u00e1s....","robots":{"index":"index","follow":"follow","max-snippet":"max-snippet:-1","max-image-preview":"max-image-preview:large","max-video-preview":"max-video-preview:-1"},"canonical":"https:\/\/www.quebakan.com\/v15\/patprimo-presenta-en-ecuador-su-primera-colaboracion-con-beatriz-camacho-nostalgia-de-verano\/","og_locale":"es_ES","og_type":"article","og_title":"PATPRIMO presenta en Ecuador su primera colaboraci\u00f3n con Beatriz Camacho: Nostalgia de Verano &#8211; QUEBAKAN.COM 2026: Noticias, Eventos, Conciertos y mucho m\u00e1s....","og_description":"Constanza B\u00e1ez, Natalia Gaviria, Directora de Marca PATPRIMO, Anngie Bar\u00f3n, Coordinadora de Marca PATPRIMO, y la stylist Cristina Pazmi\u00f1o. Nostalgia de verano es una colecci\u00f3n que cuenta con 21 referencias perfectas para cualquier clima y ciudad. La inspiraci\u00f3n de esta colecci\u00f3n es una de una mujer elegante y sofisticada, que con esta propuesta emprende un [&hellip;]","og_url":"https:\/\/www.quebakan.com\/v15\/patprimo-presenta-en-ecuador-su-primera-colaboracion-con-beatriz-camacho-nostalgia-de-verano\/","og_site_name":"QUEBAKAN.COM 2026: Noticias, Eventos, Conciertos y mucho m\u00e1s....","article_publisher":"http:\/\/www.facebook.com\/quebakan","article_published_time":"2024-11-11T23:58:39+00:00","og_image":[{"width":700,"height":396,"url":"https:\/\/www.quebakan.com\/v15\/wp-content\/uploads\/2024\/11\/PatPrimo_ColeccionBeatrizCamacho2.jpg","type":"image\/jpeg"}],"author":"Erick Villafuerte","twitter_card":"summary_large_image","twitter_creator":"@quebakanec","twitter_site":"@quebakanec","twitter_misc":{"Escrito por":"Erick Villafuerte","Tiempo de lectura":"4 minutos"},"schema":{"@context":"https:\/\/schema.org","@graph":[{"@type":"Article","@id":"https:\/\/www.quebakan.com\/v15\/patprimo-presenta-en-ecuador-su-primera-colaboracion-con-beatriz-camacho-nostalgia-de-verano\/#article","isPartOf":{"@id":"https:\/\/www.quebakan.com\/v15\/patprimo-presenta-en-ecuador-su-primera-colaboracion-con-beatriz-camacho-nostalgia-de-verano\/"},"author":{"name":"Erick Villafuerte","@id":"https:\/\/www.quebakan.com\/v15\/#\/schema\/person\/d90fa9f9cfa81eb8ace9811e5b7b9118"},"headline":"PATPRIMO presenta en Ecuador su primera colaboraci\u00f3n con Beatriz Camacho: Nostalgia de Verano","datePublished":"2024-11-11T23:58:39+00:00","mainEntityOfPage":{"@id":"https:\/\/www.quebakan.com\/v15\/patprimo-presenta-en-ecuador-su-primera-colaboracion-con-beatriz-camacho-nostalgia-de-verano\/"},"wordCount":672,"commentCount":0,"publisher":{"@id":"https:\/\/www.quebakan.com\/v15\/#organization"},"image":{"@id":"https:\/\/www.quebakan.com\/v15\/patprimo-presenta-en-ecuador-su-primera-colaboracion-con-beatriz-camacho-nostalgia-de-verano\/#primaryimage"},"thumbnailUrl":"https:\/\/www.quebakan.com\/v15\/wp-content\/uploads\/2024\/11\/PatPrimo_ColeccionBeatrizCamacho2.jpg","articleSection":["Noticias"],"inLanguage":"es"},{"@type":"WebPage","@id":"https:\/\/www.quebakan.com\/v15\/patprimo-presenta-en-ecuador-su-primera-colaboracion-con-beatriz-camacho-nostalgia-de-verano\/","url":"https:\/\/www.quebakan.com\/v15\/patprimo-presenta-en-ecuador-su-primera-colaboracion-con-beatriz-camacho-nostalgia-de-verano\/","name":"PATPRIMO presenta en Ecuador su primera colaboraci\u00f3n con Beatriz Camacho: Nostalgia de Verano &#8211; QUEBAKAN.COM 2026: Noticias, Eventos, Conciertos y mucho m\u00e1s....","isPartOf":{"@id":"https:\/\/www.quebakan.com\/v15\/#website"},"primaryImageOfPage":{"@id":"https:\/\/www.quebakan.com\/v15\/patprimo-presenta-en-ecuador-su-primera-colaboracion-con-beatriz-camacho-nostalgia-de-verano\/#primaryimage"},"image":{"@id":"https:\/\/www.quebakan.com\/v15\/patprimo-presenta-en-ecuador-su-primera-colaboracion-con-beatriz-camacho-nostalgia-de-verano\/#primaryimage"},"thumbnailUrl":"https:\/\/www.quebakan.com\/v15\/wp-content\/uploads\/2024\/11\/PatPrimo_ColeccionBeatrizCamacho2.jpg","datePublished":"2024-11-11T23:58:39+00:00","breadcrumb":{"@id":"https:\/\/www.quebakan.com\/v15\/patprimo-presenta-en-ecuador-su-primera-colaboracion-con-beatriz-camacho-nostalgia-de-verano\/#breadcrumb"},"inLanguage":"es","potentialAction":[{"@type":"ReadAction","target":["https:\/\/www.quebakan.com\/v15\/patprimo-presenta-en-ecuador-su-primera-colaboracion-con-beatriz-camacho-nostalgia-de-verano\/"]}]},{"@type":"ImageObject","inLanguage":"es","@id":"https:\/\/www.quebakan.com\/v15\/patprimo-presenta-en-ecuador-su-primera-colaboracion-con-beatriz-camacho-nostalgia-de-verano\/#primaryimage","url":"https:\/\/www.quebakan.com\/v15\/wp-content\/uploads\/2024\/11\/PatPrimo_ColeccionBeatrizCamacho2.jpg","contentUrl":"https:\/\/www.quebakan.com\/v15\/wp-content\/uploads\/2024\/11\/PatPrimo_ColeccionBeatrizCamacho2.jpg","width":700,"height":396},{"@type":"BreadcrumbList","@id":"https:\/\/www.quebakan.com\/v15\/patprimo-presenta-en-ecuador-su-primera-colaboracion-con-beatriz-camacho-nostalgia-de-verano\/#breadcrumb","itemListElement":[{"@type":"ListItem","position":1,"name":"Portada","item":"https:\/\/www.quebakan.com\/v15\/"},{"@type":"ListItem","position":2,"name":"PATPRIMO presenta en Ecuador su primera colaboraci\u00f3n con Beatriz Camacho: Nostalgia de Verano"}]},{"@type":"WebSite","@id":"https:\/\/www.quebakan.com\/v15\/#website","url":"https:\/\/www.quebakan.com\/v15\/","name":"QUEBAKAN","description":"..","publisher":{"@id":"https:\/\/www.quebakan.com\/v15\/#organization"},"potentialAction":[{"@type":"SearchAction","target":{"@type":"EntryPoint","urlTemplate":"https:\/\/www.quebakan.com\/v15\/?s={search_term_string}"},"query-input":{"@type":"PropertyValueSpecification","valueRequired":true,"valueName":"search_term_string"}}],"inLanguage":"es"},{"@type":"Organization","@id":"https:\/\/www.quebakan.com\/v15\/#organization","name":"Quebakan.com","url":"https:\/\/www.quebakan.com\/v15\/","logo":{"@type":"ImageObject","inLanguage":"es","@id":"https:\/\/www.quebakan.com\/v15\/#\/schema\/logo\/image\/","url":"https:\/\/www.quebakan.com\/v15\/wp-content\/uploads\/2023\/07\/logoquebakanenero2021.jpg","contentUrl":"https:\/\/www.quebakan.com\/v15\/wp-content\/uploads\/2023\/07\/logoquebakanenero2021.jpg","width":1920,"height":1080,"caption":"Quebakan.com"},"image":{"@id":"https:\/\/www.quebakan.com\/v15\/#\/schema\/logo\/image\/"},"sameAs":["http:\/\/www.facebook.com\/quebakan","https:\/\/x.com\/quebakanec","http:\/\/www.instagram.com\/quebakan","http:\/\/www.youtube.com\/quebakan1"]},{"@type":"Person","@id":"https:\/\/www.quebakan.com\/v15\/#\/schema\/person\/d90fa9f9cfa81eb8ace9811e5b7b9118","name":"Erick Villafuerte","image":{"@type":"ImageObject","inLanguage":"es","@id":"https:\/\/www.quebakan.com\/v15\/wp-content\/uploads\/avatars\/4\/1731297654-bpfull.png","url":"https:\/\/www.quebakan.com\/v15\/wp-content\/uploads\/avatars\/4\/1731297654-bpfull.png","contentUrl":"https:\/\/www.quebakan.com\/v15\/wp-content\/uploads\/avatars\/4\/1731297654-bpfull.png","caption":"Erick Villafuerte"}}]}},"_links":{"self":[{"href":"https:\/\/www.quebakan.com\/v15\/wp-json\/wp\/v2\/posts\/125821","targetHints":{"allow":["GET"]}}],"collection":[{"href":"https:\/\/www.quebakan.com\/v15\/wp-json\/wp\/v2\/posts"}],"about":[{"href":"https:\/\/www.quebakan.com\/v15\/wp-json\/wp\/v2\/types\/post"}],"author":[{"embeddable":true,"href":"https:\/\/www.quebakan.com\/v15\/wp-json\/wp\/v2\/users\/4"}],"replies":[{"embeddable":true,"href":"https:\/\/www.quebakan.com\/v15\/wp-json\/wp\/v2\/comments?post=125821"}],"version-history":[{"count":1,"href":"https:\/\/www.quebakan.com\/v15\/wp-json\/wp\/v2\/posts\/125821\/revisions"}],"predecessor-version":[{"id":125824,"href":"https:\/\/www.quebakan.com\/v15\/wp-json\/wp\/v2\/posts\/125821\/revisions\/125824"}],"wp:featuredmedia":[{"embeddable":true,"href":"https:\/\/www.quebakan.com\/v15\/wp-json\/wp\/v2\/media\/125823"}],"wp:attachment":[{"href":"https:\/\/www.quebakan.com\/v15\/wp-json\/wp\/v2\/media?parent=125821"}],"wp:term":[{"taxonomy":"category","embeddable":true,"href":"https:\/\/www.quebakan.com\/v15\/wp-json\/wp\/v2\/categories?post=125821"},{"taxonomy":"post_tag","embeddable":true,"href":"https:\/\/www.quebakan.com\/v15\/wp-json\/wp\/v2\/tags?post=125821"}],"curies":[{"name":"wp","href":"https:\/\/api.w.org\/{rel}","templated":true}]}}