{"id":125837,"date":"2024-11-11T20:19:40","date_gmt":"2024-11-12T01:19:40","guid":{"rendered":"https:\/\/www.quebakan.com\/v15\/?p=125837"},"modified":"2024-11-12T12:04:18","modified_gmt":"2024-11-12T17:04:18","slug":"wyndham-garden-guayaquil-una-experiencia-hotelera-de-excelencia-en-el-corazon-empresarial-de-guayaquil","status":"publish","type":"post","link":"https:\/\/www.quebakan.com\/v15\/wyndham-garden-guayaquil-una-experiencia-hotelera-de-excelencia-en-el-corazon-empresarial-de-guayaquil\/","title":{"rendered":"Wyndham Garden Guayaquil: Una experiencia hotelera de excelencia, en el coraz\u00f3n empresarial de Guayaquil"},"content":{"rendered":"<p><img fetchpriority=\"high\" decoding=\"async\" class=\"aligncenter size-full wp-image-125838\" src=\"https:\/\/www.quebakan.com\/v15\/wp-content\/uploads\/2024\/11\/15935_exterior_view_7.jpg\" alt=\"\" width=\"700\" height=\"467\" \/><\/p>\n<p style=\"text-align: justify;\"><span style=\"color: #000000;\"><strong>Guayaquil, noviembre de 2024.-<\/strong> Wyndham Garden Guayaquil, ubicado estrat\u00e9gicamente en la Avenida Juan Tanca Marengo, se consolida como una opci\u00f3n destacada para viajeros de negocios y turistas por su proximidad al Aeropuerto Internacional Jos\u00e9 Joaqu\u00edn de Olmedo y el Centro de Convenciones. Esta ubicaci\u00f3n privilegiada, en el n\u00facleo empresarial de Guayaquil, facilita el acceso a eventos, reuniones y actividades, brindando una experiencia c\u00f3moda y completa.<\/span><\/p>\n<p style=\"text-align: justify;\"><span style=\"color: #000000;\">Con 19 a\u00f1os de trayectoria, el hotel ha mantenido su liderazgo en la industria hotelera ecuatoriana gracias a constantes renovaciones y adaptaciones a las tendencias de la hospitalidad moderna. Entre sus principales atractivos, cuenta con 108 habitaciones renovadas, sus restaurantes Garden Bistro y Magnolia Rooftop.<\/span><\/p>\n<p style=\"text-align: justify;\"><span style=\"color: #000000;\">Magnolia Rooftop ubicado en el octavo piso, ofreciendo una impresionante vista panor\u00e1mica de la ciudad y una propuesta gastron\u00f3mica Nikkei, acompa\u00f1ada de c\u00f3cteles de autor. Este espacio, cuenta con una capacidad para 120 personas, convirti\u00e9ndolo en un referente de eventos en la zona norte de la ciudad gracias a su innovador ambiente, m\u00fasica en vivo y enfoque en la seguridad.<\/span><\/p>\n<p style=\"text-align: justify;\"><span style=\"color: #000000;\">El hotel fue recientemente reconocido dentro del TOP 3 a nivel regional de la marca <em>Wyndham Garden<\/em> con el prestigioso premio \u00abBest of Wyndham Garden\u00bb.\u00a0 Un reconocimiento que destaca su excelencia en hospitalidad, la satisfacci\u00f3n del cliente y sus altos est\u00e1ndares de calidad. Este logro refuerza el compromiso del hotel con la industria hotelera y su misi\u00f3n de impulsar la econom\u00eda y el turismo en Ecuador. Wyndham Garden Guayaquil forma parte del destacado portafolio del Grupo SIXSTAR Hotels.<\/span><\/p>\n<p style=\"text-align: justify;\"><span style=\"color: #000000;\">Gracias al compromiso del\u00a0 equipo humano el hotel ha logrado mantener su enfoque en la calidad de servicio y la innovaci\u00f3n en la hospitalidad. Wyndham Garden Guayaquil contin\u00faa destac\u00e1ndose como un referente de la hoteler\u00eda en Ecuador ya sea para viajeros de negocios, eventos especiales o experiencias gastron\u00f3micas \u00fanicas, el hotel reafirma su compromiso de ofrecer una estad\u00eda memorable, contribuyendo al desarrollo del turismo y fortaleciendo su posici\u00f3n en la industria hotelera del pa\u00eds.<\/span><\/p>\n<p><img decoding=\"async\" class=\"aligncenter size-full wp-image-125839\" src=\"https:\/\/www.quebakan.com\/v15\/wp-content\/uploads\/2024\/11\/GW-0142.jpg\" alt=\"\" width=\"700\" height=\"467\" \/><\/p>\n<p>&nbsp;<\/p>\n<p><img decoding=\"async\" class=\"aligncenter size-full wp-image-125840\" src=\"https:\/\/www.quebakan.com\/v15\/wp-content\/uploads\/2024\/11\/GW-0209.jpg\" alt=\"\" width=\"700\" height=\"467\" \/><\/p>\n","protected":false},"excerpt":{"rendered":"<p>Guayaquil, noviembre de 2024.- Wyndham Garden Guayaquil, ubicado estrat\u00e9gicamente en la Avenida Juan Tanca Marengo, se consolida como una opci\u00f3n destacada para viajeros de negocios y turistas por su proximidad al Aeropuerto Internacional Jos\u00e9 Joaqu\u00edn de Olmedo y el Centro de Convenciones. Esta ubicaci\u00f3n privilegiada, en el n\u00facleo empresarial de Guayaquil, facilita el acceso a [&hellip;]<\/p>\n","protected":false},"author":4,"featured_media":125838,"comment_status":"open","ping_status":"open","sticky":false,"template":"","format":"standard","meta":{"_bbp_topic_count":0,"_bbp_reply_count":0,"_bbp_total_topic_count":0,"_bbp_total_reply_count":0,"_bbp_voice_count":0,"_bbp_anonymous_reply_count":0,"_bbp_topic_count_hidden":0,"_bbp_reply_count_hidden":0,"_bbp_forum_subforum_count":0,"buzzeditor_post_format":"","footnotes":""},"categories":[2],"tags":[],"class_list":["post-125837","post","type-post","status-publish","format-standard","has-post-thumbnail","hentry","category-noticias"],"yoast_head":"<!-- This site is optimized with the Yoast SEO plugin v27.5 - https:\/\/yoast.com\/product\/yoast-seo-wordpress\/ -->\n<title>Wyndham Garden Guayaquil: Una experiencia hotelera de excelencia, en el coraz\u00f3n empresarial de Guayaquil &#8211; QUEBAKAN.COM 2026: Noticias, Eventos, Conciertos y mucho m\u00e1s....<\/title>\n<meta name=\"robots\" content=\"index, follow, max-snippet:-1, max-image-preview:large, max-video-preview:-1\" \/>\n<link rel=\"canonical\" href=\"https:\/\/www.quebakan.com\/v15\/wyndham-garden-guayaquil-una-experiencia-hotelera-de-excelencia-en-el-corazon-empresarial-de-guayaquil\/\" \/>\n<meta property=\"og:locale\" content=\"es_ES\" \/>\n<meta property=\"og:type\" content=\"article\" \/>\n<meta property=\"og:title\" content=\"Wyndham Garden Guayaquil: Una experiencia hotelera de excelencia, en el coraz\u00f3n empresarial de Guayaquil &#8211; QUEBAKAN.COM 2026: Noticias, Eventos, Conciertos y mucho m\u00e1s....\" \/>\n<meta property=\"og:description\" content=\"Guayaquil, noviembre de 2024.- Wyndham Garden Guayaquil, ubicado estrat\u00e9gicamente en la Avenida Juan Tanca Marengo, se consolida como una opci\u00f3n destacada para viajeros de negocios y turistas por su proximidad al Aeropuerto Internacional Jos\u00e9 Joaqu\u00edn de Olmedo y el Centro de Convenciones. Esta ubicaci\u00f3n privilegiada, en el n\u00facleo empresarial de Guayaquil, facilita el acceso a [&hellip;]\" \/>\n<meta property=\"og:url\" content=\"https:\/\/www.quebakan.com\/v15\/wyndham-garden-guayaquil-una-experiencia-hotelera-de-excelencia-en-el-corazon-empresarial-de-guayaquil\/\" \/>\n<meta property=\"og:site_name\" content=\"QUEBAKAN.COM 2026: Noticias, Eventos, Conciertos y mucho m\u00e1s....\" \/>\n<meta property=\"article:publisher\" content=\"http:\/\/www.facebook.com\/quebakan\" \/>\n<meta property=\"article:published_time\" content=\"2024-11-12T01:19:40+00:00\" \/>\n<meta property=\"article:modified_time\" content=\"2024-11-12T17:04:18+00:00\" \/>\n<meta property=\"og:image\" content=\"https:\/\/www.quebakan.com\/v15\/wp-content\/uploads\/2024\/11\/15935_exterior_view_7.jpg\" \/>\n\t<meta property=\"og:image:width\" content=\"700\" \/>\n\t<meta property=\"og:image:height\" content=\"467\" \/>\n\t<meta property=\"og:image:type\" content=\"image\/jpeg\" \/>\n<meta name=\"author\" content=\"Erick Villafuerte\" \/>\n<meta name=\"twitter:card\" content=\"summary_large_image\" \/>\n<meta name=\"twitter:creator\" content=\"@quebakanec\" \/>\n<meta name=\"twitter:site\" content=\"@quebakanec\" \/>\n<meta name=\"twitter:label1\" content=\"Escrito por\" \/>\n\t<meta name=\"twitter:data1\" content=\"Erick Villafuerte\" \/>\n\t<meta name=\"twitter:label2\" content=\"Tiempo de lectura\" \/>\n\t<meta name=\"twitter:data2\" content=\"3 minutos\" \/>\n<script type=\"application\/ld+json\" class=\"yoast-schema-graph\">{\"@context\":\"https:\\\/\\\/schema.org\",\"@graph\":[{\"@type\":\"Article\",\"@id\":\"https:\\\/\\\/www.quebakan.com\\\/v15\\\/wyndham-garden-guayaquil-una-experiencia-hotelera-de-excelencia-en-el-corazon-empresarial-de-guayaquil\\\/#article\",\"isPartOf\":{\"@id\":\"https:\\\/\\\/www.quebakan.com\\\/v15\\\/wyndham-garden-guayaquil-una-experiencia-hotelera-de-excelencia-en-el-corazon-empresarial-de-guayaquil\\\/\"},\"author\":{\"name\":\"Erick Villafuerte\",\"@id\":\"https:\\\/\\\/www.quebakan.com\\\/v15\\\/#\\\/schema\\\/person\\\/d90fa9f9cfa81eb8ace9811e5b7b9118\"},\"headline\":\"Wyndham Garden Guayaquil: Una experiencia hotelera de excelencia, en el coraz\u00f3n empresarial de Guayaquil\",\"datePublished\":\"2024-11-12T01:19:40+00:00\",\"dateModified\":\"2024-11-12T17:04:18+00:00\",\"mainEntityOfPage\":{\"@id\":\"https:\\\/\\\/www.quebakan.com\\\/v15\\\/wyndham-garden-guayaquil-una-experiencia-hotelera-de-excelencia-en-el-corazon-empresarial-de-guayaquil\\\/\"},\"wordCount\":359,\"commentCount\":0,\"publisher\":{\"@id\":\"https:\\\/\\\/www.quebakan.com\\\/v15\\\/#organization\"},\"image\":{\"@id\":\"https:\\\/\\\/www.quebakan.com\\\/v15\\\/wyndham-garden-guayaquil-una-experiencia-hotelera-de-excelencia-en-el-corazon-empresarial-de-guayaquil\\\/#primaryimage\"},\"thumbnailUrl\":\"https:\\\/\\\/www.quebakan.com\\\/v15\\\/wp-content\\\/uploads\\\/2024\\\/11\\\/15935_exterior_view_7.jpg\",\"articleSection\":[\"Noticias\"],\"inLanguage\":\"es\"},{\"@type\":\"WebPage\",\"@id\":\"https:\\\/\\\/www.quebakan.com\\\/v15\\\/wyndham-garden-guayaquil-una-experiencia-hotelera-de-excelencia-en-el-corazon-empresarial-de-guayaquil\\\/\",\"url\":\"https:\\\/\\\/www.quebakan.com\\\/v15\\\/wyndham-garden-guayaquil-una-experiencia-hotelera-de-excelencia-en-el-corazon-empresarial-de-guayaquil\\\/\",\"name\":\"Wyndham Garden Guayaquil: Una experiencia hotelera de excelencia, en el coraz\u00f3n empresarial de Guayaquil &#8211; QUEBAKAN.COM 2026: Noticias, Eventos, Conciertos y mucho m\u00e1s....\",\"isPartOf\":{\"@id\":\"https:\\\/\\\/www.quebakan.com\\\/v15\\\/#website\"},\"primaryImageOfPage\":{\"@id\":\"https:\\\/\\\/www.quebakan.com\\\/v15\\\/wyndham-garden-guayaquil-una-experiencia-hotelera-de-excelencia-en-el-corazon-empresarial-de-guayaquil\\\/#primaryimage\"},\"image\":{\"@id\":\"https:\\\/\\\/www.quebakan.com\\\/v15\\\/wyndham-garden-guayaquil-una-experiencia-hotelera-de-excelencia-en-el-corazon-empresarial-de-guayaquil\\\/#primaryimage\"},\"thumbnailUrl\":\"https:\\\/\\\/www.quebakan.com\\\/v15\\\/wp-content\\\/uploads\\\/2024\\\/11\\\/15935_exterior_view_7.jpg\",\"datePublished\":\"2024-11-12T01:19:40+00:00\",\"dateModified\":\"2024-11-12T17:04:18+00:00\",\"breadcrumb\":{\"@id\":\"https:\\\/\\\/www.quebakan.com\\\/v15\\\/wyndham-garden-guayaquil-una-experiencia-hotelera-de-excelencia-en-el-corazon-empresarial-de-guayaquil\\\/#breadcrumb\"},\"inLanguage\":\"es\",\"potentialAction\":[{\"@type\":\"ReadAction\",\"target\":[\"https:\\\/\\\/www.quebakan.com\\\/v15\\\/wyndham-garden-guayaquil-una-experiencia-hotelera-de-excelencia-en-el-corazon-empresarial-de-guayaquil\\\/\"]}]},{\"@type\":\"ImageObject\",\"inLanguage\":\"es\",\"@id\":\"https:\\\/\\\/www.quebakan.com\\\/v15\\\/wyndham-garden-guayaquil-una-experiencia-hotelera-de-excelencia-en-el-corazon-empresarial-de-guayaquil\\\/#primaryimage\",\"url\":\"https:\\\/\\\/www.quebakan.com\\\/v15\\\/wp-content\\\/uploads\\\/2024\\\/11\\\/15935_exterior_view_7.jpg\",\"contentUrl\":\"https:\\\/\\\/www.quebakan.com\\\/v15\\\/wp-content\\\/uploads\\\/2024\\\/11\\\/15935_exterior_view_7.jpg\",\"width\":700,\"height\":467},{\"@type\":\"BreadcrumbList\",\"@id\":\"https:\\\/\\\/www.quebakan.com\\\/v15\\\/wyndham-garden-guayaquil-una-experiencia-hotelera-de-excelencia-en-el-corazon-empresarial-de-guayaquil\\\/#breadcrumb\",\"itemListElement\":[{\"@type\":\"ListItem\",\"position\":1,\"name\":\"Portada\",\"item\":\"https:\\\/\\\/www.quebakan.com\\\/v15\\\/\"},{\"@type\":\"ListItem\",\"position\":2,\"name\":\"Wyndham Garden Guayaquil: Una experiencia hotelera de excelencia, en el coraz\u00f3n empresarial de Guayaquil\"}]},{\"@type\":\"WebSite\",\"@id\":\"https:\\\/\\\/www.quebakan.com\\\/v15\\\/#website\",\"url\":\"https:\\\/\\\/www.quebakan.com\\\/v15\\\/\",\"name\":\"QUEBAKAN\",\"description\":\"..\",\"publisher\":{\"@id\":\"https:\\\/\\\/www.quebakan.com\\\/v15\\\/#organization\"},\"potentialAction\":[{\"@type\":\"SearchAction\",\"target\":{\"@type\":\"EntryPoint\",\"urlTemplate\":\"https:\\\/\\\/www.quebakan.com\\\/v15\\\/?s={search_term_string}\"},\"query-input\":{\"@type\":\"PropertyValueSpecification\",\"valueRequired\":true,\"valueName\":\"search_term_string\"}}],\"inLanguage\":\"es\"},{\"@type\":\"Organization\",\"@id\":\"https:\\\/\\\/www.quebakan.com\\\/v15\\\/#organization\",\"name\":\"Quebakan.com\",\"url\":\"https:\\\/\\\/www.quebakan.com\\\/v15\\\/\",\"logo\":{\"@type\":\"ImageObject\",\"inLanguage\":\"es\",\"@id\":\"https:\\\/\\\/www.quebakan.com\\\/v15\\\/#\\\/schema\\\/logo\\\/image\\\/\",\"url\":\"https:\\\/\\\/www.quebakan.com\\\/v15\\\/wp-content\\\/uploads\\\/2023\\\/07\\\/logoquebakanenero2021.jpg\",\"contentUrl\":\"https:\\\/\\\/www.quebakan.com\\\/v15\\\/wp-content\\\/uploads\\\/2023\\\/07\\\/logoquebakanenero2021.jpg\",\"width\":1920,\"height\":1080,\"caption\":\"Quebakan.com\"},\"image\":{\"@id\":\"https:\\\/\\\/www.quebakan.com\\\/v15\\\/#\\\/schema\\\/logo\\\/image\\\/\"},\"sameAs\":[\"http:\\\/\\\/www.facebook.com\\\/quebakan\",\"https:\\\/\\\/x.com\\\/quebakanec\",\"http:\\\/\\\/www.instagram.com\\\/quebakan\",\"http:\\\/\\\/www.youtube.com\\\/quebakan1\"]},{\"@type\":\"Person\",\"@id\":\"https:\\\/\\\/www.quebakan.com\\\/v15\\\/#\\\/schema\\\/person\\\/d90fa9f9cfa81eb8ace9811e5b7b9118\",\"name\":\"Erick Villafuerte\",\"image\":{\"@type\":\"ImageObject\",\"inLanguage\":\"es\",\"@id\":\"https:\\\/\\\/www.quebakan.com\\\/v15\\\/wp-content\\\/uploads\\\/avatars\\\/4\\\/1731297654-bpfull.png\",\"url\":\"https:\\\/\\\/www.quebakan.com\\\/v15\\\/wp-content\\\/uploads\\\/avatars\\\/4\\\/1731297654-bpfull.png\",\"contentUrl\":\"https:\\\/\\\/www.quebakan.com\\\/v15\\\/wp-content\\\/uploads\\\/avatars\\\/4\\\/1731297654-bpfull.png\",\"caption\":\"Erick Villafuerte\"}}]}<\/script>\n<!-- \/ Yoast SEO plugin. -->","yoast_head_json":{"title":"Wyndham Garden Guayaquil: Una experiencia hotelera de excelencia, en el coraz\u00f3n empresarial de Guayaquil &#8211; QUEBAKAN.COM 2026: Noticias, Eventos, Conciertos y mucho m\u00e1s....","robots":{"index":"index","follow":"follow","max-snippet":"max-snippet:-1","max-image-preview":"max-image-preview:large","max-video-preview":"max-video-preview:-1"},"canonical":"https:\/\/www.quebakan.com\/v15\/wyndham-garden-guayaquil-una-experiencia-hotelera-de-excelencia-en-el-corazon-empresarial-de-guayaquil\/","og_locale":"es_ES","og_type":"article","og_title":"Wyndham Garden Guayaquil: Una experiencia hotelera de excelencia, en el coraz\u00f3n empresarial de Guayaquil &#8211; QUEBAKAN.COM 2026: Noticias, Eventos, Conciertos y mucho m\u00e1s....","og_description":"Guayaquil, noviembre de 2024.- Wyndham Garden Guayaquil, ubicado estrat\u00e9gicamente en la Avenida Juan Tanca Marengo, se consolida como una opci\u00f3n destacada para viajeros de negocios y turistas por su proximidad al Aeropuerto Internacional Jos\u00e9 Joaqu\u00edn de Olmedo y el Centro de Convenciones. Esta ubicaci\u00f3n privilegiada, en el n\u00facleo empresarial de Guayaquil, facilita el acceso a [&hellip;]","og_url":"https:\/\/www.quebakan.com\/v15\/wyndham-garden-guayaquil-una-experiencia-hotelera-de-excelencia-en-el-corazon-empresarial-de-guayaquil\/","og_site_name":"QUEBAKAN.COM 2026: Noticias, Eventos, Conciertos y mucho m\u00e1s....","article_publisher":"http:\/\/www.facebook.com\/quebakan","article_published_time":"2024-11-12T01:19:40+00:00","article_modified_time":"2024-11-12T17:04:18+00:00","og_image":[{"width":700,"height":467,"url":"https:\/\/www.quebakan.com\/v15\/wp-content\/uploads\/2024\/11\/15935_exterior_view_7.jpg","type":"image\/jpeg"}],"author":"Erick Villafuerte","twitter_card":"summary_large_image","twitter_creator":"@quebakanec","twitter_site":"@quebakanec","twitter_misc":{"Escrito por":"Erick Villafuerte","Tiempo de lectura":"3 minutos"},"schema":{"@context":"https:\/\/schema.org","@graph":[{"@type":"Article","@id":"https:\/\/www.quebakan.com\/v15\/wyndham-garden-guayaquil-una-experiencia-hotelera-de-excelencia-en-el-corazon-empresarial-de-guayaquil\/#article","isPartOf":{"@id":"https:\/\/www.quebakan.com\/v15\/wyndham-garden-guayaquil-una-experiencia-hotelera-de-excelencia-en-el-corazon-empresarial-de-guayaquil\/"},"author":{"name":"Erick Villafuerte","@id":"https:\/\/www.quebakan.com\/v15\/#\/schema\/person\/d90fa9f9cfa81eb8ace9811e5b7b9118"},"headline":"Wyndham Garden Guayaquil: Una experiencia hotelera de excelencia, en el coraz\u00f3n empresarial de Guayaquil","datePublished":"2024-11-12T01:19:40+00:00","dateModified":"2024-11-12T17:04:18+00:00","mainEntityOfPage":{"@id":"https:\/\/www.quebakan.com\/v15\/wyndham-garden-guayaquil-una-experiencia-hotelera-de-excelencia-en-el-corazon-empresarial-de-guayaquil\/"},"wordCount":359,"commentCount":0,"publisher":{"@id":"https:\/\/www.quebakan.com\/v15\/#organization"},"image":{"@id":"https:\/\/www.quebakan.com\/v15\/wyndham-garden-guayaquil-una-experiencia-hotelera-de-excelencia-en-el-corazon-empresarial-de-guayaquil\/#primaryimage"},"thumbnailUrl":"https:\/\/www.quebakan.com\/v15\/wp-content\/uploads\/2024\/11\/15935_exterior_view_7.jpg","articleSection":["Noticias"],"inLanguage":"es"},{"@type":"WebPage","@id":"https:\/\/www.quebakan.com\/v15\/wyndham-garden-guayaquil-una-experiencia-hotelera-de-excelencia-en-el-corazon-empresarial-de-guayaquil\/","url":"https:\/\/www.quebakan.com\/v15\/wyndham-garden-guayaquil-una-experiencia-hotelera-de-excelencia-en-el-corazon-empresarial-de-guayaquil\/","name":"Wyndham Garden Guayaquil: Una experiencia hotelera de excelencia, en el coraz\u00f3n empresarial de Guayaquil &#8211; QUEBAKAN.COM 2026: Noticias, Eventos, Conciertos y mucho m\u00e1s....","isPartOf":{"@id":"https:\/\/www.quebakan.com\/v15\/#website"},"primaryImageOfPage":{"@id":"https:\/\/www.quebakan.com\/v15\/wyndham-garden-guayaquil-una-experiencia-hotelera-de-excelencia-en-el-corazon-empresarial-de-guayaquil\/#primaryimage"},"image":{"@id":"https:\/\/www.quebakan.com\/v15\/wyndham-garden-guayaquil-una-experiencia-hotelera-de-excelencia-en-el-corazon-empresarial-de-guayaquil\/#primaryimage"},"thumbnailUrl":"https:\/\/www.quebakan.com\/v15\/wp-content\/uploads\/2024\/11\/15935_exterior_view_7.jpg","datePublished":"2024-11-12T01:19:40+00:00","dateModified":"2024-11-12T17:04:18+00:00","breadcrumb":{"@id":"https:\/\/www.quebakan.com\/v15\/wyndham-garden-guayaquil-una-experiencia-hotelera-de-excelencia-en-el-corazon-empresarial-de-guayaquil\/#breadcrumb"},"inLanguage":"es","potentialAction":[{"@type":"ReadAction","target":["https:\/\/www.quebakan.com\/v15\/wyndham-garden-guayaquil-una-experiencia-hotelera-de-excelencia-en-el-corazon-empresarial-de-guayaquil\/"]}]},{"@type":"ImageObject","inLanguage":"es","@id":"https:\/\/www.quebakan.com\/v15\/wyndham-garden-guayaquil-una-experiencia-hotelera-de-excelencia-en-el-corazon-empresarial-de-guayaquil\/#primaryimage","url":"https:\/\/www.quebakan.com\/v15\/wp-content\/uploads\/2024\/11\/15935_exterior_view_7.jpg","contentUrl":"https:\/\/www.quebakan.com\/v15\/wp-content\/uploads\/2024\/11\/15935_exterior_view_7.jpg","width":700,"height":467},{"@type":"BreadcrumbList","@id":"https:\/\/www.quebakan.com\/v15\/wyndham-garden-guayaquil-una-experiencia-hotelera-de-excelencia-en-el-corazon-empresarial-de-guayaquil\/#breadcrumb","itemListElement":[{"@type":"ListItem","position":1,"name":"Portada","item":"https:\/\/www.quebakan.com\/v15\/"},{"@type":"ListItem","position":2,"name":"Wyndham Garden Guayaquil: Una experiencia hotelera de excelencia, en el coraz\u00f3n empresarial de Guayaquil"}]},{"@type":"WebSite","@id":"https:\/\/www.quebakan.com\/v15\/#website","url":"https:\/\/www.quebakan.com\/v15\/","name":"QUEBAKAN","description":"..","publisher":{"@id":"https:\/\/www.quebakan.com\/v15\/#organization"},"potentialAction":[{"@type":"SearchAction","target":{"@type":"EntryPoint","urlTemplate":"https:\/\/www.quebakan.com\/v15\/?s={search_term_string}"},"query-input":{"@type":"PropertyValueSpecification","valueRequired":true,"valueName":"search_term_string"}}],"inLanguage":"es"},{"@type":"Organization","@id":"https:\/\/www.quebakan.com\/v15\/#organization","name":"Quebakan.com","url":"https:\/\/www.quebakan.com\/v15\/","logo":{"@type":"ImageObject","inLanguage":"es","@id":"https:\/\/www.quebakan.com\/v15\/#\/schema\/logo\/image\/","url":"https:\/\/www.quebakan.com\/v15\/wp-content\/uploads\/2023\/07\/logoquebakanenero2021.jpg","contentUrl":"https:\/\/www.quebakan.com\/v15\/wp-content\/uploads\/2023\/07\/logoquebakanenero2021.jpg","width":1920,"height":1080,"caption":"Quebakan.com"},"image":{"@id":"https:\/\/www.quebakan.com\/v15\/#\/schema\/logo\/image\/"},"sameAs":["http:\/\/www.facebook.com\/quebakan","https:\/\/x.com\/quebakanec","http:\/\/www.instagram.com\/quebakan","http:\/\/www.youtube.com\/quebakan1"]},{"@type":"Person","@id":"https:\/\/www.quebakan.com\/v15\/#\/schema\/person\/d90fa9f9cfa81eb8ace9811e5b7b9118","name":"Erick Villafuerte","image":{"@type":"ImageObject","inLanguage":"es","@id":"https:\/\/www.quebakan.com\/v15\/wp-content\/uploads\/avatars\/4\/1731297654-bpfull.png","url":"https:\/\/www.quebakan.com\/v15\/wp-content\/uploads\/avatars\/4\/1731297654-bpfull.png","contentUrl":"https:\/\/www.quebakan.com\/v15\/wp-content\/uploads\/avatars\/4\/1731297654-bpfull.png","caption":"Erick Villafuerte"}}]}},"_links":{"self":[{"href":"https:\/\/www.quebakan.com\/v15\/wp-json\/wp\/v2\/posts\/125837","targetHints":{"allow":["GET"]}}],"collection":[{"href":"https:\/\/www.quebakan.com\/v15\/wp-json\/wp\/v2\/posts"}],"about":[{"href":"https:\/\/www.quebakan.com\/v15\/wp-json\/wp\/v2\/types\/post"}],"author":[{"embeddable":true,"href":"https:\/\/www.quebakan.com\/v15\/wp-json\/wp\/v2\/users\/4"}],"replies":[{"embeddable":true,"href":"https:\/\/www.quebakan.com\/v15\/wp-json\/wp\/v2\/comments?post=125837"}],"version-history":[{"count":1,"href":"https:\/\/www.quebakan.com\/v15\/wp-json\/wp\/v2\/posts\/125837\/revisions"}],"predecessor-version":[{"id":125841,"href":"https:\/\/www.quebakan.com\/v15\/wp-json\/wp\/v2\/posts\/125837\/revisions\/125841"}],"wp:featuredmedia":[{"embeddable":true,"href":"https:\/\/www.quebakan.com\/v15\/wp-json\/wp\/v2\/media\/125838"}],"wp:attachment":[{"href":"https:\/\/www.quebakan.com\/v15\/wp-json\/wp\/v2\/media?parent=125837"}],"wp:term":[{"taxonomy":"category","embeddable":true,"href":"https:\/\/www.quebakan.com\/v15\/wp-json\/wp\/v2\/categories?post=125837"},{"taxonomy":"post_tag","embeddable":true,"href":"https:\/\/www.quebakan.com\/v15\/wp-json\/wp\/v2\/tags?post=125837"}],"curies":[{"name":"wp","href":"https:\/\/api.w.org\/{rel}","templated":true}]}}