{"id":125842,"date":"2024-11-11T20:30:32","date_gmt":"2024-11-12T01:30:32","guid":{"rendered":"https:\/\/www.quebakan.com\/v15\/?p=125842"},"modified":"2024-11-11T20:30:32","modified_gmt":"2024-11-12T01:30:32","slug":"la-diabetes-avanza-en-silencio-1-de-cada-18-ecuatorianos-la-padece","status":"publish","type":"post","link":"https:\/\/www.quebakan.com\/v15\/la-diabetes-avanza-en-silencio-1-de-cada-18-ecuatorianos-la-padece\/","title":{"rendered":"La diabetes avanza en silencio: 1 de cada 18 ecuatorianos la padece"},"content":{"rendered":"<p><img fetchpriority=\"high\" decoding=\"async\" class=\"aligncenter size-full wp-image-125843\" src=\"https:\/\/www.quebakan.com\/v15\/wp-content\/uploads\/2024\/11\/diabetes.jpg\" alt=\"\" width=\"700\" height=\"394\" \/><\/p>\n<ul>\n<li style=\"text-align: justify;\"><span style=\"color: #000000;\">La diabetes es la segunda enfermedad m\u00e1s frecuente en el pa\u00eds, por debajo de la hipertensi\u00f3n.<a style=\"color: #000000;\" href=\"#_ftn1\" name=\"_ftnref1\">[1]<\/a><\/span><\/li>\n<li style=\"text-align: justify;\"><span style=\"color: #000000;\">Seg\u00fan el Ministerio de Salud P\u00fablica, cada a\u00f1o se registran alrededor de 37,000 nuevos casos de diabetes en el pa\u00eds.<a style=\"color: #000000;\" href=\"#_ftn2\" name=\"_ftnref2\">[2]<\/a><\/span><\/li>\n<\/ul>\n<p style=\"text-align: justify;\"><span style=\"color: #000000;\"><strong>Quito, 11 de noviembre de 2024<\/strong>. La diabetes, una enfermedad cr\u00f3nica que afecta a millones de personas en el mundo, ha tomado caracter\u00edsticas de una pandemia silenciosa en Ecuador. A pesar de los esfuerzos por controlar y detectar esta condici\u00f3n, la enfermedad sigue en aumento. El informe Panorama para la Diabetes en las Am\u00e9ricas revela que m\u00e1s de 62 millones de personas viven con diabetes en el continente. Sin embargo, se estima que la cifra real podr\u00eda ser significativamente mayor, ya que cerca del 40% de quienes padecen esta enfermedad no lo saben.<a style=\"color: #000000;\" href=\"#_ftn3\" name=\"_ftnref3\">[3]<\/a><\/span><\/p>\n<p style=\"text-align: justify;\"><span style=\"color: #000000;\">El impacto de la diabetes no es uniforme en todo el pa\u00eds. Portoviejo lidera entre las ciudades encuestadas con la mayor prevalencia de diabetes, con una tasa de 7.4 casos por cada 100 habitantes. Esto significa que aproximadamente una de cada 13 personas en la ciudad vive con esta enfermedad, seg\u00fan datos de la Fundaci\u00f3n Los Fresnos \u2018Casa de la Diabetes\u2019.<a style=\"color: #000000;\" href=\"#_ftn4\" name=\"_ftnref4\">[4]<\/a> Esta distribuci\u00f3n refleja la necesidad de enfoques espec\u00edficos por regi\u00f3n en la implementaci\u00f3n de pol\u00edticas de salud p\u00fablica.<\/span><\/p>\n<p style=\"text-align: justify;\"><span style=\"color: #000000;\">\u201cEl manejo adecuado y temprano de la diabetes es esencial para prevenir complicaciones graves que pueden afectar el coraz\u00f3n y los ri\u00f1ones. Si no se controlan, la diabetes y otros factores de riesgo cardiovasculares, se incrementa significativamente el riesgo de enfermedad cardiovascular, insuficiencia renal cr\u00f3nica y falla card\u00edaca, condiciones que afectan la calidad de vida y aumentan la mortalidad de quienes la padecen\u201d asegura Diego Caro, Gerente M\u00e9dico del \u00c1rea Cardio Renal Metab\u00f3lico de AstraZeneca.<\/span><\/p>\n<p style=\"text-align: justify;\"><span style=\"color: #000000;\">A continuaci\u00f3n, Diego Caro presenta 3 datos clave para un manejo oportuno de la enfermedad, y evitar complicaciones que pueden derivar de la enfermedad:<\/span><\/p>\n<ol style=\"text-align: justify;\">\n<li><span style=\"color: #000000;\"><strong>Controlar la presi\u00f3n arterial y la glucosa para reducir el riesgo de complicaciones cardiovasculares: <\/strong>la diabetes incrementa el riesgo de sufrir falla card\u00edaca al da\u00f1ar los vasos sangu\u00edneos y el coraz\u00f3n. Mantener niveles \u00f3ptimos de presi\u00f3n arterial, colesterol y az\u00facar en sangre disminuye la carga sobre el sistema cardiovascular y mejora la salud card\u00edaca a largo plazo.<a style=\"color: #000000;\" href=\"#_ftn5\" name=\"_ftnref5\">[5]<\/a><\/span><\/li>\n<li><span style=\"color: #000000;\"><strong>Prevenir el avance de la enfermedad renal cr\u00f3nica con revisiones peri\u00f3dicas: <\/strong>la diabetes es un factor de riesgo de enfermedad renal cr\u00f3nica, debido al da\u00f1o progresivo en los ri\u00f1ones. Evaluar regularmente la funci\u00f3n del ri\u00f1\u00f3n mediante examen de prote\u00ednas en orina y creatinina en sangre permite detectar problemas tempranamente y tomar acciones para ralentizar su avance y evitar complicaciones como la di\u00e1lisis.<a style=\"color: #000000;\" href=\"#_ftn6\" name=\"_ftnref6\">[6]<\/a><\/span><\/li>\n<li><span style=\"color: #000000;\"><strong>Adoptar una dieta saludable: <\/strong>reducir el consumo de sodio y az\u00facares refinados ayuda a evitar el aumento de colesterol y el da\u00f1o en vasos sangu\u00edneos, controlando as\u00ed la hipertensi\u00f3n y reduciendo el riesgo de enfermedades cardiovasculares y renales. Una dieta rica en frutas, verduras, fibras y grasas saludables mejora la salud general y protege \u00f3rganos vitales\u200b<a style=\"color: #000000;\" href=\"#_ftn7\" name=\"_ftnref7\">[7]<\/a><\/span><\/li>\n<\/ol>\n<p><img decoding=\"async\" class=\"aligncenter size-full wp-image-125844\" src=\"https:\/\/www.quebakan.com\/v15\/wp-content\/uploads\/2024\/11\/chequeos.jpg\" alt=\"\" width=\"467\" height=\"700\" \/><\/p>\n<p style=\"text-align: justify;\"><span style=\"color: #000000;\">El impacto silencioso de la diabetes en el pa\u00eds requiere mayor concientizaci\u00f3n, prevenci\u00f3n y acceso a servicios de salud especializados para evitar que esta condici\u00f3n contin\u00fae afectando a m\u00e1s personas sin ser detectada.<\/span><\/p>\n<p style=\"text-align: justify;\"><span style=\"color: #000000;\"><a style=\"color: #000000;\" href=\"#_ftnref1\" name=\"_ftn1\">[1]<\/a> Primicias. Diabetes, la segunda enfermedad m\u00e1s frecuente en Ecuador. Disponible en: <a style=\"color: #000000;\" href=\"https:\/\/www.primicias.ec\/nota_comercial\/hablemos-de\/salud\/habitos-saludables\/diabetes-la-segunda-enfermedad-mas-frecuente-en-ecuador\/\">https:\/\/www.primicias.ec\/nota_comercial\/hablemos-de\/salud\/habitos-saludables\/diabetes-la-segunda-enfermedad-mas-frecuente-en-ecuador\/<\/a> Consultado.30 oct. de 2024.<\/span><\/p>\n<p style=\"text-align: justify;\"><span style=\"color: #000000;\"><a style=\"color: #000000;\" href=\"#_ftnref2\" name=\"_ftn2\">[2]<\/a> Ministerio de Salud P\u00fablica. Diabetes, la segunda enfermedad m\u00e1s frecuente en Ecuador. Disponible en: <a style=\"color: #000000;\" href=\"https:\/\/www.primicias.ec\/nota_comercial\/hablemos-de\/salud\/habitos-saludables\/diabetes-la-segunda-enfermedad-mas-frecuente-en-ecuador\/\">https:\/\/www.primicias.ec\/nota_comercial\/hablemos-de\/salud\/habitos-saludables\/diabetes-la-segunda-enfermedad-mas-frecuente-en-ecuador\/<\/a> Consultado: 30 oct de 2024.<\/span><\/p>\n<p style=\"text-align: justify;\"><span style=\"color: #000000;\"><a style=\"color: #000000;\" href=\"#_ftnref3\" name=\"_ftn3\">[3]<\/a> Edici\u00f3n M\u00e9dica. Se triplica el n\u00famero de personas con diabetes en las Am\u00e9ricas, seg\u00fan informe de OPS. Disponible en: <a style=\"color: #000000;\" href=\"https:\/\/www.edicionmedica.ec\/secciones\/profesionales\/se-triplica-el-numero-de-personas-con-diabetes-en-las-americas-segun-informe-de-ops-99827\">Informe OPS: Panorama de la Diabetes en adultos en las Am\u00e9ricas<\/a> Consultado: 31 de oct de 2024<\/span><\/p>\n<p style=\"text-align: justify;\"><span style=\"color: #000000;\"><a style=\"color: #000000;\" href=\"#_ftnref4\" name=\"_ftn4\">[4]<\/a>Ministerio de Salud P\u00fablica. MSP recibe aporte de la sociedad civil para el abordaje de la diabetes en Ecuador. Disponible en: <a style=\"color: #000000;\" href=\"https:\/\/www.salud.gob.ec\/msp-recibe-aporte-de-la-sociedad-civil-para-el-abordaje-de-la-diabetes-en-ecuador\/#:~:text=En%20este%20contexto%2C%20inform%C3%B3%20que,cada%2018%20personas%20tiene%20diabetes.\">MSP recibe aporte de la sociedad civil para el abordaje de la diabetes en Ecuador \u2013 Ministerio de Salud P\u00fablica<\/a> Consultado.30 oct. de 2024.<\/span><\/p>\n<p style=\"text-align: justify;\"><span style=\"color: #000000;\"><a style=\"color: #000000;\" href=\"#_ftnref5\" name=\"_ftn5\">[5]<\/a> Tomado de: National Library of Medicine &#8211; Diabetes e Insuficiencia Card\u00edaca. Disponible en: <a style=\"color: #000000;\" href=\"https:\/\/pmc.ncbi.nlm.nih.gov\/articles\/PMC10986355\/\">Diabetes e Insuficiencia Card\u00edaca &#8211; PMC<\/a> Consultado 25 de oct. de 24<\/span><\/p>\n<p style=\"text-align: justify;\"><span style=\"color: #000000;\"><a style=\"color: #000000;\" href=\"#_ftnref6\" name=\"_ftn6\">[6]<\/a> Tomado de: Nefrolog\u00eda al D\u00eda, Enfermedad Renal Cr\u00f3nica. Disponible en: <a style=\"color: #000000;\" href=\"https:\/\/www.nefrologiaaldia.org\/es-articulo-enfermedad-renal-cronica-136\">Enfermedad Renal Cr\u00f3nica &#8211; Nefrolog\u00eda al d\u00eda<\/a> Consultado 25 de oct. de 24<\/span><\/p>\n<p style=\"text-align: justify;\"><span style=\"color: #000000;\"><a style=\"color: #000000;\" href=\"#_ftnref7\" name=\"_ftn7\">[7]<\/a> Tomado de: National institute of diabetes, C\u00f3mo llevar una vida saludable si tiene diabetes. Disponible en: <a style=\"color: #000000;\" href=\"https:\/\/www.niddk.nih.gov\/health-information\/informacion-de-la-salud\/diabetes\/informacion-general\/como-llevar-vida-saludable-si-tiene-diabetes\">C\u00f3mo llevar una vida saludable si tiene diabetes &#8211; NIDDK<\/a> consultado 25 de oct. de 24<\/span><\/p>\n","protected":false},"excerpt":{"rendered":"<p>La diabetes es la segunda enfermedad m\u00e1s frecuente en el pa\u00eds, por debajo de la hipertensi\u00f3n.[1] Seg\u00fan el Ministerio de Salud P\u00fablica, cada a\u00f1o se registran alrededor de 37,000 nuevos casos de diabetes en el pa\u00eds.[2] Quito, 11 de noviembre de 2024. La diabetes, una enfermedad cr\u00f3nica que afecta a millones de personas en el [&hellip;]<\/p>\n","protected":false},"author":4,"featured_media":125843,"comment_status":"open","ping_status":"open","sticky":false,"template":"","format":"standard","meta":{"_bbp_topic_count":0,"_bbp_reply_count":0,"_bbp_total_topic_count":0,"_bbp_total_reply_count":0,"_bbp_voice_count":0,"_bbp_anonymous_reply_count":0,"_bbp_topic_count_hidden":0,"_bbp_reply_count_hidden":0,"_bbp_forum_subforum_count":0,"buzzeditor_post_format":"","footnotes":""},"categories":[2],"tags":[],"class_list":["post-125842","post","type-post","status-publish","format-standard","has-post-thumbnail","hentry","category-noticias"],"yoast_head":"<!-- This site is optimized with the Yoast SEO plugin v27.5 - https:\/\/yoast.com\/product\/yoast-seo-wordpress\/ -->\n<title>La diabetes avanza en silencio: 1 de cada 18 ecuatorianos la padece &#8211; QUEBAKAN.COM 2026: Noticias, Eventos, Conciertos y mucho m\u00e1s....<\/title>\n<meta name=\"robots\" content=\"index, follow, max-snippet:-1, max-image-preview:large, max-video-preview:-1\" \/>\n<link rel=\"canonical\" href=\"https:\/\/www.quebakan.com\/v15\/la-diabetes-avanza-en-silencio-1-de-cada-18-ecuatorianos-la-padece\/\" \/>\n<meta property=\"og:locale\" content=\"es_ES\" \/>\n<meta property=\"og:type\" content=\"article\" \/>\n<meta property=\"og:title\" content=\"La diabetes avanza en silencio: 1 de cada 18 ecuatorianos la padece &#8211; QUEBAKAN.COM 2026: Noticias, Eventos, Conciertos y mucho m\u00e1s....\" \/>\n<meta property=\"og:description\" content=\"La diabetes es la segunda enfermedad m\u00e1s frecuente en el pa\u00eds, por debajo de la hipertensi\u00f3n.[1] Seg\u00fan el Ministerio de Salud P\u00fablica, cada a\u00f1o se registran alrededor de 37,000 nuevos casos de diabetes en el pa\u00eds.[2] Quito, 11 de noviembre de 2024. La diabetes, una enfermedad cr\u00f3nica que afecta a millones de personas en el [&hellip;]\" \/>\n<meta property=\"og:url\" content=\"https:\/\/www.quebakan.com\/v15\/la-diabetes-avanza-en-silencio-1-de-cada-18-ecuatorianos-la-padece\/\" \/>\n<meta property=\"og:site_name\" content=\"QUEBAKAN.COM 2026: Noticias, Eventos, Conciertos y mucho m\u00e1s....\" \/>\n<meta property=\"article:publisher\" content=\"http:\/\/www.facebook.com\/quebakan\" \/>\n<meta property=\"article:published_time\" content=\"2024-11-12T01:30:32+00:00\" \/>\n<meta property=\"og:image\" content=\"https:\/\/www.quebakan.com\/v15\/wp-content\/uploads\/2024\/11\/diabetes.jpg\" \/>\n\t<meta property=\"og:image:width\" content=\"700\" \/>\n\t<meta property=\"og:image:height\" content=\"394\" \/>\n\t<meta property=\"og:image:type\" content=\"image\/jpeg\" \/>\n<meta name=\"author\" content=\"Erick Villafuerte\" \/>\n<meta name=\"twitter:card\" content=\"summary_large_image\" \/>\n<meta name=\"twitter:creator\" content=\"@quebakanec\" \/>\n<meta name=\"twitter:site\" content=\"@quebakanec\" \/>\n<meta name=\"twitter:label1\" content=\"Escrito por\" \/>\n\t<meta name=\"twitter:data1\" content=\"Erick Villafuerte\" \/>\n\t<meta name=\"twitter:label2\" content=\"Tiempo de lectura\" \/>\n\t<meta name=\"twitter:data2\" content=\"4 minutos\" \/>\n<script type=\"application\/ld+json\" class=\"yoast-schema-graph\">{\"@context\":\"https:\\\/\\\/schema.org\",\"@graph\":[{\"@type\":\"Article\",\"@id\":\"https:\\\/\\\/www.quebakan.com\\\/v15\\\/la-diabetes-avanza-en-silencio-1-de-cada-18-ecuatorianos-la-padece\\\/#article\",\"isPartOf\":{\"@id\":\"https:\\\/\\\/www.quebakan.com\\\/v15\\\/la-diabetes-avanza-en-silencio-1-de-cada-18-ecuatorianos-la-padece\\\/\"},\"author\":{\"name\":\"Erick Villafuerte\",\"@id\":\"https:\\\/\\\/www.quebakan.com\\\/v15\\\/#\\\/schema\\\/person\\\/d90fa9f9cfa81eb8ace9811e5b7b9118\"},\"headline\":\"La diabetes avanza en silencio: 1 de cada 18 ecuatorianos la padece\",\"datePublished\":\"2024-11-12T01:30:32+00:00\",\"mainEntityOfPage\":{\"@id\":\"https:\\\/\\\/www.quebakan.com\\\/v15\\\/la-diabetes-avanza-en-silencio-1-de-cada-18-ecuatorianos-la-padece\\\/\"},\"wordCount\":795,\"commentCount\":0,\"publisher\":{\"@id\":\"https:\\\/\\\/www.quebakan.com\\\/v15\\\/#organization\"},\"image\":{\"@id\":\"https:\\\/\\\/www.quebakan.com\\\/v15\\\/la-diabetes-avanza-en-silencio-1-de-cada-18-ecuatorianos-la-padece\\\/#primaryimage\"},\"thumbnailUrl\":\"https:\\\/\\\/www.quebakan.com\\\/v15\\\/wp-content\\\/uploads\\\/2024\\\/11\\\/diabetes.jpg\",\"articleSection\":[\"Noticias\"],\"inLanguage\":\"es\"},{\"@type\":\"WebPage\",\"@id\":\"https:\\\/\\\/www.quebakan.com\\\/v15\\\/la-diabetes-avanza-en-silencio-1-de-cada-18-ecuatorianos-la-padece\\\/\",\"url\":\"https:\\\/\\\/www.quebakan.com\\\/v15\\\/la-diabetes-avanza-en-silencio-1-de-cada-18-ecuatorianos-la-padece\\\/\",\"name\":\"La diabetes avanza en silencio: 1 de cada 18 ecuatorianos la padece &#8211; QUEBAKAN.COM 2026: Noticias, Eventos, Conciertos y mucho m\u00e1s....\",\"isPartOf\":{\"@id\":\"https:\\\/\\\/www.quebakan.com\\\/v15\\\/#website\"},\"primaryImageOfPage\":{\"@id\":\"https:\\\/\\\/www.quebakan.com\\\/v15\\\/la-diabetes-avanza-en-silencio-1-de-cada-18-ecuatorianos-la-padece\\\/#primaryimage\"},\"image\":{\"@id\":\"https:\\\/\\\/www.quebakan.com\\\/v15\\\/la-diabetes-avanza-en-silencio-1-de-cada-18-ecuatorianos-la-padece\\\/#primaryimage\"},\"thumbnailUrl\":\"https:\\\/\\\/www.quebakan.com\\\/v15\\\/wp-content\\\/uploads\\\/2024\\\/11\\\/diabetes.jpg\",\"datePublished\":\"2024-11-12T01:30:32+00:00\",\"breadcrumb\":{\"@id\":\"https:\\\/\\\/www.quebakan.com\\\/v15\\\/la-diabetes-avanza-en-silencio-1-de-cada-18-ecuatorianos-la-padece\\\/#breadcrumb\"},\"inLanguage\":\"es\",\"potentialAction\":[{\"@type\":\"ReadAction\",\"target\":[\"https:\\\/\\\/www.quebakan.com\\\/v15\\\/la-diabetes-avanza-en-silencio-1-de-cada-18-ecuatorianos-la-padece\\\/\"]}]},{\"@type\":\"ImageObject\",\"inLanguage\":\"es\",\"@id\":\"https:\\\/\\\/www.quebakan.com\\\/v15\\\/la-diabetes-avanza-en-silencio-1-de-cada-18-ecuatorianos-la-padece\\\/#primaryimage\",\"url\":\"https:\\\/\\\/www.quebakan.com\\\/v15\\\/wp-content\\\/uploads\\\/2024\\\/11\\\/diabetes.jpg\",\"contentUrl\":\"https:\\\/\\\/www.quebakan.com\\\/v15\\\/wp-content\\\/uploads\\\/2024\\\/11\\\/diabetes.jpg\",\"width\":700,\"height\":394},{\"@type\":\"BreadcrumbList\",\"@id\":\"https:\\\/\\\/www.quebakan.com\\\/v15\\\/la-diabetes-avanza-en-silencio-1-de-cada-18-ecuatorianos-la-padece\\\/#breadcrumb\",\"itemListElement\":[{\"@type\":\"ListItem\",\"position\":1,\"name\":\"Portada\",\"item\":\"https:\\\/\\\/www.quebakan.com\\\/v15\\\/\"},{\"@type\":\"ListItem\",\"position\":2,\"name\":\"La diabetes avanza en silencio: 1 de cada 18 ecuatorianos la padece\"}]},{\"@type\":\"WebSite\",\"@id\":\"https:\\\/\\\/www.quebakan.com\\\/v15\\\/#website\",\"url\":\"https:\\\/\\\/www.quebakan.com\\\/v15\\\/\",\"name\":\"QUEBAKAN\",\"description\":\"..\",\"publisher\":{\"@id\":\"https:\\\/\\\/www.quebakan.com\\\/v15\\\/#organization\"},\"potentialAction\":[{\"@type\":\"SearchAction\",\"target\":{\"@type\":\"EntryPoint\",\"urlTemplate\":\"https:\\\/\\\/www.quebakan.com\\\/v15\\\/?s={search_term_string}\"},\"query-input\":{\"@type\":\"PropertyValueSpecification\",\"valueRequired\":true,\"valueName\":\"search_term_string\"}}],\"inLanguage\":\"es\"},{\"@type\":\"Organization\",\"@id\":\"https:\\\/\\\/www.quebakan.com\\\/v15\\\/#organization\",\"name\":\"Quebakan.com\",\"url\":\"https:\\\/\\\/www.quebakan.com\\\/v15\\\/\",\"logo\":{\"@type\":\"ImageObject\",\"inLanguage\":\"es\",\"@id\":\"https:\\\/\\\/www.quebakan.com\\\/v15\\\/#\\\/schema\\\/logo\\\/image\\\/\",\"url\":\"https:\\\/\\\/www.quebakan.com\\\/v15\\\/wp-content\\\/uploads\\\/2023\\\/07\\\/logoquebakanenero2021.jpg\",\"contentUrl\":\"https:\\\/\\\/www.quebakan.com\\\/v15\\\/wp-content\\\/uploads\\\/2023\\\/07\\\/logoquebakanenero2021.jpg\",\"width\":1920,\"height\":1080,\"caption\":\"Quebakan.com\"},\"image\":{\"@id\":\"https:\\\/\\\/www.quebakan.com\\\/v15\\\/#\\\/schema\\\/logo\\\/image\\\/\"},\"sameAs\":[\"http:\\\/\\\/www.facebook.com\\\/quebakan\",\"https:\\\/\\\/x.com\\\/quebakanec\",\"http:\\\/\\\/www.instagram.com\\\/quebakan\",\"http:\\\/\\\/www.youtube.com\\\/quebakan1\"]},{\"@type\":\"Person\",\"@id\":\"https:\\\/\\\/www.quebakan.com\\\/v15\\\/#\\\/schema\\\/person\\\/d90fa9f9cfa81eb8ace9811e5b7b9118\",\"name\":\"Erick Villafuerte\",\"image\":{\"@type\":\"ImageObject\",\"inLanguage\":\"es\",\"@id\":\"https:\\\/\\\/www.quebakan.com\\\/v15\\\/wp-content\\\/uploads\\\/avatars\\\/4\\\/1731297654-bpfull.png\",\"url\":\"https:\\\/\\\/www.quebakan.com\\\/v15\\\/wp-content\\\/uploads\\\/avatars\\\/4\\\/1731297654-bpfull.png\",\"contentUrl\":\"https:\\\/\\\/www.quebakan.com\\\/v15\\\/wp-content\\\/uploads\\\/avatars\\\/4\\\/1731297654-bpfull.png\",\"caption\":\"Erick Villafuerte\"}}]}<\/script>\n<!-- \/ Yoast SEO plugin. -->","yoast_head_json":{"title":"La diabetes avanza en silencio: 1 de cada 18 ecuatorianos la padece &#8211; QUEBAKAN.COM 2026: Noticias, Eventos, Conciertos y mucho m\u00e1s....","robots":{"index":"index","follow":"follow","max-snippet":"max-snippet:-1","max-image-preview":"max-image-preview:large","max-video-preview":"max-video-preview:-1"},"canonical":"https:\/\/www.quebakan.com\/v15\/la-diabetes-avanza-en-silencio-1-de-cada-18-ecuatorianos-la-padece\/","og_locale":"es_ES","og_type":"article","og_title":"La diabetes avanza en silencio: 1 de cada 18 ecuatorianos la padece &#8211; QUEBAKAN.COM 2026: Noticias, Eventos, Conciertos y mucho m\u00e1s....","og_description":"La diabetes es la segunda enfermedad m\u00e1s frecuente en el pa\u00eds, por debajo de la hipertensi\u00f3n.[1] Seg\u00fan el Ministerio de Salud P\u00fablica, cada a\u00f1o se registran alrededor de 37,000 nuevos casos de diabetes en el pa\u00eds.[2] Quito, 11 de noviembre de 2024. La diabetes, una enfermedad cr\u00f3nica que afecta a millones de personas en el [&hellip;]","og_url":"https:\/\/www.quebakan.com\/v15\/la-diabetes-avanza-en-silencio-1-de-cada-18-ecuatorianos-la-padece\/","og_site_name":"QUEBAKAN.COM 2026: Noticias, Eventos, Conciertos y mucho m\u00e1s....","article_publisher":"http:\/\/www.facebook.com\/quebakan","article_published_time":"2024-11-12T01:30:32+00:00","og_image":[{"width":700,"height":394,"url":"https:\/\/www.quebakan.com\/v15\/wp-content\/uploads\/2024\/11\/diabetes.jpg","type":"image\/jpeg"}],"author":"Erick Villafuerte","twitter_card":"summary_large_image","twitter_creator":"@quebakanec","twitter_site":"@quebakanec","twitter_misc":{"Escrito por":"Erick Villafuerte","Tiempo de lectura":"4 minutos"},"schema":{"@context":"https:\/\/schema.org","@graph":[{"@type":"Article","@id":"https:\/\/www.quebakan.com\/v15\/la-diabetes-avanza-en-silencio-1-de-cada-18-ecuatorianos-la-padece\/#article","isPartOf":{"@id":"https:\/\/www.quebakan.com\/v15\/la-diabetes-avanza-en-silencio-1-de-cada-18-ecuatorianos-la-padece\/"},"author":{"name":"Erick Villafuerte","@id":"https:\/\/www.quebakan.com\/v15\/#\/schema\/person\/d90fa9f9cfa81eb8ace9811e5b7b9118"},"headline":"La diabetes avanza en silencio: 1 de cada 18 ecuatorianos la padece","datePublished":"2024-11-12T01:30:32+00:00","mainEntityOfPage":{"@id":"https:\/\/www.quebakan.com\/v15\/la-diabetes-avanza-en-silencio-1-de-cada-18-ecuatorianos-la-padece\/"},"wordCount":795,"commentCount":0,"publisher":{"@id":"https:\/\/www.quebakan.com\/v15\/#organization"},"image":{"@id":"https:\/\/www.quebakan.com\/v15\/la-diabetes-avanza-en-silencio-1-de-cada-18-ecuatorianos-la-padece\/#primaryimage"},"thumbnailUrl":"https:\/\/www.quebakan.com\/v15\/wp-content\/uploads\/2024\/11\/diabetes.jpg","articleSection":["Noticias"],"inLanguage":"es"},{"@type":"WebPage","@id":"https:\/\/www.quebakan.com\/v15\/la-diabetes-avanza-en-silencio-1-de-cada-18-ecuatorianos-la-padece\/","url":"https:\/\/www.quebakan.com\/v15\/la-diabetes-avanza-en-silencio-1-de-cada-18-ecuatorianos-la-padece\/","name":"La diabetes avanza en silencio: 1 de cada 18 ecuatorianos la padece &#8211; QUEBAKAN.COM 2026: Noticias, Eventos, Conciertos y mucho m\u00e1s....","isPartOf":{"@id":"https:\/\/www.quebakan.com\/v15\/#website"},"primaryImageOfPage":{"@id":"https:\/\/www.quebakan.com\/v15\/la-diabetes-avanza-en-silencio-1-de-cada-18-ecuatorianos-la-padece\/#primaryimage"},"image":{"@id":"https:\/\/www.quebakan.com\/v15\/la-diabetes-avanza-en-silencio-1-de-cada-18-ecuatorianos-la-padece\/#primaryimage"},"thumbnailUrl":"https:\/\/www.quebakan.com\/v15\/wp-content\/uploads\/2024\/11\/diabetes.jpg","datePublished":"2024-11-12T01:30:32+00:00","breadcrumb":{"@id":"https:\/\/www.quebakan.com\/v15\/la-diabetes-avanza-en-silencio-1-de-cada-18-ecuatorianos-la-padece\/#breadcrumb"},"inLanguage":"es","potentialAction":[{"@type":"ReadAction","target":["https:\/\/www.quebakan.com\/v15\/la-diabetes-avanza-en-silencio-1-de-cada-18-ecuatorianos-la-padece\/"]}]},{"@type":"ImageObject","inLanguage":"es","@id":"https:\/\/www.quebakan.com\/v15\/la-diabetes-avanza-en-silencio-1-de-cada-18-ecuatorianos-la-padece\/#primaryimage","url":"https:\/\/www.quebakan.com\/v15\/wp-content\/uploads\/2024\/11\/diabetes.jpg","contentUrl":"https:\/\/www.quebakan.com\/v15\/wp-content\/uploads\/2024\/11\/diabetes.jpg","width":700,"height":394},{"@type":"BreadcrumbList","@id":"https:\/\/www.quebakan.com\/v15\/la-diabetes-avanza-en-silencio-1-de-cada-18-ecuatorianos-la-padece\/#breadcrumb","itemListElement":[{"@type":"ListItem","position":1,"name":"Portada","item":"https:\/\/www.quebakan.com\/v15\/"},{"@type":"ListItem","position":2,"name":"La diabetes avanza en silencio: 1 de cada 18 ecuatorianos la padece"}]},{"@type":"WebSite","@id":"https:\/\/www.quebakan.com\/v15\/#website","url":"https:\/\/www.quebakan.com\/v15\/","name":"QUEBAKAN","description":"..","publisher":{"@id":"https:\/\/www.quebakan.com\/v15\/#organization"},"potentialAction":[{"@type":"SearchAction","target":{"@type":"EntryPoint","urlTemplate":"https:\/\/www.quebakan.com\/v15\/?s={search_term_string}"},"query-input":{"@type":"PropertyValueSpecification","valueRequired":true,"valueName":"search_term_string"}}],"inLanguage":"es"},{"@type":"Organization","@id":"https:\/\/www.quebakan.com\/v15\/#organization","name":"Quebakan.com","url":"https:\/\/www.quebakan.com\/v15\/","logo":{"@type":"ImageObject","inLanguage":"es","@id":"https:\/\/www.quebakan.com\/v15\/#\/schema\/logo\/image\/","url":"https:\/\/www.quebakan.com\/v15\/wp-content\/uploads\/2023\/07\/logoquebakanenero2021.jpg","contentUrl":"https:\/\/www.quebakan.com\/v15\/wp-content\/uploads\/2023\/07\/logoquebakanenero2021.jpg","width":1920,"height":1080,"caption":"Quebakan.com"},"image":{"@id":"https:\/\/www.quebakan.com\/v15\/#\/schema\/logo\/image\/"},"sameAs":["http:\/\/www.facebook.com\/quebakan","https:\/\/x.com\/quebakanec","http:\/\/www.instagram.com\/quebakan","http:\/\/www.youtube.com\/quebakan1"]},{"@type":"Person","@id":"https:\/\/www.quebakan.com\/v15\/#\/schema\/person\/d90fa9f9cfa81eb8ace9811e5b7b9118","name":"Erick Villafuerte","image":{"@type":"ImageObject","inLanguage":"es","@id":"https:\/\/www.quebakan.com\/v15\/wp-content\/uploads\/avatars\/4\/1731297654-bpfull.png","url":"https:\/\/www.quebakan.com\/v15\/wp-content\/uploads\/avatars\/4\/1731297654-bpfull.png","contentUrl":"https:\/\/www.quebakan.com\/v15\/wp-content\/uploads\/avatars\/4\/1731297654-bpfull.png","caption":"Erick Villafuerte"}}]}},"_links":{"self":[{"href":"https:\/\/www.quebakan.com\/v15\/wp-json\/wp\/v2\/posts\/125842","targetHints":{"allow":["GET"]}}],"collection":[{"href":"https:\/\/www.quebakan.com\/v15\/wp-json\/wp\/v2\/posts"}],"about":[{"href":"https:\/\/www.quebakan.com\/v15\/wp-json\/wp\/v2\/types\/post"}],"author":[{"embeddable":true,"href":"https:\/\/www.quebakan.com\/v15\/wp-json\/wp\/v2\/users\/4"}],"replies":[{"embeddable":true,"href":"https:\/\/www.quebakan.com\/v15\/wp-json\/wp\/v2\/comments?post=125842"}],"version-history":[{"count":1,"href":"https:\/\/www.quebakan.com\/v15\/wp-json\/wp\/v2\/posts\/125842\/revisions"}],"predecessor-version":[{"id":125845,"href":"https:\/\/www.quebakan.com\/v15\/wp-json\/wp\/v2\/posts\/125842\/revisions\/125845"}],"wp:featuredmedia":[{"embeddable":true,"href":"https:\/\/www.quebakan.com\/v15\/wp-json\/wp\/v2\/media\/125843"}],"wp:attachment":[{"href":"https:\/\/www.quebakan.com\/v15\/wp-json\/wp\/v2\/media?parent=125842"}],"wp:term":[{"taxonomy":"category","embeddable":true,"href":"https:\/\/www.quebakan.com\/v15\/wp-json\/wp\/v2\/categories?post=125842"},{"taxonomy":"post_tag","embeddable":true,"href":"https:\/\/www.quebakan.com\/v15\/wp-json\/wp\/v2\/tags?post=125842"}],"curies":[{"name":"wp","href":"https:\/\/api.w.org\/{rel}","templated":true}]}}