{"id":125850,"date":"2024-11-11T21:53:15","date_gmt":"2024-11-12T02:53:15","guid":{"rendered":"https:\/\/www.quebakan.com\/v15\/?p=125850"},"modified":"2024-11-11T21:53:15","modified_gmt":"2024-11-12T02:53:15","slug":"epoc-la-enfermedad-respiratoria-que-afecta-a-millones-y-no-tiene-cura","status":"publish","type":"post","link":"https:\/\/www.quebakan.com\/v15\/epoc-la-enfermedad-respiratoria-que-afecta-a-millones-y-no-tiene-cura\/","title":{"rendered":"EPOC: La Enfermedad Respiratoria que afecta a millones y no tiene cura"},"content":{"rendered":"<p><img fetchpriority=\"high\" decoding=\"async\" class=\"aligncenter size-full wp-image-125851\" src=\"https:\/\/www.quebakan.com\/v15\/wp-content\/uploads\/2024\/11\/pulmon-3.jpg\" alt=\"\" width=\"700\" height=\"392\" \/><\/p>\n<ul>\n<li style=\"text-align: justify;\"><span style=\"color: #000000;\">El 15 de noviembre se celebra el D\u00eda Mundial de la EPOC, un evento anual organizado por la Iniciativa Mundial contra la Enfermedad Pulmonar Obstructiva Cr\u00f3nica (GOLD)<\/span><\/li>\n<\/ul>\n<p style=\"text-align: justify;\"><span style=\"color: #000000;\">La Enfermedad Pulmonar Obstructiva Cr\u00f3nica (EPOC) es una de las afecciones respiratorias m\u00e1s prevalentes y debilitantes en la actualidad, afectando a millones de personas en todo el mundo. Caracterizada por la obstrucci\u00f3n progresiva del flujo de aire en los pulmones, esta enfermedad dificulta cada vez m\u00e1s la respiraci\u00f3n y limita la calidad de vida de quienes la padecen. Aunque no tiene cura, un diagn\u00f3stico y tratamiento tempranos pueden marcar una diferencia crucial en la evoluci\u00f3n de los s\u00edntomas.<\/span><\/p>\n<p style=\"text-align: justify;\"><span style=\"color: #000000;\">La EPOC abarca dos tipos principales de trastornos respiratorios: la bronquitis cr\u00f3nica y el enfisema. <em>El Dr. Efra\u00edn S\u00e1nchez, neum\u00f3logo y director del Centro de Investigaci\u00f3n Respiratoria (CIR), explica que \u201ccon el tiempo, las v\u00edas respiratorias se bloquean parcialmente, lo que restringe el flujo de aire y dificulta el intercambio de ox\u00edgeno (O2) y di\u00f3xido de carbono (CO2) en la sangre\u201d.<\/em><\/span><\/p>\n<p style=\"text-align: justify;\"><span style=\"color: #000000;\">La causa m\u00e1s com\u00fan de la EPOC es el tabaquismo, y la enfermedad es significativamente m\u00e1s frecuente en personas con antecedentes de consumo de tabaco. Sin embargo, otros factores, como la exposici\u00f3n prolongada a contaminantes ambientales, polvo o productos qu\u00edmicos, tambi\u00e9n aumentan el riesgo.<\/span><\/p>\n<p style=\"text-align: justify;\"><span style=\"color: #000000;\">Los s\u00edntomas de la EPOC suelen desarrollarse de manera gradual, lo que puede retrasar su detecci\u00f3n. Los primeros signos incluyen dificultad para respirar al realizar actividades cotidianas, como subir escaleras, fatiga persistente, tos cr\u00f3nica y producci\u00f3n excesiva de mucosidad.<\/span><\/p>\n<p style=\"text-align: justify;\"><span style=\"color: #000000;\">Los pacientes pueden experimentar episodios agudos de empeoramiento, conocidos como exacerbaciones, que son desencadenados por factores como la contaminaci\u00f3n del aire, infecciones respiratorias o alergias. <em>\u201cLas exacerbaciones no solo agravan los s\u00edntomas, sino que tambi\u00e9n pueden llevar a complicaciones serias, como la neumon\u00eda\u201d, advierte el Dr. S\u00e1nchez.<\/em><\/span><\/p>\n<p style=\"text-align: justify;\"><span style=\"color: #000000;\">El diagn\u00f3stico de la EPOC se basa en pruebas funcionales y de imagen que eval\u00faan el estado de los pulmones. La espirometr\u00eda es el examen m\u00e1s utilizado, en el que se mide el volumen de aire que el paciente puede expulsar de los pulmones<em>. Seg\u00fan el Dr. S\u00e1nchez, \u201ctambi\u00e9n es posible que se soliciten radiograf\u00edas o tomograf\u00edas para evaluar el da\u00f1o pulmonar, adem\u00e1s de pruebas de sangre para medir los niveles de ox\u00edgeno y CO2\u201d.<\/em><\/span><\/p>\n<p style=\"text-align: justify;\"><span style=\"color: #000000;\"><strong><u>Opciones de Tratamiento<\/u><\/strong><\/span><\/p>\n<p style=\"text-align: justify;\"><span style=\"color: #000000;\">Aunque la EPOC no tiene cura, existen m\u00faltiples estrategias para controlar sus s\u00edntomas y mejorar la calidad de vida del paciente:<\/span><\/p>\n<p style=\"text-align: justify;\"><span style=\"color: #000000;\"><strong>Abandono del tabaco:<\/strong> Dejar de fumar es la medida m\u00e1s eficaz para ralentizar la progresi\u00f3n de la enfermedad.<\/span><\/p>\n<p style=\"text-align: justify;\"><span style=\"color: #000000;\"><strong>Medicaci\u00f3n:<\/strong> Los inhaladores, esteroides y antibi\u00f3ticos son comunes en el tratamiento para reducir la gravedad de los s\u00edntomas y prevenir exacerbaciones.<\/span><\/p>\n<p style=\"text-align: justify;\"><span style=\"color: #000000;\"><strong>Rehabilitaci\u00f3n pulmonar: Programas<\/strong> que combinan ejercicio y educaci\u00f3n ayudan a los pacientes a gestionar mejor la EPOC.<\/span><\/p>\n<p style=\"text-align: justify;\"><span style=\"color: #000000;\"><strong>Oxigenoterapia:<\/strong> Para aquellos con niveles bajos de ox\u00edgeno en la sangre, la terapia con ox\u00edgeno puede ser esencial.<\/span><\/p>\n<p style=\"text-align: justify;\"><span style=\"color: #000000;\"><strong>Ventilaci\u00f3n no invasiva:<\/strong> La asistencia respiratoria adicional mejora la capacidad pulmonar y el bienestar general.<\/span><\/p>\n<p style=\"text-align: justify;\"><span style=\"color: #000000;\">La EPOC es una enfermedad cr\u00f3nica que requiere un enfoque integral para su manejo. Si bien los avances en tratamientos han mejorado la calidad de vida de muchos pacientes, la prevenci\u00f3n sigue siendo la mejor estrategia, con especial \u00e9nfasis en la reducci\u00f3n del tabaquismo y la exposici\u00f3n a contaminantes.<\/span><\/p>\n<p style=\"text-align: justify;\"><span style=\"color: #000000;\">El Dr. S\u00e1nchez destaca la importancia de la concienciaci\u00f3n p\u00fablica: <em>\u00abEs vital que las personas comprendan los factores de riesgo y busquen atenci\u00f3n m\u00e9dica al experimentar s\u00edntomas tempranos\u00bb.<\/em> Con un manejo adecuado, es posible vivir mejor con EPOC y reducir el impacto de esta enfermedad en la vida diaria.<\/span><\/p>\n","protected":false},"excerpt":{"rendered":"<p>El 15 de noviembre se celebra el D\u00eda Mundial de la EPOC, un evento anual organizado por la Iniciativa Mundial contra la Enfermedad Pulmonar Obstructiva Cr\u00f3nica (GOLD) La Enfermedad Pulmonar Obstructiva Cr\u00f3nica (EPOC) es una de las afecciones respiratorias m\u00e1s prevalentes y debilitantes en la actualidad, afectando a millones de personas en todo el mundo. [&hellip;]<\/p>\n","protected":false},"author":4,"featured_media":125851,"comment_status":"open","ping_status":"open","sticky":false,"template":"","format":"standard","meta":{"_bbp_topic_count":0,"_bbp_reply_count":0,"_bbp_total_topic_count":0,"_bbp_total_reply_count":0,"_bbp_voice_count":0,"_bbp_anonymous_reply_count":0,"_bbp_topic_count_hidden":0,"_bbp_reply_count_hidden":0,"_bbp_forum_subforum_count":0,"buzzeditor_post_format":"","footnotes":""},"categories":[2],"tags":[],"class_list":["post-125850","post","type-post","status-publish","format-standard","has-post-thumbnail","hentry","category-noticias"],"yoast_head":"<!-- This site is optimized with the Yoast SEO plugin v27.5 - https:\/\/yoast.com\/product\/yoast-seo-wordpress\/ -->\n<title>EPOC: La Enfermedad Respiratoria que afecta a millones y no tiene cura &#8211; QUEBAKAN.COM 2026: Noticias, Eventos, Conciertos y mucho m\u00e1s....<\/title>\n<meta name=\"robots\" content=\"index, follow, max-snippet:-1, max-image-preview:large, max-video-preview:-1\" \/>\n<link rel=\"canonical\" href=\"https:\/\/www.quebakan.com\/v15\/epoc-la-enfermedad-respiratoria-que-afecta-a-millones-y-no-tiene-cura\/\" \/>\n<meta property=\"og:locale\" content=\"es_ES\" \/>\n<meta property=\"og:type\" content=\"article\" \/>\n<meta property=\"og:title\" content=\"EPOC: La Enfermedad Respiratoria que afecta a millones y no tiene cura &#8211; QUEBAKAN.COM 2026: Noticias, Eventos, Conciertos y mucho m\u00e1s....\" \/>\n<meta property=\"og:description\" content=\"El 15 de noviembre se celebra el D\u00eda Mundial de la EPOC, un evento anual organizado por la Iniciativa Mundial contra la Enfermedad Pulmonar Obstructiva Cr\u00f3nica (GOLD) La Enfermedad Pulmonar Obstructiva Cr\u00f3nica (EPOC) es una de las afecciones respiratorias m\u00e1s prevalentes y debilitantes en la actualidad, afectando a millones de personas en todo el mundo. [&hellip;]\" \/>\n<meta property=\"og:url\" content=\"https:\/\/www.quebakan.com\/v15\/epoc-la-enfermedad-respiratoria-que-afecta-a-millones-y-no-tiene-cura\/\" \/>\n<meta property=\"og:site_name\" content=\"QUEBAKAN.COM 2026: Noticias, Eventos, Conciertos y mucho m\u00e1s....\" \/>\n<meta property=\"article:publisher\" content=\"http:\/\/www.facebook.com\/quebakan\" \/>\n<meta property=\"article:published_time\" content=\"2024-11-12T02:53:15+00:00\" \/>\n<meta property=\"og:image\" content=\"https:\/\/www.quebakan.com\/v15\/wp-content\/uploads\/2024\/11\/pulmon-3.jpg\" \/>\n\t<meta property=\"og:image:width\" content=\"700\" \/>\n\t<meta property=\"og:image:height\" content=\"392\" \/>\n\t<meta property=\"og:image:type\" content=\"image\/jpeg\" \/>\n<meta name=\"author\" content=\"Erick Villafuerte\" \/>\n<meta name=\"twitter:card\" content=\"summary_large_image\" \/>\n<meta name=\"twitter:creator\" content=\"@quebakanec\" \/>\n<meta name=\"twitter:site\" content=\"@quebakanec\" \/>\n<meta name=\"twitter:label1\" content=\"Escrito por\" \/>\n\t<meta name=\"twitter:data1\" content=\"Erick Villafuerte\" \/>\n\t<meta name=\"twitter:label2\" content=\"Tiempo de lectura\" \/>\n\t<meta name=\"twitter:data2\" content=\"4 minutos\" \/>\n<script type=\"application\/ld+json\" class=\"yoast-schema-graph\">{\"@context\":\"https:\\\/\\\/schema.org\",\"@graph\":[{\"@type\":\"Article\",\"@id\":\"https:\\\/\\\/www.quebakan.com\\\/v15\\\/epoc-la-enfermedad-respiratoria-que-afecta-a-millones-y-no-tiene-cura\\\/#article\",\"isPartOf\":{\"@id\":\"https:\\\/\\\/www.quebakan.com\\\/v15\\\/epoc-la-enfermedad-respiratoria-que-afecta-a-millones-y-no-tiene-cura\\\/\"},\"author\":{\"name\":\"Erick Villafuerte\",\"@id\":\"https:\\\/\\\/www.quebakan.com\\\/v15\\\/#\\\/schema\\\/person\\\/d90fa9f9cfa81eb8ace9811e5b7b9118\"},\"headline\":\"EPOC: La Enfermedad Respiratoria que afecta a millones y no tiene cura\",\"datePublished\":\"2024-11-12T02:53:15+00:00\",\"mainEntityOfPage\":{\"@id\":\"https:\\\/\\\/www.quebakan.com\\\/v15\\\/epoc-la-enfermedad-respiratoria-que-afecta-a-millones-y-no-tiene-cura\\\/\"},\"wordCount\":660,\"commentCount\":0,\"publisher\":{\"@id\":\"https:\\\/\\\/www.quebakan.com\\\/v15\\\/#organization\"},\"image\":{\"@id\":\"https:\\\/\\\/www.quebakan.com\\\/v15\\\/epoc-la-enfermedad-respiratoria-que-afecta-a-millones-y-no-tiene-cura\\\/#primaryimage\"},\"thumbnailUrl\":\"https:\\\/\\\/www.quebakan.com\\\/v15\\\/wp-content\\\/uploads\\\/2024\\\/11\\\/pulmon-3.jpg\",\"articleSection\":[\"Noticias\"],\"inLanguage\":\"es\"},{\"@type\":\"WebPage\",\"@id\":\"https:\\\/\\\/www.quebakan.com\\\/v15\\\/epoc-la-enfermedad-respiratoria-que-afecta-a-millones-y-no-tiene-cura\\\/\",\"url\":\"https:\\\/\\\/www.quebakan.com\\\/v15\\\/epoc-la-enfermedad-respiratoria-que-afecta-a-millones-y-no-tiene-cura\\\/\",\"name\":\"EPOC: La Enfermedad Respiratoria que afecta a millones y no tiene cura &#8211; QUEBAKAN.COM 2026: Noticias, Eventos, Conciertos y mucho m\u00e1s....\",\"isPartOf\":{\"@id\":\"https:\\\/\\\/www.quebakan.com\\\/v15\\\/#website\"},\"primaryImageOfPage\":{\"@id\":\"https:\\\/\\\/www.quebakan.com\\\/v15\\\/epoc-la-enfermedad-respiratoria-que-afecta-a-millones-y-no-tiene-cura\\\/#primaryimage\"},\"image\":{\"@id\":\"https:\\\/\\\/www.quebakan.com\\\/v15\\\/epoc-la-enfermedad-respiratoria-que-afecta-a-millones-y-no-tiene-cura\\\/#primaryimage\"},\"thumbnailUrl\":\"https:\\\/\\\/www.quebakan.com\\\/v15\\\/wp-content\\\/uploads\\\/2024\\\/11\\\/pulmon-3.jpg\",\"datePublished\":\"2024-11-12T02:53:15+00:00\",\"breadcrumb\":{\"@id\":\"https:\\\/\\\/www.quebakan.com\\\/v15\\\/epoc-la-enfermedad-respiratoria-que-afecta-a-millones-y-no-tiene-cura\\\/#breadcrumb\"},\"inLanguage\":\"es\",\"potentialAction\":[{\"@type\":\"ReadAction\",\"target\":[\"https:\\\/\\\/www.quebakan.com\\\/v15\\\/epoc-la-enfermedad-respiratoria-que-afecta-a-millones-y-no-tiene-cura\\\/\"]}]},{\"@type\":\"ImageObject\",\"inLanguage\":\"es\",\"@id\":\"https:\\\/\\\/www.quebakan.com\\\/v15\\\/epoc-la-enfermedad-respiratoria-que-afecta-a-millones-y-no-tiene-cura\\\/#primaryimage\",\"url\":\"https:\\\/\\\/www.quebakan.com\\\/v15\\\/wp-content\\\/uploads\\\/2024\\\/11\\\/pulmon-3.jpg\",\"contentUrl\":\"https:\\\/\\\/www.quebakan.com\\\/v15\\\/wp-content\\\/uploads\\\/2024\\\/11\\\/pulmon-3.jpg\",\"width\":700,\"height\":392},{\"@type\":\"BreadcrumbList\",\"@id\":\"https:\\\/\\\/www.quebakan.com\\\/v15\\\/epoc-la-enfermedad-respiratoria-que-afecta-a-millones-y-no-tiene-cura\\\/#breadcrumb\",\"itemListElement\":[{\"@type\":\"ListItem\",\"position\":1,\"name\":\"Portada\",\"item\":\"https:\\\/\\\/www.quebakan.com\\\/v15\\\/\"},{\"@type\":\"ListItem\",\"position\":2,\"name\":\"EPOC: La Enfermedad Respiratoria que afecta a millones y no tiene cura\"}]},{\"@type\":\"WebSite\",\"@id\":\"https:\\\/\\\/www.quebakan.com\\\/v15\\\/#website\",\"url\":\"https:\\\/\\\/www.quebakan.com\\\/v15\\\/\",\"name\":\"QUEBAKAN\",\"description\":\"..\",\"publisher\":{\"@id\":\"https:\\\/\\\/www.quebakan.com\\\/v15\\\/#organization\"},\"potentialAction\":[{\"@type\":\"SearchAction\",\"target\":{\"@type\":\"EntryPoint\",\"urlTemplate\":\"https:\\\/\\\/www.quebakan.com\\\/v15\\\/?s={search_term_string}\"},\"query-input\":{\"@type\":\"PropertyValueSpecification\",\"valueRequired\":true,\"valueName\":\"search_term_string\"}}],\"inLanguage\":\"es\"},{\"@type\":\"Organization\",\"@id\":\"https:\\\/\\\/www.quebakan.com\\\/v15\\\/#organization\",\"name\":\"Quebakan.com\",\"url\":\"https:\\\/\\\/www.quebakan.com\\\/v15\\\/\",\"logo\":{\"@type\":\"ImageObject\",\"inLanguage\":\"es\",\"@id\":\"https:\\\/\\\/www.quebakan.com\\\/v15\\\/#\\\/schema\\\/logo\\\/image\\\/\",\"url\":\"https:\\\/\\\/www.quebakan.com\\\/v15\\\/wp-content\\\/uploads\\\/2023\\\/07\\\/logoquebakanenero2021.jpg\",\"contentUrl\":\"https:\\\/\\\/www.quebakan.com\\\/v15\\\/wp-content\\\/uploads\\\/2023\\\/07\\\/logoquebakanenero2021.jpg\",\"width\":1920,\"height\":1080,\"caption\":\"Quebakan.com\"},\"image\":{\"@id\":\"https:\\\/\\\/www.quebakan.com\\\/v15\\\/#\\\/schema\\\/logo\\\/image\\\/\"},\"sameAs\":[\"http:\\\/\\\/www.facebook.com\\\/quebakan\",\"https:\\\/\\\/x.com\\\/quebakanec\",\"http:\\\/\\\/www.instagram.com\\\/quebakan\",\"http:\\\/\\\/www.youtube.com\\\/quebakan1\"]},{\"@type\":\"Person\",\"@id\":\"https:\\\/\\\/www.quebakan.com\\\/v15\\\/#\\\/schema\\\/person\\\/d90fa9f9cfa81eb8ace9811e5b7b9118\",\"name\":\"Erick Villafuerte\",\"image\":{\"@type\":\"ImageObject\",\"inLanguage\":\"es\",\"@id\":\"https:\\\/\\\/www.quebakan.com\\\/v15\\\/wp-content\\\/uploads\\\/avatars\\\/4\\\/1731297654-bpfull.png\",\"url\":\"https:\\\/\\\/www.quebakan.com\\\/v15\\\/wp-content\\\/uploads\\\/avatars\\\/4\\\/1731297654-bpfull.png\",\"contentUrl\":\"https:\\\/\\\/www.quebakan.com\\\/v15\\\/wp-content\\\/uploads\\\/avatars\\\/4\\\/1731297654-bpfull.png\",\"caption\":\"Erick Villafuerte\"}}]}<\/script>\n<!-- \/ Yoast SEO plugin. -->","yoast_head_json":{"title":"EPOC: La Enfermedad Respiratoria que afecta a millones y no tiene cura &#8211; QUEBAKAN.COM 2026: Noticias, Eventos, Conciertos y mucho m\u00e1s....","robots":{"index":"index","follow":"follow","max-snippet":"max-snippet:-1","max-image-preview":"max-image-preview:large","max-video-preview":"max-video-preview:-1"},"canonical":"https:\/\/www.quebakan.com\/v15\/epoc-la-enfermedad-respiratoria-que-afecta-a-millones-y-no-tiene-cura\/","og_locale":"es_ES","og_type":"article","og_title":"EPOC: La Enfermedad Respiratoria que afecta a millones y no tiene cura &#8211; QUEBAKAN.COM 2026: Noticias, Eventos, Conciertos y mucho m\u00e1s....","og_description":"El 15 de noviembre se celebra el D\u00eda Mundial de la EPOC, un evento anual organizado por la Iniciativa Mundial contra la Enfermedad Pulmonar Obstructiva Cr\u00f3nica (GOLD) La Enfermedad Pulmonar Obstructiva Cr\u00f3nica (EPOC) es una de las afecciones respiratorias m\u00e1s prevalentes y debilitantes en la actualidad, afectando a millones de personas en todo el mundo. [&hellip;]","og_url":"https:\/\/www.quebakan.com\/v15\/epoc-la-enfermedad-respiratoria-que-afecta-a-millones-y-no-tiene-cura\/","og_site_name":"QUEBAKAN.COM 2026: Noticias, Eventos, Conciertos y mucho m\u00e1s....","article_publisher":"http:\/\/www.facebook.com\/quebakan","article_published_time":"2024-11-12T02:53:15+00:00","og_image":[{"width":700,"height":392,"url":"https:\/\/www.quebakan.com\/v15\/wp-content\/uploads\/2024\/11\/pulmon-3.jpg","type":"image\/jpeg"}],"author":"Erick Villafuerte","twitter_card":"summary_large_image","twitter_creator":"@quebakanec","twitter_site":"@quebakanec","twitter_misc":{"Escrito por":"Erick Villafuerte","Tiempo de lectura":"4 minutos"},"schema":{"@context":"https:\/\/schema.org","@graph":[{"@type":"Article","@id":"https:\/\/www.quebakan.com\/v15\/epoc-la-enfermedad-respiratoria-que-afecta-a-millones-y-no-tiene-cura\/#article","isPartOf":{"@id":"https:\/\/www.quebakan.com\/v15\/epoc-la-enfermedad-respiratoria-que-afecta-a-millones-y-no-tiene-cura\/"},"author":{"name":"Erick Villafuerte","@id":"https:\/\/www.quebakan.com\/v15\/#\/schema\/person\/d90fa9f9cfa81eb8ace9811e5b7b9118"},"headline":"EPOC: La Enfermedad Respiratoria que afecta a millones y no tiene cura","datePublished":"2024-11-12T02:53:15+00:00","mainEntityOfPage":{"@id":"https:\/\/www.quebakan.com\/v15\/epoc-la-enfermedad-respiratoria-que-afecta-a-millones-y-no-tiene-cura\/"},"wordCount":660,"commentCount":0,"publisher":{"@id":"https:\/\/www.quebakan.com\/v15\/#organization"},"image":{"@id":"https:\/\/www.quebakan.com\/v15\/epoc-la-enfermedad-respiratoria-que-afecta-a-millones-y-no-tiene-cura\/#primaryimage"},"thumbnailUrl":"https:\/\/www.quebakan.com\/v15\/wp-content\/uploads\/2024\/11\/pulmon-3.jpg","articleSection":["Noticias"],"inLanguage":"es"},{"@type":"WebPage","@id":"https:\/\/www.quebakan.com\/v15\/epoc-la-enfermedad-respiratoria-que-afecta-a-millones-y-no-tiene-cura\/","url":"https:\/\/www.quebakan.com\/v15\/epoc-la-enfermedad-respiratoria-que-afecta-a-millones-y-no-tiene-cura\/","name":"EPOC: La Enfermedad Respiratoria que afecta a millones y no tiene cura &#8211; QUEBAKAN.COM 2026: Noticias, Eventos, Conciertos y mucho m\u00e1s....","isPartOf":{"@id":"https:\/\/www.quebakan.com\/v15\/#website"},"primaryImageOfPage":{"@id":"https:\/\/www.quebakan.com\/v15\/epoc-la-enfermedad-respiratoria-que-afecta-a-millones-y-no-tiene-cura\/#primaryimage"},"image":{"@id":"https:\/\/www.quebakan.com\/v15\/epoc-la-enfermedad-respiratoria-que-afecta-a-millones-y-no-tiene-cura\/#primaryimage"},"thumbnailUrl":"https:\/\/www.quebakan.com\/v15\/wp-content\/uploads\/2024\/11\/pulmon-3.jpg","datePublished":"2024-11-12T02:53:15+00:00","breadcrumb":{"@id":"https:\/\/www.quebakan.com\/v15\/epoc-la-enfermedad-respiratoria-que-afecta-a-millones-y-no-tiene-cura\/#breadcrumb"},"inLanguage":"es","potentialAction":[{"@type":"ReadAction","target":["https:\/\/www.quebakan.com\/v15\/epoc-la-enfermedad-respiratoria-que-afecta-a-millones-y-no-tiene-cura\/"]}]},{"@type":"ImageObject","inLanguage":"es","@id":"https:\/\/www.quebakan.com\/v15\/epoc-la-enfermedad-respiratoria-que-afecta-a-millones-y-no-tiene-cura\/#primaryimage","url":"https:\/\/www.quebakan.com\/v15\/wp-content\/uploads\/2024\/11\/pulmon-3.jpg","contentUrl":"https:\/\/www.quebakan.com\/v15\/wp-content\/uploads\/2024\/11\/pulmon-3.jpg","width":700,"height":392},{"@type":"BreadcrumbList","@id":"https:\/\/www.quebakan.com\/v15\/epoc-la-enfermedad-respiratoria-que-afecta-a-millones-y-no-tiene-cura\/#breadcrumb","itemListElement":[{"@type":"ListItem","position":1,"name":"Portada","item":"https:\/\/www.quebakan.com\/v15\/"},{"@type":"ListItem","position":2,"name":"EPOC: La Enfermedad Respiratoria que afecta a millones y no tiene cura"}]},{"@type":"WebSite","@id":"https:\/\/www.quebakan.com\/v15\/#website","url":"https:\/\/www.quebakan.com\/v15\/","name":"QUEBAKAN","description":"..","publisher":{"@id":"https:\/\/www.quebakan.com\/v15\/#organization"},"potentialAction":[{"@type":"SearchAction","target":{"@type":"EntryPoint","urlTemplate":"https:\/\/www.quebakan.com\/v15\/?s={search_term_string}"},"query-input":{"@type":"PropertyValueSpecification","valueRequired":true,"valueName":"search_term_string"}}],"inLanguage":"es"},{"@type":"Organization","@id":"https:\/\/www.quebakan.com\/v15\/#organization","name":"Quebakan.com","url":"https:\/\/www.quebakan.com\/v15\/","logo":{"@type":"ImageObject","inLanguage":"es","@id":"https:\/\/www.quebakan.com\/v15\/#\/schema\/logo\/image\/","url":"https:\/\/www.quebakan.com\/v15\/wp-content\/uploads\/2023\/07\/logoquebakanenero2021.jpg","contentUrl":"https:\/\/www.quebakan.com\/v15\/wp-content\/uploads\/2023\/07\/logoquebakanenero2021.jpg","width":1920,"height":1080,"caption":"Quebakan.com"},"image":{"@id":"https:\/\/www.quebakan.com\/v15\/#\/schema\/logo\/image\/"},"sameAs":["http:\/\/www.facebook.com\/quebakan","https:\/\/x.com\/quebakanec","http:\/\/www.instagram.com\/quebakan","http:\/\/www.youtube.com\/quebakan1"]},{"@type":"Person","@id":"https:\/\/www.quebakan.com\/v15\/#\/schema\/person\/d90fa9f9cfa81eb8ace9811e5b7b9118","name":"Erick Villafuerte","image":{"@type":"ImageObject","inLanguage":"es","@id":"https:\/\/www.quebakan.com\/v15\/wp-content\/uploads\/avatars\/4\/1731297654-bpfull.png","url":"https:\/\/www.quebakan.com\/v15\/wp-content\/uploads\/avatars\/4\/1731297654-bpfull.png","contentUrl":"https:\/\/www.quebakan.com\/v15\/wp-content\/uploads\/avatars\/4\/1731297654-bpfull.png","caption":"Erick Villafuerte"}}]}},"_links":{"self":[{"href":"https:\/\/www.quebakan.com\/v15\/wp-json\/wp\/v2\/posts\/125850","targetHints":{"allow":["GET"]}}],"collection":[{"href":"https:\/\/www.quebakan.com\/v15\/wp-json\/wp\/v2\/posts"}],"about":[{"href":"https:\/\/www.quebakan.com\/v15\/wp-json\/wp\/v2\/types\/post"}],"author":[{"embeddable":true,"href":"https:\/\/www.quebakan.com\/v15\/wp-json\/wp\/v2\/users\/4"}],"replies":[{"embeddable":true,"href":"https:\/\/www.quebakan.com\/v15\/wp-json\/wp\/v2\/comments?post=125850"}],"version-history":[{"count":1,"href":"https:\/\/www.quebakan.com\/v15\/wp-json\/wp\/v2\/posts\/125850\/revisions"}],"predecessor-version":[{"id":125852,"href":"https:\/\/www.quebakan.com\/v15\/wp-json\/wp\/v2\/posts\/125850\/revisions\/125852"}],"wp:featuredmedia":[{"embeddable":true,"href":"https:\/\/www.quebakan.com\/v15\/wp-json\/wp\/v2\/media\/125851"}],"wp:attachment":[{"href":"https:\/\/www.quebakan.com\/v15\/wp-json\/wp\/v2\/media?parent=125850"}],"wp:term":[{"taxonomy":"category","embeddable":true,"href":"https:\/\/www.quebakan.com\/v15\/wp-json\/wp\/v2\/categories?post=125850"},{"taxonomy":"post_tag","embeddable":true,"href":"https:\/\/www.quebakan.com\/v15\/wp-json\/wp\/v2\/tags?post=125850"}],"curies":[{"name":"wp","href":"https:\/\/api.w.org\/{rel}","templated":true}]}}