{"id":125864,"date":"2024-11-12T15:53:50","date_gmt":"2024-11-12T20:53:50","guid":{"rendered":"https:\/\/www.quebakan.com\/v15\/?p=125864"},"modified":"2024-11-12T15:53:50","modified_gmt":"2024-11-12T20:53:50","slug":"banco-guayaquil-es-reconocido-bank-of-the-year-2024-por-latin-finance","status":"publish","type":"post","link":"https:\/\/www.quebakan.com\/v15\/banco-guayaquil-es-reconocido-bank-of-the-year-2024-por-latin-finance\/","title":{"rendered":"Banco Guayaquil es reconocido \u201cBank of the Year 2024\u201d por Latin Finance"},"content":{"rendered":"<p><img fetchpriority=\"high\" decoding=\"async\" class=\"aligncenter size-full wp-image-125865\" src=\"https:\/\/www.quebakan.com\/v15\/wp-content\/uploads\/2024\/11\/FOTO-6.jpg\" alt=\"\" width=\"800\" height=\"533\" srcset=\"https:\/\/www.quebakan.com\/v15\/wp-content\/uploads\/2024\/11\/FOTO-6.jpg 800w, https:\/\/www.quebakan.com\/v15\/wp-content\/uploads\/2024\/11\/FOTO-6-768x512.jpg 768w, https:\/\/www.quebakan.com\/v15\/wp-content\/uploads\/2024\/11\/FOTO-6-750x500.jpg 750w\" sizes=\"(max-width: 800px) 100vw, 800px\" \/><\/p>\n<p style=\"text-align: justify;\"><span style=\"color: #000000;\"><strong>Pie de foto (de izquierda a derecha):<\/strong> Roberto Montero, Gerente de la Banca Internacional de Banco Guayaquil; Julio Mackliff, Vicepresidente ejecutivo de Finanzas y Gesti\u00f3n Corporativa de Banco Guayaquil; \u00d3scar Ortega, Gerente de Tesorer\u00eda de Banco Guayaquil y Ericka Reyes de Banco Guayaquil recibiendo el reconocimiento Bank of the Year 2024.<\/span><\/p>\n<p style=\"text-align: justify;\"><span style=\"color: #000000;\">Banco Guayaquil, una de las principales entidades financieras del Ecuador, con 100 a\u00f1os de experiencia y calificaci\u00f3n triple AAA ha sido galardonado con el prestigioso premio <em>\u00abBank of the Year 2024\u00bb, <\/em>otorgado por la revista <em>LatinFinance<\/em>. Este reconocimiento distingue a los bancos m\u00e1s destacados de Am\u00e9rica Latina y el Caribe, que han demostrado excelencia en servicios bancarios minoristas, comerciales y de inversi\u00f3n, as\u00ed como un compromiso continuo con la innovaci\u00f3n y la sostenibilidad.<\/span><\/p>\n<p style=\"text-align: justify;\"><span style=\"color: #000000;\">El Banco recibe esta distinci\u00f3n en reconocimiento a su destacada trayectoria como l\u00edder del sector financiero impulsado por un crecimiento s\u00f3lido reflejado en el aumento de su cartera de cr\u00e9ditos de US$ 497 millones, lo que representa un 11%. Este incremento no solo destaca su principal activo de riesgo, sino tambi\u00e9n su participaci\u00f3n en el mercado de valores como emisor de bonos, acciones, certificados de dep\u00f3sito, as\u00ed como inversionista.\u00a0<\/span><\/p>\n<p style=\"text-align: justify;\"><span style=\"color: #000000;\">\u00abEs un honor ser reconocido como el Banco del A\u00f1o. Este premio es motivo de celebraci\u00f3n, pero m\u00e1s a\u00fan, de agradecimiento a nuestros colaboradores, clientes y aliados. Cada interacci\u00f3n, cada transacci\u00f3n, contribuye a construir el mejor banco, d\u00eda tras d\u00eda. Este galard\u00f3n refleja nuestro compromiso con la innovaci\u00f3n en soluciones digitales y medios de pago, as\u00ed como nuestro firme apoyo al sector productivo del pa\u00eds a trav\u00e9s de un financiamiento adecuado y accesible\u00bb expresa Guillermo Lasso Alc\u00edvar, Presidente ejecutivo de Banco Guayaquil.<\/span><\/p>\n<p style=\"text-align: justify;\"><span style=\"color: #000000;\">La premiaci\u00f3n, que tuvo lugar en el Congreso de FELABAN en Asunci\u00f3n, Paraguay, se bas\u00f3 en los resultados financieros del per\u00edodo de elegibilidad, del 1 de julio de 2023 al 30 de junio de 2024. En su evaluaci\u00f3n, <em>LatinFinance<\/em> consider\u00f3 los principales indicadores financieros de los bancos postulantes, tales como activos totales, coeficiente de capital, rendimiento del capital y activos, as\u00ed como la opini\u00f3n del mercado, los comentarios de analistas y agencias de calificaci\u00f3n, y las pr\u00e1cticas de sostenibilidad\/ESG. Adem\u00e1s, el an\u00e1lisis editorial de la revista complet\u00f3 el proceso de selecci\u00f3n.<\/span><\/p>\n<p style=\"text-align: justify;\"><span style=\"color: #000000;\">De esta manera, la selecci\u00f3n de Banco Guayaquil como ganador se bas\u00f3 en el cumplimiento de los indicadores claves, destac\u00e1ndose por mantener una s\u00f3lida oferta de servicios financieros competitivos, contando con un crecimiento notable tanto en 2023 como en lo que va del 2024.<\/span><\/p>\n<p style=\"text-align: justify;\"><span style=\"color: #000000;\">Este galard\u00f3n refuerza el posicionamiento de Banco Guayaquil como un referente en la industria financiera, comprometido con la innovaci\u00f3n, la sostenibilidad y el crecimiento econ\u00f3mico del Ecuador.<\/span><\/p>\n","protected":false},"excerpt":{"rendered":"<p>Pie de foto (de izquierda a derecha): Roberto Montero, Gerente de la Banca Internacional de Banco Guayaquil; Julio Mackliff, Vicepresidente ejecutivo de Finanzas y Gesti\u00f3n Corporativa de Banco Guayaquil; \u00d3scar Ortega, Gerente de Tesorer\u00eda de Banco Guayaquil y Ericka Reyes de Banco Guayaquil recibiendo el reconocimiento Bank of the Year 2024. Banco Guayaquil, una de [&hellip;]<\/p>\n","protected":false},"author":4,"featured_media":125865,"comment_status":"open","ping_status":"open","sticky":false,"template":"","format":"standard","meta":{"_bbp_topic_count":0,"_bbp_reply_count":0,"_bbp_total_topic_count":0,"_bbp_total_reply_count":0,"_bbp_voice_count":0,"_bbp_anonymous_reply_count":0,"_bbp_topic_count_hidden":0,"_bbp_reply_count_hidden":0,"_bbp_forum_subforum_count":0,"buzzeditor_post_format":"","footnotes":""},"categories":[334],"tags":[],"class_list":["post-125864","post","type-post","status-publish","format-standard","has-post-thumbnail","hentry","category-empresarial"],"yoast_head":"<!-- This site is optimized with the Yoast SEO plugin v27.5 - https:\/\/yoast.com\/product\/yoast-seo-wordpress\/ -->\n<title>Banco Guayaquil es reconocido \u201cBank of the Year 2024\u201d por Latin Finance &#8211; QUEBAKAN.COM 2026: Noticias, Eventos, Conciertos y mucho m\u00e1s....<\/title>\n<meta name=\"robots\" content=\"index, follow, max-snippet:-1, max-image-preview:large, max-video-preview:-1\" \/>\n<link rel=\"canonical\" href=\"https:\/\/www.quebakan.com\/v15\/banco-guayaquil-es-reconocido-bank-of-the-year-2024-por-latin-finance\/\" \/>\n<meta property=\"og:locale\" content=\"es_ES\" \/>\n<meta property=\"og:type\" content=\"article\" \/>\n<meta property=\"og:title\" content=\"Banco Guayaquil es reconocido \u201cBank of the Year 2024\u201d por Latin Finance &#8211; QUEBAKAN.COM 2026: Noticias, Eventos, Conciertos y mucho m\u00e1s....\" \/>\n<meta property=\"og:description\" content=\"Pie de foto (de izquierda a derecha): Roberto Montero, Gerente de la Banca Internacional de Banco Guayaquil; Julio Mackliff, Vicepresidente ejecutivo de Finanzas y Gesti\u00f3n Corporativa de Banco Guayaquil; \u00d3scar Ortega, Gerente de Tesorer\u00eda de Banco Guayaquil y Ericka Reyes de Banco Guayaquil recibiendo el reconocimiento Bank of the Year 2024. Banco Guayaquil, una de [&hellip;]\" \/>\n<meta property=\"og:url\" content=\"https:\/\/www.quebakan.com\/v15\/banco-guayaquil-es-reconocido-bank-of-the-year-2024-por-latin-finance\/\" \/>\n<meta property=\"og:site_name\" content=\"QUEBAKAN.COM 2026: Noticias, Eventos, Conciertos y mucho m\u00e1s....\" \/>\n<meta property=\"article:publisher\" content=\"http:\/\/www.facebook.com\/quebakan\" \/>\n<meta property=\"article:published_time\" content=\"2024-11-12T20:53:50+00:00\" \/>\n<meta property=\"og:image\" content=\"https:\/\/www.quebakan.com\/v15\/wp-content\/uploads\/2024\/11\/FOTO-6.jpg\" \/>\n\t<meta property=\"og:image:width\" content=\"800\" \/>\n\t<meta property=\"og:image:height\" content=\"533\" \/>\n\t<meta property=\"og:image:type\" content=\"image\/jpeg\" \/>\n<meta name=\"author\" content=\"Erick Villafuerte\" \/>\n<meta name=\"twitter:card\" content=\"summary_large_image\" \/>\n<meta name=\"twitter:creator\" content=\"@quebakanec\" \/>\n<meta name=\"twitter:site\" content=\"@quebakanec\" \/>\n<meta name=\"twitter:label1\" content=\"Escrito por\" \/>\n\t<meta name=\"twitter:data1\" content=\"Erick Villafuerte\" \/>\n\t<meta name=\"twitter:label2\" content=\"Tiempo de lectura\" \/>\n\t<meta name=\"twitter:data2\" content=\"3 minutos\" \/>\n<script type=\"application\/ld+json\" class=\"yoast-schema-graph\">{\"@context\":\"https:\\\/\\\/schema.org\",\"@graph\":[{\"@type\":\"Article\",\"@id\":\"https:\\\/\\\/www.quebakan.com\\\/v15\\\/banco-guayaquil-es-reconocido-bank-of-the-year-2024-por-latin-finance\\\/#article\",\"isPartOf\":{\"@id\":\"https:\\\/\\\/www.quebakan.com\\\/v15\\\/banco-guayaquil-es-reconocido-bank-of-the-year-2024-por-latin-finance\\\/\"},\"author\":{\"name\":\"Erick Villafuerte\",\"@id\":\"https:\\\/\\\/www.quebakan.com\\\/v15\\\/#\\\/schema\\\/person\\\/d90fa9f9cfa81eb8ace9811e5b7b9118\"},\"headline\":\"Banco Guayaquil es reconocido \u201cBank of the Year 2024\u201d por Latin Finance\",\"datePublished\":\"2024-11-12T20:53:50+00:00\",\"mainEntityOfPage\":{\"@id\":\"https:\\\/\\\/www.quebakan.com\\\/v15\\\/banco-guayaquil-es-reconocido-bank-of-the-year-2024-por-latin-finance\\\/\"},\"wordCount\":482,\"commentCount\":0,\"publisher\":{\"@id\":\"https:\\\/\\\/www.quebakan.com\\\/v15\\\/#organization\"},\"image\":{\"@id\":\"https:\\\/\\\/www.quebakan.com\\\/v15\\\/banco-guayaquil-es-reconocido-bank-of-the-year-2024-por-latin-finance\\\/#primaryimage\"},\"thumbnailUrl\":\"https:\\\/\\\/www.quebakan.com\\\/v15\\\/wp-content\\\/uploads\\\/2024\\\/11\\\/FOTO-6.jpg\",\"articleSection\":[\"Empresarial\"],\"inLanguage\":\"es\"},{\"@type\":\"WebPage\",\"@id\":\"https:\\\/\\\/www.quebakan.com\\\/v15\\\/banco-guayaquil-es-reconocido-bank-of-the-year-2024-por-latin-finance\\\/\",\"url\":\"https:\\\/\\\/www.quebakan.com\\\/v15\\\/banco-guayaquil-es-reconocido-bank-of-the-year-2024-por-latin-finance\\\/\",\"name\":\"Banco Guayaquil es reconocido \u201cBank of the Year 2024\u201d por Latin Finance &#8211; QUEBAKAN.COM 2026: Noticias, Eventos, Conciertos y mucho m\u00e1s....\",\"isPartOf\":{\"@id\":\"https:\\\/\\\/www.quebakan.com\\\/v15\\\/#website\"},\"primaryImageOfPage\":{\"@id\":\"https:\\\/\\\/www.quebakan.com\\\/v15\\\/banco-guayaquil-es-reconocido-bank-of-the-year-2024-por-latin-finance\\\/#primaryimage\"},\"image\":{\"@id\":\"https:\\\/\\\/www.quebakan.com\\\/v15\\\/banco-guayaquil-es-reconocido-bank-of-the-year-2024-por-latin-finance\\\/#primaryimage\"},\"thumbnailUrl\":\"https:\\\/\\\/www.quebakan.com\\\/v15\\\/wp-content\\\/uploads\\\/2024\\\/11\\\/FOTO-6.jpg\",\"datePublished\":\"2024-11-12T20:53:50+00:00\",\"breadcrumb\":{\"@id\":\"https:\\\/\\\/www.quebakan.com\\\/v15\\\/banco-guayaquil-es-reconocido-bank-of-the-year-2024-por-latin-finance\\\/#breadcrumb\"},\"inLanguage\":\"es\",\"potentialAction\":[{\"@type\":\"ReadAction\",\"target\":[\"https:\\\/\\\/www.quebakan.com\\\/v15\\\/banco-guayaquil-es-reconocido-bank-of-the-year-2024-por-latin-finance\\\/\"]}]},{\"@type\":\"ImageObject\",\"inLanguage\":\"es\",\"@id\":\"https:\\\/\\\/www.quebakan.com\\\/v15\\\/banco-guayaquil-es-reconocido-bank-of-the-year-2024-por-latin-finance\\\/#primaryimage\",\"url\":\"https:\\\/\\\/www.quebakan.com\\\/v15\\\/wp-content\\\/uploads\\\/2024\\\/11\\\/FOTO-6.jpg\",\"contentUrl\":\"https:\\\/\\\/www.quebakan.com\\\/v15\\\/wp-content\\\/uploads\\\/2024\\\/11\\\/FOTO-6.jpg\",\"width\":800,\"height\":533},{\"@type\":\"BreadcrumbList\",\"@id\":\"https:\\\/\\\/www.quebakan.com\\\/v15\\\/banco-guayaquil-es-reconocido-bank-of-the-year-2024-por-latin-finance\\\/#breadcrumb\",\"itemListElement\":[{\"@type\":\"ListItem\",\"position\":1,\"name\":\"Portada\",\"item\":\"https:\\\/\\\/www.quebakan.com\\\/v15\\\/\"},{\"@type\":\"ListItem\",\"position\":2,\"name\":\"Banco Guayaquil es reconocido \u201cBank of the Year 2024\u201d por Latin Finance\"}]},{\"@type\":\"WebSite\",\"@id\":\"https:\\\/\\\/www.quebakan.com\\\/v15\\\/#website\",\"url\":\"https:\\\/\\\/www.quebakan.com\\\/v15\\\/\",\"name\":\"QUEBAKAN\",\"description\":\"..\",\"publisher\":{\"@id\":\"https:\\\/\\\/www.quebakan.com\\\/v15\\\/#organization\"},\"potentialAction\":[{\"@type\":\"SearchAction\",\"target\":{\"@type\":\"EntryPoint\",\"urlTemplate\":\"https:\\\/\\\/www.quebakan.com\\\/v15\\\/?s={search_term_string}\"},\"query-input\":{\"@type\":\"PropertyValueSpecification\",\"valueRequired\":true,\"valueName\":\"search_term_string\"}}],\"inLanguage\":\"es\"},{\"@type\":\"Organization\",\"@id\":\"https:\\\/\\\/www.quebakan.com\\\/v15\\\/#organization\",\"name\":\"Quebakan.com\",\"url\":\"https:\\\/\\\/www.quebakan.com\\\/v15\\\/\",\"logo\":{\"@type\":\"ImageObject\",\"inLanguage\":\"es\",\"@id\":\"https:\\\/\\\/www.quebakan.com\\\/v15\\\/#\\\/schema\\\/logo\\\/image\\\/\",\"url\":\"https:\\\/\\\/www.quebakan.com\\\/v15\\\/wp-content\\\/uploads\\\/2023\\\/07\\\/logoquebakanenero2021.jpg\",\"contentUrl\":\"https:\\\/\\\/www.quebakan.com\\\/v15\\\/wp-content\\\/uploads\\\/2023\\\/07\\\/logoquebakanenero2021.jpg\",\"width\":1920,\"height\":1080,\"caption\":\"Quebakan.com\"},\"image\":{\"@id\":\"https:\\\/\\\/www.quebakan.com\\\/v15\\\/#\\\/schema\\\/logo\\\/image\\\/\"},\"sameAs\":[\"http:\\\/\\\/www.facebook.com\\\/quebakan\",\"https:\\\/\\\/x.com\\\/quebakanec\",\"http:\\\/\\\/www.instagram.com\\\/quebakan\",\"http:\\\/\\\/www.youtube.com\\\/quebakan1\"]},{\"@type\":\"Person\",\"@id\":\"https:\\\/\\\/www.quebakan.com\\\/v15\\\/#\\\/schema\\\/person\\\/d90fa9f9cfa81eb8ace9811e5b7b9118\",\"name\":\"Erick Villafuerte\",\"image\":{\"@type\":\"ImageObject\",\"inLanguage\":\"es\",\"@id\":\"https:\\\/\\\/www.quebakan.com\\\/v15\\\/wp-content\\\/uploads\\\/avatars\\\/4\\\/1731297654-bpfull.png\",\"url\":\"https:\\\/\\\/www.quebakan.com\\\/v15\\\/wp-content\\\/uploads\\\/avatars\\\/4\\\/1731297654-bpfull.png\",\"contentUrl\":\"https:\\\/\\\/www.quebakan.com\\\/v15\\\/wp-content\\\/uploads\\\/avatars\\\/4\\\/1731297654-bpfull.png\",\"caption\":\"Erick Villafuerte\"}}]}<\/script>\n<!-- \/ Yoast SEO plugin. -->","yoast_head_json":{"title":"Banco Guayaquil es reconocido \u201cBank of the Year 2024\u201d por Latin Finance &#8211; QUEBAKAN.COM 2026: Noticias, Eventos, Conciertos y mucho m\u00e1s....","robots":{"index":"index","follow":"follow","max-snippet":"max-snippet:-1","max-image-preview":"max-image-preview:large","max-video-preview":"max-video-preview:-1"},"canonical":"https:\/\/www.quebakan.com\/v15\/banco-guayaquil-es-reconocido-bank-of-the-year-2024-por-latin-finance\/","og_locale":"es_ES","og_type":"article","og_title":"Banco Guayaquil es reconocido \u201cBank of the Year 2024\u201d por Latin Finance &#8211; QUEBAKAN.COM 2026: Noticias, Eventos, Conciertos y mucho m\u00e1s....","og_description":"Pie de foto (de izquierda a derecha): Roberto Montero, Gerente de la Banca Internacional de Banco Guayaquil; Julio Mackliff, Vicepresidente ejecutivo de Finanzas y Gesti\u00f3n Corporativa de Banco Guayaquil; \u00d3scar Ortega, Gerente de Tesorer\u00eda de Banco Guayaquil y Ericka Reyes de Banco Guayaquil recibiendo el reconocimiento Bank of the Year 2024. Banco Guayaquil, una de [&hellip;]","og_url":"https:\/\/www.quebakan.com\/v15\/banco-guayaquil-es-reconocido-bank-of-the-year-2024-por-latin-finance\/","og_site_name":"QUEBAKAN.COM 2026: Noticias, Eventos, Conciertos y mucho m\u00e1s....","article_publisher":"http:\/\/www.facebook.com\/quebakan","article_published_time":"2024-11-12T20:53:50+00:00","og_image":[{"width":800,"height":533,"url":"https:\/\/www.quebakan.com\/v15\/wp-content\/uploads\/2024\/11\/FOTO-6.jpg","type":"image\/jpeg"}],"author":"Erick Villafuerte","twitter_card":"summary_large_image","twitter_creator":"@quebakanec","twitter_site":"@quebakanec","twitter_misc":{"Escrito por":"Erick Villafuerte","Tiempo de lectura":"3 minutos"},"schema":{"@context":"https:\/\/schema.org","@graph":[{"@type":"Article","@id":"https:\/\/www.quebakan.com\/v15\/banco-guayaquil-es-reconocido-bank-of-the-year-2024-por-latin-finance\/#article","isPartOf":{"@id":"https:\/\/www.quebakan.com\/v15\/banco-guayaquil-es-reconocido-bank-of-the-year-2024-por-latin-finance\/"},"author":{"name":"Erick Villafuerte","@id":"https:\/\/www.quebakan.com\/v15\/#\/schema\/person\/d90fa9f9cfa81eb8ace9811e5b7b9118"},"headline":"Banco Guayaquil es reconocido \u201cBank of the Year 2024\u201d por Latin Finance","datePublished":"2024-11-12T20:53:50+00:00","mainEntityOfPage":{"@id":"https:\/\/www.quebakan.com\/v15\/banco-guayaquil-es-reconocido-bank-of-the-year-2024-por-latin-finance\/"},"wordCount":482,"commentCount":0,"publisher":{"@id":"https:\/\/www.quebakan.com\/v15\/#organization"},"image":{"@id":"https:\/\/www.quebakan.com\/v15\/banco-guayaquil-es-reconocido-bank-of-the-year-2024-por-latin-finance\/#primaryimage"},"thumbnailUrl":"https:\/\/www.quebakan.com\/v15\/wp-content\/uploads\/2024\/11\/FOTO-6.jpg","articleSection":["Empresarial"],"inLanguage":"es"},{"@type":"WebPage","@id":"https:\/\/www.quebakan.com\/v15\/banco-guayaquil-es-reconocido-bank-of-the-year-2024-por-latin-finance\/","url":"https:\/\/www.quebakan.com\/v15\/banco-guayaquil-es-reconocido-bank-of-the-year-2024-por-latin-finance\/","name":"Banco Guayaquil es reconocido \u201cBank of the Year 2024\u201d por Latin Finance &#8211; QUEBAKAN.COM 2026: Noticias, Eventos, Conciertos y mucho m\u00e1s....","isPartOf":{"@id":"https:\/\/www.quebakan.com\/v15\/#website"},"primaryImageOfPage":{"@id":"https:\/\/www.quebakan.com\/v15\/banco-guayaquil-es-reconocido-bank-of-the-year-2024-por-latin-finance\/#primaryimage"},"image":{"@id":"https:\/\/www.quebakan.com\/v15\/banco-guayaquil-es-reconocido-bank-of-the-year-2024-por-latin-finance\/#primaryimage"},"thumbnailUrl":"https:\/\/www.quebakan.com\/v15\/wp-content\/uploads\/2024\/11\/FOTO-6.jpg","datePublished":"2024-11-12T20:53:50+00:00","breadcrumb":{"@id":"https:\/\/www.quebakan.com\/v15\/banco-guayaquil-es-reconocido-bank-of-the-year-2024-por-latin-finance\/#breadcrumb"},"inLanguage":"es","potentialAction":[{"@type":"ReadAction","target":["https:\/\/www.quebakan.com\/v15\/banco-guayaquil-es-reconocido-bank-of-the-year-2024-por-latin-finance\/"]}]},{"@type":"ImageObject","inLanguage":"es","@id":"https:\/\/www.quebakan.com\/v15\/banco-guayaquil-es-reconocido-bank-of-the-year-2024-por-latin-finance\/#primaryimage","url":"https:\/\/www.quebakan.com\/v15\/wp-content\/uploads\/2024\/11\/FOTO-6.jpg","contentUrl":"https:\/\/www.quebakan.com\/v15\/wp-content\/uploads\/2024\/11\/FOTO-6.jpg","width":800,"height":533},{"@type":"BreadcrumbList","@id":"https:\/\/www.quebakan.com\/v15\/banco-guayaquil-es-reconocido-bank-of-the-year-2024-por-latin-finance\/#breadcrumb","itemListElement":[{"@type":"ListItem","position":1,"name":"Portada","item":"https:\/\/www.quebakan.com\/v15\/"},{"@type":"ListItem","position":2,"name":"Banco Guayaquil es reconocido \u201cBank of the Year 2024\u201d por Latin Finance"}]},{"@type":"WebSite","@id":"https:\/\/www.quebakan.com\/v15\/#website","url":"https:\/\/www.quebakan.com\/v15\/","name":"QUEBAKAN","description":"..","publisher":{"@id":"https:\/\/www.quebakan.com\/v15\/#organization"},"potentialAction":[{"@type":"SearchAction","target":{"@type":"EntryPoint","urlTemplate":"https:\/\/www.quebakan.com\/v15\/?s={search_term_string}"},"query-input":{"@type":"PropertyValueSpecification","valueRequired":true,"valueName":"search_term_string"}}],"inLanguage":"es"},{"@type":"Organization","@id":"https:\/\/www.quebakan.com\/v15\/#organization","name":"Quebakan.com","url":"https:\/\/www.quebakan.com\/v15\/","logo":{"@type":"ImageObject","inLanguage":"es","@id":"https:\/\/www.quebakan.com\/v15\/#\/schema\/logo\/image\/","url":"https:\/\/www.quebakan.com\/v15\/wp-content\/uploads\/2023\/07\/logoquebakanenero2021.jpg","contentUrl":"https:\/\/www.quebakan.com\/v15\/wp-content\/uploads\/2023\/07\/logoquebakanenero2021.jpg","width":1920,"height":1080,"caption":"Quebakan.com"},"image":{"@id":"https:\/\/www.quebakan.com\/v15\/#\/schema\/logo\/image\/"},"sameAs":["http:\/\/www.facebook.com\/quebakan","https:\/\/x.com\/quebakanec","http:\/\/www.instagram.com\/quebakan","http:\/\/www.youtube.com\/quebakan1"]},{"@type":"Person","@id":"https:\/\/www.quebakan.com\/v15\/#\/schema\/person\/d90fa9f9cfa81eb8ace9811e5b7b9118","name":"Erick Villafuerte","image":{"@type":"ImageObject","inLanguage":"es","@id":"https:\/\/www.quebakan.com\/v15\/wp-content\/uploads\/avatars\/4\/1731297654-bpfull.png","url":"https:\/\/www.quebakan.com\/v15\/wp-content\/uploads\/avatars\/4\/1731297654-bpfull.png","contentUrl":"https:\/\/www.quebakan.com\/v15\/wp-content\/uploads\/avatars\/4\/1731297654-bpfull.png","caption":"Erick Villafuerte"}}]}},"_links":{"self":[{"href":"https:\/\/www.quebakan.com\/v15\/wp-json\/wp\/v2\/posts\/125864","targetHints":{"allow":["GET"]}}],"collection":[{"href":"https:\/\/www.quebakan.com\/v15\/wp-json\/wp\/v2\/posts"}],"about":[{"href":"https:\/\/www.quebakan.com\/v15\/wp-json\/wp\/v2\/types\/post"}],"author":[{"embeddable":true,"href":"https:\/\/www.quebakan.com\/v15\/wp-json\/wp\/v2\/users\/4"}],"replies":[{"embeddable":true,"href":"https:\/\/www.quebakan.com\/v15\/wp-json\/wp\/v2\/comments?post=125864"}],"version-history":[{"count":1,"href":"https:\/\/www.quebakan.com\/v15\/wp-json\/wp\/v2\/posts\/125864\/revisions"}],"predecessor-version":[{"id":125866,"href":"https:\/\/www.quebakan.com\/v15\/wp-json\/wp\/v2\/posts\/125864\/revisions\/125866"}],"wp:featuredmedia":[{"embeddable":true,"href":"https:\/\/www.quebakan.com\/v15\/wp-json\/wp\/v2\/media\/125865"}],"wp:attachment":[{"href":"https:\/\/www.quebakan.com\/v15\/wp-json\/wp\/v2\/media?parent=125864"}],"wp:term":[{"taxonomy":"category","embeddable":true,"href":"https:\/\/www.quebakan.com\/v15\/wp-json\/wp\/v2\/categories?post=125864"},{"taxonomy":"post_tag","embeddable":true,"href":"https:\/\/www.quebakan.com\/v15\/wp-json\/wp\/v2\/tags?post=125864"}],"curies":[{"name":"wp","href":"https:\/\/api.w.org\/{rel}","templated":true}]}}