{"id":125909,"date":"2024-11-13T12:28:16","date_gmt":"2024-11-13T17:28:16","guid":{"rendered":"https:\/\/www.quebakan.com\/v15\/?p=125909"},"modified":"2024-11-13T12:28:16","modified_gmt":"2024-11-13T17:28:16","slug":"hyundai-motor-presenta-el-primer-vistazo-al-ioniq-9-embarcandose-en-una-nueva-era-de-diseno-de-vehiculos-electricos-espaciosos","status":"publish","type":"post","link":"https:\/\/www.quebakan.com\/v15\/hyundai-motor-presenta-el-primer-vistazo-al-ioniq-9-embarcandose-en-una-nueva-era-de-diseno-de-vehiculos-electricos-espaciosos\/","title":{"rendered":"Hyundai Motor presenta el primer vistazo al IONIQ 9, Embarc\u00e1ndose en una nueva era de dise\u00f1o de veh\u00edculos el\u00e9ctricos espaciosos"},"content":{"rendered":"<p><img fetchpriority=\"high\" decoding=\"async\" class=\"aligncenter size-full wp-image-125910\" src=\"https:\/\/www.quebakan.com\/v15\/wp-content\/uploads\/2024\/11\/Image-1-Hyundai-Motor-Presents-First-Look-at-IONIQ-9-Embarking-on-a-New-Era-of-Spacious-EV-Design.jpg\" alt=\"\" width=\"700\" height=\"285\" \/><\/p>\n<ul>\n<li style=\"text-align: justify;\"><span style=\"color: #000000;\">Hyundai Motor Company presenta im\u00e1genes teaser del IONIQ 9, la \u00faltima incorporaci\u00f3n a su gama IONIQ totalmente el\u00e9ctrica<\/span><\/li>\n<li style=\"text-align: justify;\"><span style=\"color: #000000;\">El SUV totalmente el\u00e9ctrico de tres filas combina el rendimiento aerodin\u00e1mico con el atractivo est\u00e9tico, lo que garantiza un amplio espacio para todos los pasajeros<\/span><\/li>\n<li style=\"text-align: justify;\"><span style=\"color: #000000;\">Los detalles del producto se dar\u00e1n a conocer en su estreno mundial en noviembre<\/span><\/li>\n<\/ul>\n<p style=\"text-align: justify;\"><span style=\"color: #000000;\"><strong>Se\u00fal, noviembre de 2024<\/strong> \u2013 Hyundai Motor Company ha publicado hoy las im\u00e1genes teaser de su esperado IONIQ 9, un SUV totalmente el\u00e9ctrico de tres filas que marcar\u00e1 un nuevo hito en el compromiso inquebrantable de la marca con la electrificaci\u00f3n.<\/span><\/p>\n<p style=\"text-align: justify;\"><span style=\"color: #000000;\">El &#8216;9&#8217; en IONIQ 9 simboliza la clase de veh\u00edculos grandes en la l\u00ednea IONIQ de Hyundai Motor, marcando la incursi\u00f3n inaugural de la compa\u00f1\u00eda en el \u00e1mbito de los modelos SUV EV grandes. Aprovechando el impulso generado por IONIQ 5 e IONIQ 6, IONIQ 9 est\u00e1 listo para redefinir la experiencia EV, con un interior espacioso y c\u00f3modo gracias a la aclamada Plataforma Modular Global El\u00e9ctrica (E-GMP) de Hyundai Motor Group.<\/span><\/p>\n<p style=\"text-align: justify;\"><span style=\"color: #000000;\">El dise\u00f1o \u00abaerost\u00e9tico\u00bb del IONIQ 9 es una combinaci\u00f3n \u00fanica de rendimiento aerodin\u00e1mico y atractivo est\u00e9tico. Este modelo se inspira en los elegantes exteriores y en los amplios y acogedores interiores de los barcos. Su l\u00ednea de techo de una sola curva, junto con una distancia entre ejes alargada, garantiza un amplio espacio para todos los pasajeros, incluidos los de la tercera fila.<\/span><\/p>\n<p style=\"text-align: justify;\"><span style=\"color: #000000;\">Los bocetos teaser revelan detalles intrincados que mejoran la calidad general del dise\u00f1o de IONIQ 9. Las l\u00edneas de car\u00e1cter en su costado evocan las l\u00edneas diagonales de la vestimenta tradicional coreana, el Hanbok. Las luces delanteras cuentan con Parametric Pixels, el dise\u00f1o de iluminaci\u00f3n caracter\u00edstico de Hyundai Motor para los modelos IONIQ. El dise\u00f1o de las llantas de radios m\u00faltiples se alinea perfectamente con la naturaleza din\u00e1mica y elegante del IONIQ 9.<\/span><\/p>\n<p style=\"text-align: justify;\"><span style=\"color: #000000;\">A partir del 30 de octubre, Hyundai Motor lanzar\u00e1 contenido teaser a trav\u00e9s de sus canales sociales, antes del estreno mundial de IONIQ 9, en noviembre. Pronto se entregar\u00e1 informaci\u00f3n m\u00e1s detallada sobre el estreno mundial. El futuro de los veh\u00edculos el\u00e9ctricos est\u00e1 aqu\u00ed con el IONIQ 9, y est\u00e1 redefiniendo lo que significa que un veh\u00edculo el\u00e9ctrico sea espacioso y c\u00f3modo.<\/span><\/p>\n<p style=\"text-align: justify;\"><span style=\"color: #000000;\">El lanzamiento del IONIQ 9 se produce inmediatamente despu\u00e9s del rendimiento r\u00e9cord de Hyundai Motor el a\u00f1o pasado y la producci\u00f3n de su veh\u00edculo n\u00famero 100 millones este a\u00f1o. En particular, el primer veh\u00edculo producido de 100 millones fue un veh\u00edculo el\u00e9ctrico, lo que simboliza el cambio de Hyundai Motor hacia la nueva era de la electrificaci\u00f3n. La compa\u00f1\u00eda se mantiene firme en su compromiso con la electrificaci\u00f3n, con el objetivo de lograr ventas de 2 millones de veh\u00edculos el\u00e9ctricos para 2030.<\/span><\/p>\n<p><img decoding=\"async\" class=\"aligncenter size-full wp-image-125911\" src=\"https:\/\/www.quebakan.com\/v15\/wp-content\/uploads\/2024\/11\/Image-2-Hyundai-Motor-Presents-First-Look-at-IONIQ-9-Embarking-on-a-New-Era-of-Spacious-EV-Design.jpg\" alt=\"\" width=\"483\" height=\"700\" \/><\/p>\n<p>&nbsp;<\/p>\n<p><img decoding=\"async\" class=\"aligncenter size-full wp-image-125912\" src=\"https:\/\/www.quebakan.com\/v15\/wp-content\/uploads\/2024\/11\/Image-4-Hyundai-Motor-Presents-First-Look-at-IONIQ-9-Embarking-on-a-New-Era-of-Spacious-EV-Design.jpg\" alt=\"\" width=\"483\" height=\"700\" \/><\/p>\n<p>&nbsp;<\/p>\n<p><img loading=\"lazy\" decoding=\"async\" class=\"aligncenter size-full wp-image-125913\" src=\"https:\/\/www.quebakan.com\/v15\/wp-content\/uploads\/2024\/11\/Image-3-Hyundai-Motor-Presents-First-Look-at-IONIQ-9-Embarking-on-a-New-Era-of-Spacious-EV-Design.jpg\" alt=\"\" width=\"483\" height=\"700\" \/><\/p>\n","protected":false},"excerpt":{"rendered":"<p>Hyundai Motor Company presenta im\u00e1genes teaser del IONIQ 9, la \u00faltima incorporaci\u00f3n a su gama IONIQ totalmente el\u00e9ctrica El SUV totalmente el\u00e9ctrico de tres filas combina el rendimiento aerodin\u00e1mico con el atractivo est\u00e9tico, lo que garantiza un amplio espacio para todos los pasajeros Los detalles del producto se dar\u00e1n a conocer en su estreno mundial [&hellip;]<\/p>\n","protected":false},"author":4,"featured_media":125910,"comment_status":"open","ping_status":"open","sticky":false,"template":"","format":"standard","meta":{"_bbp_topic_count":0,"_bbp_reply_count":0,"_bbp_total_topic_count":0,"_bbp_total_reply_count":0,"_bbp_voice_count":0,"_bbp_anonymous_reply_count":0,"_bbp_topic_count_hidden":0,"_bbp_reply_count_hidden":0,"_bbp_forum_subforum_count":0,"buzzeditor_post_format":"","footnotes":""},"categories":[2],"tags":[],"class_list":["post-125909","post","type-post","status-publish","format-standard","has-post-thumbnail","hentry","category-noticias"],"yoast_head":"<!-- This site is optimized with the Yoast SEO plugin v27.5 - https:\/\/yoast.com\/product\/yoast-seo-wordpress\/ -->\n<title>Hyundai Motor presenta el primer vistazo al IONIQ 9, Embarc\u00e1ndose en una nueva era de dise\u00f1o de veh\u00edculos el\u00e9ctricos espaciosos &#8211; QUEBAKAN.COM 2026: Noticias, Eventos, Conciertos y mucho m\u00e1s....<\/title>\n<meta name=\"robots\" content=\"index, follow, max-snippet:-1, max-image-preview:large, max-video-preview:-1\" \/>\n<link rel=\"canonical\" href=\"https:\/\/www.quebakan.com\/v15\/hyundai-motor-presenta-el-primer-vistazo-al-ioniq-9-embarcandose-en-una-nueva-era-de-diseno-de-vehiculos-electricos-espaciosos\/\" \/>\n<meta property=\"og:locale\" content=\"es_ES\" \/>\n<meta property=\"og:type\" content=\"article\" \/>\n<meta property=\"og:title\" content=\"Hyundai Motor presenta el primer vistazo al IONIQ 9, Embarc\u00e1ndose en una nueva era de dise\u00f1o de veh\u00edculos el\u00e9ctricos espaciosos &#8211; QUEBAKAN.COM 2026: Noticias, Eventos, Conciertos y mucho m\u00e1s....\" \/>\n<meta property=\"og:description\" content=\"Hyundai Motor Company presenta im\u00e1genes teaser del IONIQ 9, la \u00faltima incorporaci\u00f3n a su gama IONIQ totalmente el\u00e9ctrica El SUV totalmente el\u00e9ctrico de tres filas combina el rendimiento aerodin\u00e1mico con el atractivo est\u00e9tico, lo que garantiza un amplio espacio para todos los pasajeros Los detalles del producto se dar\u00e1n a conocer en su estreno mundial [&hellip;]\" \/>\n<meta property=\"og:url\" content=\"https:\/\/www.quebakan.com\/v15\/hyundai-motor-presenta-el-primer-vistazo-al-ioniq-9-embarcandose-en-una-nueva-era-de-diseno-de-vehiculos-electricos-espaciosos\/\" \/>\n<meta property=\"og:site_name\" content=\"QUEBAKAN.COM 2026: Noticias, Eventos, Conciertos y mucho m\u00e1s....\" \/>\n<meta property=\"article:publisher\" content=\"http:\/\/www.facebook.com\/quebakan\" \/>\n<meta property=\"article:published_time\" content=\"2024-11-13T17:28:16+00:00\" \/>\n<meta property=\"og:image\" content=\"https:\/\/www.quebakan.com\/v15\/wp-content\/uploads\/2024\/11\/Image-1-Hyundai-Motor-Presents-First-Look-at-IONIQ-9-Embarking-on-a-New-Era-of-Spacious-EV-Design.jpg\" \/>\n\t<meta property=\"og:image:width\" content=\"700\" \/>\n\t<meta property=\"og:image:height\" content=\"285\" \/>\n\t<meta property=\"og:image:type\" content=\"image\/jpeg\" \/>\n<meta name=\"author\" content=\"Erick Villafuerte\" \/>\n<meta name=\"twitter:card\" content=\"summary_large_image\" \/>\n<meta name=\"twitter:creator\" content=\"@quebakanec\" \/>\n<meta name=\"twitter:site\" content=\"@quebakanec\" \/>\n<meta name=\"twitter:label1\" content=\"Escrito por\" \/>\n\t<meta name=\"twitter:data1\" content=\"Erick Villafuerte\" \/>\n\t<meta name=\"twitter:label2\" content=\"Tiempo de lectura\" \/>\n\t<meta name=\"twitter:data2\" content=\"4 minutos\" \/>\n<script type=\"application\/ld+json\" class=\"yoast-schema-graph\">{\"@context\":\"https:\\\/\\\/schema.org\",\"@graph\":[{\"@type\":\"Article\",\"@id\":\"https:\\\/\\\/www.quebakan.com\\\/v15\\\/hyundai-motor-presenta-el-primer-vistazo-al-ioniq-9-embarcandose-en-una-nueva-era-de-diseno-de-vehiculos-electricos-espaciosos\\\/#article\",\"isPartOf\":{\"@id\":\"https:\\\/\\\/www.quebakan.com\\\/v15\\\/hyundai-motor-presenta-el-primer-vistazo-al-ioniq-9-embarcandose-en-una-nueva-era-de-diseno-de-vehiculos-electricos-espaciosos\\\/\"},\"author\":{\"name\":\"Erick Villafuerte\",\"@id\":\"https:\\\/\\\/www.quebakan.com\\\/v15\\\/#\\\/schema\\\/person\\\/d90fa9f9cfa81eb8ace9811e5b7b9118\"},\"headline\":\"Hyundai Motor presenta el primer vistazo al IONIQ 9, Embarc\u00e1ndose en una nueva era de dise\u00f1o de veh\u00edculos el\u00e9ctricos espaciosos\",\"datePublished\":\"2024-11-13T17:28:16+00:00\",\"mainEntityOfPage\":{\"@id\":\"https:\\\/\\\/www.quebakan.com\\\/v15\\\/hyundai-motor-presenta-el-primer-vistazo-al-ioniq-9-embarcandose-en-una-nueva-era-de-diseno-de-vehiculos-electricos-espaciosos\\\/\"},\"wordCount\":511,\"commentCount\":1,\"publisher\":{\"@id\":\"https:\\\/\\\/www.quebakan.com\\\/v15\\\/#organization\"},\"image\":{\"@id\":\"https:\\\/\\\/www.quebakan.com\\\/v15\\\/hyundai-motor-presenta-el-primer-vistazo-al-ioniq-9-embarcandose-en-una-nueva-era-de-diseno-de-vehiculos-electricos-espaciosos\\\/#primaryimage\"},\"thumbnailUrl\":\"https:\\\/\\\/www.quebakan.com\\\/v15\\\/wp-content\\\/uploads\\\/2024\\\/11\\\/Image-1-Hyundai-Motor-Presents-First-Look-at-IONIQ-9-Embarking-on-a-New-Era-of-Spacious-EV-Design.jpg\",\"articleSection\":[\"Noticias\"],\"inLanguage\":\"es\"},{\"@type\":\"WebPage\",\"@id\":\"https:\\\/\\\/www.quebakan.com\\\/v15\\\/hyundai-motor-presenta-el-primer-vistazo-al-ioniq-9-embarcandose-en-una-nueva-era-de-diseno-de-vehiculos-electricos-espaciosos\\\/\",\"url\":\"https:\\\/\\\/www.quebakan.com\\\/v15\\\/hyundai-motor-presenta-el-primer-vistazo-al-ioniq-9-embarcandose-en-una-nueva-era-de-diseno-de-vehiculos-electricos-espaciosos\\\/\",\"name\":\"Hyundai Motor presenta el primer vistazo al IONIQ 9, Embarc\u00e1ndose en una nueva era de dise\u00f1o de veh\u00edculos el\u00e9ctricos espaciosos &#8211; QUEBAKAN.COM 2026: Noticias, Eventos, Conciertos y mucho m\u00e1s....\",\"isPartOf\":{\"@id\":\"https:\\\/\\\/www.quebakan.com\\\/v15\\\/#website\"},\"primaryImageOfPage\":{\"@id\":\"https:\\\/\\\/www.quebakan.com\\\/v15\\\/hyundai-motor-presenta-el-primer-vistazo-al-ioniq-9-embarcandose-en-una-nueva-era-de-diseno-de-vehiculos-electricos-espaciosos\\\/#primaryimage\"},\"image\":{\"@id\":\"https:\\\/\\\/www.quebakan.com\\\/v15\\\/hyundai-motor-presenta-el-primer-vistazo-al-ioniq-9-embarcandose-en-una-nueva-era-de-diseno-de-vehiculos-electricos-espaciosos\\\/#primaryimage\"},\"thumbnailUrl\":\"https:\\\/\\\/www.quebakan.com\\\/v15\\\/wp-content\\\/uploads\\\/2024\\\/11\\\/Image-1-Hyundai-Motor-Presents-First-Look-at-IONIQ-9-Embarking-on-a-New-Era-of-Spacious-EV-Design.jpg\",\"datePublished\":\"2024-11-13T17:28:16+00:00\",\"breadcrumb\":{\"@id\":\"https:\\\/\\\/www.quebakan.com\\\/v15\\\/hyundai-motor-presenta-el-primer-vistazo-al-ioniq-9-embarcandose-en-una-nueva-era-de-diseno-de-vehiculos-electricos-espaciosos\\\/#breadcrumb\"},\"inLanguage\":\"es\",\"potentialAction\":[{\"@type\":\"ReadAction\",\"target\":[\"https:\\\/\\\/www.quebakan.com\\\/v15\\\/hyundai-motor-presenta-el-primer-vistazo-al-ioniq-9-embarcandose-en-una-nueva-era-de-diseno-de-vehiculos-electricos-espaciosos\\\/\"]}]},{\"@type\":\"ImageObject\",\"inLanguage\":\"es\",\"@id\":\"https:\\\/\\\/www.quebakan.com\\\/v15\\\/hyundai-motor-presenta-el-primer-vistazo-al-ioniq-9-embarcandose-en-una-nueva-era-de-diseno-de-vehiculos-electricos-espaciosos\\\/#primaryimage\",\"url\":\"https:\\\/\\\/www.quebakan.com\\\/v15\\\/wp-content\\\/uploads\\\/2024\\\/11\\\/Image-1-Hyundai-Motor-Presents-First-Look-at-IONIQ-9-Embarking-on-a-New-Era-of-Spacious-EV-Design.jpg\",\"contentUrl\":\"https:\\\/\\\/www.quebakan.com\\\/v15\\\/wp-content\\\/uploads\\\/2024\\\/11\\\/Image-1-Hyundai-Motor-Presents-First-Look-at-IONIQ-9-Embarking-on-a-New-Era-of-Spacious-EV-Design.jpg\",\"width\":700,\"height\":285},{\"@type\":\"BreadcrumbList\",\"@id\":\"https:\\\/\\\/www.quebakan.com\\\/v15\\\/hyundai-motor-presenta-el-primer-vistazo-al-ioniq-9-embarcandose-en-una-nueva-era-de-diseno-de-vehiculos-electricos-espaciosos\\\/#breadcrumb\",\"itemListElement\":[{\"@type\":\"ListItem\",\"position\":1,\"name\":\"Portada\",\"item\":\"https:\\\/\\\/www.quebakan.com\\\/v15\\\/\"},{\"@type\":\"ListItem\",\"position\":2,\"name\":\"Hyundai Motor presenta el primer vistazo al IONIQ 9, Embarc\u00e1ndose en una nueva era de dise\u00f1o de veh\u00edculos el\u00e9ctricos espaciosos\"}]},{\"@type\":\"WebSite\",\"@id\":\"https:\\\/\\\/www.quebakan.com\\\/v15\\\/#website\",\"url\":\"https:\\\/\\\/www.quebakan.com\\\/v15\\\/\",\"name\":\"QUEBAKAN\",\"description\":\"..\",\"publisher\":{\"@id\":\"https:\\\/\\\/www.quebakan.com\\\/v15\\\/#organization\"},\"potentialAction\":[{\"@type\":\"SearchAction\",\"target\":{\"@type\":\"EntryPoint\",\"urlTemplate\":\"https:\\\/\\\/www.quebakan.com\\\/v15\\\/?s={search_term_string}\"},\"query-input\":{\"@type\":\"PropertyValueSpecification\",\"valueRequired\":true,\"valueName\":\"search_term_string\"}}],\"inLanguage\":\"es\"},{\"@type\":\"Organization\",\"@id\":\"https:\\\/\\\/www.quebakan.com\\\/v15\\\/#organization\",\"name\":\"Quebakan.com\",\"url\":\"https:\\\/\\\/www.quebakan.com\\\/v15\\\/\",\"logo\":{\"@type\":\"ImageObject\",\"inLanguage\":\"es\",\"@id\":\"https:\\\/\\\/www.quebakan.com\\\/v15\\\/#\\\/schema\\\/logo\\\/image\\\/\",\"url\":\"https:\\\/\\\/www.quebakan.com\\\/v15\\\/wp-content\\\/uploads\\\/2023\\\/07\\\/logoquebakanenero2021.jpg\",\"contentUrl\":\"https:\\\/\\\/www.quebakan.com\\\/v15\\\/wp-content\\\/uploads\\\/2023\\\/07\\\/logoquebakanenero2021.jpg\",\"width\":1920,\"height\":1080,\"caption\":\"Quebakan.com\"},\"image\":{\"@id\":\"https:\\\/\\\/www.quebakan.com\\\/v15\\\/#\\\/schema\\\/logo\\\/image\\\/\"},\"sameAs\":[\"http:\\\/\\\/www.facebook.com\\\/quebakan\",\"https:\\\/\\\/x.com\\\/quebakanec\",\"http:\\\/\\\/www.instagram.com\\\/quebakan\",\"http:\\\/\\\/www.youtube.com\\\/quebakan1\"]},{\"@type\":\"Person\",\"@id\":\"https:\\\/\\\/www.quebakan.com\\\/v15\\\/#\\\/schema\\\/person\\\/d90fa9f9cfa81eb8ace9811e5b7b9118\",\"name\":\"Erick Villafuerte\",\"image\":{\"@type\":\"ImageObject\",\"inLanguage\":\"es\",\"@id\":\"https:\\\/\\\/www.quebakan.com\\\/v15\\\/wp-content\\\/uploads\\\/avatars\\\/4\\\/1731297654-bpfull.png\",\"url\":\"https:\\\/\\\/www.quebakan.com\\\/v15\\\/wp-content\\\/uploads\\\/avatars\\\/4\\\/1731297654-bpfull.png\",\"contentUrl\":\"https:\\\/\\\/www.quebakan.com\\\/v15\\\/wp-content\\\/uploads\\\/avatars\\\/4\\\/1731297654-bpfull.png\",\"caption\":\"Erick Villafuerte\"}}]}<\/script>\n<!-- \/ Yoast SEO plugin. -->","yoast_head_json":{"title":"Hyundai Motor presenta el primer vistazo al IONIQ 9, Embarc\u00e1ndose en una nueva era de dise\u00f1o de veh\u00edculos el\u00e9ctricos espaciosos &#8211; QUEBAKAN.COM 2026: Noticias, Eventos, Conciertos y mucho m\u00e1s....","robots":{"index":"index","follow":"follow","max-snippet":"max-snippet:-1","max-image-preview":"max-image-preview:large","max-video-preview":"max-video-preview:-1"},"canonical":"https:\/\/www.quebakan.com\/v15\/hyundai-motor-presenta-el-primer-vistazo-al-ioniq-9-embarcandose-en-una-nueva-era-de-diseno-de-vehiculos-electricos-espaciosos\/","og_locale":"es_ES","og_type":"article","og_title":"Hyundai Motor presenta el primer vistazo al IONIQ 9, Embarc\u00e1ndose en una nueva era de dise\u00f1o de veh\u00edculos el\u00e9ctricos espaciosos &#8211; QUEBAKAN.COM 2026: Noticias, Eventos, Conciertos y mucho m\u00e1s....","og_description":"Hyundai Motor Company presenta im\u00e1genes teaser del IONIQ 9, la \u00faltima incorporaci\u00f3n a su gama IONIQ totalmente el\u00e9ctrica El SUV totalmente el\u00e9ctrico de tres filas combina el rendimiento aerodin\u00e1mico con el atractivo est\u00e9tico, lo que garantiza un amplio espacio para todos los pasajeros Los detalles del producto se dar\u00e1n a conocer en su estreno mundial [&hellip;]","og_url":"https:\/\/www.quebakan.com\/v15\/hyundai-motor-presenta-el-primer-vistazo-al-ioniq-9-embarcandose-en-una-nueva-era-de-diseno-de-vehiculos-electricos-espaciosos\/","og_site_name":"QUEBAKAN.COM 2026: Noticias, Eventos, Conciertos y mucho m\u00e1s....","article_publisher":"http:\/\/www.facebook.com\/quebakan","article_published_time":"2024-11-13T17:28:16+00:00","og_image":[{"width":700,"height":285,"url":"https:\/\/www.quebakan.com\/v15\/wp-content\/uploads\/2024\/11\/Image-1-Hyundai-Motor-Presents-First-Look-at-IONIQ-9-Embarking-on-a-New-Era-of-Spacious-EV-Design.jpg","type":"image\/jpeg"}],"author":"Erick Villafuerte","twitter_card":"summary_large_image","twitter_creator":"@quebakanec","twitter_site":"@quebakanec","twitter_misc":{"Escrito por":"Erick Villafuerte","Tiempo de lectura":"4 minutos"},"schema":{"@context":"https:\/\/schema.org","@graph":[{"@type":"Article","@id":"https:\/\/www.quebakan.com\/v15\/hyundai-motor-presenta-el-primer-vistazo-al-ioniq-9-embarcandose-en-una-nueva-era-de-diseno-de-vehiculos-electricos-espaciosos\/#article","isPartOf":{"@id":"https:\/\/www.quebakan.com\/v15\/hyundai-motor-presenta-el-primer-vistazo-al-ioniq-9-embarcandose-en-una-nueva-era-de-diseno-de-vehiculos-electricos-espaciosos\/"},"author":{"name":"Erick Villafuerte","@id":"https:\/\/www.quebakan.com\/v15\/#\/schema\/person\/d90fa9f9cfa81eb8ace9811e5b7b9118"},"headline":"Hyundai Motor presenta el primer vistazo al IONIQ 9, Embarc\u00e1ndose en una nueva era de dise\u00f1o de veh\u00edculos el\u00e9ctricos espaciosos","datePublished":"2024-11-13T17:28:16+00:00","mainEntityOfPage":{"@id":"https:\/\/www.quebakan.com\/v15\/hyundai-motor-presenta-el-primer-vistazo-al-ioniq-9-embarcandose-en-una-nueva-era-de-diseno-de-vehiculos-electricos-espaciosos\/"},"wordCount":511,"commentCount":1,"publisher":{"@id":"https:\/\/www.quebakan.com\/v15\/#organization"},"image":{"@id":"https:\/\/www.quebakan.com\/v15\/hyundai-motor-presenta-el-primer-vistazo-al-ioniq-9-embarcandose-en-una-nueva-era-de-diseno-de-vehiculos-electricos-espaciosos\/#primaryimage"},"thumbnailUrl":"https:\/\/www.quebakan.com\/v15\/wp-content\/uploads\/2024\/11\/Image-1-Hyundai-Motor-Presents-First-Look-at-IONIQ-9-Embarking-on-a-New-Era-of-Spacious-EV-Design.jpg","articleSection":["Noticias"],"inLanguage":"es"},{"@type":"WebPage","@id":"https:\/\/www.quebakan.com\/v15\/hyundai-motor-presenta-el-primer-vistazo-al-ioniq-9-embarcandose-en-una-nueva-era-de-diseno-de-vehiculos-electricos-espaciosos\/","url":"https:\/\/www.quebakan.com\/v15\/hyundai-motor-presenta-el-primer-vistazo-al-ioniq-9-embarcandose-en-una-nueva-era-de-diseno-de-vehiculos-electricos-espaciosos\/","name":"Hyundai Motor presenta el primer vistazo al IONIQ 9, Embarc\u00e1ndose en una nueva era de dise\u00f1o de veh\u00edculos el\u00e9ctricos espaciosos &#8211; QUEBAKAN.COM 2026: Noticias, Eventos, Conciertos y mucho m\u00e1s....","isPartOf":{"@id":"https:\/\/www.quebakan.com\/v15\/#website"},"primaryImageOfPage":{"@id":"https:\/\/www.quebakan.com\/v15\/hyundai-motor-presenta-el-primer-vistazo-al-ioniq-9-embarcandose-en-una-nueva-era-de-diseno-de-vehiculos-electricos-espaciosos\/#primaryimage"},"image":{"@id":"https:\/\/www.quebakan.com\/v15\/hyundai-motor-presenta-el-primer-vistazo-al-ioniq-9-embarcandose-en-una-nueva-era-de-diseno-de-vehiculos-electricos-espaciosos\/#primaryimage"},"thumbnailUrl":"https:\/\/www.quebakan.com\/v15\/wp-content\/uploads\/2024\/11\/Image-1-Hyundai-Motor-Presents-First-Look-at-IONIQ-9-Embarking-on-a-New-Era-of-Spacious-EV-Design.jpg","datePublished":"2024-11-13T17:28:16+00:00","breadcrumb":{"@id":"https:\/\/www.quebakan.com\/v15\/hyundai-motor-presenta-el-primer-vistazo-al-ioniq-9-embarcandose-en-una-nueva-era-de-diseno-de-vehiculos-electricos-espaciosos\/#breadcrumb"},"inLanguage":"es","potentialAction":[{"@type":"ReadAction","target":["https:\/\/www.quebakan.com\/v15\/hyundai-motor-presenta-el-primer-vistazo-al-ioniq-9-embarcandose-en-una-nueva-era-de-diseno-de-vehiculos-electricos-espaciosos\/"]}]},{"@type":"ImageObject","inLanguage":"es","@id":"https:\/\/www.quebakan.com\/v15\/hyundai-motor-presenta-el-primer-vistazo-al-ioniq-9-embarcandose-en-una-nueva-era-de-diseno-de-vehiculos-electricos-espaciosos\/#primaryimage","url":"https:\/\/www.quebakan.com\/v15\/wp-content\/uploads\/2024\/11\/Image-1-Hyundai-Motor-Presents-First-Look-at-IONIQ-9-Embarking-on-a-New-Era-of-Spacious-EV-Design.jpg","contentUrl":"https:\/\/www.quebakan.com\/v15\/wp-content\/uploads\/2024\/11\/Image-1-Hyundai-Motor-Presents-First-Look-at-IONIQ-9-Embarking-on-a-New-Era-of-Spacious-EV-Design.jpg","width":700,"height":285},{"@type":"BreadcrumbList","@id":"https:\/\/www.quebakan.com\/v15\/hyundai-motor-presenta-el-primer-vistazo-al-ioniq-9-embarcandose-en-una-nueva-era-de-diseno-de-vehiculos-electricos-espaciosos\/#breadcrumb","itemListElement":[{"@type":"ListItem","position":1,"name":"Portada","item":"https:\/\/www.quebakan.com\/v15\/"},{"@type":"ListItem","position":2,"name":"Hyundai Motor presenta el primer vistazo al IONIQ 9, Embarc\u00e1ndose en una nueva era de dise\u00f1o de veh\u00edculos el\u00e9ctricos espaciosos"}]},{"@type":"WebSite","@id":"https:\/\/www.quebakan.com\/v15\/#website","url":"https:\/\/www.quebakan.com\/v15\/","name":"QUEBAKAN","description":"..","publisher":{"@id":"https:\/\/www.quebakan.com\/v15\/#organization"},"potentialAction":[{"@type":"SearchAction","target":{"@type":"EntryPoint","urlTemplate":"https:\/\/www.quebakan.com\/v15\/?s={search_term_string}"},"query-input":{"@type":"PropertyValueSpecification","valueRequired":true,"valueName":"search_term_string"}}],"inLanguage":"es"},{"@type":"Organization","@id":"https:\/\/www.quebakan.com\/v15\/#organization","name":"Quebakan.com","url":"https:\/\/www.quebakan.com\/v15\/","logo":{"@type":"ImageObject","inLanguage":"es","@id":"https:\/\/www.quebakan.com\/v15\/#\/schema\/logo\/image\/","url":"https:\/\/www.quebakan.com\/v15\/wp-content\/uploads\/2023\/07\/logoquebakanenero2021.jpg","contentUrl":"https:\/\/www.quebakan.com\/v15\/wp-content\/uploads\/2023\/07\/logoquebakanenero2021.jpg","width":1920,"height":1080,"caption":"Quebakan.com"},"image":{"@id":"https:\/\/www.quebakan.com\/v15\/#\/schema\/logo\/image\/"},"sameAs":["http:\/\/www.facebook.com\/quebakan","https:\/\/x.com\/quebakanec","http:\/\/www.instagram.com\/quebakan","http:\/\/www.youtube.com\/quebakan1"]},{"@type":"Person","@id":"https:\/\/www.quebakan.com\/v15\/#\/schema\/person\/d90fa9f9cfa81eb8ace9811e5b7b9118","name":"Erick Villafuerte","image":{"@type":"ImageObject","inLanguage":"es","@id":"https:\/\/www.quebakan.com\/v15\/wp-content\/uploads\/avatars\/4\/1731297654-bpfull.png","url":"https:\/\/www.quebakan.com\/v15\/wp-content\/uploads\/avatars\/4\/1731297654-bpfull.png","contentUrl":"https:\/\/www.quebakan.com\/v15\/wp-content\/uploads\/avatars\/4\/1731297654-bpfull.png","caption":"Erick Villafuerte"}}]}},"_links":{"self":[{"href":"https:\/\/www.quebakan.com\/v15\/wp-json\/wp\/v2\/posts\/125909","targetHints":{"allow":["GET"]}}],"collection":[{"href":"https:\/\/www.quebakan.com\/v15\/wp-json\/wp\/v2\/posts"}],"about":[{"href":"https:\/\/www.quebakan.com\/v15\/wp-json\/wp\/v2\/types\/post"}],"author":[{"embeddable":true,"href":"https:\/\/www.quebakan.com\/v15\/wp-json\/wp\/v2\/users\/4"}],"replies":[{"embeddable":true,"href":"https:\/\/www.quebakan.com\/v15\/wp-json\/wp\/v2\/comments?post=125909"}],"version-history":[{"count":1,"href":"https:\/\/www.quebakan.com\/v15\/wp-json\/wp\/v2\/posts\/125909\/revisions"}],"predecessor-version":[{"id":125914,"href":"https:\/\/www.quebakan.com\/v15\/wp-json\/wp\/v2\/posts\/125909\/revisions\/125914"}],"wp:featuredmedia":[{"embeddable":true,"href":"https:\/\/www.quebakan.com\/v15\/wp-json\/wp\/v2\/media\/125910"}],"wp:attachment":[{"href":"https:\/\/www.quebakan.com\/v15\/wp-json\/wp\/v2\/media?parent=125909"}],"wp:term":[{"taxonomy":"category","embeddable":true,"href":"https:\/\/www.quebakan.com\/v15\/wp-json\/wp\/v2\/categories?post=125909"},{"taxonomy":"post_tag","embeddable":true,"href":"https:\/\/www.quebakan.com\/v15\/wp-json\/wp\/v2\/tags?post=125909"}],"curies":[{"name":"wp","href":"https:\/\/api.w.org\/{rel}","templated":true}]}}