{"id":125915,"date":"2024-11-13T12:42:58","date_gmt":"2024-11-13T17:42:58","guid":{"rendered":"https:\/\/www.quebakan.com\/v15\/?p=125915"},"modified":"2024-11-13T12:42:58","modified_gmt":"2024-11-13T17:42:58","slug":"samborondon-inaugura-la-primera-estacion-industrializada-de-clasificacion-de-residuos-comunes","status":"publish","type":"post","link":"https:\/\/www.quebakan.com\/v15\/samborondon-inaugura-la-primera-estacion-industrializada-de-clasificacion-de-residuos-comunes\/","title":{"rendered":"Samborond\u00f3n inaugura la primera estaci\u00f3n industrializada de clasificaci\u00f3n de residuos comunes"},"content":{"rendered":"<p><img fetchpriority=\"high\" decoding=\"async\" class=\"aligncenter size-full wp-image-125916\" src=\"https:\/\/www.quebakan.com\/v15\/wp-content\/uploads\/2024\/11\/Corte-de-cinta-2.jpg\" alt=\"\" width=\"700\" height=\"467\" \/><\/p>\n<p style=\"text-align: justify;\"><span style=\"color: #000000;\"><strong>Pie de foto:<\/strong> Alcalde Juan Jos\u00e9 Y\u00fanez junto a Dolores Prado, CEO de Holcim Ecuador, y Luis Rivas, Head de Geocycle, durante la inauguraci\u00f3n de la primera Estaci\u00f3n Industrializada de Clasificaci\u00f3n de Residuos Comunes en Samborond\u00f3n.<\/span><\/p>\n<p style=\"text-align: justify;\"><span style=\"color: #000000;\">La primera estaci\u00f3n clasificadora industrializada de residuos fue inaugurada este 12 de noviembre de 2024.\u00a0 La inversi\u00f3n realizada entre Holcim Ecuador y el Municipio de Samborond\u00f3n para instalaci\u00f3n de la planta fue de m\u00e1s de $5 millones de d\u00f3lares en el relleno sanitario de Samborond\u00f3n, ubicado en las afueras de la cabecera cantonal.<\/span><\/p>\n<p style=\"text-align: justify;\"><span style=\"color: #000000;\">Con la implementaci\u00f3n de esta estaci\u00f3n se procesar\u00e1n m\u00e1s de 20.000 toneladas de residuos s\u00f3lidos urbanos al a\u00f1o, valorizando aproximadamente un 45% de todos los residuos y reducir\u00e1 la huella de carbono de la ciudad en un 10%. Adem\u00e1s, evitar\u00e1 la emisi\u00f3n de 23.690 toneladas de CO<sub>2<\/sub> equivalentes al ambiente. Como parte del proceso, el material clasificado no reciclable, ser\u00e1 enviado a Geocycle para su aprovechamiento.<\/span><\/p>\n<p style=\"text-align: justify;\"><span style=\"color: #000000;\"><strong>\u201cEste es un mensaje para el mundo, antes era una interrogante y hoy una certeza: el cambio clim\u00e1tico y de esta forma estamos garantizando la recolecci\u00f3n de desechos para los pr\u00f3ximos 60 a\u00f1os\u201d dijo Juan Jos\u00e9 Y\u00fanez, alcalde de Samborond\u00f3n.<\/strong><\/span><\/p>\n<p style=\"text-align: justify;\"><span style=\"color: #000000;\">El funcionario a\u00f1adi\u00f3 que hay que \u201cmarcar el camino para la soluci\u00f3n y comenzar a ejecutarlo\u00bb. El cambio debe venir de las ciudades y \u00e9sta sigue siendo referente de desarrollo a pasos agigantados, ya que nos planteamos ser carbono neutro\u201d.<\/span><\/p>\n<p style=\"text-align: justify;\"><span style=\"color: #000000;\">La instalaci\u00f3n de la planta generar\u00e1 empleos directos e indirectos, adem\u00e1s de extender el tiempo de vida del relleno sanitario de Samborond\u00f3n hasta 40 a\u00f1os m\u00e1s.<\/span><\/p>\n<p style=\"text-align: justify;\"><span style=\"color: #000000;\">Durante la inauguraci\u00f3n, Dolores Prado, CEO de Holcim Ecuador, destac\u00f3 la importancia de la construcci\u00f3n de obras que aporten a la comunidad y el ambiente.<\/span><\/p>\n<p style=\"text-align: justify;\"><span style=\"color: #000000;\"><strong><em>\u00abEste es un hito hist\u00f3rico para el Ecuador, es la primera estaci\u00f3n industrializada para la clasificaci\u00f3n de residuos del pa\u00eds y est\u00e1 en Samborond\u00f3n.\u00a0 Es un esfuerzo conjunto de m\u00e1s de 5 millones de d\u00f3lares que ya es una realidad por un futuro m\u00e1s sostenible.\u00a0 A trav\u00e9s de esta estaci\u00f3n podemos convertir desechos en energ\u00eda limpia para hacer cemento, un ejemplo de econom\u00eda circular\u201d, <\/em><\/strong><em>Dolores Prado &#8211; CEO de Holcim Ecuador. <\/em><\/span><\/p>\n<p style=\"text-align: justify;\"><span style=\"color: #000000;\">Para Luis Rivas, Gerente de Geocycle, este proyecto permite resolver de forma inclusiva los problemas de los residuos con los que cuentan los gobiernos locales.<\/span><\/p>\n<p style=\"text-align: justify;\"><span style=\"color: #000000;\"><strong><em>\u201cEstamos cumpliendo nuestro prop\u00f3sito de aportar con la preservaci\u00f3n del ambiente y el progreso de la sociedad a trav\u00e9s de la valorizaci\u00f3n de los desechos, estamos muy orgullosos de compartir esta visi\u00f3n con el cant\u00f3n Samborond\u00f3n y hacer equipo por una econom\u00eda circular regenerativa y sostenible\u201d, expresa. <\/em><\/strong><\/span><\/p>\n<p style=\"text-align: justify;\"><span style=\"color: #000000;\">Actualmente, Geocycle provee soluciones para los residuos de industrias privadas y tambi\u00e9n para desechos municipales como es el caso de Guayaquil, Cuenca, Ca\u00f1ar y Santa Cruz en Gal\u00e1pagos, evitando que 21.400 toneladas anuales de residuos vayan a los rellenos sanitarios.<\/span><\/p>\n<p style=\"text-align: justify;\"><span style=\"color: #000000;\">Y\u00fanez, Alcalde de Samborond\u00f3n, resalt\u00f3 que gracias a este proyecto se potencian sus iniciativas en su visi\u00f3n hacia un futuro sostenible en su plan Samborond\u00f3n 2030.<\/span><\/p>\n<p style=\"text-align: justify;\"><span style=\"color: #000000;\"><strong><em>\u201cTrabajar de la mano junto a Holcim Ecuador y Geocycle en este proyecto, nos permite reducir la huella de carbono en el cant\u00f3n y mejorar la calidad de vida de los ciudadanos, convirti\u00e9ndonos en la ciudad del futuro\u201d. <\/em><\/strong><\/span><\/p>\n<p style=\"text-align: justify;\"><span style=\"color: #000000;\">El evento concluy\u00f3 con el corte de cinta, dando como inaugurada oficialmente la planta y se encendi\u00f3 el bot\u00f3n de funcionamiento de la m\u00e1quina. Acci\u00f3n que todos los presentes pudieron observar.<\/span><\/p>\n<p><img decoding=\"async\" class=\"aligncenter size-full wp-image-125917\" src=\"https:\/\/www.quebakan.com\/v15\/wp-content\/uploads\/2024\/11\/RP-Estacion-clasificadora-2.jpg\" alt=\"\" width=\"700\" height=\"467\" \/><\/p>\n<p>&nbsp;<\/p>\n<p><img decoding=\"async\" class=\"aligncenter size-full wp-image-125918\" src=\"https:\/\/www.quebakan.com\/v15\/wp-content\/uploads\/2024\/11\/DJI_20241107123116_0151_D.jpg\" alt=\"\" width=\"700\" height=\"394\" \/><\/p>\n<p>&nbsp;<\/p>\n<p><img loading=\"lazy\" decoding=\"async\" class=\"aligncenter size-full wp-image-125919\" src=\"https:\/\/www.quebakan.com\/v15\/wp-content\/uploads\/2024\/11\/Encendida-de-la-estacion.jpg\" alt=\"\" width=\"700\" height=\"467\" \/><\/p>\n<p>&nbsp;<\/p>\n<p><img loading=\"lazy\" decoding=\"async\" class=\"aligncenter size-full wp-image-125920\" src=\"https:\/\/www.quebakan.com\/v15\/wp-content\/uploads\/2024\/11\/Juan-Jose-Yunez-alcalde-de-Samborondon-1.jpg\" alt=\"\" width=\"700\" height=\"467\" \/><\/p>\n","protected":false},"excerpt":{"rendered":"<p>Pie de foto: Alcalde Juan Jos\u00e9 Y\u00fanez junto a Dolores Prado, CEO de Holcim Ecuador, y Luis Rivas, Head de Geocycle, durante la inauguraci\u00f3n de la primera Estaci\u00f3n Industrializada de Clasificaci\u00f3n de Residuos Comunes en Samborond\u00f3n. La primera estaci\u00f3n clasificadora industrializada de residuos fue inaugurada este 12 de noviembre de 2024.\u00a0 La inversi\u00f3n realizada entre [&hellip;]<\/p>\n","protected":false},"author":4,"featured_media":125916,"comment_status":"open","ping_status":"open","sticky":false,"template":"","format":"standard","meta":{"_bbp_topic_count":0,"_bbp_reply_count":0,"_bbp_total_topic_count":0,"_bbp_total_reply_count":0,"_bbp_voice_count":0,"_bbp_anonymous_reply_count":0,"_bbp_topic_count_hidden":0,"_bbp_reply_count_hidden":0,"_bbp_forum_subforum_count":0,"buzzeditor_post_format":"","footnotes":""},"categories":[2],"tags":[],"class_list":["post-125915","post","type-post","status-publish","format-standard","has-post-thumbnail","hentry","category-noticias"],"yoast_head":"<!-- This site is optimized with the Yoast SEO plugin v27.5 - https:\/\/yoast.com\/product\/yoast-seo-wordpress\/ -->\n<title>Samborond\u00f3n inaugura la primera estaci\u00f3n industrializada de clasificaci\u00f3n de residuos comunes &#8211; QUEBAKAN.COM 2026: Noticias, Eventos, Conciertos y mucho m\u00e1s....<\/title>\n<meta name=\"robots\" content=\"index, follow, max-snippet:-1, max-image-preview:large, max-video-preview:-1\" \/>\n<link rel=\"canonical\" href=\"https:\/\/www.quebakan.com\/v15\/samborondon-inaugura-la-primera-estacion-industrializada-de-clasificacion-de-residuos-comunes\/\" \/>\n<meta property=\"og:locale\" content=\"es_ES\" \/>\n<meta property=\"og:type\" content=\"article\" \/>\n<meta property=\"og:title\" content=\"Samborond\u00f3n inaugura la primera estaci\u00f3n industrializada de clasificaci\u00f3n de residuos comunes &#8211; QUEBAKAN.COM 2026: Noticias, Eventos, Conciertos y mucho m\u00e1s....\" \/>\n<meta property=\"og:description\" content=\"Pie de foto: Alcalde Juan Jos\u00e9 Y\u00fanez junto a Dolores Prado, CEO de Holcim Ecuador, y Luis Rivas, Head de Geocycle, durante la inauguraci\u00f3n de la primera Estaci\u00f3n Industrializada de Clasificaci\u00f3n de Residuos Comunes en Samborond\u00f3n. La primera estaci\u00f3n clasificadora industrializada de residuos fue inaugurada este 12 de noviembre de 2024.\u00a0 La inversi\u00f3n realizada entre [&hellip;]\" \/>\n<meta property=\"og:url\" content=\"https:\/\/www.quebakan.com\/v15\/samborondon-inaugura-la-primera-estacion-industrializada-de-clasificacion-de-residuos-comunes\/\" \/>\n<meta property=\"og:site_name\" content=\"QUEBAKAN.COM 2026: Noticias, Eventos, Conciertos y mucho m\u00e1s....\" \/>\n<meta property=\"article:publisher\" content=\"http:\/\/www.facebook.com\/quebakan\" \/>\n<meta property=\"article:published_time\" content=\"2024-11-13T17:42:58+00:00\" \/>\n<meta property=\"og:image\" content=\"https:\/\/www.quebakan.com\/v15\/wp-content\/uploads\/2024\/11\/Corte-de-cinta-2.jpg\" \/>\n\t<meta property=\"og:image:width\" content=\"700\" \/>\n\t<meta property=\"og:image:height\" content=\"467\" \/>\n\t<meta property=\"og:image:type\" content=\"image\/jpeg\" \/>\n<meta name=\"author\" content=\"Erick Villafuerte\" \/>\n<meta name=\"twitter:card\" content=\"summary_large_image\" \/>\n<meta name=\"twitter:creator\" content=\"@quebakanec\" \/>\n<meta name=\"twitter:site\" content=\"@quebakanec\" \/>\n<meta name=\"twitter:label1\" content=\"Escrito por\" \/>\n\t<meta name=\"twitter:data1\" content=\"Erick Villafuerte\" \/>\n\t<meta name=\"twitter:label2\" content=\"Tiempo de lectura\" \/>\n\t<meta name=\"twitter:data2\" content=\"4 minutos\" \/>\n<script type=\"application\/ld+json\" class=\"yoast-schema-graph\">{\"@context\":\"https:\\\/\\\/schema.org\",\"@graph\":[{\"@type\":\"Article\",\"@id\":\"https:\\\/\\\/www.quebakan.com\\\/v15\\\/samborondon-inaugura-la-primera-estacion-industrializada-de-clasificacion-de-residuos-comunes\\\/#article\",\"isPartOf\":{\"@id\":\"https:\\\/\\\/www.quebakan.com\\\/v15\\\/samborondon-inaugura-la-primera-estacion-industrializada-de-clasificacion-de-residuos-comunes\\\/\"},\"author\":{\"name\":\"Erick Villafuerte\",\"@id\":\"https:\\\/\\\/www.quebakan.com\\\/v15\\\/#\\\/schema\\\/person\\\/d90fa9f9cfa81eb8ace9811e5b7b9118\"},\"headline\":\"Samborond\u00f3n inaugura la primera estaci\u00f3n industrializada de clasificaci\u00f3n de residuos comunes\",\"datePublished\":\"2024-11-13T17:42:58+00:00\",\"mainEntityOfPage\":{\"@id\":\"https:\\\/\\\/www.quebakan.com\\\/v15\\\/samborondon-inaugura-la-primera-estacion-industrializada-de-clasificacion-de-residuos-comunes\\\/\"},\"wordCount\":636,\"commentCount\":0,\"publisher\":{\"@id\":\"https:\\\/\\\/www.quebakan.com\\\/v15\\\/#organization\"},\"image\":{\"@id\":\"https:\\\/\\\/www.quebakan.com\\\/v15\\\/samborondon-inaugura-la-primera-estacion-industrializada-de-clasificacion-de-residuos-comunes\\\/#primaryimage\"},\"thumbnailUrl\":\"https:\\\/\\\/www.quebakan.com\\\/v15\\\/wp-content\\\/uploads\\\/2024\\\/11\\\/Corte-de-cinta-2.jpg\",\"articleSection\":[\"Noticias\"],\"inLanguage\":\"es\"},{\"@type\":\"WebPage\",\"@id\":\"https:\\\/\\\/www.quebakan.com\\\/v15\\\/samborondon-inaugura-la-primera-estacion-industrializada-de-clasificacion-de-residuos-comunes\\\/\",\"url\":\"https:\\\/\\\/www.quebakan.com\\\/v15\\\/samborondon-inaugura-la-primera-estacion-industrializada-de-clasificacion-de-residuos-comunes\\\/\",\"name\":\"Samborond\u00f3n inaugura la primera estaci\u00f3n industrializada de clasificaci\u00f3n de residuos comunes &#8211; QUEBAKAN.COM 2026: Noticias, Eventos, Conciertos y mucho m\u00e1s....\",\"isPartOf\":{\"@id\":\"https:\\\/\\\/www.quebakan.com\\\/v15\\\/#website\"},\"primaryImageOfPage\":{\"@id\":\"https:\\\/\\\/www.quebakan.com\\\/v15\\\/samborondon-inaugura-la-primera-estacion-industrializada-de-clasificacion-de-residuos-comunes\\\/#primaryimage\"},\"image\":{\"@id\":\"https:\\\/\\\/www.quebakan.com\\\/v15\\\/samborondon-inaugura-la-primera-estacion-industrializada-de-clasificacion-de-residuos-comunes\\\/#primaryimage\"},\"thumbnailUrl\":\"https:\\\/\\\/www.quebakan.com\\\/v15\\\/wp-content\\\/uploads\\\/2024\\\/11\\\/Corte-de-cinta-2.jpg\",\"datePublished\":\"2024-11-13T17:42:58+00:00\",\"breadcrumb\":{\"@id\":\"https:\\\/\\\/www.quebakan.com\\\/v15\\\/samborondon-inaugura-la-primera-estacion-industrializada-de-clasificacion-de-residuos-comunes\\\/#breadcrumb\"},\"inLanguage\":\"es\",\"potentialAction\":[{\"@type\":\"ReadAction\",\"target\":[\"https:\\\/\\\/www.quebakan.com\\\/v15\\\/samborondon-inaugura-la-primera-estacion-industrializada-de-clasificacion-de-residuos-comunes\\\/\"]}]},{\"@type\":\"ImageObject\",\"inLanguage\":\"es\",\"@id\":\"https:\\\/\\\/www.quebakan.com\\\/v15\\\/samborondon-inaugura-la-primera-estacion-industrializada-de-clasificacion-de-residuos-comunes\\\/#primaryimage\",\"url\":\"https:\\\/\\\/www.quebakan.com\\\/v15\\\/wp-content\\\/uploads\\\/2024\\\/11\\\/Corte-de-cinta-2.jpg\",\"contentUrl\":\"https:\\\/\\\/www.quebakan.com\\\/v15\\\/wp-content\\\/uploads\\\/2024\\\/11\\\/Corte-de-cinta-2.jpg\",\"width\":700,\"height\":467},{\"@type\":\"BreadcrumbList\",\"@id\":\"https:\\\/\\\/www.quebakan.com\\\/v15\\\/samborondon-inaugura-la-primera-estacion-industrializada-de-clasificacion-de-residuos-comunes\\\/#breadcrumb\",\"itemListElement\":[{\"@type\":\"ListItem\",\"position\":1,\"name\":\"Portada\",\"item\":\"https:\\\/\\\/www.quebakan.com\\\/v15\\\/\"},{\"@type\":\"ListItem\",\"position\":2,\"name\":\"Samborond\u00f3n inaugura la primera estaci\u00f3n industrializada de clasificaci\u00f3n de residuos comunes\"}]},{\"@type\":\"WebSite\",\"@id\":\"https:\\\/\\\/www.quebakan.com\\\/v15\\\/#website\",\"url\":\"https:\\\/\\\/www.quebakan.com\\\/v15\\\/\",\"name\":\"QUEBAKAN\",\"description\":\"..\",\"publisher\":{\"@id\":\"https:\\\/\\\/www.quebakan.com\\\/v15\\\/#organization\"},\"potentialAction\":[{\"@type\":\"SearchAction\",\"target\":{\"@type\":\"EntryPoint\",\"urlTemplate\":\"https:\\\/\\\/www.quebakan.com\\\/v15\\\/?s={search_term_string}\"},\"query-input\":{\"@type\":\"PropertyValueSpecification\",\"valueRequired\":true,\"valueName\":\"search_term_string\"}}],\"inLanguage\":\"es\"},{\"@type\":\"Organization\",\"@id\":\"https:\\\/\\\/www.quebakan.com\\\/v15\\\/#organization\",\"name\":\"Quebakan.com\",\"url\":\"https:\\\/\\\/www.quebakan.com\\\/v15\\\/\",\"logo\":{\"@type\":\"ImageObject\",\"inLanguage\":\"es\",\"@id\":\"https:\\\/\\\/www.quebakan.com\\\/v15\\\/#\\\/schema\\\/logo\\\/image\\\/\",\"url\":\"https:\\\/\\\/www.quebakan.com\\\/v15\\\/wp-content\\\/uploads\\\/2023\\\/07\\\/logoquebakanenero2021.jpg\",\"contentUrl\":\"https:\\\/\\\/www.quebakan.com\\\/v15\\\/wp-content\\\/uploads\\\/2023\\\/07\\\/logoquebakanenero2021.jpg\",\"width\":1920,\"height\":1080,\"caption\":\"Quebakan.com\"},\"image\":{\"@id\":\"https:\\\/\\\/www.quebakan.com\\\/v15\\\/#\\\/schema\\\/logo\\\/image\\\/\"},\"sameAs\":[\"http:\\\/\\\/www.facebook.com\\\/quebakan\",\"https:\\\/\\\/x.com\\\/quebakanec\",\"http:\\\/\\\/www.instagram.com\\\/quebakan\",\"http:\\\/\\\/www.youtube.com\\\/quebakan1\"]},{\"@type\":\"Person\",\"@id\":\"https:\\\/\\\/www.quebakan.com\\\/v15\\\/#\\\/schema\\\/person\\\/d90fa9f9cfa81eb8ace9811e5b7b9118\",\"name\":\"Erick Villafuerte\",\"image\":{\"@type\":\"ImageObject\",\"inLanguage\":\"es\",\"@id\":\"https:\\\/\\\/www.quebakan.com\\\/v15\\\/wp-content\\\/uploads\\\/avatars\\\/4\\\/1731297654-bpfull.png\",\"url\":\"https:\\\/\\\/www.quebakan.com\\\/v15\\\/wp-content\\\/uploads\\\/avatars\\\/4\\\/1731297654-bpfull.png\",\"contentUrl\":\"https:\\\/\\\/www.quebakan.com\\\/v15\\\/wp-content\\\/uploads\\\/avatars\\\/4\\\/1731297654-bpfull.png\",\"caption\":\"Erick Villafuerte\"}}]}<\/script>\n<!-- \/ Yoast SEO plugin. -->","yoast_head_json":{"title":"Samborond\u00f3n inaugura la primera estaci\u00f3n industrializada de clasificaci\u00f3n de residuos comunes &#8211; QUEBAKAN.COM 2026: Noticias, Eventos, Conciertos y mucho m\u00e1s....","robots":{"index":"index","follow":"follow","max-snippet":"max-snippet:-1","max-image-preview":"max-image-preview:large","max-video-preview":"max-video-preview:-1"},"canonical":"https:\/\/www.quebakan.com\/v15\/samborondon-inaugura-la-primera-estacion-industrializada-de-clasificacion-de-residuos-comunes\/","og_locale":"es_ES","og_type":"article","og_title":"Samborond\u00f3n inaugura la primera estaci\u00f3n industrializada de clasificaci\u00f3n de residuos comunes &#8211; QUEBAKAN.COM 2026: Noticias, Eventos, Conciertos y mucho m\u00e1s....","og_description":"Pie de foto: Alcalde Juan Jos\u00e9 Y\u00fanez junto a Dolores Prado, CEO de Holcim Ecuador, y Luis Rivas, Head de Geocycle, durante la inauguraci\u00f3n de la primera Estaci\u00f3n Industrializada de Clasificaci\u00f3n de Residuos Comunes en Samborond\u00f3n. La primera estaci\u00f3n clasificadora industrializada de residuos fue inaugurada este 12 de noviembre de 2024.\u00a0 La inversi\u00f3n realizada entre [&hellip;]","og_url":"https:\/\/www.quebakan.com\/v15\/samborondon-inaugura-la-primera-estacion-industrializada-de-clasificacion-de-residuos-comunes\/","og_site_name":"QUEBAKAN.COM 2026: Noticias, Eventos, Conciertos y mucho m\u00e1s....","article_publisher":"http:\/\/www.facebook.com\/quebakan","article_published_time":"2024-11-13T17:42:58+00:00","og_image":[{"width":700,"height":467,"url":"https:\/\/www.quebakan.com\/v15\/wp-content\/uploads\/2024\/11\/Corte-de-cinta-2.jpg","type":"image\/jpeg"}],"author":"Erick Villafuerte","twitter_card":"summary_large_image","twitter_creator":"@quebakanec","twitter_site":"@quebakanec","twitter_misc":{"Escrito por":"Erick Villafuerte","Tiempo de lectura":"4 minutos"},"schema":{"@context":"https:\/\/schema.org","@graph":[{"@type":"Article","@id":"https:\/\/www.quebakan.com\/v15\/samborondon-inaugura-la-primera-estacion-industrializada-de-clasificacion-de-residuos-comunes\/#article","isPartOf":{"@id":"https:\/\/www.quebakan.com\/v15\/samborondon-inaugura-la-primera-estacion-industrializada-de-clasificacion-de-residuos-comunes\/"},"author":{"name":"Erick Villafuerte","@id":"https:\/\/www.quebakan.com\/v15\/#\/schema\/person\/d90fa9f9cfa81eb8ace9811e5b7b9118"},"headline":"Samborond\u00f3n inaugura la primera estaci\u00f3n industrializada de clasificaci\u00f3n de residuos comunes","datePublished":"2024-11-13T17:42:58+00:00","mainEntityOfPage":{"@id":"https:\/\/www.quebakan.com\/v15\/samborondon-inaugura-la-primera-estacion-industrializada-de-clasificacion-de-residuos-comunes\/"},"wordCount":636,"commentCount":0,"publisher":{"@id":"https:\/\/www.quebakan.com\/v15\/#organization"},"image":{"@id":"https:\/\/www.quebakan.com\/v15\/samborondon-inaugura-la-primera-estacion-industrializada-de-clasificacion-de-residuos-comunes\/#primaryimage"},"thumbnailUrl":"https:\/\/www.quebakan.com\/v15\/wp-content\/uploads\/2024\/11\/Corte-de-cinta-2.jpg","articleSection":["Noticias"],"inLanguage":"es"},{"@type":"WebPage","@id":"https:\/\/www.quebakan.com\/v15\/samborondon-inaugura-la-primera-estacion-industrializada-de-clasificacion-de-residuos-comunes\/","url":"https:\/\/www.quebakan.com\/v15\/samborondon-inaugura-la-primera-estacion-industrializada-de-clasificacion-de-residuos-comunes\/","name":"Samborond\u00f3n inaugura la primera estaci\u00f3n industrializada de clasificaci\u00f3n de residuos comunes &#8211; QUEBAKAN.COM 2026: Noticias, Eventos, Conciertos y mucho m\u00e1s....","isPartOf":{"@id":"https:\/\/www.quebakan.com\/v15\/#website"},"primaryImageOfPage":{"@id":"https:\/\/www.quebakan.com\/v15\/samborondon-inaugura-la-primera-estacion-industrializada-de-clasificacion-de-residuos-comunes\/#primaryimage"},"image":{"@id":"https:\/\/www.quebakan.com\/v15\/samborondon-inaugura-la-primera-estacion-industrializada-de-clasificacion-de-residuos-comunes\/#primaryimage"},"thumbnailUrl":"https:\/\/www.quebakan.com\/v15\/wp-content\/uploads\/2024\/11\/Corte-de-cinta-2.jpg","datePublished":"2024-11-13T17:42:58+00:00","breadcrumb":{"@id":"https:\/\/www.quebakan.com\/v15\/samborondon-inaugura-la-primera-estacion-industrializada-de-clasificacion-de-residuos-comunes\/#breadcrumb"},"inLanguage":"es","potentialAction":[{"@type":"ReadAction","target":["https:\/\/www.quebakan.com\/v15\/samborondon-inaugura-la-primera-estacion-industrializada-de-clasificacion-de-residuos-comunes\/"]}]},{"@type":"ImageObject","inLanguage":"es","@id":"https:\/\/www.quebakan.com\/v15\/samborondon-inaugura-la-primera-estacion-industrializada-de-clasificacion-de-residuos-comunes\/#primaryimage","url":"https:\/\/www.quebakan.com\/v15\/wp-content\/uploads\/2024\/11\/Corte-de-cinta-2.jpg","contentUrl":"https:\/\/www.quebakan.com\/v15\/wp-content\/uploads\/2024\/11\/Corte-de-cinta-2.jpg","width":700,"height":467},{"@type":"BreadcrumbList","@id":"https:\/\/www.quebakan.com\/v15\/samborondon-inaugura-la-primera-estacion-industrializada-de-clasificacion-de-residuos-comunes\/#breadcrumb","itemListElement":[{"@type":"ListItem","position":1,"name":"Portada","item":"https:\/\/www.quebakan.com\/v15\/"},{"@type":"ListItem","position":2,"name":"Samborond\u00f3n inaugura la primera estaci\u00f3n industrializada de clasificaci\u00f3n de residuos comunes"}]},{"@type":"WebSite","@id":"https:\/\/www.quebakan.com\/v15\/#website","url":"https:\/\/www.quebakan.com\/v15\/","name":"QUEBAKAN","description":"..","publisher":{"@id":"https:\/\/www.quebakan.com\/v15\/#organization"},"potentialAction":[{"@type":"SearchAction","target":{"@type":"EntryPoint","urlTemplate":"https:\/\/www.quebakan.com\/v15\/?s={search_term_string}"},"query-input":{"@type":"PropertyValueSpecification","valueRequired":true,"valueName":"search_term_string"}}],"inLanguage":"es"},{"@type":"Organization","@id":"https:\/\/www.quebakan.com\/v15\/#organization","name":"Quebakan.com","url":"https:\/\/www.quebakan.com\/v15\/","logo":{"@type":"ImageObject","inLanguage":"es","@id":"https:\/\/www.quebakan.com\/v15\/#\/schema\/logo\/image\/","url":"https:\/\/www.quebakan.com\/v15\/wp-content\/uploads\/2023\/07\/logoquebakanenero2021.jpg","contentUrl":"https:\/\/www.quebakan.com\/v15\/wp-content\/uploads\/2023\/07\/logoquebakanenero2021.jpg","width":1920,"height":1080,"caption":"Quebakan.com"},"image":{"@id":"https:\/\/www.quebakan.com\/v15\/#\/schema\/logo\/image\/"},"sameAs":["http:\/\/www.facebook.com\/quebakan","https:\/\/x.com\/quebakanec","http:\/\/www.instagram.com\/quebakan","http:\/\/www.youtube.com\/quebakan1"]},{"@type":"Person","@id":"https:\/\/www.quebakan.com\/v15\/#\/schema\/person\/d90fa9f9cfa81eb8ace9811e5b7b9118","name":"Erick Villafuerte","image":{"@type":"ImageObject","inLanguage":"es","@id":"https:\/\/www.quebakan.com\/v15\/wp-content\/uploads\/avatars\/4\/1731297654-bpfull.png","url":"https:\/\/www.quebakan.com\/v15\/wp-content\/uploads\/avatars\/4\/1731297654-bpfull.png","contentUrl":"https:\/\/www.quebakan.com\/v15\/wp-content\/uploads\/avatars\/4\/1731297654-bpfull.png","caption":"Erick Villafuerte"}}]}},"_links":{"self":[{"href":"https:\/\/www.quebakan.com\/v15\/wp-json\/wp\/v2\/posts\/125915","targetHints":{"allow":["GET"]}}],"collection":[{"href":"https:\/\/www.quebakan.com\/v15\/wp-json\/wp\/v2\/posts"}],"about":[{"href":"https:\/\/www.quebakan.com\/v15\/wp-json\/wp\/v2\/types\/post"}],"author":[{"embeddable":true,"href":"https:\/\/www.quebakan.com\/v15\/wp-json\/wp\/v2\/users\/4"}],"replies":[{"embeddable":true,"href":"https:\/\/www.quebakan.com\/v15\/wp-json\/wp\/v2\/comments?post=125915"}],"version-history":[{"count":1,"href":"https:\/\/www.quebakan.com\/v15\/wp-json\/wp\/v2\/posts\/125915\/revisions"}],"predecessor-version":[{"id":125921,"href":"https:\/\/www.quebakan.com\/v15\/wp-json\/wp\/v2\/posts\/125915\/revisions\/125921"}],"wp:featuredmedia":[{"embeddable":true,"href":"https:\/\/www.quebakan.com\/v15\/wp-json\/wp\/v2\/media\/125916"}],"wp:attachment":[{"href":"https:\/\/www.quebakan.com\/v15\/wp-json\/wp\/v2\/media?parent=125915"}],"wp:term":[{"taxonomy":"category","embeddable":true,"href":"https:\/\/www.quebakan.com\/v15\/wp-json\/wp\/v2\/categories?post=125915"},{"taxonomy":"post_tag","embeddable":true,"href":"https:\/\/www.quebakan.com\/v15\/wp-json\/wp\/v2\/tags?post=125915"}],"curies":[{"name":"wp","href":"https:\/\/api.w.org\/{rel}","templated":true}]}}