{"id":125922,"date":"2024-11-13T13:12:06","date_gmt":"2024-11-13T18:12:06","guid":{"rendered":"https:\/\/www.quebakan.com\/v15\/?p=125922"},"modified":"2024-11-13T13:12:06","modified_gmt":"2024-11-13T18:12:06","slug":"nestle-ecuador-y-el-programa-ana-unen-esfuerzos-para-prevenir-la-violencia-de-genero-con-un-nescafe-por-ana","status":"publish","type":"post","link":"https:\/\/www.quebakan.com\/v15\/nestle-ecuador-y-el-programa-ana-unen-esfuerzos-para-prevenir-la-violencia-de-genero-con-un-nescafe-por-ana\/","title":{"rendered":"Nestl\u00e9 Ecuador y el Programa ANA unen esfuerzos para prevenir la violencia de g\u00e9nero con \u201cUn Nescaf\u00e9 por ANA\u201d"},"content":{"rendered":"<p><img fetchpriority=\"high\" decoding=\"async\" class=\"aligncenter size-full wp-image-125923\" src=\"https:\/\/www.quebakan.com\/v15\/wp-content\/uploads\/2024\/11\/002_.jpg\" alt=\"\" width=\"700\" height=\"466\" \/><\/p>\n<p style=\"text-align: justify;\"><span style=\"color: #000000;\"><strong><em>Pie de foto: <\/em><\/strong><em>Alejandra Montoya, Vicepresidenta de Caf\u00e9 y Bebidas; Aracely Sarango, Beneficiaria del Programa ANA; Josu\u00e9 De La Maza, Presidente Ejecutivo de Nestl\u00e9 Ecuador; Lavinia Valbonesi, Primera Dama de la naci\u00f3n; Lucia Andrade, Gerente del Proyecto ANA; Pedro Ospina, Vicepresidente Legal, Corporativo y Sostenibilidad de Nestl\u00e9 Ecuador; y Viviana Valdivieso, Vicepresidenta de Marketing y Comunicaciones de Nestl\u00e9 Ecuador.<\/em><\/span><\/p>\n<ul style=\"text-align: justify;\">\n<li><span style=\"color: #000000;\"><em>En Ecuador, la violencia de g\u00e9nero es una alarmante realidad que afecta a 7 de cada 10 mujeres, quienes sufren distintos tipos de abuso, ya sea psicol\u00f3gico, f\u00edsico o sexual.<\/em><\/span><\/li>\n<li><span style=\"color: #000000;\"><em>Cada venta de Nescaf\u00e9 se convierte en un s\u00edmbolo de esperanza y apoyo a las mujeres y ni\u00f1os afectados por la violencia.<\/em><\/span><\/li>\n<li><span style=\"color: #000000;\"><em>Esta iniciativa es parte de un trabajo en conjunto a largo plazo. <\/em><\/span><\/li>\n<\/ul>\n<p style=\"text-align: justify;\"><span style=\"color: #000000;\"><strong>Quito, 12 de noviembre del 2024.-<\/strong> Nestl\u00e9 Ecuador, empresa comprometida con el desarrollo social, en alianza con el Programa ANA, liderado por Lavinia Valbonesi, Primera Dama de la naci\u00f3n, present\u00f3 la iniciativa <strong>\u201cUn Nescaf\u00e9 por ANA\u201d<\/strong>, un esfuerzo que busca prevenir y reducir la violencia de g\u00e9nero en el pa\u00eds. Este proyecto beneficiar\u00e1 a m\u00e1s de 25.000 mujeres en situaci\u00f3n de vulnerabilidad mediante la venta de Nescaf\u00e9 en la tienda Nestl\u00e9 Signature Store, ubicada en el complejo Ekopark de Quito.<\/span><\/p>\n<p style=\"text-align: justify;\"><span style=\"color: #000000;\">El prop\u00f3sito principal de esta alianza es recaudar fondos para ampliar el alcance del Programa ANA, ofreciendo herramientas de formaci\u00f3n, apoyo emocional y oportunidades de desarrollo profesional a las beneficiarias. Adem\u00e1s de la asistencia inmediata, esta colaboraci\u00f3n pretende generar un cambio cultural sostenible que promueva un Ecuador libre de violencia.<\/span><\/p>\n<p style=\"text-align: justify;\"><span style=\"color: #000000;\"><em>\u201cNuestra estrategia de Creaci\u00f3n de Valor Compartido nos impulsa a generar impactos positivos para la sociedad, el ambiente y nuestro negocio. Esta alianza con el Programa ANA refleja plenamente nuestro prop\u00f3sito y compromiso corporativo. Hoy, no solo buscamos sumar esfuerzos junto a nuestros consumidores, sino tambi\u00e9n llevar un mensaje claro a nuestros colaboradores, comunidades, proveedores y socios estrat\u00e9gicos: juntos, podemos construir un futuro m\u00e1s justo, inclusivo y libre de violencia\u201d<\/em>, destac\u00f3 Josu\u00e9 De La Maza, Presidente Ejecutivo de Nestl\u00e9 Ecuador.<\/span><\/p>\n<p style=\"text-align: justify;\"><span style=\"color: #000000;\">Por su parte, Lavinia Valbonesi, Primera Dama de la naci\u00f3n, expres\u00f3 <em>\u201cEl trabajo articulado entre el sector privado y el Programa ANA nos permite transformar la realidad de miles de mujeres en el pa\u00eds. Esta iniciativa no solo es un llamado a la acci\u00f3n, sino tambi\u00e9n un recordatorio de que, juntos, podemos generar un impacto duradero en la lucha contra la violencia de g\u00e9nero\u201d.<\/em><\/span><\/p>\n<p style=\"text-align: justify;\"><span style=\"color: #000000;\">El Programa ANA naci\u00f3 como respuesta a los preocupantes \u00edndices de violencia de g\u00e9nero, con el objetivo de transformar esta realidad. A trav\u00e9s de alianzas estrat\u00e9gicas como la establecida con Nestl\u00e9, se crea una oportunidad clave para convertir esta causa en un compromiso compartido. La participaci\u00f3n del sector privado es esencial para potenciar el impacto de estas iniciativas y alcanzar un cambio significativo en la sociedad.<\/span><\/p>\n<p style=\"text-align: justify;\"><span style=\"color: #000000;\">Mediante esta iniciativa, Nestl\u00e9 Ecuador reafirma su compromiso de promover acciones con prop\u00f3sito que contribuyan al desarrollo sostenible del pa\u00eds. <strong>\u201cUn Nescaf\u00e9 por ANA\u201d<\/strong> se alinea con los Objetivos de Desarrollo Sostenible (ODS), \u00a1Juntos podemos transformar la vida de mujeres, ni\u00f1os y ni\u00f1as en el Ecuador!<\/span><\/p>\n","protected":false},"excerpt":{"rendered":"<p>Pie de foto: Alejandra Montoya, Vicepresidenta de Caf\u00e9 y Bebidas; Aracely Sarango, Beneficiaria del Programa ANA; Josu\u00e9 De La Maza, Presidente Ejecutivo de Nestl\u00e9 Ecuador; Lavinia Valbonesi, Primera Dama de la naci\u00f3n; Lucia Andrade, Gerente del Proyecto ANA; Pedro Ospina, Vicepresidente Legal, Corporativo y Sostenibilidad de Nestl\u00e9 Ecuador; y Viviana Valdivieso, Vicepresidenta de Marketing y [&hellip;]<\/p>\n","protected":false},"author":4,"featured_media":125923,"comment_status":"open","ping_status":"open","sticky":false,"template":"","format":"standard","meta":{"_bbp_topic_count":0,"_bbp_reply_count":0,"_bbp_total_topic_count":0,"_bbp_total_reply_count":0,"_bbp_voice_count":0,"_bbp_anonymous_reply_count":0,"_bbp_topic_count_hidden":0,"_bbp_reply_count_hidden":0,"_bbp_forum_subforum_count":0,"buzzeditor_post_format":"","footnotes":""},"categories":[2],"tags":[],"class_list":["post-125922","post","type-post","status-publish","format-standard","has-post-thumbnail","hentry","category-noticias"],"yoast_head":"<!-- This site is optimized with the Yoast SEO plugin v27.5 - https:\/\/yoast.com\/product\/yoast-seo-wordpress\/ -->\n<title>Nestl\u00e9 Ecuador y el Programa ANA unen esfuerzos para prevenir la violencia de g\u00e9nero con \u201cUn Nescaf\u00e9 por ANA\u201d &#8211; QUEBAKAN.COM 2026: Noticias, Eventos, Conciertos y mucho m\u00e1s....<\/title>\n<meta name=\"robots\" content=\"index, follow, max-snippet:-1, max-image-preview:large, max-video-preview:-1\" \/>\n<link rel=\"canonical\" href=\"https:\/\/www.quebakan.com\/v15\/nestle-ecuador-y-el-programa-ana-unen-esfuerzos-para-prevenir-la-violencia-de-genero-con-un-nescafe-por-ana\/\" \/>\n<meta property=\"og:locale\" content=\"es_ES\" \/>\n<meta property=\"og:type\" content=\"article\" \/>\n<meta property=\"og:title\" content=\"Nestl\u00e9 Ecuador y el Programa ANA unen esfuerzos para prevenir la violencia de g\u00e9nero con \u201cUn Nescaf\u00e9 por ANA\u201d &#8211; QUEBAKAN.COM 2026: Noticias, Eventos, Conciertos y mucho m\u00e1s....\" \/>\n<meta property=\"og:description\" content=\"Pie de foto: Alejandra Montoya, Vicepresidenta de Caf\u00e9 y Bebidas; Aracely Sarango, Beneficiaria del Programa ANA; Josu\u00e9 De La Maza, Presidente Ejecutivo de Nestl\u00e9 Ecuador; Lavinia Valbonesi, Primera Dama de la naci\u00f3n; Lucia Andrade, Gerente del Proyecto ANA; Pedro Ospina, Vicepresidente Legal, Corporativo y Sostenibilidad de Nestl\u00e9 Ecuador; y Viviana Valdivieso, Vicepresidenta de Marketing y [&hellip;]\" \/>\n<meta property=\"og:url\" content=\"https:\/\/www.quebakan.com\/v15\/nestle-ecuador-y-el-programa-ana-unen-esfuerzos-para-prevenir-la-violencia-de-genero-con-un-nescafe-por-ana\/\" \/>\n<meta property=\"og:site_name\" content=\"QUEBAKAN.COM 2026: Noticias, Eventos, Conciertos y mucho m\u00e1s....\" \/>\n<meta property=\"article:publisher\" content=\"http:\/\/www.facebook.com\/quebakan\" \/>\n<meta property=\"article:published_time\" content=\"2024-11-13T18:12:06+00:00\" \/>\n<meta property=\"og:image\" content=\"https:\/\/www.quebakan.com\/v15\/wp-content\/uploads\/2024\/11\/002_.jpg\" \/>\n\t<meta property=\"og:image:width\" content=\"700\" \/>\n\t<meta property=\"og:image:height\" content=\"466\" \/>\n\t<meta property=\"og:image:type\" content=\"image\/jpeg\" \/>\n<meta name=\"author\" content=\"Erick Villafuerte\" \/>\n<meta name=\"twitter:card\" content=\"summary_large_image\" \/>\n<meta name=\"twitter:creator\" content=\"@quebakanec\" \/>\n<meta name=\"twitter:site\" content=\"@quebakanec\" \/>\n<meta name=\"twitter:label1\" content=\"Escrito por\" \/>\n\t<meta name=\"twitter:data1\" content=\"Erick Villafuerte\" \/>\n\t<meta name=\"twitter:label2\" content=\"Tiempo de lectura\" \/>\n\t<meta name=\"twitter:data2\" content=\"3 minutos\" \/>\n<script type=\"application\/ld+json\" class=\"yoast-schema-graph\">{\"@context\":\"https:\\\/\\\/schema.org\",\"@graph\":[{\"@type\":\"Article\",\"@id\":\"https:\\\/\\\/www.quebakan.com\\\/v15\\\/nestle-ecuador-y-el-programa-ana-unen-esfuerzos-para-prevenir-la-violencia-de-genero-con-un-nescafe-por-ana\\\/#article\",\"isPartOf\":{\"@id\":\"https:\\\/\\\/www.quebakan.com\\\/v15\\\/nestle-ecuador-y-el-programa-ana-unen-esfuerzos-para-prevenir-la-violencia-de-genero-con-un-nescafe-por-ana\\\/\"},\"author\":{\"name\":\"Erick Villafuerte\",\"@id\":\"https:\\\/\\\/www.quebakan.com\\\/v15\\\/#\\\/schema\\\/person\\\/d90fa9f9cfa81eb8ace9811e5b7b9118\"},\"headline\":\"Nestl\u00e9 Ecuador y el Programa ANA unen esfuerzos para prevenir la violencia de g\u00e9nero con \u201cUn Nescaf\u00e9 por ANA\u201d\",\"datePublished\":\"2024-11-13T18:12:06+00:00\",\"mainEntityOfPage\":{\"@id\":\"https:\\\/\\\/www.quebakan.com\\\/v15\\\/nestle-ecuador-y-el-programa-ana-unen-esfuerzos-para-prevenir-la-violencia-de-genero-con-un-nescafe-por-ana\\\/\"},\"wordCount\":558,\"commentCount\":0,\"publisher\":{\"@id\":\"https:\\\/\\\/www.quebakan.com\\\/v15\\\/#organization\"},\"image\":{\"@id\":\"https:\\\/\\\/www.quebakan.com\\\/v15\\\/nestle-ecuador-y-el-programa-ana-unen-esfuerzos-para-prevenir-la-violencia-de-genero-con-un-nescafe-por-ana\\\/#primaryimage\"},\"thumbnailUrl\":\"https:\\\/\\\/www.quebakan.com\\\/v15\\\/wp-content\\\/uploads\\\/2024\\\/11\\\/002_.jpg\",\"articleSection\":[\"Noticias\"],\"inLanguage\":\"es\"},{\"@type\":\"WebPage\",\"@id\":\"https:\\\/\\\/www.quebakan.com\\\/v15\\\/nestle-ecuador-y-el-programa-ana-unen-esfuerzos-para-prevenir-la-violencia-de-genero-con-un-nescafe-por-ana\\\/\",\"url\":\"https:\\\/\\\/www.quebakan.com\\\/v15\\\/nestle-ecuador-y-el-programa-ana-unen-esfuerzos-para-prevenir-la-violencia-de-genero-con-un-nescafe-por-ana\\\/\",\"name\":\"Nestl\u00e9 Ecuador y el Programa ANA unen esfuerzos para prevenir la violencia de g\u00e9nero con \u201cUn Nescaf\u00e9 por ANA\u201d &#8211; QUEBAKAN.COM 2026: Noticias, Eventos, Conciertos y mucho m\u00e1s....\",\"isPartOf\":{\"@id\":\"https:\\\/\\\/www.quebakan.com\\\/v15\\\/#website\"},\"primaryImageOfPage\":{\"@id\":\"https:\\\/\\\/www.quebakan.com\\\/v15\\\/nestle-ecuador-y-el-programa-ana-unen-esfuerzos-para-prevenir-la-violencia-de-genero-con-un-nescafe-por-ana\\\/#primaryimage\"},\"image\":{\"@id\":\"https:\\\/\\\/www.quebakan.com\\\/v15\\\/nestle-ecuador-y-el-programa-ana-unen-esfuerzos-para-prevenir-la-violencia-de-genero-con-un-nescafe-por-ana\\\/#primaryimage\"},\"thumbnailUrl\":\"https:\\\/\\\/www.quebakan.com\\\/v15\\\/wp-content\\\/uploads\\\/2024\\\/11\\\/002_.jpg\",\"datePublished\":\"2024-11-13T18:12:06+00:00\",\"breadcrumb\":{\"@id\":\"https:\\\/\\\/www.quebakan.com\\\/v15\\\/nestle-ecuador-y-el-programa-ana-unen-esfuerzos-para-prevenir-la-violencia-de-genero-con-un-nescafe-por-ana\\\/#breadcrumb\"},\"inLanguage\":\"es\",\"potentialAction\":[{\"@type\":\"ReadAction\",\"target\":[\"https:\\\/\\\/www.quebakan.com\\\/v15\\\/nestle-ecuador-y-el-programa-ana-unen-esfuerzos-para-prevenir-la-violencia-de-genero-con-un-nescafe-por-ana\\\/\"]}]},{\"@type\":\"ImageObject\",\"inLanguage\":\"es\",\"@id\":\"https:\\\/\\\/www.quebakan.com\\\/v15\\\/nestle-ecuador-y-el-programa-ana-unen-esfuerzos-para-prevenir-la-violencia-de-genero-con-un-nescafe-por-ana\\\/#primaryimage\",\"url\":\"https:\\\/\\\/www.quebakan.com\\\/v15\\\/wp-content\\\/uploads\\\/2024\\\/11\\\/002_.jpg\",\"contentUrl\":\"https:\\\/\\\/www.quebakan.com\\\/v15\\\/wp-content\\\/uploads\\\/2024\\\/11\\\/002_.jpg\",\"width\":700,\"height\":466},{\"@type\":\"BreadcrumbList\",\"@id\":\"https:\\\/\\\/www.quebakan.com\\\/v15\\\/nestle-ecuador-y-el-programa-ana-unen-esfuerzos-para-prevenir-la-violencia-de-genero-con-un-nescafe-por-ana\\\/#breadcrumb\",\"itemListElement\":[{\"@type\":\"ListItem\",\"position\":1,\"name\":\"Portada\",\"item\":\"https:\\\/\\\/www.quebakan.com\\\/v15\\\/\"},{\"@type\":\"ListItem\",\"position\":2,\"name\":\"Nestl\u00e9 Ecuador y el Programa ANA unen esfuerzos para prevenir la violencia de g\u00e9nero con \u201cUn Nescaf\u00e9 por ANA\u201d\"}]},{\"@type\":\"WebSite\",\"@id\":\"https:\\\/\\\/www.quebakan.com\\\/v15\\\/#website\",\"url\":\"https:\\\/\\\/www.quebakan.com\\\/v15\\\/\",\"name\":\"QUEBAKAN\",\"description\":\"..\",\"publisher\":{\"@id\":\"https:\\\/\\\/www.quebakan.com\\\/v15\\\/#organization\"},\"potentialAction\":[{\"@type\":\"SearchAction\",\"target\":{\"@type\":\"EntryPoint\",\"urlTemplate\":\"https:\\\/\\\/www.quebakan.com\\\/v15\\\/?s={search_term_string}\"},\"query-input\":{\"@type\":\"PropertyValueSpecification\",\"valueRequired\":true,\"valueName\":\"search_term_string\"}}],\"inLanguage\":\"es\"},{\"@type\":\"Organization\",\"@id\":\"https:\\\/\\\/www.quebakan.com\\\/v15\\\/#organization\",\"name\":\"Quebakan.com\",\"url\":\"https:\\\/\\\/www.quebakan.com\\\/v15\\\/\",\"logo\":{\"@type\":\"ImageObject\",\"inLanguage\":\"es\",\"@id\":\"https:\\\/\\\/www.quebakan.com\\\/v15\\\/#\\\/schema\\\/logo\\\/image\\\/\",\"url\":\"https:\\\/\\\/www.quebakan.com\\\/v15\\\/wp-content\\\/uploads\\\/2023\\\/07\\\/logoquebakanenero2021.jpg\",\"contentUrl\":\"https:\\\/\\\/www.quebakan.com\\\/v15\\\/wp-content\\\/uploads\\\/2023\\\/07\\\/logoquebakanenero2021.jpg\",\"width\":1920,\"height\":1080,\"caption\":\"Quebakan.com\"},\"image\":{\"@id\":\"https:\\\/\\\/www.quebakan.com\\\/v15\\\/#\\\/schema\\\/logo\\\/image\\\/\"},\"sameAs\":[\"http:\\\/\\\/www.facebook.com\\\/quebakan\",\"https:\\\/\\\/x.com\\\/quebakanec\",\"http:\\\/\\\/www.instagram.com\\\/quebakan\",\"http:\\\/\\\/www.youtube.com\\\/quebakan1\"]},{\"@type\":\"Person\",\"@id\":\"https:\\\/\\\/www.quebakan.com\\\/v15\\\/#\\\/schema\\\/person\\\/d90fa9f9cfa81eb8ace9811e5b7b9118\",\"name\":\"Erick Villafuerte\",\"image\":{\"@type\":\"ImageObject\",\"inLanguage\":\"es\",\"@id\":\"https:\\\/\\\/www.quebakan.com\\\/v15\\\/wp-content\\\/uploads\\\/avatars\\\/4\\\/1731297654-bpfull.png\",\"url\":\"https:\\\/\\\/www.quebakan.com\\\/v15\\\/wp-content\\\/uploads\\\/avatars\\\/4\\\/1731297654-bpfull.png\",\"contentUrl\":\"https:\\\/\\\/www.quebakan.com\\\/v15\\\/wp-content\\\/uploads\\\/avatars\\\/4\\\/1731297654-bpfull.png\",\"caption\":\"Erick Villafuerte\"}}]}<\/script>\n<!-- \/ Yoast SEO plugin. -->","yoast_head_json":{"title":"Nestl\u00e9 Ecuador y el Programa ANA unen esfuerzos para prevenir la violencia de g\u00e9nero con \u201cUn Nescaf\u00e9 por ANA\u201d &#8211; QUEBAKAN.COM 2026: Noticias, Eventos, Conciertos y mucho m\u00e1s....","robots":{"index":"index","follow":"follow","max-snippet":"max-snippet:-1","max-image-preview":"max-image-preview:large","max-video-preview":"max-video-preview:-1"},"canonical":"https:\/\/www.quebakan.com\/v15\/nestle-ecuador-y-el-programa-ana-unen-esfuerzos-para-prevenir-la-violencia-de-genero-con-un-nescafe-por-ana\/","og_locale":"es_ES","og_type":"article","og_title":"Nestl\u00e9 Ecuador y el Programa ANA unen esfuerzos para prevenir la violencia de g\u00e9nero con \u201cUn Nescaf\u00e9 por ANA\u201d &#8211; QUEBAKAN.COM 2026: Noticias, Eventos, Conciertos y mucho m\u00e1s....","og_description":"Pie de foto: Alejandra Montoya, Vicepresidenta de Caf\u00e9 y Bebidas; Aracely Sarango, Beneficiaria del Programa ANA; Josu\u00e9 De La Maza, Presidente Ejecutivo de Nestl\u00e9 Ecuador; Lavinia Valbonesi, Primera Dama de la naci\u00f3n; Lucia Andrade, Gerente del Proyecto ANA; Pedro Ospina, Vicepresidente Legal, Corporativo y Sostenibilidad de Nestl\u00e9 Ecuador; y Viviana Valdivieso, Vicepresidenta de Marketing y [&hellip;]","og_url":"https:\/\/www.quebakan.com\/v15\/nestle-ecuador-y-el-programa-ana-unen-esfuerzos-para-prevenir-la-violencia-de-genero-con-un-nescafe-por-ana\/","og_site_name":"QUEBAKAN.COM 2026: Noticias, Eventos, Conciertos y mucho m\u00e1s....","article_publisher":"http:\/\/www.facebook.com\/quebakan","article_published_time":"2024-11-13T18:12:06+00:00","og_image":[{"width":700,"height":466,"url":"https:\/\/www.quebakan.com\/v15\/wp-content\/uploads\/2024\/11\/002_.jpg","type":"image\/jpeg"}],"author":"Erick Villafuerte","twitter_card":"summary_large_image","twitter_creator":"@quebakanec","twitter_site":"@quebakanec","twitter_misc":{"Escrito por":"Erick Villafuerte","Tiempo de lectura":"3 minutos"},"schema":{"@context":"https:\/\/schema.org","@graph":[{"@type":"Article","@id":"https:\/\/www.quebakan.com\/v15\/nestle-ecuador-y-el-programa-ana-unen-esfuerzos-para-prevenir-la-violencia-de-genero-con-un-nescafe-por-ana\/#article","isPartOf":{"@id":"https:\/\/www.quebakan.com\/v15\/nestle-ecuador-y-el-programa-ana-unen-esfuerzos-para-prevenir-la-violencia-de-genero-con-un-nescafe-por-ana\/"},"author":{"name":"Erick Villafuerte","@id":"https:\/\/www.quebakan.com\/v15\/#\/schema\/person\/d90fa9f9cfa81eb8ace9811e5b7b9118"},"headline":"Nestl\u00e9 Ecuador y el Programa ANA unen esfuerzos para prevenir la violencia de g\u00e9nero con \u201cUn Nescaf\u00e9 por ANA\u201d","datePublished":"2024-11-13T18:12:06+00:00","mainEntityOfPage":{"@id":"https:\/\/www.quebakan.com\/v15\/nestle-ecuador-y-el-programa-ana-unen-esfuerzos-para-prevenir-la-violencia-de-genero-con-un-nescafe-por-ana\/"},"wordCount":558,"commentCount":0,"publisher":{"@id":"https:\/\/www.quebakan.com\/v15\/#organization"},"image":{"@id":"https:\/\/www.quebakan.com\/v15\/nestle-ecuador-y-el-programa-ana-unen-esfuerzos-para-prevenir-la-violencia-de-genero-con-un-nescafe-por-ana\/#primaryimage"},"thumbnailUrl":"https:\/\/www.quebakan.com\/v15\/wp-content\/uploads\/2024\/11\/002_.jpg","articleSection":["Noticias"],"inLanguage":"es"},{"@type":"WebPage","@id":"https:\/\/www.quebakan.com\/v15\/nestle-ecuador-y-el-programa-ana-unen-esfuerzos-para-prevenir-la-violencia-de-genero-con-un-nescafe-por-ana\/","url":"https:\/\/www.quebakan.com\/v15\/nestle-ecuador-y-el-programa-ana-unen-esfuerzos-para-prevenir-la-violencia-de-genero-con-un-nescafe-por-ana\/","name":"Nestl\u00e9 Ecuador y el Programa ANA unen esfuerzos para prevenir la violencia de g\u00e9nero con \u201cUn Nescaf\u00e9 por ANA\u201d &#8211; QUEBAKAN.COM 2026: Noticias, Eventos, Conciertos y mucho m\u00e1s....","isPartOf":{"@id":"https:\/\/www.quebakan.com\/v15\/#website"},"primaryImageOfPage":{"@id":"https:\/\/www.quebakan.com\/v15\/nestle-ecuador-y-el-programa-ana-unen-esfuerzos-para-prevenir-la-violencia-de-genero-con-un-nescafe-por-ana\/#primaryimage"},"image":{"@id":"https:\/\/www.quebakan.com\/v15\/nestle-ecuador-y-el-programa-ana-unen-esfuerzos-para-prevenir-la-violencia-de-genero-con-un-nescafe-por-ana\/#primaryimage"},"thumbnailUrl":"https:\/\/www.quebakan.com\/v15\/wp-content\/uploads\/2024\/11\/002_.jpg","datePublished":"2024-11-13T18:12:06+00:00","breadcrumb":{"@id":"https:\/\/www.quebakan.com\/v15\/nestle-ecuador-y-el-programa-ana-unen-esfuerzos-para-prevenir-la-violencia-de-genero-con-un-nescafe-por-ana\/#breadcrumb"},"inLanguage":"es","potentialAction":[{"@type":"ReadAction","target":["https:\/\/www.quebakan.com\/v15\/nestle-ecuador-y-el-programa-ana-unen-esfuerzos-para-prevenir-la-violencia-de-genero-con-un-nescafe-por-ana\/"]}]},{"@type":"ImageObject","inLanguage":"es","@id":"https:\/\/www.quebakan.com\/v15\/nestle-ecuador-y-el-programa-ana-unen-esfuerzos-para-prevenir-la-violencia-de-genero-con-un-nescafe-por-ana\/#primaryimage","url":"https:\/\/www.quebakan.com\/v15\/wp-content\/uploads\/2024\/11\/002_.jpg","contentUrl":"https:\/\/www.quebakan.com\/v15\/wp-content\/uploads\/2024\/11\/002_.jpg","width":700,"height":466},{"@type":"BreadcrumbList","@id":"https:\/\/www.quebakan.com\/v15\/nestle-ecuador-y-el-programa-ana-unen-esfuerzos-para-prevenir-la-violencia-de-genero-con-un-nescafe-por-ana\/#breadcrumb","itemListElement":[{"@type":"ListItem","position":1,"name":"Portada","item":"https:\/\/www.quebakan.com\/v15\/"},{"@type":"ListItem","position":2,"name":"Nestl\u00e9 Ecuador y el Programa ANA unen esfuerzos para prevenir la violencia de g\u00e9nero con \u201cUn Nescaf\u00e9 por ANA\u201d"}]},{"@type":"WebSite","@id":"https:\/\/www.quebakan.com\/v15\/#website","url":"https:\/\/www.quebakan.com\/v15\/","name":"QUEBAKAN","description":"..","publisher":{"@id":"https:\/\/www.quebakan.com\/v15\/#organization"},"potentialAction":[{"@type":"SearchAction","target":{"@type":"EntryPoint","urlTemplate":"https:\/\/www.quebakan.com\/v15\/?s={search_term_string}"},"query-input":{"@type":"PropertyValueSpecification","valueRequired":true,"valueName":"search_term_string"}}],"inLanguage":"es"},{"@type":"Organization","@id":"https:\/\/www.quebakan.com\/v15\/#organization","name":"Quebakan.com","url":"https:\/\/www.quebakan.com\/v15\/","logo":{"@type":"ImageObject","inLanguage":"es","@id":"https:\/\/www.quebakan.com\/v15\/#\/schema\/logo\/image\/","url":"https:\/\/www.quebakan.com\/v15\/wp-content\/uploads\/2023\/07\/logoquebakanenero2021.jpg","contentUrl":"https:\/\/www.quebakan.com\/v15\/wp-content\/uploads\/2023\/07\/logoquebakanenero2021.jpg","width":1920,"height":1080,"caption":"Quebakan.com"},"image":{"@id":"https:\/\/www.quebakan.com\/v15\/#\/schema\/logo\/image\/"},"sameAs":["http:\/\/www.facebook.com\/quebakan","https:\/\/x.com\/quebakanec","http:\/\/www.instagram.com\/quebakan","http:\/\/www.youtube.com\/quebakan1"]},{"@type":"Person","@id":"https:\/\/www.quebakan.com\/v15\/#\/schema\/person\/d90fa9f9cfa81eb8ace9811e5b7b9118","name":"Erick Villafuerte","image":{"@type":"ImageObject","inLanguage":"es","@id":"https:\/\/www.quebakan.com\/v15\/wp-content\/uploads\/avatars\/4\/1731297654-bpfull.png","url":"https:\/\/www.quebakan.com\/v15\/wp-content\/uploads\/avatars\/4\/1731297654-bpfull.png","contentUrl":"https:\/\/www.quebakan.com\/v15\/wp-content\/uploads\/avatars\/4\/1731297654-bpfull.png","caption":"Erick Villafuerte"}}]}},"_links":{"self":[{"href":"https:\/\/www.quebakan.com\/v15\/wp-json\/wp\/v2\/posts\/125922","targetHints":{"allow":["GET"]}}],"collection":[{"href":"https:\/\/www.quebakan.com\/v15\/wp-json\/wp\/v2\/posts"}],"about":[{"href":"https:\/\/www.quebakan.com\/v15\/wp-json\/wp\/v2\/types\/post"}],"author":[{"embeddable":true,"href":"https:\/\/www.quebakan.com\/v15\/wp-json\/wp\/v2\/users\/4"}],"replies":[{"embeddable":true,"href":"https:\/\/www.quebakan.com\/v15\/wp-json\/wp\/v2\/comments?post=125922"}],"version-history":[{"count":1,"href":"https:\/\/www.quebakan.com\/v15\/wp-json\/wp\/v2\/posts\/125922\/revisions"}],"predecessor-version":[{"id":125924,"href":"https:\/\/www.quebakan.com\/v15\/wp-json\/wp\/v2\/posts\/125922\/revisions\/125924"}],"wp:featuredmedia":[{"embeddable":true,"href":"https:\/\/www.quebakan.com\/v15\/wp-json\/wp\/v2\/media\/125923"}],"wp:attachment":[{"href":"https:\/\/www.quebakan.com\/v15\/wp-json\/wp\/v2\/media?parent=125922"}],"wp:term":[{"taxonomy":"category","embeddable":true,"href":"https:\/\/www.quebakan.com\/v15\/wp-json\/wp\/v2\/categories?post=125922"},{"taxonomy":"post_tag","embeddable":true,"href":"https:\/\/www.quebakan.com\/v15\/wp-json\/wp\/v2\/tags?post=125922"}],"curies":[{"name":"wp","href":"https:\/\/api.w.org\/{rel}","templated":true}]}}