{"id":126747,"date":"2024-12-03T20:16:32","date_gmt":"2024-12-04T01:16:32","guid":{"rendered":"https:\/\/www.quebakan.com\/v15\/?p=126747"},"modified":"2024-12-03T20:16:32","modified_gmt":"2024-12-04T01:16:32","slug":"inchcape-celebra-un-ano-de-exitos-con-subaru-en-ecuador","status":"publish","type":"post","link":"https:\/\/www.quebakan.com\/v15\/inchcape-celebra-un-ano-de-exitos-con-subaru-en-ecuador\/","title":{"rendered":"Inchcape celebra un a\u00f1o de \u00e9xitos con Subaru en Ecuador"},"content":{"rendered":"<p><img fetchpriority=\"high\" decoding=\"async\" class=\"aligncenter size-full wp-image-126748\" src=\"https:\/\/www.quebakan.com\/v15\/wp-content\/uploads\/2024\/12\/DSC07745.jpg\" alt=\"\" width=\"700\" height=\"495\" srcset=\"https:\/\/www.quebakan.com\/v15\/wp-content\/uploads\/2024\/12\/DSC07745.jpg 700w, https:\/\/www.quebakan.com\/v15\/wp-content\/uploads\/2024\/12\/DSC07745-120x86.jpg 120w\" sizes=\"(max-width: 700px) 100vw, 700px\" \/><\/p>\n<p style=\"text-align: justify;\"><span style=\"color: #000000;\"><strong>De izquierda a derecha: <\/strong>Andr\u00e9s Cordero, Gerente de Marketing Inchcape Ecuador; Pablo Burbano, Brand Manager Subaru Ecuador; Juan Francisco Buccelli, Gerente General Inchcape Ecuador; P\u00eda Vera,Regional Manager Subaru Regional; Yuhei Fujihara, Assitant Manager Subaru\u00a0Corporation<\/span><\/p>\n<p style=\"text-align: justify;\"><span style=\"color: #000000;\"><strong>Quito, noviembre de 2024.-<\/strong> Inchcape, representante exclusivo de Subaru en Ecuador, conmemor\u00f3 con entusiasmo el primer aniversario de la marca japonesa en el mercado ecuatoriano. La celebraci\u00f3n incluy\u00f3 un evento especial para medios, destacando la presencia de Yuhei Fujihara, representante de Subaru Corporation, quien felicit\u00f3 al equipo de Inchcape Ecuador por el s\u00f3lido y veloz crecimiento alcanzado en este periodo.<\/span><\/p>\n<p style=\"text-align: justify;\"><span style=\"color: #000000;\">Desde su llegada, Subaru ha cautivado a los consumidores locales con su compromiso inquebrantable con la seguridad, la innovaci\u00f3n y una experiencia de conducci\u00f3n inigualable. El lanzamiento oficial de la marca marc\u00f3 un hito en la industria automotriz ecuatoriana, congregando a m\u00e1s de 1500 entusiastas en un evento de presentaci\u00f3n que evidenci\u00f3 la gran expectativa y aceptaci\u00f3n que gener\u00f3 Subaru en el pa\u00eds.<\/span><\/p>\n<p style=\"text-align: justify;\"><span style=\"color: #000000;\"><strong>Cifras que reflejan el \u00e9xito<\/strong><\/span><\/p>\n<p style=\"text-align: justify;\"><span style=\"color: #000000;\">En su primer a\u00f1o, los resultados de Subaru han superado todas las expectativas, registrando un crecimiento del 17% en el segundo semestre frente al primero, a pesar de que el mercado automotriz local experimenta una contracci\u00f3n del 20%. Este logro refleja el inter\u00e9s de los consumidores por veh\u00edculos que combinan calidad, dise\u00f1o y tecnolog\u00eda.<\/span><\/p>\n<p style=\"text-align: justify;\"><span style=\"color: #000000;\">Modelos ic\u00f3nicos como el <strong>Forester<\/strong> agotaron su inventario en los primeros seis meses, mientras que el <strong>WRX<\/strong>, <strong>Outback<\/strong> y <strong>Crosstrek<\/strong> han ganado una fuerte popularidad, consolidando la presencia de Subaru en diversos segmentos del mercado.<\/span><\/p>\n<p style=\"text-align: justify;\"><span style=\"color: #000000;\">Adem\u00e1s, Subaru ha fortalecido su infraestructura en el pa\u00eds, con puntos de venta y servicio en Quito, Guayaquil, Cuenca, Ambato y Manta, brindando a los clientes una experiencia m\u00e1s accesible y personalizada.<\/span><\/p>\n<p style=\"text-align: justify;\"><span style=\"color: #000000;\"><strong>Un futuro prometedor para Subaru en Ecuador<\/strong><\/span><\/p>\n<p style=\"text-align: justify;\"><span style=\"color: #000000;\">La marca se proyecta con una estrategia definida: ofrecer un portafolio exclusivamente japon\u00e9s, veh\u00edculos con tracci\u00f3n total en todas sus versiones y configuraciones full equipo. \u201cEcuador es un pa\u00eds con enorme potencial, y estamos comprometidos con un crecimiento sostenido y la satisfacci\u00f3n total de nuestros clientes\u201d, asegur\u00f3 Yuhei Fujihara al referirse al futuro de Subaru en el mercado ecuatoriano.<\/span><\/p>\n<p style=\"text-align: justify;\"><span style=\"color: #000000;\">Con este primer a\u00f1o lleno de \u00e9xitos, Subaru reafirma su compromiso de seguir conquistando caminos y corazones en Ecuador, estableciendo un est\u00e1ndar de excelencia y calidad que promete marcar la diferencia en la industria automotriz local.<\/span><\/p>\n<p><img decoding=\"async\" class=\"aligncenter size-full wp-image-126749\" src=\"https:\/\/www.quebakan.com\/v15\/wp-content\/uploads\/2024\/12\/DSC07629.jpg\" alt=\"\" width=\"700\" height=\"467\" \/><\/p>\n<p>&nbsp;<\/p>\n<p><img decoding=\"async\" class=\"aligncenter size-full wp-image-126750\" src=\"https:\/\/www.quebakan.com\/v15\/wp-content\/uploads\/2024\/12\/DSC07694.jpg\" alt=\"\" width=\"700\" height=\"467\" \/><\/p>\n","protected":false},"excerpt":{"rendered":"<p>De izquierda a derecha: Andr\u00e9s Cordero, Gerente de Marketing Inchcape Ecuador; Pablo Burbano, Brand Manager Subaru Ecuador; Juan Francisco Buccelli, Gerente General Inchcape Ecuador; P\u00eda Vera,Regional Manager Subaru Regional; Yuhei Fujihara, Assitant Manager Subaru\u00a0Corporation Quito, noviembre de 2024.- Inchcape, representante exclusivo de Subaru en Ecuador, conmemor\u00f3 con entusiasmo el primer aniversario de la marca japonesa [&hellip;]<\/p>\n","protected":false},"author":4,"featured_media":126748,"comment_status":"open","ping_status":"open","sticky":false,"template":"","format":"standard","meta":{"_bbp_topic_count":0,"_bbp_reply_count":0,"_bbp_total_topic_count":0,"_bbp_total_reply_count":0,"_bbp_voice_count":0,"_bbp_anonymous_reply_count":0,"_bbp_topic_count_hidden":0,"_bbp_reply_count_hidden":0,"_bbp_forum_subforum_count":0,"buzzeditor_post_format":"","footnotes":""},"categories":[2],"tags":[],"class_list":["post-126747","post","type-post","status-publish","format-standard","has-post-thumbnail","hentry","category-noticias"],"yoast_head":"<!-- This site is optimized with the Yoast SEO plugin v27.5 - https:\/\/yoast.com\/product\/yoast-seo-wordpress\/ -->\n<title>Inchcape celebra un a\u00f1o de \u00e9xitos con Subaru en Ecuador &#8211; QUEBAKAN.COM 2026: Noticias, Eventos, Conciertos y mucho m\u00e1s....<\/title>\n<meta name=\"robots\" content=\"index, follow, max-snippet:-1, max-image-preview:large, max-video-preview:-1\" \/>\n<link rel=\"canonical\" href=\"https:\/\/www.quebakan.com\/v15\/inchcape-celebra-un-ano-de-exitos-con-subaru-en-ecuador\/\" \/>\n<meta property=\"og:locale\" content=\"es_ES\" \/>\n<meta property=\"og:type\" content=\"article\" \/>\n<meta property=\"og:title\" content=\"Inchcape celebra un a\u00f1o de \u00e9xitos con Subaru en Ecuador &#8211; QUEBAKAN.COM 2026: Noticias, Eventos, Conciertos y mucho m\u00e1s....\" \/>\n<meta property=\"og:description\" content=\"De izquierda a derecha: Andr\u00e9s Cordero, Gerente de Marketing Inchcape Ecuador; Pablo Burbano, Brand Manager Subaru Ecuador; Juan Francisco Buccelli, Gerente General Inchcape Ecuador; P\u00eda Vera,Regional Manager Subaru Regional; Yuhei Fujihara, Assitant Manager Subaru\u00a0Corporation Quito, noviembre de 2024.- Inchcape, representante exclusivo de Subaru en Ecuador, conmemor\u00f3 con entusiasmo el primer aniversario de la marca japonesa [&hellip;]\" \/>\n<meta property=\"og:url\" content=\"https:\/\/www.quebakan.com\/v15\/inchcape-celebra-un-ano-de-exitos-con-subaru-en-ecuador\/\" \/>\n<meta property=\"og:site_name\" content=\"QUEBAKAN.COM 2026: Noticias, Eventos, Conciertos y mucho m\u00e1s....\" \/>\n<meta property=\"article:publisher\" content=\"http:\/\/www.facebook.com\/quebakan\" \/>\n<meta property=\"article:published_time\" content=\"2024-12-04T01:16:32+00:00\" \/>\n<meta property=\"og:image\" content=\"https:\/\/www.quebakan.com\/v15\/wp-content\/uploads\/2024\/12\/DSC07745.jpg\" \/>\n\t<meta property=\"og:image:width\" content=\"700\" \/>\n\t<meta property=\"og:image:height\" content=\"495\" \/>\n\t<meta property=\"og:image:type\" content=\"image\/jpeg\" \/>\n<meta name=\"author\" content=\"Erick Villafuerte\" \/>\n<meta name=\"twitter:card\" content=\"summary_large_image\" \/>\n<meta name=\"twitter:creator\" content=\"@quebakanec\" \/>\n<meta name=\"twitter:site\" content=\"@quebakanec\" \/>\n<meta name=\"twitter:label1\" content=\"Escrito por\" \/>\n\t<meta name=\"twitter:data1\" content=\"Erick Villafuerte\" \/>\n\t<meta name=\"twitter:label2\" content=\"Tiempo de lectura\" \/>\n\t<meta name=\"twitter:data2\" content=\"3 minutos\" \/>\n<script type=\"application\/ld+json\" class=\"yoast-schema-graph\">{\"@context\":\"https:\\\/\\\/schema.org\",\"@graph\":[{\"@type\":\"Article\",\"@id\":\"https:\\\/\\\/www.quebakan.com\\\/v15\\\/inchcape-celebra-un-ano-de-exitos-con-subaru-en-ecuador\\\/#article\",\"isPartOf\":{\"@id\":\"https:\\\/\\\/www.quebakan.com\\\/v15\\\/inchcape-celebra-un-ano-de-exitos-con-subaru-en-ecuador\\\/\"},\"author\":{\"name\":\"Erick Villafuerte\",\"@id\":\"https:\\\/\\\/www.quebakan.com\\\/v15\\\/#\\\/schema\\\/person\\\/d90fa9f9cfa81eb8ace9811e5b7b9118\"},\"headline\":\"Inchcape celebra un a\u00f1o de \u00e9xitos con Subaru en Ecuador\",\"datePublished\":\"2024-12-04T01:16:32+00:00\",\"mainEntityOfPage\":{\"@id\":\"https:\\\/\\\/www.quebakan.com\\\/v15\\\/inchcape-celebra-un-ano-de-exitos-con-subaru-en-ecuador\\\/\"},\"wordCount\":423,\"commentCount\":0,\"publisher\":{\"@id\":\"https:\\\/\\\/www.quebakan.com\\\/v15\\\/#organization\"},\"image\":{\"@id\":\"https:\\\/\\\/www.quebakan.com\\\/v15\\\/inchcape-celebra-un-ano-de-exitos-con-subaru-en-ecuador\\\/#primaryimage\"},\"thumbnailUrl\":\"https:\\\/\\\/www.quebakan.com\\\/v15\\\/wp-content\\\/uploads\\\/2024\\\/12\\\/DSC07745.jpg\",\"articleSection\":[\"Noticias\"],\"inLanguage\":\"es\"},{\"@type\":\"WebPage\",\"@id\":\"https:\\\/\\\/www.quebakan.com\\\/v15\\\/inchcape-celebra-un-ano-de-exitos-con-subaru-en-ecuador\\\/\",\"url\":\"https:\\\/\\\/www.quebakan.com\\\/v15\\\/inchcape-celebra-un-ano-de-exitos-con-subaru-en-ecuador\\\/\",\"name\":\"Inchcape celebra un a\u00f1o de \u00e9xitos con Subaru en Ecuador &#8211; QUEBAKAN.COM 2026: Noticias, Eventos, Conciertos y mucho m\u00e1s....\",\"isPartOf\":{\"@id\":\"https:\\\/\\\/www.quebakan.com\\\/v15\\\/#website\"},\"primaryImageOfPage\":{\"@id\":\"https:\\\/\\\/www.quebakan.com\\\/v15\\\/inchcape-celebra-un-ano-de-exitos-con-subaru-en-ecuador\\\/#primaryimage\"},\"image\":{\"@id\":\"https:\\\/\\\/www.quebakan.com\\\/v15\\\/inchcape-celebra-un-ano-de-exitos-con-subaru-en-ecuador\\\/#primaryimage\"},\"thumbnailUrl\":\"https:\\\/\\\/www.quebakan.com\\\/v15\\\/wp-content\\\/uploads\\\/2024\\\/12\\\/DSC07745.jpg\",\"datePublished\":\"2024-12-04T01:16:32+00:00\",\"breadcrumb\":{\"@id\":\"https:\\\/\\\/www.quebakan.com\\\/v15\\\/inchcape-celebra-un-ano-de-exitos-con-subaru-en-ecuador\\\/#breadcrumb\"},\"inLanguage\":\"es\",\"potentialAction\":[{\"@type\":\"ReadAction\",\"target\":[\"https:\\\/\\\/www.quebakan.com\\\/v15\\\/inchcape-celebra-un-ano-de-exitos-con-subaru-en-ecuador\\\/\"]}]},{\"@type\":\"ImageObject\",\"inLanguage\":\"es\",\"@id\":\"https:\\\/\\\/www.quebakan.com\\\/v15\\\/inchcape-celebra-un-ano-de-exitos-con-subaru-en-ecuador\\\/#primaryimage\",\"url\":\"https:\\\/\\\/www.quebakan.com\\\/v15\\\/wp-content\\\/uploads\\\/2024\\\/12\\\/DSC07745.jpg\",\"contentUrl\":\"https:\\\/\\\/www.quebakan.com\\\/v15\\\/wp-content\\\/uploads\\\/2024\\\/12\\\/DSC07745.jpg\",\"width\":700,\"height\":495},{\"@type\":\"BreadcrumbList\",\"@id\":\"https:\\\/\\\/www.quebakan.com\\\/v15\\\/inchcape-celebra-un-ano-de-exitos-con-subaru-en-ecuador\\\/#breadcrumb\",\"itemListElement\":[{\"@type\":\"ListItem\",\"position\":1,\"name\":\"Portada\",\"item\":\"https:\\\/\\\/www.quebakan.com\\\/v15\\\/\"},{\"@type\":\"ListItem\",\"position\":2,\"name\":\"Inchcape celebra un a\u00f1o de \u00e9xitos con Subaru en Ecuador\"}]},{\"@type\":\"WebSite\",\"@id\":\"https:\\\/\\\/www.quebakan.com\\\/v15\\\/#website\",\"url\":\"https:\\\/\\\/www.quebakan.com\\\/v15\\\/\",\"name\":\"QUEBAKAN\",\"description\":\"..\",\"publisher\":{\"@id\":\"https:\\\/\\\/www.quebakan.com\\\/v15\\\/#organization\"},\"potentialAction\":[{\"@type\":\"SearchAction\",\"target\":{\"@type\":\"EntryPoint\",\"urlTemplate\":\"https:\\\/\\\/www.quebakan.com\\\/v15\\\/?s={search_term_string}\"},\"query-input\":{\"@type\":\"PropertyValueSpecification\",\"valueRequired\":true,\"valueName\":\"search_term_string\"}}],\"inLanguage\":\"es\"},{\"@type\":\"Organization\",\"@id\":\"https:\\\/\\\/www.quebakan.com\\\/v15\\\/#organization\",\"name\":\"Quebakan.com\",\"url\":\"https:\\\/\\\/www.quebakan.com\\\/v15\\\/\",\"logo\":{\"@type\":\"ImageObject\",\"inLanguage\":\"es\",\"@id\":\"https:\\\/\\\/www.quebakan.com\\\/v15\\\/#\\\/schema\\\/logo\\\/image\\\/\",\"url\":\"https:\\\/\\\/www.quebakan.com\\\/v15\\\/wp-content\\\/uploads\\\/2023\\\/07\\\/logoquebakanenero2021.jpg\",\"contentUrl\":\"https:\\\/\\\/www.quebakan.com\\\/v15\\\/wp-content\\\/uploads\\\/2023\\\/07\\\/logoquebakanenero2021.jpg\",\"width\":1920,\"height\":1080,\"caption\":\"Quebakan.com\"},\"image\":{\"@id\":\"https:\\\/\\\/www.quebakan.com\\\/v15\\\/#\\\/schema\\\/logo\\\/image\\\/\"},\"sameAs\":[\"http:\\\/\\\/www.facebook.com\\\/quebakan\",\"https:\\\/\\\/x.com\\\/quebakanec\",\"http:\\\/\\\/www.instagram.com\\\/quebakan\",\"http:\\\/\\\/www.youtube.com\\\/quebakan1\"]},{\"@type\":\"Person\",\"@id\":\"https:\\\/\\\/www.quebakan.com\\\/v15\\\/#\\\/schema\\\/person\\\/d90fa9f9cfa81eb8ace9811e5b7b9118\",\"name\":\"Erick Villafuerte\",\"image\":{\"@type\":\"ImageObject\",\"inLanguage\":\"es\",\"@id\":\"https:\\\/\\\/www.quebakan.com\\\/v15\\\/wp-content\\\/uploads\\\/avatars\\\/4\\\/1731297654-bpfull.png\",\"url\":\"https:\\\/\\\/www.quebakan.com\\\/v15\\\/wp-content\\\/uploads\\\/avatars\\\/4\\\/1731297654-bpfull.png\",\"contentUrl\":\"https:\\\/\\\/www.quebakan.com\\\/v15\\\/wp-content\\\/uploads\\\/avatars\\\/4\\\/1731297654-bpfull.png\",\"caption\":\"Erick Villafuerte\"}}]}<\/script>\n<!-- \/ Yoast SEO plugin. -->","yoast_head_json":{"title":"Inchcape celebra un a\u00f1o de \u00e9xitos con Subaru en Ecuador &#8211; QUEBAKAN.COM 2026: Noticias, Eventos, Conciertos y mucho m\u00e1s....","robots":{"index":"index","follow":"follow","max-snippet":"max-snippet:-1","max-image-preview":"max-image-preview:large","max-video-preview":"max-video-preview:-1"},"canonical":"https:\/\/www.quebakan.com\/v15\/inchcape-celebra-un-ano-de-exitos-con-subaru-en-ecuador\/","og_locale":"es_ES","og_type":"article","og_title":"Inchcape celebra un a\u00f1o de \u00e9xitos con Subaru en Ecuador &#8211; QUEBAKAN.COM 2026: Noticias, Eventos, Conciertos y mucho m\u00e1s....","og_description":"De izquierda a derecha: Andr\u00e9s Cordero, Gerente de Marketing Inchcape Ecuador; Pablo Burbano, Brand Manager Subaru Ecuador; Juan Francisco Buccelli, Gerente General Inchcape Ecuador; P\u00eda Vera,Regional Manager Subaru Regional; Yuhei Fujihara, Assitant Manager Subaru\u00a0Corporation Quito, noviembre de 2024.- Inchcape, representante exclusivo de Subaru en Ecuador, conmemor\u00f3 con entusiasmo el primer aniversario de la marca japonesa [&hellip;]","og_url":"https:\/\/www.quebakan.com\/v15\/inchcape-celebra-un-ano-de-exitos-con-subaru-en-ecuador\/","og_site_name":"QUEBAKAN.COM 2026: Noticias, Eventos, Conciertos y mucho m\u00e1s....","article_publisher":"http:\/\/www.facebook.com\/quebakan","article_published_time":"2024-12-04T01:16:32+00:00","og_image":[{"width":700,"height":495,"url":"https:\/\/www.quebakan.com\/v15\/wp-content\/uploads\/2024\/12\/DSC07745.jpg","type":"image\/jpeg"}],"author":"Erick Villafuerte","twitter_card":"summary_large_image","twitter_creator":"@quebakanec","twitter_site":"@quebakanec","twitter_misc":{"Escrito por":"Erick Villafuerte","Tiempo de lectura":"3 minutos"},"schema":{"@context":"https:\/\/schema.org","@graph":[{"@type":"Article","@id":"https:\/\/www.quebakan.com\/v15\/inchcape-celebra-un-ano-de-exitos-con-subaru-en-ecuador\/#article","isPartOf":{"@id":"https:\/\/www.quebakan.com\/v15\/inchcape-celebra-un-ano-de-exitos-con-subaru-en-ecuador\/"},"author":{"name":"Erick Villafuerte","@id":"https:\/\/www.quebakan.com\/v15\/#\/schema\/person\/d90fa9f9cfa81eb8ace9811e5b7b9118"},"headline":"Inchcape celebra un a\u00f1o de \u00e9xitos con Subaru en Ecuador","datePublished":"2024-12-04T01:16:32+00:00","mainEntityOfPage":{"@id":"https:\/\/www.quebakan.com\/v15\/inchcape-celebra-un-ano-de-exitos-con-subaru-en-ecuador\/"},"wordCount":423,"commentCount":0,"publisher":{"@id":"https:\/\/www.quebakan.com\/v15\/#organization"},"image":{"@id":"https:\/\/www.quebakan.com\/v15\/inchcape-celebra-un-ano-de-exitos-con-subaru-en-ecuador\/#primaryimage"},"thumbnailUrl":"https:\/\/www.quebakan.com\/v15\/wp-content\/uploads\/2024\/12\/DSC07745.jpg","articleSection":["Noticias"],"inLanguage":"es"},{"@type":"WebPage","@id":"https:\/\/www.quebakan.com\/v15\/inchcape-celebra-un-ano-de-exitos-con-subaru-en-ecuador\/","url":"https:\/\/www.quebakan.com\/v15\/inchcape-celebra-un-ano-de-exitos-con-subaru-en-ecuador\/","name":"Inchcape celebra un a\u00f1o de \u00e9xitos con Subaru en Ecuador &#8211; QUEBAKAN.COM 2026: Noticias, Eventos, Conciertos y mucho m\u00e1s....","isPartOf":{"@id":"https:\/\/www.quebakan.com\/v15\/#website"},"primaryImageOfPage":{"@id":"https:\/\/www.quebakan.com\/v15\/inchcape-celebra-un-ano-de-exitos-con-subaru-en-ecuador\/#primaryimage"},"image":{"@id":"https:\/\/www.quebakan.com\/v15\/inchcape-celebra-un-ano-de-exitos-con-subaru-en-ecuador\/#primaryimage"},"thumbnailUrl":"https:\/\/www.quebakan.com\/v15\/wp-content\/uploads\/2024\/12\/DSC07745.jpg","datePublished":"2024-12-04T01:16:32+00:00","breadcrumb":{"@id":"https:\/\/www.quebakan.com\/v15\/inchcape-celebra-un-ano-de-exitos-con-subaru-en-ecuador\/#breadcrumb"},"inLanguage":"es","potentialAction":[{"@type":"ReadAction","target":["https:\/\/www.quebakan.com\/v15\/inchcape-celebra-un-ano-de-exitos-con-subaru-en-ecuador\/"]}]},{"@type":"ImageObject","inLanguage":"es","@id":"https:\/\/www.quebakan.com\/v15\/inchcape-celebra-un-ano-de-exitos-con-subaru-en-ecuador\/#primaryimage","url":"https:\/\/www.quebakan.com\/v15\/wp-content\/uploads\/2024\/12\/DSC07745.jpg","contentUrl":"https:\/\/www.quebakan.com\/v15\/wp-content\/uploads\/2024\/12\/DSC07745.jpg","width":700,"height":495},{"@type":"BreadcrumbList","@id":"https:\/\/www.quebakan.com\/v15\/inchcape-celebra-un-ano-de-exitos-con-subaru-en-ecuador\/#breadcrumb","itemListElement":[{"@type":"ListItem","position":1,"name":"Portada","item":"https:\/\/www.quebakan.com\/v15\/"},{"@type":"ListItem","position":2,"name":"Inchcape celebra un a\u00f1o de \u00e9xitos con Subaru en Ecuador"}]},{"@type":"WebSite","@id":"https:\/\/www.quebakan.com\/v15\/#website","url":"https:\/\/www.quebakan.com\/v15\/","name":"QUEBAKAN","description":"..","publisher":{"@id":"https:\/\/www.quebakan.com\/v15\/#organization"},"potentialAction":[{"@type":"SearchAction","target":{"@type":"EntryPoint","urlTemplate":"https:\/\/www.quebakan.com\/v15\/?s={search_term_string}"},"query-input":{"@type":"PropertyValueSpecification","valueRequired":true,"valueName":"search_term_string"}}],"inLanguage":"es"},{"@type":"Organization","@id":"https:\/\/www.quebakan.com\/v15\/#organization","name":"Quebakan.com","url":"https:\/\/www.quebakan.com\/v15\/","logo":{"@type":"ImageObject","inLanguage":"es","@id":"https:\/\/www.quebakan.com\/v15\/#\/schema\/logo\/image\/","url":"https:\/\/www.quebakan.com\/v15\/wp-content\/uploads\/2023\/07\/logoquebakanenero2021.jpg","contentUrl":"https:\/\/www.quebakan.com\/v15\/wp-content\/uploads\/2023\/07\/logoquebakanenero2021.jpg","width":1920,"height":1080,"caption":"Quebakan.com"},"image":{"@id":"https:\/\/www.quebakan.com\/v15\/#\/schema\/logo\/image\/"},"sameAs":["http:\/\/www.facebook.com\/quebakan","https:\/\/x.com\/quebakanec","http:\/\/www.instagram.com\/quebakan","http:\/\/www.youtube.com\/quebakan1"]},{"@type":"Person","@id":"https:\/\/www.quebakan.com\/v15\/#\/schema\/person\/d90fa9f9cfa81eb8ace9811e5b7b9118","name":"Erick Villafuerte","image":{"@type":"ImageObject","inLanguage":"es","@id":"https:\/\/www.quebakan.com\/v15\/wp-content\/uploads\/avatars\/4\/1731297654-bpfull.png","url":"https:\/\/www.quebakan.com\/v15\/wp-content\/uploads\/avatars\/4\/1731297654-bpfull.png","contentUrl":"https:\/\/www.quebakan.com\/v15\/wp-content\/uploads\/avatars\/4\/1731297654-bpfull.png","caption":"Erick Villafuerte"}}]}},"_links":{"self":[{"href":"https:\/\/www.quebakan.com\/v15\/wp-json\/wp\/v2\/posts\/126747","targetHints":{"allow":["GET"]}}],"collection":[{"href":"https:\/\/www.quebakan.com\/v15\/wp-json\/wp\/v2\/posts"}],"about":[{"href":"https:\/\/www.quebakan.com\/v15\/wp-json\/wp\/v2\/types\/post"}],"author":[{"embeddable":true,"href":"https:\/\/www.quebakan.com\/v15\/wp-json\/wp\/v2\/users\/4"}],"replies":[{"embeddable":true,"href":"https:\/\/www.quebakan.com\/v15\/wp-json\/wp\/v2\/comments?post=126747"}],"version-history":[{"count":1,"href":"https:\/\/www.quebakan.com\/v15\/wp-json\/wp\/v2\/posts\/126747\/revisions"}],"predecessor-version":[{"id":126751,"href":"https:\/\/www.quebakan.com\/v15\/wp-json\/wp\/v2\/posts\/126747\/revisions\/126751"}],"wp:featuredmedia":[{"embeddable":true,"href":"https:\/\/www.quebakan.com\/v15\/wp-json\/wp\/v2\/media\/126748"}],"wp:attachment":[{"href":"https:\/\/www.quebakan.com\/v15\/wp-json\/wp\/v2\/media?parent=126747"}],"wp:term":[{"taxonomy":"category","embeddable":true,"href":"https:\/\/www.quebakan.com\/v15\/wp-json\/wp\/v2\/categories?post=126747"},{"taxonomy":"post_tag","embeddable":true,"href":"https:\/\/www.quebakan.com\/v15\/wp-json\/wp\/v2\/tags?post=126747"}],"curies":[{"name":"wp","href":"https:\/\/api.w.org\/{rel}","templated":true}]}}