{"id":126757,"date":"2024-12-03T20:47:52","date_gmt":"2024-12-04T01:47:52","guid":{"rendered":"https:\/\/www.quebakan.com\/v15\/?p=126757"},"modified":"2024-12-03T20:47:52","modified_gmt":"2024-12-04T01:47:52","slug":"kantar-ibope-media-presenta-los-habitos-de-consumo-de-television-en-ecuador","status":"publish","type":"post","link":"https:\/\/www.quebakan.com\/v15\/kantar-ibope-media-presenta-los-habitos-de-consumo-de-television-en-ecuador\/","title":{"rendered":"Kantar Ibope Media presenta los h\u00e1bitos de consumo de televisi\u00f3n en Ecuador"},"content":{"rendered":"<p><img fetchpriority=\"high\" decoding=\"async\" class=\"aligncenter size-full wp-image-126758\" src=\"https:\/\/www.quebakan.com\/v15\/wp-content\/uploads\/2024\/12\/image0-3.jpg\" alt=\"\" width=\"700\" height=\"466\" \/><\/p>\n<p style=\"text-align: justify;\"><span style=\"color: #000000;\"><strong>Noviembre de 2024.-<\/strong> Las r\u00e1pidas transformaciones tecnol\u00f3gicas y los cambios en el comportamiento del p\u00fablico han redefinido la forma en que los ecuatorianos consumen video. Kantar IBOPE Media presenta los resultados de su estudio sobre el consumo de video en el pa\u00eds, revelando el protagonismo de la televisi\u00f3n lineal y el auge del contenido en l\u00ednea.<\/span><\/p>\n<p style=\"text-align: justify;\"><span style=\"color: #000000;\"><strong>El alcance del video en Ecuador<\/strong><\/span><\/p>\n<p style=\"text-align: justify;\"><span style=\"color: #000000;\">La televisi\u00f3n contin\u00faa siendo un medio dominante en Ecuador, alcanzando a m\u00e1s del 93% de la poblaci\u00f3n cada mes. A lo largo de 2024, el 84% de los ecuatorianos vio televisi\u00f3n lineal (televisi\u00f3n abierta y pagada), mientras que el 80% accedi\u00f3 a otros contenidos de video en l\u00ednea, lo que demuestra la coexistencia de plataformas tradicionales y digitales en el consumo de contenido audiovisual.<\/span><\/p>\n<p style=\"text-align: justify;\"><span style=\"color: #000000;\"><strong>Diferencias en el consumo seg\u00fan dispositivos y perfiles<\/strong><\/span><\/p>\n<p style=\"text-align: justify;\"><span style=\"color: #000000;\">La TV lineal sigue siendo preferida por personas de 18 a\u00f1os en adelante, quienes encuentran en la pantalla grande una experiencia de calidad que permite la conexi\u00f3n familiar. En contraste, los ni\u00f1os y adolescentes muestran mayor preferencia por los contenidos en l\u00ednea. En promedio, los ecuatorianos pasan 4 horas al d\u00eda viendo televisi\u00f3n lineal, con un tiempo superior en Guayaquil, donde el consumo promedio diario alcanza las 4 horas y 38 minutos.<\/span><\/p>\n<p style=\"text-align: justify;\"><span style=\"color: #000000;\"><strong>La televisi\u00f3n como puerta al entretenimiento familiar<\/strong><\/span><\/p>\n<p style=\"text-align: justify;\"><span style=\"color: #000000;\">El impacto de la televisi\u00f3n lineal en Ecuador se ha fortalecido gracias a la tecnolog\u00eda y la conexi\u00f3n de los televisores. La combinaci\u00f3n de la publicidad lineal con campa\u00f1as segmentadas aumenta la eficiencia y asertividad de los mensajes publicitarios. Un ejemplo de esto fue la transmisi\u00f3n de eventos en vivo, como la Copa Am\u00e9rica, que atrajo una de las mayores audiencias del a\u00f1o.<\/span><\/p>\n<p style=\"text-align: justify;\"><span style=\"color: #000000;\"><strong>Video en l\u00ednea: una presencia creciente<\/strong><\/span><\/p>\n<p style=\"text-align: justify;\"><span style=\"color: #000000;\">El video en l\u00ednea alcanza diariamente a m\u00e1s de un tercio de la poblaci\u00f3n y al 60% en una semana. Los contenidos digitales siguen ganando relevancia, transform\u00e1ndose y extendi\u00e9ndose a m\u00faltiples plataformas, demostrando que el video es un medio vers\u00e1til y esencial en la vida de los ecuatorianos.<\/span><\/p>\n<p><img decoding=\"async\" class=\"aligncenter size-full wp-image-126759\" src=\"https:\/\/www.quebakan.com\/v15\/wp-content\/uploads\/2024\/12\/image1-1.jpg\" alt=\"\" width=\"700\" height=\"466\" \/><\/p>\n","protected":false},"excerpt":{"rendered":"<p>Noviembre de 2024.- Las r\u00e1pidas transformaciones tecnol\u00f3gicas y los cambios en el comportamiento del p\u00fablico han redefinido la forma en que los ecuatorianos consumen video. Kantar IBOPE Media presenta los resultados de su estudio sobre el consumo de video en el pa\u00eds, revelando el protagonismo de la televisi\u00f3n lineal y el auge del contenido en [&hellip;]<\/p>\n","protected":false},"author":4,"featured_media":126758,"comment_status":"open","ping_status":"open","sticky":false,"template":"","format":"standard","meta":{"_bbp_topic_count":0,"_bbp_reply_count":0,"_bbp_total_topic_count":0,"_bbp_total_reply_count":0,"_bbp_voice_count":0,"_bbp_anonymous_reply_count":0,"_bbp_topic_count_hidden":0,"_bbp_reply_count_hidden":0,"_bbp_forum_subforum_count":0,"buzzeditor_post_format":"","footnotes":""},"categories":[2],"tags":[],"class_list":["post-126757","post","type-post","status-publish","format-standard","has-post-thumbnail","hentry","category-noticias"],"yoast_head":"<!-- This site is optimized with the Yoast SEO plugin v27.5 - https:\/\/yoast.com\/product\/yoast-seo-wordpress\/ -->\n<title>Kantar Ibope Media presenta los h\u00e1bitos de consumo de televisi\u00f3n en Ecuador &#8211; QUEBAKAN.COM 2026: Noticias, Eventos, Conciertos y mucho m\u00e1s....<\/title>\n<meta name=\"robots\" content=\"index, follow, max-snippet:-1, max-image-preview:large, max-video-preview:-1\" \/>\n<link rel=\"canonical\" href=\"https:\/\/www.quebakan.com\/v15\/kantar-ibope-media-presenta-los-habitos-de-consumo-de-television-en-ecuador\/\" \/>\n<meta property=\"og:locale\" content=\"es_ES\" \/>\n<meta property=\"og:type\" content=\"article\" \/>\n<meta property=\"og:title\" content=\"Kantar Ibope Media presenta los h\u00e1bitos de consumo de televisi\u00f3n en Ecuador &#8211; QUEBAKAN.COM 2026: Noticias, Eventos, Conciertos y mucho m\u00e1s....\" \/>\n<meta property=\"og:description\" content=\"Noviembre de 2024.- Las r\u00e1pidas transformaciones tecnol\u00f3gicas y los cambios en el comportamiento del p\u00fablico han redefinido la forma en que los ecuatorianos consumen video. Kantar IBOPE Media presenta los resultados de su estudio sobre el consumo de video en el pa\u00eds, revelando el protagonismo de la televisi\u00f3n lineal y el auge del contenido en [&hellip;]\" \/>\n<meta property=\"og:url\" content=\"https:\/\/www.quebakan.com\/v15\/kantar-ibope-media-presenta-los-habitos-de-consumo-de-television-en-ecuador\/\" \/>\n<meta property=\"og:site_name\" content=\"QUEBAKAN.COM 2026: Noticias, Eventos, Conciertos y mucho m\u00e1s....\" \/>\n<meta property=\"article:publisher\" content=\"http:\/\/www.facebook.com\/quebakan\" \/>\n<meta property=\"article:published_time\" content=\"2024-12-04T01:47:52+00:00\" \/>\n<meta property=\"og:image\" content=\"https:\/\/www.quebakan.com\/v15\/wp-content\/uploads\/2024\/12\/image0-3.jpg\" \/>\n\t<meta property=\"og:image:width\" content=\"700\" \/>\n\t<meta property=\"og:image:height\" content=\"466\" \/>\n\t<meta property=\"og:image:type\" content=\"image\/jpeg\" \/>\n<meta name=\"author\" content=\"Erick Villafuerte\" \/>\n<meta name=\"twitter:card\" content=\"summary_large_image\" \/>\n<meta name=\"twitter:creator\" content=\"@quebakanec\" \/>\n<meta name=\"twitter:site\" content=\"@quebakanec\" \/>\n<meta name=\"twitter:label1\" content=\"Escrito por\" \/>\n\t<meta name=\"twitter:data1\" content=\"Erick Villafuerte\" \/>\n\t<meta name=\"twitter:label2\" content=\"Tiempo de lectura\" \/>\n\t<meta name=\"twitter:data2\" content=\"3 minutos\" \/>\n<script type=\"application\/ld+json\" class=\"yoast-schema-graph\">{\"@context\":\"https:\\\/\\\/schema.org\",\"@graph\":[{\"@type\":\"Article\",\"@id\":\"https:\\\/\\\/www.quebakan.com\\\/v15\\\/kantar-ibope-media-presenta-los-habitos-de-consumo-de-television-en-ecuador\\\/#article\",\"isPartOf\":{\"@id\":\"https:\\\/\\\/www.quebakan.com\\\/v15\\\/kantar-ibope-media-presenta-los-habitos-de-consumo-de-television-en-ecuador\\\/\"},\"author\":{\"name\":\"Erick Villafuerte\",\"@id\":\"https:\\\/\\\/www.quebakan.com\\\/v15\\\/#\\\/schema\\\/person\\\/d90fa9f9cfa81eb8ace9811e5b7b9118\"},\"headline\":\"Kantar Ibope Media presenta los h\u00e1bitos de consumo de televisi\u00f3n en Ecuador\",\"datePublished\":\"2024-12-04T01:47:52+00:00\",\"mainEntityOfPage\":{\"@id\":\"https:\\\/\\\/www.quebakan.com\\\/v15\\\/kantar-ibope-media-presenta-los-habitos-de-consumo-de-television-en-ecuador\\\/\"},\"wordCount\":372,\"commentCount\":0,\"publisher\":{\"@id\":\"https:\\\/\\\/www.quebakan.com\\\/v15\\\/#organization\"},\"image\":{\"@id\":\"https:\\\/\\\/www.quebakan.com\\\/v15\\\/kantar-ibope-media-presenta-los-habitos-de-consumo-de-television-en-ecuador\\\/#primaryimage\"},\"thumbnailUrl\":\"https:\\\/\\\/www.quebakan.com\\\/v15\\\/wp-content\\\/uploads\\\/2024\\\/12\\\/image0-3.jpg\",\"articleSection\":[\"Noticias\"],\"inLanguage\":\"es\"},{\"@type\":\"WebPage\",\"@id\":\"https:\\\/\\\/www.quebakan.com\\\/v15\\\/kantar-ibope-media-presenta-los-habitos-de-consumo-de-television-en-ecuador\\\/\",\"url\":\"https:\\\/\\\/www.quebakan.com\\\/v15\\\/kantar-ibope-media-presenta-los-habitos-de-consumo-de-television-en-ecuador\\\/\",\"name\":\"Kantar Ibope Media presenta los h\u00e1bitos de consumo de televisi\u00f3n en Ecuador &#8211; QUEBAKAN.COM 2026: Noticias, Eventos, Conciertos y mucho m\u00e1s....\",\"isPartOf\":{\"@id\":\"https:\\\/\\\/www.quebakan.com\\\/v15\\\/#website\"},\"primaryImageOfPage\":{\"@id\":\"https:\\\/\\\/www.quebakan.com\\\/v15\\\/kantar-ibope-media-presenta-los-habitos-de-consumo-de-television-en-ecuador\\\/#primaryimage\"},\"image\":{\"@id\":\"https:\\\/\\\/www.quebakan.com\\\/v15\\\/kantar-ibope-media-presenta-los-habitos-de-consumo-de-television-en-ecuador\\\/#primaryimage\"},\"thumbnailUrl\":\"https:\\\/\\\/www.quebakan.com\\\/v15\\\/wp-content\\\/uploads\\\/2024\\\/12\\\/image0-3.jpg\",\"datePublished\":\"2024-12-04T01:47:52+00:00\",\"breadcrumb\":{\"@id\":\"https:\\\/\\\/www.quebakan.com\\\/v15\\\/kantar-ibope-media-presenta-los-habitos-de-consumo-de-television-en-ecuador\\\/#breadcrumb\"},\"inLanguage\":\"es\",\"potentialAction\":[{\"@type\":\"ReadAction\",\"target\":[\"https:\\\/\\\/www.quebakan.com\\\/v15\\\/kantar-ibope-media-presenta-los-habitos-de-consumo-de-television-en-ecuador\\\/\"]}]},{\"@type\":\"ImageObject\",\"inLanguage\":\"es\",\"@id\":\"https:\\\/\\\/www.quebakan.com\\\/v15\\\/kantar-ibope-media-presenta-los-habitos-de-consumo-de-television-en-ecuador\\\/#primaryimage\",\"url\":\"https:\\\/\\\/www.quebakan.com\\\/v15\\\/wp-content\\\/uploads\\\/2024\\\/12\\\/image0-3.jpg\",\"contentUrl\":\"https:\\\/\\\/www.quebakan.com\\\/v15\\\/wp-content\\\/uploads\\\/2024\\\/12\\\/image0-3.jpg\",\"width\":700,\"height\":466},{\"@type\":\"BreadcrumbList\",\"@id\":\"https:\\\/\\\/www.quebakan.com\\\/v15\\\/kantar-ibope-media-presenta-los-habitos-de-consumo-de-television-en-ecuador\\\/#breadcrumb\",\"itemListElement\":[{\"@type\":\"ListItem\",\"position\":1,\"name\":\"Portada\",\"item\":\"https:\\\/\\\/www.quebakan.com\\\/v15\\\/\"},{\"@type\":\"ListItem\",\"position\":2,\"name\":\"Kantar Ibope Media presenta los h\u00e1bitos de consumo de televisi\u00f3n en Ecuador\"}]},{\"@type\":\"WebSite\",\"@id\":\"https:\\\/\\\/www.quebakan.com\\\/v15\\\/#website\",\"url\":\"https:\\\/\\\/www.quebakan.com\\\/v15\\\/\",\"name\":\"QUEBAKAN\",\"description\":\"..\",\"publisher\":{\"@id\":\"https:\\\/\\\/www.quebakan.com\\\/v15\\\/#organization\"},\"potentialAction\":[{\"@type\":\"SearchAction\",\"target\":{\"@type\":\"EntryPoint\",\"urlTemplate\":\"https:\\\/\\\/www.quebakan.com\\\/v15\\\/?s={search_term_string}\"},\"query-input\":{\"@type\":\"PropertyValueSpecification\",\"valueRequired\":true,\"valueName\":\"search_term_string\"}}],\"inLanguage\":\"es\"},{\"@type\":\"Organization\",\"@id\":\"https:\\\/\\\/www.quebakan.com\\\/v15\\\/#organization\",\"name\":\"Quebakan.com\",\"url\":\"https:\\\/\\\/www.quebakan.com\\\/v15\\\/\",\"logo\":{\"@type\":\"ImageObject\",\"inLanguage\":\"es\",\"@id\":\"https:\\\/\\\/www.quebakan.com\\\/v15\\\/#\\\/schema\\\/logo\\\/image\\\/\",\"url\":\"https:\\\/\\\/www.quebakan.com\\\/v15\\\/wp-content\\\/uploads\\\/2023\\\/07\\\/logoquebakanenero2021.jpg\",\"contentUrl\":\"https:\\\/\\\/www.quebakan.com\\\/v15\\\/wp-content\\\/uploads\\\/2023\\\/07\\\/logoquebakanenero2021.jpg\",\"width\":1920,\"height\":1080,\"caption\":\"Quebakan.com\"},\"image\":{\"@id\":\"https:\\\/\\\/www.quebakan.com\\\/v15\\\/#\\\/schema\\\/logo\\\/image\\\/\"},\"sameAs\":[\"http:\\\/\\\/www.facebook.com\\\/quebakan\",\"https:\\\/\\\/x.com\\\/quebakanec\",\"http:\\\/\\\/www.instagram.com\\\/quebakan\",\"http:\\\/\\\/www.youtube.com\\\/quebakan1\"]},{\"@type\":\"Person\",\"@id\":\"https:\\\/\\\/www.quebakan.com\\\/v15\\\/#\\\/schema\\\/person\\\/d90fa9f9cfa81eb8ace9811e5b7b9118\",\"name\":\"Erick Villafuerte\",\"image\":{\"@type\":\"ImageObject\",\"inLanguage\":\"es\",\"@id\":\"https:\\\/\\\/www.quebakan.com\\\/v15\\\/wp-content\\\/uploads\\\/avatars\\\/4\\\/1731297654-bpfull.png\",\"url\":\"https:\\\/\\\/www.quebakan.com\\\/v15\\\/wp-content\\\/uploads\\\/avatars\\\/4\\\/1731297654-bpfull.png\",\"contentUrl\":\"https:\\\/\\\/www.quebakan.com\\\/v15\\\/wp-content\\\/uploads\\\/avatars\\\/4\\\/1731297654-bpfull.png\",\"caption\":\"Erick Villafuerte\"}}]}<\/script>\n<!-- \/ Yoast SEO plugin. -->","yoast_head_json":{"title":"Kantar Ibope Media presenta los h\u00e1bitos de consumo de televisi\u00f3n en Ecuador &#8211; QUEBAKAN.COM 2026: Noticias, Eventos, Conciertos y mucho m\u00e1s....","robots":{"index":"index","follow":"follow","max-snippet":"max-snippet:-1","max-image-preview":"max-image-preview:large","max-video-preview":"max-video-preview:-1"},"canonical":"https:\/\/www.quebakan.com\/v15\/kantar-ibope-media-presenta-los-habitos-de-consumo-de-television-en-ecuador\/","og_locale":"es_ES","og_type":"article","og_title":"Kantar Ibope Media presenta los h\u00e1bitos de consumo de televisi\u00f3n en Ecuador &#8211; QUEBAKAN.COM 2026: Noticias, Eventos, Conciertos y mucho m\u00e1s....","og_description":"Noviembre de 2024.- Las r\u00e1pidas transformaciones tecnol\u00f3gicas y los cambios en el comportamiento del p\u00fablico han redefinido la forma en que los ecuatorianos consumen video. Kantar IBOPE Media presenta los resultados de su estudio sobre el consumo de video en el pa\u00eds, revelando el protagonismo de la televisi\u00f3n lineal y el auge del contenido en [&hellip;]","og_url":"https:\/\/www.quebakan.com\/v15\/kantar-ibope-media-presenta-los-habitos-de-consumo-de-television-en-ecuador\/","og_site_name":"QUEBAKAN.COM 2026: Noticias, Eventos, Conciertos y mucho m\u00e1s....","article_publisher":"http:\/\/www.facebook.com\/quebakan","article_published_time":"2024-12-04T01:47:52+00:00","og_image":[{"width":700,"height":466,"url":"https:\/\/www.quebakan.com\/v15\/wp-content\/uploads\/2024\/12\/image0-3.jpg","type":"image\/jpeg"}],"author":"Erick Villafuerte","twitter_card":"summary_large_image","twitter_creator":"@quebakanec","twitter_site":"@quebakanec","twitter_misc":{"Escrito por":"Erick Villafuerte","Tiempo de lectura":"3 minutos"},"schema":{"@context":"https:\/\/schema.org","@graph":[{"@type":"Article","@id":"https:\/\/www.quebakan.com\/v15\/kantar-ibope-media-presenta-los-habitos-de-consumo-de-television-en-ecuador\/#article","isPartOf":{"@id":"https:\/\/www.quebakan.com\/v15\/kantar-ibope-media-presenta-los-habitos-de-consumo-de-television-en-ecuador\/"},"author":{"name":"Erick Villafuerte","@id":"https:\/\/www.quebakan.com\/v15\/#\/schema\/person\/d90fa9f9cfa81eb8ace9811e5b7b9118"},"headline":"Kantar Ibope Media presenta los h\u00e1bitos de consumo de televisi\u00f3n en Ecuador","datePublished":"2024-12-04T01:47:52+00:00","mainEntityOfPage":{"@id":"https:\/\/www.quebakan.com\/v15\/kantar-ibope-media-presenta-los-habitos-de-consumo-de-television-en-ecuador\/"},"wordCount":372,"commentCount":0,"publisher":{"@id":"https:\/\/www.quebakan.com\/v15\/#organization"},"image":{"@id":"https:\/\/www.quebakan.com\/v15\/kantar-ibope-media-presenta-los-habitos-de-consumo-de-television-en-ecuador\/#primaryimage"},"thumbnailUrl":"https:\/\/www.quebakan.com\/v15\/wp-content\/uploads\/2024\/12\/image0-3.jpg","articleSection":["Noticias"],"inLanguage":"es"},{"@type":"WebPage","@id":"https:\/\/www.quebakan.com\/v15\/kantar-ibope-media-presenta-los-habitos-de-consumo-de-television-en-ecuador\/","url":"https:\/\/www.quebakan.com\/v15\/kantar-ibope-media-presenta-los-habitos-de-consumo-de-television-en-ecuador\/","name":"Kantar Ibope Media presenta los h\u00e1bitos de consumo de televisi\u00f3n en Ecuador &#8211; QUEBAKAN.COM 2026: Noticias, Eventos, Conciertos y mucho m\u00e1s....","isPartOf":{"@id":"https:\/\/www.quebakan.com\/v15\/#website"},"primaryImageOfPage":{"@id":"https:\/\/www.quebakan.com\/v15\/kantar-ibope-media-presenta-los-habitos-de-consumo-de-television-en-ecuador\/#primaryimage"},"image":{"@id":"https:\/\/www.quebakan.com\/v15\/kantar-ibope-media-presenta-los-habitos-de-consumo-de-television-en-ecuador\/#primaryimage"},"thumbnailUrl":"https:\/\/www.quebakan.com\/v15\/wp-content\/uploads\/2024\/12\/image0-3.jpg","datePublished":"2024-12-04T01:47:52+00:00","breadcrumb":{"@id":"https:\/\/www.quebakan.com\/v15\/kantar-ibope-media-presenta-los-habitos-de-consumo-de-television-en-ecuador\/#breadcrumb"},"inLanguage":"es","potentialAction":[{"@type":"ReadAction","target":["https:\/\/www.quebakan.com\/v15\/kantar-ibope-media-presenta-los-habitos-de-consumo-de-television-en-ecuador\/"]}]},{"@type":"ImageObject","inLanguage":"es","@id":"https:\/\/www.quebakan.com\/v15\/kantar-ibope-media-presenta-los-habitos-de-consumo-de-television-en-ecuador\/#primaryimage","url":"https:\/\/www.quebakan.com\/v15\/wp-content\/uploads\/2024\/12\/image0-3.jpg","contentUrl":"https:\/\/www.quebakan.com\/v15\/wp-content\/uploads\/2024\/12\/image0-3.jpg","width":700,"height":466},{"@type":"BreadcrumbList","@id":"https:\/\/www.quebakan.com\/v15\/kantar-ibope-media-presenta-los-habitos-de-consumo-de-television-en-ecuador\/#breadcrumb","itemListElement":[{"@type":"ListItem","position":1,"name":"Portada","item":"https:\/\/www.quebakan.com\/v15\/"},{"@type":"ListItem","position":2,"name":"Kantar Ibope Media presenta los h\u00e1bitos de consumo de televisi\u00f3n en Ecuador"}]},{"@type":"WebSite","@id":"https:\/\/www.quebakan.com\/v15\/#website","url":"https:\/\/www.quebakan.com\/v15\/","name":"QUEBAKAN","description":"..","publisher":{"@id":"https:\/\/www.quebakan.com\/v15\/#organization"},"potentialAction":[{"@type":"SearchAction","target":{"@type":"EntryPoint","urlTemplate":"https:\/\/www.quebakan.com\/v15\/?s={search_term_string}"},"query-input":{"@type":"PropertyValueSpecification","valueRequired":true,"valueName":"search_term_string"}}],"inLanguage":"es"},{"@type":"Organization","@id":"https:\/\/www.quebakan.com\/v15\/#organization","name":"Quebakan.com","url":"https:\/\/www.quebakan.com\/v15\/","logo":{"@type":"ImageObject","inLanguage":"es","@id":"https:\/\/www.quebakan.com\/v15\/#\/schema\/logo\/image\/","url":"https:\/\/www.quebakan.com\/v15\/wp-content\/uploads\/2023\/07\/logoquebakanenero2021.jpg","contentUrl":"https:\/\/www.quebakan.com\/v15\/wp-content\/uploads\/2023\/07\/logoquebakanenero2021.jpg","width":1920,"height":1080,"caption":"Quebakan.com"},"image":{"@id":"https:\/\/www.quebakan.com\/v15\/#\/schema\/logo\/image\/"},"sameAs":["http:\/\/www.facebook.com\/quebakan","https:\/\/x.com\/quebakanec","http:\/\/www.instagram.com\/quebakan","http:\/\/www.youtube.com\/quebakan1"]},{"@type":"Person","@id":"https:\/\/www.quebakan.com\/v15\/#\/schema\/person\/d90fa9f9cfa81eb8ace9811e5b7b9118","name":"Erick Villafuerte","image":{"@type":"ImageObject","inLanguage":"es","@id":"https:\/\/www.quebakan.com\/v15\/wp-content\/uploads\/avatars\/4\/1731297654-bpfull.png","url":"https:\/\/www.quebakan.com\/v15\/wp-content\/uploads\/avatars\/4\/1731297654-bpfull.png","contentUrl":"https:\/\/www.quebakan.com\/v15\/wp-content\/uploads\/avatars\/4\/1731297654-bpfull.png","caption":"Erick Villafuerte"}}]}},"_links":{"self":[{"href":"https:\/\/www.quebakan.com\/v15\/wp-json\/wp\/v2\/posts\/126757","targetHints":{"allow":["GET"]}}],"collection":[{"href":"https:\/\/www.quebakan.com\/v15\/wp-json\/wp\/v2\/posts"}],"about":[{"href":"https:\/\/www.quebakan.com\/v15\/wp-json\/wp\/v2\/types\/post"}],"author":[{"embeddable":true,"href":"https:\/\/www.quebakan.com\/v15\/wp-json\/wp\/v2\/users\/4"}],"replies":[{"embeddable":true,"href":"https:\/\/www.quebakan.com\/v15\/wp-json\/wp\/v2\/comments?post=126757"}],"version-history":[{"count":1,"href":"https:\/\/www.quebakan.com\/v15\/wp-json\/wp\/v2\/posts\/126757\/revisions"}],"predecessor-version":[{"id":126760,"href":"https:\/\/www.quebakan.com\/v15\/wp-json\/wp\/v2\/posts\/126757\/revisions\/126760"}],"wp:featuredmedia":[{"embeddable":true,"href":"https:\/\/www.quebakan.com\/v15\/wp-json\/wp\/v2\/media\/126758"}],"wp:attachment":[{"href":"https:\/\/www.quebakan.com\/v15\/wp-json\/wp\/v2\/media?parent=126757"}],"wp:term":[{"taxonomy":"category","embeddable":true,"href":"https:\/\/www.quebakan.com\/v15\/wp-json\/wp\/v2\/categories?post=126757"},{"taxonomy":"post_tag","embeddable":true,"href":"https:\/\/www.quebakan.com\/v15\/wp-json\/wp\/v2\/tags?post=126757"}],"curies":[{"name":"wp","href":"https:\/\/api.w.org\/{rel}","templated":true}]}}