{"id":126767,"date":"2024-12-03T22:35:27","date_gmt":"2024-12-04T03:35:27","guid":{"rendered":"https:\/\/www.quebakan.com\/v15\/?p=126767"},"modified":"2024-12-03T22:35:27","modified_gmt":"2024-12-04T03:35:27","slug":"pycca-se-une-al-encendido-del-arbol-de-la-ciudad","status":"publish","type":"post","link":"https:\/\/www.quebakan.com\/v15\/pycca-se-une-al-encendido-del-arbol-de-la-ciudad\/","title":{"rendered":"PYCCA SE UNE AL ENCENDIDO DEL \u00c1RBOL DE LA CIUDAD"},"content":{"rendered":"<p><img fetchpriority=\"high\" decoding=\"async\" class=\"aligncenter size-full wp-image-126768\" src=\"https:\/\/www.quebakan.com\/v15\/wp-content\/uploads\/2024\/12\/arbol.jpg\" alt=\"\" width=\"506\" height=\"900\" \/><\/p>\n<ul>\n<li style=\"text-align: justify;\"><span style=\"color: #000000;\"><strong>Pycca se alista para tomar la ciudad de Navidad<\/strong><\/span><\/li>\n<\/ul>\n<p style=\"text-align: justify;\"><span style=\"color: #000000;\">Por primera vez, Pycca, la marca ecuatoriana de art\u00edculos para el hogar, se integra al tradicional encendido del \u00c1rbol de la Ciudad, organizado por la Fundaci\u00f3n Malec\u00f3n 2000. Este evento, que celebra su d\u00e9cima tercera edici\u00f3n, estar\u00e1 abierto gratuitamente para todo el p\u00fablico.<\/span><\/p>\n<p style=\"text-align: justify;\"><span style=\"color: #000000;\">\u201cPycca se va a tomar la ciudad de Navidad, muy pronto les tendremos una gran sorpresa\u201d, coment\u00f3 Juan Luis Calvo, Gerente General de Pycca, creando expectativa sobre las acciones que prepara la empresa para esta temporada.<\/span><\/p>\n<p style=\"text-align: justify;\"><span style=\"color: #000000;\">En l\u00ednea con este esp\u00edritu, Pycca resalta la importancia de disfrutar la vida y este a\u00f1o decidi\u00f3 ser parte de una de las tradiciones m\u00e1s ic\u00f3nicas de Guayaquil, iluminando esta Navidad junto al emblem\u00e1tico \u00e1rbol del Malec\u00f3n 2000. Para la marca, un hogar no es solo un espacio f\u00edsico, sino un lugar donde se construyen recuerdos, se comparten risas y se siente el calor de la familia.<\/span><\/p>\n<p style=\"text-align: justify;\"><span style=\"color: #000000;\">Este a\u00f1o, el \u00e1rbol no solo destaca por ser un s\u00edmbolo navide\u00f1o, sino tambi\u00e9n por su enfoque sostenible, al iluminarse mediante paneles solares y con una duraci\u00f3n de 2 horas diarias en las noches, reflejando un compromiso con la responsabilidad energ\u00e9tica y la adaptaci\u00f3n a las necesidades del pa\u00eds. En este contexto, Pycca se suma a esta iniciativa que promueve el cuidado y el bienestar de la comunidad, reafirmando su responsabilidad social. Adem\u00e1s, la marca ha dejado su huella en la decoraci\u00f3n del \u00e1rbol, al aportar las esferas y la estrella que lo corona, agregando un dise\u00f1o \u00fanico y memorable que eleva el esp\u00edritu navide\u00f1o.<\/span><\/p>\n<p style=\"text-align: justify;\"><span style=\"color: #000000;\">Al unirse a esta celebraci\u00f3n, Pycca reafirma su deseo de ser parte de la vida de los ecuatorianos, de sus tradiciones navide\u00f1as y su compromiso de crear espacios que inspiren y conmuevan una navidad m\u00e1s aut\u00e9ntica.<\/span><\/p>\n","protected":false},"excerpt":{"rendered":"<p>Pycca se alista para tomar la ciudad de Navidad Por primera vez, Pycca, la marca ecuatoriana de art\u00edculos para el hogar, se integra al tradicional encendido del \u00c1rbol de la Ciudad, organizado por la Fundaci\u00f3n Malec\u00f3n 2000. Este evento, que celebra su d\u00e9cima tercera edici\u00f3n, estar\u00e1 abierto gratuitamente para todo el p\u00fablico. \u201cPycca se va [&hellip;]<\/p>\n","protected":false},"author":4,"featured_media":126768,"comment_status":"open","ping_status":"open","sticky":false,"template":"","format":"standard","meta":{"_bbp_topic_count":0,"_bbp_reply_count":0,"_bbp_total_topic_count":0,"_bbp_total_reply_count":0,"_bbp_voice_count":0,"_bbp_anonymous_reply_count":0,"_bbp_topic_count_hidden":0,"_bbp_reply_count_hidden":0,"_bbp_forum_subforum_count":0,"buzzeditor_post_format":"","footnotes":""},"categories":[2],"tags":[],"class_list":["post-126767","post","type-post","status-publish","format-standard","has-post-thumbnail","hentry","category-noticias"],"yoast_head":"<!-- This site is optimized with the Yoast SEO plugin v27.5 - https:\/\/yoast.com\/product\/yoast-seo-wordpress\/ -->\n<title>PYCCA SE UNE AL ENCENDIDO DEL \u00c1RBOL DE LA CIUDAD &#8211; QUEBAKAN.COM 2026: Noticias, Eventos, Conciertos y mucho m\u00e1s....<\/title>\n<meta name=\"robots\" content=\"index, follow, max-snippet:-1, max-image-preview:large, max-video-preview:-1\" \/>\n<link rel=\"canonical\" href=\"https:\/\/www.quebakan.com\/v15\/pycca-se-une-al-encendido-del-arbol-de-la-ciudad\/\" \/>\n<meta property=\"og:locale\" content=\"es_ES\" \/>\n<meta property=\"og:type\" content=\"article\" \/>\n<meta property=\"og:title\" content=\"PYCCA SE UNE AL ENCENDIDO DEL \u00c1RBOL DE LA CIUDAD &#8211; QUEBAKAN.COM 2026: Noticias, Eventos, Conciertos y mucho m\u00e1s....\" \/>\n<meta property=\"og:description\" content=\"Pycca se alista para tomar la ciudad de Navidad Por primera vez, Pycca, la marca ecuatoriana de art\u00edculos para el hogar, se integra al tradicional encendido del \u00c1rbol de la Ciudad, organizado por la Fundaci\u00f3n Malec\u00f3n 2000. Este evento, que celebra su d\u00e9cima tercera edici\u00f3n, estar\u00e1 abierto gratuitamente para todo el p\u00fablico. \u201cPycca se va [&hellip;]\" \/>\n<meta property=\"og:url\" content=\"https:\/\/www.quebakan.com\/v15\/pycca-se-une-al-encendido-del-arbol-de-la-ciudad\/\" \/>\n<meta property=\"og:site_name\" content=\"QUEBAKAN.COM 2026: Noticias, Eventos, Conciertos y mucho m\u00e1s....\" \/>\n<meta property=\"article:publisher\" content=\"http:\/\/www.facebook.com\/quebakan\" \/>\n<meta property=\"article:published_time\" content=\"2024-12-04T03:35:27+00:00\" \/>\n<meta property=\"og:image\" content=\"https:\/\/www.quebakan.com\/v15\/wp-content\/uploads\/2024\/12\/arbol.jpg\" \/>\n\t<meta property=\"og:image:width\" content=\"506\" \/>\n\t<meta property=\"og:image:height\" content=\"900\" \/>\n\t<meta property=\"og:image:type\" content=\"image\/jpeg\" \/>\n<meta name=\"author\" content=\"Erick Villafuerte\" \/>\n<meta name=\"twitter:card\" content=\"summary_large_image\" \/>\n<meta name=\"twitter:creator\" content=\"@quebakanec\" \/>\n<meta name=\"twitter:site\" content=\"@quebakanec\" \/>\n<meta name=\"twitter:label1\" content=\"Escrito por\" \/>\n\t<meta name=\"twitter:data1\" content=\"Erick Villafuerte\" \/>\n\t<meta name=\"twitter:label2\" content=\"Tiempo de lectura\" \/>\n\t<meta name=\"twitter:data2\" content=\"2 minutos\" \/>\n<script type=\"application\/ld+json\" class=\"yoast-schema-graph\">{\"@context\":\"https:\\\/\\\/schema.org\",\"@graph\":[{\"@type\":\"Article\",\"@id\":\"https:\\\/\\\/www.quebakan.com\\\/v15\\\/pycca-se-une-al-encendido-del-arbol-de-la-ciudad\\\/#article\",\"isPartOf\":{\"@id\":\"https:\\\/\\\/www.quebakan.com\\\/v15\\\/pycca-se-une-al-encendido-del-arbol-de-la-ciudad\\\/\"},\"author\":{\"name\":\"Erick Villafuerte\",\"@id\":\"https:\\\/\\\/www.quebakan.com\\\/v15\\\/#\\\/schema\\\/person\\\/d90fa9f9cfa81eb8ace9811e5b7b9118\"},\"headline\":\"PYCCA SE UNE AL ENCENDIDO DEL \u00c1RBOL DE LA CIUDAD\",\"datePublished\":\"2024-12-04T03:35:27+00:00\",\"mainEntityOfPage\":{\"@id\":\"https:\\\/\\\/www.quebakan.com\\\/v15\\\/pycca-se-une-al-encendido-del-arbol-de-la-ciudad\\\/\"},\"wordCount\":334,\"commentCount\":0,\"publisher\":{\"@id\":\"https:\\\/\\\/www.quebakan.com\\\/v15\\\/#organization\"},\"image\":{\"@id\":\"https:\\\/\\\/www.quebakan.com\\\/v15\\\/pycca-se-une-al-encendido-del-arbol-de-la-ciudad\\\/#primaryimage\"},\"thumbnailUrl\":\"https:\\\/\\\/www.quebakan.com\\\/v15\\\/wp-content\\\/uploads\\\/2024\\\/12\\\/arbol.jpg\",\"articleSection\":[\"Noticias\"],\"inLanguage\":\"es\"},{\"@type\":\"WebPage\",\"@id\":\"https:\\\/\\\/www.quebakan.com\\\/v15\\\/pycca-se-une-al-encendido-del-arbol-de-la-ciudad\\\/\",\"url\":\"https:\\\/\\\/www.quebakan.com\\\/v15\\\/pycca-se-une-al-encendido-del-arbol-de-la-ciudad\\\/\",\"name\":\"PYCCA SE UNE AL ENCENDIDO DEL \u00c1RBOL DE LA CIUDAD &#8211; QUEBAKAN.COM 2026: Noticias, Eventos, Conciertos y mucho m\u00e1s....\",\"isPartOf\":{\"@id\":\"https:\\\/\\\/www.quebakan.com\\\/v15\\\/#website\"},\"primaryImageOfPage\":{\"@id\":\"https:\\\/\\\/www.quebakan.com\\\/v15\\\/pycca-se-une-al-encendido-del-arbol-de-la-ciudad\\\/#primaryimage\"},\"image\":{\"@id\":\"https:\\\/\\\/www.quebakan.com\\\/v15\\\/pycca-se-une-al-encendido-del-arbol-de-la-ciudad\\\/#primaryimage\"},\"thumbnailUrl\":\"https:\\\/\\\/www.quebakan.com\\\/v15\\\/wp-content\\\/uploads\\\/2024\\\/12\\\/arbol.jpg\",\"datePublished\":\"2024-12-04T03:35:27+00:00\",\"breadcrumb\":{\"@id\":\"https:\\\/\\\/www.quebakan.com\\\/v15\\\/pycca-se-une-al-encendido-del-arbol-de-la-ciudad\\\/#breadcrumb\"},\"inLanguage\":\"es\",\"potentialAction\":[{\"@type\":\"ReadAction\",\"target\":[\"https:\\\/\\\/www.quebakan.com\\\/v15\\\/pycca-se-une-al-encendido-del-arbol-de-la-ciudad\\\/\"]}]},{\"@type\":\"ImageObject\",\"inLanguage\":\"es\",\"@id\":\"https:\\\/\\\/www.quebakan.com\\\/v15\\\/pycca-se-une-al-encendido-del-arbol-de-la-ciudad\\\/#primaryimage\",\"url\":\"https:\\\/\\\/www.quebakan.com\\\/v15\\\/wp-content\\\/uploads\\\/2024\\\/12\\\/arbol.jpg\",\"contentUrl\":\"https:\\\/\\\/www.quebakan.com\\\/v15\\\/wp-content\\\/uploads\\\/2024\\\/12\\\/arbol.jpg\",\"width\":506,\"height\":900},{\"@type\":\"BreadcrumbList\",\"@id\":\"https:\\\/\\\/www.quebakan.com\\\/v15\\\/pycca-se-une-al-encendido-del-arbol-de-la-ciudad\\\/#breadcrumb\",\"itemListElement\":[{\"@type\":\"ListItem\",\"position\":1,\"name\":\"Portada\",\"item\":\"https:\\\/\\\/www.quebakan.com\\\/v15\\\/\"},{\"@type\":\"ListItem\",\"position\":2,\"name\":\"PYCCA SE UNE AL ENCENDIDO DEL \u00c1RBOL DE LA CIUDAD\"}]},{\"@type\":\"WebSite\",\"@id\":\"https:\\\/\\\/www.quebakan.com\\\/v15\\\/#website\",\"url\":\"https:\\\/\\\/www.quebakan.com\\\/v15\\\/\",\"name\":\"QUEBAKAN\",\"description\":\"..\",\"publisher\":{\"@id\":\"https:\\\/\\\/www.quebakan.com\\\/v15\\\/#organization\"},\"potentialAction\":[{\"@type\":\"SearchAction\",\"target\":{\"@type\":\"EntryPoint\",\"urlTemplate\":\"https:\\\/\\\/www.quebakan.com\\\/v15\\\/?s={search_term_string}\"},\"query-input\":{\"@type\":\"PropertyValueSpecification\",\"valueRequired\":true,\"valueName\":\"search_term_string\"}}],\"inLanguage\":\"es\"},{\"@type\":\"Organization\",\"@id\":\"https:\\\/\\\/www.quebakan.com\\\/v15\\\/#organization\",\"name\":\"Quebakan.com\",\"url\":\"https:\\\/\\\/www.quebakan.com\\\/v15\\\/\",\"logo\":{\"@type\":\"ImageObject\",\"inLanguage\":\"es\",\"@id\":\"https:\\\/\\\/www.quebakan.com\\\/v15\\\/#\\\/schema\\\/logo\\\/image\\\/\",\"url\":\"https:\\\/\\\/www.quebakan.com\\\/v15\\\/wp-content\\\/uploads\\\/2023\\\/07\\\/logoquebakanenero2021.jpg\",\"contentUrl\":\"https:\\\/\\\/www.quebakan.com\\\/v15\\\/wp-content\\\/uploads\\\/2023\\\/07\\\/logoquebakanenero2021.jpg\",\"width\":1920,\"height\":1080,\"caption\":\"Quebakan.com\"},\"image\":{\"@id\":\"https:\\\/\\\/www.quebakan.com\\\/v15\\\/#\\\/schema\\\/logo\\\/image\\\/\"},\"sameAs\":[\"http:\\\/\\\/www.facebook.com\\\/quebakan\",\"https:\\\/\\\/x.com\\\/quebakanec\",\"http:\\\/\\\/www.instagram.com\\\/quebakan\",\"http:\\\/\\\/www.youtube.com\\\/quebakan1\"]},{\"@type\":\"Person\",\"@id\":\"https:\\\/\\\/www.quebakan.com\\\/v15\\\/#\\\/schema\\\/person\\\/d90fa9f9cfa81eb8ace9811e5b7b9118\",\"name\":\"Erick Villafuerte\",\"image\":{\"@type\":\"ImageObject\",\"inLanguage\":\"es\",\"@id\":\"https:\\\/\\\/www.quebakan.com\\\/v15\\\/wp-content\\\/uploads\\\/avatars\\\/4\\\/1731297654-bpfull.png\",\"url\":\"https:\\\/\\\/www.quebakan.com\\\/v15\\\/wp-content\\\/uploads\\\/avatars\\\/4\\\/1731297654-bpfull.png\",\"contentUrl\":\"https:\\\/\\\/www.quebakan.com\\\/v15\\\/wp-content\\\/uploads\\\/avatars\\\/4\\\/1731297654-bpfull.png\",\"caption\":\"Erick Villafuerte\"}}]}<\/script>\n<!-- \/ Yoast SEO plugin. -->","yoast_head_json":{"title":"PYCCA SE UNE AL ENCENDIDO DEL \u00c1RBOL DE LA CIUDAD &#8211; QUEBAKAN.COM 2026: Noticias, Eventos, Conciertos y mucho m\u00e1s....","robots":{"index":"index","follow":"follow","max-snippet":"max-snippet:-1","max-image-preview":"max-image-preview:large","max-video-preview":"max-video-preview:-1"},"canonical":"https:\/\/www.quebakan.com\/v15\/pycca-se-une-al-encendido-del-arbol-de-la-ciudad\/","og_locale":"es_ES","og_type":"article","og_title":"PYCCA SE UNE AL ENCENDIDO DEL \u00c1RBOL DE LA CIUDAD &#8211; QUEBAKAN.COM 2026: Noticias, Eventos, Conciertos y mucho m\u00e1s....","og_description":"Pycca se alista para tomar la ciudad de Navidad Por primera vez, Pycca, la marca ecuatoriana de art\u00edculos para el hogar, se integra al tradicional encendido del \u00c1rbol de la Ciudad, organizado por la Fundaci\u00f3n Malec\u00f3n 2000. Este evento, que celebra su d\u00e9cima tercera edici\u00f3n, estar\u00e1 abierto gratuitamente para todo el p\u00fablico. \u201cPycca se va [&hellip;]","og_url":"https:\/\/www.quebakan.com\/v15\/pycca-se-une-al-encendido-del-arbol-de-la-ciudad\/","og_site_name":"QUEBAKAN.COM 2026: Noticias, Eventos, Conciertos y mucho m\u00e1s....","article_publisher":"http:\/\/www.facebook.com\/quebakan","article_published_time":"2024-12-04T03:35:27+00:00","og_image":[{"width":506,"height":900,"url":"https:\/\/www.quebakan.com\/v15\/wp-content\/uploads\/2024\/12\/arbol.jpg","type":"image\/jpeg"}],"author":"Erick Villafuerte","twitter_card":"summary_large_image","twitter_creator":"@quebakanec","twitter_site":"@quebakanec","twitter_misc":{"Escrito por":"Erick Villafuerte","Tiempo de lectura":"2 minutos"},"schema":{"@context":"https:\/\/schema.org","@graph":[{"@type":"Article","@id":"https:\/\/www.quebakan.com\/v15\/pycca-se-une-al-encendido-del-arbol-de-la-ciudad\/#article","isPartOf":{"@id":"https:\/\/www.quebakan.com\/v15\/pycca-se-une-al-encendido-del-arbol-de-la-ciudad\/"},"author":{"name":"Erick Villafuerte","@id":"https:\/\/www.quebakan.com\/v15\/#\/schema\/person\/d90fa9f9cfa81eb8ace9811e5b7b9118"},"headline":"PYCCA SE UNE AL ENCENDIDO DEL \u00c1RBOL DE LA CIUDAD","datePublished":"2024-12-04T03:35:27+00:00","mainEntityOfPage":{"@id":"https:\/\/www.quebakan.com\/v15\/pycca-se-une-al-encendido-del-arbol-de-la-ciudad\/"},"wordCount":334,"commentCount":0,"publisher":{"@id":"https:\/\/www.quebakan.com\/v15\/#organization"},"image":{"@id":"https:\/\/www.quebakan.com\/v15\/pycca-se-une-al-encendido-del-arbol-de-la-ciudad\/#primaryimage"},"thumbnailUrl":"https:\/\/www.quebakan.com\/v15\/wp-content\/uploads\/2024\/12\/arbol.jpg","articleSection":["Noticias"],"inLanguage":"es"},{"@type":"WebPage","@id":"https:\/\/www.quebakan.com\/v15\/pycca-se-une-al-encendido-del-arbol-de-la-ciudad\/","url":"https:\/\/www.quebakan.com\/v15\/pycca-se-une-al-encendido-del-arbol-de-la-ciudad\/","name":"PYCCA SE UNE AL ENCENDIDO DEL \u00c1RBOL DE LA CIUDAD &#8211; QUEBAKAN.COM 2026: Noticias, Eventos, Conciertos y mucho m\u00e1s....","isPartOf":{"@id":"https:\/\/www.quebakan.com\/v15\/#website"},"primaryImageOfPage":{"@id":"https:\/\/www.quebakan.com\/v15\/pycca-se-une-al-encendido-del-arbol-de-la-ciudad\/#primaryimage"},"image":{"@id":"https:\/\/www.quebakan.com\/v15\/pycca-se-une-al-encendido-del-arbol-de-la-ciudad\/#primaryimage"},"thumbnailUrl":"https:\/\/www.quebakan.com\/v15\/wp-content\/uploads\/2024\/12\/arbol.jpg","datePublished":"2024-12-04T03:35:27+00:00","breadcrumb":{"@id":"https:\/\/www.quebakan.com\/v15\/pycca-se-une-al-encendido-del-arbol-de-la-ciudad\/#breadcrumb"},"inLanguage":"es","potentialAction":[{"@type":"ReadAction","target":["https:\/\/www.quebakan.com\/v15\/pycca-se-une-al-encendido-del-arbol-de-la-ciudad\/"]}]},{"@type":"ImageObject","inLanguage":"es","@id":"https:\/\/www.quebakan.com\/v15\/pycca-se-une-al-encendido-del-arbol-de-la-ciudad\/#primaryimage","url":"https:\/\/www.quebakan.com\/v15\/wp-content\/uploads\/2024\/12\/arbol.jpg","contentUrl":"https:\/\/www.quebakan.com\/v15\/wp-content\/uploads\/2024\/12\/arbol.jpg","width":506,"height":900},{"@type":"BreadcrumbList","@id":"https:\/\/www.quebakan.com\/v15\/pycca-se-une-al-encendido-del-arbol-de-la-ciudad\/#breadcrumb","itemListElement":[{"@type":"ListItem","position":1,"name":"Portada","item":"https:\/\/www.quebakan.com\/v15\/"},{"@type":"ListItem","position":2,"name":"PYCCA SE UNE AL ENCENDIDO DEL \u00c1RBOL DE LA CIUDAD"}]},{"@type":"WebSite","@id":"https:\/\/www.quebakan.com\/v15\/#website","url":"https:\/\/www.quebakan.com\/v15\/","name":"QUEBAKAN","description":"..","publisher":{"@id":"https:\/\/www.quebakan.com\/v15\/#organization"},"potentialAction":[{"@type":"SearchAction","target":{"@type":"EntryPoint","urlTemplate":"https:\/\/www.quebakan.com\/v15\/?s={search_term_string}"},"query-input":{"@type":"PropertyValueSpecification","valueRequired":true,"valueName":"search_term_string"}}],"inLanguage":"es"},{"@type":"Organization","@id":"https:\/\/www.quebakan.com\/v15\/#organization","name":"Quebakan.com","url":"https:\/\/www.quebakan.com\/v15\/","logo":{"@type":"ImageObject","inLanguage":"es","@id":"https:\/\/www.quebakan.com\/v15\/#\/schema\/logo\/image\/","url":"https:\/\/www.quebakan.com\/v15\/wp-content\/uploads\/2023\/07\/logoquebakanenero2021.jpg","contentUrl":"https:\/\/www.quebakan.com\/v15\/wp-content\/uploads\/2023\/07\/logoquebakanenero2021.jpg","width":1920,"height":1080,"caption":"Quebakan.com"},"image":{"@id":"https:\/\/www.quebakan.com\/v15\/#\/schema\/logo\/image\/"},"sameAs":["http:\/\/www.facebook.com\/quebakan","https:\/\/x.com\/quebakanec","http:\/\/www.instagram.com\/quebakan","http:\/\/www.youtube.com\/quebakan1"]},{"@type":"Person","@id":"https:\/\/www.quebakan.com\/v15\/#\/schema\/person\/d90fa9f9cfa81eb8ace9811e5b7b9118","name":"Erick Villafuerte","image":{"@type":"ImageObject","inLanguage":"es","@id":"https:\/\/www.quebakan.com\/v15\/wp-content\/uploads\/avatars\/4\/1731297654-bpfull.png","url":"https:\/\/www.quebakan.com\/v15\/wp-content\/uploads\/avatars\/4\/1731297654-bpfull.png","contentUrl":"https:\/\/www.quebakan.com\/v15\/wp-content\/uploads\/avatars\/4\/1731297654-bpfull.png","caption":"Erick Villafuerte"}}]}},"_links":{"self":[{"href":"https:\/\/www.quebakan.com\/v15\/wp-json\/wp\/v2\/posts\/126767","targetHints":{"allow":["GET"]}}],"collection":[{"href":"https:\/\/www.quebakan.com\/v15\/wp-json\/wp\/v2\/posts"}],"about":[{"href":"https:\/\/www.quebakan.com\/v15\/wp-json\/wp\/v2\/types\/post"}],"author":[{"embeddable":true,"href":"https:\/\/www.quebakan.com\/v15\/wp-json\/wp\/v2\/users\/4"}],"replies":[{"embeddable":true,"href":"https:\/\/www.quebakan.com\/v15\/wp-json\/wp\/v2\/comments?post=126767"}],"version-history":[{"count":1,"href":"https:\/\/www.quebakan.com\/v15\/wp-json\/wp\/v2\/posts\/126767\/revisions"}],"predecessor-version":[{"id":126769,"href":"https:\/\/www.quebakan.com\/v15\/wp-json\/wp\/v2\/posts\/126767\/revisions\/126769"}],"wp:featuredmedia":[{"embeddable":true,"href":"https:\/\/www.quebakan.com\/v15\/wp-json\/wp\/v2\/media\/126768"}],"wp:attachment":[{"href":"https:\/\/www.quebakan.com\/v15\/wp-json\/wp\/v2\/media?parent=126767"}],"wp:term":[{"taxonomy":"category","embeddable":true,"href":"https:\/\/www.quebakan.com\/v15\/wp-json\/wp\/v2\/categories?post=126767"},{"taxonomy":"post_tag","embeddable":true,"href":"https:\/\/www.quebakan.com\/v15\/wp-json\/wp\/v2\/tags?post=126767"}],"curies":[{"name":"wp","href":"https:\/\/api.w.org\/{rel}","templated":true}]}}