{"id":126842,"date":"2024-12-06T21:12:51","date_gmt":"2024-12-07T02:12:51","guid":{"rendered":"https:\/\/www.quebakan.com\/v15\/?p=126842"},"modified":"2024-12-06T21:12:51","modified_gmt":"2024-12-07T02:12:51","slug":"kantar-ibope-media-presenta-los-habitos-de-consumo-de-los-quitenos-una-mirada-a-su-relacion-con-los-medios-valores-y-estilo-de-vida","status":"publish","type":"post","link":"https:\/\/www.quebakan.com\/v15\/kantar-ibope-media-presenta-los-habitos-de-consumo-de-los-quitenos-una-mirada-a-su-relacion-con-los-medios-valores-y-estilo-de-vida\/","title":{"rendered":"Kantar Ibope Media presenta los h\u00e1bitos de consumo de los quite\u00f1os, una mirada a su relaci\u00f3n con los medios, valores y estilo de vida"},"content":{"rendered":"<p align=\"center\"><img fetchpriority=\"high\" decoding=\"async\" class=\"aligncenter size-full wp-image-126843\" src=\"https:\/\/www.quebakan.com\/v15\/wp-content\/uploads\/2024\/12\/QUITO-1.jpg\" alt=\"\" width=\"467\" height=\"700\" \/><\/p>\n<p style=\"text-align: justify;\" align=\"center\"><span style=\"color: #000000;\"><b><i>El estudio TGI de Kantar Ibope Media, empresa l\u00edder en investigaci\u00f3n de mercado, presenta datos de los h\u00e1bitos de quite\u00f1os.<\/i><\/b><\/span><\/p>\n<p class=\"x_MsoNormal\" style=\"text-align: justify;\"><span style=\"color: #000000;\">Kantar IBOPE Media comparte informaci\u00f3n de los quite\u00f1os mayores de 18 a\u00f1os, destacando sus h\u00e1bitos medi\u00e1ticos, valores familiares, preocupaci\u00f3n por la salud y compromiso con el medio ambiente. Este an\u00e1lisis, basado en el estudio\u00a0<i>Target Group Index<\/i>, ofrece datos clave para entender c\u00f3mo interact\u00faan con los medios y qu\u00e9 los motiva en su d\u00eda a d\u00eda.<\/span><\/p>\n<p class=\"x_MsoNormal\" style=\"text-align: justify;\"><span style=\"color: #000000;\"><b>Un quite\u00f1o conectado y fiel a los medios tradicionales<\/b><\/span><\/p>\n<p class=\"x_MsoNormal\" style=\"text-align: justify;\"><span style=\"color: #000000;\">El 98,3% de los Quite\u00f1os 18+ utiliza internet y el 96,7% se conecta a redes sociales, mostrando su afinidad por las plataformas digitales. Sin embargo, la televisi\u00f3n abierta sigue siendo un medio relevante con un alcance del\u00a0<b>79,9%<\/b>, posicion\u00e1ndose como un canal clave para llegar a este p\u00fablico. Este dato resalta que, a pesar del auge de las plataformas digitales, los quite\u00f1os conf\u00edan en la televisi\u00f3n abierta para mantenerse informados y entretenerse.<\/span><\/p>\n<p class=\"x_MsoNormal\" style=\"text-align: justify;\"><span style=\"color: #000000;\">Otros medios importantes incluyen:<\/span><\/p>\n<ul style=\"text-align: justify;\" type=\"disc\">\n<li class=\"x_MsoNormal\"><span style=\"color: #000000;\"><b>Publicidad exterior<\/b>: 96,1%<\/span><\/li>\n<li class=\"x_MsoNormal\"><span style=\"color: #000000;\"><b>Proveedores de mensajer\u00eda instant\u00e1nea<\/b>: 94,5%<\/span><\/li>\n<li class=\"x_MsoNormal\"><span style=\"color: #000000;\"><b>Televisi\u00f3n y streaming (total)<\/b>: 86,9%<\/span><\/li>\n<li class=\"x_MsoNormal\"><span style=\"color: #000000;\"><b>Radio<\/b>: 56,8%<\/span><\/li>\n<li class=\"x_MsoNormal\"><span style=\"color: #000000;\"><b>Prensa escrita<\/b>: 39,3%<\/span><\/li>\n<li class=\"x_MsoNormal\"><span style=\"color: #000000;\"><b>Revistas<\/b>: 22,8%<\/span><\/li>\n<li class=\"x_MsoNormal\"><span style=\"color: #000000;\"><b>Cine<\/b>: 16,2%<\/span><\/li>\n<\/ul>\n<p class=\"x_MsoNormal\" style=\"text-align: justify;\"><span style=\"color: #000000;\"><b>Amigueros, familiares y tradicionales<\/b><\/span><\/p>\n<p class=\"x_MsoNormal\" style=\"text-align: justify;\"><span style=\"color: #000000;\">El Quite\u00f1o se define por su car\u00e1cter c\u00e1lido y apegado a sus ra\u00edces:<\/span><\/p>\n<ul style=\"text-align: justify;\" type=\"disc\">\n<li class=\"x_MsoNormal\"><span style=\"color: #000000;\">El\u00a0<b>85,7% disfruta pasar tiempo con su familia<\/b>, mientras que el\u00a0<b>78,1% valora contar con amigos que brinden apoyo en momentos dif\u00edciles<\/b>.<\/span><\/li>\n<li class=\"x_MsoNormal\"><span style=\"color: #000000;\">Las fiestas locales y religiosas tambi\u00e9n son parte de su esencia:\u00a0<b>66% celebra las fiestas patrias<\/b>\u00a0y\u00a0<b>65% las religiosas<\/b>.<\/span><\/li>\n<li class=\"x_MsoNormal\"><span style=\"color: #000000;\">Adem\u00e1s, el\u00a0<b>75,2% considera importante mantener una relaci\u00f3n duradera con una pareja<\/b>.<\/span><\/li>\n<\/ul>\n<p class=\"x_MsoNormal\" style=\"text-align: justify;\"><span style=\"color: #000000;\"><b>\u00a0<\/b><b>Comprometidos con su salud y bienestar<\/b><\/span><\/p>\n<p class=\"x_MsoNormal\" style=\"text-align: justify;\"><span style=\"color: #000000;\">Cuidar el cuerpo y la mente es una prioridad:<\/span><\/p>\n<ul style=\"text-align: justify;\" type=\"disc\">\n<li class=\"x_MsoNormal\"><span style=\"color: #000000;\">El\u00a0<b>73% cuida su salud para mejorar su apariencia<\/b>.<\/span><\/li>\n<li class=\"x_MsoNormal\"><span style=\"color: #000000;\">El\u00a0<b>60,9% come y bebe saludablemente<\/b>\u00a0y el\u00a0<b>43,2% trabaja arduamente para mantenerse en forma<\/b>.<\/span><\/li>\n<li class=\"x_MsoNormal\"><span style=\"color: #000000;\">M\u00e1s de la mitad, un\u00a0<b>55%, practica f\u00fatbol<\/b>, consolid\u00e1ndolo como el deporte favorito.<\/span><\/li>\n<\/ul>\n<p class=\"x_MsoNormal\" style=\"text-align: justify;\"><span style=\"color: #000000;\"><b>Un quite\u00f1o comprometido con el medio ambiente<\/b><\/span><\/p>\n<p class=\"x_MsoNormal\" style=\"text-align: justify;\"><span style=\"color: #000000;\">La sostenibilidad es un valor esencial:<\/span><\/p>\n<ul style=\"text-align: justify;\" type=\"disc\">\n<li class=\"x_MsoNormal\"><span style=\"color: #000000;\">El\u00a0<b>85% considera que reciclar es un deber de todos<\/b>.<\/span><\/li>\n<li class=\"x_MsoNormal\"><span style=\"color: #000000;\">El\u00a0<b>75% busca reducir el consumo de agua en su hogar<\/b>\u00a0y el\u00a0<b>69% est\u00e1 dispuesto a cambiar su estilo de vida para proteger el medio ambiente<\/b>.<\/span><\/li>\n<\/ul>\n<p class=\"x_MsoNormal\" style=\"text-align: justify;\"><span style=\"color: #000000;\"><b>Importancia de estos hallazgos<\/b><\/span><\/p>\n<p class=\"x_MsoNormal\" style=\"text-align: justify;\"><span style=\"color: #000000;\">Los datos nos permiten comprender a profundidad las din\u00e1micas del consumidor quite\u00f1o, especialmente su preferencia por medios como la televisi\u00f3n abierta, que sigue siendo un canal confiable y de alto impacto. Estos insights son fundamentales para crear estrategias que conecten aut\u00e9nticamente con ellos.<\/span><\/p>\n<p><img decoding=\"async\" class=\"aligncenter size-full wp-image-126844\" src=\"https:\/\/www.quebakan.com\/v15\/wp-content\/uploads\/2024\/12\/QUITO-2.jpg\" alt=\"\" width=\"467\" height=\"700\" \/><\/p>\n","protected":false},"excerpt":{"rendered":"<p>El estudio TGI de Kantar Ibope Media, empresa l\u00edder en investigaci\u00f3n de mercado, presenta datos de los h\u00e1bitos de quite\u00f1os. Kantar IBOPE Media comparte informaci\u00f3n de los quite\u00f1os mayores de 18 a\u00f1os, destacando sus h\u00e1bitos medi\u00e1ticos, valores familiares, preocupaci\u00f3n por la salud y compromiso con el medio ambiente. Este an\u00e1lisis, basado en el estudio\u00a0Target Group [&hellip;]<\/p>\n","protected":false},"author":4,"featured_media":126844,"comment_status":"open","ping_status":"open","sticky":false,"template":"","format":"standard","meta":{"_bbp_topic_count":0,"_bbp_reply_count":0,"_bbp_total_topic_count":0,"_bbp_total_reply_count":0,"_bbp_voice_count":0,"_bbp_anonymous_reply_count":0,"_bbp_topic_count_hidden":0,"_bbp_reply_count_hidden":0,"_bbp_forum_subforum_count":0,"buzzeditor_post_format":"","footnotes":""},"categories":[2],"tags":[],"class_list":["post-126842","post","type-post","status-publish","format-standard","has-post-thumbnail","hentry","category-noticias"],"yoast_head":"<!-- This site is optimized with the Yoast SEO plugin v27.5 - https:\/\/yoast.com\/product\/yoast-seo-wordpress\/ -->\n<title>Kantar Ibope Media presenta los h\u00e1bitos de consumo de los quite\u00f1os, una mirada a su relaci\u00f3n con los medios, valores y estilo de vida &#8211; QUEBAKAN.COM 2026: Noticias, Eventos, Conciertos y mucho m\u00e1s....<\/title>\n<meta name=\"robots\" content=\"index, follow, max-snippet:-1, max-image-preview:large, max-video-preview:-1\" \/>\n<link rel=\"canonical\" href=\"https:\/\/www.quebakan.com\/v15\/kantar-ibope-media-presenta-los-habitos-de-consumo-de-los-quitenos-una-mirada-a-su-relacion-con-los-medios-valores-y-estilo-de-vida\/\" \/>\n<meta property=\"og:locale\" content=\"es_ES\" \/>\n<meta property=\"og:type\" content=\"article\" \/>\n<meta property=\"og:title\" content=\"Kantar Ibope Media presenta los h\u00e1bitos de consumo de los quite\u00f1os, una mirada a su relaci\u00f3n con los medios, valores y estilo de vida &#8211; QUEBAKAN.COM 2026: Noticias, Eventos, Conciertos y mucho m\u00e1s....\" \/>\n<meta property=\"og:description\" content=\"El estudio TGI de Kantar Ibope Media, empresa l\u00edder en investigaci\u00f3n de mercado, presenta datos de los h\u00e1bitos de quite\u00f1os. Kantar IBOPE Media comparte informaci\u00f3n de los quite\u00f1os mayores de 18 a\u00f1os, destacando sus h\u00e1bitos medi\u00e1ticos, valores familiares, preocupaci\u00f3n por la salud y compromiso con el medio ambiente. Este an\u00e1lisis, basado en el estudio\u00a0Target Group [&hellip;]\" \/>\n<meta property=\"og:url\" content=\"https:\/\/www.quebakan.com\/v15\/kantar-ibope-media-presenta-los-habitos-de-consumo-de-los-quitenos-una-mirada-a-su-relacion-con-los-medios-valores-y-estilo-de-vida\/\" \/>\n<meta property=\"og:site_name\" content=\"QUEBAKAN.COM 2026: Noticias, Eventos, Conciertos y mucho m\u00e1s....\" \/>\n<meta property=\"article:publisher\" content=\"http:\/\/www.facebook.com\/quebakan\" \/>\n<meta property=\"article:published_time\" content=\"2024-12-07T02:12:51+00:00\" \/>\n<meta property=\"og:image\" content=\"https:\/\/www.quebakan.com\/v15\/wp-content\/uploads\/2024\/12\/QUITO-2.jpg\" \/>\n\t<meta property=\"og:image:width\" content=\"467\" \/>\n\t<meta property=\"og:image:height\" content=\"700\" \/>\n\t<meta property=\"og:image:type\" content=\"image\/jpeg\" \/>\n<meta name=\"author\" content=\"Erick Villafuerte\" \/>\n<meta name=\"twitter:card\" content=\"summary_large_image\" \/>\n<meta name=\"twitter:creator\" content=\"@quebakanec\" \/>\n<meta name=\"twitter:site\" content=\"@quebakanec\" \/>\n<meta name=\"twitter:label1\" content=\"Escrito por\" \/>\n\t<meta name=\"twitter:data1\" content=\"Erick Villafuerte\" \/>\n\t<meta name=\"twitter:label2\" content=\"Tiempo de lectura\" \/>\n\t<meta name=\"twitter:data2\" content=\"3 minutos\" \/>\n<script type=\"application\/ld+json\" class=\"yoast-schema-graph\">{\"@context\":\"https:\\\/\\\/schema.org\",\"@graph\":[{\"@type\":\"Article\",\"@id\":\"https:\\\/\\\/www.quebakan.com\\\/v15\\\/kantar-ibope-media-presenta-los-habitos-de-consumo-de-los-quitenos-una-mirada-a-su-relacion-con-los-medios-valores-y-estilo-de-vida\\\/#article\",\"isPartOf\":{\"@id\":\"https:\\\/\\\/www.quebakan.com\\\/v15\\\/kantar-ibope-media-presenta-los-habitos-de-consumo-de-los-quitenos-una-mirada-a-su-relacion-con-los-medios-valores-y-estilo-de-vida\\\/\"},\"author\":{\"name\":\"Erick Villafuerte\",\"@id\":\"https:\\\/\\\/www.quebakan.com\\\/v15\\\/#\\\/schema\\\/person\\\/d90fa9f9cfa81eb8ace9811e5b7b9118\"},\"headline\":\"Kantar Ibope Media presenta los h\u00e1bitos de consumo de los quite\u00f1os, una mirada a su relaci\u00f3n con los medios, valores y estilo de vida\",\"datePublished\":\"2024-12-07T02:12:51+00:00\",\"mainEntityOfPage\":{\"@id\":\"https:\\\/\\\/www.quebakan.com\\\/v15\\\/kantar-ibope-media-presenta-los-habitos-de-consumo-de-los-quitenos-una-mirada-a-su-relacion-con-los-medios-valores-y-estilo-de-vida\\\/\"},\"wordCount\":448,\"commentCount\":0,\"publisher\":{\"@id\":\"https:\\\/\\\/www.quebakan.com\\\/v15\\\/#organization\"},\"image\":{\"@id\":\"https:\\\/\\\/www.quebakan.com\\\/v15\\\/kantar-ibope-media-presenta-los-habitos-de-consumo-de-los-quitenos-una-mirada-a-su-relacion-con-los-medios-valores-y-estilo-de-vida\\\/#primaryimage\"},\"thumbnailUrl\":\"https:\\\/\\\/www.quebakan.com\\\/v15\\\/wp-content\\\/uploads\\\/2024\\\/12\\\/QUITO-2.jpg\",\"articleSection\":[\"Noticias\"],\"inLanguage\":\"es\"},{\"@type\":\"WebPage\",\"@id\":\"https:\\\/\\\/www.quebakan.com\\\/v15\\\/kantar-ibope-media-presenta-los-habitos-de-consumo-de-los-quitenos-una-mirada-a-su-relacion-con-los-medios-valores-y-estilo-de-vida\\\/\",\"url\":\"https:\\\/\\\/www.quebakan.com\\\/v15\\\/kantar-ibope-media-presenta-los-habitos-de-consumo-de-los-quitenos-una-mirada-a-su-relacion-con-los-medios-valores-y-estilo-de-vida\\\/\",\"name\":\"Kantar Ibope Media presenta los h\u00e1bitos de consumo de los quite\u00f1os, una mirada a su relaci\u00f3n con los medios, valores y estilo de vida &#8211; QUEBAKAN.COM 2026: Noticias, Eventos, Conciertos y mucho m\u00e1s....\",\"isPartOf\":{\"@id\":\"https:\\\/\\\/www.quebakan.com\\\/v15\\\/#website\"},\"primaryImageOfPage\":{\"@id\":\"https:\\\/\\\/www.quebakan.com\\\/v15\\\/kantar-ibope-media-presenta-los-habitos-de-consumo-de-los-quitenos-una-mirada-a-su-relacion-con-los-medios-valores-y-estilo-de-vida\\\/#primaryimage\"},\"image\":{\"@id\":\"https:\\\/\\\/www.quebakan.com\\\/v15\\\/kantar-ibope-media-presenta-los-habitos-de-consumo-de-los-quitenos-una-mirada-a-su-relacion-con-los-medios-valores-y-estilo-de-vida\\\/#primaryimage\"},\"thumbnailUrl\":\"https:\\\/\\\/www.quebakan.com\\\/v15\\\/wp-content\\\/uploads\\\/2024\\\/12\\\/QUITO-2.jpg\",\"datePublished\":\"2024-12-07T02:12:51+00:00\",\"breadcrumb\":{\"@id\":\"https:\\\/\\\/www.quebakan.com\\\/v15\\\/kantar-ibope-media-presenta-los-habitos-de-consumo-de-los-quitenos-una-mirada-a-su-relacion-con-los-medios-valores-y-estilo-de-vida\\\/#breadcrumb\"},\"inLanguage\":\"es\",\"potentialAction\":[{\"@type\":\"ReadAction\",\"target\":[\"https:\\\/\\\/www.quebakan.com\\\/v15\\\/kantar-ibope-media-presenta-los-habitos-de-consumo-de-los-quitenos-una-mirada-a-su-relacion-con-los-medios-valores-y-estilo-de-vida\\\/\"]}]},{\"@type\":\"ImageObject\",\"inLanguage\":\"es\",\"@id\":\"https:\\\/\\\/www.quebakan.com\\\/v15\\\/kantar-ibope-media-presenta-los-habitos-de-consumo-de-los-quitenos-una-mirada-a-su-relacion-con-los-medios-valores-y-estilo-de-vida\\\/#primaryimage\",\"url\":\"https:\\\/\\\/www.quebakan.com\\\/v15\\\/wp-content\\\/uploads\\\/2024\\\/12\\\/QUITO-2.jpg\",\"contentUrl\":\"https:\\\/\\\/www.quebakan.com\\\/v15\\\/wp-content\\\/uploads\\\/2024\\\/12\\\/QUITO-2.jpg\",\"width\":467,\"height\":700},{\"@type\":\"BreadcrumbList\",\"@id\":\"https:\\\/\\\/www.quebakan.com\\\/v15\\\/kantar-ibope-media-presenta-los-habitos-de-consumo-de-los-quitenos-una-mirada-a-su-relacion-con-los-medios-valores-y-estilo-de-vida\\\/#breadcrumb\",\"itemListElement\":[{\"@type\":\"ListItem\",\"position\":1,\"name\":\"Portada\",\"item\":\"https:\\\/\\\/www.quebakan.com\\\/v15\\\/\"},{\"@type\":\"ListItem\",\"position\":2,\"name\":\"Kantar Ibope Media presenta los h\u00e1bitos de consumo de los quite\u00f1os, una mirada a su relaci\u00f3n con los medios, valores y estilo de vida\"}]},{\"@type\":\"WebSite\",\"@id\":\"https:\\\/\\\/www.quebakan.com\\\/v15\\\/#website\",\"url\":\"https:\\\/\\\/www.quebakan.com\\\/v15\\\/\",\"name\":\"QUEBAKAN\",\"description\":\"..\",\"publisher\":{\"@id\":\"https:\\\/\\\/www.quebakan.com\\\/v15\\\/#organization\"},\"potentialAction\":[{\"@type\":\"SearchAction\",\"target\":{\"@type\":\"EntryPoint\",\"urlTemplate\":\"https:\\\/\\\/www.quebakan.com\\\/v15\\\/?s={search_term_string}\"},\"query-input\":{\"@type\":\"PropertyValueSpecification\",\"valueRequired\":true,\"valueName\":\"search_term_string\"}}],\"inLanguage\":\"es\"},{\"@type\":\"Organization\",\"@id\":\"https:\\\/\\\/www.quebakan.com\\\/v15\\\/#organization\",\"name\":\"Quebakan.com\",\"url\":\"https:\\\/\\\/www.quebakan.com\\\/v15\\\/\",\"logo\":{\"@type\":\"ImageObject\",\"inLanguage\":\"es\",\"@id\":\"https:\\\/\\\/www.quebakan.com\\\/v15\\\/#\\\/schema\\\/logo\\\/image\\\/\",\"url\":\"https:\\\/\\\/www.quebakan.com\\\/v15\\\/wp-content\\\/uploads\\\/2023\\\/07\\\/logoquebakanenero2021.jpg\",\"contentUrl\":\"https:\\\/\\\/www.quebakan.com\\\/v15\\\/wp-content\\\/uploads\\\/2023\\\/07\\\/logoquebakanenero2021.jpg\",\"width\":1920,\"height\":1080,\"caption\":\"Quebakan.com\"},\"image\":{\"@id\":\"https:\\\/\\\/www.quebakan.com\\\/v15\\\/#\\\/schema\\\/logo\\\/image\\\/\"},\"sameAs\":[\"http:\\\/\\\/www.facebook.com\\\/quebakan\",\"https:\\\/\\\/x.com\\\/quebakanec\",\"http:\\\/\\\/www.instagram.com\\\/quebakan\",\"http:\\\/\\\/www.youtube.com\\\/quebakan1\"]},{\"@type\":\"Person\",\"@id\":\"https:\\\/\\\/www.quebakan.com\\\/v15\\\/#\\\/schema\\\/person\\\/d90fa9f9cfa81eb8ace9811e5b7b9118\",\"name\":\"Erick Villafuerte\",\"image\":{\"@type\":\"ImageObject\",\"inLanguage\":\"es\",\"@id\":\"https:\\\/\\\/www.quebakan.com\\\/v15\\\/wp-content\\\/uploads\\\/avatars\\\/4\\\/1731297654-bpfull.png\",\"url\":\"https:\\\/\\\/www.quebakan.com\\\/v15\\\/wp-content\\\/uploads\\\/avatars\\\/4\\\/1731297654-bpfull.png\",\"contentUrl\":\"https:\\\/\\\/www.quebakan.com\\\/v15\\\/wp-content\\\/uploads\\\/avatars\\\/4\\\/1731297654-bpfull.png\",\"caption\":\"Erick Villafuerte\"}}]}<\/script>\n<!-- \/ Yoast SEO plugin. -->","yoast_head_json":{"title":"Kantar Ibope Media presenta los h\u00e1bitos de consumo de los quite\u00f1os, una mirada a su relaci\u00f3n con los medios, valores y estilo de vida &#8211; QUEBAKAN.COM 2026: Noticias, Eventos, Conciertos y mucho m\u00e1s....","robots":{"index":"index","follow":"follow","max-snippet":"max-snippet:-1","max-image-preview":"max-image-preview:large","max-video-preview":"max-video-preview:-1"},"canonical":"https:\/\/www.quebakan.com\/v15\/kantar-ibope-media-presenta-los-habitos-de-consumo-de-los-quitenos-una-mirada-a-su-relacion-con-los-medios-valores-y-estilo-de-vida\/","og_locale":"es_ES","og_type":"article","og_title":"Kantar Ibope Media presenta los h\u00e1bitos de consumo de los quite\u00f1os, una mirada a su relaci\u00f3n con los medios, valores y estilo de vida &#8211; QUEBAKAN.COM 2026: Noticias, Eventos, Conciertos y mucho m\u00e1s....","og_description":"El estudio TGI de Kantar Ibope Media, empresa l\u00edder en investigaci\u00f3n de mercado, presenta datos de los h\u00e1bitos de quite\u00f1os. Kantar IBOPE Media comparte informaci\u00f3n de los quite\u00f1os mayores de 18 a\u00f1os, destacando sus h\u00e1bitos medi\u00e1ticos, valores familiares, preocupaci\u00f3n por la salud y compromiso con el medio ambiente. Este an\u00e1lisis, basado en el estudio\u00a0Target Group [&hellip;]","og_url":"https:\/\/www.quebakan.com\/v15\/kantar-ibope-media-presenta-los-habitos-de-consumo-de-los-quitenos-una-mirada-a-su-relacion-con-los-medios-valores-y-estilo-de-vida\/","og_site_name":"QUEBAKAN.COM 2026: Noticias, Eventos, Conciertos y mucho m\u00e1s....","article_publisher":"http:\/\/www.facebook.com\/quebakan","article_published_time":"2024-12-07T02:12:51+00:00","og_image":[{"width":467,"height":700,"url":"https:\/\/www.quebakan.com\/v15\/wp-content\/uploads\/2024\/12\/QUITO-2.jpg","type":"image\/jpeg"}],"author":"Erick Villafuerte","twitter_card":"summary_large_image","twitter_creator":"@quebakanec","twitter_site":"@quebakanec","twitter_misc":{"Escrito por":"Erick Villafuerte","Tiempo de lectura":"3 minutos"},"schema":{"@context":"https:\/\/schema.org","@graph":[{"@type":"Article","@id":"https:\/\/www.quebakan.com\/v15\/kantar-ibope-media-presenta-los-habitos-de-consumo-de-los-quitenos-una-mirada-a-su-relacion-con-los-medios-valores-y-estilo-de-vida\/#article","isPartOf":{"@id":"https:\/\/www.quebakan.com\/v15\/kantar-ibope-media-presenta-los-habitos-de-consumo-de-los-quitenos-una-mirada-a-su-relacion-con-los-medios-valores-y-estilo-de-vida\/"},"author":{"name":"Erick Villafuerte","@id":"https:\/\/www.quebakan.com\/v15\/#\/schema\/person\/d90fa9f9cfa81eb8ace9811e5b7b9118"},"headline":"Kantar Ibope Media presenta los h\u00e1bitos de consumo de los quite\u00f1os, una mirada a su relaci\u00f3n con los medios, valores y estilo de vida","datePublished":"2024-12-07T02:12:51+00:00","mainEntityOfPage":{"@id":"https:\/\/www.quebakan.com\/v15\/kantar-ibope-media-presenta-los-habitos-de-consumo-de-los-quitenos-una-mirada-a-su-relacion-con-los-medios-valores-y-estilo-de-vida\/"},"wordCount":448,"commentCount":0,"publisher":{"@id":"https:\/\/www.quebakan.com\/v15\/#organization"},"image":{"@id":"https:\/\/www.quebakan.com\/v15\/kantar-ibope-media-presenta-los-habitos-de-consumo-de-los-quitenos-una-mirada-a-su-relacion-con-los-medios-valores-y-estilo-de-vida\/#primaryimage"},"thumbnailUrl":"https:\/\/www.quebakan.com\/v15\/wp-content\/uploads\/2024\/12\/QUITO-2.jpg","articleSection":["Noticias"],"inLanguage":"es"},{"@type":"WebPage","@id":"https:\/\/www.quebakan.com\/v15\/kantar-ibope-media-presenta-los-habitos-de-consumo-de-los-quitenos-una-mirada-a-su-relacion-con-los-medios-valores-y-estilo-de-vida\/","url":"https:\/\/www.quebakan.com\/v15\/kantar-ibope-media-presenta-los-habitos-de-consumo-de-los-quitenos-una-mirada-a-su-relacion-con-los-medios-valores-y-estilo-de-vida\/","name":"Kantar Ibope Media presenta los h\u00e1bitos de consumo de los quite\u00f1os, una mirada a su relaci\u00f3n con los medios, valores y estilo de vida &#8211; QUEBAKAN.COM 2026: Noticias, Eventos, Conciertos y mucho m\u00e1s....","isPartOf":{"@id":"https:\/\/www.quebakan.com\/v15\/#website"},"primaryImageOfPage":{"@id":"https:\/\/www.quebakan.com\/v15\/kantar-ibope-media-presenta-los-habitos-de-consumo-de-los-quitenos-una-mirada-a-su-relacion-con-los-medios-valores-y-estilo-de-vida\/#primaryimage"},"image":{"@id":"https:\/\/www.quebakan.com\/v15\/kantar-ibope-media-presenta-los-habitos-de-consumo-de-los-quitenos-una-mirada-a-su-relacion-con-los-medios-valores-y-estilo-de-vida\/#primaryimage"},"thumbnailUrl":"https:\/\/www.quebakan.com\/v15\/wp-content\/uploads\/2024\/12\/QUITO-2.jpg","datePublished":"2024-12-07T02:12:51+00:00","breadcrumb":{"@id":"https:\/\/www.quebakan.com\/v15\/kantar-ibope-media-presenta-los-habitos-de-consumo-de-los-quitenos-una-mirada-a-su-relacion-con-los-medios-valores-y-estilo-de-vida\/#breadcrumb"},"inLanguage":"es","potentialAction":[{"@type":"ReadAction","target":["https:\/\/www.quebakan.com\/v15\/kantar-ibope-media-presenta-los-habitos-de-consumo-de-los-quitenos-una-mirada-a-su-relacion-con-los-medios-valores-y-estilo-de-vida\/"]}]},{"@type":"ImageObject","inLanguage":"es","@id":"https:\/\/www.quebakan.com\/v15\/kantar-ibope-media-presenta-los-habitos-de-consumo-de-los-quitenos-una-mirada-a-su-relacion-con-los-medios-valores-y-estilo-de-vida\/#primaryimage","url":"https:\/\/www.quebakan.com\/v15\/wp-content\/uploads\/2024\/12\/QUITO-2.jpg","contentUrl":"https:\/\/www.quebakan.com\/v15\/wp-content\/uploads\/2024\/12\/QUITO-2.jpg","width":467,"height":700},{"@type":"BreadcrumbList","@id":"https:\/\/www.quebakan.com\/v15\/kantar-ibope-media-presenta-los-habitos-de-consumo-de-los-quitenos-una-mirada-a-su-relacion-con-los-medios-valores-y-estilo-de-vida\/#breadcrumb","itemListElement":[{"@type":"ListItem","position":1,"name":"Portada","item":"https:\/\/www.quebakan.com\/v15\/"},{"@type":"ListItem","position":2,"name":"Kantar Ibope Media presenta los h\u00e1bitos de consumo de los quite\u00f1os, una mirada a su relaci\u00f3n con los medios, valores y estilo de vida"}]},{"@type":"WebSite","@id":"https:\/\/www.quebakan.com\/v15\/#website","url":"https:\/\/www.quebakan.com\/v15\/","name":"QUEBAKAN","description":"..","publisher":{"@id":"https:\/\/www.quebakan.com\/v15\/#organization"},"potentialAction":[{"@type":"SearchAction","target":{"@type":"EntryPoint","urlTemplate":"https:\/\/www.quebakan.com\/v15\/?s={search_term_string}"},"query-input":{"@type":"PropertyValueSpecification","valueRequired":true,"valueName":"search_term_string"}}],"inLanguage":"es"},{"@type":"Organization","@id":"https:\/\/www.quebakan.com\/v15\/#organization","name":"Quebakan.com","url":"https:\/\/www.quebakan.com\/v15\/","logo":{"@type":"ImageObject","inLanguage":"es","@id":"https:\/\/www.quebakan.com\/v15\/#\/schema\/logo\/image\/","url":"https:\/\/www.quebakan.com\/v15\/wp-content\/uploads\/2023\/07\/logoquebakanenero2021.jpg","contentUrl":"https:\/\/www.quebakan.com\/v15\/wp-content\/uploads\/2023\/07\/logoquebakanenero2021.jpg","width":1920,"height":1080,"caption":"Quebakan.com"},"image":{"@id":"https:\/\/www.quebakan.com\/v15\/#\/schema\/logo\/image\/"},"sameAs":["http:\/\/www.facebook.com\/quebakan","https:\/\/x.com\/quebakanec","http:\/\/www.instagram.com\/quebakan","http:\/\/www.youtube.com\/quebakan1"]},{"@type":"Person","@id":"https:\/\/www.quebakan.com\/v15\/#\/schema\/person\/d90fa9f9cfa81eb8ace9811e5b7b9118","name":"Erick Villafuerte","image":{"@type":"ImageObject","inLanguage":"es","@id":"https:\/\/www.quebakan.com\/v15\/wp-content\/uploads\/avatars\/4\/1731297654-bpfull.png","url":"https:\/\/www.quebakan.com\/v15\/wp-content\/uploads\/avatars\/4\/1731297654-bpfull.png","contentUrl":"https:\/\/www.quebakan.com\/v15\/wp-content\/uploads\/avatars\/4\/1731297654-bpfull.png","caption":"Erick Villafuerte"}}]}},"_links":{"self":[{"href":"https:\/\/www.quebakan.com\/v15\/wp-json\/wp\/v2\/posts\/126842","targetHints":{"allow":["GET"]}}],"collection":[{"href":"https:\/\/www.quebakan.com\/v15\/wp-json\/wp\/v2\/posts"}],"about":[{"href":"https:\/\/www.quebakan.com\/v15\/wp-json\/wp\/v2\/types\/post"}],"author":[{"embeddable":true,"href":"https:\/\/www.quebakan.com\/v15\/wp-json\/wp\/v2\/users\/4"}],"replies":[{"embeddable":true,"href":"https:\/\/www.quebakan.com\/v15\/wp-json\/wp\/v2\/comments?post=126842"}],"version-history":[{"count":1,"href":"https:\/\/www.quebakan.com\/v15\/wp-json\/wp\/v2\/posts\/126842\/revisions"}],"predecessor-version":[{"id":126845,"href":"https:\/\/www.quebakan.com\/v15\/wp-json\/wp\/v2\/posts\/126842\/revisions\/126845"}],"wp:featuredmedia":[{"embeddable":true,"href":"https:\/\/www.quebakan.com\/v15\/wp-json\/wp\/v2\/media\/126844"}],"wp:attachment":[{"href":"https:\/\/www.quebakan.com\/v15\/wp-json\/wp\/v2\/media?parent=126842"}],"wp:term":[{"taxonomy":"category","embeddable":true,"href":"https:\/\/www.quebakan.com\/v15\/wp-json\/wp\/v2\/categories?post=126842"},{"taxonomy":"post_tag","embeddable":true,"href":"https:\/\/www.quebakan.com\/v15\/wp-json\/wp\/v2\/tags?post=126842"}],"curies":[{"name":"wp","href":"https:\/\/api.w.org\/{rel}","templated":true}]}}