{"id":126846,"date":"2024-12-06T21:25:39","date_gmt":"2024-12-07T02:25:39","guid":{"rendered":"https:\/\/www.quebakan.com\/v15\/?p=126846"},"modified":"2024-12-06T21:25:39","modified_gmt":"2024-12-07T02:25:39","slug":"patricio-lopez-triunfa-en-el-festival-de-san-remo-senior","status":"publish","type":"post","link":"https:\/\/www.quebakan.com\/v15\/patricio-lopez-triunfa-en-el-festival-de-san-remo-senior\/","title":{"rendered":"PATRICIO L\u00d3PEZ TRIUNFA EN EL FESTIVAL DE SAN REMO SENIOR"},"content":{"rendered":"<p><img fetchpriority=\"high\" decoding=\"async\" class=\"aligncenter size-full wp-image-126847\" src=\"https:\/\/www.quebakan.com\/v15\/wp-content\/uploads\/2024\/12\/Patricio-Lopez-cantando.jpg\" alt=\"\" width=\"700\" height=\"466\" \/><\/p>\n<p style=\"text-align: justify;\"><span style=\"color: #000000;\">Es un orgullo para el Ecuador y para la ciudad de Guayaquil, que Patricio L\u00f3pez, <strong>artista<\/strong> <strong>ecuatoriano<\/strong>, haya logrado un <strong>destacado segundo lugar<\/strong> en la Final del Festival de San Remo.<\/span><\/p>\n<p style=\"text-align: justify;\"><span style=\"color: #000000;\">La trayectoria y desaf\u00edo del artista en el Festival fue verdaderamente impresionante, dejando plasmado en el escenario una presentaci\u00f3n impecable<\/span><\/p>\n<p style=\"text-align: justify;\"><span style=\"color: #000000;\">En una primera instancia, <strong>se destac\u00f3<\/strong> entre m\u00e1s de <strong>1000 competidores<\/strong> en la semifinal, demostrando su talento y habilidad para llegar a la siguiente instancia.<\/span><\/p>\n<p style=\"text-align: justify;\"><span style=\"color: #000000;\">En la Final, Patricio L\u00f3pez se <strong>enfrent\u00f3<\/strong> a <strong>m\u00e1s de 30 artistas de alta calidad<\/strong>, y con su presentaci\u00f3n en el Teatro del Casino de San Remo, logr\u00f3 conquistar al p\u00fablico y al jurado, quedando en un merecido <strong>segundo lugar<\/strong>.<\/span><\/p>\n<p style=\"text-align: justify;\"><span style=\"color: #000000;\">El Festival de San Remo es un evento anual que re\u00fane a artistas de todo el mundo para celebrar la m\u00fasica, la cultura y la creatividad. Patricio L\u00f3pez se present\u00f3 en el Teatro del Casino de San Remo, un emblem\u00e1tico escenario que ha acogido a algunos de los m\u00e1s grandes nombres de la m\u00fasica.<\/span><\/p>\n<p><img decoding=\"async\" class=\"aligncenter size-full wp-image-126848\" src=\"https:\/\/www.quebakan.com\/v15\/wp-content\/uploads\/2024\/12\/Cantante-Patricio-Lopez.jpg\" alt=\"\" width=\"700\" height=\"466\" \/><\/p>\n<p>&nbsp;<\/p>\n<p><img decoding=\"async\" class=\"aligncenter size-full wp-image-126849\" src=\"https:\/\/www.quebakan.com\/v15\/wp-content\/uploads\/2024\/12\/Patricio-lopez-y-su-premio.jpg\" alt=\"\" width=\"700\" height=\"466\" \/><\/p>\n<p>&nbsp;<\/p>\n<p><img loading=\"lazy\" decoding=\"async\" class=\"aligncenter size-full wp-image-126850\" src=\"https:\/\/www.quebakan.com\/v15\/wp-content\/uploads\/2024\/12\/Premio-a-Patricio-Lopez.jpg\" alt=\"\" width=\"700\" height=\"466\" \/><\/p>\n","protected":false},"excerpt":{"rendered":"<p>Es un orgullo para el Ecuador y para la ciudad de Guayaquil, que Patricio L\u00f3pez, artista ecuatoriano, haya logrado un destacado segundo lugar en la Final del Festival de San Remo. La trayectoria y desaf\u00edo del artista en el Festival fue verdaderamente impresionante, dejando plasmado en el escenario una presentaci\u00f3n impecable En una primera instancia, [&hellip;]<\/p>\n","protected":false},"author":4,"featured_media":126847,"comment_status":"open","ping_status":"open","sticky":false,"template":"","format":"standard","meta":{"_bbp_topic_count":0,"_bbp_reply_count":0,"_bbp_total_topic_count":0,"_bbp_total_reply_count":0,"_bbp_voice_count":0,"_bbp_anonymous_reply_count":0,"_bbp_topic_count_hidden":0,"_bbp_reply_count_hidden":0,"_bbp_forum_subforum_count":0,"buzzeditor_post_format":"","footnotes":""},"categories":[2],"tags":[],"class_list":["post-126846","post","type-post","status-publish","format-standard","has-post-thumbnail","hentry","category-noticias"],"yoast_head":"<!-- This site is optimized with the Yoast SEO plugin v27.5 - https:\/\/yoast.com\/product\/yoast-seo-wordpress\/ -->\n<title>PATRICIO L\u00d3PEZ TRIUNFA EN EL FESTIVAL DE SAN REMO SENIOR &#8211; QUEBAKAN.COM 2026: Noticias, Eventos, Conciertos y mucho m\u00e1s....<\/title>\n<meta name=\"robots\" content=\"index, follow, max-snippet:-1, max-image-preview:large, max-video-preview:-1\" \/>\n<link rel=\"canonical\" href=\"https:\/\/www.quebakan.com\/v15\/patricio-lopez-triunfa-en-el-festival-de-san-remo-senior\/\" \/>\n<meta property=\"og:locale\" content=\"es_ES\" \/>\n<meta property=\"og:type\" content=\"article\" \/>\n<meta property=\"og:title\" content=\"PATRICIO L\u00d3PEZ TRIUNFA EN EL FESTIVAL DE SAN REMO SENIOR &#8211; QUEBAKAN.COM 2026: Noticias, Eventos, Conciertos y mucho m\u00e1s....\" \/>\n<meta property=\"og:description\" content=\"Es un orgullo para el Ecuador y para la ciudad de Guayaquil, que Patricio L\u00f3pez, artista ecuatoriano, haya logrado un destacado segundo lugar en la Final del Festival de San Remo. La trayectoria y desaf\u00edo del artista en el Festival fue verdaderamente impresionante, dejando plasmado en el escenario una presentaci\u00f3n impecable En una primera instancia, [&hellip;]\" \/>\n<meta property=\"og:url\" content=\"https:\/\/www.quebakan.com\/v15\/patricio-lopez-triunfa-en-el-festival-de-san-remo-senior\/\" \/>\n<meta property=\"og:site_name\" content=\"QUEBAKAN.COM 2026: Noticias, Eventos, Conciertos y mucho m\u00e1s....\" \/>\n<meta property=\"article:publisher\" content=\"http:\/\/www.facebook.com\/quebakan\" \/>\n<meta property=\"article:published_time\" content=\"2024-12-07T02:25:39+00:00\" \/>\n<meta property=\"og:image\" content=\"https:\/\/www.quebakan.com\/v15\/wp-content\/uploads\/2024\/12\/Patricio-Lopez-cantando.jpg\" \/>\n\t<meta property=\"og:image:width\" content=\"700\" \/>\n\t<meta property=\"og:image:height\" content=\"466\" \/>\n\t<meta property=\"og:image:type\" content=\"image\/jpeg\" \/>\n<meta name=\"author\" content=\"Erick Villafuerte\" \/>\n<meta name=\"twitter:card\" content=\"summary_large_image\" \/>\n<meta name=\"twitter:creator\" content=\"@quebakanec\" \/>\n<meta name=\"twitter:site\" content=\"@quebakanec\" \/>\n<meta name=\"twitter:label1\" content=\"Escrito por\" \/>\n\t<meta name=\"twitter:data1\" content=\"Erick Villafuerte\" \/>\n\t<meta name=\"twitter:label2\" content=\"Tiempo de lectura\" \/>\n\t<meta name=\"twitter:data2\" content=\"2 minutos\" \/>\n<script type=\"application\/ld+json\" class=\"yoast-schema-graph\">{\"@context\":\"https:\\\/\\\/schema.org\",\"@graph\":[{\"@type\":\"Article\",\"@id\":\"https:\\\/\\\/www.quebakan.com\\\/v15\\\/patricio-lopez-triunfa-en-el-festival-de-san-remo-senior\\\/#article\",\"isPartOf\":{\"@id\":\"https:\\\/\\\/www.quebakan.com\\\/v15\\\/patricio-lopez-triunfa-en-el-festival-de-san-remo-senior\\\/\"},\"author\":{\"name\":\"Erick Villafuerte\",\"@id\":\"https:\\\/\\\/www.quebakan.com\\\/v15\\\/#\\\/schema\\\/person\\\/d90fa9f9cfa81eb8ace9811e5b7b9118\"},\"headline\":\"PATRICIO L\u00d3PEZ TRIUNFA EN EL FESTIVAL DE SAN REMO SENIOR\",\"datePublished\":\"2024-12-07T02:25:39+00:00\",\"mainEntityOfPage\":{\"@id\":\"https:\\\/\\\/www.quebakan.com\\\/v15\\\/patricio-lopez-triunfa-en-el-festival-de-san-remo-senior\\\/\"},\"wordCount\":195,\"commentCount\":0,\"publisher\":{\"@id\":\"https:\\\/\\\/www.quebakan.com\\\/v15\\\/#organization\"},\"image\":{\"@id\":\"https:\\\/\\\/www.quebakan.com\\\/v15\\\/patricio-lopez-triunfa-en-el-festival-de-san-remo-senior\\\/#primaryimage\"},\"thumbnailUrl\":\"https:\\\/\\\/www.quebakan.com\\\/v15\\\/wp-content\\\/uploads\\\/2024\\\/12\\\/Patricio-Lopez-cantando.jpg\",\"articleSection\":[\"Noticias\"],\"inLanguage\":\"es\"},{\"@type\":\"WebPage\",\"@id\":\"https:\\\/\\\/www.quebakan.com\\\/v15\\\/patricio-lopez-triunfa-en-el-festival-de-san-remo-senior\\\/\",\"url\":\"https:\\\/\\\/www.quebakan.com\\\/v15\\\/patricio-lopez-triunfa-en-el-festival-de-san-remo-senior\\\/\",\"name\":\"PATRICIO L\u00d3PEZ TRIUNFA EN EL FESTIVAL DE SAN REMO SENIOR &#8211; QUEBAKAN.COM 2026: Noticias, Eventos, Conciertos y mucho m\u00e1s....\",\"isPartOf\":{\"@id\":\"https:\\\/\\\/www.quebakan.com\\\/v15\\\/#website\"},\"primaryImageOfPage\":{\"@id\":\"https:\\\/\\\/www.quebakan.com\\\/v15\\\/patricio-lopez-triunfa-en-el-festival-de-san-remo-senior\\\/#primaryimage\"},\"image\":{\"@id\":\"https:\\\/\\\/www.quebakan.com\\\/v15\\\/patricio-lopez-triunfa-en-el-festival-de-san-remo-senior\\\/#primaryimage\"},\"thumbnailUrl\":\"https:\\\/\\\/www.quebakan.com\\\/v15\\\/wp-content\\\/uploads\\\/2024\\\/12\\\/Patricio-Lopez-cantando.jpg\",\"datePublished\":\"2024-12-07T02:25:39+00:00\",\"breadcrumb\":{\"@id\":\"https:\\\/\\\/www.quebakan.com\\\/v15\\\/patricio-lopez-triunfa-en-el-festival-de-san-remo-senior\\\/#breadcrumb\"},\"inLanguage\":\"es\",\"potentialAction\":[{\"@type\":\"ReadAction\",\"target\":[\"https:\\\/\\\/www.quebakan.com\\\/v15\\\/patricio-lopez-triunfa-en-el-festival-de-san-remo-senior\\\/\"]}]},{\"@type\":\"ImageObject\",\"inLanguage\":\"es\",\"@id\":\"https:\\\/\\\/www.quebakan.com\\\/v15\\\/patricio-lopez-triunfa-en-el-festival-de-san-remo-senior\\\/#primaryimage\",\"url\":\"https:\\\/\\\/www.quebakan.com\\\/v15\\\/wp-content\\\/uploads\\\/2024\\\/12\\\/Patricio-Lopez-cantando.jpg\",\"contentUrl\":\"https:\\\/\\\/www.quebakan.com\\\/v15\\\/wp-content\\\/uploads\\\/2024\\\/12\\\/Patricio-Lopez-cantando.jpg\",\"width\":700,\"height\":466},{\"@type\":\"BreadcrumbList\",\"@id\":\"https:\\\/\\\/www.quebakan.com\\\/v15\\\/patricio-lopez-triunfa-en-el-festival-de-san-remo-senior\\\/#breadcrumb\",\"itemListElement\":[{\"@type\":\"ListItem\",\"position\":1,\"name\":\"Portada\",\"item\":\"https:\\\/\\\/www.quebakan.com\\\/v15\\\/\"},{\"@type\":\"ListItem\",\"position\":2,\"name\":\"PATRICIO L\u00d3PEZ TRIUNFA EN EL FESTIVAL DE SAN REMO SENIOR\"}]},{\"@type\":\"WebSite\",\"@id\":\"https:\\\/\\\/www.quebakan.com\\\/v15\\\/#website\",\"url\":\"https:\\\/\\\/www.quebakan.com\\\/v15\\\/\",\"name\":\"QUEBAKAN\",\"description\":\"..\",\"publisher\":{\"@id\":\"https:\\\/\\\/www.quebakan.com\\\/v15\\\/#organization\"},\"potentialAction\":[{\"@type\":\"SearchAction\",\"target\":{\"@type\":\"EntryPoint\",\"urlTemplate\":\"https:\\\/\\\/www.quebakan.com\\\/v15\\\/?s={search_term_string}\"},\"query-input\":{\"@type\":\"PropertyValueSpecification\",\"valueRequired\":true,\"valueName\":\"search_term_string\"}}],\"inLanguage\":\"es\"},{\"@type\":\"Organization\",\"@id\":\"https:\\\/\\\/www.quebakan.com\\\/v15\\\/#organization\",\"name\":\"Quebakan.com\",\"url\":\"https:\\\/\\\/www.quebakan.com\\\/v15\\\/\",\"logo\":{\"@type\":\"ImageObject\",\"inLanguage\":\"es\",\"@id\":\"https:\\\/\\\/www.quebakan.com\\\/v15\\\/#\\\/schema\\\/logo\\\/image\\\/\",\"url\":\"https:\\\/\\\/www.quebakan.com\\\/v15\\\/wp-content\\\/uploads\\\/2023\\\/07\\\/logoquebakanenero2021.jpg\",\"contentUrl\":\"https:\\\/\\\/www.quebakan.com\\\/v15\\\/wp-content\\\/uploads\\\/2023\\\/07\\\/logoquebakanenero2021.jpg\",\"width\":1920,\"height\":1080,\"caption\":\"Quebakan.com\"},\"image\":{\"@id\":\"https:\\\/\\\/www.quebakan.com\\\/v15\\\/#\\\/schema\\\/logo\\\/image\\\/\"},\"sameAs\":[\"http:\\\/\\\/www.facebook.com\\\/quebakan\",\"https:\\\/\\\/x.com\\\/quebakanec\",\"http:\\\/\\\/www.instagram.com\\\/quebakan\",\"http:\\\/\\\/www.youtube.com\\\/quebakan1\"]},{\"@type\":\"Person\",\"@id\":\"https:\\\/\\\/www.quebakan.com\\\/v15\\\/#\\\/schema\\\/person\\\/d90fa9f9cfa81eb8ace9811e5b7b9118\",\"name\":\"Erick Villafuerte\",\"image\":{\"@type\":\"ImageObject\",\"inLanguage\":\"es\",\"@id\":\"https:\\\/\\\/www.quebakan.com\\\/v15\\\/wp-content\\\/uploads\\\/avatars\\\/4\\\/1731297654-bpfull.png\",\"url\":\"https:\\\/\\\/www.quebakan.com\\\/v15\\\/wp-content\\\/uploads\\\/avatars\\\/4\\\/1731297654-bpfull.png\",\"contentUrl\":\"https:\\\/\\\/www.quebakan.com\\\/v15\\\/wp-content\\\/uploads\\\/avatars\\\/4\\\/1731297654-bpfull.png\",\"caption\":\"Erick Villafuerte\"}}]}<\/script>\n<!-- \/ Yoast SEO plugin. -->","yoast_head_json":{"title":"PATRICIO L\u00d3PEZ TRIUNFA EN EL FESTIVAL DE SAN REMO SENIOR &#8211; QUEBAKAN.COM 2026: Noticias, Eventos, Conciertos y mucho m\u00e1s....","robots":{"index":"index","follow":"follow","max-snippet":"max-snippet:-1","max-image-preview":"max-image-preview:large","max-video-preview":"max-video-preview:-1"},"canonical":"https:\/\/www.quebakan.com\/v15\/patricio-lopez-triunfa-en-el-festival-de-san-remo-senior\/","og_locale":"es_ES","og_type":"article","og_title":"PATRICIO L\u00d3PEZ TRIUNFA EN EL FESTIVAL DE SAN REMO SENIOR &#8211; QUEBAKAN.COM 2026: Noticias, Eventos, Conciertos y mucho m\u00e1s....","og_description":"Es un orgullo para el Ecuador y para la ciudad de Guayaquil, que Patricio L\u00f3pez, artista ecuatoriano, haya logrado un destacado segundo lugar en la Final del Festival de San Remo. La trayectoria y desaf\u00edo del artista en el Festival fue verdaderamente impresionante, dejando plasmado en el escenario una presentaci\u00f3n impecable En una primera instancia, [&hellip;]","og_url":"https:\/\/www.quebakan.com\/v15\/patricio-lopez-triunfa-en-el-festival-de-san-remo-senior\/","og_site_name":"QUEBAKAN.COM 2026: Noticias, Eventos, Conciertos y mucho m\u00e1s....","article_publisher":"http:\/\/www.facebook.com\/quebakan","article_published_time":"2024-12-07T02:25:39+00:00","og_image":[{"width":700,"height":466,"url":"https:\/\/www.quebakan.com\/v15\/wp-content\/uploads\/2024\/12\/Patricio-Lopez-cantando.jpg","type":"image\/jpeg"}],"author":"Erick Villafuerte","twitter_card":"summary_large_image","twitter_creator":"@quebakanec","twitter_site":"@quebakanec","twitter_misc":{"Escrito por":"Erick Villafuerte","Tiempo de lectura":"2 minutos"},"schema":{"@context":"https:\/\/schema.org","@graph":[{"@type":"Article","@id":"https:\/\/www.quebakan.com\/v15\/patricio-lopez-triunfa-en-el-festival-de-san-remo-senior\/#article","isPartOf":{"@id":"https:\/\/www.quebakan.com\/v15\/patricio-lopez-triunfa-en-el-festival-de-san-remo-senior\/"},"author":{"name":"Erick Villafuerte","@id":"https:\/\/www.quebakan.com\/v15\/#\/schema\/person\/d90fa9f9cfa81eb8ace9811e5b7b9118"},"headline":"PATRICIO L\u00d3PEZ TRIUNFA EN EL FESTIVAL DE SAN REMO SENIOR","datePublished":"2024-12-07T02:25:39+00:00","mainEntityOfPage":{"@id":"https:\/\/www.quebakan.com\/v15\/patricio-lopez-triunfa-en-el-festival-de-san-remo-senior\/"},"wordCount":195,"commentCount":0,"publisher":{"@id":"https:\/\/www.quebakan.com\/v15\/#organization"},"image":{"@id":"https:\/\/www.quebakan.com\/v15\/patricio-lopez-triunfa-en-el-festival-de-san-remo-senior\/#primaryimage"},"thumbnailUrl":"https:\/\/www.quebakan.com\/v15\/wp-content\/uploads\/2024\/12\/Patricio-Lopez-cantando.jpg","articleSection":["Noticias"],"inLanguage":"es"},{"@type":"WebPage","@id":"https:\/\/www.quebakan.com\/v15\/patricio-lopez-triunfa-en-el-festival-de-san-remo-senior\/","url":"https:\/\/www.quebakan.com\/v15\/patricio-lopez-triunfa-en-el-festival-de-san-remo-senior\/","name":"PATRICIO L\u00d3PEZ TRIUNFA EN EL FESTIVAL DE SAN REMO SENIOR &#8211; QUEBAKAN.COM 2026: Noticias, Eventos, Conciertos y mucho m\u00e1s....","isPartOf":{"@id":"https:\/\/www.quebakan.com\/v15\/#website"},"primaryImageOfPage":{"@id":"https:\/\/www.quebakan.com\/v15\/patricio-lopez-triunfa-en-el-festival-de-san-remo-senior\/#primaryimage"},"image":{"@id":"https:\/\/www.quebakan.com\/v15\/patricio-lopez-triunfa-en-el-festival-de-san-remo-senior\/#primaryimage"},"thumbnailUrl":"https:\/\/www.quebakan.com\/v15\/wp-content\/uploads\/2024\/12\/Patricio-Lopez-cantando.jpg","datePublished":"2024-12-07T02:25:39+00:00","breadcrumb":{"@id":"https:\/\/www.quebakan.com\/v15\/patricio-lopez-triunfa-en-el-festival-de-san-remo-senior\/#breadcrumb"},"inLanguage":"es","potentialAction":[{"@type":"ReadAction","target":["https:\/\/www.quebakan.com\/v15\/patricio-lopez-triunfa-en-el-festival-de-san-remo-senior\/"]}]},{"@type":"ImageObject","inLanguage":"es","@id":"https:\/\/www.quebakan.com\/v15\/patricio-lopez-triunfa-en-el-festival-de-san-remo-senior\/#primaryimage","url":"https:\/\/www.quebakan.com\/v15\/wp-content\/uploads\/2024\/12\/Patricio-Lopez-cantando.jpg","contentUrl":"https:\/\/www.quebakan.com\/v15\/wp-content\/uploads\/2024\/12\/Patricio-Lopez-cantando.jpg","width":700,"height":466},{"@type":"BreadcrumbList","@id":"https:\/\/www.quebakan.com\/v15\/patricio-lopez-triunfa-en-el-festival-de-san-remo-senior\/#breadcrumb","itemListElement":[{"@type":"ListItem","position":1,"name":"Portada","item":"https:\/\/www.quebakan.com\/v15\/"},{"@type":"ListItem","position":2,"name":"PATRICIO L\u00d3PEZ TRIUNFA EN EL FESTIVAL DE SAN REMO SENIOR"}]},{"@type":"WebSite","@id":"https:\/\/www.quebakan.com\/v15\/#website","url":"https:\/\/www.quebakan.com\/v15\/","name":"QUEBAKAN","description":"..","publisher":{"@id":"https:\/\/www.quebakan.com\/v15\/#organization"},"potentialAction":[{"@type":"SearchAction","target":{"@type":"EntryPoint","urlTemplate":"https:\/\/www.quebakan.com\/v15\/?s={search_term_string}"},"query-input":{"@type":"PropertyValueSpecification","valueRequired":true,"valueName":"search_term_string"}}],"inLanguage":"es"},{"@type":"Organization","@id":"https:\/\/www.quebakan.com\/v15\/#organization","name":"Quebakan.com","url":"https:\/\/www.quebakan.com\/v15\/","logo":{"@type":"ImageObject","inLanguage":"es","@id":"https:\/\/www.quebakan.com\/v15\/#\/schema\/logo\/image\/","url":"https:\/\/www.quebakan.com\/v15\/wp-content\/uploads\/2023\/07\/logoquebakanenero2021.jpg","contentUrl":"https:\/\/www.quebakan.com\/v15\/wp-content\/uploads\/2023\/07\/logoquebakanenero2021.jpg","width":1920,"height":1080,"caption":"Quebakan.com"},"image":{"@id":"https:\/\/www.quebakan.com\/v15\/#\/schema\/logo\/image\/"},"sameAs":["http:\/\/www.facebook.com\/quebakan","https:\/\/x.com\/quebakanec","http:\/\/www.instagram.com\/quebakan","http:\/\/www.youtube.com\/quebakan1"]},{"@type":"Person","@id":"https:\/\/www.quebakan.com\/v15\/#\/schema\/person\/d90fa9f9cfa81eb8ace9811e5b7b9118","name":"Erick Villafuerte","image":{"@type":"ImageObject","inLanguage":"es","@id":"https:\/\/www.quebakan.com\/v15\/wp-content\/uploads\/avatars\/4\/1731297654-bpfull.png","url":"https:\/\/www.quebakan.com\/v15\/wp-content\/uploads\/avatars\/4\/1731297654-bpfull.png","contentUrl":"https:\/\/www.quebakan.com\/v15\/wp-content\/uploads\/avatars\/4\/1731297654-bpfull.png","caption":"Erick Villafuerte"}}]}},"_links":{"self":[{"href":"https:\/\/www.quebakan.com\/v15\/wp-json\/wp\/v2\/posts\/126846","targetHints":{"allow":["GET"]}}],"collection":[{"href":"https:\/\/www.quebakan.com\/v15\/wp-json\/wp\/v2\/posts"}],"about":[{"href":"https:\/\/www.quebakan.com\/v15\/wp-json\/wp\/v2\/types\/post"}],"author":[{"embeddable":true,"href":"https:\/\/www.quebakan.com\/v15\/wp-json\/wp\/v2\/users\/4"}],"replies":[{"embeddable":true,"href":"https:\/\/www.quebakan.com\/v15\/wp-json\/wp\/v2\/comments?post=126846"}],"version-history":[{"count":1,"href":"https:\/\/www.quebakan.com\/v15\/wp-json\/wp\/v2\/posts\/126846\/revisions"}],"predecessor-version":[{"id":126851,"href":"https:\/\/www.quebakan.com\/v15\/wp-json\/wp\/v2\/posts\/126846\/revisions\/126851"}],"wp:featuredmedia":[{"embeddable":true,"href":"https:\/\/www.quebakan.com\/v15\/wp-json\/wp\/v2\/media\/126847"}],"wp:attachment":[{"href":"https:\/\/www.quebakan.com\/v15\/wp-json\/wp\/v2\/media?parent=126846"}],"wp:term":[{"taxonomy":"category","embeddable":true,"href":"https:\/\/www.quebakan.com\/v15\/wp-json\/wp\/v2\/categories?post=126846"},{"taxonomy":"post_tag","embeddable":true,"href":"https:\/\/www.quebakan.com\/v15\/wp-json\/wp\/v2\/tags?post=126846"}],"curies":[{"name":"wp","href":"https:\/\/api.w.org\/{rel}","templated":true}]}}