{"id":127024,"date":"2024-12-12T00:15:17","date_gmt":"2024-12-12T05:15:17","guid":{"rendered":"https:\/\/www.quebakan.com\/v15\/?p=127024"},"modified":"2024-12-12T00:15:17","modified_gmt":"2024-12-12T05:15:17","slug":"papa-johns-celebra-10-anos-de-su-campana-social-a-favor-de-la-ninez-del-ecuador","status":"publish","type":"post","link":"https:\/\/www.quebakan.com\/v15\/papa-johns-celebra-10-anos-de-su-campana-social-a-favor-de-la-ninez-del-ecuador\/","title":{"rendered":"Papa Johns celebra 10 a\u00f1os de su campa\u00f1a social a favor de la ni\u00f1ez del Ecuador"},"content":{"rendered":"<p><img fetchpriority=\"high\" decoding=\"async\" class=\"aligncenter size-full wp-image-127025\" src=\"https:\/\/www.quebakan.com\/v15\/wp-content\/uploads\/2024\/12\/IMG_20241209_104148-copia.jpg\" alt=\"\" width=\"526\" height=\"700\" \/><\/p>\n<p style=\"text-align: justify;\"><span style=\"color: #000000;\"><strong><em>En la foto: <\/em><\/strong><em>Jalal Dubois, vocero oficial de Pizza Day 2024, Marco Torres, Gerente de Marketing de Papa Johns y Elizabeth Moreno, directora general del Albergue San Juan de Dios.<\/em><\/span><\/p>\n<ul style=\"text-align: justify;\">\n<li><span style=\"color: #000000;\"><em>Se parte del Pizza Day 2024 y apoya a 10 fundaciones ecuatorianas.<\/em><\/span><\/li>\n<li><span style=\"color: #000000;\"><em>Pedidos por delivery, m\u00ednimo dos pizzas una de jam\u00f3n y una de pomodoro.<\/em><\/span><\/li>\n<\/ul>\n<p style=\"text-align: justify;\"><span style=\"color: #000000;\"><strong>Ecuador, diciembre 2024.-<\/strong> Han transcurrido 10 a\u00f1os desde el primer Pizza Day de Papa Johns, una d\u00e9cada dedicada a ayudar, cambiar vidas y trabajar incansablemente, gracias al compromiso de nuestros colaboradores y la visi\u00f3n de nuestra empresa.<\/span><\/p>\n<p style=\"text-align: justify;\"><span style=\"color: #000000;\">A lo largo de este tiempo, y con el invaluable apoyo de la ciudadan\u00eda, el Pizza Day de Papa Johns se ha consolidado como un verdadero s\u00edmbolo de ayuda y esperanza, impactando positivamente en la vida de m\u00e1s de 6,000 ni\u00f1os de 26 fundaciones en todo el Ecuador.<\/span><\/p>\n<p style=\"text-align: justify;\"><span style=\"color: #000000;\">Marco Torres, gerente de marketing de Papa Johns, destaca<em>: \u201cEste 2024 cumplimos una d\u00e9cada de incansable labor a favor de la ni\u00f1ez del Ecuador; tan comprometidos estamos que incorporamos un Pizza Day en junio y continuamos con el tradicional Pizza Day de diciembre. Cabe recalcar que cada uno de los colaboradores estamos orgullosos de ser parte de la familia de Papa Johns y de brindar nuestro granito de arena trabajando arduamente en esta ocasi\u00f3n los d\u00edas 16 y 23 de diciembre y llegar a ni\u00f1os de escasos recursos a trav\u00e9s de 10 fundaciones del pa\u00eds. Hoy, trabajamos por esta noble causa bajo el lema<strong>: \u00a1Con tu mano y la m\u00eda hacemos de este un gran d\u00eda!<\/strong> Ya que la campa\u00f1a no puede ser exitosa sin la ayuda de la comunidad\u201d.<\/em><\/span><\/p>\n<p style=\"text-align: justify;\"><span style=\"color: #000000;\">Torres tambi\u00e9n enfatiza los objetivos de este a\u00f1o: <em>\u201cNos hemos propuesto metas claras y ambiciosas: fortalecer en los corazones de ecuatorianos y extranjeros nuestra campa\u00f1a y alcanzar la meta de 60,000 pizzas\u201d.<\/em><\/span><\/p>\n<p style=\"text-align: justify;\"><span style=\"color: #000000;\">Es importante recordar que toda la utilidad recaudada ser\u00e1 destinada a 10 fundaciones amigas: En Guayaquil, la Fundaci\u00f3n Albergue para Ni\u00f1os Oncol\u00f3gicos \u2013 FANO; Quito, la Casa Hogar San Juan de Dios; Ambato, Proyecto Salesiano; Santo Domingo, Fundaci\u00f3n Ni\u00f1o Moi 23; Manta \/ Portoviejo, Fundaci\u00f3n Shekinah; Cuenca, Fundaci\u00f3n Amaru; Machala, Fundaci\u00f3n Mundo Inclusivo; Loja, Casa Hogar Mar\u00eda Bordoni; Quevedo, Fundaci\u00f3n Amigos por Siempre; y, Milagro, Asociaci\u00f3n de Voluntarias del INNFA.<\/span><\/p>\n<p style=\"text-align: justify;\"><span style=\"color: #000000;\">Son dos d\u00edas para colaborar y saborear la mejor pizza con los mejores ingredientes 16 y 23 de diciembre del a\u00f1o en curso, a partir de las 12h00 hasta agotar stock. Se receptar\u00e1n los pedidos de pizzas familiares de jam\u00f3n y pomodoro, a trav\u00e9s del servicio de domicilio en todos los locales de la franquicia ubicados en las ciudades de: Quito, Guayaquil, Cuenca, Machala, Portoviejo, Manta, Ambato, Santo Domingo, Quevedo, Loja y Milagro; y as\u00ed tambi\u00e9n, desde las aplicaciones de delivery: PedidosYa y Rappi.<\/span><\/p>\n<p style=\"text-align: justify;\"><span style=\"color: #000000;\">Pizza Day, \u00a1Con tu mano y la m\u00eda hacemos de este un gran d\u00eda!<\/span><\/p>\n<p><img decoding=\"async\" class=\"aligncenter size-full wp-image-127026\" src=\"https:\/\/www.quebakan.com\/v15\/wp-content\/uploads\/2024\/12\/papa1.jpg\" alt=\"\" width=\"595\" height=\"932\" \/><\/p>\n","protected":false},"excerpt":{"rendered":"<p>En la foto: Jalal Dubois, vocero oficial de Pizza Day 2024, Marco Torres, Gerente de Marketing de Papa Johns y Elizabeth Moreno, directora general del Albergue San Juan de Dios. Se parte del Pizza Day 2024 y apoya a 10 fundaciones ecuatorianas. Pedidos por delivery, m\u00ednimo dos pizzas una de jam\u00f3n y una de pomodoro. [&hellip;]<\/p>\n","protected":false},"author":4,"featured_media":127026,"comment_status":"open","ping_status":"open","sticky":false,"template":"","format":"standard","meta":{"_bbp_topic_count":0,"_bbp_reply_count":0,"_bbp_total_topic_count":0,"_bbp_total_reply_count":0,"_bbp_voice_count":0,"_bbp_anonymous_reply_count":0,"_bbp_topic_count_hidden":0,"_bbp_reply_count_hidden":0,"_bbp_forum_subforum_count":0,"buzzeditor_post_format":"","footnotes":""},"categories":[2],"tags":[],"class_list":["post-127024","post","type-post","status-publish","format-standard","has-post-thumbnail","hentry","category-noticias"],"yoast_head":"<!-- This site is optimized with the Yoast SEO plugin v27.5 - https:\/\/yoast.com\/product\/yoast-seo-wordpress\/ -->\n<title>Papa Johns celebra 10 a\u00f1os de su campa\u00f1a social a favor de la ni\u00f1ez del Ecuador &#8211; QUEBAKAN.COM 2026: Noticias, Eventos, Conciertos y mucho m\u00e1s....<\/title>\n<meta name=\"robots\" content=\"index, follow, max-snippet:-1, max-image-preview:large, max-video-preview:-1\" \/>\n<link rel=\"canonical\" href=\"https:\/\/www.quebakan.com\/v15\/papa-johns-celebra-10-anos-de-su-campana-social-a-favor-de-la-ninez-del-ecuador\/\" \/>\n<meta property=\"og:locale\" content=\"es_ES\" \/>\n<meta property=\"og:type\" content=\"article\" \/>\n<meta property=\"og:title\" content=\"Papa Johns celebra 10 a\u00f1os de su campa\u00f1a social a favor de la ni\u00f1ez del Ecuador &#8211; QUEBAKAN.COM 2026: Noticias, Eventos, Conciertos y mucho m\u00e1s....\" \/>\n<meta property=\"og:description\" content=\"En la foto: Jalal Dubois, vocero oficial de Pizza Day 2024, Marco Torres, Gerente de Marketing de Papa Johns y Elizabeth Moreno, directora general del Albergue San Juan de Dios. Se parte del Pizza Day 2024 y apoya a 10 fundaciones ecuatorianas. Pedidos por delivery, m\u00ednimo dos pizzas una de jam\u00f3n y una de pomodoro. [&hellip;]\" \/>\n<meta property=\"og:url\" content=\"https:\/\/www.quebakan.com\/v15\/papa-johns-celebra-10-anos-de-su-campana-social-a-favor-de-la-ninez-del-ecuador\/\" \/>\n<meta property=\"og:site_name\" content=\"QUEBAKAN.COM 2026: Noticias, Eventos, Conciertos y mucho m\u00e1s....\" \/>\n<meta property=\"article:publisher\" content=\"http:\/\/www.facebook.com\/quebakan\" \/>\n<meta property=\"article:published_time\" content=\"2024-12-12T05:15:17+00:00\" \/>\n<meta property=\"og:image\" content=\"https:\/\/www.quebakan.com\/v15\/wp-content\/uploads\/2024\/12\/papa1.jpg\" \/>\n\t<meta property=\"og:image:width\" content=\"595\" \/>\n\t<meta property=\"og:image:height\" content=\"932\" \/>\n\t<meta property=\"og:image:type\" content=\"image\/jpeg\" \/>\n<meta name=\"author\" content=\"Erick Villafuerte\" \/>\n<meta name=\"twitter:card\" content=\"summary_large_image\" \/>\n<meta name=\"twitter:creator\" content=\"@quebakanec\" \/>\n<meta name=\"twitter:site\" content=\"@quebakanec\" \/>\n<meta name=\"twitter:label1\" content=\"Escrito por\" \/>\n\t<meta name=\"twitter:data1\" content=\"Erick Villafuerte\" \/>\n\t<meta name=\"twitter:label2\" content=\"Tiempo de lectura\" \/>\n\t<meta name=\"twitter:data2\" content=\"3 minutos\" \/>\n<script type=\"application\/ld+json\" class=\"yoast-schema-graph\">{\"@context\":\"https:\\\/\\\/schema.org\",\"@graph\":[{\"@type\":\"Article\",\"@id\":\"https:\\\/\\\/www.quebakan.com\\\/v15\\\/papa-johns-celebra-10-anos-de-su-campana-social-a-favor-de-la-ninez-del-ecuador\\\/#article\",\"isPartOf\":{\"@id\":\"https:\\\/\\\/www.quebakan.com\\\/v15\\\/papa-johns-celebra-10-anos-de-su-campana-social-a-favor-de-la-ninez-del-ecuador\\\/\"},\"author\":{\"name\":\"Erick Villafuerte\",\"@id\":\"https:\\\/\\\/www.quebakan.com\\\/v15\\\/#\\\/schema\\\/person\\\/d90fa9f9cfa81eb8ace9811e5b7b9118\"},\"headline\":\"Papa Johns celebra 10 a\u00f1os de su campa\u00f1a social a favor de la ni\u00f1ez del Ecuador\",\"datePublished\":\"2024-12-12T05:15:17+00:00\",\"mainEntityOfPage\":{\"@id\":\"https:\\\/\\\/www.quebakan.com\\\/v15\\\/papa-johns-celebra-10-anos-de-su-campana-social-a-favor-de-la-ninez-del-ecuador\\\/\"},\"wordCount\":512,\"commentCount\":0,\"publisher\":{\"@id\":\"https:\\\/\\\/www.quebakan.com\\\/v15\\\/#organization\"},\"image\":{\"@id\":\"https:\\\/\\\/www.quebakan.com\\\/v15\\\/papa-johns-celebra-10-anos-de-su-campana-social-a-favor-de-la-ninez-del-ecuador\\\/#primaryimage\"},\"thumbnailUrl\":\"https:\\\/\\\/www.quebakan.com\\\/v15\\\/wp-content\\\/uploads\\\/2024\\\/12\\\/papa1.jpg\",\"articleSection\":[\"Noticias\"],\"inLanguage\":\"es\"},{\"@type\":\"WebPage\",\"@id\":\"https:\\\/\\\/www.quebakan.com\\\/v15\\\/papa-johns-celebra-10-anos-de-su-campana-social-a-favor-de-la-ninez-del-ecuador\\\/\",\"url\":\"https:\\\/\\\/www.quebakan.com\\\/v15\\\/papa-johns-celebra-10-anos-de-su-campana-social-a-favor-de-la-ninez-del-ecuador\\\/\",\"name\":\"Papa Johns celebra 10 a\u00f1os de su campa\u00f1a social a favor de la ni\u00f1ez del Ecuador &#8211; QUEBAKAN.COM 2026: Noticias, Eventos, Conciertos y mucho m\u00e1s....\",\"isPartOf\":{\"@id\":\"https:\\\/\\\/www.quebakan.com\\\/v15\\\/#website\"},\"primaryImageOfPage\":{\"@id\":\"https:\\\/\\\/www.quebakan.com\\\/v15\\\/papa-johns-celebra-10-anos-de-su-campana-social-a-favor-de-la-ninez-del-ecuador\\\/#primaryimage\"},\"image\":{\"@id\":\"https:\\\/\\\/www.quebakan.com\\\/v15\\\/papa-johns-celebra-10-anos-de-su-campana-social-a-favor-de-la-ninez-del-ecuador\\\/#primaryimage\"},\"thumbnailUrl\":\"https:\\\/\\\/www.quebakan.com\\\/v15\\\/wp-content\\\/uploads\\\/2024\\\/12\\\/papa1.jpg\",\"datePublished\":\"2024-12-12T05:15:17+00:00\",\"breadcrumb\":{\"@id\":\"https:\\\/\\\/www.quebakan.com\\\/v15\\\/papa-johns-celebra-10-anos-de-su-campana-social-a-favor-de-la-ninez-del-ecuador\\\/#breadcrumb\"},\"inLanguage\":\"es\",\"potentialAction\":[{\"@type\":\"ReadAction\",\"target\":[\"https:\\\/\\\/www.quebakan.com\\\/v15\\\/papa-johns-celebra-10-anos-de-su-campana-social-a-favor-de-la-ninez-del-ecuador\\\/\"]}]},{\"@type\":\"ImageObject\",\"inLanguage\":\"es\",\"@id\":\"https:\\\/\\\/www.quebakan.com\\\/v15\\\/papa-johns-celebra-10-anos-de-su-campana-social-a-favor-de-la-ninez-del-ecuador\\\/#primaryimage\",\"url\":\"https:\\\/\\\/www.quebakan.com\\\/v15\\\/wp-content\\\/uploads\\\/2024\\\/12\\\/papa1.jpg\",\"contentUrl\":\"https:\\\/\\\/www.quebakan.com\\\/v15\\\/wp-content\\\/uploads\\\/2024\\\/12\\\/papa1.jpg\",\"width\":595,\"height\":932},{\"@type\":\"BreadcrumbList\",\"@id\":\"https:\\\/\\\/www.quebakan.com\\\/v15\\\/papa-johns-celebra-10-anos-de-su-campana-social-a-favor-de-la-ninez-del-ecuador\\\/#breadcrumb\",\"itemListElement\":[{\"@type\":\"ListItem\",\"position\":1,\"name\":\"Portada\",\"item\":\"https:\\\/\\\/www.quebakan.com\\\/v15\\\/\"},{\"@type\":\"ListItem\",\"position\":2,\"name\":\"Papa Johns celebra 10 a\u00f1os de su campa\u00f1a social a favor de la ni\u00f1ez del Ecuador\"}]},{\"@type\":\"WebSite\",\"@id\":\"https:\\\/\\\/www.quebakan.com\\\/v15\\\/#website\",\"url\":\"https:\\\/\\\/www.quebakan.com\\\/v15\\\/\",\"name\":\"QUEBAKAN\",\"description\":\"..\",\"publisher\":{\"@id\":\"https:\\\/\\\/www.quebakan.com\\\/v15\\\/#organization\"},\"potentialAction\":[{\"@type\":\"SearchAction\",\"target\":{\"@type\":\"EntryPoint\",\"urlTemplate\":\"https:\\\/\\\/www.quebakan.com\\\/v15\\\/?s={search_term_string}\"},\"query-input\":{\"@type\":\"PropertyValueSpecification\",\"valueRequired\":true,\"valueName\":\"search_term_string\"}}],\"inLanguage\":\"es\"},{\"@type\":\"Organization\",\"@id\":\"https:\\\/\\\/www.quebakan.com\\\/v15\\\/#organization\",\"name\":\"Quebakan.com\",\"url\":\"https:\\\/\\\/www.quebakan.com\\\/v15\\\/\",\"logo\":{\"@type\":\"ImageObject\",\"inLanguage\":\"es\",\"@id\":\"https:\\\/\\\/www.quebakan.com\\\/v15\\\/#\\\/schema\\\/logo\\\/image\\\/\",\"url\":\"https:\\\/\\\/www.quebakan.com\\\/v15\\\/wp-content\\\/uploads\\\/2023\\\/07\\\/logoquebakanenero2021.jpg\",\"contentUrl\":\"https:\\\/\\\/www.quebakan.com\\\/v15\\\/wp-content\\\/uploads\\\/2023\\\/07\\\/logoquebakanenero2021.jpg\",\"width\":1920,\"height\":1080,\"caption\":\"Quebakan.com\"},\"image\":{\"@id\":\"https:\\\/\\\/www.quebakan.com\\\/v15\\\/#\\\/schema\\\/logo\\\/image\\\/\"},\"sameAs\":[\"http:\\\/\\\/www.facebook.com\\\/quebakan\",\"https:\\\/\\\/x.com\\\/quebakanec\",\"http:\\\/\\\/www.instagram.com\\\/quebakan\",\"http:\\\/\\\/www.youtube.com\\\/quebakan1\"]},{\"@type\":\"Person\",\"@id\":\"https:\\\/\\\/www.quebakan.com\\\/v15\\\/#\\\/schema\\\/person\\\/d90fa9f9cfa81eb8ace9811e5b7b9118\",\"name\":\"Erick Villafuerte\",\"image\":{\"@type\":\"ImageObject\",\"inLanguage\":\"es\",\"@id\":\"https:\\\/\\\/www.quebakan.com\\\/v15\\\/wp-content\\\/uploads\\\/avatars\\\/4\\\/1731297654-bpfull.png\",\"url\":\"https:\\\/\\\/www.quebakan.com\\\/v15\\\/wp-content\\\/uploads\\\/avatars\\\/4\\\/1731297654-bpfull.png\",\"contentUrl\":\"https:\\\/\\\/www.quebakan.com\\\/v15\\\/wp-content\\\/uploads\\\/avatars\\\/4\\\/1731297654-bpfull.png\",\"caption\":\"Erick Villafuerte\"}}]}<\/script>\n<!-- \/ Yoast SEO plugin. -->","yoast_head_json":{"title":"Papa Johns celebra 10 a\u00f1os de su campa\u00f1a social a favor de la ni\u00f1ez del Ecuador &#8211; QUEBAKAN.COM 2026: Noticias, Eventos, Conciertos y mucho m\u00e1s....","robots":{"index":"index","follow":"follow","max-snippet":"max-snippet:-1","max-image-preview":"max-image-preview:large","max-video-preview":"max-video-preview:-1"},"canonical":"https:\/\/www.quebakan.com\/v15\/papa-johns-celebra-10-anos-de-su-campana-social-a-favor-de-la-ninez-del-ecuador\/","og_locale":"es_ES","og_type":"article","og_title":"Papa Johns celebra 10 a\u00f1os de su campa\u00f1a social a favor de la ni\u00f1ez del Ecuador &#8211; QUEBAKAN.COM 2026: Noticias, Eventos, Conciertos y mucho m\u00e1s....","og_description":"En la foto: Jalal Dubois, vocero oficial de Pizza Day 2024, Marco Torres, Gerente de Marketing de Papa Johns y Elizabeth Moreno, directora general del Albergue San Juan de Dios. Se parte del Pizza Day 2024 y apoya a 10 fundaciones ecuatorianas. Pedidos por delivery, m\u00ednimo dos pizzas una de jam\u00f3n y una de pomodoro. [&hellip;]","og_url":"https:\/\/www.quebakan.com\/v15\/papa-johns-celebra-10-anos-de-su-campana-social-a-favor-de-la-ninez-del-ecuador\/","og_site_name":"QUEBAKAN.COM 2026: Noticias, Eventos, Conciertos y mucho m\u00e1s....","article_publisher":"http:\/\/www.facebook.com\/quebakan","article_published_time":"2024-12-12T05:15:17+00:00","og_image":[{"width":595,"height":932,"url":"https:\/\/www.quebakan.com\/v15\/wp-content\/uploads\/2024\/12\/papa1.jpg","type":"image\/jpeg"}],"author":"Erick Villafuerte","twitter_card":"summary_large_image","twitter_creator":"@quebakanec","twitter_site":"@quebakanec","twitter_misc":{"Escrito por":"Erick Villafuerte","Tiempo de lectura":"3 minutos"},"schema":{"@context":"https:\/\/schema.org","@graph":[{"@type":"Article","@id":"https:\/\/www.quebakan.com\/v15\/papa-johns-celebra-10-anos-de-su-campana-social-a-favor-de-la-ninez-del-ecuador\/#article","isPartOf":{"@id":"https:\/\/www.quebakan.com\/v15\/papa-johns-celebra-10-anos-de-su-campana-social-a-favor-de-la-ninez-del-ecuador\/"},"author":{"name":"Erick Villafuerte","@id":"https:\/\/www.quebakan.com\/v15\/#\/schema\/person\/d90fa9f9cfa81eb8ace9811e5b7b9118"},"headline":"Papa Johns celebra 10 a\u00f1os de su campa\u00f1a social a favor de la ni\u00f1ez del Ecuador","datePublished":"2024-12-12T05:15:17+00:00","mainEntityOfPage":{"@id":"https:\/\/www.quebakan.com\/v15\/papa-johns-celebra-10-anos-de-su-campana-social-a-favor-de-la-ninez-del-ecuador\/"},"wordCount":512,"commentCount":0,"publisher":{"@id":"https:\/\/www.quebakan.com\/v15\/#organization"},"image":{"@id":"https:\/\/www.quebakan.com\/v15\/papa-johns-celebra-10-anos-de-su-campana-social-a-favor-de-la-ninez-del-ecuador\/#primaryimage"},"thumbnailUrl":"https:\/\/www.quebakan.com\/v15\/wp-content\/uploads\/2024\/12\/papa1.jpg","articleSection":["Noticias"],"inLanguage":"es"},{"@type":"WebPage","@id":"https:\/\/www.quebakan.com\/v15\/papa-johns-celebra-10-anos-de-su-campana-social-a-favor-de-la-ninez-del-ecuador\/","url":"https:\/\/www.quebakan.com\/v15\/papa-johns-celebra-10-anos-de-su-campana-social-a-favor-de-la-ninez-del-ecuador\/","name":"Papa Johns celebra 10 a\u00f1os de su campa\u00f1a social a favor de la ni\u00f1ez del Ecuador &#8211; QUEBAKAN.COM 2026: Noticias, Eventos, Conciertos y mucho m\u00e1s....","isPartOf":{"@id":"https:\/\/www.quebakan.com\/v15\/#website"},"primaryImageOfPage":{"@id":"https:\/\/www.quebakan.com\/v15\/papa-johns-celebra-10-anos-de-su-campana-social-a-favor-de-la-ninez-del-ecuador\/#primaryimage"},"image":{"@id":"https:\/\/www.quebakan.com\/v15\/papa-johns-celebra-10-anos-de-su-campana-social-a-favor-de-la-ninez-del-ecuador\/#primaryimage"},"thumbnailUrl":"https:\/\/www.quebakan.com\/v15\/wp-content\/uploads\/2024\/12\/papa1.jpg","datePublished":"2024-12-12T05:15:17+00:00","breadcrumb":{"@id":"https:\/\/www.quebakan.com\/v15\/papa-johns-celebra-10-anos-de-su-campana-social-a-favor-de-la-ninez-del-ecuador\/#breadcrumb"},"inLanguage":"es","potentialAction":[{"@type":"ReadAction","target":["https:\/\/www.quebakan.com\/v15\/papa-johns-celebra-10-anos-de-su-campana-social-a-favor-de-la-ninez-del-ecuador\/"]}]},{"@type":"ImageObject","inLanguage":"es","@id":"https:\/\/www.quebakan.com\/v15\/papa-johns-celebra-10-anos-de-su-campana-social-a-favor-de-la-ninez-del-ecuador\/#primaryimage","url":"https:\/\/www.quebakan.com\/v15\/wp-content\/uploads\/2024\/12\/papa1.jpg","contentUrl":"https:\/\/www.quebakan.com\/v15\/wp-content\/uploads\/2024\/12\/papa1.jpg","width":595,"height":932},{"@type":"BreadcrumbList","@id":"https:\/\/www.quebakan.com\/v15\/papa-johns-celebra-10-anos-de-su-campana-social-a-favor-de-la-ninez-del-ecuador\/#breadcrumb","itemListElement":[{"@type":"ListItem","position":1,"name":"Portada","item":"https:\/\/www.quebakan.com\/v15\/"},{"@type":"ListItem","position":2,"name":"Papa Johns celebra 10 a\u00f1os de su campa\u00f1a social a favor de la ni\u00f1ez del Ecuador"}]},{"@type":"WebSite","@id":"https:\/\/www.quebakan.com\/v15\/#website","url":"https:\/\/www.quebakan.com\/v15\/","name":"QUEBAKAN","description":"..","publisher":{"@id":"https:\/\/www.quebakan.com\/v15\/#organization"},"potentialAction":[{"@type":"SearchAction","target":{"@type":"EntryPoint","urlTemplate":"https:\/\/www.quebakan.com\/v15\/?s={search_term_string}"},"query-input":{"@type":"PropertyValueSpecification","valueRequired":true,"valueName":"search_term_string"}}],"inLanguage":"es"},{"@type":"Organization","@id":"https:\/\/www.quebakan.com\/v15\/#organization","name":"Quebakan.com","url":"https:\/\/www.quebakan.com\/v15\/","logo":{"@type":"ImageObject","inLanguage":"es","@id":"https:\/\/www.quebakan.com\/v15\/#\/schema\/logo\/image\/","url":"https:\/\/www.quebakan.com\/v15\/wp-content\/uploads\/2023\/07\/logoquebakanenero2021.jpg","contentUrl":"https:\/\/www.quebakan.com\/v15\/wp-content\/uploads\/2023\/07\/logoquebakanenero2021.jpg","width":1920,"height":1080,"caption":"Quebakan.com"},"image":{"@id":"https:\/\/www.quebakan.com\/v15\/#\/schema\/logo\/image\/"},"sameAs":["http:\/\/www.facebook.com\/quebakan","https:\/\/x.com\/quebakanec","http:\/\/www.instagram.com\/quebakan","http:\/\/www.youtube.com\/quebakan1"]},{"@type":"Person","@id":"https:\/\/www.quebakan.com\/v15\/#\/schema\/person\/d90fa9f9cfa81eb8ace9811e5b7b9118","name":"Erick Villafuerte","image":{"@type":"ImageObject","inLanguage":"es","@id":"https:\/\/www.quebakan.com\/v15\/wp-content\/uploads\/avatars\/4\/1731297654-bpfull.png","url":"https:\/\/www.quebakan.com\/v15\/wp-content\/uploads\/avatars\/4\/1731297654-bpfull.png","contentUrl":"https:\/\/www.quebakan.com\/v15\/wp-content\/uploads\/avatars\/4\/1731297654-bpfull.png","caption":"Erick Villafuerte"}}]}},"_links":{"self":[{"href":"https:\/\/www.quebakan.com\/v15\/wp-json\/wp\/v2\/posts\/127024","targetHints":{"allow":["GET"]}}],"collection":[{"href":"https:\/\/www.quebakan.com\/v15\/wp-json\/wp\/v2\/posts"}],"about":[{"href":"https:\/\/www.quebakan.com\/v15\/wp-json\/wp\/v2\/types\/post"}],"author":[{"embeddable":true,"href":"https:\/\/www.quebakan.com\/v15\/wp-json\/wp\/v2\/users\/4"}],"replies":[{"embeddable":true,"href":"https:\/\/www.quebakan.com\/v15\/wp-json\/wp\/v2\/comments?post=127024"}],"version-history":[{"count":1,"href":"https:\/\/www.quebakan.com\/v15\/wp-json\/wp\/v2\/posts\/127024\/revisions"}],"predecessor-version":[{"id":127027,"href":"https:\/\/www.quebakan.com\/v15\/wp-json\/wp\/v2\/posts\/127024\/revisions\/127027"}],"wp:featuredmedia":[{"embeddable":true,"href":"https:\/\/www.quebakan.com\/v15\/wp-json\/wp\/v2\/media\/127026"}],"wp:attachment":[{"href":"https:\/\/www.quebakan.com\/v15\/wp-json\/wp\/v2\/media?parent=127024"}],"wp:term":[{"taxonomy":"category","embeddable":true,"href":"https:\/\/www.quebakan.com\/v15\/wp-json\/wp\/v2\/categories?post=127024"},{"taxonomy":"post_tag","embeddable":true,"href":"https:\/\/www.quebakan.com\/v15\/wp-json\/wp\/v2\/tags?post=127024"}],"curies":[{"name":"wp","href":"https:\/\/api.w.org\/{rel}","templated":true}]}}