{"id":127697,"date":"2025-01-09T19:10:26","date_gmt":"2025-01-10T00:10:26","guid":{"rendered":"https:\/\/www.quebakan.com\/v15\/?p=127697"},"modified":"2025-01-09T19:10:26","modified_gmt":"2025-01-10T00:10:26","slug":"en-el-marco-del-dia-del-periodista-ecuatoriano-world-presenta-iniciativa-periodismo-humano","status":"publish","type":"post","link":"https:\/\/www.quebakan.com\/v15\/en-el-marco-del-dia-del-periodista-ecuatoriano-world-presenta-iniciativa-periodismo-humano\/","title":{"rendered":"En el marco del D\u00eda del Periodista Ecuatoriano: World presenta iniciativa \u201dPERIODISMO HUMANO\u201d"},"content":{"rendered":"<p><img fetchpriority=\"high\" decoding=\"async\" class=\"aligncenter size-full wp-image-127698\" src=\"https:\/\/www.quebakan.com\/v15\/wp-content\/uploads\/2025\/01\/world1.jpg\" alt=\"\" width=\"543\" height=\"260\" \/><\/p>\n<p style=\"text-align: justify;\"><span style=\"color: #000000;\"><strong>Guayaquil, 06 de enero de 2025 \u2013<\/strong> En el marco del D\u00eda del Periodista Ecuatoriano, World <\/span><span style=\"color: #000000;\">(anteriormente conocida como Worldcoin), la red de humanos reales, presenta su iniciativa <\/span><span style=\"color: #000000;\">\u201cPeriodismo Humano\u201d, un homenaje a quienes, con su labor diaria, buscan la verdad, conectan <\/span><span style=\"color: #000000;\">a las personas con historias reales y refuerzan la confianza en un mundo cambiante cada vez <\/span><span style=\"color: #000000;\">m\u00e1s influenciado por la inteligencia artificial (IA).<\/span><\/p>\n<p style=\"text-align: justify;\"><span style=\"color: #000000;\">En un contexto pa\u00eds donde el 93% de los ecuatorianos encuestados expresan preocupaci\u00f3n por <\/span><span style=\"color: #000000;\">no poder diferenciar entre contenido generado por humanos y por bots, \u201cPeriodismo Humano\u201d <\/span><span style=\"color: #000000;\">resalta la importancia del periodismo como pilar de autenticidad en la era digital.<\/span><\/p>\n<p style=\"text-align: justify;\"><span style=\"color: #000000;\">La urgencia de identificar lo humano en un entorno digital <\/span><span style=\"color: #000000;\">Un estudio realizado por IPSOS en junio de 2024 revela que:<\/span><br \/>\n<span style=\"color: #000000;\">\u25cf El 96% de los encuestados en Ecuador han sido v\u00edctimas de fraude en l\u00ednea o conocen <\/span><span style=\"color: #000000;\">a alguien que lo ha sido.<\/span><br \/>\n<span style=\"color: #000000;\">\u25cf El 92% respalda soluciones tecnol\u00f3gicas que permitan identificar a los humanos en <\/span><span style=\"color: #000000;\">internet.<\/span><br \/>\n<span style=\"color: #000000;\">\u25cf El 75% se sienten c\u00f3modos utilizando tecnolog\u00edas biom\u00e9tricas para verificar su <\/span><span style=\"color: #000000;\">identidad.<\/span><br \/>\n<span style=\"color: #000000;\">En este escenario, World, disponibiliz\u00f3 en el pa\u00eds sus servicios de verificaci\u00f3n de humanidad <\/span><span style=\"color: #000000;\">World ID, que permite a las personas verificar su humanidad en internet de manera privada, <\/span><span style=\"color: #000000;\">an\u00f3nima y segura, dando respuesta a uno de los principales desaf\u00edos actuales en la era digital<\/span><span style=\"color: #000000;\">. En tan solo siete meses, m\u00e1s de 200,000 personas en Ecuador han adoptado esta <\/span><span style=\"color: #000000;\">tecnolog\u00eda, mientras que m\u00e1s de 8 millones de personas en todo el mundo han verificado su <\/span><span style=\"color: #000000;\">humanidad frente a un Orb. .<\/span><\/p>\n<p style=\"text-align: justify;\"><strong><span style=\"color: #000000;\">Periodismo Humano: Un tributo a los guardianes de la verdad<\/span><\/strong><br \/>\n<span style=\"color: #000000;\">La campa\u00f1a \u201cPeriodismo Humano\u201d busca rendir homenaje a los periodistas ecuatorianos, <\/span><span style=\"color: #000000;\">destacando su labor en la construcci\u00f3n de un internet m\u00e1s aut\u00e9ntico,confiable y humano. A <\/span><span style=\"color: #000000;\">trav\u00e9s de esta iniciativa, World subraya el rol fundamental del periodismo en la lucha contra la <\/span><span style=\"color: #000000;\">desinformaci\u00f3n y en la preservaci\u00f3n de la humanidad en el n\u00facleo del progreso de la IA.<\/span><\/p>\n<p style=\"text-align: justify;\"><span style=\"color: #000000;\">La campa\u00f1a incluy\u00f3 un video testimonial donde se explora la esencia del periodismo en la era <\/span><span style=\"color: #000000;\">de la inteligencia artificial. En el video, una periodista comparte reflexiones sobre su profesi\u00f3n y <\/span><span style=\"color: #000000;\">el impacto de su trabajo en la sociedad, destacando la importancia de la humanidad detr\u00e1s de <\/span><span style=\"color: #000000;\">cada historia.<\/span><\/p>\n<p style=\"text-align: justify;\"><strong><span style=\"color: #000000;\">Una historia que resalta el papel del periodista<\/span><\/strong><br \/>\n<span style=\"color: #000000;\">En el video, se presentan tomas del d\u00eda a d\u00eda digital de las personas: notificaciones constantes, <\/span><span style=\"color: #000000;\">redes sociales y herramientas de inteligencia artificial, para luego dar paso a una periodista que <\/span><span style=\"color: #000000;\">reflexiona sobre su labor. Ella menciona: <\/span><span style=\"color: #000000;\">\u00abEl periodismo es mucho m\u00e1s que informaci\u00f3n; es investigar, conectar y compartir historias con <\/span><span style=\"color: #000000;\">humanidad y empat\u00eda.\u00bb<\/span><\/p>\n<p style=\"text-align: justify;\"><span style=\"color: #000000;\">Adem\u00e1s, el video contrasta im\u00e1genes de herramientas digitales, como World ID y prompts de <\/span><span style=\"color: #000000;\">IA, con momentos \u00edntimos y humanos de la periodista mientras responde preguntas sobre su <\/span><span style=\"color: #000000;\">carrera, sus experiencias y el impacto del periodismo en la sociedad.<\/span><\/p>\n<p style=\"text-align: justify;\"><strong><span style=\"color: #000000;\">Tecnolog\u00eda para proteger la humanidad<\/span><\/strong><br \/>\n<span style=\"color: #000000;\">World sigue innovando con herramientas como World ID Deep Face, que permitir\u00e1 verificar <\/span><span style=\"color: #000000;\">identidades humanas en tiempo real durante interacciones digitales, y la distribuci\u00f3n voluntaria <\/span><span style=\"color: #000000;\">de Tokens Worldcoin (WLD), promoviendo un acceso m\u00e1s inclusivo y seguro al entorno digital.<\/span><\/p>\n<p style=\"text-align: justify;\"><span style=\"color: #000000;\">Con \u201cPeriodismo Humano\u201d, World reafirma su compromiso con la autenticidad digital y celebra <\/span><span style=\"color: #000000;\">el papel de los periodistas ecuatorianos en la construcci\u00f3n de un futuro m\u00e1s humano.<\/span><\/p>\n<p style=\"text-align: justify;\"><span style=\"color: #000000;\">Para m\u00e1s informaci\u00f3n, visite: www.world.org.<\/span><\/p>\n","protected":false},"excerpt":{"rendered":"<p>Guayaquil, 06 de enero de 2025 \u2013 En el marco del D\u00eda del Periodista Ecuatoriano, World (anteriormente conocida como Worldcoin), la red de humanos reales, presenta su iniciativa \u201cPeriodismo Humano\u201d, un homenaje a quienes, con su labor diaria, buscan la verdad, conectan a las personas con historias reales y refuerzan la confianza en un mundo [&hellip;]<\/p>\n","protected":false},"author":4,"featured_media":127698,"comment_status":"open","ping_status":"open","sticky":false,"template":"","format":"standard","meta":{"_bbp_topic_count":0,"_bbp_reply_count":0,"_bbp_total_topic_count":0,"_bbp_total_reply_count":0,"_bbp_voice_count":0,"_bbp_anonymous_reply_count":0,"_bbp_topic_count_hidden":0,"_bbp_reply_count_hidden":0,"_bbp_forum_subforum_count":0,"buzzeditor_post_format":"","footnotes":""},"categories":[2],"tags":[],"class_list":["post-127697","post","type-post","status-publish","format-standard","has-post-thumbnail","hentry","category-noticias"],"yoast_head":"<!-- This site is optimized with the Yoast SEO plugin v27.5 - https:\/\/yoast.com\/product\/yoast-seo-wordpress\/ -->\n<title>En el marco del D\u00eda del Periodista Ecuatoriano: World presenta iniciativa \u201dPERIODISMO HUMANO\u201d &#8211; QUEBAKAN.COM 2026: Noticias, Eventos, Conciertos y mucho m\u00e1s....<\/title>\n<meta name=\"robots\" content=\"index, follow, max-snippet:-1, max-image-preview:large, max-video-preview:-1\" \/>\n<link rel=\"canonical\" href=\"https:\/\/www.quebakan.com\/v15\/en-el-marco-del-dia-del-periodista-ecuatoriano-world-presenta-iniciativa-periodismo-humano\/\" \/>\n<meta property=\"og:locale\" content=\"es_ES\" \/>\n<meta property=\"og:type\" content=\"article\" \/>\n<meta property=\"og:title\" content=\"En el marco del D\u00eda del Periodista Ecuatoriano: World presenta iniciativa \u201dPERIODISMO HUMANO\u201d &#8211; QUEBAKAN.COM 2026: Noticias, Eventos, Conciertos y mucho m\u00e1s....\" \/>\n<meta property=\"og:description\" content=\"Guayaquil, 06 de enero de 2025 \u2013 En el marco del D\u00eda del Periodista Ecuatoriano, World (anteriormente conocida como Worldcoin), la red de humanos reales, presenta su iniciativa \u201cPeriodismo Humano\u201d, un homenaje a quienes, con su labor diaria, buscan la verdad, conectan a las personas con historias reales y refuerzan la confianza en un mundo [&hellip;]\" \/>\n<meta property=\"og:url\" content=\"https:\/\/www.quebakan.com\/v15\/en-el-marco-del-dia-del-periodista-ecuatoriano-world-presenta-iniciativa-periodismo-humano\/\" \/>\n<meta property=\"og:site_name\" content=\"QUEBAKAN.COM 2026: Noticias, Eventos, Conciertos y mucho m\u00e1s....\" \/>\n<meta property=\"article:publisher\" content=\"http:\/\/www.facebook.com\/quebakan\" \/>\n<meta property=\"article:published_time\" content=\"2025-01-10T00:10:26+00:00\" \/>\n<meta property=\"og:image\" content=\"https:\/\/www.quebakan.com\/v15\/wp-content\/uploads\/2025\/01\/world1.jpg\" \/>\n\t<meta property=\"og:image:width\" content=\"543\" \/>\n\t<meta property=\"og:image:height\" content=\"260\" \/>\n\t<meta property=\"og:image:type\" content=\"image\/jpeg\" \/>\n<meta name=\"author\" content=\"Erick Villafuerte\" \/>\n<meta name=\"twitter:card\" content=\"summary_large_image\" \/>\n<meta name=\"twitter:creator\" content=\"@quebakanec\" \/>\n<meta name=\"twitter:site\" content=\"@quebakanec\" \/>\n<meta name=\"twitter:label1\" content=\"Escrito por\" \/>\n\t<meta name=\"twitter:data1\" content=\"Erick Villafuerte\" \/>\n\t<meta name=\"twitter:label2\" content=\"Tiempo de lectura\" \/>\n\t<meta name=\"twitter:data2\" content=\"3 minutos\" \/>\n<script type=\"application\/ld+json\" class=\"yoast-schema-graph\">{\"@context\":\"https:\\\/\\\/schema.org\",\"@graph\":[{\"@type\":\"Article\",\"@id\":\"https:\\\/\\\/www.quebakan.com\\\/v15\\\/en-el-marco-del-dia-del-periodista-ecuatoriano-world-presenta-iniciativa-periodismo-humano\\\/#article\",\"isPartOf\":{\"@id\":\"https:\\\/\\\/www.quebakan.com\\\/v15\\\/en-el-marco-del-dia-del-periodista-ecuatoriano-world-presenta-iniciativa-periodismo-humano\\\/\"},\"author\":{\"name\":\"Erick Villafuerte\",\"@id\":\"https:\\\/\\\/www.quebakan.com\\\/v15\\\/#\\\/schema\\\/person\\\/d90fa9f9cfa81eb8ace9811e5b7b9118\"},\"headline\":\"En el marco del D\u00eda del Periodista Ecuatoriano: World presenta iniciativa \u201dPERIODISMO HUMANO\u201d\",\"datePublished\":\"2025-01-10T00:10:26+00:00\",\"mainEntityOfPage\":{\"@id\":\"https:\\\/\\\/www.quebakan.com\\\/v15\\\/en-el-marco-del-dia-del-periodista-ecuatoriano-world-presenta-iniciativa-periodismo-humano\\\/\"},\"wordCount\":595,\"commentCount\":0,\"publisher\":{\"@id\":\"https:\\\/\\\/www.quebakan.com\\\/v15\\\/#organization\"},\"image\":{\"@id\":\"https:\\\/\\\/www.quebakan.com\\\/v15\\\/en-el-marco-del-dia-del-periodista-ecuatoriano-world-presenta-iniciativa-periodismo-humano\\\/#primaryimage\"},\"thumbnailUrl\":\"https:\\\/\\\/www.quebakan.com\\\/v15\\\/wp-content\\\/uploads\\\/2025\\\/01\\\/world1.jpg\",\"articleSection\":[\"Noticias\"],\"inLanguage\":\"es\"},{\"@type\":\"WebPage\",\"@id\":\"https:\\\/\\\/www.quebakan.com\\\/v15\\\/en-el-marco-del-dia-del-periodista-ecuatoriano-world-presenta-iniciativa-periodismo-humano\\\/\",\"url\":\"https:\\\/\\\/www.quebakan.com\\\/v15\\\/en-el-marco-del-dia-del-periodista-ecuatoriano-world-presenta-iniciativa-periodismo-humano\\\/\",\"name\":\"En el marco del D\u00eda del Periodista Ecuatoriano: World presenta iniciativa \u201dPERIODISMO HUMANO\u201d &#8211; QUEBAKAN.COM 2026: Noticias, Eventos, Conciertos y mucho m\u00e1s....\",\"isPartOf\":{\"@id\":\"https:\\\/\\\/www.quebakan.com\\\/v15\\\/#website\"},\"primaryImageOfPage\":{\"@id\":\"https:\\\/\\\/www.quebakan.com\\\/v15\\\/en-el-marco-del-dia-del-periodista-ecuatoriano-world-presenta-iniciativa-periodismo-humano\\\/#primaryimage\"},\"image\":{\"@id\":\"https:\\\/\\\/www.quebakan.com\\\/v15\\\/en-el-marco-del-dia-del-periodista-ecuatoriano-world-presenta-iniciativa-periodismo-humano\\\/#primaryimage\"},\"thumbnailUrl\":\"https:\\\/\\\/www.quebakan.com\\\/v15\\\/wp-content\\\/uploads\\\/2025\\\/01\\\/world1.jpg\",\"datePublished\":\"2025-01-10T00:10:26+00:00\",\"breadcrumb\":{\"@id\":\"https:\\\/\\\/www.quebakan.com\\\/v15\\\/en-el-marco-del-dia-del-periodista-ecuatoriano-world-presenta-iniciativa-periodismo-humano\\\/#breadcrumb\"},\"inLanguage\":\"es\",\"potentialAction\":[{\"@type\":\"ReadAction\",\"target\":[\"https:\\\/\\\/www.quebakan.com\\\/v15\\\/en-el-marco-del-dia-del-periodista-ecuatoriano-world-presenta-iniciativa-periodismo-humano\\\/\"]}]},{\"@type\":\"ImageObject\",\"inLanguage\":\"es\",\"@id\":\"https:\\\/\\\/www.quebakan.com\\\/v15\\\/en-el-marco-del-dia-del-periodista-ecuatoriano-world-presenta-iniciativa-periodismo-humano\\\/#primaryimage\",\"url\":\"https:\\\/\\\/www.quebakan.com\\\/v15\\\/wp-content\\\/uploads\\\/2025\\\/01\\\/world1.jpg\",\"contentUrl\":\"https:\\\/\\\/www.quebakan.com\\\/v15\\\/wp-content\\\/uploads\\\/2025\\\/01\\\/world1.jpg\",\"width\":543,\"height\":260},{\"@type\":\"BreadcrumbList\",\"@id\":\"https:\\\/\\\/www.quebakan.com\\\/v15\\\/en-el-marco-del-dia-del-periodista-ecuatoriano-world-presenta-iniciativa-periodismo-humano\\\/#breadcrumb\",\"itemListElement\":[{\"@type\":\"ListItem\",\"position\":1,\"name\":\"Portada\",\"item\":\"https:\\\/\\\/www.quebakan.com\\\/v15\\\/\"},{\"@type\":\"ListItem\",\"position\":2,\"name\":\"En el marco del D\u00eda del Periodista Ecuatoriano: World presenta iniciativa \u201dPERIODISMO HUMANO\u201d\"}]},{\"@type\":\"WebSite\",\"@id\":\"https:\\\/\\\/www.quebakan.com\\\/v15\\\/#website\",\"url\":\"https:\\\/\\\/www.quebakan.com\\\/v15\\\/\",\"name\":\"QUEBAKAN\",\"description\":\"..\",\"publisher\":{\"@id\":\"https:\\\/\\\/www.quebakan.com\\\/v15\\\/#organization\"},\"potentialAction\":[{\"@type\":\"SearchAction\",\"target\":{\"@type\":\"EntryPoint\",\"urlTemplate\":\"https:\\\/\\\/www.quebakan.com\\\/v15\\\/?s={search_term_string}\"},\"query-input\":{\"@type\":\"PropertyValueSpecification\",\"valueRequired\":true,\"valueName\":\"search_term_string\"}}],\"inLanguage\":\"es\"},{\"@type\":\"Organization\",\"@id\":\"https:\\\/\\\/www.quebakan.com\\\/v15\\\/#organization\",\"name\":\"Quebakan.com\",\"url\":\"https:\\\/\\\/www.quebakan.com\\\/v15\\\/\",\"logo\":{\"@type\":\"ImageObject\",\"inLanguage\":\"es\",\"@id\":\"https:\\\/\\\/www.quebakan.com\\\/v15\\\/#\\\/schema\\\/logo\\\/image\\\/\",\"url\":\"https:\\\/\\\/www.quebakan.com\\\/v15\\\/wp-content\\\/uploads\\\/2023\\\/07\\\/logoquebakanenero2021.jpg\",\"contentUrl\":\"https:\\\/\\\/www.quebakan.com\\\/v15\\\/wp-content\\\/uploads\\\/2023\\\/07\\\/logoquebakanenero2021.jpg\",\"width\":1920,\"height\":1080,\"caption\":\"Quebakan.com\"},\"image\":{\"@id\":\"https:\\\/\\\/www.quebakan.com\\\/v15\\\/#\\\/schema\\\/logo\\\/image\\\/\"},\"sameAs\":[\"http:\\\/\\\/www.facebook.com\\\/quebakan\",\"https:\\\/\\\/x.com\\\/quebakanec\",\"http:\\\/\\\/www.instagram.com\\\/quebakan\",\"http:\\\/\\\/www.youtube.com\\\/quebakan1\"]},{\"@type\":\"Person\",\"@id\":\"https:\\\/\\\/www.quebakan.com\\\/v15\\\/#\\\/schema\\\/person\\\/d90fa9f9cfa81eb8ace9811e5b7b9118\",\"name\":\"Erick Villafuerte\",\"image\":{\"@type\":\"ImageObject\",\"inLanguage\":\"es\",\"@id\":\"https:\\\/\\\/www.quebakan.com\\\/v15\\\/wp-content\\\/uploads\\\/avatars\\\/4\\\/1731297654-bpfull.png\",\"url\":\"https:\\\/\\\/www.quebakan.com\\\/v15\\\/wp-content\\\/uploads\\\/avatars\\\/4\\\/1731297654-bpfull.png\",\"contentUrl\":\"https:\\\/\\\/www.quebakan.com\\\/v15\\\/wp-content\\\/uploads\\\/avatars\\\/4\\\/1731297654-bpfull.png\",\"caption\":\"Erick Villafuerte\"}}]}<\/script>\n<!-- \/ Yoast SEO plugin. -->","yoast_head_json":{"title":"En el marco del D\u00eda del Periodista Ecuatoriano: World presenta iniciativa \u201dPERIODISMO HUMANO\u201d &#8211; QUEBAKAN.COM 2026: Noticias, Eventos, Conciertos y mucho m\u00e1s....","robots":{"index":"index","follow":"follow","max-snippet":"max-snippet:-1","max-image-preview":"max-image-preview:large","max-video-preview":"max-video-preview:-1"},"canonical":"https:\/\/www.quebakan.com\/v15\/en-el-marco-del-dia-del-periodista-ecuatoriano-world-presenta-iniciativa-periodismo-humano\/","og_locale":"es_ES","og_type":"article","og_title":"En el marco del D\u00eda del Periodista Ecuatoriano: World presenta iniciativa \u201dPERIODISMO HUMANO\u201d &#8211; QUEBAKAN.COM 2026: Noticias, Eventos, Conciertos y mucho m\u00e1s....","og_description":"Guayaquil, 06 de enero de 2025 \u2013 En el marco del D\u00eda del Periodista Ecuatoriano, World (anteriormente conocida como Worldcoin), la red de humanos reales, presenta su iniciativa \u201cPeriodismo Humano\u201d, un homenaje a quienes, con su labor diaria, buscan la verdad, conectan a las personas con historias reales y refuerzan la confianza en un mundo [&hellip;]","og_url":"https:\/\/www.quebakan.com\/v15\/en-el-marco-del-dia-del-periodista-ecuatoriano-world-presenta-iniciativa-periodismo-humano\/","og_site_name":"QUEBAKAN.COM 2026: Noticias, Eventos, Conciertos y mucho m\u00e1s....","article_publisher":"http:\/\/www.facebook.com\/quebakan","article_published_time":"2025-01-10T00:10:26+00:00","og_image":[{"width":543,"height":260,"url":"https:\/\/www.quebakan.com\/v15\/wp-content\/uploads\/2025\/01\/world1.jpg","type":"image\/jpeg"}],"author":"Erick Villafuerte","twitter_card":"summary_large_image","twitter_creator":"@quebakanec","twitter_site":"@quebakanec","twitter_misc":{"Escrito por":"Erick Villafuerte","Tiempo de lectura":"3 minutos"},"schema":{"@context":"https:\/\/schema.org","@graph":[{"@type":"Article","@id":"https:\/\/www.quebakan.com\/v15\/en-el-marco-del-dia-del-periodista-ecuatoriano-world-presenta-iniciativa-periodismo-humano\/#article","isPartOf":{"@id":"https:\/\/www.quebakan.com\/v15\/en-el-marco-del-dia-del-periodista-ecuatoriano-world-presenta-iniciativa-periodismo-humano\/"},"author":{"name":"Erick Villafuerte","@id":"https:\/\/www.quebakan.com\/v15\/#\/schema\/person\/d90fa9f9cfa81eb8ace9811e5b7b9118"},"headline":"En el marco del D\u00eda del Periodista Ecuatoriano: World presenta iniciativa \u201dPERIODISMO HUMANO\u201d","datePublished":"2025-01-10T00:10:26+00:00","mainEntityOfPage":{"@id":"https:\/\/www.quebakan.com\/v15\/en-el-marco-del-dia-del-periodista-ecuatoriano-world-presenta-iniciativa-periodismo-humano\/"},"wordCount":595,"commentCount":0,"publisher":{"@id":"https:\/\/www.quebakan.com\/v15\/#organization"},"image":{"@id":"https:\/\/www.quebakan.com\/v15\/en-el-marco-del-dia-del-periodista-ecuatoriano-world-presenta-iniciativa-periodismo-humano\/#primaryimage"},"thumbnailUrl":"https:\/\/www.quebakan.com\/v15\/wp-content\/uploads\/2025\/01\/world1.jpg","articleSection":["Noticias"],"inLanguage":"es"},{"@type":"WebPage","@id":"https:\/\/www.quebakan.com\/v15\/en-el-marco-del-dia-del-periodista-ecuatoriano-world-presenta-iniciativa-periodismo-humano\/","url":"https:\/\/www.quebakan.com\/v15\/en-el-marco-del-dia-del-periodista-ecuatoriano-world-presenta-iniciativa-periodismo-humano\/","name":"En el marco del D\u00eda del Periodista Ecuatoriano: World presenta iniciativa \u201dPERIODISMO HUMANO\u201d &#8211; QUEBAKAN.COM 2026: Noticias, Eventos, Conciertos y mucho m\u00e1s....","isPartOf":{"@id":"https:\/\/www.quebakan.com\/v15\/#website"},"primaryImageOfPage":{"@id":"https:\/\/www.quebakan.com\/v15\/en-el-marco-del-dia-del-periodista-ecuatoriano-world-presenta-iniciativa-periodismo-humano\/#primaryimage"},"image":{"@id":"https:\/\/www.quebakan.com\/v15\/en-el-marco-del-dia-del-periodista-ecuatoriano-world-presenta-iniciativa-periodismo-humano\/#primaryimage"},"thumbnailUrl":"https:\/\/www.quebakan.com\/v15\/wp-content\/uploads\/2025\/01\/world1.jpg","datePublished":"2025-01-10T00:10:26+00:00","breadcrumb":{"@id":"https:\/\/www.quebakan.com\/v15\/en-el-marco-del-dia-del-periodista-ecuatoriano-world-presenta-iniciativa-periodismo-humano\/#breadcrumb"},"inLanguage":"es","potentialAction":[{"@type":"ReadAction","target":["https:\/\/www.quebakan.com\/v15\/en-el-marco-del-dia-del-periodista-ecuatoriano-world-presenta-iniciativa-periodismo-humano\/"]}]},{"@type":"ImageObject","inLanguage":"es","@id":"https:\/\/www.quebakan.com\/v15\/en-el-marco-del-dia-del-periodista-ecuatoriano-world-presenta-iniciativa-periodismo-humano\/#primaryimage","url":"https:\/\/www.quebakan.com\/v15\/wp-content\/uploads\/2025\/01\/world1.jpg","contentUrl":"https:\/\/www.quebakan.com\/v15\/wp-content\/uploads\/2025\/01\/world1.jpg","width":543,"height":260},{"@type":"BreadcrumbList","@id":"https:\/\/www.quebakan.com\/v15\/en-el-marco-del-dia-del-periodista-ecuatoriano-world-presenta-iniciativa-periodismo-humano\/#breadcrumb","itemListElement":[{"@type":"ListItem","position":1,"name":"Portada","item":"https:\/\/www.quebakan.com\/v15\/"},{"@type":"ListItem","position":2,"name":"En el marco del D\u00eda del Periodista Ecuatoriano: World presenta iniciativa \u201dPERIODISMO HUMANO\u201d"}]},{"@type":"WebSite","@id":"https:\/\/www.quebakan.com\/v15\/#website","url":"https:\/\/www.quebakan.com\/v15\/","name":"QUEBAKAN","description":"..","publisher":{"@id":"https:\/\/www.quebakan.com\/v15\/#organization"},"potentialAction":[{"@type":"SearchAction","target":{"@type":"EntryPoint","urlTemplate":"https:\/\/www.quebakan.com\/v15\/?s={search_term_string}"},"query-input":{"@type":"PropertyValueSpecification","valueRequired":true,"valueName":"search_term_string"}}],"inLanguage":"es"},{"@type":"Organization","@id":"https:\/\/www.quebakan.com\/v15\/#organization","name":"Quebakan.com","url":"https:\/\/www.quebakan.com\/v15\/","logo":{"@type":"ImageObject","inLanguage":"es","@id":"https:\/\/www.quebakan.com\/v15\/#\/schema\/logo\/image\/","url":"https:\/\/www.quebakan.com\/v15\/wp-content\/uploads\/2023\/07\/logoquebakanenero2021.jpg","contentUrl":"https:\/\/www.quebakan.com\/v15\/wp-content\/uploads\/2023\/07\/logoquebakanenero2021.jpg","width":1920,"height":1080,"caption":"Quebakan.com"},"image":{"@id":"https:\/\/www.quebakan.com\/v15\/#\/schema\/logo\/image\/"},"sameAs":["http:\/\/www.facebook.com\/quebakan","https:\/\/x.com\/quebakanec","http:\/\/www.instagram.com\/quebakan","http:\/\/www.youtube.com\/quebakan1"]},{"@type":"Person","@id":"https:\/\/www.quebakan.com\/v15\/#\/schema\/person\/d90fa9f9cfa81eb8ace9811e5b7b9118","name":"Erick Villafuerte","image":{"@type":"ImageObject","inLanguage":"es","@id":"https:\/\/www.quebakan.com\/v15\/wp-content\/uploads\/avatars\/4\/1731297654-bpfull.png","url":"https:\/\/www.quebakan.com\/v15\/wp-content\/uploads\/avatars\/4\/1731297654-bpfull.png","contentUrl":"https:\/\/www.quebakan.com\/v15\/wp-content\/uploads\/avatars\/4\/1731297654-bpfull.png","caption":"Erick Villafuerte"}}]}},"_links":{"self":[{"href":"https:\/\/www.quebakan.com\/v15\/wp-json\/wp\/v2\/posts\/127697","targetHints":{"allow":["GET"]}}],"collection":[{"href":"https:\/\/www.quebakan.com\/v15\/wp-json\/wp\/v2\/posts"}],"about":[{"href":"https:\/\/www.quebakan.com\/v15\/wp-json\/wp\/v2\/types\/post"}],"author":[{"embeddable":true,"href":"https:\/\/www.quebakan.com\/v15\/wp-json\/wp\/v2\/users\/4"}],"replies":[{"embeddable":true,"href":"https:\/\/www.quebakan.com\/v15\/wp-json\/wp\/v2\/comments?post=127697"}],"version-history":[{"count":1,"href":"https:\/\/www.quebakan.com\/v15\/wp-json\/wp\/v2\/posts\/127697\/revisions"}],"predecessor-version":[{"id":127699,"href":"https:\/\/www.quebakan.com\/v15\/wp-json\/wp\/v2\/posts\/127697\/revisions\/127699"}],"wp:featuredmedia":[{"embeddable":true,"href":"https:\/\/www.quebakan.com\/v15\/wp-json\/wp\/v2\/media\/127698"}],"wp:attachment":[{"href":"https:\/\/www.quebakan.com\/v15\/wp-json\/wp\/v2\/media?parent=127697"}],"wp:term":[{"taxonomy":"category","embeddable":true,"href":"https:\/\/www.quebakan.com\/v15\/wp-json\/wp\/v2\/categories?post=127697"},{"taxonomy":"post_tag","embeddable":true,"href":"https:\/\/www.quebakan.com\/v15\/wp-json\/wp\/v2\/tags?post=127697"}],"curies":[{"name":"wp","href":"https:\/\/api.w.org\/{rel}","templated":true}]}}