{"id":127774,"date":"2025-01-14T23:49:16","date_gmt":"2025-01-15T04:49:16","guid":{"rendered":"https:\/\/www.quebakan.com\/v15\/?p=127774"},"modified":"2025-01-15T10:08:49","modified_gmt":"2025-01-15T15:08:49","slug":"arandanos-ecuatorianos-llegan-a-dubai-de-la-mano-de-nobis-fruit-company","status":"publish","type":"post","link":"https:\/\/www.quebakan.com\/v15\/arandanos-ecuatorianos-llegan-a-dubai-de-la-mano-de-nobis-fruit-company\/","title":{"rendered":"Ar\u00e1ndanos ecuatorianos llegan a Dubai de la mano de Nobis Fruit Company"},"content":{"rendered":"<p><img fetchpriority=\"high\" decoding=\"async\" class=\"aligncenter size-full wp-image-127775\" src=\"https:\/\/www.quebakan.com\/v15\/wp-content\/uploads\/2025\/01\/FOTO-EXPORTACION-ARANDANOS-A-DUBAI-1.jpg\" alt=\"\" width=\"710\" height=\"350\" \/><\/p>\n<ul>\n<li style=\"text-align: justify;\"><span style=\"color: #000000;\"><em>AtlasBlue\u00ae es la variedad de ar\u00e1ndanos que Nobis Fruit Company export\u00f3 a Dub\u00e1i, fortaleciendo la posici\u00f3n de Ecuador como proveedor internacional de frutas no tradicionales y generando nuevas oportunidades laborales, especialmente para mujeres.<\/em><\/span><\/li>\n<\/ul>\n<p style=\"text-align: justify;\"><span style=\"color: #000000;\"><strong>Ecuador, enero de 2025<\/strong>. Nobis Fruit Company anuncia el inicio de sus exportaciones de ar\u00e1ndanos de la variedad AtlasBlue\u00ae a Dub\u00e1i. Esta expansi\u00f3n geogr\u00e1fica es parte de la estrategia de diversificaci\u00f3n de mercados de la empresa y fortalece la presencia de Ecuador como proveedor de frutas no tradicionales en mercados internacionales de alta importancia en la conexi\u00f3n global. Con este nuevo destino, se estima que para el siguiente a\u00f1o las ganancias mensuales se acerquen a los USD 60.000, reflejando el potencial econ\u00f3mico de esta iniciativa.<\/span><\/p>\n<p style=\"text-align: justify;\"><span style=\"color: #000000;\">Dub\u00e1i, la ciudad m\u00e1s grande de los Emiratos \u00c1rabes Unidos, es un centro log\u00edstico importante, facilitando la distribuci\u00f3n hacia Oriente Medio, Asia y \u00c1frica. Debido a que gran parte de los productos consumidos son importados, este mercado ofrece una plataforma para introducir productos ecuatorianos como los ar\u00e1ndanos. Este acceso ha sido posible gracias a la participaci\u00f3n de Nobis Fruit Company en la Macrorrueda de Negocios organizada por PRO ECUADOR, un espacio que ha sido esencial para establecer nuevas conexiones comerciales y expandir el alcance internacional de la compa\u00f1\u00eda.<\/span><\/p>\n<p style=\"text-align: justify;\"><span style=\"color: #000000;\">El acceso a nuevos mercados ha generado un incremento significativo en las oportunidades laborales, especialmente para mujeres, quienes juegan un papel crucial en el proceso de empaque. Este crecimiento no solo impulsa el desarrollo econ\u00f3mico local, sino tambi\u00e9n promueve la igualdad de g\u00e9nero en el \u00e1mbito laboral, beneficiando a la comunidad de manera integral. Luis Ponce, gerente general de Nobis Fruit Company, coment\u00f3: <em>\u00abEstamos entusiasmados con las nuevas oportunidades que se est\u00e1n presentando. Nuestra estrategia se centra en llevar productos de calidad a distintos rincones del mundo, y Dub\u00e1i es un paso importante en esa direcci\u00f3n\u201d.<\/em><\/span><\/p>\n<p style=\"text-align: justify;\"><span style=\"color: #000000;\">En los pr\u00f3ximos cinco a\u00f1os, le empresa tiene el objetivo de posicionarse como l\u00edder en la producci\u00f3n y exportaci\u00f3n de ar\u00e1ndanos del pa\u00eds. Se est\u00e1 trabajando en la automatizaci\u00f3n de procesos y en la expansi\u00f3n de \u00e1reas de cultivo. Adem\u00e1s, se planea ingresar a mercados de alto consumo como EE. UU., Canad\u00e1 y China.<\/span><\/p>\n<p style=\"text-align: justify;\"><span style=\"color: #000000;\">Los desaf\u00edos incluyen limitaciones de espacio a\u00e9reo y tarifas de exportaci\u00f3n. La empresa est\u00e1 optimizando sus operaciones para asegurar una log\u00edstica eficaz y competitiva, garantizando la entrega de productos de calidad.<\/span><\/p>\n","protected":false},"excerpt":{"rendered":"<p>AtlasBlue\u00ae es la variedad de ar\u00e1ndanos que Nobis Fruit Company export\u00f3 a Dub\u00e1i, fortaleciendo la posici\u00f3n de Ecuador como proveedor internacional de frutas no tradicionales y generando nuevas oportunidades laborales, especialmente para mujeres. Ecuador, enero de 2025. Nobis Fruit Company anuncia el inicio de sus exportaciones de ar\u00e1ndanos de la variedad AtlasBlue\u00ae a Dub\u00e1i. Esta [&hellip;]<\/p>\n","protected":false},"author":4,"featured_media":127775,"comment_status":"open","ping_status":"open","sticky":false,"template":"","format":"standard","meta":{"_bbp_topic_count":0,"_bbp_reply_count":0,"_bbp_total_topic_count":0,"_bbp_total_reply_count":0,"_bbp_voice_count":0,"_bbp_anonymous_reply_count":0,"_bbp_topic_count_hidden":0,"_bbp_reply_count_hidden":0,"_bbp_forum_subforum_count":0,"buzzeditor_post_format":"","footnotes":""},"categories":[2],"tags":[],"class_list":["post-127774","post","type-post","status-publish","format-standard","has-post-thumbnail","hentry","category-noticias"],"yoast_head":"<!-- This site is optimized with the Yoast SEO plugin v27.4 - https:\/\/yoast.com\/product\/yoast-seo-wordpress\/ -->\n<title>Ar\u00e1ndanos ecuatorianos llegan a Dubai de la mano de Nobis Fruit Company &#8211; QUEBAKAN.COM 2026: Noticias, Eventos, Conciertos y mucho m\u00e1s....<\/title>\n<meta name=\"robots\" content=\"index, follow, max-snippet:-1, max-image-preview:large, max-video-preview:-1\" \/>\n<link rel=\"canonical\" href=\"https:\/\/www.quebakan.com\/v15\/arandanos-ecuatorianos-llegan-a-dubai-de-la-mano-de-nobis-fruit-company\/\" \/>\n<meta property=\"og:locale\" content=\"es_ES\" \/>\n<meta property=\"og:type\" content=\"article\" \/>\n<meta property=\"og:title\" content=\"Ar\u00e1ndanos ecuatorianos llegan a Dubai de la mano de Nobis Fruit Company &#8211; QUEBAKAN.COM 2026: Noticias, Eventos, Conciertos y mucho m\u00e1s....\" \/>\n<meta property=\"og:description\" content=\"AtlasBlue\u00ae es la variedad de ar\u00e1ndanos que Nobis Fruit Company export\u00f3 a Dub\u00e1i, fortaleciendo la posici\u00f3n de Ecuador como proveedor internacional de frutas no tradicionales y generando nuevas oportunidades laborales, especialmente para mujeres. Ecuador, enero de 2025. Nobis Fruit Company anuncia el inicio de sus exportaciones de ar\u00e1ndanos de la variedad AtlasBlue\u00ae a Dub\u00e1i. Esta [&hellip;]\" \/>\n<meta property=\"og:url\" content=\"https:\/\/www.quebakan.com\/v15\/arandanos-ecuatorianos-llegan-a-dubai-de-la-mano-de-nobis-fruit-company\/\" \/>\n<meta property=\"og:site_name\" content=\"QUEBAKAN.COM 2026: Noticias, Eventos, Conciertos y mucho m\u00e1s....\" \/>\n<meta property=\"article:publisher\" content=\"http:\/\/www.facebook.com\/quebakan\" \/>\n<meta property=\"article:published_time\" content=\"2025-01-15T04:49:16+00:00\" \/>\n<meta property=\"article:modified_time\" content=\"2025-01-15T15:08:49+00:00\" \/>\n<meta property=\"og:image\" content=\"https:\/\/www.quebakan.com\/v15\/wp-content\/uploads\/2025\/01\/FOTO-EXPORTACION-ARANDANOS-A-DUBAI-1.jpg\" \/>\n\t<meta property=\"og:image:width\" content=\"710\" \/>\n\t<meta property=\"og:image:height\" content=\"350\" \/>\n\t<meta property=\"og:image:type\" content=\"image\/jpeg\" \/>\n<meta name=\"author\" content=\"Erick Villafuerte\" \/>\n<meta name=\"twitter:card\" content=\"summary_large_image\" \/>\n<meta name=\"twitter:creator\" content=\"@quebakanec\" \/>\n<meta name=\"twitter:site\" content=\"@quebakanec\" \/>\n<meta name=\"twitter:label1\" content=\"Escrito por\" \/>\n\t<meta name=\"twitter:data1\" content=\"Erick Villafuerte\" \/>\n\t<meta name=\"twitter:label2\" content=\"Tiempo de lectura\" \/>\n\t<meta name=\"twitter:data2\" content=\"3 minutos\" \/>\n<script type=\"application\/ld+json\" class=\"yoast-schema-graph\">{\"@context\":\"https:\\\/\\\/schema.org\",\"@graph\":[{\"@type\":\"Article\",\"@id\":\"https:\\\/\\\/www.quebakan.com\\\/v15\\\/arandanos-ecuatorianos-llegan-a-dubai-de-la-mano-de-nobis-fruit-company\\\/#article\",\"isPartOf\":{\"@id\":\"https:\\\/\\\/www.quebakan.com\\\/v15\\\/arandanos-ecuatorianos-llegan-a-dubai-de-la-mano-de-nobis-fruit-company\\\/\"},\"author\":{\"name\":\"Erick Villafuerte\",\"@id\":\"https:\\\/\\\/www.quebakan.com\\\/v15\\\/#\\\/schema\\\/person\\\/d90fa9f9cfa81eb8ace9811e5b7b9118\"},\"headline\":\"Ar\u00e1ndanos ecuatorianos llegan a Dubai de la mano de Nobis Fruit Company\",\"datePublished\":\"2025-01-15T04:49:16+00:00\",\"dateModified\":\"2025-01-15T15:08:49+00:00\",\"mainEntityOfPage\":{\"@id\":\"https:\\\/\\\/www.quebakan.com\\\/v15\\\/arandanos-ecuatorianos-llegan-a-dubai-de-la-mano-de-nobis-fruit-company\\\/\"},\"wordCount\":436,\"commentCount\":0,\"publisher\":{\"@id\":\"https:\\\/\\\/www.quebakan.com\\\/v15\\\/#organization\"},\"image\":{\"@id\":\"https:\\\/\\\/www.quebakan.com\\\/v15\\\/arandanos-ecuatorianos-llegan-a-dubai-de-la-mano-de-nobis-fruit-company\\\/#primaryimage\"},\"thumbnailUrl\":\"https:\\\/\\\/www.quebakan.com\\\/v15\\\/wp-content\\\/uploads\\\/2025\\\/01\\\/FOTO-EXPORTACION-ARANDANOS-A-DUBAI-1.jpg\",\"articleSection\":[\"Noticias\"],\"inLanguage\":\"es\"},{\"@type\":\"WebPage\",\"@id\":\"https:\\\/\\\/www.quebakan.com\\\/v15\\\/arandanos-ecuatorianos-llegan-a-dubai-de-la-mano-de-nobis-fruit-company\\\/\",\"url\":\"https:\\\/\\\/www.quebakan.com\\\/v15\\\/arandanos-ecuatorianos-llegan-a-dubai-de-la-mano-de-nobis-fruit-company\\\/\",\"name\":\"Ar\u00e1ndanos ecuatorianos llegan a Dubai de la mano de Nobis Fruit Company &#8211; QUEBAKAN.COM 2026: Noticias, Eventos, Conciertos y mucho m\u00e1s....\",\"isPartOf\":{\"@id\":\"https:\\\/\\\/www.quebakan.com\\\/v15\\\/#website\"},\"primaryImageOfPage\":{\"@id\":\"https:\\\/\\\/www.quebakan.com\\\/v15\\\/arandanos-ecuatorianos-llegan-a-dubai-de-la-mano-de-nobis-fruit-company\\\/#primaryimage\"},\"image\":{\"@id\":\"https:\\\/\\\/www.quebakan.com\\\/v15\\\/arandanos-ecuatorianos-llegan-a-dubai-de-la-mano-de-nobis-fruit-company\\\/#primaryimage\"},\"thumbnailUrl\":\"https:\\\/\\\/www.quebakan.com\\\/v15\\\/wp-content\\\/uploads\\\/2025\\\/01\\\/FOTO-EXPORTACION-ARANDANOS-A-DUBAI-1.jpg\",\"datePublished\":\"2025-01-15T04:49:16+00:00\",\"dateModified\":\"2025-01-15T15:08:49+00:00\",\"breadcrumb\":{\"@id\":\"https:\\\/\\\/www.quebakan.com\\\/v15\\\/arandanos-ecuatorianos-llegan-a-dubai-de-la-mano-de-nobis-fruit-company\\\/#breadcrumb\"},\"inLanguage\":\"es\",\"potentialAction\":[{\"@type\":\"ReadAction\",\"target\":[\"https:\\\/\\\/www.quebakan.com\\\/v15\\\/arandanos-ecuatorianos-llegan-a-dubai-de-la-mano-de-nobis-fruit-company\\\/\"]}]},{\"@type\":\"ImageObject\",\"inLanguage\":\"es\",\"@id\":\"https:\\\/\\\/www.quebakan.com\\\/v15\\\/arandanos-ecuatorianos-llegan-a-dubai-de-la-mano-de-nobis-fruit-company\\\/#primaryimage\",\"url\":\"https:\\\/\\\/www.quebakan.com\\\/v15\\\/wp-content\\\/uploads\\\/2025\\\/01\\\/FOTO-EXPORTACION-ARANDANOS-A-DUBAI-1.jpg\",\"contentUrl\":\"https:\\\/\\\/www.quebakan.com\\\/v15\\\/wp-content\\\/uploads\\\/2025\\\/01\\\/FOTO-EXPORTACION-ARANDANOS-A-DUBAI-1.jpg\",\"width\":710,\"height\":350},{\"@type\":\"BreadcrumbList\",\"@id\":\"https:\\\/\\\/www.quebakan.com\\\/v15\\\/arandanos-ecuatorianos-llegan-a-dubai-de-la-mano-de-nobis-fruit-company\\\/#breadcrumb\",\"itemListElement\":[{\"@type\":\"ListItem\",\"position\":1,\"name\":\"Portada\",\"item\":\"https:\\\/\\\/www.quebakan.com\\\/v15\\\/\"},{\"@type\":\"ListItem\",\"position\":2,\"name\":\"Ar\u00e1ndanos ecuatorianos llegan a Dubai de la mano de Nobis Fruit Company\"}]},{\"@type\":\"WebSite\",\"@id\":\"https:\\\/\\\/www.quebakan.com\\\/v15\\\/#website\",\"url\":\"https:\\\/\\\/www.quebakan.com\\\/v15\\\/\",\"name\":\"QUEBAKAN\",\"description\":\"..\",\"publisher\":{\"@id\":\"https:\\\/\\\/www.quebakan.com\\\/v15\\\/#organization\"},\"potentialAction\":[{\"@type\":\"SearchAction\",\"target\":{\"@type\":\"EntryPoint\",\"urlTemplate\":\"https:\\\/\\\/www.quebakan.com\\\/v15\\\/?s={search_term_string}\"},\"query-input\":{\"@type\":\"PropertyValueSpecification\",\"valueRequired\":true,\"valueName\":\"search_term_string\"}}],\"inLanguage\":\"es\"},{\"@type\":\"Organization\",\"@id\":\"https:\\\/\\\/www.quebakan.com\\\/v15\\\/#organization\",\"name\":\"Quebakan.com\",\"url\":\"https:\\\/\\\/www.quebakan.com\\\/v15\\\/\",\"logo\":{\"@type\":\"ImageObject\",\"inLanguage\":\"es\",\"@id\":\"https:\\\/\\\/www.quebakan.com\\\/v15\\\/#\\\/schema\\\/logo\\\/image\\\/\",\"url\":\"https:\\\/\\\/www.quebakan.com\\\/v15\\\/wp-content\\\/uploads\\\/2023\\\/07\\\/logoquebakanenero2021.jpg\",\"contentUrl\":\"https:\\\/\\\/www.quebakan.com\\\/v15\\\/wp-content\\\/uploads\\\/2023\\\/07\\\/logoquebakanenero2021.jpg\",\"width\":1920,\"height\":1080,\"caption\":\"Quebakan.com\"},\"image\":{\"@id\":\"https:\\\/\\\/www.quebakan.com\\\/v15\\\/#\\\/schema\\\/logo\\\/image\\\/\"},\"sameAs\":[\"http:\\\/\\\/www.facebook.com\\\/quebakan\",\"https:\\\/\\\/x.com\\\/quebakanec\",\"http:\\\/\\\/www.instagram.com\\\/quebakan\",\"http:\\\/\\\/www.youtube.com\\\/quebakan1\"]},{\"@type\":\"Person\",\"@id\":\"https:\\\/\\\/www.quebakan.com\\\/v15\\\/#\\\/schema\\\/person\\\/d90fa9f9cfa81eb8ace9811e5b7b9118\",\"name\":\"Erick Villafuerte\",\"image\":{\"@type\":\"ImageObject\",\"inLanguage\":\"es\",\"@id\":\"https:\\\/\\\/www.quebakan.com\\\/v15\\\/wp-content\\\/uploads\\\/avatars\\\/4\\\/1731297654-bpfull.png\",\"url\":\"https:\\\/\\\/www.quebakan.com\\\/v15\\\/wp-content\\\/uploads\\\/avatars\\\/4\\\/1731297654-bpfull.png\",\"contentUrl\":\"https:\\\/\\\/www.quebakan.com\\\/v15\\\/wp-content\\\/uploads\\\/avatars\\\/4\\\/1731297654-bpfull.png\",\"caption\":\"Erick Villafuerte\"}}]}<\/script>\n<!-- \/ Yoast SEO plugin. -->","yoast_head_json":{"title":"Ar\u00e1ndanos ecuatorianos llegan a Dubai de la mano de Nobis Fruit Company &#8211; QUEBAKAN.COM 2026: Noticias, Eventos, Conciertos y mucho m\u00e1s....","robots":{"index":"index","follow":"follow","max-snippet":"max-snippet:-1","max-image-preview":"max-image-preview:large","max-video-preview":"max-video-preview:-1"},"canonical":"https:\/\/www.quebakan.com\/v15\/arandanos-ecuatorianos-llegan-a-dubai-de-la-mano-de-nobis-fruit-company\/","og_locale":"es_ES","og_type":"article","og_title":"Ar\u00e1ndanos ecuatorianos llegan a Dubai de la mano de Nobis Fruit Company &#8211; QUEBAKAN.COM 2026: Noticias, Eventos, Conciertos y mucho m\u00e1s....","og_description":"AtlasBlue\u00ae es la variedad de ar\u00e1ndanos que Nobis Fruit Company export\u00f3 a Dub\u00e1i, fortaleciendo la posici\u00f3n de Ecuador como proveedor internacional de frutas no tradicionales y generando nuevas oportunidades laborales, especialmente para mujeres. Ecuador, enero de 2025. Nobis Fruit Company anuncia el inicio de sus exportaciones de ar\u00e1ndanos de la variedad AtlasBlue\u00ae a Dub\u00e1i. Esta [&hellip;]","og_url":"https:\/\/www.quebakan.com\/v15\/arandanos-ecuatorianos-llegan-a-dubai-de-la-mano-de-nobis-fruit-company\/","og_site_name":"QUEBAKAN.COM 2026: Noticias, Eventos, Conciertos y mucho m\u00e1s....","article_publisher":"http:\/\/www.facebook.com\/quebakan","article_published_time":"2025-01-15T04:49:16+00:00","article_modified_time":"2025-01-15T15:08:49+00:00","og_image":[{"width":710,"height":350,"url":"https:\/\/www.quebakan.com\/v15\/wp-content\/uploads\/2025\/01\/FOTO-EXPORTACION-ARANDANOS-A-DUBAI-1.jpg","type":"image\/jpeg"}],"author":"Erick Villafuerte","twitter_card":"summary_large_image","twitter_creator":"@quebakanec","twitter_site":"@quebakanec","twitter_misc":{"Escrito por":"Erick Villafuerte","Tiempo de lectura":"3 minutos"},"schema":{"@context":"https:\/\/schema.org","@graph":[{"@type":"Article","@id":"https:\/\/www.quebakan.com\/v15\/arandanos-ecuatorianos-llegan-a-dubai-de-la-mano-de-nobis-fruit-company\/#article","isPartOf":{"@id":"https:\/\/www.quebakan.com\/v15\/arandanos-ecuatorianos-llegan-a-dubai-de-la-mano-de-nobis-fruit-company\/"},"author":{"name":"Erick Villafuerte","@id":"https:\/\/www.quebakan.com\/v15\/#\/schema\/person\/d90fa9f9cfa81eb8ace9811e5b7b9118"},"headline":"Ar\u00e1ndanos ecuatorianos llegan a Dubai de la mano de Nobis Fruit Company","datePublished":"2025-01-15T04:49:16+00:00","dateModified":"2025-01-15T15:08:49+00:00","mainEntityOfPage":{"@id":"https:\/\/www.quebakan.com\/v15\/arandanos-ecuatorianos-llegan-a-dubai-de-la-mano-de-nobis-fruit-company\/"},"wordCount":436,"commentCount":0,"publisher":{"@id":"https:\/\/www.quebakan.com\/v15\/#organization"},"image":{"@id":"https:\/\/www.quebakan.com\/v15\/arandanos-ecuatorianos-llegan-a-dubai-de-la-mano-de-nobis-fruit-company\/#primaryimage"},"thumbnailUrl":"https:\/\/www.quebakan.com\/v15\/wp-content\/uploads\/2025\/01\/FOTO-EXPORTACION-ARANDANOS-A-DUBAI-1.jpg","articleSection":["Noticias"],"inLanguage":"es"},{"@type":"WebPage","@id":"https:\/\/www.quebakan.com\/v15\/arandanos-ecuatorianos-llegan-a-dubai-de-la-mano-de-nobis-fruit-company\/","url":"https:\/\/www.quebakan.com\/v15\/arandanos-ecuatorianos-llegan-a-dubai-de-la-mano-de-nobis-fruit-company\/","name":"Ar\u00e1ndanos ecuatorianos llegan a Dubai de la mano de Nobis Fruit Company &#8211; QUEBAKAN.COM 2026: Noticias, Eventos, Conciertos y mucho m\u00e1s....","isPartOf":{"@id":"https:\/\/www.quebakan.com\/v15\/#website"},"primaryImageOfPage":{"@id":"https:\/\/www.quebakan.com\/v15\/arandanos-ecuatorianos-llegan-a-dubai-de-la-mano-de-nobis-fruit-company\/#primaryimage"},"image":{"@id":"https:\/\/www.quebakan.com\/v15\/arandanos-ecuatorianos-llegan-a-dubai-de-la-mano-de-nobis-fruit-company\/#primaryimage"},"thumbnailUrl":"https:\/\/www.quebakan.com\/v15\/wp-content\/uploads\/2025\/01\/FOTO-EXPORTACION-ARANDANOS-A-DUBAI-1.jpg","datePublished":"2025-01-15T04:49:16+00:00","dateModified":"2025-01-15T15:08:49+00:00","breadcrumb":{"@id":"https:\/\/www.quebakan.com\/v15\/arandanos-ecuatorianos-llegan-a-dubai-de-la-mano-de-nobis-fruit-company\/#breadcrumb"},"inLanguage":"es","potentialAction":[{"@type":"ReadAction","target":["https:\/\/www.quebakan.com\/v15\/arandanos-ecuatorianos-llegan-a-dubai-de-la-mano-de-nobis-fruit-company\/"]}]},{"@type":"ImageObject","inLanguage":"es","@id":"https:\/\/www.quebakan.com\/v15\/arandanos-ecuatorianos-llegan-a-dubai-de-la-mano-de-nobis-fruit-company\/#primaryimage","url":"https:\/\/www.quebakan.com\/v15\/wp-content\/uploads\/2025\/01\/FOTO-EXPORTACION-ARANDANOS-A-DUBAI-1.jpg","contentUrl":"https:\/\/www.quebakan.com\/v15\/wp-content\/uploads\/2025\/01\/FOTO-EXPORTACION-ARANDANOS-A-DUBAI-1.jpg","width":710,"height":350},{"@type":"BreadcrumbList","@id":"https:\/\/www.quebakan.com\/v15\/arandanos-ecuatorianos-llegan-a-dubai-de-la-mano-de-nobis-fruit-company\/#breadcrumb","itemListElement":[{"@type":"ListItem","position":1,"name":"Portada","item":"https:\/\/www.quebakan.com\/v15\/"},{"@type":"ListItem","position":2,"name":"Ar\u00e1ndanos ecuatorianos llegan a Dubai de la mano de Nobis Fruit Company"}]},{"@type":"WebSite","@id":"https:\/\/www.quebakan.com\/v15\/#website","url":"https:\/\/www.quebakan.com\/v15\/","name":"QUEBAKAN","description":"..","publisher":{"@id":"https:\/\/www.quebakan.com\/v15\/#organization"},"potentialAction":[{"@type":"SearchAction","target":{"@type":"EntryPoint","urlTemplate":"https:\/\/www.quebakan.com\/v15\/?s={search_term_string}"},"query-input":{"@type":"PropertyValueSpecification","valueRequired":true,"valueName":"search_term_string"}}],"inLanguage":"es"},{"@type":"Organization","@id":"https:\/\/www.quebakan.com\/v15\/#organization","name":"Quebakan.com","url":"https:\/\/www.quebakan.com\/v15\/","logo":{"@type":"ImageObject","inLanguage":"es","@id":"https:\/\/www.quebakan.com\/v15\/#\/schema\/logo\/image\/","url":"https:\/\/www.quebakan.com\/v15\/wp-content\/uploads\/2023\/07\/logoquebakanenero2021.jpg","contentUrl":"https:\/\/www.quebakan.com\/v15\/wp-content\/uploads\/2023\/07\/logoquebakanenero2021.jpg","width":1920,"height":1080,"caption":"Quebakan.com"},"image":{"@id":"https:\/\/www.quebakan.com\/v15\/#\/schema\/logo\/image\/"},"sameAs":["http:\/\/www.facebook.com\/quebakan","https:\/\/x.com\/quebakanec","http:\/\/www.instagram.com\/quebakan","http:\/\/www.youtube.com\/quebakan1"]},{"@type":"Person","@id":"https:\/\/www.quebakan.com\/v15\/#\/schema\/person\/d90fa9f9cfa81eb8ace9811e5b7b9118","name":"Erick Villafuerte","image":{"@type":"ImageObject","inLanguage":"es","@id":"https:\/\/www.quebakan.com\/v15\/wp-content\/uploads\/avatars\/4\/1731297654-bpfull.png","url":"https:\/\/www.quebakan.com\/v15\/wp-content\/uploads\/avatars\/4\/1731297654-bpfull.png","contentUrl":"https:\/\/www.quebakan.com\/v15\/wp-content\/uploads\/avatars\/4\/1731297654-bpfull.png","caption":"Erick Villafuerte"}}]}},"_links":{"self":[{"href":"https:\/\/www.quebakan.com\/v15\/wp-json\/wp\/v2\/posts\/127774","targetHints":{"allow":["GET"]}}],"collection":[{"href":"https:\/\/www.quebakan.com\/v15\/wp-json\/wp\/v2\/posts"}],"about":[{"href":"https:\/\/www.quebakan.com\/v15\/wp-json\/wp\/v2\/types\/post"}],"author":[{"embeddable":true,"href":"https:\/\/www.quebakan.com\/v15\/wp-json\/wp\/v2\/users\/4"}],"replies":[{"embeddable":true,"href":"https:\/\/www.quebakan.com\/v15\/wp-json\/wp\/v2\/comments?post=127774"}],"version-history":[{"count":2,"href":"https:\/\/www.quebakan.com\/v15\/wp-json\/wp\/v2\/posts\/127774\/revisions"}],"predecessor-version":[{"id":127777,"href":"https:\/\/www.quebakan.com\/v15\/wp-json\/wp\/v2\/posts\/127774\/revisions\/127777"}],"wp:featuredmedia":[{"embeddable":true,"href":"https:\/\/www.quebakan.com\/v15\/wp-json\/wp\/v2\/media\/127775"}],"wp:attachment":[{"href":"https:\/\/www.quebakan.com\/v15\/wp-json\/wp\/v2\/media?parent=127774"}],"wp:term":[{"taxonomy":"category","embeddable":true,"href":"https:\/\/www.quebakan.com\/v15\/wp-json\/wp\/v2\/categories?post=127774"},{"taxonomy":"post_tag","embeddable":true,"href":"https:\/\/www.quebakan.com\/v15\/wp-json\/wp\/v2\/tags?post=127774"}],"curies":[{"name":"wp","href":"https:\/\/api.w.org\/{rel}","templated":true}]}}