{"id":127783,"date":"2025-01-16T00:42:22","date_gmt":"2025-01-16T05:42:22","guid":{"rendered":"https:\/\/www.quebakan.com\/v15\/?p=127783"},"modified":"2025-01-16T00:42:22","modified_gmt":"2025-01-16T05:42:22","slug":"mall-del-sol-despide-la-epoca-navidena-con-la-entrega-de-seis-vehiculos-0km","status":"publish","type":"post","link":"https:\/\/www.quebakan.com\/v15\/mall-del-sol-despide-la-epoca-navidena-con-la-entrega-de-seis-vehiculos-0km\/","title":{"rendered":"Mall del Sol despide la \u00e9poca navide\u00f1a con la entrega de seis veh\u00edculos 0km"},"content":{"rendered":"<p><img fetchpriority=\"high\" decoding=\"async\" class=\"aligncenter size-full wp-image-127784\" src=\"https:\/\/www.quebakan.com\/v15\/wp-content\/uploads\/2025\/01\/DSC02326.jpg\" alt=\"\" width=\"710\" height=\"473\" \/><\/p>\n<p style=\"text-align: justify;\"><span style=\"color: #000000;\"><em>El centro comercial m\u00e1s representativo de Guayaquil entreg\u00f3 m\u00e1s de $100.000 en premios instant\u00e1neos como Billesoles y GIFTcards\u00ae by Diners Club como parte de su campa\u00f1a \u201cDesenvuelve la Navidad\u201d<\/em><\/span><\/p>\n<p style=\"text-align: justify;\"><span style=\"color: #000000;\"><strong>Guayaquil, 10 de enero de 2025.- <\/strong>Dentro de un ambiente lleno de alegr\u00eda, celebraci\u00f3n y premios, Mall del Sol recibi\u00f3 a m\u00e1s de 4 millones de visitantes en su temporada navide\u00f1a. Desde la Estaci\u00f3n M\u00e1gica, un espacio que acogi\u00f3 a miles de familias en m\u00e1s de diez estaciones navide\u00f1as hasta llegar a Pap\u00e1 Noel, hasta la reciente entrega de 6 autos Hyundai Creta a 6 clientes de distintos puntos de la ciudad y el pa\u00eds.<\/span><\/p>\n<p style=\"text-align: justify;\"><span style=\"color: #000000;\">Esta \u00e9poca estuvo llena de ofertas exclusivas en las tradicionales campa\u00f1as Al que madruga Mall del Sol lo ayuda y Black Weekend, actividades familiares como la Carta a Pap\u00e1 Noel y el Concurso de Coros \u201cClave de Sol\u201d, y muchas oportunidades para crear invaluables recuerdos en un entorno navide\u00f1o inolvidable.<\/span><\/p>\n<p style=\"text-align: justify;\"><span style=\"color: #000000;\"><em>\u201cCon la entrega de los 6 autos 0km damos por terminada la temporada navide\u00f1a de Mall del Sol. Nos llena de orgullo haber recibido a millones de personas a quienes le recompensamos su fidelidad con promociones y adem\u00e1s tuvieron la oportunidad de compartir momentos \u00fanicos. En esta Navidad se desenvolvieron momentos de uni\u00f3n familiar, reencuentros y recuerdos inolvidables que hacen de Mall del Sol un lugar \u00fanico para todos.\u201d<\/em> menciona Sof\u00eda Naranjo, Gerente Comercial y Desarrollo Corporativo de Mobilsol.<\/span><\/p>\n<p style=\"text-align: justify;\"><span style=\"color: #000000;\">Durante noviembre y diciembre, el centro comercial entreg\u00f3 m\u00e1s de $100.000 en premios instant\u00e1neos como Billesoles y giftcards, adem\u00e1s de televisores Riviera de 65 pulgadas, bicicletas, membres\u00edas y \u00f3rdenes de consumo. Adem\u00e1s, por cada $30 de consumos registrados en la aplicaci\u00f3n, los clientes acumulaban oportunidades para el sorteo de 6 autos 0km. Hyundai All New Creta 4&#215;2 a\u00f1o 2025. Al pagar sus compras con Diners, recib\u00edan triple cup\u00f3n.<\/span><\/p>\n<p style=\"text-align: justify;\"><span style=\"color: #000000;\">Los se\u00f1ores Milton Mejia con CI 120XXXX242; Ida Mendoza, con CI 090XXXX975; Silvia Andrade, con CI 092XXXX892; Evelyn Garc\u00eda, con CI 210XXXX206; Alberto Hidalgo, con CI 093XXXX141; y Joselin\u00a0 S\u00e1nchez, con CI 092XXXX533, fueron los 6 ganadores de los 6 autos 0km.<\/span><\/p>\n<p style=\"text-align: justify;\"><span style=\"color: #000000;\">Adem\u00e1s, los ganadores del concurso de Coros \u201cClave de Sol\u201d se llevaron reconocimientos:<\/span><\/p>\n<p style=\"text-align: justify;\"><span style=\"color: #000000;\">Clave de Oro (Primer lugar): $1.000 &#8211; Unidad Educativa Mariscal Sucre.<\/span><\/p>\n<p style=\"text-align: justify;\"><span style=\"color: #000000;\">Clave de Plata (Segundo lugar): TV 40\u201d &#8211; Unidad Educativa San Jos\u00e9 La Salle.<\/span><\/p>\n<p style=\"text-align: justify;\"><span style=\"color: #000000;\">Clave de Bronce (Tercer lugar): $400 &#8211; Liceo Cristiano de Guayaquil.<\/span><\/p>\n<p style=\"text-align: justify;\"><span style=\"color: #000000;\">Menci\u00f3n especial: $200 &#8211; Conjunto Vocal Alabanza.<\/span><\/p>\n<p style=\"text-align: justify;\"><span style=\"color: #000000;\">En este nuevo a\u00f1o, Mall del Sol promete m\u00e1s eventos, campa\u00f1as y experiencias para todos.<\/span><\/p>\n<p style=\"text-align: justify;\"><span style=\"color: #000000;\"><strong><em>Mall del Sol, lo tiene todo.<\/em><\/strong><\/span><\/p>\n","protected":false},"excerpt":{"rendered":"<p>El centro comercial m\u00e1s representativo de Guayaquil entreg\u00f3 m\u00e1s de $100.000 en premios instant\u00e1neos como Billesoles y GIFTcards\u00ae by Diners Club como parte de su campa\u00f1a \u201cDesenvuelve la Navidad\u201d Guayaquil, 10 de enero de 2025.- Dentro de un ambiente lleno de alegr\u00eda, celebraci\u00f3n y premios, Mall del Sol recibi\u00f3 a m\u00e1s de 4 millones de [&hellip;]<\/p>\n","protected":false},"author":4,"featured_media":127784,"comment_status":"open","ping_status":"open","sticky":false,"template":"","format":"standard","meta":{"_bbp_topic_count":0,"_bbp_reply_count":0,"_bbp_total_topic_count":0,"_bbp_total_reply_count":0,"_bbp_voice_count":0,"_bbp_anonymous_reply_count":0,"_bbp_topic_count_hidden":0,"_bbp_reply_count_hidden":0,"_bbp_forum_subforum_count":0,"buzzeditor_post_format":"","footnotes":""},"categories":[2],"tags":[],"class_list":["post-127783","post","type-post","status-publish","format-standard","has-post-thumbnail","hentry","category-noticias"],"yoast_head":"<!-- This site is optimized with the Yoast SEO plugin v27.4 - https:\/\/yoast.com\/product\/yoast-seo-wordpress\/ -->\n<title>Mall del Sol despide la \u00e9poca navide\u00f1a con la entrega de seis veh\u00edculos 0km &#8211; QUEBAKAN.COM 2026: Noticias, Eventos, Conciertos y mucho m\u00e1s....<\/title>\n<meta name=\"robots\" content=\"index, follow, max-snippet:-1, max-image-preview:large, max-video-preview:-1\" \/>\n<link rel=\"canonical\" href=\"https:\/\/www.quebakan.com\/v15\/mall-del-sol-despide-la-epoca-navidena-con-la-entrega-de-seis-vehiculos-0km\/\" \/>\n<meta property=\"og:locale\" content=\"es_ES\" \/>\n<meta property=\"og:type\" content=\"article\" \/>\n<meta property=\"og:title\" content=\"Mall del Sol despide la \u00e9poca navide\u00f1a con la entrega de seis veh\u00edculos 0km &#8211; QUEBAKAN.COM 2026: Noticias, Eventos, Conciertos y mucho m\u00e1s....\" \/>\n<meta property=\"og:description\" content=\"El centro comercial m\u00e1s representativo de Guayaquil entreg\u00f3 m\u00e1s de $100.000 en premios instant\u00e1neos como Billesoles y GIFTcards\u00ae by Diners Club como parte de su campa\u00f1a \u201cDesenvuelve la Navidad\u201d Guayaquil, 10 de enero de 2025.- Dentro de un ambiente lleno de alegr\u00eda, celebraci\u00f3n y premios, Mall del Sol recibi\u00f3 a m\u00e1s de 4 millones de [&hellip;]\" \/>\n<meta property=\"og:url\" content=\"https:\/\/www.quebakan.com\/v15\/mall-del-sol-despide-la-epoca-navidena-con-la-entrega-de-seis-vehiculos-0km\/\" \/>\n<meta property=\"og:site_name\" content=\"QUEBAKAN.COM 2026: Noticias, Eventos, Conciertos y mucho m\u00e1s....\" \/>\n<meta property=\"article:publisher\" content=\"http:\/\/www.facebook.com\/quebakan\" \/>\n<meta property=\"article:published_time\" content=\"2025-01-16T05:42:22+00:00\" \/>\n<meta property=\"og:image\" content=\"https:\/\/www.quebakan.com\/v15\/wp-content\/uploads\/2025\/01\/DSC02326.jpg\" \/>\n\t<meta property=\"og:image:width\" content=\"710\" \/>\n\t<meta property=\"og:image:height\" content=\"473\" \/>\n\t<meta property=\"og:image:type\" content=\"image\/jpeg\" \/>\n<meta name=\"author\" content=\"Erick Villafuerte\" \/>\n<meta name=\"twitter:card\" content=\"summary_large_image\" \/>\n<meta name=\"twitter:creator\" content=\"@quebakanec\" \/>\n<meta name=\"twitter:site\" content=\"@quebakanec\" \/>\n<meta name=\"twitter:label1\" content=\"Escrito por\" \/>\n\t<meta name=\"twitter:data1\" content=\"Erick Villafuerte\" \/>\n\t<meta name=\"twitter:label2\" content=\"Tiempo de lectura\" \/>\n\t<meta name=\"twitter:data2\" content=\"3 minutos\" \/>\n<script type=\"application\/ld+json\" class=\"yoast-schema-graph\">{\"@context\":\"https:\\\/\\\/schema.org\",\"@graph\":[{\"@type\":\"Article\",\"@id\":\"https:\\\/\\\/www.quebakan.com\\\/v15\\\/mall-del-sol-despide-la-epoca-navidena-con-la-entrega-de-seis-vehiculos-0km\\\/#article\",\"isPartOf\":{\"@id\":\"https:\\\/\\\/www.quebakan.com\\\/v15\\\/mall-del-sol-despide-la-epoca-navidena-con-la-entrega-de-seis-vehiculos-0km\\\/\"},\"author\":{\"name\":\"Erick Villafuerte\",\"@id\":\"https:\\\/\\\/www.quebakan.com\\\/v15\\\/#\\\/schema\\\/person\\\/d90fa9f9cfa81eb8ace9811e5b7b9118\"},\"headline\":\"Mall del Sol despide la \u00e9poca navide\u00f1a con la entrega de seis veh\u00edculos 0km\",\"datePublished\":\"2025-01-16T05:42:22+00:00\",\"mainEntityOfPage\":{\"@id\":\"https:\\\/\\\/www.quebakan.com\\\/v15\\\/mall-del-sol-despide-la-epoca-navidena-con-la-entrega-de-seis-vehiculos-0km\\\/\"},\"wordCount\":455,\"commentCount\":0,\"publisher\":{\"@id\":\"https:\\\/\\\/www.quebakan.com\\\/v15\\\/#organization\"},\"image\":{\"@id\":\"https:\\\/\\\/www.quebakan.com\\\/v15\\\/mall-del-sol-despide-la-epoca-navidena-con-la-entrega-de-seis-vehiculos-0km\\\/#primaryimage\"},\"thumbnailUrl\":\"https:\\\/\\\/www.quebakan.com\\\/v15\\\/wp-content\\\/uploads\\\/2025\\\/01\\\/DSC02326.jpg\",\"articleSection\":[\"Noticias\"],\"inLanguage\":\"es\"},{\"@type\":\"WebPage\",\"@id\":\"https:\\\/\\\/www.quebakan.com\\\/v15\\\/mall-del-sol-despide-la-epoca-navidena-con-la-entrega-de-seis-vehiculos-0km\\\/\",\"url\":\"https:\\\/\\\/www.quebakan.com\\\/v15\\\/mall-del-sol-despide-la-epoca-navidena-con-la-entrega-de-seis-vehiculos-0km\\\/\",\"name\":\"Mall del Sol despide la \u00e9poca navide\u00f1a con la entrega de seis veh\u00edculos 0km &#8211; QUEBAKAN.COM 2026: Noticias, Eventos, Conciertos y mucho m\u00e1s....\",\"isPartOf\":{\"@id\":\"https:\\\/\\\/www.quebakan.com\\\/v15\\\/#website\"},\"primaryImageOfPage\":{\"@id\":\"https:\\\/\\\/www.quebakan.com\\\/v15\\\/mall-del-sol-despide-la-epoca-navidena-con-la-entrega-de-seis-vehiculos-0km\\\/#primaryimage\"},\"image\":{\"@id\":\"https:\\\/\\\/www.quebakan.com\\\/v15\\\/mall-del-sol-despide-la-epoca-navidena-con-la-entrega-de-seis-vehiculos-0km\\\/#primaryimage\"},\"thumbnailUrl\":\"https:\\\/\\\/www.quebakan.com\\\/v15\\\/wp-content\\\/uploads\\\/2025\\\/01\\\/DSC02326.jpg\",\"datePublished\":\"2025-01-16T05:42:22+00:00\",\"breadcrumb\":{\"@id\":\"https:\\\/\\\/www.quebakan.com\\\/v15\\\/mall-del-sol-despide-la-epoca-navidena-con-la-entrega-de-seis-vehiculos-0km\\\/#breadcrumb\"},\"inLanguage\":\"es\",\"potentialAction\":[{\"@type\":\"ReadAction\",\"target\":[\"https:\\\/\\\/www.quebakan.com\\\/v15\\\/mall-del-sol-despide-la-epoca-navidena-con-la-entrega-de-seis-vehiculos-0km\\\/\"]}]},{\"@type\":\"ImageObject\",\"inLanguage\":\"es\",\"@id\":\"https:\\\/\\\/www.quebakan.com\\\/v15\\\/mall-del-sol-despide-la-epoca-navidena-con-la-entrega-de-seis-vehiculos-0km\\\/#primaryimage\",\"url\":\"https:\\\/\\\/www.quebakan.com\\\/v15\\\/wp-content\\\/uploads\\\/2025\\\/01\\\/DSC02326.jpg\",\"contentUrl\":\"https:\\\/\\\/www.quebakan.com\\\/v15\\\/wp-content\\\/uploads\\\/2025\\\/01\\\/DSC02326.jpg\",\"width\":710,\"height\":473},{\"@type\":\"BreadcrumbList\",\"@id\":\"https:\\\/\\\/www.quebakan.com\\\/v15\\\/mall-del-sol-despide-la-epoca-navidena-con-la-entrega-de-seis-vehiculos-0km\\\/#breadcrumb\",\"itemListElement\":[{\"@type\":\"ListItem\",\"position\":1,\"name\":\"Portada\",\"item\":\"https:\\\/\\\/www.quebakan.com\\\/v15\\\/\"},{\"@type\":\"ListItem\",\"position\":2,\"name\":\"Mall del Sol despide la \u00e9poca navide\u00f1a con la entrega de seis veh\u00edculos 0km\"}]},{\"@type\":\"WebSite\",\"@id\":\"https:\\\/\\\/www.quebakan.com\\\/v15\\\/#website\",\"url\":\"https:\\\/\\\/www.quebakan.com\\\/v15\\\/\",\"name\":\"QUEBAKAN\",\"description\":\"..\",\"publisher\":{\"@id\":\"https:\\\/\\\/www.quebakan.com\\\/v15\\\/#organization\"},\"potentialAction\":[{\"@type\":\"SearchAction\",\"target\":{\"@type\":\"EntryPoint\",\"urlTemplate\":\"https:\\\/\\\/www.quebakan.com\\\/v15\\\/?s={search_term_string}\"},\"query-input\":{\"@type\":\"PropertyValueSpecification\",\"valueRequired\":true,\"valueName\":\"search_term_string\"}}],\"inLanguage\":\"es\"},{\"@type\":\"Organization\",\"@id\":\"https:\\\/\\\/www.quebakan.com\\\/v15\\\/#organization\",\"name\":\"Quebakan.com\",\"url\":\"https:\\\/\\\/www.quebakan.com\\\/v15\\\/\",\"logo\":{\"@type\":\"ImageObject\",\"inLanguage\":\"es\",\"@id\":\"https:\\\/\\\/www.quebakan.com\\\/v15\\\/#\\\/schema\\\/logo\\\/image\\\/\",\"url\":\"https:\\\/\\\/www.quebakan.com\\\/v15\\\/wp-content\\\/uploads\\\/2023\\\/07\\\/logoquebakanenero2021.jpg\",\"contentUrl\":\"https:\\\/\\\/www.quebakan.com\\\/v15\\\/wp-content\\\/uploads\\\/2023\\\/07\\\/logoquebakanenero2021.jpg\",\"width\":1920,\"height\":1080,\"caption\":\"Quebakan.com\"},\"image\":{\"@id\":\"https:\\\/\\\/www.quebakan.com\\\/v15\\\/#\\\/schema\\\/logo\\\/image\\\/\"},\"sameAs\":[\"http:\\\/\\\/www.facebook.com\\\/quebakan\",\"https:\\\/\\\/x.com\\\/quebakanec\",\"http:\\\/\\\/www.instagram.com\\\/quebakan\",\"http:\\\/\\\/www.youtube.com\\\/quebakan1\"]},{\"@type\":\"Person\",\"@id\":\"https:\\\/\\\/www.quebakan.com\\\/v15\\\/#\\\/schema\\\/person\\\/d90fa9f9cfa81eb8ace9811e5b7b9118\",\"name\":\"Erick Villafuerte\",\"image\":{\"@type\":\"ImageObject\",\"inLanguage\":\"es\",\"@id\":\"https:\\\/\\\/www.quebakan.com\\\/v15\\\/wp-content\\\/uploads\\\/avatars\\\/4\\\/1731297654-bpfull.png\",\"url\":\"https:\\\/\\\/www.quebakan.com\\\/v15\\\/wp-content\\\/uploads\\\/avatars\\\/4\\\/1731297654-bpfull.png\",\"contentUrl\":\"https:\\\/\\\/www.quebakan.com\\\/v15\\\/wp-content\\\/uploads\\\/avatars\\\/4\\\/1731297654-bpfull.png\",\"caption\":\"Erick Villafuerte\"}}]}<\/script>\n<!-- \/ Yoast SEO plugin. -->","yoast_head_json":{"title":"Mall del Sol despide la \u00e9poca navide\u00f1a con la entrega de seis veh\u00edculos 0km &#8211; QUEBAKAN.COM 2026: Noticias, Eventos, Conciertos y mucho m\u00e1s....","robots":{"index":"index","follow":"follow","max-snippet":"max-snippet:-1","max-image-preview":"max-image-preview:large","max-video-preview":"max-video-preview:-1"},"canonical":"https:\/\/www.quebakan.com\/v15\/mall-del-sol-despide-la-epoca-navidena-con-la-entrega-de-seis-vehiculos-0km\/","og_locale":"es_ES","og_type":"article","og_title":"Mall del Sol despide la \u00e9poca navide\u00f1a con la entrega de seis veh\u00edculos 0km &#8211; QUEBAKAN.COM 2026: Noticias, Eventos, Conciertos y mucho m\u00e1s....","og_description":"El centro comercial m\u00e1s representativo de Guayaquil entreg\u00f3 m\u00e1s de $100.000 en premios instant\u00e1neos como Billesoles y GIFTcards\u00ae by Diners Club como parte de su campa\u00f1a \u201cDesenvuelve la Navidad\u201d Guayaquil, 10 de enero de 2025.- Dentro de un ambiente lleno de alegr\u00eda, celebraci\u00f3n y premios, Mall del Sol recibi\u00f3 a m\u00e1s de 4 millones de [&hellip;]","og_url":"https:\/\/www.quebakan.com\/v15\/mall-del-sol-despide-la-epoca-navidena-con-la-entrega-de-seis-vehiculos-0km\/","og_site_name":"QUEBAKAN.COM 2026: Noticias, Eventos, Conciertos y mucho m\u00e1s....","article_publisher":"http:\/\/www.facebook.com\/quebakan","article_published_time":"2025-01-16T05:42:22+00:00","og_image":[{"width":710,"height":473,"url":"https:\/\/www.quebakan.com\/v15\/wp-content\/uploads\/2025\/01\/DSC02326.jpg","type":"image\/jpeg"}],"author":"Erick Villafuerte","twitter_card":"summary_large_image","twitter_creator":"@quebakanec","twitter_site":"@quebakanec","twitter_misc":{"Escrito por":"Erick Villafuerte","Tiempo de lectura":"3 minutos"},"schema":{"@context":"https:\/\/schema.org","@graph":[{"@type":"Article","@id":"https:\/\/www.quebakan.com\/v15\/mall-del-sol-despide-la-epoca-navidena-con-la-entrega-de-seis-vehiculos-0km\/#article","isPartOf":{"@id":"https:\/\/www.quebakan.com\/v15\/mall-del-sol-despide-la-epoca-navidena-con-la-entrega-de-seis-vehiculos-0km\/"},"author":{"name":"Erick Villafuerte","@id":"https:\/\/www.quebakan.com\/v15\/#\/schema\/person\/d90fa9f9cfa81eb8ace9811e5b7b9118"},"headline":"Mall del Sol despide la \u00e9poca navide\u00f1a con la entrega de seis veh\u00edculos 0km","datePublished":"2025-01-16T05:42:22+00:00","mainEntityOfPage":{"@id":"https:\/\/www.quebakan.com\/v15\/mall-del-sol-despide-la-epoca-navidena-con-la-entrega-de-seis-vehiculos-0km\/"},"wordCount":455,"commentCount":0,"publisher":{"@id":"https:\/\/www.quebakan.com\/v15\/#organization"},"image":{"@id":"https:\/\/www.quebakan.com\/v15\/mall-del-sol-despide-la-epoca-navidena-con-la-entrega-de-seis-vehiculos-0km\/#primaryimage"},"thumbnailUrl":"https:\/\/www.quebakan.com\/v15\/wp-content\/uploads\/2025\/01\/DSC02326.jpg","articleSection":["Noticias"],"inLanguage":"es"},{"@type":"WebPage","@id":"https:\/\/www.quebakan.com\/v15\/mall-del-sol-despide-la-epoca-navidena-con-la-entrega-de-seis-vehiculos-0km\/","url":"https:\/\/www.quebakan.com\/v15\/mall-del-sol-despide-la-epoca-navidena-con-la-entrega-de-seis-vehiculos-0km\/","name":"Mall del Sol despide la \u00e9poca navide\u00f1a con la entrega de seis veh\u00edculos 0km &#8211; QUEBAKAN.COM 2026: Noticias, Eventos, Conciertos y mucho m\u00e1s....","isPartOf":{"@id":"https:\/\/www.quebakan.com\/v15\/#website"},"primaryImageOfPage":{"@id":"https:\/\/www.quebakan.com\/v15\/mall-del-sol-despide-la-epoca-navidena-con-la-entrega-de-seis-vehiculos-0km\/#primaryimage"},"image":{"@id":"https:\/\/www.quebakan.com\/v15\/mall-del-sol-despide-la-epoca-navidena-con-la-entrega-de-seis-vehiculos-0km\/#primaryimage"},"thumbnailUrl":"https:\/\/www.quebakan.com\/v15\/wp-content\/uploads\/2025\/01\/DSC02326.jpg","datePublished":"2025-01-16T05:42:22+00:00","breadcrumb":{"@id":"https:\/\/www.quebakan.com\/v15\/mall-del-sol-despide-la-epoca-navidena-con-la-entrega-de-seis-vehiculos-0km\/#breadcrumb"},"inLanguage":"es","potentialAction":[{"@type":"ReadAction","target":["https:\/\/www.quebakan.com\/v15\/mall-del-sol-despide-la-epoca-navidena-con-la-entrega-de-seis-vehiculos-0km\/"]}]},{"@type":"ImageObject","inLanguage":"es","@id":"https:\/\/www.quebakan.com\/v15\/mall-del-sol-despide-la-epoca-navidena-con-la-entrega-de-seis-vehiculos-0km\/#primaryimage","url":"https:\/\/www.quebakan.com\/v15\/wp-content\/uploads\/2025\/01\/DSC02326.jpg","contentUrl":"https:\/\/www.quebakan.com\/v15\/wp-content\/uploads\/2025\/01\/DSC02326.jpg","width":710,"height":473},{"@type":"BreadcrumbList","@id":"https:\/\/www.quebakan.com\/v15\/mall-del-sol-despide-la-epoca-navidena-con-la-entrega-de-seis-vehiculos-0km\/#breadcrumb","itemListElement":[{"@type":"ListItem","position":1,"name":"Portada","item":"https:\/\/www.quebakan.com\/v15\/"},{"@type":"ListItem","position":2,"name":"Mall del Sol despide la \u00e9poca navide\u00f1a con la entrega de seis veh\u00edculos 0km"}]},{"@type":"WebSite","@id":"https:\/\/www.quebakan.com\/v15\/#website","url":"https:\/\/www.quebakan.com\/v15\/","name":"QUEBAKAN","description":"..","publisher":{"@id":"https:\/\/www.quebakan.com\/v15\/#organization"},"potentialAction":[{"@type":"SearchAction","target":{"@type":"EntryPoint","urlTemplate":"https:\/\/www.quebakan.com\/v15\/?s={search_term_string}"},"query-input":{"@type":"PropertyValueSpecification","valueRequired":true,"valueName":"search_term_string"}}],"inLanguage":"es"},{"@type":"Organization","@id":"https:\/\/www.quebakan.com\/v15\/#organization","name":"Quebakan.com","url":"https:\/\/www.quebakan.com\/v15\/","logo":{"@type":"ImageObject","inLanguage":"es","@id":"https:\/\/www.quebakan.com\/v15\/#\/schema\/logo\/image\/","url":"https:\/\/www.quebakan.com\/v15\/wp-content\/uploads\/2023\/07\/logoquebakanenero2021.jpg","contentUrl":"https:\/\/www.quebakan.com\/v15\/wp-content\/uploads\/2023\/07\/logoquebakanenero2021.jpg","width":1920,"height":1080,"caption":"Quebakan.com"},"image":{"@id":"https:\/\/www.quebakan.com\/v15\/#\/schema\/logo\/image\/"},"sameAs":["http:\/\/www.facebook.com\/quebakan","https:\/\/x.com\/quebakanec","http:\/\/www.instagram.com\/quebakan","http:\/\/www.youtube.com\/quebakan1"]},{"@type":"Person","@id":"https:\/\/www.quebakan.com\/v15\/#\/schema\/person\/d90fa9f9cfa81eb8ace9811e5b7b9118","name":"Erick Villafuerte","image":{"@type":"ImageObject","inLanguage":"es","@id":"https:\/\/www.quebakan.com\/v15\/wp-content\/uploads\/avatars\/4\/1731297654-bpfull.png","url":"https:\/\/www.quebakan.com\/v15\/wp-content\/uploads\/avatars\/4\/1731297654-bpfull.png","contentUrl":"https:\/\/www.quebakan.com\/v15\/wp-content\/uploads\/avatars\/4\/1731297654-bpfull.png","caption":"Erick Villafuerte"}}]}},"_links":{"self":[{"href":"https:\/\/www.quebakan.com\/v15\/wp-json\/wp\/v2\/posts\/127783","targetHints":{"allow":["GET"]}}],"collection":[{"href":"https:\/\/www.quebakan.com\/v15\/wp-json\/wp\/v2\/posts"}],"about":[{"href":"https:\/\/www.quebakan.com\/v15\/wp-json\/wp\/v2\/types\/post"}],"author":[{"embeddable":true,"href":"https:\/\/www.quebakan.com\/v15\/wp-json\/wp\/v2\/users\/4"}],"replies":[{"embeddable":true,"href":"https:\/\/www.quebakan.com\/v15\/wp-json\/wp\/v2\/comments?post=127783"}],"version-history":[{"count":1,"href":"https:\/\/www.quebakan.com\/v15\/wp-json\/wp\/v2\/posts\/127783\/revisions"}],"predecessor-version":[{"id":127785,"href":"https:\/\/www.quebakan.com\/v15\/wp-json\/wp\/v2\/posts\/127783\/revisions\/127785"}],"wp:featuredmedia":[{"embeddable":true,"href":"https:\/\/www.quebakan.com\/v15\/wp-json\/wp\/v2\/media\/127784"}],"wp:attachment":[{"href":"https:\/\/www.quebakan.com\/v15\/wp-json\/wp\/v2\/media?parent=127783"}],"wp:term":[{"taxonomy":"category","embeddable":true,"href":"https:\/\/www.quebakan.com\/v15\/wp-json\/wp\/v2\/categories?post=127783"},{"taxonomy":"post_tag","embeddable":true,"href":"https:\/\/www.quebakan.com\/v15\/wp-json\/wp\/v2\/tags?post=127783"}],"curies":[{"name":"wp","href":"https:\/\/api.w.org\/{rel}","templated":true}]}}