{"id":127798,"date":"2025-01-16T23:13:21","date_gmt":"2025-01-17T04:13:21","guid":{"rendered":"https:\/\/www.quebakan.com\/v15\/?p=127798"},"modified":"2025-01-16T23:13:21","modified_gmt":"2025-01-17T04:13:21","slug":"fundaciones-fueron-beneficiadas-gracias-al-compromiso-solidario-de-mall-del-sol","status":"publish","type":"post","link":"https:\/\/www.quebakan.com\/v15\/fundaciones-fueron-beneficiadas-gracias-al-compromiso-solidario-de-mall-del-sol\/","title":{"rendered":"Fundaciones fueron beneficiadas gracias al compromiso solidario de Mall del Sol"},"content":{"rendered":"<p><img fetchpriority=\"high\" decoding=\"async\" class=\"aligncenter size-full wp-image-127799\" src=\"https:\/\/www.quebakan.com\/v15\/wp-content\/uploads\/2025\/01\/DSC00312.jpg\" alt=\"\" width=\"700\" height=\"467\" \/><\/p>\n<p style=\"text-align: center;\"><span style=\"color: #000000;\">Durante la temporada navide\u00f1a, el centro comercial llev\u00f3 a cabo significativas acciones sociales que reafirmaron su compromiso con la comunidad.<\/span><\/p>\n<p style=\"text-align: justify;\"><span style=\"color: #000000;\"><strong>Guayaquil, 16 de enero de 2025.-<\/strong> Mall del Sol reafirm\u00f3 su compromiso con la comunidad beneficiando a Fundaciones a trav\u00e9s de actividades l\u00fadicas y de recolecci\u00f3n de productos. Una de las instituciones beneficiadas fue Fundaci\u00f3n Semillas de Amor, con quienes el equipo de voluntarios del centro comercial comparti\u00f3 una experiencia de entretenimiento y diversi\u00f3n en las instalaciones. Adicionalmente, con la Fundaci\u00f3n Ser Feliz se organiz\u00f3 una colecta que contribuy\u00f3 con la meta de entregar canastas oncol\u00f3gicas pedi\u00e1tricas a ni\u00f1os con c\u00e1ncer en Guayaquil.<\/span><\/p>\n<p style=\"text-align: justify;\"><span style=\"color: #000000;\">\u201cNuestro deseo de solidaridad va m\u00e1s all\u00e1 de brindar apoyo; buscamos crear un impacto positivo en la vida de las personas y familias vulnerables de nuestra comunidad. Cada acci\u00f3n que realizamos, desde la recolecta de canastas oncol\u00f3gicas hasta las experiencias especiales para los ni\u00f1os, refleja nuestro compromiso de llevar alegr\u00eda y esperanza a sus corazones. Juntos, como comunidad, podemos hacer una gran diferencia.\u201d menciona Sof\u00eda Naranjo, Gerente Comercial y Desarrollo Corporativo de Mobilsol.<\/span><\/p>\n<p style=\"text-align: justify;\"><span style=\"color: #000000;\">Los visitantes del centro comercial respondieron con generosidad, donando productos esenciales como Pediasure en polvo, paquetes de protectores de cama, pa\u00f1itos h\u00famedos, shampoos, entre otros art\u00edculos que fueron depositados en un \u00e1nfora ubicada en los exteriores de Megamaxi entre el 14 de diciembre y el 4 de enero.<\/span><\/p>\n<p style=\"text-align: justify;\"><span style=\"color: #000000;\">Por otra parte, el 16 de diciembre Mall del Sol organiz\u00f3 un encantador Tour en su Estaci\u00f3n M\u00e1gica, espacio con m\u00e1s de 10 experiencias navide\u00f1as hasta llegar a Pap\u00e1 Noel, en la que un grupo de ni\u00f1os de la Fundaci\u00f3n Ser Feliz disfrutaron de un d\u00eda lleno de alegr\u00eda y sorpresas. Posteriormente, el 19 de diciembre, se invit\u00f3 a la Fundaci\u00f3n Semillas de Amor a disfrutar de una funci\u00f3n especial de cine, donde 100 ni\u00f1os y adolescentes compartieron una experiencia de entretenimiento y diversi\u00f3n.<\/span><\/p>\n<p style=\"text-align: justify;\"><span style=\"color: #000000;\">A trav\u00e9s de estas acciones, Mall del Sol se destac\u00f3 como un verdadero pilar de solidaridad en la comunidad durante la Navidad.<\/span><\/p>\n<p style=\"text-align: justify;\"><span style=\"color: #000000;\">Mall del Sol, lo tiene todo<\/span><\/p>\n","protected":false},"excerpt":{"rendered":"<p>Durante la temporada navide\u00f1a, el centro comercial llev\u00f3 a cabo significativas acciones sociales que reafirmaron su compromiso con la comunidad. Guayaquil, 16 de enero de 2025.- Mall del Sol reafirm\u00f3 su compromiso con la comunidad beneficiando a Fundaciones a trav\u00e9s de actividades l\u00fadicas y de recolecci\u00f3n de productos. Una de las instituciones beneficiadas fue Fundaci\u00f3n [&hellip;]<\/p>\n","protected":false},"author":4,"featured_media":127799,"comment_status":"open","ping_status":"open","sticky":false,"template":"","format":"standard","meta":{"_bbp_topic_count":0,"_bbp_reply_count":0,"_bbp_total_topic_count":0,"_bbp_total_reply_count":0,"_bbp_voice_count":0,"_bbp_anonymous_reply_count":0,"_bbp_topic_count_hidden":0,"_bbp_reply_count_hidden":0,"_bbp_forum_subforum_count":0,"buzzeditor_post_format":"","footnotes":""},"categories":[2],"tags":[],"class_list":["post-127798","post","type-post","status-publish","format-standard","has-post-thumbnail","hentry","category-noticias"],"yoast_head":"<!-- This site is optimized with the Yoast SEO plugin v27.4 - https:\/\/yoast.com\/product\/yoast-seo-wordpress\/ -->\n<title>Fundaciones fueron beneficiadas gracias al compromiso solidario de Mall del Sol &#8211; QUEBAKAN.COM 2026: Noticias, Eventos, Conciertos y mucho m\u00e1s....<\/title>\n<meta name=\"robots\" content=\"index, follow, max-snippet:-1, max-image-preview:large, max-video-preview:-1\" \/>\n<link rel=\"canonical\" href=\"https:\/\/www.quebakan.com\/v15\/fundaciones-fueron-beneficiadas-gracias-al-compromiso-solidario-de-mall-del-sol\/\" \/>\n<meta property=\"og:locale\" content=\"es_ES\" \/>\n<meta property=\"og:type\" content=\"article\" \/>\n<meta property=\"og:title\" content=\"Fundaciones fueron beneficiadas gracias al compromiso solidario de Mall del Sol &#8211; QUEBAKAN.COM 2026: Noticias, Eventos, Conciertos y mucho m\u00e1s....\" \/>\n<meta property=\"og:description\" content=\"Durante la temporada navide\u00f1a, el centro comercial llev\u00f3 a cabo significativas acciones sociales que reafirmaron su compromiso con la comunidad. Guayaquil, 16 de enero de 2025.- Mall del Sol reafirm\u00f3 su compromiso con la comunidad beneficiando a Fundaciones a trav\u00e9s de actividades l\u00fadicas y de recolecci\u00f3n de productos. Una de las instituciones beneficiadas fue Fundaci\u00f3n [&hellip;]\" \/>\n<meta property=\"og:url\" content=\"https:\/\/www.quebakan.com\/v15\/fundaciones-fueron-beneficiadas-gracias-al-compromiso-solidario-de-mall-del-sol\/\" \/>\n<meta property=\"og:site_name\" content=\"QUEBAKAN.COM 2026: Noticias, Eventos, Conciertos y mucho m\u00e1s....\" \/>\n<meta property=\"article:publisher\" content=\"http:\/\/www.facebook.com\/quebakan\" \/>\n<meta property=\"article:published_time\" content=\"2025-01-17T04:13:21+00:00\" \/>\n<meta property=\"og:image\" content=\"https:\/\/www.quebakan.com\/v15\/wp-content\/uploads\/2025\/01\/DSC00312.jpg\" \/>\n\t<meta property=\"og:image:width\" content=\"700\" \/>\n\t<meta property=\"og:image:height\" content=\"467\" \/>\n\t<meta property=\"og:image:type\" content=\"image\/jpeg\" \/>\n<meta name=\"author\" content=\"Erick Villafuerte\" \/>\n<meta name=\"twitter:card\" content=\"summary_large_image\" \/>\n<meta name=\"twitter:creator\" content=\"@quebakanec\" \/>\n<meta name=\"twitter:site\" content=\"@quebakanec\" \/>\n<meta name=\"twitter:label1\" content=\"Escrito por\" \/>\n\t<meta name=\"twitter:data1\" content=\"Erick Villafuerte\" \/>\n\t<meta name=\"twitter:label2\" content=\"Tiempo de lectura\" \/>\n\t<meta name=\"twitter:data2\" content=\"2 minutos\" \/>\n<script type=\"application\/ld+json\" class=\"yoast-schema-graph\">{\"@context\":\"https:\\\/\\\/schema.org\",\"@graph\":[{\"@type\":\"Article\",\"@id\":\"https:\\\/\\\/www.quebakan.com\\\/v15\\\/fundaciones-fueron-beneficiadas-gracias-al-compromiso-solidario-de-mall-del-sol\\\/#article\",\"isPartOf\":{\"@id\":\"https:\\\/\\\/www.quebakan.com\\\/v15\\\/fundaciones-fueron-beneficiadas-gracias-al-compromiso-solidario-de-mall-del-sol\\\/\"},\"author\":{\"name\":\"Erick Villafuerte\",\"@id\":\"https:\\\/\\\/www.quebakan.com\\\/v15\\\/#\\\/schema\\\/person\\\/d90fa9f9cfa81eb8ace9811e5b7b9118\"},\"headline\":\"Fundaciones fueron beneficiadas gracias al compromiso solidario de Mall del Sol\",\"datePublished\":\"2025-01-17T04:13:21+00:00\",\"mainEntityOfPage\":{\"@id\":\"https:\\\/\\\/www.quebakan.com\\\/v15\\\/fundaciones-fueron-beneficiadas-gracias-al-compromiso-solidario-de-mall-del-sol\\\/\"},\"wordCount\":373,\"commentCount\":0,\"publisher\":{\"@id\":\"https:\\\/\\\/www.quebakan.com\\\/v15\\\/#organization\"},\"image\":{\"@id\":\"https:\\\/\\\/www.quebakan.com\\\/v15\\\/fundaciones-fueron-beneficiadas-gracias-al-compromiso-solidario-de-mall-del-sol\\\/#primaryimage\"},\"thumbnailUrl\":\"https:\\\/\\\/www.quebakan.com\\\/v15\\\/wp-content\\\/uploads\\\/2025\\\/01\\\/DSC00312.jpg\",\"articleSection\":[\"Noticias\"],\"inLanguage\":\"es\"},{\"@type\":\"WebPage\",\"@id\":\"https:\\\/\\\/www.quebakan.com\\\/v15\\\/fundaciones-fueron-beneficiadas-gracias-al-compromiso-solidario-de-mall-del-sol\\\/\",\"url\":\"https:\\\/\\\/www.quebakan.com\\\/v15\\\/fundaciones-fueron-beneficiadas-gracias-al-compromiso-solidario-de-mall-del-sol\\\/\",\"name\":\"Fundaciones fueron beneficiadas gracias al compromiso solidario de Mall del Sol &#8211; QUEBAKAN.COM 2026: Noticias, Eventos, Conciertos y mucho m\u00e1s....\",\"isPartOf\":{\"@id\":\"https:\\\/\\\/www.quebakan.com\\\/v15\\\/#website\"},\"primaryImageOfPage\":{\"@id\":\"https:\\\/\\\/www.quebakan.com\\\/v15\\\/fundaciones-fueron-beneficiadas-gracias-al-compromiso-solidario-de-mall-del-sol\\\/#primaryimage\"},\"image\":{\"@id\":\"https:\\\/\\\/www.quebakan.com\\\/v15\\\/fundaciones-fueron-beneficiadas-gracias-al-compromiso-solidario-de-mall-del-sol\\\/#primaryimage\"},\"thumbnailUrl\":\"https:\\\/\\\/www.quebakan.com\\\/v15\\\/wp-content\\\/uploads\\\/2025\\\/01\\\/DSC00312.jpg\",\"datePublished\":\"2025-01-17T04:13:21+00:00\",\"breadcrumb\":{\"@id\":\"https:\\\/\\\/www.quebakan.com\\\/v15\\\/fundaciones-fueron-beneficiadas-gracias-al-compromiso-solidario-de-mall-del-sol\\\/#breadcrumb\"},\"inLanguage\":\"es\",\"potentialAction\":[{\"@type\":\"ReadAction\",\"target\":[\"https:\\\/\\\/www.quebakan.com\\\/v15\\\/fundaciones-fueron-beneficiadas-gracias-al-compromiso-solidario-de-mall-del-sol\\\/\"]}]},{\"@type\":\"ImageObject\",\"inLanguage\":\"es\",\"@id\":\"https:\\\/\\\/www.quebakan.com\\\/v15\\\/fundaciones-fueron-beneficiadas-gracias-al-compromiso-solidario-de-mall-del-sol\\\/#primaryimage\",\"url\":\"https:\\\/\\\/www.quebakan.com\\\/v15\\\/wp-content\\\/uploads\\\/2025\\\/01\\\/DSC00312.jpg\",\"contentUrl\":\"https:\\\/\\\/www.quebakan.com\\\/v15\\\/wp-content\\\/uploads\\\/2025\\\/01\\\/DSC00312.jpg\",\"width\":700,\"height\":467},{\"@type\":\"BreadcrumbList\",\"@id\":\"https:\\\/\\\/www.quebakan.com\\\/v15\\\/fundaciones-fueron-beneficiadas-gracias-al-compromiso-solidario-de-mall-del-sol\\\/#breadcrumb\",\"itemListElement\":[{\"@type\":\"ListItem\",\"position\":1,\"name\":\"Portada\",\"item\":\"https:\\\/\\\/www.quebakan.com\\\/v15\\\/\"},{\"@type\":\"ListItem\",\"position\":2,\"name\":\"Fundaciones fueron beneficiadas gracias al compromiso solidario de Mall del Sol\"}]},{\"@type\":\"WebSite\",\"@id\":\"https:\\\/\\\/www.quebakan.com\\\/v15\\\/#website\",\"url\":\"https:\\\/\\\/www.quebakan.com\\\/v15\\\/\",\"name\":\"QUEBAKAN\",\"description\":\"..\",\"publisher\":{\"@id\":\"https:\\\/\\\/www.quebakan.com\\\/v15\\\/#organization\"},\"potentialAction\":[{\"@type\":\"SearchAction\",\"target\":{\"@type\":\"EntryPoint\",\"urlTemplate\":\"https:\\\/\\\/www.quebakan.com\\\/v15\\\/?s={search_term_string}\"},\"query-input\":{\"@type\":\"PropertyValueSpecification\",\"valueRequired\":true,\"valueName\":\"search_term_string\"}}],\"inLanguage\":\"es\"},{\"@type\":\"Organization\",\"@id\":\"https:\\\/\\\/www.quebakan.com\\\/v15\\\/#organization\",\"name\":\"Quebakan.com\",\"url\":\"https:\\\/\\\/www.quebakan.com\\\/v15\\\/\",\"logo\":{\"@type\":\"ImageObject\",\"inLanguage\":\"es\",\"@id\":\"https:\\\/\\\/www.quebakan.com\\\/v15\\\/#\\\/schema\\\/logo\\\/image\\\/\",\"url\":\"https:\\\/\\\/www.quebakan.com\\\/v15\\\/wp-content\\\/uploads\\\/2023\\\/07\\\/logoquebakanenero2021.jpg\",\"contentUrl\":\"https:\\\/\\\/www.quebakan.com\\\/v15\\\/wp-content\\\/uploads\\\/2023\\\/07\\\/logoquebakanenero2021.jpg\",\"width\":1920,\"height\":1080,\"caption\":\"Quebakan.com\"},\"image\":{\"@id\":\"https:\\\/\\\/www.quebakan.com\\\/v15\\\/#\\\/schema\\\/logo\\\/image\\\/\"},\"sameAs\":[\"http:\\\/\\\/www.facebook.com\\\/quebakan\",\"https:\\\/\\\/x.com\\\/quebakanec\",\"http:\\\/\\\/www.instagram.com\\\/quebakan\",\"http:\\\/\\\/www.youtube.com\\\/quebakan1\"]},{\"@type\":\"Person\",\"@id\":\"https:\\\/\\\/www.quebakan.com\\\/v15\\\/#\\\/schema\\\/person\\\/d90fa9f9cfa81eb8ace9811e5b7b9118\",\"name\":\"Erick Villafuerte\",\"image\":{\"@type\":\"ImageObject\",\"inLanguage\":\"es\",\"@id\":\"https:\\\/\\\/www.quebakan.com\\\/v15\\\/wp-content\\\/uploads\\\/avatars\\\/4\\\/1731297654-bpfull.png\",\"url\":\"https:\\\/\\\/www.quebakan.com\\\/v15\\\/wp-content\\\/uploads\\\/avatars\\\/4\\\/1731297654-bpfull.png\",\"contentUrl\":\"https:\\\/\\\/www.quebakan.com\\\/v15\\\/wp-content\\\/uploads\\\/avatars\\\/4\\\/1731297654-bpfull.png\",\"caption\":\"Erick Villafuerte\"}}]}<\/script>\n<!-- \/ Yoast SEO plugin. -->","yoast_head_json":{"title":"Fundaciones fueron beneficiadas gracias al compromiso solidario de Mall del Sol &#8211; QUEBAKAN.COM 2026: Noticias, Eventos, Conciertos y mucho m\u00e1s....","robots":{"index":"index","follow":"follow","max-snippet":"max-snippet:-1","max-image-preview":"max-image-preview:large","max-video-preview":"max-video-preview:-1"},"canonical":"https:\/\/www.quebakan.com\/v15\/fundaciones-fueron-beneficiadas-gracias-al-compromiso-solidario-de-mall-del-sol\/","og_locale":"es_ES","og_type":"article","og_title":"Fundaciones fueron beneficiadas gracias al compromiso solidario de Mall del Sol &#8211; QUEBAKAN.COM 2026: Noticias, Eventos, Conciertos y mucho m\u00e1s....","og_description":"Durante la temporada navide\u00f1a, el centro comercial llev\u00f3 a cabo significativas acciones sociales que reafirmaron su compromiso con la comunidad. Guayaquil, 16 de enero de 2025.- Mall del Sol reafirm\u00f3 su compromiso con la comunidad beneficiando a Fundaciones a trav\u00e9s de actividades l\u00fadicas y de recolecci\u00f3n de productos. Una de las instituciones beneficiadas fue Fundaci\u00f3n [&hellip;]","og_url":"https:\/\/www.quebakan.com\/v15\/fundaciones-fueron-beneficiadas-gracias-al-compromiso-solidario-de-mall-del-sol\/","og_site_name":"QUEBAKAN.COM 2026: Noticias, Eventos, Conciertos y mucho m\u00e1s....","article_publisher":"http:\/\/www.facebook.com\/quebakan","article_published_time":"2025-01-17T04:13:21+00:00","og_image":[{"width":700,"height":467,"url":"https:\/\/www.quebakan.com\/v15\/wp-content\/uploads\/2025\/01\/DSC00312.jpg","type":"image\/jpeg"}],"author":"Erick Villafuerte","twitter_card":"summary_large_image","twitter_creator":"@quebakanec","twitter_site":"@quebakanec","twitter_misc":{"Escrito por":"Erick Villafuerte","Tiempo de lectura":"2 minutos"},"schema":{"@context":"https:\/\/schema.org","@graph":[{"@type":"Article","@id":"https:\/\/www.quebakan.com\/v15\/fundaciones-fueron-beneficiadas-gracias-al-compromiso-solidario-de-mall-del-sol\/#article","isPartOf":{"@id":"https:\/\/www.quebakan.com\/v15\/fundaciones-fueron-beneficiadas-gracias-al-compromiso-solidario-de-mall-del-sol\/"},"author":{"name":"Erick Villafuerte","@id":"https:\/\/www.quebakan.com\/v15\/#\/schema\/person\/d90fa9f9cfa81eb8ace9811e5b7b9118"},"headline":"Fundaciones fueron beneficiadas gracias al compromiso solidario de Mall del Sol","datePublished":"2025-01-17T04:13:21+00:00","mainEntityOfPage":{"@id":"https:\/\/www.quebakan.com\/v15\/fundaciones-fueron-beneficiadas-gracias-al-compromiso-solidario-de-mall-del-sol\/"},"wordCount":373,"commentCount":0,"publisher":{"@id":"https:\/\/www.quebakan.com\/v15\/#organization"},"image":{"@id":"https:\/\/www.quebakan.com\/v15\/fundaciones-fueron-beneficiadas-gracias-al-compromiso-solidario-de-mall-del-sol\/#primaryimage"},"thumbnailUrl":"https:\/\/www.quebakan.com\/v15\/wp-content\/uploads\/2025\/01\/DSC00312.jpg","articleSection":["Noticias"],"inLanguage":"es"},{"@type":"WebPage","@id":"https:\/\/www.quebakan.com\/v15\/fundaciones-fueron-beneficiadas-gracias-al-compromiso-solidario-de-mall-del-sol\/","url":"https:\/\/www.quebakan.com\/v15\/fundaciones-fueron-beneficiadas-gracias-al-compromiso-solidario-de-mall-del-sol\/","name":"Fundaciones fueron beneficiadas gracias al compromiso solidario de Mall del Sol &#8211; QUEBAKAN.COM 2026: Noticias, Eventos, Conciertos y mucho m\u00e1s....","isPartOf":{"@id":"https:\/\/www.quebakan.com\/v15\/#website"},"primaryImageOfPage":{"@id":"https:\/\/www.quebakan.com\/v15\/fundaciones-fueron-beneficiadas-gracias-al-compromiso-solidario-de-mall-del-sol\/#primaryimage"},"image":{"@id":"https:\/\/www.quebakan.com\/v15\/fundaciones-fueron-beneficiadas-gracias-al-compromiso-solidario-de-mall-del-sol\/#primaryimage"},"thumbnailUrl":"https:\/\/www.quebakan.com\/v15\/wp-content\/uploads\/2025\/01\/DSC00312.jpg","datePublished":"2025-01-17T04:13:21+00:00","breadcrumb":{"@id":"https:\/\/www.quebakan.com\/v15\/fundaciones-fueron-beneficiadas-gracias-al-compromiso-solidario-de-mall-del-sol\/#breadcrumb"},"inLanguage":"es","potentialAction":[{"@type":"ReadAction","target":["https:\/\/www.quebakan.com\/v15\/fundaciones-fueron-beneficiadas-gracias-al-compromiso-solidario-de-mall-del-sol\/"]}]},{"@type":"ImageObject","inLanguage":"es","@id":"https:\/\/www.quebakan.com\/v15\/fundaciones-fueron-beneficiadas-gracias-al-compromiso-solidario-de-mall-del-sol\/#primaryimage","url":"https:\/\/www.quebakan.com\/v15\/wp-content\/uploads\/2025\/01\/DSC00312.jpg","contentUrl":"https:\/\/www.quebakan.com\/v15\/wp-content\/uploads\/2025\/01\/DSC00312.jpg","width":700,"height":467},{"@type":"BreadcrumbList","@id":"https:\/\/www.quebakan.com\/v15\/fundaciones-fueron-beneficiadas-gracias-al-compromiso-solidario-de-mall-del-sol\/#breadcrumb","itemListElement":[{"@type":"ListItem","position":1,"name":"Portada","item":"https:\/\/www.quebakan.com\/v15\/"},{"@type":"ListItem","position":2,"name":"Fundaciones fueron beneficiadas gracias al compromiso solidario de Mall del Sol"}]},{"@type":"WebSite","@id":"https:\/\/www.quebakan.com\/v15\/#website","url":"https:\/\/www.quebakan.com\/v15\/","name":"QUEBAKAN","description":"..","publisher":{"@id":"https:\/\/www.quebakan.com\/v15\/#organization"},"potentialAction":[{"@type":"SearchAction","target":{"@type":"EntryPoint","urlTemplate":"https:\/\/www.quebakan.com\/v15\/?s={search_term_string}"},"query-input":{"@type":"PropertyValueSpecification","valueRequired":true,"valueName":"search_term_string"}}],"inLanguage":"es"},{"@type":"Organization","@id":"https:\/\/www.quebakan.com\/v15\/#organization","name":"Quebakan.com","url":"https:\/\/www.quebakan.com\/v15\/","logo":{"@type":"ImageObject","inLanguage":"es","@id":"https:\/\/www.quebakan.com\/v15\/#\/schema\/logo\/image\/","url":"https:\/\/www.quebakan.com\/v15\/wp-content\/uploads\/2023\/07\/logoquebakanenero2021.jpg","contentUrl":"https:\/\/www.quebakan.com\/v15\/wp-content\/uploads\/2023\/07\/logoquebakanenero2021.jpg","width":1920,"height":1080,"caption":"Quebakan.com"},"image":{"@id":"https:\/\/www.quebakan.com\/v15\/#\/schema\/logo\/image\/"},"sameAs":["http:\/\/www.facebook.com\/quebakan","https:\/\/x.com\/quebakanec","http:\/\/www.instagram.com\/quebakan","http:\/\/www.youtube.com\/quebakan1"]},{"@type":"Person","@id":"https:\/\/www.quebakan.com\/v15\/#\/schema\/person\/d90fa9f9cfa81eb8ace9811e5b7b9118","name":"Erick Villafuerte","image":{"@type":"ImageObject","inLanguage":"es","@id":"https:\/\/www.quebakan.com\/v15\/wp-content\/uploads\/avatars\/4\/1731297654-bpfull.png","url":"https:\/\/www.quebakan.com\/v15\/wp-content\/uploads\/avatars\/4\/1731297654-bpfull.png","contentUrl":"https:\/\/www.quebakan.com\/v15\/wp-content\/uploads\/avatars\/4\/1731297654-bpfull.png","caption":"Erick Villafuerte"}}]}},"_links":{"self":[{"href":"https:\/\/www.quebakan.com\/v15\/wp-json\/wp\/v2\/posts\/127798","targetHints":{"allow":["GET"]}}],"collection":[{"href":"https:\/\/www.quebakan.com\/v15\/wp-json\/wp\/v2\/posts"}],"about":[{"href":"https:\/\/www.quebakan.com\/v15\/wp-json\/wp\/v2\/types\/post"}],"author":[{"embeddable":true,"href":"https:\/\/www.quebakan.com\/v15\/wp-json\/wp\/v2\/users\/4"}],"replies":[{"embeddable":true,"href":"https:\/\/www.quebakan.com\/v15\/wp-json\/wp\/v2\/comments?post=127798"}],"version-history":[{"count":1,"href":"https:\/\/www.quebakan.com\/v15\/wp-json\/wp\/v2\/posts\/127798\/revisions"}],"predecessor-version":[{"id":127800,"href":"https:\/\/www.quebakan.com\/v15\/wp-json\/wp\/v2\/posts\/127798\/revisions\/127800"}],"wp:featuredmedia":[{"embeddable":true,"href":"https:\/\/www.quebakan.com\/v15\/wp-json\/wp\/v2\/media\/127799"}],"wp:attachment":[{"href":"https:\/\/www.quebakan.com\/v15\/wp-json\/wp\/v2\/media?parent=127798"}],"wp:term":[{"taxonomy":"category","embeddable":true,"href":"https:\/\/www.quebakan.com\/v15\/wp-json\/wp\/v2\/categories?post=127798"},{"taxonomy":"post_tag","embeddable":true,"href":"https:\/\/www.quebakan.com\/v15\/wp-json\/wp\/v2\/tags?post=127798"}],"curies":[{"name":"wp","href":"https:\/\/api.w.org\/{rel}","templated":true}]}}