{"id":127808,"date":"2025-01-17T01:08:17","date_gmt":"2025-01-17T06:08:17","guid":{"rendered":"https:\/\/www.quebakan.com\/v15\/?p=127808"},"modified":"2025-01-17T01:08:17","modified_gmt":"2025-01-17T06:08:17","slug":"llyc-impulsa-su-nueva-estructura-global-de-corporate-affairs","status":"publish","type":"post","link":"https:\/\/www.quebakan.com\/v15\/llyc-impulsa-su-nueva-estructura-global-de-corporate-affairs\/","title":{"rendered":"LLYC impulsa su nueva estructura global de Corporate Affairs"},"content":{"rendered":"<p><img fetchpriority=\"high\" decoding=\"async\" class=\"aligncenter size-full wp-image-127809\" src=\"https:\/\/www.quebakan.com\/v15\/wp-content\/uploads\/2025\/01\/Nueva-estructura-1.jpg\" alt=\"\" width=\"700\" height=\"430\" \/><\/p>\n<ul>\n<li style=\"text-align: justify;\"><span style=\"color: #000000;\">Iv\u00e1n Pino es el nuevo Director General del \u00e1rea para Latam y Mar\u00eda Esteve estar\u00e1 al frente de la estrategia global<\/span><\/li>\n<li style=\"text-align: justify;\"><span style=\"color: #000000;\">La nueva estructura est\u00e1 liderada por Luisa Garc\u00eda, CEO Global de Corporate Affairs desde el pasado 1 de enero<\/span><\/li>\n<\/ul>\n<p style=\"text-align: justify;\"><span style=\"color: #000000;\"><strong>Quito,\u00a016 de enero de 2025.- <\/strong>LLYC tiene una nueva estructura en el \u00e1rea de <em>Corporate Affairs<\/em>, que desde el pasado 1 de enero, lidera Luisa Garc\u00eda como <em>CEO<\/em> de Corporate Affairs. Incluye dos nombramientos. El de Iv\u00e1n Pino como Director General de <em>Corporate Affairs<\/em> para Latam y el de Mar\u00eda Esteve como Directora General de Estrategia. La organizaci\u00f3n de esta pr\u00e1ctica cuenta a partir de ahora con un Comit\u00e9 Ejecutivo del que forman parte:<\/span><\/p>\n<ul style=\"text-align: justify;\">\n<li><span style=\"color: #000000;\">Luisa Garc\u00eda, <em>CEO<\/em> Global de <em>Corporate Affairs<\/em><\/span><\/li>\n<li><span style=\"color: #000000;\">Jorge L\u00f3pez Zafra, Director General de <em>Corporate Affairs<\/em> para Europa<\/span><\/li>\n<li><span style=\"color: #000000;\">Don Hunt, Director General de <em>Corporate Affairs<\/em> para Estados Unidos<\/span><\/li>\n<li><span style=\"color: #000000;\">Iv\u00e1n Pino, Director General de<em> Corporate Affairs<\/em> para Latam<\/span><\/li>\n<li><span style=\"color: #000000;\">Mar\u00eda Esteve, Directora General Global de Estrategia<\/span><\/li>\n<li><span style=\"color: #000000;\">Thiago Bezerra, <em>Business Partner <\/em>global de finanzas para <em>Corporate Affairs<\/em><\/span><\/li>\n<li><span style=\"color: #000000;\">Mar\u00eda Claudia Gnecco, <em>Business Partner <\/em>global de talento<\/span><\/li>\n<li><span style=\"color: #000000;\">Luis Gonz\u00e1lez, <em>Capacity Manager <\/em>para Europa<\/span><\/li>\n<li><span style=\"color: #000000;\">Yennyfer Freyre, <em>Capacity Manager <\/em>para Latam Norte<\/span><\/li>\n<li><span style=\"color: #000000;\">Cecilia Correa,<em>Capacity Manager <\/em>para Latam Sur<\/span><\/li>\n<\/ul>\n<p style=\"text-align: justify;\"><span style=\"color: #000000;\">Como Directores Generales para las tres regiones, Jorge, Don e Iv\u00e1n ser\u00e1n los responsables de que <em>Corporate Affairs<\/em> alcance sus objetivos en Europa, Estados Unidos y Latam, respectivamente. Adem\u00e1s, definir\u00e1n la oferta que mejor responda a las necesidades y desaf\u00edos de los clientes con un especial \u00e9nfasis en las soluciones integradas, potenciando la innovaci\u00f3n, creatividad y tecnolog\u00eda.<\/span><\/p>\n<p style=\"text-align: justify;\"><span style=\"color: #000000;\">Mar\u00eda Esteve, como Directora General de Estrategia, liderar\u00e1 las iniciativas que permitan a LLYC capturar m\u00e1s oportunidades de crecimiento, anticip\u00e1ndose a las necesidades sin explorar en clientes potenciales e identificando nuevos, vinculando tendencias sociales y econ\u00f3micas al portafolio de soluciones de la firma.<\/span><\/p>\n<p style=\"text-align: justify;\"><span style=\"color: #000000;\">\u201cLas nuevas funciones que asumen Iv\u00e1n Pino y Mar\u00eda Esteve nos dan un empuje adicional al \u00e1rea, su experiencia y talento completan una nueva estructura con la que queremos dar la mejor respuesta a las necesidades que tienen nuestros clientes en un entorno cada vez m\u00e1s complejo\u201d, asegura<strong> Luisa Garc\u00eda<\/strong>, <em>CEO<\/em> Global de <em>Corporate Affairs<\/em>.<\/span><\/p>\n<p style=\"text-align: justify;\"><span style=\"color: #000000;\">El \u00e1rea de <em>Corporate Affairs<\/em> de LLYC abarca servicios como reputaci\u00f3n corporativa y liderazgo, comunicaci\u00f3n financiera y operaciones corporativas, gesti\u00f3n de crisis y riesgos, <em>ESG<\/em>, personas, talento y cultura, as\u00ed como asuntos p\u00fablicos, asuntos europeos, <em>advocacy<\/em> y diplomacia corporativa. Esta unidad aporta el 60% del total de los ingresos operacionales de LLYC.<\/span><\/p>\n<p style=\"text-align: justify;\"><span style=\"color: #000000;\">La otra gran \u00e1rea de pr\u00e1ctica de la firma es <em>Marketing<\/em>, liderada globalmente por Adolfo Corujo. Con esta estructura matricial LLYC responde de manera \u00e1gil y efectiva a las necesidades de sus clientes y a las demandas del mercado en un entorno cada vez m\u00e1s din\u00e1mico y global.<\/span><\/p>\n<p><img decoding=\"async\" class=\"aligncenter size-full wp-image-127810\" src=\"https:\/\/www.quebakan.com\/v15\/wp-content\/uploads\/2025\/01\/Nueva-estructura.jpg\" alt=\"\" width=\"700\" height=\"430\" \/><\/p>\n","protected":false},"excerpt":{"rendered":"<p>Iv\u00e1n Pino es el nuevo Director General del \u00e1rea para Latam y Mar\u00eda Esteve estar\u00e1 al frente de la estrategia global La nueva estructura est\u00e1 liderada por Luisa Garc\u00eda, CEO Global de Corporate Affairs desde el pasado 1 de enero Quito,\u00a016 de enero de 2025.- LLYC tiene una nueva estructura en el \u00e1rea de Corporate [&hellip;]<\/p>\n","protected":false},"author":4,"featured_media":127809,"comment_status":"open","ping_status":"open","sticky":false,"template":"","format":"standard","meta":{"_bbp_topic_count":0,"_bbp_reply_count":0,"_bbp_total_topic_count":0,"_bbp_total_reply_count":0,"_bbp_voice_count":0,"_bbp_anonymous_reply_count":0,"_bbp_topic_count_hidden":0,"_bbp_reply_count_hidden":0,"_bbp_forum_subforum_count":0,"buzzeditor_post_format":"","footnotes":""},"categories":[2],"tags":[],"class_list":["post-127808","post","type-post","status-publish","format-standard","has-post-thumbnail","hentry","category-noticias"],"yoast_head":"<!-- This site is optimized with the Yoast SEO plugin v27.4 - https:\/\/yoast.com\/product\/yoast-seo-wordpress\/ -->\n<title>LLYC impulsa su nueva estructura global de Corporate Affairs &#8211; QUEBAKAN.COM 2026: Noticias, Eventos, Conciertos y mucho m\u00e1s....<\/title>\n<meta name=\"robots\" content=\"index, follow, max-snippet:-1, max-image-preview:large, max-video-preview:-1\" \/>\n<link rel=\"canonical\" href=\"https:\/\/www.quebakan.com\/v15\/llyc-impulsa-su-nueva-estructura-global-de-corporate-affairs\/\" \/>\n<meta property=\"og:locale\" content=\"es_ES\" \/>\n<meta property=\"og:type\" content=\"article\" \/>\n<meta property=\"og:title\" content=\"LLYC impulsa su nueva estructura global de Corporate Affairs &#8211; QUEBAKAN.COM 2026: Noticias, Eventos, Conciertos y mucho m\u00e1s....\" \/>\n<meta property=\"og:description\" content=\"Iv\u00e1n Pino es el nuevo Director General del \u00e1rea para Latam y Mar\u00eda Esteve estar\u00e1 al frente de la estrategia global La nueva estructura est\u00e1 liderada por Luisa Garc\u00eda, CEO Global de Corporate Affairs desde el pasado 1 de enero Quito,\u00a016 de enero de 2025.- LLYC tiene una nueva estructura en el \u00e1rea de Corporate [&hellip;]\" \/>\n<meta property=\"og:url\" content=\"https:\/\/www.quebakan.com\/v15\/llyc-impulsa-su-nueva-estructura-global-de-corporate-affairs\/\" \/>\n<meta property=\"og:site_name\" content=\"QUEBAKAN.COM 2026: Noticias, Eventos, Conciertos y mucho m\u00e1s....\" \/>\n<meta property=\"article:publisher\" content=\"http:\/\/www.facebook.com\/quebakan\" \/>\n<meta property=\"article:published_time\" content=\"2025-01-17T06:08:17+00:00\" \/>\n<meta property=\"og:image\" content=\"https:\/\/www.quebakan.com\/v15\/wp-content\/uploads\/2025\/01\/Nueva-estructura-1.jpg\" \/>\n\t<meta property=\"og:image:width\" content=\"700\" \/>\n\t<meta property=\"og:image:height\" content=\"430\" \/>\n\t<meta property=\"og:image:type\" content=\"image\/jpeg\" \/>\n<meta name=\"author\" content=\"Erick Villafuerte\" \/>\n<meta name=\"twitter:card\" content=\"summary_large_image\" \/>\n<meta name=\"twitter:creator\" content=\"@quebakanec\" \/>\n<meta name=\"twitter:site\" content=\"@quebakanec\" \/>\n<meta name=\"twitter:label1\" content=\"Escrito por\" \/>\n\t<meta name=\"twitter:data1\" content=\"Erick Villafuerte\" \/>\n\t<meta name=\"twitter:label2\" content=\"Tiempo de lectura\" \/>\n\t<meta name=\"twitter:data2\" content=\"3 minutos\" \/>\n<script type=\"application\/ld+json\" class=\"yoast-schema-graph\">{\"@context\":\"https:\\\/\\\/schema.org\",\"@graph\":[{\"@type\":\"Article\",\"@id\":\"https:\\\/\\\/www.quebakan.com\\\/v15\\\/llyc-impulsa-su-nueva-estructura-global-de-corporate-affairs\\\/#article\",\"isPartOf\":{\"@id\":\"https:\\\/\\\/www.quebakan.com\\\/v15\\\/llyc-impulsa-su-nueva-estructura-global-de-corporate-affairs\\\/\"},\"author\":{\"name\":\"Erick Villafuerte\",\"@id\":\"https:\\\/\\\/www.quebakan.com\\\/v15\\\/#\\\/schema\\\/person\\\/d90fa9f9cfa81eb8ace9811e5b7b9118\"},\"headline\":\"LLYC impulsa su nueva estructura global de Corporate Affairs\",\"datePublished\":\"2025-01-17T06:08:17+00:00\",\"mainEntityOfPage\":{\"@id\":\"https:\\\/\\\/www.quebakan.com\\\/v15\\\/llyc-impulsa-su-nueva-estructura-global-de-corporate-affairs\\\/\"},\"wordCount\":492,\"commentCount\":0,\"publisher\":{\"@id\":\"https:\\\/\\\/www.quebakan.com\\\/v15\\\/#organization\"},\"image\":{\"@id\":\"https:\\\/\\\/www.quebakan.com\\\/v15\\\/llyc-impulsa-su-nueva-estructura-global-de-corporate-affairs\\\/#primaryimage\"},\"thumbnailUrl\":\"https:\\\/\\\/www.quebakan.com\\\/v15\\\/wp-content\\\/uploads\\\/2025\\\/01\\\/Nueva-estructura-1.jpg\",\"articleSection\":[\"Noticias\"],\"inLanguage\":\"es\"},{\"@type\":\"WebPage\",\"@id\":\"https:\\\/\\\/www.quebakan.com\\\/v15\\\/llyc-impulsa-su-nueva-estructura-global-de-corporate-affairs\\\/\",\"url\":\"https:\\\/\\\/www.quebakan.com\\\/v15\\\/llyc-impulsa-su-nueva-estructura-global-de-corporate-affairs\\\/\",\"name\":\"LLYC impulsa su nueva estructura global de Corporate Affairs &#8211; QUEBAKAN.COM 2026: Noticias, Eventos, Conciertos y mucho m\u00e1s....\",\"isPartOf\":{\"@id\":\"https:\\\/\\\/www.quebakan.com\\\/v15\\\/#website\"},\"primaryImageOfPage\":{\"@id\":\"https:\\\/\\\/www.quebakan.com\\\/v15\\\/llyc-impulsa-su-nueva-estructura-global-de-corporate-affairs\\\/#primaryimage\"},\"image\":{\"@id\":\"https:\\\/\\\/www.quebakan.com\\\/v15\\\/llyc-impulsa-su-nueva-estructura-global-de-corporate-affairs\\\/#primaryimage\"},\"thumbnailUrl\":\"https:\\\/\\\/www.quebakan.com\\\/v15\\\/wp-content\\\/uploads\\\/2025\\\/01\\\/Nueva-estructura-1.jpg\",\"datePublished\":\"2025-01-17T06:08:17+00:00\",\"breadcrumb\":{\"@id\":\"https:\\\/\\\/www.quebakan.com\\\/v15\\\/llyc-impulsa-su-nueva-estructura-global-de-corporate-affairs\\\/#breadcrumb\"},\"inLanguage\":\"es\",\"potentialAction\":[{\"@type\":\"ReadAction\",\"target\":[\"https:\\\/\\\/www.quebakan.com\\\/v15\\\/llyc-impulsa-su-nueva-estructura-global-de-corporate-affairs\\\/\"]}]},{\"@type\":\"ImageObject\",\"inLanguage\":\"es\",\"@id\":\"https:\\\/\\\/www.quebakan.com\\\/v15\\\/llyc-impulsa-su-nueva-estructura-global-de-corporate-affairs\\\/#primaryimage\",\"url\":\"https:\\\/\\\/www.quebakan.com\\\/v15\\\/wp-content\\\/uploads\\\/2025\\\/01\\\/Nueva-estructura-1.jpg\",\"contentUrl\":\"https:\\\/\\\/www.quebakan.com\\\/v15\\\/wp-content\\\/uploads\\\/2025\\\/01\\\/Nueva-estructura-1.jpg\",\"width\":700,\"height\":430},{\"@type\":\"BreadcrumbList\",\"@id\":\"https:\\\/\\\/www.quebakan.com\\\/v15\\\/llyc-impulsa-su-nueva-estructura-global-de-corporate-affairs\\\/#breadcrumb\",\"itemListElement\":[{\"@type\":\"ListItem\",\"position\":1,\"name\":\"Portada\",\"item\":\"https:\\\/\\\/www.quebakan.com\\\/v15\\\/\"},{\"@type\":\"ListItem\",\"position\":2,\"name\":\"LLYC impulsa su nueva estructura global de Corporate Affairs\"}]},{\"@type\":\"WebSite\",\"@id\":\"https:\\\/\\\/www.quebakan.com\\\/v15\\\/#website\",\"url\":\"https:\\\/\\\/www.quebakan.com\\\/v15\\\/\",\"name\":\"QUEBAKAN\",\"description\":\"..\",\"publisher\":{\"@id\":\"https:\\\/\\\/www.quebakan.com\\\/v15\\\/#organization\"},\"potentialAction\":[{\"@type\":\"SearchAction\",\"target\":{\"@type\":\"EntryPoint\",\"urlTemplate\":\"https:\\\/\\\/www.quebakan.com\\\/v15\\\/?s={search_term_string}\"},\"query-input\":{\"@type\":\"PropertyValueSpecification\",\"valueRequired\":true,\"valueName\":\"search_term_string\"}}],\"inLanguage\":\"es\"},{\"@type\":\"Organization\",\"@id\":\"https:\\\/\\\/www.quebakan.com\\\/v15\\\/#organization\",\"name\":\"Quebakan.com\",\"url\":\"https:\\\/\\\/www.quebakan.com\\\/v15\\\/\",\"logo\":{\"@type\":\"ImageObject\",\"inLanguage\":\"es\",\"@id\":\"https:\\\/\\\/www.quebakan.com\\\/v15\\\/#\\\/schema\\\/logo\\\/image\\\/\",\"url\":\"https:\\\/\\\/www.quebakan.com\\\/v15\\\/wp-content\\\/uploads\\\/2023\\\/07\\\/logoquebakanenero2021.jpg\",\"contentUrl\":\"https:\\\/\\\/www.quebakan.com\\\/v15\\\/wp-content\\\/uploads\\\/2023\\\/07\\\/logoquebakanenero2021.jpg\",\"width\":1920,\"height\":1080,\"caption\":\"Quebakan.com\"},\"image\":{\"@id\":\"https:\\\/\\\/www.quebakan.com\\\/v15\\\/#\\\/schema\\\/logo\\\/image\\\/\"},\"sameAs\":[\"http:\\\/\\\/www.facebook.com\\\/quebakan\",\"https:\\\/\\\/x.com\\\/quebakanec\",\"http:\\\/\\\/www.instagram.com\\\/quebakan\",\"http:\\\/\\\/www.youtube.com\\\/quebakan1\"]},{\"@type\":\"Person\",\"@id\":\"https:\\\/\\\/www.quebakan.com\\\/v15\\\/#\\\/schema\\\/person\\\/d90fa9f9cfa81eb8ace9811e5b7b9118\",\"name\":\"Erick Villafuerte\",\"image\":{\"@type\":\"ImageObject\",\"inLanguage\":\"es\",\"@id\":\"https:\\\/\\\/www.quebakan.com\\\/v15\\\/wp-content\\\/uploads\\\/avatars\\\/4\\\/1731297654-bpfull.png\",\"url\":\"https:\\\/\\\/www.quebakan.com\\\/v15\\\/wp-content\\\/uploads\\\/avatars\\\/4\\\/1731297654-bpfull.png\",\"contentUrl\":\"https:\\\/\\\/www.quebakan.com\\\/v15\\\/wp-content\\\/uploads\\\/avatars\\\/4\\\/1731297654-bpfull.png\",\"caption\":\"Erick Villafuerte\"}}]}<\/script>\n<!-- \/ Yoast SEO plugin. -->","yoast_head_json":{"title":"LLYC impulsa su nueva estructura global de Corporate Affairs &#8211; QUEBAKAN.COM 2026: Noticias, Eventos, Conciertos y mucho m\u00e1s....","robots":{"index":"index","follow":"follow","max-snippet":"max-snippet:-1","max-image-preview":"max-image-preview:large","max-video-preview":"max-video-preview:-1"},"canonical":"https:\/\/www.quebakan.com\/v15\/llyc-impulsa-su-nueva-estructura-global-de-corporate-affairs\/","og_locale":"es_ES","og_type":"article","og_title":"LLYC impulsa su nueva estructura global de Corporate Affairs &#8211; QUEBAKAN.COM 2026: Noticias, Eventos, Conciertos y mucho m\u00e1s....","og_description":"Iv\u00e1n Pino es el nuevo Director General del \u00e1rea para Latam y Mar\u00eda Esteve estar\u00e1 al frente de la estrategia global La nueva estructura est\u00e1 liderada por Luisa Garc\u00eda, CEO Global de Corporate Affairs desde el pasado 1 de enero Quito,\u00a016 de enero de 2025.- LLYC tiene una nueva estructura en el \u00e1rea de Corporate [&hellip;]","og_url":"https:\/\/www.quebakan.com\/v15\/llyc-impulsa-su-nueva-estructura-global-de-corporate-affairs\/","og_site_name":"QUEBAKAN.COM 2026: Noticias, Eventos, Conciertos y mucho m\u00e1s....","article_publisher":"http:\/\/www.facebook.com\/quebakan","article_published_time":"2025-01-17T06:08:17+00:00","og_image":[{"width":700,"height":430,"url":"https:\/\/www.quebakan.com\/v15\/wp-content\/uploads\/2025\/01\/Nueva-estructura-1.jpg","type":"image\/jpeg"}],"author":"Erick Villafuerte","twitter_card":"summary_large_image","twitter_creator":"@quebakanec","twitter_site":"@quebakanec","twitter_misc":{"Escrito por":"Erick Villafuerte","Tiempo de lectura":"3 minutos"},"schema":{"@context":"https:\/\/schema.org","@graph":[{"@type":"Article","@id":"https:\/\/www.quebakan.com\/v15\/llyc-impulsa-su-nueva-estructura-global-de-corporate-affairs\/#article","isPartOf":{"@id":"https:\/\/www.quebakan.com\/v15\/llyc-impulsa-su-nueva-estructura-global-de-corporate-affairs\/"},"author":{"name":"Erick Villafuerte","@id":"https:\/\/www.quebakan.com\/v15\/#\/schema\/person\/d90fa9f9cfa81eb8ace9811e5b7b9118"},"headline":"LLYC impulsa su nueva estructura global de Corporate Affairs","datePublished":"2025-01-17T06:08:17+00:00","mainEntityOfPage":{"@id":"https:\/\/www.quebakan.com\/v15\/llyc-impulsa-su-nueva-estructura-global-de-corporate-affairs\/"},"wordCount":492,"commentCount":0,"publisher":{"@id":"https:\/\/www.quebakan.com\/v15\/#organization"},"image":{"@id":"https:\/\/www.quebakan.com\/v15\/llyc-impulsa-su-nueva-estructura-global-de-corporate-affairs\/#primaryimage"},"thumbnailUrl":"https:\/\/www.quebakan.com\/v15\/wp-content\/uploads\/2025\/01\/Nueva-estructura-1.jpg","articleSection":["Noticias"],"inLanguage":"es"},{"@type":"WebPage","@id":"https:\/\/www.quebakan.com\/v15\/llyc-impulsa-su-nueva-estructura-global-de-corporate-affairs\/","url":"https:\/\/www.quebakan.com\/v15\/llyc-impulsa-su-nueva-estructura-global-de-corporate-affairs\/","name":"LLYC impulsa su nueva estructura global de Corporate Affairs &#8211; QUEBAKAN.COM 2026: Noticias, Eventos, Conciertos y mucho m\u00e1s....","isPartOf":{"@id":"https:\/\/www.quebakan.com\/v15\/#website"},"primaryImageOfPage":{"@id":"https:\/\/www.quebakan.com\/v15\/llyc-impulsa-su-nueva-estructura-global-de-corporate-affairs\/#primaryimage"},"image":{"@id":"https:\/\/www.quebakan.com\/v15\/llyc-impulsa-su-nueva-estructura-global-de-corporate-affairs\/#primaryimage"},"thumbnailUrl":"https:\/\/www.quebakan.com\/v15\/wp-content\/uploads\/2025\/01\/Nueva-estructura-1.jpg","datePublished":"2025-01-17T06:08:17+00:00","breadcrumb":{"@id":"https:\/\/www.quebakan.com\/v15\/llyc-impulsa-su-nueva-estructura-global-de-corporate-affairs\/#breadcrumb"},"inLanguage":"es","potentialAction":[{"@type":"ReadAction","target":["https:\/\/www.quebakan.com\/v15\/llyc-impulsa-su-nueva-estructura-global-de-corporate-affairs\/"]}]},{"@type":"ImageObject","inLanguage":"es","@id":"https:\/\/www.quebakan.com\/v15\/llyc-impulsa-su-nueva-estructura-global-de-corporate-affairs\/#primaryimage","url":"https:\/\/www.quebakan.com\/v15\/wp-content\/uploads\/2025\/01\/Nueva-estructura-1.jpg","contentUrl":"https:\/\/www.quebakan.com\/v15\/wp-content\/uploads\/2025\/01\/Nueva-estructura-1.jpg","width":700,"height":430},{"@type":"BreadcrumbList","@id":"https:\/\/www.quebakan.com\/v15\/llyc-impulsa-su-nueva-estructura-global-de-corporate-affairs\/#breadcrumb","itemListElement":[{"@type":"ListItem","position":1,"name":"Portada","item":"https:\/\/www.quebakan.com\/v15\/"},{"@type":"ListItem","position":2,"name":"LLYC impulsa su nueva estructura global de Corporate Affairs"}]},{"@type":"WebSite","@id":"https:\/\/www.quebakan.com\/v15\/#website","url":"https:\/\/www.quebakan.com\/v15\/","name":"QUEBAKAN","description":"..","publisher":{"@id":"https:\/\/www.quebakan.com\/v15\/#organization"},"potentialAction":[{"@type":"SearchAction","target":{"@type":"EntryPoint","urlTemplate":"https:\/\/www.quebakan.com\/v15\/?s={search_term_string}"},"query-input":{"@type":"PropertyValueSpecification","valueRequired":true,"valueName":"search_term_string"}}],"inLanguage":"es"},{"@type":"Organization","@id":"https:\/\/www.quebakan.com\/v15\/#organization","name":"Quebakan.com","url":"https:\/\/www.quebakan.com\/v15\/","logo":{"@type":"ImageObject","inLanguage":"es","@id":"https:\/\/www.quebakan.com\/v15\/#\/schema\/logo\/image\/","url":"https:\/\/www.quebakan.com\/v15\/wp-content\/uploads\/2023\/07\/logoquebakanenero2021.jpg","contentUrl":"https:\/\/www.quebakan.com\/v15\/wp-content\/uploads\/2023\/07\/logoquebakanenero2021.jpg","width":1920,"height":1080,"caption":"Quebakan.com"},"image":{"@id":"https:\/\/www.quebakan.com\/v15\/#\/schema\/logo\/image\/"},"sameAs":["http:\/\/www.facebook.com\/quebakan","https:\/\/x.com\/quebakanec","http:\/\/www.instagram.com\/quebakan","http:\/\/www.youtube.com\/quebakan1"]},{"@type":"Person","@id":"https:\/\/www.quebakan.com\/v15\/#\/schema\/person\/d90fa9f9cfa81eb8ace9811e5b7b9118","name":"Erick Villafuerte","image":{"@type":"ImageObject","inLanguage":"es","@id":"https:\/\/www.quebakan.com\/v15\/wp-content\/uploads\/avatars\/4\/1731297654-bpfull.png","url":"https:\/\/www.quebakan.com\/v15\/wp-content\/uploads\/avatars\/4\/1731297654-bpfull.png","contentUrl":"https:\/\/www.quebakan.com\/v15\/wp-content\/uploads\/avatars\/4\/1731297654-bpfull.png","caption":"Erick Villafuerte"}}]}},"_links":{"self":[{"href":"https:\/\/www.quebakan.com\/v15\/wp-json\/wp\/v2\/posts\/127808","targetHints":{"allow":["GET"]}}],"collection":[{"href":"https:\/\/www.quebakan.com\/v15\/wp-json\/wp\/v2\/posts"}],"about":[{"href":"https:\/\/www.quebakan.com\/v15\/wp-json\/wp\/v2\/types\/post"}],"author":[{"embeddable":true,"href":"https:\/\/www.quebakan.com\/v15\/wp-json\/wp\/v2\/users\/4"}],"replies":[{"embeddable":true,"href":"https:\/\/www.quebakan.com\/v15\/wp-json\/wp\/v2\/comments?post=127808"}],"version-history":[{"count":1,"href":"https:\/\/www.quebakan.com\/v15\/wp-json\/wp\/v2\/posts\/127808\/revisions"}],"predecessor-version":[{"id":127811,"href":"https:\/\/www.quebakan.com\/v15\/wp-json\/wp\/v2\/posts\/127808\/revisions\/127811"}],"wp:featuredmedia":[{"embeddable":true,"href":"https:\/\/www.quebakan.com\/v15\/wp-json\/wp\/v2\/media\/127809"}],"wp:attachment":[{"href":"https:\/\/www.quebakan.com\/v15\/wp-json\/wp\/v2\/media?parent=127808"}],"wp:term":[{"taxonomy":"category","embeddable":true,"href":"https:\/\/www.quebakan.com\/v15\/wp-json\/wp\/v2\/categories?post=127808"},{"taxonomy":"post_tag","embeddable":true,"href":"https:\/\/www.quebakan.com\/v15\/wp-json\/wp\/v2\/tags?post=127808"}],"curies":[{"name":"wp","href":"https:\/\/api.w.org\/{rel}","templated":true}]}}