{"id":127812,"date":"2025-01-17T01:46:25","date_gmt":"2025-01-17T06:46:25","guid":{"rendered":"https:\/\/www.quebakan.com\/v15\/?p=127812"},"modified":"2025-01-17T01:46:25","modified_gmt":"2025-01-17T06:46:25","slug":"agenda-de-enero-en-el-malecon-2000-y-malecon-del-salado-2","status":"publish","type":"post","link":"https:\/\/www.quebakan.com\/v15\/agenda-de-enero-en-el-malecon-2000-y-malecon-del-salado-2\/","title":{"rendered":"AGENDA DE ENERO EN EL MALEC\u00d3N 2000 Y MALEC\u00d3N DEL SALADO"},"content":{"rendered":"<p><img fetchpriority=\"high\" decoding=\"async\" class=\"aligncenter size-full wp-image-127813\" src=\"https:\/\/www.quebakan.com\/v15\/wp-content\/uploads\/2025\/01\/Feria-Artesanal.jpg\" alt=\"\" width=\"536\" height=\"715\" \/><\/p>\n<p style=\"text-align: justify;\"><span style=\"color: #000000;\">Malec\u00f3n 2000 y Malec\u00f3n del Salado tienen muchas opciones de entretenimiento, tanto gratuito como de precios accesibles, por lo que se han organizado diversas actividades, para ellos y sus familias en ambos espacios para este mes.<\/span><\/p>\n<p style=\"text-align: justify;\"><span style=\"color: #000000;\"><strong><u>Malec\u00f3n 2000: <\/u><\/strong>se podr\u00e1 disfrutar gratuitamente de diversas actividades:<\/span><\/p>\n<table width=\"605\">\n<tbody>\n<tr>\n<td width=\"217\"><span style=\"color: #000000;\"><strong>ACTIVIDAD<\/strong><\/span><\/td>\n<td width=\"85\"><span style=\"color: #000000;\"><strong>FECHA<\/strong><\/span><\/td>\n<td width=\"141\"><span style=\"color: #000000;\"><strong>HORA<\/strong><\/span><\/td>\n<td width=\"161\"><span style=\"color: #000000;\"><strong>LUGAR<\/strong><\/span><\/td>\n<\/tr>\n<tr>\n<td rowspan=\"2\" width=\"217\"><span style=\"color: #000000;\"><strong>\u00a0<\/strong><\/span><\/p>\n<p><span style=\"color: #000000;\"><strong>Feria artesanal<\/strong><\/span><\/td>\n<td width=\"85\"><span style=\"color: #000000;\">17 enero a 19 de enero<\/span><\/td>\n<td width=\"141\"><span style=\"color: #000000;\">10h00 a 23h00<\/span><\/td>\n<td width=\"161\"><span style=\"color: #000000;\">Explanada de Donantes<\/span><\/td>\n<\/tr>\n<tr>\n<td width=\"85\"><span style=\"color: #000000;\">17 al 28 de enero<\/span><\/p>\n<p>&nbsp;<\/td>\n<td width=\"141\"><span style=\"color: #000000;\">10h00 a 23h00<\/span><\/td>\n<td width=\"161\"><span style=\"color: #000000;\">Explanada de Presidentes (altura calle Aguirre)<\/span><\/td>\n<\/tr>\n<tr>\n<td rowspan=\"3\" width=\"217\"><span style=\"color: #000000;\"><strong>Malec\u00f3n al aire libre \u2013 inicia clases el 20 de enero<\/strong><\/span><\/td>\n<td width=\"85\"><span style=\"color: #000000;\">Yoga: lunes y jueves<\/span><\/td>\n<td width=\"141\"><span style=\"color: #000000;\">07h00 \u2013 19h00<\/span><\/td>\n<td width=\"161\"><span style=\"color: #000000;\">Explanada de CinemaMalec\u00f3n<\/span><\/td>\n<\/tr>\n<tr>\n<td width=\"85\"><span style=\"color: #000000;\">Zumba: martes y viernes<\/span><\/td>\n<td width=\"141\"><span style=\"color: #000000;\">07h00 \u2013 19h00<\/span><\/td>\n<td width=\"161\"><span style=\"color: #000000;\">Terraza de Mc Donald\u00b4s<\/span><\/td>\n<\/tr>\n<tr>\n<td width=\"85\"><span style=\"color: #000000;\">Tai Chi: mi\u00e9rcoles<\/span><\/td>\n<td width=\"141\"><span style=\"color: #000000;\">07h00 \u2013 19h00<\/span><\/td>\n<td width=\"161\"><span style=\"color: #000000;\">Explanada de CinemaMalec\u00f3n<\/span><\/td>\n<\/tr>\n<\/tbody>\n<\/table>\n<p style=\"text-align: justify;\"><span style=\"color: #000000;\">La ciudadan\u00eda tambi\u00e9n podr\u00e1 encontrar una variada oferta de entretenimiento y gastronom\u00eda en varios puntos del Malec\u00f3n 2000:<\/span><\/p>\n<table width=\"605\">\n<tbody>\n<tr>\n<td width=\"189\"><span style=\"color: #000000;\"><strong>Actividad<\/strong><\/span><\/td>\n<td width=\"116\"><span style=\"color: #000000;\"><strong>Hora<\/strong><\/span><\/td>\n<td width=\"158\"><span style=\"color: #000000;\"><strong>Lugar<\/strong><\/span><\/td>\n<td width=\"142\"><span style=\"color: #000000;\"><strong>Valor<\/strong><\/span><\/td>\n<\/tr>\n<tr>\n<td width=\"189\"><span style=\"color: #000000;\"><strong>Mundo inflable: Juegos infantiles inflables.<\/strong><\/span><\/td>\n<td width=\"116\"><span style=\"color: #000000;\">Lunes, mi\u00e9rcoles, jueves, viernes y Domingo:\u00a0 12h00 a 20h00.<\/span><\/p>\n<p><span style=\"color: #000000;\">S\u00e1bados y feriados: 11h00 a 23h00.<\/span><\/p>\n<p>&nbsp;<\/td>\n<td width=\"158\"><span style=\"color: #000000;\">Atr\u00e1s del Hemiciclo La Rotonda<\/span><\/td>\n<td width=\"142\"><span style=\"color: #000000;\">$2 cada juego<\/span><\/td>\n<\/tr>\n<tr>\n<td width=\"189\"><span style=\"color: #000000;\"><strong>Safari Xtreme<\/strong><\/span><\/td>\n<td width=\"116\"><span style=\"color: #000000;\">Lunes, mi\u00e9rcoles, jueves, viernes y Domingo:\u00a0 12h00 a 20h00.<\/span><\/p>\n<p><span style=\"color: #000000;\">S\u00e1bados y feriados: 11h00 a 23h00.<\/span><\/p>\n<p>&nbsp;<\/td>\n<td width=\"158\"><span style=\"color: #000000;\">Port\u00f3n Loja, junto a La Perla<\/span><\/td>\n<td width=\"142\"><span style=\"color: #000000;\">Juegos desde $1<\/span><\/td>\n<\/tr>\n<tr>\n<td width=\"189\"><span style=\"color: #000000;\"><strong>Safari Kids<\/strong><\/span><\/td>\n<td width=\"116\"><span style=\"color: #000000;\">Lunes, mi\u00e9rcoles, jueves, viernes y Domingo:\u00a0 12h00 a 20h00.<\/span><\/p>\n<p><span style=\"color: #000000;\">S\u00e1bados y feriados: 11h00 a 23h00.<\/span><\/p>\n<p>&nbsp;<\/td>\n<td width=\"158\"><span style=\"color: #000000;\">Ingreso Port\u00f3n Junin, junto a Resaca<\/span><\/td>\n<td width=\"142\"><span style=\"color: #000000;\">Juegos desde $0,60<\/span><\/td>\n<\/tr>\n<tr>\n<td width=\"189\"><span style=\"color: #000000;\"><strong>Safari Zone<\/strong><\/span><\/td>\n<td width=\"116\"><span style=\"color: #000000;\">Lunes a domingo: 10h00 a 20h00<\/span><\/td>\n<td width=\"158\"><span style=\"color: #000000;\">CC Malec\u00f3n (Junto a TIA)<\/span><\/td>\n<td width=\"142\"><span style=\"color: #000000;\">Juegos desde $1<\/span><\/td>\n<\/tr>\n<tr>\n<td width=\"189\"><span style=\"color: #000000;\"><strong>Museo Miniatura Guayaquil en la Historia<\/strong><\/span><\/td>\n<td width=\"116\"><span style=\"color: #000000;\">10h00 a 18h00 (\u00faltimo grupo ingresa 17h20).<\/span><\/td>\n<td width=\"158\"><span style=\"color: #000000;\">Port\u00f3n Loja, en los bajos de CinemaMalec\u00f3n.<\/span><\/td>\n<td width=\"142\"><span style=\"color: #000000;\">$2 adultos, $1,50 ni\u00f1os y $1 personas con discapacidad y tercera edad.<\/span><\/td>\n<\/tr>\n<tr>\n<td width=\"189\"><span style=\"color: #000000;\"><strong>CinemaMalec\u00f3n<\/strong><\/span><\/td>\n<td width=\"116\"><span style=\"color: #000000;\">Mi\u00e9rcoles a domingo. Revisar cartelera en @cinemamalecon<\/span><\/td>\n<td width=\"158\"><span style=\"color: #000000;\">Malec\u00f3n y Loja<\/span><\/td>\n<td width=\"142\"><span style=\"color: #000000;\">Desde $3<\/span><\/td>\n<\/tr>\n<tr>\n<td width=\"189\"><span style=\"color: #000000;\"><strong>Terraventura: dinosaurios y dragones <\/strong><\/span><\/td>\n<td width=\"116\"><span style=\"color: #000000;\">Martes a jueves 12h00 a 20h00, viernes 12h00 a 21h00, s\u00e1bados 11h00 a 21h00, domingos 11h00 a 19h00.<\/span><\/td>\n<td width=\"158\"><span style=\"color: #000000;\">Jardines del Malec\u00f3n<\/span><\/td>\n<td width=\"142\"><span style=\"color: #000000;\">S\u00e1bado y domingo adultos $6, ni\u00f1os $4, tercera edad y personas con discapacidad $3<\/span><\/td>\n<\/tr>\n<tr>\n<td width=\"189\"><span style=\"color: #000000;\"><strong>Paseo en bote por el r\u00edo Guayas \u201cCacique Tumbala\u201d<\/strong><\/span><\/td>\n<td width=\"116\"><span style=\"color: #000000;\">Lunes a viernes desde las 15h00 hasta las 19h00, s\u00e1bados, domingos y feriados desde las 11h00 hasta las 19h00\u00a0<\/span><\/td>\n<td width=\"158\"><span style=\"color: #000000;\">Muelle Malec\u00f3n y Tom\u00e1s Mart\u00ednez.<\/span><\/td>\n<td width=\"142\"><span style=\"color: #000000;\">$4, ni\u00f1os menores a 8 a\u00f1os ingresan gratis<\/span><\/td>\n<\/tr>\n<tr>\n<td width=\"189\"><span style=\"color: #000000;\"><strong>Paseo en bote por el r\u00edo Guayas \u201cPerla del Pac\u00edfico\u201d<\/strong><\/span><\/td>\n<td width=\"116\"><span style=\"color: #000000;\">Mi\u00e9rcoles y jueves 12:00 a 20:00; viernes, s\u00e1bado y feriado 11:00 a 22:00; domingos a 20:00.<\/span><\/p>\n<p>&nbsp;<\/td>\n<td width=\"158\"><span style=\"color: #000000;\">Muelle Sucre (referencia en los bajos de Mc Donald\u00b4s)<\/span><\/td>\n<td width=\"142\"><span style=\"color: #000000;\">$5 adultos y ni\u00f1os $2,50. Menores de 5 a\u00f1os ingresan gratis.<\/span><\/td>\n<\/tr>\n<tr>\n<td width=\"189\"><span style=\"color: #000000;\"><strong>Mercado del R\u00edo<\/strong><\/span><\/td>\n<td width=\"116\"><span style=\"color: #000000;\">Lunes a jueves: 12h00 a 21h00; viernes y s\u00e1bado: 12h00 a 23h00; domingos: 12h00 a 19h00.<\/span><\/td>\n<td width=\"158\"><span style=\"color: #000000;\">Malec\u00f3n y Col\u00f3n<\/span><\/td>\n<td width=\"142\"><span style=\"color: #000000;\">Ingreso libre. Consumo en locales de Mercado del R\u00edo.<\/span><\/td>\n<\/tr>\n<tr>\n<td width=\"189\"><span style=\"color: #000000;\"><strong>Caricaturistas: artistas realizan retratos y caricaturas a los visitantes<\/strong><\/span><\/td>\n<td width=\"116\"><span style=\"color: #000000;\">Lunes a domingo desde las 10h00 a 18h00<\/span><\/td>\n<td width=\"158\"><span style=\"color: #000000;\">A lo largo del Malec\u00f3n 2000<\/span><\/td>\n<td width=\"142\"><span style=\"color: #000000;\">Retratos desde $10<\/span><\/td>\n<\/tr>\n<\/tbody>\n<\/table>\n<p style=\"text-align: justify;\"><span style=\"color: #000000;\"><strong><u>Malec\u00f3n del Salado &amp; La Bota<\/u><\/strong><\/span><\/p>\n<p style=\"text-align: justify;\"><span style=\"color: #000000;\">La ciudadan\u00eda tambi\u00e9n podr\u00e1 encontrar una variada oferta de entretenimiento en varios puntos del Malec\u00f3n del Salado y La Bota.\u00a0<\/span><\/p>\n<table style=\"height: 900px;\" width=\"1266\">\n<tbody>\n<tr>\n<td width=\"14%\"><span style=\"color: #000000;\"><strong>ACTIVIDAD<\/strong><\/span><\/td>\n<td width=\"17%\"><span style=\"color: #000000;\"><strong>DESCRIPCION<\/strong><\/span><\/td>\n<td width=\"16%\"><span style=\"color: #000000;\"><strong>FECHA<\/strong><\/span><\/td>\n<td width=\"17%\"><span style=\"color: #000000;\"><strong>HORA<\/strong><\/span><\/td>\n<td width=\"17%\"><span style=\"color: #000000;\"><strong>COSTO<\/strong><\/span><\/td>\n<td width=\"17%\"><span style=\"color: #000000;\"><strong>LUGAR<\/strong><\/span><\/td>\n<\/tr>\n<tr>\n<td width=\"14%\"><span style=\"color: #000000;\"><strong>Bootcamp de Crosstraining<\/strong><\/span><\/td>\n<td width=\"17%\"><span style=\"color: #000000;\">Curso de crosstraining<\/span><\/td>\n<td width=\"16%\"><span style=\"color: #000000;\">S\u00e1bado 18 de enero<\/span><\/td>\n<td width=\"17%\"><span style=\"color: #000000;\">09h00<\/span><\/td>\n<td width=\"17%\"><span style=\"color: #000000;\">Gratuito<\/span><\/td>\n<td width=\"17%\"><span style=\"color: #000000;\">Explanada La Bota<\/span><\/td>\n<\/tr>\n<tr>\n<td width=\"14%\"><span style=\"color: #000000;\"><strong>Malec\u00f3n al aire libre<\/strong><\/span><\/td>\n<td width=\"17%\"><span style=\"color: #000000;\">Programa de disciplinas deportivas.<\/span><\/td>\n<td width=\"16%\"><span style=\"color: #000000;\">Inicia su nueva temporada el lunes 20 de enero del 2025.<\/span><\/td>\n<td width=\"17%\"><span style=\"color: #000000;\">07H00 Y 17H30<\/span><\/td>\n<td width=\"17%\"><span style=\"color: #000000;\">Gratuito<\/span><\/td>\n<td width=\"17%\"><span style=\"color: #000000;\">Malec\u00f3n del Salado (explanadas y terrazas).<\/span><\/td>\n<\/tr>\n<tr>\n<td width=\"14%\"><span style=\"color: #000000;\"><strong>Ajedrez para principiantes<\/strong><\/span><\/td>\n<td width=\"17%\"><span style=\"color: #000000;\">Clase gratuita para principiantes de 11h00 a 13h00. Juego con Tableros a $1 horarios de 13h00 a 17h00. Torneo Blitz 18h00 a 20h00. $5 la inscripci\u00f3n. Instructor: Ram\u00f3n Romero<\/span><\/td>\n<td width=\"16%\"><span style=\"color: #000000;\">Inicio de clases: Domingo 19 enero<\/span><\/td>\n<td width=\"17%\"><span style=\"color: #000000;\">Clases gratuitas.<\/span><\/td>\n<td width=\"17%\"><span style=\"color: #000000;\">11h00<\/span><\/td>\n<td width=\"17%\"><span style=\"color: #000000;\">Hall Sala La Bota.<\/span><\/td>\n<\/tr>\n<tr>\n<td width=\"14%\"><span style=\"color: #000000;\"><strong>Kubox<\/strong><\/span><\/td>\n<td width=\"17%\"><span style=\"color: #000000;\">Centro de alto rendimiento para jugadores profesionales de videojuegos.<\/span><\/td>\n<td width=\"16%\"><span style=\"color: #000000;\">Lunes a domingo<\/span><\/td>\n<td width=\"17%\"><span style=\"color: #000000;\">Valor por hora van de $2 a $4, dependiendo de la consola de juego.<\/span><\/td>\n<td width=\"17%\"><span style=\"color: #000000;\">Lunes a viernes:\u00a0 09h00 a 20h00; s\u00e1bado:\u00a0 10H00 a 20H00; y Domingo de 11h00 a 19h00.<\/span><\/td>\n<td width=\"17%\"><span style=\"color: #000000;\">Malec\u00f3n del Salado junto a Sweet and Coffee.<\/span><\/td>\n<\/tr>\n<tr>\n<td width=\"14%\"><span style=\"color: #000000;\"><strong>Safari Kids<\/strong><\/span><\/td>\n<td width=\"17%\"><span style=\"color: #000000;\">Juegos para toda la familia.<\/span><\/td>\n<td width=\"16%\"><span style=\"color: #000000;\">Lunes, mi\u00e9rcoles, jueves, viernes y Domingo:\u00a0 12h00 a 20h00.<\/span><\/p>\n<p><span style=\"color: #000000;\">S\u00e1bados y feriados: 11h00 a 23h00.<\/span><\/p>\n<p>&nbsp;<\/td>\n<td width=\"17%\"><span style=\"color: #000000;\">Lunes, mi\u00e9rcoles, jueves, viernes y Domingo:\u00a0 12h00 a 20h00.<\/span><\/p>\n<p><span style=\"color: #000000;\">S\u00e1bados y feriados: 11h00 a 23h00.<\/span><\/p>\n<p>&nbsp;<\/td>\n<td width=\"17%\"><span style=\"color: #000000;\">Juegos desde $1<\/span><\/td>\n<td width=\"17%\"><span style=\"color: #000000;\">Malec\u00f3n del Salado, atr\u00e1s de la Plaza Rodolfo Baquerizo.<\/span><\/td>\n<\/tr>\n<tr>\n<td width=\"14%\"><span style=\"color: #000000;\"><strong>Coworking Malec\u00f3n del Salado<\/strong><\/span><\/td>\n<td width=\"17%\"><span style=\"color: #000000;\">Espacio para estudiar y trabajar, y colaborar, en un lugar c\u00e9ntrico y de f\u00e1cil acceso para la ciudadan\u00eda.<\/span><\/p>\n<p>&nbsp;<\/td>\n<td width=\"16%\"><span style=\"color: #000000;\">Lunes a viernes.<\/span><\/td>\n<td width=\"17%\"><span style=\"color: #000000;\">08:00 a 20:00<\/span><\/td>\n<td width=\"17%\"><span style=\"color: #000000;\">Gratuito<\/span><\/td>\n<td width=\"17%\"><span style=\"color: #000000;\">La Bota<\/span><\/td>\n<\/tr>\n<\/tbody>\n<\/table>\n<p style=\"text-align: justify;\"><span style=\"color: #000000;\">Fundaci\u00f3n Malec\u00f3n 2000 hace extensiva la invitaci\u00f3n para que guayaquile\u00f1os y turistas visiten y disfruten el Malec\u00f3n 2000 y Malec\u00f3n del Salado con toda la oferta tur\u00edstica, comercial, gastron\u00f3mica y de entretenimiento que \u00e9stos ofrecen durante este mes.<\/span><\/p>\n<p style=\"text-align: justify;\"><span style=\"color: #000000;\">Para m\u00e1s informaci\u00f3n sobre las actividades del Malec\u00f3n 2000 y Malec\u00f3n del Salado los invitamos a ingresar a sus redes sociales: Instagram: @malecon2000 @malecondelsalado<\/span><\/p>\n","protected":false},"excerpt":{"rendered":"<p>Malec\u00f3n 2000 y Malec\u00f3n del Salado tienen muchas opciones de entretenimiento, tanto gratuito como de precios accesibles, por lo que se han organizado diversas actividades, para ellos y sus familias en ambos espacios para este mes. Malec\u00f3n 2000: se podr\u00e1 disfrutar gratuitamente de diversas actividades: ACTIVIDAD FECHA HORA LUGAR \u00a0 Feria artesanal 17 enero a [&hellip;]<\/p>\n","protected":false},"author":4,"featured_media":127813,"comment_status":"open","ping_status":"open","sticky":false,"template":"","format":"standard","meta":{"_bbp_topic_count":0,"_bbp_reply_count":0,"_bbp_total_topic_count":0,"_bbp_total_reply_count":0,"_bbp_voice_count":0,"_bbp_anonymous_reply_count":0,"_bbp_topic_count_hidden":0,"_bbp_reply_count_hidden":0,"_bbp_forum_subforum_count":0,"buzzeditor_post_format":"","footnotes":""},"categories":[2],"tags":[],"class_list":["post-127812","post","type-post","status-publish","format-standard","has-post-thumbnail","hentry","category-noticias"],"yoast_head":"<!-- This site is optimized with the Yoast SEO plugin v27.4 - https:\/\/yoast.com\/product\/yoast-seo-wordpress\/ -->\n<title>AGENDA DE ENERO EN EL MALEC\u00d3N 2000 Y MALEC\u00d3N DEL SALADO &#8211; QUEBAKAN.COM 2026: Noticias, Eventos, Conciertos y mucho m\u00e1s....<\/title>\n<meta name=\"robots\" content=\"index, follow, max-snippet:-1, max-image-preview:large, max-video-preview:-1\" \/>\n<link rel=\"canonical\" href=\"https:\/\/www.quebakan.com\/v15\/agenda-de-enero-en-el-malecon-2000-y-malecon-del-salado-2\/\" \/>\n<meta property=\"og:locale\" content=\"es_ES\" \/>\n<meta property=\"og:type\" content=\"article\" \/>\n<meta property=\"og:title\" content=\"AGENDA DE ENERO EN EL MALEC\u00d3N 2000 Y MALEC\u00d3N DEL SALADO &#8211; QUEBAKAN.COM 2026: Noticias, Eventos, Conciertos y mucho m\u00e1s....\" \/>\n<meta property=\"og:description\" content=\"Malec\u00f3n 2000 y Malec\u00f3n del Salado tienen muchas opciones de entretenimiento, tanto gratuito como de precios accesibles, por lo que se han organizado diversas actividades, para ellos y sus familias en ambos espacios para este mes. Malec\u00f3n 2000: se podr\u00e1 disfrutar gratuitamente de diversas actividades: ACTIVIDAD FECHA HORA LUGAR \u00a0 Feria artesanal 17 enero a [&hellip;]\" \/>\n<meta property=\"og:url\" content=\"https:\/\/www.quebakan.com\/v15\/agenda-de-enero-en-el-malecon-2000-y-malecon-del-salado-2\/\" \/>\n<meta property=\"og:site_name\" content=\"QUEBAKAN.COM 2026: Noticias, Eventos, Conciertos y mucho m\u00e1s....\" \/>\n<meta property=\"article:publisher\" content=\"http:\/\/www.facebook.com\/quebakan\" \/>\n<meta property=\"article:published_time\" content=\"2025-01-17T06:46:25+00:00\" \/>\n<meta property=\"og:image\" content=\"https:\/\/www.quebakan.com\/v15\/wp-content\/uploads\/2025\/01\/Feria-Artesanal.jpg\" \/>\n\t<meta property=\"og:image:width\" content=\"536\" \/>\n\t<meta property=\"og:image:height\" content=\"715\" \/>\n\t<meta property=\"og:image:type\" content=\"image\/jpeg\" \/>\n<meta name=\"author\" content=\"Erick Villafuerte\" \/>\n<meta name=\"twitter:card\" content=\"summary_large_image\" \/>\n<meta name=\"twitter:creator\" content=\"@quebakanec\" \/>\n<meta name=\"twitter:site\" content=\"@quebakanec\" \/>\n<meta name=\"twitter:label1\" content=\"Escrito por\" \/>\n\t<meta name=\"twitter:data1\" content=\"Erick Villafuerte\" \/>\n\t<meta name=\"twitter:label2\" content=\"Tiempo de lectura\" \/>\n\t<meta name=\"twitter:data2\" content=\"4 minutos\" \/>\n<script type=\"application\/ld+json\" class=\"yoast-schema-graph\">{\"@context\":\"https:\\\/\\\/schema.org\",\"@graph\":[{\"@type\":\"Article\",\"@id\":\"https:\\\/\\\/www.quebakan.com\\\/v15\\\/agenda-de-enero-en-el-malecon-2000-y-malecon-del-salado-2\\\/#article\",\"isPartOf\":{\"@id\":\"https:\\\/\\\/www.quebakan.com\\\/v15\\\/agenda-de-enero-en-el-malecon-2000-y-malecon-del-salado-2\\\/\"},\"author\":{\"name\":\"Erick Villafuerte\",\"@id\":\"https:\\\/\\\/www.quebakan.com\\\/v15\\\/#\\\/schema\\\/person\\\/d90fa9f9cfa81eb8ace9811e5b7b9118\"},\"headline\":\"AGENDA DE ENERO EN EL MALEC\u00d3N 2000 Y MALEC\u00d3N DEL SALADO\",\"datePublished\":\"2025-01-17T06:46:25+00:00\",\"mainEntityOfPage\":{\"@id\":\"https:\\\/\\\/www.quebakan.com\\\/v15\\\/agenda-de-enero-en-el-malecon-2000-y-malecon-del-salado-2\\\/\"},\"wordCount\":834,\"commentCount\":0,\"publisher\":{\"@id\":\"https:\\\/\\\/www.quebakan.com\\\/v15\\\/#organization\"},\"image\":{\"@id\":\"https:\\\/\\\/www.quebakan.com\\\/v15\\\/agenda-de-enero-en-el-malecon-2000-y-malecon-del-salado-2\\\/#primaryimage\"},\"thumbnailUrl\":\"https:\\\/\\\/www.quebakan.com\\\/v15\\\/wp-content\\\/uploads\\\/2025\\\/01\\\/Feria-Artesanal.jpg\",\"articleSection\":[\"Noticias\"],\"inLanguage\":\"es\"},{\"@type\":\"WebPage\",\"@id\":\"https:\\\/\\\/www.quebakan.com\\\/v15\\\/agenda-de-enero-en-el-malecon-2000-y-malecon-del-salado-2\\\/\",\"url\":\"https:\\\/\\\/www.quebakan.com\\\/v15\\\/agenda-de-enero-en-el-malecon-2000-y-malecon-del-salado-2\\\/\",\"name\":\"AGENDA DE ENERO EN EL MALEC\u00d3N 2000 Y MALEC\u00d3N DEL SALADO &#8211; QUEBAKAN.COM 2026: Noticias, Eventos, Conciertos y mucho m\u00e1s....\",\"isPartOf\":{\"@id\":\"https:\\\/\\\/www.quebakan.com\\\/v15\\\/#website\"},\"primaryImageOfPage\":{\"@id\":\"https:\\\/\\\/www.quebakan.com\\\/v15\\\/agenda-de-enero-en-el-malecon-2000-y-malecon-del-salado-2\\\/#primaryimage\"},\"image\":{\"@id\":\"https:\\\/\\\/www.quebakan.com\\\/v15\\\/agenda-de-enero-en-el-malecon-2000-y-malecon-del-salado-2\\\/#primaryimage\"},\"thumbnailUrl\":\"https:\\\/\\\/www.quebakan.com\\\/v15\\\/wp-content\\\/uploads\\\/2025\\\/01\\\/Feria-Artesanal.jpg\",\"datePublished\":\"2025-01-17T06:46:25+00:00\",\"breadcrumb\":{\"@id\":\"https:\\\/\\\/www.quebakan.com\\\/v15\\\/agenda-de-enero-en-el-malecon-2000-y-malecon-del-salado-2\\\/#breadcrumb\"},\"inLanguage\":\"es\",\"potentialAction\":[{\"@type\":\"ReadAction\",\"target\":[\"https:\\\/\\\/www.quebakan.com\\\/v15\\\/agenda-de-enero-en-el-malecon-2000-y-malecon-del-salado-2\\\/\"]}]},{\"@type\":\"ImageObject\",\"inLanguage\":\"es\",\"@id\":\"https:\\\/\\\/www.quebakan.com\\\/v15\\\/agenda-de-enero-en-el-malecon-2000-y-malecon-del-salado-2\\\/#primaryimage\",\"url\":\"https:\\\/\\\/www.quebakan.com\\\/v15\\\/wp-content\\\/uploads\\\/2025\\\/01\\\/Feria-Artesanal.jpg\",\"contentUrl\":\"https:\\\/\\\/www.quebakan.com\\\/v15\\\/wp-content\\\/uploads\\\/2025\\\/01\\\/Feria-Artesanal.jpg\",\"width\":536,\"height\":715},{\"@type\":\"BreadcrumbList\",\"@id\":\"https:\\\/\\\/www.quebakan.com\\\/v15\\\/agenda-de-enero-en-el-malecon-2000-y-malecon-del-salado-2\\\/#breadcrumb\",\"itemListElement\":[{\"@type\":\"ListItem\",\"position\":1,\"name\":\"Portada\",\"item\":\"https:\\\/\\\/www.quebakan.com\\\/v15\\\/\"},{\"@type\":\"ListItem\",\"position\":2,\"name\":\"AGENDA DE ENERO EN EL MALEC\u00d3N 2000 Y MALEC\u00d3N DEL SALADO\"}]},{\"@type\":\"WebSite\",\"@id\":\"https:\\\/\\\/www.quebakan.com\\\/v15\\\/#website\",\"url\":\"https:\\\/\\\/www.quebakan.com\\\/v15\\\/\",\"name\":\"QUEBAKAN\",\"description\":\"..\",\"publisher\":{\"@id\":\"https:\\\/\\\/www.quebakan.com\\\/v15\\\/#organization\"},\"potentialAction\":[{\"@type\":\"SearchAction\",\"target\":{\"@type\":\"EntryPoint\",\"urlTemplate\":\"https:\\\/\\\/www.quebakan.com\\\/v15\\\/?s={search_term_string}\"},\"query-input\":{\"@type\":\"PropertyValueSpecification\",\"valueRequired\":true,\"valueName\":\"search_term_string\"}}],\"inLanguage\":\"es\"},{\"@type\":\"Organization\",\"@id\":\"https:\\\/\\\/www.quebakan.com\\\/v15\\\/#organization\",\"name\":\"Quebakan.com\",\"url\":\"https:\\\/\\\/www.quebakan.com\\\/v15\\\/\",\"logo\":{\"@type\":\"ImageObject\",\"inLanguage\":\"es\",\"@id\":\"https:\\\/\\\/www.quebakan.com\\\/v15\\\/#\\\/schema\\\/logo\\\/image\\\/\",\"url\":\"https:\\\/\\\/www.quebakan.com\\\/v15\\\/wp-content\\\/uploads\\\/2023\\\/07\\\/logoquebakanenero2021.jpg\",\"contentUrl\":\"https:\\\/\\\/www.quebakan.com\\\/v15\\\/wp-content\\\/uploads\\\/2023\\\/07\\\/logoquebakanenero2021.jpg\",\"width\":1920,\"height\":1080,\"caption\":\"Quebakan.com\"},\"image\":{\"@id\":\"https:\\\/\\\/www.quebakan.com\\\/v15\\\/#\\\/schema\\\/logo\\\/image\\\/\"},\"sameAs\":[\"http:\\\/\\\/www.facebook.com\\\/quebakan\",\"https:\\\/\\\/x.com\\\/quebakanec\",\"http:\\\/\\\/www.instagram.com\\\/quebakan\",\"http:\\\/\\\/www.youtube.com\\\/quebakan1\"]},{\"@type\":\"Person\",\"@id\":\"https:\\\/\\\/www.quebakan.com\\\/v15\\\/#\\\/schema\\\/person\\\/d90fa9f9cfa81eb8ace9811e5b7b9118\",\"name\":\"Erick Villafuerte\",\"image\":{\"@type\":\"ImageObject\",\"inLanguage\":\"es\",\"@id\":\"https:\\\/\\\/www.quebakan.com\\\/v15\\\/wp-content\\\/uploads\\\/avatars\\\/4\\\/1731297654-bpfull.png\",\"url\":\"https:\\\/\\\/www.quebakan.com\\\/v15\\\/wp-content\\\/uploads\\\/avatars\\\/4\\\/1731297654-bpfull.png\",\"contentUrl\":\"https:\\\/\\\/www.quebakan.com\\\/v15\\\/wp-content\\\/uploads\\\/avatars\\\/4\\\/1731297654-bpfull.png\",\"caption\":\"Erick Villafuerte\"}}]}<\/script>\n<!-- \/ Yoast SEO plugin. -->","yoast_head_json":{"title":"AGENDA DE ENERO EN EL MALEC\u00d3N 2000 Y MALEC\u00d3N DEL SALADO &#8211; QUEBAKAN.COM 2026: Noticias, Eventos, Conciertos y mucho m\u00e1s....","robots":{"index":"index","follow":"follow","max-snippet":"max-snippet:-1","max-image-preview":"max-image-preview:large","max-video-preview":"max-video-preview:-1"},"canonical":"https:\/\/www.quebakan.com\/v15\/agenda-de-enero-en-el-malecon-2000-y-malecon-del-salado-2\/","og_locale":"es_ES","og_type":"article","og_title":"AGENDA DE ENERO EN EL MALEC\u00d3N 2000 Y MALEC\u00d3N DEL SALADO &#8211; QUEBAKAN.COM 2026: Noticias, Eventos, Conciertos y mucho m\u00e1s....","og_description":"Malec\u00f3n 2000 y Malec\u00f3n del Salado tienen muchas opciones de entretenimiento, tanto gratuito como de precios accesibles, por lo que se han organizado diversas actividades, para ellos y sus familias en ambos espacios para este mes. Malec\u00f3n 2000: se podr\u00e1 disfrutar gratuitamente de diversas actividades: ACTIVIDAD FECHA HORA LUGAR \u00a0 Feria artesanal 17 enero a [&hellip;]","og_url":"https:\/\/www.quebakan.com\/v15\/agenda-de-enero-en-el-malecon-2000-y-malecon-del-salado-2\/","og_site_name":"QUEBAKAN.COM 2026: Noticias, Eventos, Conciertos y mucho m\u00e1s....","article_publisher":"http:\/\/www.facebook.com\/quebakan","article_published_time":"2025-01-17T06:46:25+00:00","og_image":[{"width":536,"height":715,"url":"https:\/\/www.quebakan.com\/v15\/wp-content\/uploads\/2025\/01\/Feria-Artesanal.jpg","type":"image\/jpeg"}],"author":"Erick Villafuerte","twitter_card":"summary_large_image","twitter_creator":"@quebakanec","twitter_site":"@quebakanec","twitter_misc":{"Escrito por":"Erick Villafuerte","Tiempo de lectura":"4 minutos"},"schema":{"@context":"https:\/\/schema.org","@graph":[{"@type":"Article","@id":"https:\/\/www.quebakan.com\/v15\/agenda-de-enero-en-el-malecon-2000-y-malecon-del-salado-2\/#article","isPartOf":{"@id":"https:\/\/www.quebakan.com\/v15\/agenda-de-enero-en-el-malecon-2000-y-malecon-del-salado-2\/"},"author":{"name":"Erick Villafuerte","@id":"https:\/\/www.quebakan.com\/v15\/#\/schema\/person\/d90fa9f9cfa81eb8ace9811e5b7b9118"},"headline":"AGENDA DE ENERO EN EL MALEC\u00d3N 2000 Y MALEC\u00d3N DEL SALADO","datePublished":"2025-01-17T06:46:25+00:00","mainEntityOfPage":{"@id":"https:\/\/www.quebakan.com\/v15\/agenda-de-enero-en-el-malecon-2000-y-malecon-del-salado-2\/"},"wordCount":834,"commentCount":0,"publisher":{"@id":"https:\/\/www.quebakan.com\/v15\/#organization"},"image":{"@id":"https:\/\/www.quebakan.com\/v15\/agenda-de-enero-en-el-malecon-2000-y-malecon-del-salado-2\/#primaryimage"},"thumbnailUrl":"https:\/\/www.quebakan.com\/v15\/wp-content\/uploads\/2025\/01\/Feria-Artesanal.jpg","articleSection":["Noticias"],"inLanguage":"es"},{"@type":"WebPage","@id":"https:\/\/www.quebakan.com\/v15\/agenda-de-enero-en-el-malecon-2000-y-malecon-del-salado-2\/","url":"https:\/\/www.quebakan.com\/v15\/agenda-de-enero-en-el-malecon-2000-y-malecon-del-salado-2\/","name":"AGENDA DE ENERO EN EL MALEC\u00d3N 2000 Y MALEC\u00d3N DEL SALADO &#8211; QUEBAKAN.COM 2026: Noticias, Eventos, Conciertos y mucho m\u00e1s....","isPartOf":{"@id":"https:\/\/www.quebakan.com\/v15\/#website"},"primaryImageOfPage":{"@id":"https:\/\/www.quebakan.com\/v15\/agenda-de-enero-en-el-malecon-2000-y-malecon-del-salado-2\/#primaryimage"},"image":{"@id":"https:\/\/www.quebakan.com\/v15\/agenda-de-enero-en-el-malecon-2000-y-malecon-del-salado-2\/#primaryimage"},"thumbnailUrl":"https:\/\/www.quebakan.com\/v15\/wp-content\/uploads\/2025\/01\/Feria-Artesanal.jpg","datePublished":"2025-01-17T06:46:25+00:00","breadcrumb":{"@id":"https:\/\/www.quebakan.com\/v15\/agenda-de-enero-en-el-malecon-2000-y-malecon-del-salado-2\/#breadcrumb"},"inLanguage":"es","potentialAction":[{"@type":"ReadAction","target":["https:\/\/www.quebakan.com\/v15\/agenda-de-enero-en-el-malecon-2000-y-malecon-del-salado-2\/"]}]},{"@type":"ImageObject","inLanguage":"es","@id":"https:\/\/www.quebakan.com\/v15\/agenda-de-enero-en-el-malecon-2000-y-malecon-del-salado-2\/#primaryimage","url":"https:\/\/www.quebakan.com\/v15\/wp-content\/uploads\/2025\/01\/Feria-Artesanal.jpg","contentUrl":"https:\/\/www.quebakan.com\/v15\/wp-content\/uploads\/2025\/01\/Feria-Artesanal.jpg","width":536,"height":715},{"@type":"BreadcrumbList","@id":"https:\/\/www.quebakan.com\/v15\/agenda-de-enero-en-el-malecon-2000-y-malecon-del-salado-2\/#breadcrumb","itemListElement":[{"@type":"ListItem","position":1,"name":"Portada","item":"https:\/\/www.quebakan.com\/v15\/"},{"@type":"ListItem","position":2,"name":"AGENDA DE ENERO EN EL MALEC\u00d3N 2000 Y MALEC\u00d3N DEL SALADO"}]},{"@type":"WebSite","@id":"https:\/\/www.quebakan.com\/v15\/#website","url":"https:\/\/www.quebakan.com\/v15\/","name":"QUEBAKAN","description":"..","publisher":{"@id":"https:\/\/www.quebakan.com\/v15\/#organization"},"potentialAction":[{"@type":"SearchAction","target":{"@type":"EntryPoint","urlTemplate":"https:\/\/www.quebakan.com\/v15\/?s={search_term_string}"},"query-input":{"@type":"PropertyValueSpecification","valueRequired":true,"valueName":"search_term_string"}}],"inLanguage":"es"},{"@type":"Organization","@id":"https:\/\/www.quebakan.com\/v15\/#organization","name":"Quebakan.com","url":"https:\/\/www.quebakan.com\/v15\/","logo":{"@type":"ImageObject","inLanguage":"es","@id":"https:\/\/www.quebakan.com\/v15\/#\/schema\/logo\/image\/","url":"https:\/\/www.quebakan.com\/v15\/wp-content\/uploads\/2023\/07\/logoquebakanenero2021.jpg","contentUrl":"https:\/\/www.quebakan.com\/v15\/wp-content\/uploads\/2023\/07\/logoquebakanenero2021.jpg","width":1920,"height":1080,"caption":"Quebakan.com"},"image":{"@id":"https:\/\/www.quebakan.com\/v15\/#\/schema\/logo\/image\/"},"sameAs":["http:\/\/www.facebook.com\/quebakan","https:\/\/x.com\/quebakanec","http:\/\/www.instagram.com\/quebakan","http:\/\/www.youtube.com\/quebakan1"]},{"@type":"Person","@id":"https:\/\/www.quebakan.com\/v15\/#\/schema\/person\/d90fa9f9cfa81eb8ace9811e5b7b9118","name":"Erick Villafuerte","image":{"@type":"ImageObject","inLanguage":"es","@id":"https:\/\/www.quebakan.com\/v15\/wp-content\/uploads\/avatars\/4\/1731297654-bpfull.png","url":"https:\/\/www.quebakan.com\/v15\/wp-content\/uploads\/avatars\/4\/1731297654-bpfull.png","contentUrl":"https:\/\/www.quebakan.com\/v15\/wp-content\/uploads\/avatars\/4\/1731297654-bpfull.png","caption":"Erick Villafuerte"}}]}},"_links":{"self":[{"href":"https:\/\/www.quebakan.com\/v15\/wp-json\/wp\/v2\/posts\/127812","targetHints":{"allow":["GET"]}}],"collection":[{"href":"https:\/\/www.quebakan.com\/v15\/wp-json\/wp\/v2\/posts"}],"about":[{"href":"https:\/\/www.quebakan.com\/v15\/wp-json\/wp\/v2\/types\/post"}],"author":[{"embeddable":true,"href":"https:\/\/www.quebakan.com\/v15\/wp-json\/wp\/v2\/users\/4"}],"replies":[{"embeddable":true,"href":"https:\/\/www.quebakan.com\/v15\/wp-json\/wp\/v2\/comments?post=127812"}],"version-history":[{"count":1,"href":"https:\/\/www.quebakan.com\/v15\/wp-json\/wp\/v2\/posts\/127812\/revisions"}],"predecessor-version":[{"id":127814,"href":"https:\/\/www.quebakan.com\/v15\/wp-json\/wp\/v2\/posts\/127812\/revisions\/127814"}],"wp:featuredmedia":[{"embeddable":true,"href":"https:\/\/www.quebakan.com\/v15\/wp-json\/wp\/v2\/media\/127813"}],"wp:attachment":[{"href":"https:\/\/www.quebakan.com\/v15\/wp-json\/wp\/v2\/media?parent=127812"}],"wp:term":[{"taxonomy":"category","embeddable":true,"href":"https:\/\/www.quebakan.com\/v15\/wp-json\/wp\/v2\/categories?post=127812"},{"taxonomy":"post_tag","embeddable":true,"href":"https:\/\/www.quebakan.com\/v15\/wp-json\/wp\/v2\/tags?post=127812"}],"curies":[{"name":"wp","href":"https:\/\/api.w.org\/{rel}","templated":true}]}}