{"id":127822,"date":"2025-01-17T02:03:02","date_gmt":"2025-01-17T07:03:02","guid":{"rendered":"https:\/\/www.quebakan.com\/v15\/?p=127822"},"modified":"2025-01-17T02:03:02","modified_gmt":"2025-01-17T07:03:02","slug":"el-impulso-del-desarrollo-empresarial-con-tecnologia-de-vanguardia-en-el-2025","status":"publish","type":"post","link":"https:\/\/www.quebakan.com\/v15\/el-impulso-del-desarrollo-empresarial-con-tecnologia-de-vanguardia-en-el-2025\/","title":{"rendered":"El impulso del desarrollo empresarial con tecnolog\u00eda de vanguardia en el 2025"},"content":{"rendered":"<p><img fetchpriority=\"high\" decoding=\"async\" class=\"aligncenter size-full wp-image-127823\" src=\"https:\/\/www.quebakan.com\/v15\/wp-content\/uploads\/2025\/01\/Foto-1.jpg\" alt=\"\" width=\"700\" height=\"467\" \/><\/p>\n<p style=\"text-align: justify;\"><span style=\"color: #000000;\"><em>Este a\u00f1o m\u00e1s empresas se proyectan a la implementaci\u00f3n de innovaciones tecnol\u00f3gicas que contribuyen al bienestar colectivo y a la sostenibilidad del planeta.<\/em><\/span><\/p>\n<p style=\"text-align: justify;\"><span style=\"color: #000000;\"><strong>Ecuador, enero de 2025 \u2013 <\/strong>En el din\u00e1mico entorno empresarial de 2025, la adopci\u00f3n de tecnolog\u00edas avanzadas ser\u00e1 esencial para impulsar la eficiencia y la competitividad. Las empresas que integren soluciones innovadoras optimizar\u00e1n sus operaciones y se posicionar\u00e1n favorablemente en el mercado. La crisis energ\u00e9tica en Ecuador ha incentivado a las empresas en la b\u00fasqueda de herramientas tecnol\u00f3gicas confiables dise\u00f1adas para una mayor eficiencia y un menor consumo de energ\u00eda lo que involucra un gran desarrollo empresarial, con un enfoque integral que promueve la responsabilidad social y el cuidado del medio ambiente.<\/span><\/p>\n<p style=\"text-align: justify;\"><span style=\"color: #000000;\">La automatizaci\u00f3n ha emergido como pilar fundamental en las estrategias de crecimiento empresarial. Estas herramientas permiten a las empresas ecuatorianas reducir su huella de carbono al optimizar cadenas de suministro, mejorar la eficiencia energ\u00e9tica y gestionar recursos de manera responsable. Epson, l\u00edder en soluciones tecnol\u00f3gicas ha involucrado todas estas caracter\u00edsticas en su l\u00ednea WorkForce, dise\u00f1ada para satisfacer las necesidades de las empresas modernas. Esta serie incluye impresoras y fotocopiadoras de oficina que destacan por su eficiencia y calidad. En este contexto, varias son las empresas ecuatorianas que han optado por esta tecnolog\u00eda.<\/span><\/p>\n<p style=\"text-align: justify;\"><span style=\"color: #000000;\">Para <strong>Marlene Moreno, Gerente de Canales Corporativos Epson: <\/strong><em>\u201cLa integraci\u00f3n de estas tecnolog\u00edas permiten a las empresas optimizar sus procesos, reducir costos y minimizar su huella ambiental. En 2025, la adopci\u00f3n de soluciones como las de Epson ser\u00e1 clave para el desarrollo empresarial, permitiendo a las organizaciones adaptarse a las demandas del mercado y mantenerse competitivas. El \u00e9xito de esta transformaci\u00f3n es un conjunto de colaboraciones efectivas entre el gobierno, las empresas privadas y las organizaciones no gubernamentales\u201d<\/em><\/span><\/p>\n<p style=\"text-align: justify;\"><span style=\"color: #000000;\">La adopci\u00f3n de estas herramientas tecnol\u00f3gicas no solo contribuye a optimizar procesos, sino que tambi\u00e9n responde a la creciente demanda de soluciones sostenibles en el \u00e1mbito empresarial. Esto permite a las organizaciones cumplir con sus objetivos ambientales al tiempo que mantienen su competitividad en un entorno global. Con este enfoque, Ecuador est\u00e1 demostrando que el desarrollo empresarial y la sostenibilidad pueden ir de la mano, posicion\u00e1ndose como un l\u00edder regional en innovaci\u00f3n responsable y comprometida. Este avance no s\u00f3lo genera valor econ\u00f3mico, sino que tambi\u00e9n asegura un futuro pr\u00f3spero y equilibrado para las futuras generaciones.<\/span><\/p>\n<p><img decoding=\"async\" class=\"aligncenter size-full wp-image-127824\" src=\"https:\/\/www.quebakan.com\/v15\/wp-content\/uploads\/2025\/01\/Foto-2.jpg\" alt=\"\" width=\"700\" height=\"467\" \/><\/p>\n","protected":false},"excerpt":{"rendered":"<p>Este a\u00f1o m\u00e1s empresas se proyectan a la implementaci\u00f3n de innovaciones tecnol\u00f3gicas que contribuyen al bienestar colectivo y a la sostenibilidad del planeta. Ecuador, enero de 2025 \u2013 En el din\u00e1mico entorno empresarial de 2025, la adopci\u00f3n de tecnolog\u00edas avanzadas ser\u00e1 esencial para impulsar la eficiencia y la competitividad. Las empresas que integren soluciones innovadoras [&hellip;]<\/p>\n","protected":false},"author":4,"featured_media":127824,"comment_status":"open","ping_status":"open","sticky":false,"template":"","format":"standard","meta":{"_bbp_topic_count":0,"_bbp_reply_count":0,"_bbp_total_topic_count":0,"_bbp_total_reply_count":0,"_bbp_voice_count":0,"_bbp_anonymous_reply_count":0,"_bbp_topic_count_hidden":0,"_bbp_reply_count_hidden":0,"_bbp_forum_subforum_count":0,"buzzeditor_post_format":"","footnotes":""},"categories":[2],"tags":[],"class_list":["post-127822","post","type-post","status-publish","format-standard","has-post-thumbnail","hentry","category-noticias"],"yoast_head":"<!-- This site is optimized with the Yoast SEO plugin v27.4 - https:\/\/yoast.com\/product\/yoast-seo-wordpress\/ -->\n<title>El impulso del desarrollo empresarial con tecnolog\u00eda de vanguardia en el 2025 &#8211; QUEBAKAN.COM 2026: Noticias, Eventos, Conciertos y mucho m\u00e1s....<\/title>\n<meta name=\"robots\" content=\"index, follow, max-snippet:-1, max-image-preview:large, max-video-preview:-1\" \/>\n<link rel=\"canonical\" href=\"https:\/\/www.quebakan.com\/v15\/el-impulso-del-desarrollo-empresarial-con-tecnologia-de-vanguardia-en-el-2025\/\" \/>\n<meta property=\"og:locale\" content=\"es_ES\" \/>\n<meta property=\"og:type\" content=\"article\" \/>\n<meta property=\"og:title\" content=\"El impulso del desarrollo empresarial con tecnolog\u00eda de vanguardia en el 2025 &#8211; QUEBAKAN.COM 2026: Noticias, Eventos, Conciertos y mucho m\u00e1s....\" \/>\n<meta property=\"og:description\" content=\"Este a\u00f1o m\u00e1s empresas se proyectan a la implementaci\u00f3n de innovaciones tecnol\u00f3gicas que contribuyen al bienestar colectivo y a la sostenibilidad del planeta. Ecuador, enero de 2025 \u2013 En el din\u00e1mico entorno empresarial de 2025, la adopci\u00f3n de tecnolog\u00edas avanzadas ser\u00e1 esencial para impulsar la eficiencia y la competitividad. Las empresas que integren soluciones innovadoras [&hellip;]\" \/>\n<meta property=\"og:url\" content=\"https:\/\/www.quebakan.com\/v15\/el-impulso-del-desarrollo-empresarial-con-tecnologia-de-vanguardia-en-el-2025\/\" \/>\n<meta property=\"og:site_name\" content=\"QUEBAKAN.COM 2026: Noticias, Eventos, Conciertos y mucho m\u00e1s....\" \/>\n<meta property=\"article:publisher\" content=\"http:\/\/www.facebook.com\/quebakan\" \/>\n<meta property=\"article:published_time\" content=\"2025-01-17T07:03:02+00:00\" \/>\n<meta property=\"og:image\" content=\"https:\/\/www.quebakan.com\/v15\/wp-content\/uploads\/2025\/01\/Foto-2.jpg\" \/>\n\t<meta property=\"og:image:width\" content=\"700\" \/>\n\t<meta property=\"og:image:height\" content=\"467\" \/>\n\t<meta property=\"og:image:type\" content=\"image\/jpeg\" \/>\n<meta name=\"author\" content=\"Erick Villafuerte\" \/>\n<meta name=\"twitter:card\" content=\"summary_large_image\" \/>\n<meta name=\"twitter:creator\" content=\"@quebakanec\" \/>\n<meta name=\"twitter:site\" content=\"@quebakanec\" \/>\n<meta name=\"twitter:label1\" content=\"Escrito por\" \/>\n\t<meta name=\"twitter:data1\" content=\"Erick Villafuerte\" \/>\n\t<meta name=\"twitter:label2\" content=\"Tiempo de lectura\" \/>\n\t<meta name=\"twitter:data2\" content=\"3 minutos\" \/>\n<script type=\"application\/ld+json\" class=\"yoast-schema-graph\">{\"@context\":\"https:\\\/\\\/schema.org\",\"@graph\":[{\"@type\":\"Article\",\"@id\":\"https:\\\/\\\/www.quebakan.com\\\/v15\\\/el-impulso-del-desarrollo-empresarial-con-tecnologia-de-vanguardia-en-el-2025\\\/#article\",\"isPartOf\":{\"@id\":\"https:\\\/\\\/www.quebakan.com\\\/v15\\\/el-impulso-del-desarrollo-empresarial-con-tecnologia-de-vanguardia-en-el-2025\\\/\"},\"author\":{\"name\":\"Erick Villafuerte\",\"@id\":\"https:\\\/\\\/www.quebakan.com\\\/v15\\\/#\\\/schema\\\/person\\\/d90fa9f9cfa81eb8ace9811e5b7b9118\"},\"headline\":\"El impulso del desarrollo empresarial con tecnolog\u00eda de vanguardia en el 2025\",\"datePublished\":\"2025-01-17T07:03:02+00:00\",\"mainEntityOfPage\":{\"@id\":\"https:\\\/\\\/www.quebakan.com\\\/v15\\\/el-impulso-del-desarrollo-empresarial-con-tecnologia-de-vanguardia-en-el-2025\\\/\"},\"wordCount\":424,\"commentCount\":0,\"publisher\":{\"@id\":\"https:\\\/\\\/www.quebakan.com\\\/v15\\\/#organization\"},\"image\":{\"@id\":\"https:\\\/\\\/www.quebakan.com\\\/v15\\\/el-impulso-del-desarrollo-empresarial-con-tecnologia-de-vanguardia-en-el-2025\\\/#primaryimage\"},\"thumbnailUrl\":\"https:\\\/\\\/www.quebakan.com\\\/v15\\\/wp-content\\\/uploads\\\/2025\\\/01\\\/Foto-2.jpg\",\"articleSection\":[\"Noticias\"],\"inLanguage\":\"es\"},{\"@type\":\"WebPage\",\"@id\":\"https:\\\/\\\/www.quebakan.com\\\/v15\\\/el-impulso-del-desarrollo-empresarial-con-tecnologia-de-vanguardia-en-el-2025\\\/\",\"url\":\"https:\\\/\\\/www.quebakan.com\\\/v15\\\/el-impulso-del-desarrollo-empresarial-con-tecnologia-de-vanguardia-en-el-2025\\\/\",\"name\":\"El impulso del desarrollo empresarial con tecnolog\u00eda de vanguardia en el 2025 &#8211; QUEBAKAN.COM 2026: Noticias, Eventos, Conciertos y mucho m\u00e1s....\",\"isPartOf\":{\"@id\":\"https:\\\/\\\/www.quebakan.com\\\/v15\\\/#website\"},\"primaryImageOfPage\":{\"@id\":\"https:\\\/\\\/www.quebakan.com\\\/v15\\\/el-impulso-del-desarrollo-empresarial-con-tecnologia-de-vanguardia-en-el-2025\\\/#primaryimage\"},\"image\":{\"@id\":\"https:\\\/\\\/www.quebakan.com\\\/v15\\\/el-impulso-del-desarrollo-empresarial-con-tecnologia-de-vanguardia-en-el-2025\\\/#primaryimage\"},\"thumbnailUrl\":\"https:\\\/\\\/www.quebakan.com\\\/v15\\\/wp-content\\\/uploads\\\/2025\\\/01\\\/Foto-2.jpg\",\"datePublished\":\"2025-01-17T07:03:02+00:00\",\"breadcrumb\":{\"@id\":\"https:\\\/\\\/www.quebakan.com\\\/v15\\\/el-impulso-del-desarrollo-empresarial-con-tecnologia-de-vanguardia-en-el-2025\\\/#breadcrumb\"},\"inLanguage\":\"es\",\"potentialAction\":[{\"@type\":\"ReadAction\",\"target\":[\"https:\\\/\\\/www.quebakan.com\\\/v15\\\/el-impulso-del-desarrollo-empresarial-con-tecnologia-de-vanguardia-en-el-2025\\\/\"]}]},{\"@type\":\"ImageObject\",\"inLanguage\":\"es\",\"@id\":\"https:\\\/\\\/www.quebakan.com\\\/v15\\\/el-impulso-del-desarrollo-empresarial-con-tecnologia-de-vanguardia-en-el-2025\\\/#primaryimage\",\"url\":\"https:\\\/\\\/www.quebakan.com\\\/v15\\\/wp-content\\\/uploads\\\/2025\\\/01\\\/Foto-2.jpg\",\"contentUrl\":\"https:\\\/\\\/www.quebakan.com\\\/v15\\\/wp-content\\\/uploads\\\/2025\\\/01\\\/Foto-2.jpg\",\"width\":700,\"height\":467},{\"@type\":\"BreadcrumbList\",\"@id\":\"https:\\\/\\\/www.quebakan.com\\\/v15\\\/el-impulso-del-desarrollo-empresarial-con-tecnologia-de-vanguardia-en-el-2025\\\/#breadcrumb\",\"itemListElement\":[{\"@type\":\"ListItem\",\"position\":1,\"name\":\"Portada\",\"item\":\"https:\\\/\\\/www.quebakan.com\\\/v15\\\/\"},{\"@type\":\"ListItem\",\"position\":2,\"name\":\"El impulso del desarrollo empresarial con tecnolog\u00eda de vanguardia en el 2025\"}]},{\"@type\":\"WebSite\",\"@id\":\"https:\\\/\\\/www.quebakan.com\\\/v15\\\/#website\",\"url\":\"https:\\\/\\\/www.quebakan.com\\\/v15\\\/\",\"name\":\"QUEBAKAN\",\"description\":\"..\",\"publisher\":{\"@id\":\"https:\\\/\\\/www.quebakan.com\\\/v15\\\/#organization\"},\"potentialAction\":[{\"@type\":\"SearchAction\",\"target\":{\"@type\":\"EntryPoint\",\"urlTemplate\":\"https:\\\/\\\/www.quebakan.com\\\/v15\\\/?s={search_term_string}\"},\"query-input\":{\"@type\":\"PropertyValueSpecification\",\"valueRequired\":true,\"valueName\":\"search_term_string\"}}],\"inLanguage\":\"es\"},{\"@type\":\"Organization\",\"@id\":\"https:\\\/\\\/www.quebakan.com\\\/v15\\\/#organization\",\"name\":\"Quebakan.com\",\"url\":\"https:\\\/\\\/www.quebakan.com\\\/v15\\\/\",\"logo\":{\"@type\":\"ImageObject\",\"inLanguage\":\"es\",\"@id\":\"https:\\\/\\\/www.quebakan.com\\\/v15\\\/#\\\/schema\\\/logo\\\/image\\\/\",\"url\":\"https:\\\/\\\/www.quebakan.com\\\/v15\\\/wp-content\\\/uploads\\\/2023\\\/07\\\/logoquebakanenero2021.jpg\",\"contentUrl\":\"https:\\\/\\\/www.quebakan.com\\\/v15\\\/wp-content\\\/uploads\\\/2023\\\/07\\\/logoquebakanenero2021.jpg\",\"width\":1920,\"height\":1080,\"caption\":\"Quebakan.com\"},\"image\":{\"@id\":\"https:\\\/\\\/www.quebakan.com\\\/v15\\\/#\\\/schema\\\/logo\\\/image\\\/\"},\"sameAs\":[\"http:\\\/\\\/www.facebook.com\\\/quebakan\",\"https:\\\/\\\/x.com\\\/quebakanec\",\"http:\\\/\\\/www.instagram.com\\\/quebakan\",\"http:\\\/\\\/www.youtube.com\\\/quebakan1\"]},{\"@type\":\"Person\",\"@id\":\"https:\\\/\\\/www.quebakan.com\\\/v15\\\/#\\\/schema\\\/person\\\/d90fa9f9cfa81eb8ace9811e5b7b9118\",\"name\":\"Erick Villafuerte\",\"image\":{\"@type\":\"ImageObject\",\"inLanguage\":\"es\",\"@id\":\"https:\\\/\\\/www.quebakan.com\\\/v15\\\/wp-content\\\/uploads\\\/avatars\\\/4\\\/1731297654-bpfull.png\",\"url\":\"https:\\\/\\\/www.quebakan.com\\\/v15\\\/wp-content\\\/uploads\\\/avatars\\\/4\\\/1731297654-bpfull.png\",\"contentUrl\":\"https:\\\/\\\/www.quebakan.com\\\/v15\\\/wp-content\\\/uploads\\\/avatars\\\/4\\\/1731297654-bpfull.png\",\"caption\":\"Erick Villafuerte\"}}]}<\/script>\n<!-- \/ Yoast SEO plugin. -->","yoast_head_json":{"title":"El impulso del desarrollo empresarial con tecnolog\u00eda de vanguardia en el 2025 &#8211; QUEBAKAN.COM 2026: Noticias, Eventos, Conciertos y mucho m\u00e1s....","robots":{"index":"index","follow":"follow","max-snippet":"max-snippet:-1","max-image-preview":"max-image-preview:large","max-video-preview":"max-video-preview:-1"},"canonical":"https:\/\/www.quebakan.com\/v15\/el-impulso-del-desarrollo-empresarial-con-tecnologia-de-vanguardia-en-el-2025\/","og_locale":"es_ES","og_type":"article","og_title":"El impulso del desarrollo empresarial con tecnolog\u00eda de vanguardia en el 2025 &#8211; QUEBAKAN.COM 2026: Noticias, Eventos, Conciertos y mucho m\u00e1s....","og_description":"Este a\u00f1o m\u00e1s empresas se proyectan a la implementaci\u00f3n de innovaciones tecnol\u00f3gicas que contribuyen al bienestar colectivo y a la sostenibilidad del planeta. Ecuador, enero de 2025 \u2013 En el din\u00e1mico entorno empresarial de 2025, la adopci\u00f3n de tecnolog\u00edas avanzadas ser\u00e1 esencial para impulsar la eficiencia y la competitividad. Las empresas que integren soluciones innovadoras [&hellip;]","og_url":"https:\/\/www.quebakan.com\/v15\/el-impulso-del-desarrollo-empresarial-con-tecnologia-de-vanguardia-en-el-2025\/","og_site_name":"QUEBAKAN.COM 2026: Noticias, Eventos, Conciertos y mucho m\u00e1s....","article_publisher":"http:\/\/www.facebook.com\/quebakan","article_published_time":"2025-01-17T07:03:02+00:00","og_image":[{"width":700,"height":467,"url":"https:\/\/www.quebakan.com\/v15\/wp-content\/uploads\/2025\/01\/Foto-2.jpg","type":"image\/jpeg"}],"author":"Erick Villafuerte","twitter_card":"summary_large_image","twitter_creator":"@quebakanec","twitter_site":"@quebakanec","twitter_misc":{"Escrito por":"Erick Villafuerte","Tiempo de lectura":"3 minutos"},"schema":{"@context":"https:\/\/schema.org","@graph":[{"@type":"Article","@id":"https:\/\/www.quebakan.com\/v15\/el-impulso-del-desarrollo-empresarial-con-tecnologia-de-vanguardia-en-el-2025\/#article","isPartOf":{"@id":"https:\/\/www.quebakan.com\/v15\/el-impulso-del-desarrollo-empresarial-con-tecnologia-de-vanguardia-en-el-2025\/"},"author":{"name":"Erick Villafuerte","@id":"https:\/\/www.quebakan.com\/v15\/#\/schema\/person\/d90fa9f9cfa81eb8ace9811e5b7b9118"},"headline":"El impulso del desarrollo empresarial con tecnolog\u00eda de vanguardia en el 2025","datePublished":"2025-01-17T07:03:02+00:00","mainEntityOfPage":{"@id":"https:\/\/www.quebakan.com\/v15\/el-impulso-del-desarrollo-empresarial-con-tecnologia-de-vanguardia-en-el-2025\/"},"wordCount":424,"commentCount":0,"publisher":{"@id":"https:\/\/www.quebakan.com\/v15\/#organization"},"image":{"@id":"https:\/\/www.quebakan.com\/v15\/el-impulso-del-desarrollo-empresarial-con-tecnologia-de-vanguardia-en-el-2025\/#primaryimage"},"thumbnailUrl":"https:\/\/www.quebakan.com\/v15\/wp-content\/uploads\/2025\/01\/Foto-2.jpg","articleSection":["Noticias"],"inLanguage":"es"},{"@type":"WebPage","@id":"https:\/\/www.quebakan.com\/v15\/el-impulso-del-desarrollo-empresarial-con-tecnologia-de-vanguardia-en-el-2025\/","url":"https:\/\/www.quebakan.com\/v15\/el-impulso-del-desarrollo-empresarial-con-tecnologia-de-vanguardia-en-el-2025\/","name":"El impulso del desarrollo empresarial con tecnolog\u00eda de vanguardia en el 2025 &#8211; QUEBAKAN.COM 2026: Noticias, Eventos, Conciertos y mucho m\u00e1s....","isPartOf":{"@id":"https:\/\/www.quebakan.com\/v15\/#website"},"primaryImageOfPage":{"@id":"https:\/\/www.quebakan.com\/v15\/el-impulso-del-desarrollo-empresarial-con-tecnologia-de-vanguardia-en-el-2025\/#primaryimage"},"image":{"@id":"https:\/\/www.quebakan.com\/v15\/el-impulso-del-desarrollo-empresarial-con-tecnologia-de-vanguardia-en-el-2025\/#primaryimage"},"thumbnailUrl":"https:\/\/www.quebakan.com\/v15\/wp-content\/uploads\/2025\/01\/Foto-2.jpg","datePublished":"2025-01-17T07:03:02+00:00","breadcrumb":{"@id":"https:\/\/www.quebakan.com\/v15\/el-impulso-del-desarrollo-empresarial-con-tecnologia-de-vanguardia-en-el-2025\/#breadcrumb"},"inLanguage":"es","potentialAction":[{"@type":"ReadAction","target":["https:\/\/www.quebakan.com\/v15\/el-impulso-del-desarrollo-empresarial-con-tecnologia-de-vanguardia-en-el-2025\/"]}]},{"@type":"ImageObject","inLanguage":"es","@id":"https:\/\/www.quebakan.com\/v15\/el-impulso-del-desarrollo-empresarial-con-tecnologia-de-vanguardia-en-el-2025\/#primaryimage","url":"https:\/\/www.quebakan.com\/v15\/wp-content\/uploads\/2025\/01\/Foto-2.jpg","contentUrl":"https:\/\/www.quebakan.com\/v15\/wp-content\/uploads\/2025\/01\/Foto-2.jpg","width":700,"height":467},{"@type":"BreadcrumbList","@id":"https:\/\/www.quebakan.com\/v15\/el-impulso-del-desarrollo-empresarial-con-tecnologia-de-vanguardia-en-el-2025\/#breadcrumb","itemListElement":[{"@type":"ListItem","position":1,"name":"Portada","item":"https:\/\/www.quebakan.com\/v15\/"},{"@type":"ListItem","position":2,"name":"El impulso del desarrollo empresarial con tecnolog\u00eda de vanguardia en el 2025"}]},{"@type":"WebSite","@id":"https:\/\/www.quebakan.com\/v15\/#website","url":"https:\/\/www.quebakan.com\/v15\/","name":"QUEBAKAN","description":"..","publisher":{"@id":"https:\/\/www.quebakan.com\/v15\/#organization"},"potentialAction":[{"@type":"SearchAction","target":{"@type":"EntryPoint","urlTemplate":"https:\/\/www.quebakan.com\/v15\/?s={search_term_string}"},"query-input":{"@type":"PropertyValueSpecification","valueRequired":true,"valueName":"search_term_string"}}],"inLanguage":"es"},{"@type":"Organization","@id":"https:\/\/www.quebakan.com\/v15\/#organization","name":"Quebakan.com","url":"https:\/\/www.quebakan.com\/v15\/","logo":{"@type":"ImageObject","inLanguage":"es","@id":"https:\/\/www.quebakan.com\/v15\/#\/schema\/logo\/image\/","url":"https:\/\/www.quebakan.com\/v15\/wp-content\/uploads\/2023\/07\/logoquebakanenero2021.jpg","contentUrl":"https:\/\/www.quebakan.com\/v15\/wp-content\/uploads\/2023\/07\/logoquebakanenero2021.jpg","width":1920,"height":1080,"caption":"Quebakan.com"},"image":{"@id":"https:\/\/www.quebakan.com\/v15\/#\/schema\/logo\/image\/"},"sameAs":["http:\/\/www.facebook.com\/quebakan","https:\/\/x.com\/quebakanec","http:\/\/www.instagram.com\/quebakan","http:\/\/www.youtube.com\/quebakan1"]},{"@type":"Person","@id":"https:\/\/www.quebakan.com\/v15\/#\/schema\/person\/d90fa9f9cfa81eb8ace9811e5b7b9118","name":"Erick Villafuerte","image":{"@type":"ImageObject","inLanguage":"es","@id":"https:\/\/www.quebakan.com\/v15\/wp-content\/uploads\/avatars\/4\/1731297654-bpfull.png","url":"https:\/\/www.quebakan.com\/v15\/wp-content\/uploads\/avatars\/4\/1731297654-bpfull.png","contentUrl":"https:\/\/www.quebakan.com\/v15\/wp-content\/uploads\/avatars\/4\/1731297654-bpfull.png","caption":"Erick Villafuerte"}}]}},"_links":{"self":[{"href":"https:\/\/www.quebakan.com\/v15\/wp-json\/wp\/v2\/posts\/127822","targetHints":{"allow":["GET"]}}],"collection":[{"href":"https:\/\/www.quebakan.com\/v15\/wp-json\/wp\/v2\/posts"}],"about":[{"href":"https:\/\/www.quebakan.com\/v15\/wp-json\/wp\/v2\/types\/post"}],"author":[{"embeddable":true,"href":"https:\/\/www.quebakan.com\/v15\/wp-json\/wp\/v2\/users\/4"}],"replies":[{"embeddable":true,"href":"https:\/\/www.quebakan.com\/v15\/wp-json\/wp\/v2\/comments?post=127822"}],"version-history":[{"count":1,"href":"https:\/\/www.quebakan.com\/v15\/wp-json\/wp\/v2\/posts\/127822\/revisions"}],"predecessor-version":[{"id":127825,"href":"https:\/\/www.quebakan.com\/v15\/wp-json\/wp\/v2\/posts\/127822\/revisions\/127825"}],"wp:featuredmedia":[{"embeddable":true,"href":"https:\/\/www.quebakan.com\/v15\/wp-json\/wp\/v2\/media\/127824"}],"wp:attachment":[{"href":"https:\/\/www.quebakan.com\/v15\/wp-json\/wp\/v2\/media?parent=127822"}],"wp:term":[{"taxonomy":"category","embeddable":true,"href":"https:\/\/www.quebakan.com\/v15\/wp-json\/wp\/v2\/categories?post=127822"},{"taxonomy":"post_tag","embeddable":true,"href":"https:\/\/www.quebakan.com\/v15\/wp-json\/wp\/v2\/tags?post=127822"}],"curies":[{"name":"wp","href":"https:\/\/api.w.org\/{rel}","templated":true}]}}