{"id":127840,"date":"2025-01-18T21:33:25","date_gmt":"2025-01-19T02:33:25","guid":{"rendered":"https:\/\/www.quebakan.com\/v15\/?p=127840"},"modified":"2025-01-18T21:33:25","modified_gmt":"2025-01-19T02:33:25","slug":"dnews-presenta-la-cobertura-en-vivo-del-regreso-de-donald-trump-a-la-presidencia-de-estados-unidos","status":"publish","type":"post","link":"https:\/\/www.quebakan.com\/v15\/dnews-presenta-la-cobertura-en-vivo-del-regreso-de-donald-trump-a-la-presidencia-de-estados-unidos\/","title":{"rendered":"DNEWS presenta la cobertura en vivo del regreso de Donald Trump a la presidencia de Estados Unidos"},"content":{"rendered":"<p><img decoding=\"async\" class=\"aligncenter size-full wp-image-127841\" src=\"https:\/\/www.quebakan.com\/v15\/wp-content\/uploads\/2025\/01\/dnews1.jpg\" alt=\"\" width=\"221\" height=\"67\" \/><\/p>\n<p style=\"text-align: justify;\"><em><span style=\"color: #000000;\">La se\u00f1al de noticias de DIRECTV har\u00e1 una cobertura especial del acontecimiento que marcar\u00e1 un nuevo cap\u00edtulo en la pol\u00edtica estadounidense.<\/span><\/em><\/p>\n<p style=\"text-align: justify;\"><span style=\"color: #000000;\"><em>Adem\u00e1s, el domingo 19 de enero transmitir\u00e1 en vivo un an\u00e1lisis exclusivo y completo del primer debate previo a las elecciones presidenciales de Ecuador.<\/em><\/span><\/p>\n<p style=\"text-align: justify;\"><span style=\"color: #000000;\"><strong>Enero de 2025 &#8211; <\/strong><strong>DNEWS<\/strong>, la primera se\u00f1al de noticias de Latinoam\u00e9rica en vivo para Latinoam\u00e9rica, presenta una cobertura especial de la hist\u00f3rica toma de posesi\u00f3n de Donald Trump como el 47\u00b0 presidente de Estados Unidos.<\/span><\/p>\n<p style=\"text-align: justify;\"><span style=\"color: #000000;\">Este evento, que se desarrollar\u00e1 el lunes 20 de enero, marcar\u00e1 el regreso del l\u00edder republicano a la Casa Blanca, tras haber ganado las elecciones presidenciales del 5 de noviembre de 2024 con una ventaja contundente.\u00a0<\/span><\/p>\n<p style=\"text-align: justify;\"><span style=\"color: #000000;\">La transmisi\u00f3n comenzar\u00e1 a las 8:00 (Argentina, Uruguay y Chile) y a las 6:00 (Ecuador, Colombia y Per\u00fa), desde Washington D.C, y se extender\u00e1 durante todo el d\u00eda. DNEWS ofrecer\u00e1 un an\u00e1lisis detallado y comentarios sobre las primeras medidas de gobierno que Trump implementar\u00e1.<\/span><\/p>\n<p style=\"text-align: justify;\"><span style=\"color: #000000;\">Este evento no solo representa el regreso de Trump a la Presidencia, sino que tambi\u00e9n es un momento significativo en la historia pol\u00edtica estadounidense, ya que es el segundo presidente en asumir el cargo en dos mandatos no consecutivos. La ceremonia ser\u00e1 observada por millones alrededor del mundo y se espera que genere un debate sobre las pol\u00edticas futuras del nuevo gobierno.<\/span><\/p>\n<p style=\"text-align: justify;\"><span style=\"color: #000000;\"><strong>Primer debate presidencial en Ecuador <\/strong><\/span><\/p>\n<p style=\"text-align: justify;\"><span style=\"color: #000000;\">DNEWS tambi\u00e9n presentar\u00e1 el pr\u00f3ximo domingo 19 de enero una cobertura especial y con an\u00e1lisis en vivo del primer debate presidencial de Ecuador, de cara a las elecciones del 9 de febrero.<\/span><\/p>\n<p style=\"text-align: justify;\"><span style=\"color: #000000;\">La transmisi\u00f3n contar\u00e1 con la opini\u00f3n del destacado periodista C\u00e9sar Garc\u00eda V\u00e9lez que analizar\u00e1 en vivo la participaci\u00f3n de los 16 candidatos presidenciales desde los estudios de DNEWS.<\/span><\/p>\n<p style=\"text-align: justify;\"><span style=\"color: #000000;\">Durante este segmento, se abordar\u00e1n los temas clave que definir\u00e1n el debate (eficiencia del estado y servicios p\u00fablicos, seguridad y prevenci\u00f3n del crimen y crecimiento econ\u00f3mico y generaci\u00f3n de empleo) y se proporcionar\u00e1 un contexto detallado sobre las propuestas y estrategias de los candidatos cuya elecci\u00f3n marcar\u00e1 el pr\u00f3ximo panorama pol\u00edtico del pa\u00eds y de la regi\u00f3n. A continuaci\u00f3n, DNEWS presentar\u00e1 la emisi\u00f3n completa del debate presidencial. \u00a0<\/span><\/p>\n<p style=\"text-align: justify;\"><span style=\"color: #000000;\">El pr\u00f3ximo 9 de febrero Ecuador celebrar\u00e1 elecciones generales para elegir al presidente y vicepresidente, as\u00ed como tambi\u00e9n a 151 representantes de la Asamblea Nacional y cinco delegados al Parlamento Andino. Este proceso electoral se desarrolla en un contexto pol\u00edtico marcado por desaf\u00edos econ\u00f3micos, crisis energ\u00e9tica e inseguridad vinculada al narcotr\u00e1fico.<\/span><\/p>\n<p style=\"text-align: justify;\"><span style=\"color: #000000;\">Entre los principales candidatos destacan el actual presidente Daniel Noboa y la postulante de Revoluci\u00f3n Ciudadana Luisa Gonz\u00e1lez como favoritos en las encuestas, aunque m\u00e1s del 50% de los votantes a\u00fan est\u00e1n indecisos.<\/span><\/p>\n<p style=\"text-align: justify;\"><span style=\"color: #000000;\"><strong>TOMA DE POSESI\u00d3N DONALD TRUMP EN LA PRESIDENCIA DE ESTADOS UNIDOS <\/strong><\/span><\/p>\n<p style=\"text-align: justify;\"><span style=\"color: #000000;\"><strong>Lunes 20 de enero desde las 8 horas en DNEWS (Canal 700 y 1700 HD de DIRECTV y en la plataforma de TV en vivo y streaming <\/strong><a style=\"color: #000000;\" href=\"http:\/\/www.directvgo.com\/\"><strong>DGO<\/strong><\/a><strong>) <\/strong><\/span><\/p>\n<p style=\"text-align: justify;\"><span style=\"color: #000000;\"><strong>PRIMER DEBATE PRESIDENCIAL ELECCIONES ECUADOR 2025 <\/strong><\/span><\/p>\n<p style=\"text-align: justify;\"><span style=\"color: #000000;\"><strong>Domingo 19 de enero desde las 20 horas en DNEWS (C<\/strong><strong>anal 700 y 1700 HD de DIRECTV y en la plataforma de TV en vivo y streaming <\/strong><a style=\"color: #000000;\" href=\"http:\/\/www.directvgo.com\/\"><strong>DGO<\/strong><\/a><strong>) <\/strong><\/span><\/p>\n<p style=\"text-align: justify;\">@DNEWSOK<\/p>\n<p>&nbsp;<\/p>\n","protected":false},"excerpt":{"rendered":"<p>La se\u00f1al de noticias de DIRECTV har\u00e1 una cobertura especial del acontecimiento que marcar\u00e1 un nuevo cap\u00edtulo en la pol\u00edtica estadounidense. Adem\u00e1s, el domingo 19 de enero transmitir\u00e1 en vivo un an\u00e1lisis exclusivo y completo del primer debate previo a las elecciones presidenciales de Ecuador. Enero de 2025 &#8211; DNEWS, la primera se\u00f1al de noticias [&hellip;]<\/p>\n","protected":false},"author":4,"featured_media":127841,"comment_status":"open","ping_status":"open","sticky":false,"template":"","format":"standard","meta":{"_bbp_topic_count":0,"_bbp_reply_count":0,"_bbp_total_topic_count":0,"_bbp_total_reply_count":0,"_bbp_voice_count":0,"_bbp_anonymous_reply_count":0,"_bbp_topic_count_hidden":0,"_bbp_reply_count_hidden":0,"_bbp_forum_subforum_count":0,"buzzeditor_post_format":"","footnotes":""},"categories":[2],"tags":[],"class_list":["post-127840","post","type-post","status-publish","format-standard","has-post-thumbnail","hentry","category-noticias"],"yoast_head":"<!-- This site is optimized with the Yoast SEO plugin v27.4 - https:\/\/yoast.com\/product\/yoast-seo-wordpress\/ -->\n<title>DNEWS presenta la cobertura en vivo del regreso de Donald Trump a la presidencia de Estados Unidos &#8211; QUEBAKAN.COM 2026: Noticias, Eventos, Conciertos y mucho m\u00e1s....<\/title>\n<meta name=\"robots\" content=\"index, follow, max-snippet:-1, max-image-preview:large, max-video-preview:-1\" \/>\n<link rel=\"canonical\" href=\"https:\/\/www.quebakan.com\/v15\/dnews-presenta-la-cobertura-en-vivo-del-regreso-de-donald-trump-a-la-presidencia-de-estados-unidos\/\" \/>\n<meta property=\"og:locale\" content=\"es_ES\" \/>\n<meta property=\"og:type\" content=\"article\" \/>\n<meta property=\"og:title\" content=\"DNEWS presenta la cobertura en vivo del regreso de Donald Trump a la presidencia de Estados Unidos &#8211; QUEBAKAN.COM 2026: Noticias, Eventos, Conciertos y mucho m\u00e1s....\" \/>\n<meta property=\"og:description\" content=\"La se\u00f1al de noticias de DIRECTV har\u00e1 una cobertura especial del acontecimiento que marcar\u00e1 un nuevo cap\u00edtulo en la pol\u00edtica estadounidense. Adem\u00e1s, el domingo 19 de enero transmitir\u00e1 en vivo un an\u00e1lisis exclusivo y completo del primer debate previo a las elecciones presidenciales de Ecuador. Enero de 2025 &#8211; DNEWS, la primera se\u00f1al de noticias [&hellip;]\" \/>\n<meta property=\"og:url\" content=\"https:\/\/www.quebakan.com\/v15\/dnews-presenta-la-cobertura-en-vivo-del-regreso-de-donald-trump-a-la-presidencia-de-estados-unidos\/\" \/>\n<meta property=\"og:site_name\" content=\"QUEBAKAN.COM 2026: Noticias, Eventos, Conciertos y mucho m\u00e1s....\" \/>\n<meta property=\"article:publisher\" content=\"http:\/\/www.facebook.com\/quebakan\" \/>\n<meta property=\"article:published_time\" content=\"2025-01-19T02:33:25+00:00\" \/>\n<meta property=\"og:image\" content=\"https:\/\/www.quebakan.com\/v15\/wp-content\/uploads\/2025\/01\/dnews1.jpg\" \/>\n\t<meta property=\"og:image:width\" content=\"221\" \/>\n\t<meta property=\"og:image:height\" content=\"67\" \/>\n\t<meta property=\"og:image:type\" content=\"image\/jpeg\" \/>\n<meta name=\"author\" content=\"Erick Villafuerte\" \/>\n<meta name=\"twitter:card\" content=\"summary_large_image\" \/>\n<meta name=\"twitter:creator\" content=\"@quebakanec\" \/>\n<meta name=\"twitter:site\" content=\"@quebakanec\" \/>\n<meta name=\"twitter:label1\" content=\"Escrito por\" \/>\n\t<meta name=\"twitter:data1\" content=\"Erick Villafuerte\" \/>\n\t<meta name=\"twitter:label2\" content=\"Tiempo de lectura\" \/>\n\t<meta name=\"twitter:data2\" content=\"3 minutos\" \/>\n<script type=\"application\/ld+json\" class=\"yoast-schema-graph\">{\"@context\":\"https:\\\/\\\/schema.org\",\"@graph\":[{\"@type\":\"Article\",\"@id\":\"https:\\\/\\\/www.quebakan.com\\\/v15\\\/dnews-presenta-la-cobertura-en-vivo-del-regreso-de-donald-trump-a-la-presidencia-de-estados-unidos\\\/#article\",\"isPartOf\":{\"@id\":\"https:\\\/\\\/www.quebakan.com\\\/v15\\\/dnews-presenta-la-cobertura-en-vivo-del-regreso-de-donald-trump-a-la-presidencia-de-estados-unidos\\\/\"},\"author\":{\"name\":\"Erick Villafuerte\",\"@id\":\"https:\\\/\\\/www.quebakan.com\\\/v15\\\/#\\\/schema\\\/person\\\/d90fa9f9cfa81eb8ace9811e5b7b9118\"},\"headline\":\"DNEWS presenta la cobertura en vivo del regreso de Donald Trump a la presidencia de Estados Unidos\",\"datePublished\":\"2025-01-19T02:33:25+00:00\",\"mainEntityOfPage\":{\"@id\":\"https:\\\/\\\/www.quebakan.com\\\/v15\\\/dnews-presenta-la-cobertura-en-vivo-del-regreso-de-donald-trump-a-la-presidencia-de-estados-unidos\\\/\"},\"wordCount\":562,\"commentCount\":0,\"publisher\":{\"@id\":\"https:\\\/\\\/www.quebakan.com\\\/v15\\\/#organization\"},\"image\":{\"@id\":\"https:\\\/\\\/www.quebakan.com\\\/v15\\\/dnews-presenta-la-cobertura-en-vivo-del-regreso-de-donald-trump-a-la-presidencia-de-estados-unidos\\\/#primaryimage\"},\"thumbnailUrl\":\"https:\\\/\\\/www.quebakan.com\\\/v15\\\/wp-content\\\/uploads\\\/2025\\\/01\\\/dnews1.jpg\",\"articleSection\":[\"Noticias\"],\"inLanguage\":\"es\"},{\"@type\":\"WebPage\",\"@id\":\"https:\\\/\\\/www.quebakan.com\\\/v15\\\/dnews-presenta-la-cobertura-en-vivo-del-regreso-de-donald-trump-a-la-presidencia-de-estados-unidos\\\/\",\"url\":\"https:\\\/\\\/www.quebakan.com\\\/v15\\\/dnews-presenta-la-cobertura-en-vivo-del-regreso-de-donald-trump-a-la-presidencia-de-estados-unidos\\\/\",\"name\":\"DNEWS presenta la cobertura en vivo del regreso de Donald Trump a la presidencia de Estados Unidos &#8211; QUEBAKAN.COM 2026: Noticias, Eventos, Conciertos y mucho m\u00e1s....\",\"isPartOf\":{\"@id\":\"https:\\\/\\\/www.quebakan.com\\\/v15\\\/#website\"},\"primaryImageOfPage\":{\"@id\":\"https:\\\/\\\/www.quebakan.com\\\/v15\\\/dnews-presenta-la-cobertura-en-vivo-del-regreso-de-donald-trump-a-la-presidencia-de-estados-unidos\\\/#primaryimage\"},\"image\":{\"@id\":\"https:\\\/\\\/www.quebakan.com\\\/v15\\\/dnews-presenta-la-cobertura-en-vivo-del-regreso-de-donald-trump-a-la-presidencia-de-estados-unidos\\\/#primaryimage\"},\"thumbnailUrl\":\"https:\\\/\\\/www.quebakan.com\\\/v15\\\/wp-content\\\/uploads\\\/2025\\\/01\\\/dnews1.jpg\",\"datePublished\":\"2025-01-19T02:33:25+00:00\",\"breadcrumb\":{\"@id\":\"https:\\\/\\\/www.quebakan.com\\\/v15\\\/dnews-presenta-la-cobertura-en-vivo-del-regreso-de-donald-trump-a-la-presidencia-de-estados-unidos\\\/#breadcrumb\"},\"inLanguage\":\"es\",\"potentialAction\":[{\"@type\":\"ReadAction\",\"target\":[\"https:\\\/\\\/www.quebakan.com\\\/v15\\\/dnews-presenta-la-cobertura-en-vivo-del-regreso-de-donald-trump-a-la-presidencia-de-estados-unidos\\\/\"]}]},{\"@type\":\"ImageObject\",\"inLanguage\":\"es\",\"@id\":\"https:\\\/\\\/www.quebakan.com\\\/v15\\\/dnews-presenta-la-cobertura-en-vivo-del-regreso-de-donald-trump-a-la-presidencia-de-estados-unidos\\\/#primaryimage\",\"url\":\"https:\\\/\\\/www.quebakan.com\\\/v15\\\/wp-content\\\/uploads\\\/2025\\\/01\\\/dnews1.jpg\",\"contentUrl\":\"https:\\\/\\\/www.quebakan.com\\\/v15\\\/wp-content\\\/uploads\\\/2025\\\/01\\\/dnews1.jpg\",\"width\":221,\"height\":67},{\"@type\":\"BreadcrumbList\",\"@id\":\"https:\\\/\\\/www.quebakan.com\\\/v15\\\/dnews-presenta-la-cobertura-en-vivo-del-regreso-de-donald-trump-a-la-presidencia-de-estados-unidos\\\/#breadcrumb\",\"itemListElement\":[{\"@type\":\"ListItem\",\"position\":1,\"name\":\"Portada\",\"item\":\"https:\\\/\\\/www.quebakan.com\\\/v15\\\/\"},{\"@type\":\"ListItem\",\"position\":2,\"name\":\"DNEWS presenta la cobertura en vivo del regreso de Donald Trump a la presidencia de Estados Unidos\"}]},{\"@type\":\"WebSite\",\"@id\":\"https:\\\/\\\/www.quebakan.com\\\/v15\\\/#website\",\"url\":\"https:\\\/\\\/www.quebakan.com\\\/v15\\\/\",\"name\":\"QUEBAKAN\",\"description\":\"..\",\"publisher\":{\"@id\":\"https:\\\/\\\/www.quebakan.com\\\/v15\\\/#organization\"},\"potentialAction\":[{\"@type\":\"SearchAction\",\"target\":{\"@type\":\"EntryPoint\",\"urlTemplate\":\"https:\\\/\\\/www.quebakan.com\\\/v15\\\/?s={search_term_string}\"},\"query-input\":{\"@type\":\"PropertyValueSpecification\",\"valueRequired\":true,\"valueName\":\"search_term_string\"}}],\"inLanguage\":\"es\"},{\"@type\":\"Organization\",\"@id\":\"https:\\\/\\\/www.quebakan.com\\\/v15\\\/#organization\",\"name\":\"Quebakan.com\",\"url\":\"https:\\\/\\\/www.quebakan.com\\\/v15\\\/\",\"logo\":{\"@type\":\"ImageObject\",\"inLanguage\":\"es\",\"@id\":\"https:\\\/\\\/www.quebakan.com\\\/v15\\\/#\\\/schema\\\/logo\\\/image\\\/\",\"url\":\"https:\\\/\\\/www.quebakan.com\\\/v15\\\/wp-content\\\/uploads\\\/2023\\\/07\\\/logoquebakanenero2021.jpg\",\"contentUrl\":\"https:\\\/\\\/www.quebakan.com\\\/v15\\\/wp-content\\\/uploads\\\/2023\\\/07\\\/logoquebakanenero2021.jpg\",\"width\":1920,\"height\":1080,\"caption\":\"Quebakan.com\"},\"image\":{\"@id\":\"https:\\\/\\\/www.quebakan.com\\\/v15\\\/#\\\/schema\\\/logo\\\/image\\\/\"},\"sameAs\":[\"http:\\\/\\\/www.facebook.com\\\/quebakan\",\"https:\\\/\\\/x.com\\\/quebakanec\",\"http:\\\/\\\/www.instagram.com\\\/quebakan\",\"http:\\\/\\\/www.youtube.com\\\/quebakan1\"]},{\"@type\":\"Person\",\"@id\":\"https:\\\/\\\/www.quebakan.com\\\/v15\\\/#\\\/schema\\\/person\\\/d90fa9f9cfa81eb8ace9811e5b7b9118\",\"name\":\"Erick Villafuerte\",\"image\":{\"@type\":\"ImageObject\",\"inLanguage\":\"es\",\"@id\":\"https:\\\/\\\/www.quebakan.com\\\/v15\\\/wp-content\\\/uploads\\\/avatars\\\/4\\\/1731297654-bpfull.png\",\"url\":\"https:\\\/\\\/www.quebakan.com\\\/v15\\\/wp-content\\\/uploads\\\/avatars\\\/4\\\/1731297654-bpfull.png\",\"contentUrl\":\"https:\\\/\\\/www.quebakan.com\\\/v15\\\/wp-content\\\/uploads\\\/avatars\\\/4\\\/1731297654-bpfull.png\",\"caption\":\"Erick Villafuerte\"}}]}<\/script>\n<!-- \/ Yoast SEO plugin. -->","yoast_head_json":{"title":"DNEWS presenta la cobertura en vivo del regreso de Donald Trump a la presidencia de Estados Unidos &#8211; QUEBAKAN.COM 2026: Noticias, Eventos, Conciertos y mucho m\u00e1s....","robots":{"index":"index","follow":"follow","max-snippet":"max-snippet:-1","max-image-preview":"max-image-preview:large","max-video-preview":"max-video-preview:-1"},"canonical":"https:\/\/www.quebakan.com\/v15\/dnews-presenta-la-cobertura-en-vivo-del-regreso-de-donald-trump-a-la-presidencia-de-estados-unidos\/","og_locale":"es_ES","og_type":"article","og_title":"DNEWS presenta la cobertura en vivo del regreso de Donald Trump a la presidencia de Estados Unidos &#8211; QUEBAKAN.COM 2026: Noticias, Eventos, Conciertos y mucho m\u00e1s....","og_description":"La se\u00f1al de noticias de DIRECTV har\u00e1 una cobertura especial del acontecimiento que marcar\u00e1 un nuevo cap\u00edtulo en la pol\u00edtica estadounidense. Adem\u00e1s, el domingo 19 de enero transmitir\u00e1 en vivo un an\u00e1lisis exclusivo y completo del primer debate previo a las elecciones presidenciales de Ecuador. Enero de 2025 &#8211; DNEWS, la primera se\u00f1al de noticias [&hellip;]","og_url":"https:\/\/www.quebakan.com\/v15\/dnews-presenta-la-cobertura-en-vivo-del-regreso-de-donald-trump-a-la-presidencia-de-estados-unidos\/","og_site_name":"QUEBAKAN.COM 2026: Noticias, Eventos, Conciertos y mucho m\u00e1s....","article_publisher":"http:\/\/www.facebook.com\/quebakan","article_published_time":"2025-01-19T02:33:25+00:00","og_image":[{"width":221,"height":67,"url":"https:\/\/www.quebakan.com\/v15\/wp-content\/uploads\/2025\/01\/dnews1.jpg","type":"image\/jpeg"}],"author":"Erick Villafuerte","twitter_card":"summary_large_image","twitter_creator":"@quebakanec","twitter_site":"@quebakanec","twitter_misc":{"Escrito por":"Erick Villafuerte","Tiempo de lectura":"3 minutos"},"schema":{"@context":"https:\/\/schema.org","@graph":[{"@type":"Article","@id":"https:\/\/www.quebakan.com\/v15\/dnews-presenta-la-cobertura-en-vivo-del-regreso-de-donald-trump-a-la-presidencia-de-estados-unidos\/#article","isPartOf":{"@id":"https:\/\/www.quebakan.com\/v15\/dnews-presenta-la-cobertura-en-vivo-del-regreso-de-donald-trump-a-la-presidencia-de-estados-unidos\/"},"author":{"name":"Erick Villafuerte","@id":"https:\/\/www.quebakan.com\/v15\/#\/schema\/person\/d90fa9f9cfa81eb8ace9811e5b7b9118"},"headline":"DNEWS presenta la cobertura en vivo del regreso de Donald Trump a la presidencia de Estados Unidos","datePublished":"2025-01-19T02:33:25+00:00","mainEntityOfPage":{"@id":"https:\/\/www.quebakan.com\/v15\/dnews-presenta-la-cobertura-en-vivo-del-regreso-de-donald-trump-a-la-presidencia-de-estados-unidos\/"},"wordCount":562,"commentCount":0,"publisher":{"@id":"https:\/\/www.quebakan.com\/v15\/#organization"},"image":{"@id":"https:\/\/www.quebakan.com\/v15\/dnews-presenta-la-cobertura-en-vivo-del-regreso-de-donald-trump-a-la-presidencia-de-estados-unidos\/#primaryimage"},"thumbnailUrl":"https:\/\/www.quebakan.com\/v15\/wp-content\/uploads\/2025\/01\/dnews1.jpg","articleSection":["Noticias"],"inLanguage":"es"},{"@type":"WebPage","@id":"https:\/\/www.quebakan.com\/v15\/dnews-presenta-la-cobertura-en-vivo-del-regreso-de-donald-trump-a-la-presidencia-de-estados-unidos\/","url":"https:\/\/www.quebakan.com\/v15\/dnews-presenta-la-cobertura-en-vivo-del-regreso-de-donald-trump-a-la-presidencia-de-estados-unidos\/","name":"DNEWS presenta la cobertura en vivo del regreso de Donald Trump a la presidencia de Estados Unidos &#8211; QUEBAKAN.COM 2026: Noticias, Eventos, Conciertos y mucho m\u00e1s....","isPartOf":{"@id":"https:\/\/www.quebakan.com\/v15\/#website"},"primaryImageOfPage":{"@id":"https:\/\/www.quebakan.com\/v15\/dnews-presenta-la-cobertura-en-vivo-del-regreso-de-donald-trump-a-la-presidencia-de-estados-unidos\/#primaryimage"},"image":{"@id":"https:\/\/www.quebakan.com\/v15\/dnews-presenta-la-cobertura-en-vivo-del-regreso-de-donald-trump-a-la-presidencia-de-estados-unidos\/#primaryimage"},"thumbnailUrl":"https:\/\/www.quebakan.com\/v15\/wp-content\/uploads\/2025\/01\/dnews1.jpg","datePublished":"2025-01-19T02:33:25+00:00","breadcrumb":{"@id":"https:\/\/www.quebakan.com\/v15\/dnews-presenta-la-cobertura-en-vivo-del-regreso-de-donald-trump-a-la-presidencia-de-estados-unidos\/#breadcrumb"},"inLanguage":"es","potentialAction":[{"@type":"ReadAction","target":["https:\/\/www.quebakan.com\/v15\/dnews-presenta-la-cobertura-en-vivo-del-regreso-de-donald-trump-a-la-presidencia-de-estados-unidos\/"]}]},{"@type":"ImageObject","inLanguage":"es","@id":"https:\/\/www.quebakan.com\/v15\/dnews-presenta-la-cobertura-en-vivo-del-regreso-de-donald-trump-a-la-presidencia-de-estados-unidos\/#primaryimage","url":"https:\/\/www.quebakan.com\/v15\/wp-content\/uploads\/2025\/01\/dnews1.jpg","contentUrl":"https:\/\/www.quebakan.com\/v15\/wp-content\/uploads\/2025\/01\/dnews1.jpg","width":221,"height":67},{"@type":"BreadcrumbList","@id":"https:\/\/www.quebakan.com\/v15\/dnews-presenta-la-cobertura-en-vivo-del-regreso-de-donald-trump-a-la-presidencia-de-estados-unidos\/#breadcrumb","itemListElement":[{"@type":"ListItem","position":1,"name":"Portada","item":"https:\/\/www.quebakan.com\/v15\/"},{"@type":"ListItem","position":2,"name":"DNEWS presenta la cobertura en vivo del regreso de Donald Trump a la presidencia de Estados Unidos"}]},{"@type":"WebSite","@id":"https:\/\/www.quebakan.com\/v15\/#website","url":"https:\/\/www.quebakan.com\/v15\/","name":"QUEBAKAN","description":"..","publisher":{"@id":"https:\/\/www.quebakan.com\/v15\/#organization"},"potentialAction":[{"@type":"SearchAction","target":{"@type":"EntryPoint","urlTemplate":"https:\/\/www.quebakan.com\/v15\/?s={search_term_string}"},"query-input":{"@type":"PropertyValueSpecification","valueRequired":true,"valueName":"search_term_string"}}],"inLanguage":"es"},{"@type":"Organization","@id":"https:\/\/www.quebakan.com\/v15\/#organization","name":"Quebakan.com","url":"https:\/\/www.quebakan.com\/v15\/","logo":{"@type":"ImageObject","inLanguage":"es","@id":"https:\/\/www.quebakan.com\/v15\/#\/schema\/logo\/image\/","url":"https:\/\/www.quebakan.com\/v15\/wp-content\/uploads\/2023\/07\/logoquebakanenero2021.jpg","contentUrl":"https:\/\/www.quebakan.com\/v15\/wp-content\/uploads\/2023\/07\/logoquebakanenero2021.jpg","width":1920,"height":1080,"caption":"Quebakan.com"},"image":{"@id":"https:\/\/www.quebakan.com\/v15\/#\/schema\/logo\/image\/"},"sameAs":["http:\/\/www.facebook.com\/quebakan","https:\/\/x.com\/quebakanec","http:\/\/www.instagram.com\/quebakan","http:\/\/www.youtube.com\/quebakan1"]},{"@type":"Person","@id":"https:\/\/www.quebakan.com\/v15\/#\/schema\/person\/d90fa9f9cfa81eb8ace9811e5b7b9118","name":"Erick Villafuerte","image":{"@type":"ImageObject","inLanguage":"es","@id":"https:\/\/www.quebakan.com\/v15\/wp-content\/uploads\/avatars\/4\/1731297654-bpfull.png","url":"https:\/\/www.quebakan.com\/v15\/wp-content\/uploads\/avatars\/4\/1731297654-bpfull.png","contentUrl":"https:\/\/www.quebakan.com\/v15\/wp-content\/uploads\/avatars\/4\/1731297654-bpfull.png","caption":"Erick Villafuerte"}}]}},"_links":{"self":[{"href":"https:\/\/www.quebakan.com\/v15\/wp-json\/wp\/v2\/posts\/127840","targetHints":{"allow":["GET"]}}],"collection":[{"href":"https:\/\/www.quebakan.com\/v15\/wp-json\/wp\/v2\/posts"}],"about":[{"href":"https:\/\/www.quebakan.com\/v15\/wp-json\/wp\/v2\/types\/post"}],"author":[{"embeddable":true,"href":"https:\/\/www.quebakan.com\/v15\/wp-json\/wp\/v2\/users\/4"}],"replies":[{"embeddable":true,"href":"https:\/\/www.quebakan.com\/v15\/wp-json\/wp\/v2\/comments?post=127840"}],"version-history":[{"count":1,"href":"https:\/\/www.quebakan.com\/v15\/wp-json\/wp\/v2\/posts\/127840\/revisions"}],"predecessor-version":[{"id":127842,"href":"https:\/\/www.quebakan.com\/v15\/wp-json\/wp\/v2\/posts\/127840\/revisions\/127842"}],"wp:featuredmedia":[{"embeddable":true,"href":"https:\/\/www.quebakan.com\/v15\/wp-json\/wp\/v2\/media\/127841"}],"wp:attachment":[{"href":"https:\/\/www.quebakan.com\/v15\/wp-json\/wp\/v2\/media?parent=127840"}],"wp:term":[{"taxonomy":"category","embeddable":true,"href":"https:\/\/www.quebakan.com\/v15\/wp-json\/wp\/v2\/categories?post=127840"},{"taxonomy":"post_tag","embeddable":true,"href":"https:\/\/www.quebakan.com\/v15\/wp-json\/wp\/v2\/tags?post=127840"}],"curies":[{"name":"wp","href":"https:\/\/api.w.org\/{rel}","templated":true}]}}