{"id":127846,"date":"2025-01-18T21:57:36","date_gmt":"2025-01-19T02:57:36","guid":{"rendered":"https:\/\/www.quebakan.com\/v15\/?p=127846"},"modified":"2025-01-18T21:57:36","modified_gmt":"2025-01-19T02:57:36","slug":"radioshack-en-el-ces-2025-una-nueva-era-para-el-icono-estadounidense","status":"publish","type":"post","link":"https:\/\/www.quebakan.com\/v15\/radioshack-en-el-ces-2025-una-nueva-era-para-el-icono-estadounidense\/","title":{"rendered":"RadioShack en el CES 2025: Una nueva era para el \u00edcono estadounidense"},"content":{"rendered":"<p><img fetchpriority=\"high\" decoding=\"async\" class=\"aligncenter size-full wp-image-127847\" src=\"https:\/\/www.quebakan.com\/v15\/wp-content\/uploads\/2025\/01\/250113_CES_Foto1.jpg\" alt=\"\" width=\"700\" height=\"466\" \/><\/p>\n<p style=\"text-align: justify;\"><span style=\"color: #000000;\"><strong>Las Vegas, NV \u201313 de enero de 2025<\/strong> \u2013 RadioShack, la ic\u00f3nica cadena estadounidense de tiendas de productos electr\u00f3nicos de consumo desde 1921, regres\u00f3 con valent\u00eda al escenario tecnol\u00f3gico global en el CES 2025, el evento tecnol\u00f3gico m\u00e1s influyente del mundo, en Las Vegas, el cual tuvo lugar del 7 al 10 de enero 2025. RadioShack exhibi\u00f3 380 productos innovadores en categor\u00edas que incluyen juegos, audio, accesorios tecnol\u00f3gicos, bater\u00edas, cables, soluciones para el hogar y la oficina y art\u00edculos esenciales para viajes.<\/span><\/p>\n<p style=\"text-align: justify;\"><span style=\"color: #000000;\">En mayo de 2023, <strong>Grupo Unicomer adquiri\u00f3 la propiedad intelectual, activos de propiedad intelectual y dominios de la marca RadioShack en alrededor de 70 pa\u00edses del mundo<\/strong>, marcando su regreso al mercado de Estados Unidos. Este hito inicia una nueva era que refuerza su compromiso con la innovaci\u00f3n y el servicio al cliente. Con una orgullosa historia y una visi\u00f3n estrat\u00e9gica para el futuro, RadioShack se reconecta con sus ra\u00edces mientras adopta la tecnolog\u00eda moderna para satisfacer las necesidades del consumidor actual.<\/span><\/p>\n<p style=\"text-align: justify;\"><span style=\"color: #000000;\">En el CES, RadioShack present\u00f3 una selecci\u00f3n de sus productos principales y m\u00e1s innovadores, dise\u00f1ados para satisfacer las necesidades de los estilos de vida modernos. Entre los productos m\u00e1s destacados se incluyen accesorios de gaming, tecnolog\u00eda de audio como parlantes, aud\u00edfonos y audio de inspiraci\u00f3n vintage, accesorios tecnol\u00f3gicos, art\u00edculos de viaje, productos de salud y fitness, soluciones de energ\u00eda y otros dispositivos esenciales para el uso diario.<\/span><\/p>\n<p style=\"text-align: justify;\"><span style=\"color: #000000;\">\u00ab<em>RadioShack siempre ha sido pionero en el espacio tecnol\u00f3gico, y nuestro regreso al CES marca un cap\u00edtulo emocionante en nuestro recorrido\u00bb, comparti\u00f3 Rudy Siman, vicepresidente de Nuevos Negocios, Franquicias y Trade de Grupo Unicomer. \u00abEstamos encantados de compartir nuestras \u00faltimas innovaciones y volver a conectarnos con nuestros clientes que conf\u00edan en nosotros para brindar tecnolog\u00eda accesible y de alta calidad<\/em>\u00ab.<\/span><\/p>\n<p style=\"text-align: justify;\"><span style=\"color: #000000;\">Como parte de su resurgimiento, RadioShack se compromete a hacer que la tecnolog\u00eda sea asequible y accesible para todos. Actualmente, la marca cuenta con m\u00e1s de 500 ofertas de productos en 17 categor\u00edas diferentes y est\u00e1 desarrollando una cartera de m\u00e1s de 1,000 productos RadioShack para el mercado estadounidense. Habiendo vendido m\u00e1s de 2 millones de unidades al a\u00f1o en m\u00faltiples mercados y con planes de duplicar sus ofertas para fines de 2025, la marca afirma su reputaci\u00f3n de confianza en la industria tecnol\u00f3gica.<\/span><\/p>\n<p><img decoding=\"async\" class=\"aligncenter size-full wp-image-127848\" src=\"https:\/\/www.quebakan.com\/v15\/wp-content\/uploads\/2025\/01\/250113_CES_Foto3.jpg\" alt=\"\" width=\"700\" height=\"466\" \/><\/p>\n<p>&nbsp;<\/p>\n<p><img decoding=\"async\" class=\"aligncenter size-full wp-image-127849\" src=\"https:\/\/www.quebakan.com\/v15\/wp-content\/uploads\/2025\/01\/250113_CES_Foto2.jpg\" alt=\"\" width=\"700\" height=\"466\" \/><\/p>\n","protected":false},"excerpt":{"rendered":"<p>Las Vegas, NV \u201313 de enero de 2025 \u2013 RadioShack, la ic\u00f3nica cadena estadounidense de tiendas de productos electr\u00f3nicos de consumo desde 1921, regres\u00f3 con valent\u00eda al escenario tecnol\u00f3gico global en el CES 2025, el evento tecnol\u00f3gico m\u00e1s influyente del mundo, en Las Vegas, el cual tuvo lugar del 7 al 10 de enero 2025. [&hellip;]<\/p>\n","protected":false},"author":4,"featured_media":127847,"comment_status":"open","ping_status":"open","sticky":false,"template":"","format":"standard","meta":{"_bbp_topic_count":0,"_bbp_reply_count":0,"_bbp_total_topic_count":0,"_bbp_total_reply_count":0,"_bbp_voice_count":0,"_bbp_anonymous_reply_count":0,"_bbp_topic_count_hidden":0,"_bbp_reply_count_hidden":0,"_bbp_forum_subforum_count":0,"buzzeditor_post_format":"","footnotes":""},"categories":[2],"tags":[],"class_list":["post-127846","post","type-post","status-publish","format-standard","has-post-thumbnail","hentry","category-noticias"],"yoast_head":"<!-- This site is optimized with the Yoast SEO plugin v27.4 - https:\/\/yoast.com\/product\/yoast-seo-wordpress\/ -->\n<title>RadioShack en el CES 2025: Una nueva era para el \u00edcono estadounidense &#8211; QUEBAKAN.COM 2026: Noticias, Eventos, Conciertos y mucho m\u00e1s....<\/title>\n<meta name=\"robots\" content=\"index, follow, max-snippet:-1, max-image-preview:large, max-video-preview:-1\" \/>\n<link rel=\"canonical\" href=\"https:\/\/www.quebakan.com\/v15\/radioshack-en-el-ces-2025-una-nueva-era-para-el-icono-estadounidense\/\" \/>\n<meta property=\"og:locale\" content=\"es_ES\" \/>\n<meta property=\"og:type\" content=\"article\" \/>\n<meta property=\"og:title\" content=\"RadioShack en el CES 2025: Una nueva era para el \u00edcono estadounidense &#8211; QUEBAKAN.COM 2026: Noticias, Eventos, Conciertos y mucho m\u00e1s....\" \/>\n<meta property=\"og:description\" content=\"Las Vegas, NV \u201313 de enero de 2025 \u2013 RadioShack, la ic\u00f3nica cadena estadounidense de tiendas de productos electr\u00f3nicos de consumo desde 1921, regres\u00f3 con valent\u00eda al escenario tecnol\u00f3gico global en el CES 2025, el evento tecnol\u00f3gico m\u00e1s influyente del mundo, en Las Vegas, el cual tuvo lugar del 7 al 10 de enero 2025. [&hellip;]\" \/>\n<meta property=\"og:url\" content=\"https:\/\/www.quebakan.com\/v15\/radioshack-en-el-ces-2025-una-nueva-era-para-el-icono-estadounidense\/\" \/>\n<meta property=\"og:site_name\" content=\"QUEBAKAN.COM 2026: Noticias, Eventos, Conciertos y mucho m\u00e1s....\" \/>\n<meta property=\"article:publisher\" content=\"http:\/\/www.facebook.com\/quebakan\" \/>\n<meta property=\"article:published_time\" content=\"2025-01-19T02:57:36+00:00\" \/>\n<meta property=\"og:image\" content=\"https:\/\/www.quebakan.com\/v15\/wp-content\/uploads\/2025\/01\/250113_CES_Foto1.jpg\" \/>\n\t<meta property=\"og:image:width\" content=\"700\" \/>\n\t<meta property=\"og:image:height\" content=\"466\" \/>\n\t<meta property=\"og:image:type\" content=\"image\/jpeg\" \/>\n<meta name=\"author\" content=\"Erick Villafuerte\" \/>\n<meta name=\"twitter:card\" content=\"summary_large_image\" \/>\n<meta name=\"twitter:creator\" content=\"@quebakanec\" \/>\n<meta name=\"twitter:site\" content=\"@quebakanec\" \/>\n<meta name=\"twitter:label1\" content=\"Escrito por\" \/>\n\t<meta name=\"twitter:data1\" content=\"Erick Villafuerte\" \/>\n\t<meta name=\"twitter:label2\" content=\"Tiempo de lectura\" \/>\n\t<meta name=\"twitter:data2\" content=\"3 minutos\" \/>\n<script type=\"application\/ld+json\" class=\"yoast-schema-graph\">{\"@context\":\"https:\\\/\\\/schema.org\",\"@graph\":[{\"@type\":\"Article\",\"@id\":\"https:\\\/\\\/www.quebakan.com\\\/v15\\\/radioshack-en-el-ces-2025-una-nueva-era-para-el-icono-estadounidense\\\/#article\",\"isPartOf\":{\"@id\":\"https:\\\/\\\/www.quebakan.com\\\/v15\\\/radioshack-en-el-ces-2025-una-nueva-era-para-el-icono-estadounidense\\\/\"},\"author\":{\"name\":\"Erick Villafuerte\",\"@id\":\"https:\\\/\\\/www.quebakan.com\\\/v15\\\/#\\\/schema\\\/person\\\/d90fa9f9cfa81eb8ace9811e5b7b9118\"},\"headline\":\"RadioShack en el CES 2025: Una nueva era para el \u00edcono estadounidense\",\"datePublished\":\"2025-01-19T02:57:36+00:00\",\"mainEntityOfPage\":{\"@id\":\"https:\\\/\\\/www.quebakan.com\\\/v15\\\/radioshack-en-el-ces-2025-una-nueva-era-para-el-icono-estadounidense\\\/\"},\"wordCount\":410,\"commentCount\":0,\"publisher\":{\"@id\":\"https:\\\/\\\/www.quebakan.com\\\/v15\\\/#organization\"},\"image\":{\"@id\":\"https:\\\/\\\/www.quebakan.com\\\/v15\\\/radioshack-en-el-ces-2025-una-nueva-era-para-el-icono-estadounidense\\\/#primaryimage\"},\"thumbnailUrl\":\"https:\\\/\\\/www.quebakan.com\\\/v15\\\/wp-content\\\/uploads\\\/2025\\\/01\\\/250113_CES_Foto1.jpg\",\"articleSection\":[\"Noticias\"],\"inLanguage\":\"es\"},{\"@type\":\"WebPage\",\"@id\":\"https:\\\/\\\/www.quebakan.com\\\/v15\\\/radioshack-en-el-ces-2025-una-nueva-era-para-el-icono-estadounidense\\\/\",\"url\":\"https:\\\/\\\/www.quebakan.com\\\/v15\\\/radioshack-en-el-ces-2025-una-nueva-era-para-el-icono-estadounidense\\\/\",\"name\":\"RadioShack en el CES 2025: Una nueva era para el \u00edcono estadounidense &#8211; QUEBAKAN.COM 2026: Noticias, Eventos, Conciertos y mucho m\u00e1s....\",\"isPartOf\":{\"@id\":\"https:\\\/\\\/www.quebakan.com\\\/v15\\\/#website\"},\"primaryImageOfPage\":{\"@id\":\"https:\\\/\\\/www.quebakan.com\\\/v15\\\/radioshack-en-el-ces-2025-una-nueva-era-para-el-icono-estadounidense\\\/#primaryimage\"},\"image\":{\"@id\":\"https:\\\/\\\/www.quebakan.com\\\/v15\\\/radioshack-en-el-ces-2025-una-nueva-era-para-el-icono-estadounidense\\\/#primaryimage\"},\"thumbnailUrl\":\"https:\\\/\\\/www.quebakan.com\\\/v15\\\/wp-content\\\/uploads\\\/2025\\\/01\\\/250113_CES_Foto1.jpg\",\"datePublished\":\"2025-01-19T02:57:36+00:00\",\"breadcrumb\":{\"@id\":\"https:\\\/\\\/www.quebakan.com\\\/v15\\\/radioshack-en-el-ces-2025-una-nueva-era-para-el-icono-estadounidense\\\/#breadcrumb\"},\"inLanguage\":\"es\",\"potentialAction\":[{\"@type\":\"ReadAction\",\"target\":[\"https:\\\/\\\/www.quebakan.com\\\/v15\\\/radioshack-en-el-ces-2025-una-nueva-era-para-el-icono-estadounidense\\\/\"]}]},{\"@type\":\"ImageObject\",\"inLanguage\":\"es\",\"@id\":\"https:\\\/\\\/www.quebakan.com\\\/v15\\\/radioshack-en-el-ces-2025-una-nueva-era-para-el-icono-estadounidense\\\/#primaryimage\",\"url\":\"https:\\\/\\\/www.quebakan.com\\\/v15\\\/wp-content\\\/uploads\\\/2025\\\/01\\\/250113_CES_Foto1.jpg\",\"contentUrl\":\"https:\\\/\\\/www.quebakan.com\\\/v15\\\/wp-content\\\/uploads\\\/2025\\\/01\\\/250113_CES_Foto1.jpg\",\"width\":700,\"height\":466},{\"@type\":\"BreadcrumbList\",\"@id\":\"https:\\\/\\\/www.quebakan.com\\\/v15\\\/radioshack-en-el-ces-2025-una-nueva-era-para-el-icono-estadounidense\\\/#breadcrumb\",\"itemListElement\":[{\"@type\":\"ListItem\",\"position\":1,\"name\":\"Portada\",\"item\":\"https:\\\/\\\/www.quebakan.com\\\/v15\\\/\"},{\"@type\":\"ListItem\",\"position\":2,\"name\":\"RadioShack en el CES 2025: Una nueva era para el \u00edcono estadounidense\"}]},{\"@type\":\"WebSite\",\"@id\":\"https:\\\/\\\/www.quebakan.com\\\/v15\\\/#website\",\"url\":\"https:\\\/\\\/www.quebakan.com\\\/v15\\\/\",\"name\":\"QUEBAKAN\",\"description\":\"..\",\"publisher\":{\"@id\":\"https:\\\/\\\/www.quebakan.com\\\/v15\\\/#organization\"},\"potentialAction\":[{\"@type\":\"SearchAction\",\"target\":{\"@type\":\"EntryPoint\",\"urlTemplate\":\"https:\\\/\\\/www.quebakan.com\\\/v15\\\/?s={search_term_string}\"},\"query-input\":{\"@type\":\"PropertyValueSpecification\",\"valueRequired\":true,\"valueName\":\"search_term_string\"}}],\"inLanguage\":\"es\"},{\"@type\":\"Organization\",\"@id\":\"https:\\\/\\\/www.quebakan.com\\\/v15\\\/#organization\",\"name\":\"Quebakan.com\",\"url\":\"https:\\\/\\\/www.quebakan.com\\\/v15\\\/\",\"logo\":{\"@type\":\"ImageObject\",\"inLanguage\":\"es\",\"@id\":\"https:\\\/\\\/www.quebakan.com\\\/v15\\\/#\\\/schema\\\/logo\\\/image\\\/\",\"url\":\"https:\\\/\\\/www.quebakan.com\\\/v15\\\/wp-content\\\/uploads\\\/2023\\\/07\\\/logoquebakanenero2021.jpg\",\"contentUrl\":\"https:\\\/\\\/www.quebakan.com\\\/v15\\\/wp-content\\\/uploads\\\/2023\\\/07\\\/logoquebakanenero2021.jpg\",\"width\":1920,\"height\":1080,\"caption\":\"Quebakan.com\"},\"image\":{\"@id\":\"https:\\\/\\\/www.quebakan.com\\\/v15\\\/#\\\/schema\\\/logo\\\/image\\\/\"},\"sameAs\":[\"http:\\\/\\\/www.facebook.com\\\/quebakan\",\"https:\\\/\\\/x.com\\\/quebakanec\",\"http:\\\/\\\/www.instagram.com\\\/quebakan\",\"http:\\\/\\\/www.youtube.com\\\/quebakan1\"]},{\"@type\":\"Person\",\"@id\":\"https:\\\/\\\/www.quebakan.com\\\/v15\\\/#\\\/schema\\\/person\\\/d90fa9f9cfa81eb8ace9811e5b7b9118\",\"name\":\"Erick Villafuerte\",\"image\":{\"@type\":\"ImageObject\",\"inLanguage\":\"es\",\"@id\":\"https:\\\/\\\/www.quebakan.com\\\/v15\\\/wp-content\\\/uploads\\\/avatars\\\/4\\\/1731297654-bpfull.png\",\"url\":\"https:\\\/\\\/www.quebakan.com\\\/v15\\\/wp-content\\\/uploads\\\/avatars\\\/4\\\/1731297654-bpfull.png\",\"contentUrl\":\"https:\\\/\\\/www.quebakan.com\\\/v15\\\/wp-content\\\/uploads\\\/avatars\\\/4\\\/1731297654-bpfull.png\",\"caption\":\"Erick Villafuerte\"}}]}<\/script>\n<!-- \/ Yoast SEO plugin. -->","yoast_head_json":{"title":"RadioShack en el CES 2025: Una nueva era para el \u00edcono estadounidense &#8211; QUEBAKAN.COM 2026: Noticias, Eventos, Conciertos y mucho m\u00e1s....","robots":{"index":"index","follow":"follow","max-snippet":"max-snippet:-1","max-image-preview":"max-image-preview:large","max-video-preview":"max-video-preview:-1"},"canonical":"https:\/\/www.quebakan.com\/v15\/radioshack-en-el-ces-2025-una-nueva-era-para-el-icono-estadounidense\/","og_locale":"es_ES","og_type":"article","og_title":"RadioShack en el CES 2025: Una nueva era para el \u00edcono estadounidense &#8211; QUEBAKAN.COM 2026: Noticias, Eventos, Conciertos y mucho m\u00e1s....","og_description":"Las Vegas, NV \u201313 de enero de 2025 \u2013 RadioShack, la ic\u00f3nica cadena estadounidense de tiendas de productos electr\u00f3nicos de consumo desde 1921, regres\u00f3 con valent\u00eda al escenario tecnol\u00f3gico global en el CES 2025, el evento tecnol\u00f3gico m\u00e1s influyente del mundo, en Las Vegas, el cual tuvo lugar del 7 al 10 de enero 2025. [&hellip;]","og_url":"https:\/\/www.quebakan.com\/v15\/radioshack-en-el-ces-2025-una-nueva-era-para-el-icono-estadounidense\/","og_site_name":"QUEBAKAN.COM 2026: Noticias, Eventos, Conciertos y mucho m\u00e1s....","article_publisher":"http:\/\/www.facebook.com\/quebakan","article_published_time":"2025-01-19T02:57:36+00:00","og_image":[{"width":700,"height":466,"url":"https:\/\/www.quebakan.com\/v15\/wp-content\/uploads\/2025\/01\/250113_CES_Foto1.jpg","type":"image\/jpeg"}],"author":"Erick Villafuerte","twitter_card":"summary_large_image","twitter_creator":"@quebakanec","twitter_site":"@quebakanec","twitter_misc":{"Escrito por":"Erick Villafuerte","Tiempo de lectura":"3 minutos"},"schema":{"@context":"https:\/\/schema.org","@graph":[{"@type":"Article","@id":"https:\/\/www.quebakan.com\/v15\/radioshack-en-el-ces-2025-una-nueva-era-para-el-icono-estadounidense\/#article","isPartOf":{"@id":"https:\/\/www.quebakan.com\/v15\/radioshack-en-el-ces-2025-una-nueva-era-para-el-icono-estadounidense\/"},"author":{"name":"Erick Villafuerte","@id":"https:\/\/www.quebakan.com\/v15\/#\/schema\/person\/d90fa9f9cfa81eb8ace9811e5b7b9118"},"headline":"RadioShack en el CES 2025: Una nueva era para el \u00edcono estadounidense","datePublished":"2025-01-19T02:57:36+00:00","mainEntityOfPage":{"@id":"https:\/\/www.quebakan.com\/v15\/radioshack-en-el-ces-2025-una-nueva-era-para-el-icono-estadounidense\/"},"wordCount":410,"commentCount":0,"publisher":{"@id":"https:\/\/www.quebakan.com\/v15\/#organization"},"image":{"@id":"https:\/\/www.quebakan.com\/v15\/radioshack-en-el-ces-2025-una-nueva-era-para-el-icono-estadounidense\/#primaryimage"},"thumbnailUrl":"https:\/\/www.quebakan.com\/v15\/wp-content\/uploads\/2025\/01\/250113_CES_Foto1.jpg","articleSection":["Noticias"],"inLanguage":"es"},{"@type":"WebPage","@id":"https:\/\/www.quebakan.com\/v15\/radioshack-en-el-ces-2025-una-nueva-era-para-el-icono-estadounidense\/","url":"https:\/\/www.quebakan.com\/v15\/radioshack-en-el-ces-2025-una-nueva-era-para-el-icono-estadounidense\/","name":"RadioShack en el CES 2025: Una nueva era para el \u00edcono estadounidense &#8211; QUEBAKAN.COM 2026: Noticias, Eventos, Conciertos y mucho m\u00e1s....","isPartOf":{"@id":"https:\/\/www.quebakan.com\/v15\/#website"},"primaryImageOfPage":{"@id":"https:\/\/www.quebakan.com\/v15\/radioshack-en-el-ces-2025-una-nueva-era-para-el-icono-estadounidense\/#primaryimage"},"image":{"@id":"https:\/\/www.quebakan.com\/v15\/radioshack-en-el-ces-2025-una-nueva-era-para-el-icono-estadounidense\/#primaryimage"},"thumbnailUrl":"https:\/\/www.quebakan.com\/v15\/wp-content\/uploads\/2025\/01\/250113_CES_Foto1.jpg","datePublished":"2025-01-19T02:57:36+00:00","breadcrumb":{"@id":"https:\/\/www.quebakan.com\/v15\/radioshack-en-el-ces-2025-una-nueva-era-para-el-icono-estadounidense\/#breadcrumb"},"inLanguage":"es","potentialAction":[{"@type":"ReadAction","target":["https:\/\/www.quebakan.com\/v15\/radioshack-en-el-ces-2025-una-nueva-era-para-el-icono-estadounidense\/"]}]},{"@type":"ImageObject","inLanguage":"es","@id":"https:\/\/www.quebakan.com\/v15\/radioshack-en-el-ces-2025-una-nueva-era-para-el-icono-estadounidense\/#primaryimage","url":"https:\/\/www.quebakan.com\/v15\/wp-content\/uploads\/2025\/01\/250113_CES_Foto1.jpg","contentUrl":"https:\/\/www.quebakan.com\/v15\/wp-content\/uploads\/2025\/01\/250113_CES_Foto1.jpg","width":700,"height":466},{"@type":"BreadcrumbList","@id":"https:\/\/www.quebakan.com\/v15\/radioshack-en-el-ces-2025-una-nueva-era-para-el-icono-estadounidense\/#breadcrumb","itemListElement":[{"@type":"ListItem","position":1,"name":"Portada","item":"https:\/\/www.quebakan.com\/v15\/"},{"@type":"ListItem","position":2,"name":"RadioShack en el CES 2025: Una nueva era para el \u00edcono estadounidense"}]},{"@type":"WebSite","@id":"https:\/\/www.quebakan.com\/v15\/#website","url":"https:\/\/www.quebakan.com\/v15\/","name":"QUEBAKAN","description":"..","publisher":{"@id":"https:\/\/www.quebakan.com\/v15\/#organization"},"potentialAction":[{"@type":"SearchAction","target":{"@type":"EntryPoint","urlTemplate":"https:\/\/www.quebakan.com\/v15\/?s={search_term_string}"},"query-input":{"@type":"PropertyValueSpecification","valueRequired":true,"valueName":"search_term_string"}}],"inLanguage":"es"},{"@type":"Organization","@id":"https:\/\/www.quebakan.com\/v15\/#organization","name":"Quebakan.com","url":"https:\/\/www.quebakan.com\/v15\/","logo":{"@type":"ImageObject","inLanguage":"es","@id":"https:\/\/www.quebakan.com\/v15\/#\/schema\/logo\/image\/","url":"https:\/\/www.quebakan.com\/v15\/wp-content\/uploads\/2023\/07\/logoquebakanenero2021.jpg","contentUrl":"https:\/\/www.quebakan.com\/v15\/wp-content\/uploads\/2023\/07\/logoquebakanenero2021.jpg","width":1920,"height":1080,"caption":"Quebakan.com"},"image":{"@id":"https:\/\/www.quebakan.com\/v15\/#\/schema\/logo\/image\/"},"sameAs":["http:\/\/www.facebook.com\/quebakan","https:\/\/x.com\/quebakanec","http:\/\/www.instagram.com\/quebakan","http:\/\/www.youtube.com\/quebakan1"]},{"@type":"Person","@id":"https:\/\/www.quebakan.com\/v15\/#\/schema\/person\/d90fa9f9cfa81eb8ace9811e5b7b9118","name":"Erick Villafuerte","image":{"@type":"ImageObject","inLanguage":"es","@id":"https:\/\/www.quebakan.com\/v15\/wp-content\/uploads\/avatars\/4\/1731297654-bpfull.png","url":"https:\/\/www.quebakan.com\/v15\/wp-content\/uploads\/avatars\/4\/1731297654-bpfull.png","contentUrl":"https:\/\/www.quebakan.com\/v15\/wp-content\/uploads\/avatars\/4\/1731297654-bpfull.png","caption":"Erick Villafuerte"}}]}},"_links":{"self":[{"href":"https:\/\/www.quebakan.com\/v15\/wp-json\/wp\/v2\/posts\/127846","targetHints":{"allow":["GET"]}}],"collection":[{"href":"https:\/\/www.quebakan.com\/v15\/wp-json\/wp\/v2\/posts"}],"about":[{"href":"https:\/\/www.quebakan.com\/v15\/wp-json\/wp\/v2\/types\/post"}],"author":[{"embeddable":true,"href":"https:\/\/www.quebakan.com\/v15\/wp-json\/wp\/v2\/users\/4"}],"replies":[{"embeddable":true,"href":"https:\/\/www.quebakan.com\/v15\/wp-json\/wp\/v2\/comments?post=127846"}],"version-history":[{"count":1,"href":"https:\/\/www.quebakan.com\/v15\/wp-json\/wp\/v2\/posts\/127846\/revisions"}],"predecessor-version":[{"id":127850,"href":"https:\/\/www.quebakan.com\/v15\/wp-json\/wp\/v2\/posts\/127846\/revisions\/127850"}],"wp:featuredmedia":[{"embeddable":true,"href":"https:\/\/www.quebakan.com\/v15\/wp-json\/wp\/v2\/media\/127847"}],"wp:attachment":[{"href":"https:\/\/www.quebakan.com\/v15\/wp-json\/wp\/v2\/media?parent=127846"}],"wp:term":[{"taxonomy":"category","embeddable":true,"href":"https:\/\/www.quebakan.com\/v15\/wp-json\/wp\/v2\/categories?post=127846"},{"taxonomy":"post_tag","embeddable":true,"href":"https:\/\/www.quebakan.com\/v15\/wp-json\/wp\/v2\/tags?post=127846"}],"curies":[{"name":"wp","href":"https:\/\/api.w.org\/{rel}","templated":true}]}}