{"id":127855,"date":"2025-01-18T23:40:41","date_gmt":"2025-01-19T04:40:41","guid":{"rendered":"https:\/\/www.quebakan.com\/v15\/?p=127855"},"modified":"2025-01-18T23:40:41","modified_gmt":"2025-01-19T04:40:41","slug":"familia-addams-y-encanto-son-las-obras-adaptadas-con-las-que-la-escuela-de-artes-escenicas-jana-cierra-su-temporada-en-el-teatro-sanchez-aguilar","status":"publish","type":"post","link":"https:\/\/www.quebakan.com\/v15\/familia-addams-y-encanto-son-las-obras-adaptadas-con-las-que-la-escuela-de-artes-escenicas-jana-cierra-su-temporada-en-el-teatro-sanchez-aguilar\/","title":{"rendered":"\u201cFAMILIA ADDAMS\u201d Y \u201cENCANTO\u201d SON LAS OBRAS ADAPTADAS CON LAS QUE LA ESCUELA DE ARTES ESC\u00c9NICAS JANA CIERRA SU TEMPORADA EN EL TEATRO S\u00c1NCHEZ AGUILAR"},"content":{"rendered":"<p><img fetchpriority=\"high\" decoding=\"async\" class=\"aligncenter size-full wp-image-127856\" src=\"https:\/\/www.quebakan.com\/v15\/wp-content\/uploads\/2025\/01\/FAMILIA-ADDAMS.jpg\" alt=\"\" width=\"700\" height=\"467\" \/><\/p>\n<p style=\"text-align: justify;\"><span style=\"color: #000000;\">La Escuela Internacional de Artes Esc\u00e9nicas JANA, dedicada a la formaci\u00f3n art\u00edstica especializada en teatro musical, presentar\u00e1 las muestras finales de su tercer a\u00f1o lectivo. JANA Junior realizar\u00e1 una adaptaci\u00f3n de <strong>\u201cEncanto\u201d<\/strong> el <strong>25 de enero<\/strong> a las <strong>16:00<\/strong> y <strong>19:00 <\/strong>y JANA Musicales de la<strong> \u201cFamilia Addams\u201d<\/strong> el <strong>30 de enero<\/strong> a las <strong>19:00 <\/strong>en el Teatro S\u00e1nchez Aguilar. Sus cursos vacacionales arrancar\u00e1n en marzo de este a\u00f1o.<\/span><\/p>\n<p style=\"text-align: justify;\"><span style=\"color: #000000;\"><strong><u>JANA JUNIOR PRESENTA \u201cENCANTO\u201d <\/u><\/strong><\/span><\/p>\n<p style=\"text-align: justify;\"><span style=\"color: #000000;\">Los alumnos de JANA Junior, que tienen entre 6 y 15 a\u00f1os, presentar\u00e1n una adaptaci\u00f3n musical de \u201cEncanto\u201d, la historia de una familia llena de dones m\u00e1gicos que enfrenta una crisis que podr\u00eda poner en peligro la magia para siempre. En esta emocionante obra, la \u00fanica integrante de la familia sin un don especial demostrar\u00e1 que el amor y la uni\u00f3n son las verdaderas fuentes de fortaleza. Las funciones ser\u00e1n el <strong>s\u00e1bado 25 de enero<\/strong> a las <strong>16:00<\/strong> y <strong>19:00 <\/strong>en la Sala Principal del Teatro y las entradas tendr\u00e1n un costo de $20.<\/span><\/p>\n<p style=\"text-align: justify;\"><span style=\"color: #000000;\"><strong><u>JANA MUSICALES PRESENTA\u00a0 \u201cFAMILIA ADDAMS\u201d<\/u><\/strong><\/span><\/p>\n<p style=\"text-align: justify;\"><span style=\"color: #000000;\">Los estudiantes de JANA Musicales, que tienen entre 16 y 24 a\u00f1os, interpretar\u00e1n su versi\u00f3n de la ic\u00f3nica comedia musical \u201cFamilia Addams\u201d. En esta historia, una peculiar familia enfrenta su mayor desaf\u00edo: el amor. Un divertido espect\u00e1culo que\u00a0 celebra el amor, la aceptaci\u00f3n y la importancia de ser fieles a quienes somos. La presentaci\u00f3n ser\u00e1 el <strong>jueves 30 de enero <\/strong>a las <strong>19:00<\/strong> en la Tercera Sala del Teatro y los tickets costar\u00e1n $20.<\/span><\/p>\n<p style=\"text-align: justify;\"><span style=\"color: #000000;\">Las entradas de las obras se pueden comprar en la App del Teatro S\u00e1nchez Aguilar, en la p\u00e1gina web (<a style=\"color: #000000;\" href=\"http:\/\/www.teatrosanchezaguilar.org\">www.teatrosanchezaguilar.org<\/a>) o en la boleter\u00eda del teatro.<\/span><\/p>\n<p style=\"text-align: justify;\"><span style=\"color: #000000;\"><strong><u>CURSOS VACACIONALES ARRANCAR\u00c1N EN MARZO<\/u><\/strong><\/span><\/p>\n<p style=\"text-align: justify;\"><span style=\"color: #000000;\">En marzo, JANA dar\u00e1 inicio a su curso vacacional, y summer camp de 4 semanas. Una oportunidad \u00fanica para que ni\u00f1os y j\u00f3venes desarrollen sus talentos en interpretaci\u00f3n, canto y baile con profesionales capacitados en los distintos temas.<\/span><\/p>\n<p style=\"text-align: justify;\"><span style=\"color: #000000;\">Para obtener m\u00e1s informaci\u00f3n de las clases y c\u00f3mo inscribirse, se pueden acercar a su Edificio de Artes Escenicas ubicado en Samborondon junto al Teatro S\u00e1nchez Aguilar o ingresar a la p\u00e1gina web de JANA a la secci\u00f3n cursos vacacionales (<a style=\"color: #000000;\" href=\"https:\/\/ecuador.escuelajana.com\/cursos-vacacionales\/\">https:\/\/ecuador.escuelajana.com\/cursos-vacacionales\/<\/a>).<\/span><\/p>\n<p><img decoding=\"async\" class=\"aligncenter size-full wp-image-127857\" src=\"https:\/\/www.quebakan.com\/v15\/wp-content\/uploads\/2025\/01\/ENCANTO.jpg\" alt=\"\" width=\"700\" height=\"467\" \/><\/p>\n","protected":false},"excerpt":{"rendered":"<p>La Escuela Internacional de Artes Esc\u00e9nicas JANA, dedicada a la formaci\u00f3n art\u00edstica especializada en teatro musical, presentar\u00e1 las muestras finales de su tercer a\u00f1o lectivo. JANA Junior realizar\u00e1 una adaptaci\u00f3n de \u201cEncanto\u201d el 25 de enero a las 16:00 y 19:00 y JANA Musicales de la \u201cFamilia Addams\u201d el 30 de enero a las 19:00 [&hellip;]<\/p>\n","protected":false},"author":4,"featured_media":127856,"comment_status":"open","ping_status":"open","sticky":false,"template":"","format":"standard","meta":{"_bbp_topic_count":0,"_bbp_reply_count":0,"_bbp_total_topic_count":0,"_bbp_total_reply_count":0,"_bbp_voice_count":0,"_bbp_anonymous_reply_count":0,"_bbp_topic_count_hidden":0,"_bbp_reply_count_hidden":0,"_bbp_forum_subforum_count":0,"buzzeditor_post_format":"","footnotes":""},"categories":[2],"tags":[],"class_list":["post-127855","post","type-post","status-publish","format-standard","has-post-thumbnail","hentry","category-noticias"],"yoast_head":"<!-- This site is optimized with the Yoast SEO plugin v27.4 - https:\/\/yoast.com\/product\/yoast-seo-wordpress\/ -->\n<title>\u201cFAMILIA ADDAMS\u201d Y \u201cENCANTO\u201d SON LAS OBRAS ADAPTADAS CON LAS QUE LA ESCUELA DE ARTES ESC\u00c9NICAS JANA CIERRA SU TEMPORADA EN EL TEATRO S\u00c1NCHEZ AGUILAR &#8211; QUEBAKAN.COM 2026: Noticias, Eventos, Conciertos y mucho m\u00e1s....<\/title>\n<meta name=\"robots\" content=\"index, follow, max-snippet:-1, max-image-preview:large, max-video-preview:-1\" \/>\n<link rel=\"canonical\" href=\"https:\/\/www.quebakan.com\/v15\/familia-addams-y-encanto-son-las-obras-adaptadas-con-las-que-la-escuela-de-artes-escenicas-jana-cierra-su-temporada-en-el-teatro-sanchez-aguilar\/\" \/>\n<meta property=\"og:locale\" content=\"es_ES\" \/>\n<meta property=\"og:type\" content=\"article\" \/>\n<meta property=\"og:title\" content=\"\u201cFAMILIA ADDAMS\u201d Y \u201cENCANTO\u201d SON LAS OBRAS ADAPTADAS CON LAS QUE LA ESCUELA DE ARTES ESC\u00c9NICAS JANA CIERRA SU TEMPORADA EN EL TEATRO S\u00c1NCHEZ AGUILAR &#8211; QUEBAKAN.COM 2026: Noticias, Eventos, Conciertos y mucho m\u00e1s....\" \/>\n<meta property=\"og:description\" content=\"La Escuela Internacional de Artes Esc\u00e9nicas JANA, dedicada a la formaci\u00f3n art\u00edstica especializada en teatro musical, presentar\u00e1 las muestras finales de su tercer a\u00f1o lectivo. JANA Junior realizar\u00e1 una adaptaci\u00f3n de \u201cEncanto\u201d el 25 de enero a las 16:00 y 19:00 y JANA Musicales de la \u201cFamilia Addams\u201d el 30 de enero a las 19:00 [&hellip;]\" \/>\n<meta property=\"og:url\" content=\"https:\/\/www.quebakan.com\/v15\/familia-addams-y-encanto-son-las-obras-adaptadas-con-las-que-la-escuela-de-artes-escenicas-jana-cierra-su-temporada-en-el-teatro-sanchez-aguilar\/\" \/>\n<meta property=\"og:site_name\" content=\"QUEBAKAN.COM 2026: Noticias, Eventos, Conciertos y mucho m\u00e1s....\" \/>\n<meta property=\"article:publisher\" content=\"http:\/\/www.facebook.com\/quebakan\" \/>\n<meta property=\"article:published_time\" content=\"2025-01-19T04:40:41+00:00\" \/>\n<meta property=\"og:image\" content=\"https:\/\/www.quebakan.com\/v15\/wp-content\/uploads\/2025\/01\/FAMILIA-ADDAMS.jpg\" \/>\n\t<meta property=\"og:image:width\" content=\"700\" \/>\n\t<meta property=\"og:image:height\" content=\"467\" \/>\n\t<meta property=\"og:image:type\" content=\"image\/jpeg\" \/>\n<meta name=\"author\" content=\"Erick Villafuerte\" \/>\n<meta name=\"twitter:card\" content=\"summary_large_image\" \/>\n<meta name=\"twitter:creator\" content=\"@quebakanec\" \/>\n<meta name=\"twitter:site\" content=\"@quebakanec\" \/>\n<meta name=\"twitter:label1\" content=\"Escrito por\" \/>\n\t<meta name=\"twitter:data1\" content=\"Erick Villafuerte\" \/>\n\t<meta name=\"twitter:label2\" content=\"Tiempo de lectura\" \/>\n\t<meta name=\"twitter:data2\" content=\"3 minutos\" \/>\n<script type=\"application\/ld+json\" class=\"yoast-schema-graph\">{\"@context\":\"https:\\\/\\\/schema.org\",\"@graph\":[{\"@type\":\"Article\",\"@id\":\"https:\\\/\\\/www.quebakan.com\\\/v15\\\/familia-addams-y-encanto-son-las-obras-adaptadas-con-las-que-la-escuela-de-artes-escenicas-jana-cierra-su-temporada-en-el-teatro-sanchez-aguilar\\\/#article\",\"isPartOf\":{\"@id\":\"https:\\\/\\\/www.quebakan.com\\\/v15\\\/familia-addams-y-encanto-son-las-obras-adaptadas-con-las-que-la-escuela-de-artes-escenicas-jana-cierra-su-temporada-en-el-teatro-sanchez-aguilar\\\/\"},\"author\":{\"name\":\"Erick Villafuerte\",\"@id\":\"https:\\\/\\\/www.quebakan.com\\\/v15\\\/#\\\/schema\\\/person\\\/d90fa9f9cfa81eb8ace9811e5b7b9118\"},\"headline\":\"\u201cFAMILIA ADDAMS\u201d Y \u201cENCANTO\u201d SON LAS OBRAS ADAPTADAS CON LAS QUE LA ESCUELA DE ARTES ESC\u00c9NICAS JANA CIERRA SU TEMPORADA EN EL TEATRO S\u00c1NCHEZ AGUILAR\",\"datePublished\":\"2025-01-19T04:40:41+00:00\",\"mainEntityOfPage\":{\"@id\":\"https:\\\/\\\/www.quebakan.com\\\/v15\\\/familia-addams-y-encanto-son-las-obras-adaptadas-con-las-que-la-escuela-de-artes-escenicas-jana-cierra-su-temporada-en-el-teatro-sanchez-aguilar\\\/\"},\"wordCount\":411,\"commentCount\":0,\"publisher\":{\"@id\":\"https:\\\/\\\/www.quebakan.com\\\/v15\\\/#organization\"},\"image\":{\"@id\":\"https:\\\/\\\/www.quebakan.com\\\/v15\\\/familia-addams-y-encanto-son-las-obras-adaptadas-con-las-que-la-escuela-de-artes-escenicas-jana-cierra-su-temporada-en-el-teatro-sanchez-aguilar\\\/#primaryimage\"},\"thumbnailUrl\":\"https:\\\/\\\/www.quebakan.com\\\/v15\\\/wp-content\\\/uploads\\\/2025\\\/01\\\/FAMILIA-ADDAMS.jpg\",\"articleSection\":[\"Noticias\"],\"inLanguage\":\"es\"},{\"@type\":\"WebPage\",\"@id\":\"https:\\\/\\\/www.quebakan.com\\\/v15\\\/familia-addams-y-encanto-son-las-obras-adaptadas-con-las-que-la-escuela-de-artes-escenicas-jana-cierra-su-temporada-en-el-teatro-sanchez-aguilar\\\/\",\"url\":\"https:\\\/\\\/www.quebakan.com\\\/v15\\\/familia-addams-y-encanto-son-las-obras-adaptadas-con-las-que-la-escuela-de-artes-escenicas-jana-cierra-su-temporada-en-el-teatro-sanchez-aguilar\\\/\",\"name\":\"\u201cFAMILIA ADDAMS\u201d Y \u201cENCANTO\u201d SON LAS OBRAS ADAPTADAS CON LAS QUE LA ESCUELA DE ARTES ESC\u00c9NICAS JANA CIERRA SU TEMPORADA EN EL TEATRO S\u00c1NCHEZ AGUILAR &#8211; QUEBAKAN.COM 2026: Noticias, Eventos, Conciertos y mucho m\u00e1s....\",\"isPartOf\":{\"@id\":\"https:\\\/\\\/www.quebakan.com\\\/v15\\\/#website\"},\"primaryImageOfPage\":{\"@id\":\"https:\\\/\\\/www.quebakan.com\\\/v15\\\/familia-addams-y-encanto-son-las-obras-adaptadas-con-las-que-la-escuela-de-artes-escenicas-jana-cierra-su-temporada-en-el-teatro-sanchez-aguilar\\\/#primaryimage\"},\"image\":{\"@id\":\"https:\\\/\\\/www.quebakan.com\\\/v15\\\/familia-addams-y-encanto-son-las-obras-adaptadas-con-las-que-la-escuela-de-artes-escenicas-jana-cierra-su-temporada-en-el-teatro-sanchez-aguilar\\\/#primaryimage\"},\"thumbnailUrl\":\"https:\\\/\\\/www.quebakan.com\\\/v15\\\/wp-content\\\/uploads\\\/2025\\\/01\\\/FAMILIA-ADDAMS.jpg\",\"datePublished\":\"2025-01-19T04:40:41+00:00\",\"breadcrumb\":{\"@id\":\"https:\\\/\\\/www.quebakan.com\\\/v15\\\/familia-addams-y-encanto-son-las-obras-adaptadas-con-las-que-la-escuela-de-artes-escenicas-jana-cierra-su-temporada-en-el-teatro-sanchez-aguilar\\\/#breadcrumb\"},\"inLanguage\":\"es\",\"potentialAction\":[{\"@type\":\"ReadAction\",\"target\":[\"https:\\\/\\\/www.quebakan.com\\\/v15\\\/familia-addams-y-encanto-son-las-obras-adaptadas-con-las-que-la-escuela-de-artes-escenicas-jana-cierra-su-temporada-en-el-teatro-sanchez-aguilar\\\/\"]}]},{\"@type\":\"ImageObject\",\"inLanguage\":\"es\",\"@id\":\"https:\\\/\\\/www.quebakan.com\\\/v15\\\/familia-addams-y-encanto-son-las-obras-adaptadas-con-las-que-la-escuela-de-artes-escenicas-jana-cierra-su-temporada-en-el-teatro-sanchez-aguilar\\\/#primaryimage\",\"url\":\"https:\\\/\\\/www.quebakan.com\\\/v15\\\/wp-content\\\/uploads\\\/2025\\\/01\\\/FAMILIA-ADDAMS.jpg\",\"contentUrl\":\"https:\\\/\\\/www.quebakan.com\\\/v15\\\/wp-content\\\/uploads\\\/2025\\\/01\\\/FAMILIA-ADDAMS.jpg\",\"width\":700,\"height\":467},{\"@type\":\"BreadcrumbList\",\"@id\":\"https:\\\/\\\/www.quebakan.com\\\/v15\\\/familia-addams-y-encanto-son-las-obras-adaptadas-con-las-que-la-escuela-de-artes-escenicas-jana-cierra-su-temporada-en-el-teatro-sanchez-aguilar\\\/#breadcrumb\",\"itemListElement\":[{\"@type\":\"ListItem\",\"position\":1,\"name\":\"Portada\",\"item\":\"https:\\\/\\\/www.quebakan.com\\\/v15\\\/\"},{\"@type\":\"ListItem\",\"position\":2,\"name\":\"\u201cFAMILIA ADDAMS\u201d Y \u201cENCANTO\u201d SON LAS OBRAS ADAPTADAS CON LAS QUE LA ESCUELA DE ARTES ESC\u00c9NICAS JANA CIERRA SU TEMPORADA EN EL TEATRO S\u00c1NCHEZ AGUILAR\"}]},{\"@type\":\"WebSite\",\"@id\":\"https:\\\/\\\/www.quebakan.com\\\/v15\\\/#website\",\"url\":\"https:\\\/\\\/www.quebakan.com\\\/v15\\\/\",\"name\":\"QUEBAKAN\",\"description\":\"..\",\"publisher\":{\"@id\":\"https:\\\/\\\/www.quebakan.com\\\/v15\\\/#organization\"},\"potentialAction\":[{\"@type\":\"SearchAction\",\"target\":{\"@type\":\"EntryPoint\",\"urlTemplate\":\"https:\\\/\\\/www.quebakan.com\\\/v15\\\/?s={search_term_string}\"},\"query-input\":{\"@type\":\"PropertyValueSpecification\",\"valueRequired\":true,\"valueName\":\"search_term_string\"}}],\"inLanguage\":\"es\"},{\"@type\":\"Organization\",\"@id\":\"https:\\\/\\\/www.quebakan.com\\\/v15\\\/#organization\",\"name\":\"Quebakan.com\",\"url\":\"https:\\\/\\\/www.quebakan.com\\\/v15\\\/\",\"logo\":{\"@type\":\"ImageObject\",\"inLanguage\":\"es\",\"@id\":\"https:\\\/\\\/www.quebakan.com\\\/v15\\\/#\\\/schema\\\/logo\\\/image\\\/\",\"url\":\"https:\\\/\\\/www.quebakan.com\\\/v15\\\/wp-content\\\/uploads\\\/2023\\\/07\\\/logoquebakanenero2021.jpg\",\"contentUrl\":\"https:\\\/\\\/www.quebakan.com\\\/v15\\\/wp-content\\\/uploads\\\/2023\\\/07\\\/logoquebakanenero2021.jpg\",\"width\":1920,\"height\":1080,\"caption\":\"Quebakan.com\"},\"image\":{\"@id\":\"https:\\\/\\\/www.quebakan.com\\\/v15\\\/#\\\/schema\\\/logo\\\/image\\\/\"},\"sameAs\":[\"http:\\\/\\\/www.facebook.com\\\/quebakan\",\"https:\\\/\\\/x.com\\\/quebakanec\",\"http:\\\/\\\/www.instagram.com\\\/quebakan\",\"http:\\\/\\\/www.youtube.com\\\/quebakan1\"]},{\"@type\":\"Person\",\"@id\":\"https:\\\/\\\/www.quebakan.com\\\/v15\\\/#\\\/schema\\\/person\\\/d90fa9f9cfa81eb8ace9811e5b7b9118\",\"name\":\"Erick Villafuerte\",\"image\":{\"@type\":\"ImageObject\",\"inLanguage\":\"es\",\"@id\":\"https:\\\/\\\/www.quebakan.com\\\/v15\\\/wp-content\\\/uploads\\\/avatars\\\/4\\\/1731297654-bpfull.png\",\"url\":\"https:\\\/\\\/www.quebakan.com\\\/v15\\\/wp-content\\\/uploads\\\/avatars\\\/4\\\/1731297654-bpfull.png\",\"contentUrl\":\"https:\\\/\\\/www.quebakan.com\\\/v15\\\/wp-content\\\/uploads\\\/avatars\\\/4\\\/1731297654-bpfull.png\",\"caption\":\"Erick Villafuerte\"}}]}<\/script>\n<!-- \/ Yoast SEO plugin. -->","yoast_head_json":{"title":"\u201cFAMILIA ADDAMS\u201d Y \u201cENCANTO\u201d SON LAS OBRAS ADAPTADAS CON LAS QUE LA ESCUELA DE ARTES ESC\u00c9NICAS JANA CIERRA SU TEMPORADA EN EL TEATRO S\u00c1NCHEZ AGUILAR &#8211; QUEBAKAN.COM 2026: Noticias, Eventos, Conciertos y mucho m\u00e1s....","robots":{"index":"index","follow":"follow","max-snippet":"max-snippet:-1","max-image-preview":"max-image-preview:large","max-video-preview":"max-video-preview:-1"},"canonical":"https:\/\/www.quebakan.com\/v15\/familia-addams-y-encanto-son-las-obras-adaptadas-con-las-que-la-escuela-de-artes-escenicas-jana-cierra-su-temporada-en-el-teatro-sanchez-aguilar\/","og_locale":"es_ES","og_type":"article","og_title":"\u201cFAMILIA ADDAMS\u201d Y \u201cENCANTO\u201d SON LAS OBRAS ADAPTADAS CON LAS QUE LA ESCUELA DE ARTES ESC\u00c9NICAS JANA CIERRA SU TEMPORADA EN EL TEATRO S\u00c1NCHEZ AGUILAR &#8211; QUEBAKAN.COM 2026: Noticias, Eventos, Conciertos y mucho m\u00e1s....","og_description":"La Escuela Internacional de Artes Esc\u00e9nicas JANA, dedicada a la formaci\u00f3n art\u00edstica especializada en teatro musical, presentar\u00e1 las muestras finales de su tercer a\u00f1o lectivo. JANA Junior realizar\u00e1 una adaptaci\u00f3n de \u201cEncanto\u201d el 25 de enero a las 16:00 y 19:00 y JANA Musicales de la \u201cFamilia Addams\u201d el 30 de enero a las 19:00 [&hellip;]","og_url":"https:\/\/www.quebakan.com\/v15\/familia-addams-y-encanto-son-las-obras-adaptadas-con-las-que-la-escuela-de-artes-escenicas-jana-cierra-su-temporada-en-el-teatro-sanchez-aguilar\/","og_site_name":"QUEBAKAN.COM 2026: Noticias, Eventos, Conciertos y mucho m\u00e1s....","article_publisher":"http:\/\/www.facebook.com\/quebakan","article_published_time":"2025-01-19T04:40:41+00:00","og_image":[{"width":700,"height":467,"url":"https:\/\/www.quebakan.com\/v15\/wp-content\/uploads\/2025\/01\/FAMILIA-ADDAMS.jpg","type":"image\/jpeg"}],"author":"Erick Villafuerte","twitter_card":"summary_large_image","twitter_creator":"@quebakanec","twitter_site":"@quebakanec","twitter_misc":{"Escrito por":"Erick Villafuerte","Tiempo de lectura":"3 minutos"},"schema":{"@context":"https:\/\/schema.org","@graph":[{"@type":"Article","@id":"https:\/\/www.quebakan.com\/v15\/familia-addams-y-encanto-son-las-obras-adaptadas-con-las-que-la-escuela-de-artes-escenicas-jana-cierra-su-temporada-en-el-teatro-sanchez-aguilar\/#article","isPartOf":{"@id":"https:\/\/www.quebakan.com\/v15\/familia-addams-y-encanto-son-las-obras-adaptadas-con-las-que-la-escuela-de-artes-escenicas-jana-cierra-su-temporada-en-el-teatro-sanchez-aguilar\/"},"author":{"name":"Erick Villafuerte","@id":"https:\/\/www.quebakan.com\/v15\/#\/schema\/person\/d90fa9f9cfa81eb8ace9811e5b7b9118"},"headline":"\u201cFAMILIA ADDAMS\u201d Y \u201cENCANTO\u201d SON LAS OBRAS ADAPTADAS CON LAS QUE LA ESCUELA DE ARTES ESC\u00c9NICAS JANA CIERRA SU TEMPORADA EN EL TEATRO S\u00c1NCHEZ AGUILAR","datePublished":"2025-01-19T04:40:41+00:00","mainEntityOfPage":{"@id":"https:\/\/www.quebakan.com\/v15\/familia-addams-y-encanto-son-las-obras-adaptadas-con-las-que-la-escuela-de-artes-escenicas-jana-cierra-su-temporada-en-el-teatro-sanchez-aguilar\/"},"wordCount":411,"commentCount":0,"publisher":{"@id":"https:\/\/www.quebakan.com\/v15\/#organization"},"image":{"@id":"https:\/\/www.quebakan.com\/v15\/familia-addams-y-encanto-son-las-obras-adaptadas-con-las-que-la-escuela-de-artes-escenicas-jana-cierra-su-temporada-en-el-teatro-sanchez-aguilar\/#primaryimage"},"thumbnailUrl":"https:\/\/www.quebakan.com\/v15\/wp-content\/uploads\/2025\/01\/FAMILIA-ADDAMS.jpg","articleSection":["Noticias"],"inLanguage":"es"},{"@type":"WebPage","@id":"https:\/\/www.quebakan.com\/v15\/familia-addams-y-encanto-son-las-obras-adaptadas-con-las-que-la-escuela-de-artes-escenicas-jana-cierra-su-temporada-en-el-teatro-sanchez-aguilar\/","url":"https:\/\/www.quebakan.com\/v15\/familia-addams-y-encanto-son-las-obras-adaptadas-con-las-que-la-escuela-de-artes-escenicas-jana-cierra-su-temporada-en-el-teatro-sanchez-aguilar\/","name":"\u201cFAMILIA ADDAMS\u201d Y \u201cENCANTO\u201d SON LAS OBRAS ADAPTADAS CON LAS QUE LA ESCUELA DE ARTES ESC\u00c9NICAS JANA CIERRA SU TEMPORADA EN EL TEATRO S\u00c1NCHEZ AGUILAR &#8211; QUEBAKAN.COM 2026: Noticias, Eventos, Conciertos y mucho m\u00e1s....","isPartOf":{"@id":"https:\/\/www.quebakan.com\/v15\/#website"},"primaryImageOfPage":{"@id":"https:\/\/www.quebakan.com\/v15\/familia-addams-y-encanto-son-las-obras-adaptadas-con-las-que-la-escuela-de-artes-escenicas-jana-cierra-su-temporada-en-el-teatro-sanchez-aguilar\/#primaryimage"},"image":{"@id":"https:\/\/www.quebakan.com\/v15\/familia-addams-y-encanto-son-las-obras-adaptadas-con-las-que-la-escuela-de-artes-escenicas-jana-cierra-su-temporada-en-el-teatro-sanchez-aguilar\/#primaryimage"},"thumbnailUrl":"https:\/\/www.quebakan.com\/v15\/wp-content\/uploads\/2025\/01\/FAMILIA-ADDAMS.jpg","datePublished":"2025-01-19T04:40:41+00:00","breadcrumb":{"@id":"https:\/\/www.quebakan.com\/v15\/familia-addams-y-encanto-son-las-obras-adaptadas-con-las-que-la-escuela-de-artes-escenicas-jana-cierra-su-temporada-en-el-teatro-sanchez-aguilar\/#breadcrumb"},"inLanguage":"es","potentialAction":[{"@type":"ReadAction","target":["https:\/\/www.quebakan.com\/v15\/familia-addams-y-encanto-son-las-obras-adaptadas-con-las-que-la-escuela-de-artes-escenicas-jana-cierra-su-temporada-en-el-teatro-sanchez-aguilar\/"]}]},{"@type":"ImageObject","inLanguage":"es","@id":"https:\/\/www.quebakan.com\/v15\/familia-addams-y-encanto-son-las-obras-adaptadas-con-las-que-la-escuela-de-artes-escenicas-jana-cierra-su-temporada-en-el-teatro-sanchez-aguilar\/#primaryimage","url":"https:\/\/www.quebakan.com\/v15\/wp-content\/uploads\/2025\/01\/FAMILIA-ADDAMS.jpg","contentUrl":"https:\/\/www.quebakan.com\/v15\/wp-content\/uploads\/2025\/01\/FAMILIA-ADDAMS.jpg","width":700,"height":467},{"@type":"BreadcrumbList","@id":"https:\/\/www.quebakan.com\/v15\/familia-addams-y-encanto-son-las-obras-adaptadas-con-las-que-la-escuela-de-artes-escenicas-jana-cierra-su-temporada-en-el-teatro-sanchez-aguilar\/#breadcrumb","itemListElement":[{"@type":"ListItem","position":1,"name":"Portada","item":"https:\/\/www.quebakan.com\/v15\/"},{"@type":"ListItem","position":2,"name":"\u201cFAMILIA ADDAMS\u201d Y \u201cENCANTO\u201d SON LAS OBRAS ADAPTADAS CON LAS QUE LA ESCUELA DE ARTES ESC\u00c9NICAS JANA CIERRA SU TEMPORADA EN EL TEATRO S\u00c1NCHEZ AGUILAR"}]},{"@type":"WebSite","@id":"https:\/\/www.quebakan.com\/v15\/#website","url":"https:\/\/www.quebakan.com\/v15\/","name":"QUEBAKAN","description":"..","publisher":{"@id":"https:\/\/www.quebakan.com\/v15\/#organization"},"potentialAction":[{"@type":"SearchAction","target":{"@type":"EntryPoint","urlTemplate":"https:\/\/www.quebakan.com\/v15\/?s={search_term_string}"},"query-input":{"@type":"PropertyValueSpecification","valueRequired":true,"valueName":"search_term_string"}}],"inLanguage":"es"},{"@type":"Organization","@id":"https:\/\/www.quebakan.com\/v15\/#organization","name":"Quebakan.com","url":"https:\/\/www.quebakan.com\/v15\/","logo":{"@type":"ImageObject","inLanguage":"es","@id":"https:\/\/www.quebakan.com\/v15\/#\/schema\/logo\/image\/","url":"https:\/\/www.quebakan.com\/v15\/wp-content\/uploads\/2023\/07\/logoquebakanenero2021.jpg","contentUrl":"https:\/\/www.quebakan.com\/v15\/wp-content\/uploads\/2023\/07\/logoquebakanenero2021.jpg","width":1920,"height":1080,"caption":"Quebakan.com"},"image":{"@id":"https:\/\/www.quebakan.com\/v15\/#\/schema\/logo\/image\/"},"sameAs":["http:\/\/www.facebook.com\/quebakan","https:\/\/x.com\/quebakanec","http:\/\/www.instagram.com\/quebakan","http:\/\/www.youtube.com\/quebakan1"]},{"@type":"Person","@id":"https:\/\/www.quebakan.com\/v15\/#\/schema\/person\/d90fa9f9cfa81eb8ace9811e5b7b9118","name":"Erick Villafuerte","image":{"@type":"ImageObject","inLanguage":"es","@id":"https:\/\/www.quebakan.com\/v15\/wp-content\/uploads\/avatars\/4\/1731297654-bpfull.png","url":"https:\/\/www.quebakan.com\/v15\/wp-content\/uploads\/avatars\/4\/1731297654-bpfull.png","contentUrl":"https:\/\/www.quebakan.com\/v15\/wp-content\/uploads\/avatars\/4\/1731297654-bpfull.png","caption":"Erick Villafuerte"}}]}},"_links":{"self":[{"href":"https:\/\/www.quebakan.com\/v15\/wp-json\/wp\/v2\/posts\/127855","targetHints":{"allow":["GET"]}}],"collection":[{"href":"https:\/\/www.quebakan.com\/v15\/wp-json\/wp\/v2\/posts"}],"about":[{"href":"https:\/\/www.quebakan.com\/v15\/wp-json\/wp\/v2\/types\/post"}],"author":[{"embeddable":true,"href":"https:\/\/www.quebakan.com\/v15\/wp-json\/wp\/v2\/users\/4"}],"replies":[{"embeddable":true,"href":"https:\/\/www.quebakan.com\/v15\/wp-json\/wp\/v2\/comments?post=127855"}],"version-history":[{"count":1,"href":"https:\/\/www.quebakan.com\/v15\/wp-json\/wp\/v2\/posts\/127855\/revisions"}],"predecessor-version":[{"id":127858,"href":"https:\/\/www.quebakan.com\/v15\/wp-json\/wp\/v2\/posts\/127855\/revisions\/127858"}],"wp:featuredmedia":[{"embeddable":true,"href":"https:\/\/www.quebakan.com\/v15\/wp-json\/wp\/v2\/media\/127856"}],"wp:attachment":[{"href":"https:\/\/www.quebakan.com\/v15\/wp-json\/wp\/v2\/media?parent=127855"}],"wp:term":[{"taxonomy":"category","embeddable":true,"href":"https:\/\/www.quebakan.com\/v15\/wp-json\/wp\/v2\/categories?post=127855"},{"taxonomy":"post_tag","embeddable":true,"href":"https:\/\/www.quebakan.com\/v15\/wp-json\/wp\/v2\/tags?post=127855"}],"curies":[{"name":"wp","href":"https:\/\/api.w.org\/{rel}","templated":true}]}}