{"id":127859,"date":"2025-01-19T00:00:57","date_gmt":"2025-01-19T05:00:57","guid":{"rendered":"https:\/\/www.quebakan.com\/v15\/?p=127859"},"modified":"2025-01-19T00:00:57","modified_gmt":"2025-01-19T05:00:57","slug":"fabiola-pazmino-es-la-nueva-directora-artistica-del-teatro-sanchez-aguilar","status":"publish","type":"post","link":"https:\/\/www.quebakan.com\/v15\/fabiola-pazmino-es-la-nueva-directora-artistica-del-teatro-sanchez-aguilar\/","title":{"rendered":"FABIOLA PAZMI\u00d1O ES LA NUEVA DIRECTORA ART\u00cdSTICA DEL TEATRO S\u00c1NCHEZ AGUILAR"},"content":{"rendered":"<p dir=\"ltr\"><img fetchpriority=\"high\" decoding=\"async\" class=\"aligncenter size-full wp-image-127860\" src=\"https:\/\/www.quebakan.com\/v15\/wp-content\/uploads\/2025\/01\/FABIOLA-PAZMINO.jpg\" alt=\"\" width=\"477\" height=\"715\" \/><\/p>\n<p dir=\"ltr\" style=\"text-align: justify;\"><span style=\"color: #000000;\" data-olk-copy-source=\"MessageBody\">Este 2025, Fabiola Pazmi\u00f1o asume el cargo de Directora Art\u00edstica del Teatro S\u00e1nchez Aguilar. Con una destacada trayectoria de m\u00e1s de 15 a\u00f1os en gesti\u00f3n cultural, durante los cuales ocup\u00f3 el cargo de Coordinadora de Producci\u00f3n del Teatro Nacional Sucre en Quito. Fabiola aportar\u00e1 una visi\u00f3n innovadora para las artes esc\u00e9nicas y liderar\u00e1 el desarrollo art\u00edstico del teatro.<\/span><\/p>\n<p dir=\"ltr\" style=\"text-align: justify;\"><span style=\"color: #000000;\">Su carrera ha estado marcada por la programaci\u00f3n y producci\u00f3n de eventos emblem\u00e1ticos como el Festival Ecuador Jazz, el Festival Internacional de M\u00fasica Sacra y la Fiesta Esc\u00e9nica de Quito. Tambi\u00e9n ha liderado grandes producciones como \u201cLos Miserables\u201d, \u201cSweeney Todd\u201d, \u201cWest Side Story\u201d y la \u00f3pera \u201cLa Flauta M\u00e1gica de los Andes\u201d. Ffund\u00f3 la agencia cultural HiloNegro, especializada en el fortalecimiento del ecosistema musical ecuatoriano y es parte de redes internacionales como ADIMI y CCLA, enfocadas en el desarrollo de la industria cultural en Iberoam\u00e9rica.<\/span><\/p>\n<p dir=\"ltr\" style=\"text-align: justify;\"><span style=\"color: #000000;\">En el \u00e1mbito acad\u00e9mico, Pazmi\u00f1o cuenta con estudios en Comunicaci\u00f3n por la Pontificia Universidad Cat\u00f3lica del Ecuador, adem\u00e1s de un t\u00edtulo en Realizaci\u00f3n Integral de Cine y TV obtenido en Buenos Aires y una licenciatura en Negocios para el Dise\u00f1o y la Comunicaci\u00f3n de la Universidad de Palermo, Argentina.<\/span><\/p>\n<p dir=\"ltr\" style=\"text-align: justify;\"><span style=\"color: #000000;\">Con su llegada al Teatro S\u00e1nchez Aguilar, Fabiola Pazmi\u00f1o buscar\u00e1 consolidar la visi\u00f3n del teatro como un espacio de encuentro y expresi\u00f3n cultural, promoviendo propuestas art\u00edsticas que reflejen la diversidad y creatividad de Ecuador. Su experiencia y pasi\u00f3n por la m\u00fasica y las artes esc\u00e9nicas prometen enriquecer la oferta cultural de Guayaquil y proyectarla hacia nuevos horizontes.<\/span><\/p>\n","protected":false},"excerpt":{"rendered":"<p>Este 2025, Fabiola Pazmi\u00f1o asume el cargo de Directora Art\u00edstica del Teatro S\u00e1nchez Aguilar. Con una destacada trayectoria de m\u00e1s de 15 a\u00f1os en gesti\u00f3n cultural, durante los cuales ocup\u00f3 el cargo de Coordinadora de Producci\u00f3n del Teatro Nacional Sucre en Quito. Fabiola aportar\u00e1 una visi\u00f3n innovadora para las artes esc\u00e9nicas y liderar\u00e1 el desarrollo [&hellip;]<\/p>\n","protected":false},"author":4,"featured_media":127860,"comment_status":"open","ping_status":"open","sticky":false,"template":"","format":"standard","meta":{"_bbp_topic_count":0,"_bbp_reply_count":0,"_bbp_total_topic_count":0,"_bbp_total_reply_count":0,"_bbp_voice_count":0,"_bbp_anonymous_reply_count":0,"_bbp_topic_count_hidden":0,"_bbp_reply_count_hidden":0,"_bbp_forum_subforum_count":0,"buzzeditor_post_format":"","footnotes":""},"categories":[2],"tags":[],"class_list":["post-127859","post","type-post","status-publish","format-standard","has-post-thumbnail","hentry","category-noticias"],"yoast_head":"<!-- This site is optimized with the Yoast SEO plugin v27.4 - https:\/\/yoast.com\/product\/yoast-seo-wordpress\/ -->\n<title>FABIOLA PAZMI\u00d1O ES LA NUEVA DIRECTORA ART\u00cdSTICA DEL TEATRO S\u00c1NCHEZ AGUILAR &#8211; QUEBAKAN.COM 2026: Noticias, Eventos, Conciertos y mucho m\u00e1s....<\/title>\n<meta name=\"robots\" content=\"index, follow, max-snippet:-1, max-image-preview:large, max-video-preview:-1\" \/>\n<link rel=\"canonical\" href=\"https:\/\/www.quebakan.com\/v15\/fabiola-pazmino-es-la-nueva-directora-artistica-del-teatro-sanchez-aguilar\/\" \/>\n<meta property=\"og:locale\" content=\"es_ES\" \/>\n<meta property=\"og:type\" content=\"article\" \/>\n<meta property=\"og:title\" content=\"FABIOLA PAZMI\u00d1O ES LA NUEVA DIRECTORA ART\u00cdSTICA DEL TEATRO S\u00c1NCHEZ AGUILAR &#8211; QUEBAKAN.COM 2026: Noticias, Eventos, Conciertos y mucho m\u00e1s....\" \/>\n<meta property=\"og:description\" content=\"Este 2025, Fabiola Pazmi\u00f1o asume el cargo de Directora Art\u00edstica del Teatro S\u00e1nchez Aguilar. Con una destacada trayectoria de m\u00e1s de 15 a\u00f1os en gesti\u00f3n cultural, durante los cuales ocup\u00f3 el cargo de Coordinadora de Producci\u00f3n del Teatro Nacional Sucre en Quito. Fabiola aportar\u00e1 una visi\u00f3n innovadora para las artes esc\u00e9nicas y liderar\u00e1 el desarrollo [&hellip;]\" \/>\n<meta property=\"og:url\" content=\"https:\/\/www.quebakan.com\/v15\/fabiola-pazmino-es-la-nueva-directora-artistica-del-teatro-sanchez-aguilar\/\" \/>\n<meta property=\"og:site_name\" content=\"QUEBAKAN.COM 2026: Noticias, Eventos, Conciertos y mucho m\u00e1s....\" \/>\n<meta property=\"article:publisher\" content=\"http:\/\/www.facebook.com\/quebakan\" \/>\n<meta property=\"article:published_time\" content=\"2025-01-19T05:00:57+00:00\" \/>\n<meta property=\"og:image\" content=\"https:\/\/www.quebakan.com\/v15\/wp-content\/uploads\/2025\/01\/FABIOLA-PAZMINO.jpg\" \/>\n\t<meta property=\"og:image:width\" content=\"477\" \/>\n\t<meta property=\"og:image:height\" content=\"715\" \/>\n\t<meta property=\"og:image:type\" content=\"image\/jpeg\" \/>\n<meta name=\"author\" content=\"Erick Villafuerte\" \/>\n<meta name=\"twitter:card\" content=\"summary_large_image\" \/>\n<meta name=\"twitter:creator\" content=\"@quebakanec\" \/>\n<meta name=\"twitter:site\" content=\"@quebakanec\" \/>\n<meta name=\"twitter:label1\" content=\"Escrito por\" \/>\n\t<meta name=\"twitter:data1\" content=\"Erick Villafuerte\" \/>\n\t<meta name=\"twitter:label2\" content=\"Tiempo de lectura\" \/>\n\t<meta name=\"twitter:data2\" content=\"2 minutos\" \/>\n<script type=\"application\/ld+json\" class=\"yoast-schema-graph\">{\"@context\":\"https:\\\/\\\/schema.org\",\"@graph\":[{\"@type\":\"Article\",\"@id\":\"https:\\\/\\\/www.quebakan.com\\\/v15\\\/fabiola-pazmino-es-la-nueva-directora-artistica-del-teatro-sanchez-aguilar\\\/#article\",\"isPartOf\":{\"@id\":\"https:\\\/\\\/www.quebakan.com\\\/v15\\\/fabiola-pazmino-es-la-nueva-directora-artistica-del-teatro-sanchez-aguilar\\\/\"},\"author\":{\"name\":\"Erick Villafuerte\",\"@id\":\"https:\\\/\\\/www.quebakan.com\\\/v15\\\/#\\\/schema\\\/person\\\/d90fa9f9cfa81eb8ace9811e5b7b9118\"},\"headline\":\"FABIOLA PAZMI\u00d1O ES LA NUEVA DIRECTORA ART\u00cdSTICA DEL TEATRO S\u00c1NCHEZ AGUILAR\",\"datePublished\":\"2025-01-19T05:00:57+00:00\",\"mainEntityOfPage\":{\"@id\":\"https:\\\/\\\/www.quebakan.com\\\/v15\\\/fabiola-pazmino-es-la-nueva-directora-artistica-del-teatro-sanchez-aguilar\\\/\"},\"wordCount\":296,\"commentCount\":0,\"publisher\":{\"@id\":\"https:\\\/\\\/www.quebakan.com\\\/v15\\\/#organization\"},\"image\":{\"@id\":\"https:\\\/\\\/www.quebakan.com\\\/v15\\\/fabiola-pazmino-es-la-nueva-directora-artistica-del-teatro-sanchez-aguilar\\\/#primaryimage\"},\"thumbnailUrl\":\"https:\\\/\\\/www.quebakan.com\\\/v15\\\/wp-content\\\/uploads\\\/2025\\\/01\\\/FABIOLA-PAZMINO.jpg\",\"articleSection\":[\"Noticias\"],\"inLanguage\":\"es\"},{\"@type\":\"WebPage\",\"@id\":\"https:\\\/\\\/www.quebakan.com\\\/v15\\\/fabiola-pazmino-es-la-nueva-directora-artistica-del-teatro-sanchez-aguilar\\\/\",\"url\":\"https:\\\/\\\/www.quebakan.com\\\/v15\\\/fabiola-pazmino-es-la-nueva-directora-artistica-del-teatro-sanchez-aguilar\\\/\",\"name\":\"FABIOLA PAZMI\u00d1O ES LA NUEVA DIRECTORA ART\u00cdSTICA DEL TEATRO S\u00c1NCHEZ AGUILAR &#8211; QUEBAKAN.COM 2026: Noticias, Eventos, Conciertos y mucho m\u00e1s....\",\"isPartOf\":{\"@id\":\"https:\\\/\\\/www.quebakan.com\\\/v15\\\/#website\"},\"primaryImageOfPage\":{\"@id\":\"https:\\\/\\\/www.quebakan.com\\\/v15\\\/fabiola-pazmino-es-la-nueva-directora-artistica-del-teatro-sanchez-aguilar\\\/#primaryimage\"},\"image\":{\"@id\":\"https:\\\/\\\/www.quebakan.com\\\/v15\\\/fabiola-pazmino-es-la-nueva-directora-artistica-del-teatro-sanchez-aguilar\\\/#primaryimage\"},\"thumbnailUrl\":\"https:\\\/\\\/www.quebakan.com\\\/v15\\\/wp-content\\\/uploads\\\/2025\\\/01\\\/FABIOLA-PAZMINO.jpg\",\"datePublished\":\"2025-01-19T05:00:57+00:00\",\"breadcrumb\":{\"@id\":\"https:\\\/\\\/www.quebakan.com\\\/v15\\\/fabiola-pazmino-es-la-nueva-directora-artistica-del-teatro-sanchez-aguilar\\\/#breadcrumb\"},\"inLanguage\":\"es\",\"potentialAction\":[{\"@type\":\"ReadAction\",\"target\":[\"https:\\\/\\\/www.quebakan.com\\\/v15\\\/fabiola-pazmino-es-la-nueva-directora-artistica-del-teatro-sanchez-aguilar\\\/\"]}]},{\"@type\":\"ImageObject\",\"inLanguage\":\"es\",\"@id\":\"https:\\\/\\\/www.quebakan.com\\\/v15\\\/fabiola-pazmino-es-la-nueva-directora-artistica-del-teatro-sanchez-aguilar\\\/#primaryimage\",\"url\":\"https:\\\/\\\/www.quebakan.com\\\/v15\\\/wp-content\\\/uploads\\\/2025\\\/01\\\/FABIOLA-PAZMINO.jpg\",\"contentUrl\":\"https:\\\/\\\/www.quebakan.com\\\/v15\\\/wp-content\\\/uploads\\\/2025\\\/01\\\/FABIOLA-PAZMINO.jpg\",\"width\":477,\"height\":715},{\"@type\":\"BreadcrumbList\",\"@id\":\"https:\\\/\\\/www.quebakan.com\\\/v15\\\/fabiola-pazmino-es-la-nueva-directora-artistica-del-teatro-sanchez-aguilar\\\/#breadcrumb\",\"itemListElement\":[{\"@type\":\"ListItem\",\"position\":1,\"name\":\"Portada\",\"item\":\"https:\\\/\\\/www.quebakan.com\\\/v15\\\/\"},{\"@type\":\"ListItem\",\"position\":2,\"name\":\"FABIOLA PAZMI\u00d1O ES LA NUEVA DIRECTORA ART\u00cdSTICA DEL TEATRO S\u00c1NCHEZ AGUILAR\"}]},{\"@type\":\"WebSite\",\"@id\":\"https:\\\/\\\/www.quebakan.com\\\/v15\\\/#website\",\"url\":\"https:\\\/\\\/www.quebakan.com\\\/v15\\\/\",\"name\":\"QUEBAKAN\",\"description\":\"..\",\"publisher\":{\"@id\":\"https:\\\/\\\/www.quebakan.com\\\/v15\\\/#organization\"},\"potentialAction\":[{\"@type\":\"SearchAction\",\"target\":{\"@type\":\"EntryPoint\",\"urlTemplate\":\"https:\\\/\\\/www.quebakan.com\\\/v15\\\/?s={search_term_string}\"},\"query-input\":{\"@type\":\"PropertyValueSpecification\",\"valueRequired\":true,\"valueName\":\"search_term_string\"}}],\"inLanguage\":\"es\"},{\"@type\":\"Organization\",\"@id\":\"https:\\\/\\\/www.quebakan.com\\\/v15\\\/#organization\",\"name\":\"Quebakan.com\",\"url\":\"https:\\\/\\\/www.quebakan.com\\\/v15\\\/\",\"logo\":{\"@type\":\"ImageObject\",\"inLanguage\":\"es\",\"@id\":\"https:\\\/\\\/www.quebakan.com\\\/v15\\\/#\\\/schema\\\/logo\\\/image\\\/\",\"url\":\"https:\\\/\\\/www.quebakan.com\\\/v15\\\/wp-content\\\/uploads\\\/2023\\\/07\\\/logoquebakanenero2021.jpg\",\"contentUrl\":\"https:\\\/\\\/www.quebakan.com\\\/v15\\\/wp-content\\\/uploads\\\/2023\\\/07\\\/logoquebakanenero2021.jpg\",\"width\":1920,\"height\":1080,\"caption\":\"Quebakan.com\"},\"image\":{\"@id\":\"https:\\\/\\\/www.quebakan.com\\\/v15\\\/#\\\/schema\\\/logo\\\/image\\\/\"},\"sameAs\":[\"http:\\\/\\\/www.facebook.com\\\/quebakan\",\"https:\\\/\\\/x.com\\\/quebakanec\",\"http:\\\/\\\/www.instagram.com\\\/quebakan\",\"http:\\\/\\\/www.youtube.com\\\/quebakan1\"]},{\"@type\":\"Person\",\"@id\":\"https:\\\/\\\/www.quebakan.com\\\/v15\\\/#\\\/schema\\\/person\\\/d90fa9f9cfa81eb8ace9811e5b7b9118\",\"name\":\"Erick Villafuerte\",\"image\":{\"@type\":\"ImageObject\",\"inLanguage\":\"es\",\"@id\":\"https:\\\/\\\/www.quebakan.com\\\/v15\\\/wp-content\\\/uploads\\\/avatars\\\/4\\\/1731297654-bpfull.png\",\"url\":\"https:\\\/\\\/www.quebakan.com\\\/v15\\\/wp-content\\\/uploads\\\/avatars\\\/4\\\/1731297654-bpfull.png\",\"contentUrl\":\"https:\\\/\\\/www.quebakan.com\\\/v15\\\/wp-content\\\/uploads\\\/avatars\\\/4\\\/1731297654-bpfull.png\",\"caption\":\"Erick Villafuerte\"}}]}<\/script>\n<!-- \/ Yoast SEO plugin. -->","yoast_head_json":{"title":"FABIOLA PAZMI\u00d1O ES LA NUEVA DIRECTORA ART\u00cdSTICA DEL TEATRO S\u00c1NCHEZ AGUILAR &#8211; QUEBAKAN.COM 2026: Noticias, Eventos, Conciertos y mucho m\u00e1s....","robots":{"index":"index","follow":"follow","max-snippet":"max-snippet:-1","max-image-preview":"max-image-preview:large","max-video-preview":"max-video-preview:-1"},"canonical":"https:\/\/www.quebakan.com\/v15\/fabiola-pazmino-es-la-nueva-directora-artistica-del-teatro-sanchez-aguilar\/","og_locale":"es_ES","og_type":"article","og_title":"FABIOLA PAZMI\u00d1O ES LA NUEVA DIRECTORA ART\u00cdSTICA DEL TEATRO S\u00c1NCHEZ AGUILAR &#8211; QUEBAKAN.COM 2026: Noticias, Eventos, Conciertos y mucho m\u00e1s....","og_description":"Este 2025, Fabiola Pazmi\u00f1o asume el cargo de Directora Art\u00edstica del Teatro S\u00e1nchez Aguilar. Con una destacada trayectoria de m\u00e1s de 15 a\u00f1os en gesti\u00f3n cultural, durante los cuales ocup\u00f3 el cargo de Coordinadora de Producci\u00f3n del Teatro Nacional Sucre en Quito. Fabiola aportar\u00e1 una visi\u00f3n innovadora para las artes esc\u00e9nicas y liderar\u00e1 el desarrollo [&hellip;]","og_url":"https:\/\/www.quebakan.com\/v15\/fabiola-pazmino-es-la-nueva-directora-artistica-del-teatro-sanchez-aguilar\/","og_site_name":"QUEBAKAN.COM 2026: Noticias, Eventos, Conciertos y mucho m\u00e1s....","article_publisher":"http:\/\/www.facebook.com\/quebakan","article_published_time":"2025-01-19T05:00:57+00:00","og_image":[{"width":477,"height":715,"url":"https:\/\/www.quebakan.com\/v15\/wp-content\/uploads\/2025\/01\/FABIOLA-PAZMINO.jpg","type":"image\/jpeg"}],"author":"Erick Villafuerte","twitter_card":"summary_large_image","twitter_creator":"@quebakanec","twitter_site":"@quebakanec","twitter_misc":{"Escrito por":"Erick Villafuerte","Tiempo de lectura":"2 minutos"},"schema":{"@context":"https:\/\/schema.org","@graph":[{"@type":"Article","@id":"https:\/\/www.quebakan.com\/v15\/fabiola-pazmino-es-la-nueva-directora-artistica-del-teatro-sanchez-aguilar\/#article","isPartOf":{"@id":"https:\/\/www.quebakan.com\/v15\/fabiola-pazmino-es-la-nueva-directora-artistica-del-teatro-sanchez-aguilar\/"},"author":{"name":"Erick Villafuerte","@id":"https:\/\/www.quebakan.com\/v15\/#\/schema\/person\/d90fa9f9cfa81eb8ace9811e5b7b9118"},"headline":"FABIOLA PAZMI\u00d1O ES LA NUEVA DIRECTORA ART\u00cdSTICA DEL TEATRO S\u00c1NCHEZ AGUILAR","datePublished":"2025-01-19T05:00:57+00:00","mainEntityOfPage":{"@id":"https:\/\/www.quebakan.com\/v15\/fabiola-pazmino-es-la-nueva-directora-artistica-del-teatro-sanchez-aguilar\/"},"wordCount":296,"commentCount":0,"publisher":{"@id":"https:\/\/www.quebakan.com\/v15\/#organization"},"image":{"@id":"https:\/\/www.quebakan.com\/v15\/fabiola-pazmino-es-la-nueva-directora-artistica-del-teatro-sanchez-aguilar\/#primaryimage"},"thumbnailUrl":"https:\/\/www.quebakan.com\/v15\/wp-content\/uploads\/2025\/01\/FABIOLA-PAZMINO.jpg","articleSection":["Noticias"],"inLanguage":"es"},{"@type":"WebPage","@id":"https:\/\/www.quebakan.com\/v15\/fabiola-pazmino-es-la-nueva-directora-artistica-del-teatro-sanchez-aguilar\/","url":"https:\/\/www.quebakan.com\/v15\/fabiola-pazmino-es-la-nueva-directora-artistica-del-teatro-sanchez-aguilar\/","name":"FABIOLA PAZMI\u00d1O ES LA NUEVA DIRECTORA ART\u00cdSTICA DEL TEATRO S\u00c1NCHEZ AGUILAR &#8211; QUEBAKAN.COM 2026: Noticias, Eventos, Conciertos y mucho m\u00e1s....","isPartOf":{"@id":"https:\/\/www.quebakan.com\/v15\/#website"},"primaryImageOfPage":{"@id":"https:\/\/www.quebakan.com\/v15\/fabiola-pazmino-es-la-nueva-directora-artistica-del-teatro-sanchez-aguilar\/#primaryimage"},"image":{"@id":"https:\/\/www.quebakan.com\/v15\/fabiola-pazmino-es-la-nueva-directora-artistica-del-teatro-sanchez-aguilar\/#primaryimage"},"thumbnailUrl":"https:\/\/www.quebakan.com\/v15\/wp-content\/uploads\/2025\/01\/FABIOLA-PAZMINO.jpg","datePublished":"2025-01-19T05:00:57+00:00","breadcrumb":{"@id":"https:\/\/www.quebakan.com\/v15\/fabiola-pazmino-es-la-nueva-directora-artistica-del-teatro-sanchez-aguilar\/#breadcrumb"},"inLanguage":"es","potentialAction":[{"@type":"ReadAction","target":["https:\/\/www.quebakan.com\/v15\/fabiola-pazmino-es-la-nueva-directora-artistica-del-teatro-sanchez-aguilar\/"]}]},{"@type":"ImageObject","inLanguage":"es","@id":"https:\/\/www.quebakan.com\/v15\/fabiola-pazmino-es-la-nueva-directora-artistica-del-teatro-sanchez-aguilar\/#primaryimage","url":"https:\/\/www.quebakan.com\/v15\/wp-content\/uploads\/2025\/01\/FABIOLA-PAZMINO.jpg","contentUrl":"https:\/\/www.quebakan.com\/v15\/wp-content\/uploads\/2025\/01\/FABIOLA-PAZMINO.jpg","width":477,"height":715},{"@type":"BreadcrumbList","@id":"https:\/\/www.quebakan.com\/v15\/fabiola-pazmino-es-la-nueva-directora-artistica-del-teatro-sanchez-aguilar\/#breadcrumb","itemListElement":[{"@type":"ListItem","position":1,"name":"Portada","item":"https:\/\/www.quebakan.com\/v15\/"},{"@type":"ListItem","position":2,"name":"FABIOLA PAZMI\u00d1O ES LA NUEVA DIRECTORA ART\u00cdSTICA DEL TEATRO S\u00c1NCHEZ AGUILAR"}]},{"@type":"WebSite","@id":"https:\/\/www.quebakan.com\/v15\/#website","url":"https:\/\/www.quebakan.com\/v15\/","name":"QUEBAKAN","description":"..","publisher":{"@id":"https:\/\/www.quebakan.com\/v15\/#organization"},"potentialAction":[{"@type":"SearchAction","target":{"@type":"EntryPoint","urlTemplate":"https:\/\/www.quebakan.com\/v15\/?s={search_term_string}"},"query-input":{"@type":"PropertyValueSpecification","valueRequired":true,"valueName":"search_term_string"}}],"inLanguage":"es"},{"@type":"Organization","@id":"https:\/\/www.quebakan.com\/v15\/#organization","name":"Quebakan.com","url":"https:\/\/www.quebakan.com\/v15\/","logo":{"@type":"ImageObject","inLanguage":"es","@id":"https:\/\/www.quebakan.com\/v15\/#\/schema\/logo\/image\/","url":"https:\/\/www.quebakan.com\/v15\/wp-content\/uploads\/2023\/07\/logoquebakanenero2021.jpg","contentUrl":"https:\/\/www.quebakan.com\/v15\/wp-content\/uploads\/2023\/07\/logoquebakanenero2021.jpg","width":1920,"height":1080,"caption":"Quebakan.com"},"image":{"@id":"https:\/\/www.quebakan.com\/v15\/#\/schema\/logo\/image\/"},"sameAs":["http:\/\/www.facebook.com\/quebakan","https:\/\/x.com\/quebakanec","http:\/\/www.instagram.com\/quebakan","http:\/\/www.youtube.com\/quebakan1"]},{"@type":"Person","@id":"https:\/\/www.quebakan.com\/v15\/#\/schema\/person\/d90fa9f9cfa81eb8ace9811e5b7b9118","name":"Erick Villafuerte","image":{"@type":"ImageObject","inLanguage":"es","@id":"https:\/\/www.quebakan.com\/v15\/wp-content\/uploads\/avatars\/4\/1731297654-bpfull.png","url":"https:\/\/www.quebakan.com\/v15\/wp-content\/uploads\/avatars\/4\/1731297654-bpfull.png","contentUrl":"https:\/\/www.quebakan.com\/v15\/wp-content\/uploads\/avatars\/4\/1731297654-bpfull.png","caption":"Erick Villafuerte"}}]}},"_links":{"self":[{"href":"https:\/\/www.quebakan.com\/v15\/wp-json\/wp\/v2\/posts\/127859","targetHints":{"allow":["GET"]}}],"collection":[{"href":"https:\/\/www.quebakan.com\/v15\/wp-json\/wp\/v2\/posts"}],"about":[{"href":"https:\/\/www.quebakan.com\/v15\/wp-json\/wp\/v2\/types\/post"}],"author":[{"embeddable":true,"href":"https:\/\/www.quebakan.com\/v15\/wp-json\/wp\/v2\/users\/4"}],"replies":[{"embeddable":true,"href":"https:\/\/www.quebakan.com\/v15\/wp-json\/wp\/v2\/comments?post=127859"}],"version-history":[{"count":1,"href":"https:\/\/www.quebakan.com\/v15\/wp-json\/wp\/v2\/posts\/127859\/revisions"}],"predecessor-version":[{"id":127861,"href":"https:\/\/www.quebakan.com\/v15\/wp-json\/wp\/v2\/posts\/127859\/revisions\/127861"}],"wp:featuredmedia":[{"embeddable":true,"href":"https:\/\/www.quebakan.com\/v15\/wp-json\/wp\/v2\/media\/127860"}],"wp:attachment":[{"href":"https:\/\/www.quebakan.com\/v15\/wp-json\/wp\/v2\/media?parent=127859"}],"wp:term":[{"taxonomy":"category","embeddable":true,"href":"https:\/\/www.quebakan.com\/v15\/wp-json\/wp\/v2\/categories?post=127859"},{"taxonomy":"post_tag","embeddable":true,"href":"https:\/\/www.quebakan.com\/v15\/wp-json\/wp\/v2\/tags?post=127859"}],"curies":[{"name":"wp","href":"https:\/\/api.w.org\/{rel}","templated":true}]}}