{"id":127862,"date":"2025-01-19T00:09:01","date_gmt":"2025-01-19T05:09:01","guid":{"rendered":"https:\/\/www.quebakan.com\/v15\/?p=127862"},"modified":"2025-01-19T00:09:01","modified_gmt":"2025-01-19T05:09:01","slug":"3-de-cada-10-especialistas-en-hr-aun-no-tiene-en-claro-como-sera-el-panorama-laboral-durante-2025","status":"publish","type":"post","link":"https:\/\/www.quebakan.com\/v15\/3-de-cada-10-especialistas-en-hr-aun-no-tiene-en-claro-como-sera-el-panorama-laboral-durante-2025\/","title":{"rendered":"3 de cada 10 especialistas en HR a\u00fan no tiene en claro c\u00f3mo ser\u00e1 el panorama laboral durante 2025"},"content":{"rendered":"<p><img fetchpriority=\"high\" decoding=\"async\" class=\"aligncenter size-full wp-image-127863\" src=\"https:\/\/www.quebakan.com\/v15\/wp-content\/uploads\/2025\/01\/multitrabajos.jpg\" alt=\"\" width=\"602\" height=\"451\" \/><\/p>\n<p style=\"text-align: center;\"><span style=\"color: #000000;\"><em>Sin embargo, el 61% de los especialistas planifica sumar talentos y el 36% incrementar\u00e1 los salarios.<\/em><\/span><\/p>\n<p style=\"text-align: justify;\"><span style=\"color: #000000;\"><strong>Ecuador, 16 de enero de 2025.- <\/strong>Seg\u00fan el estudio <strong>Balance 2024 y expectativas 2025 de Multitrabajos<\/strong>, la app l\u00edder de empleo en Latinoam\u00e9rica, <strong>el 32% de los especialistas en Recursos Humanos en Ecuador a\u00fan no tiene una opini\u00f3n definida sobre el futuro del mercado laboral en 2025<\/strong>, el 27% prev\u00e9 que la situaci\u00f3n empeorar\u00e1, el 23% espera una mejora, y el 18% considera que se mantendr\u00e1 igual.<\/span><\/p>\n<p style=\"text-align: justify;\"><span style=\"color: #000000;\">En este contexto, Ecuador se posiciona como el segundo pa\u00eds de la regi\u00f3n con mayor percepci\u00f3n de desaf\u00edos para el a\u00f1o entrante, con un 27% de especialistas que consideran que el mercado laboral ser\u00e1 m\u00e1s complejo, superado \u00fanicamente por Chile, con un 35%. Panam\u00e1 le sigue con un 19%, mientras que Argentina y Per\u00fa registran un 11%.<\/span><\/p>\n<p style=\"text-align: justify;\"><span style=\"color: #000000;\">Del 27% de especialistas que considera que el mercado laboral de 2025 ser\u00e1 m\u00e1s desafiante, <strong>el 83% expresa que ser\u00e1 por la incidencia del contexto econ\u00f3mico del pa\u00eds en el mercado laboral,<\/strong> el 50% por la reducci\u00f3n de las plazas de empleo, y el 33% por el incremento de la migraci\u00f3n de talentos.<\/span><\/p>\n<p style=\"text-align: justify;\"><span style=\"color: #000000;\"><strong>En la regi\u00f3n, los especialistas en Recursos Humanos en su mayor\u00eda consideran que la situaci\u00f3n laboral en el a\u00f1o 2025 mejorar\u00e1<\/strong>: en Per\u00fa el 56%, en Argentina el 50% y en Panam\u00e1 el 38%. Por el contrario, el panorama para Chile es menos alentador que el de Ecuador, con una expectativa de mejora del 12%.<\/span><\/p>\n<p style=\"text-align: justify;\"><span style=\"color: #000000;\"><em>\u201cEl estudio &#8216;Balance 2024 y expectativas 2025&#8217; registra el panorama laboral incierto que hay en este momento en Ecuador. El 32% de los especialistas en Recursos Humanos no tiene a\u00fan una opini\u00f3n definida sobre el futuro del mundo laboral, mientras que un 27% anticipa un deterioro. Sin embargo, el 61% planifica incorporar nuevos talentos y el 36% aumentar los salarios\u201d<\/em>, explica Jeff Alejandro Morales, Gerente de Marketing de Multitrabajos.<\/span><\/p>\n<p style=\"text-align: justify;\"><span style=\"color: #000000;\"><strong><em>Balance 2024 y expectativas 2025<\/em><\/strong> es un <strong>estudio regional de Multitrabajos<\/strong> en el que <strong>participaron 3.224 personas trabajadoras y especialistas en Recursos Humanos<\/strong> de Ecuador, Argentina, Chile, Panam\u00e1 y Per\u00fa. La investigaci\u00f3n explora la percepci\u00f3n del a\u00f1o laboral que pas\u00f3 y lo que se espera del que reci\u00e9n comienza.<\/span><\/p>\n<p style=\"text-align: justify;\"><span style=\"color: #000000;\"><strong>6 de cada 10 organizaciones no report\u00f3 un aumento en la remuneraci\u00f3n de sus talentos durante 2024<\/strong><\/span><\/p>\n<p style=\"text-align: justify;\"><span style=\"color: #000000;\">Respecto a los<strong> aumentos salariales durante 2024<\/strong>, <strong>el 61% no report\u00f3 incrementos en las remuneraciones en su organizaci\u00f3n<\/strong>, mientras que el 39% afirma que s\u00ed subieron los salarios. \u00bfEn qu\u00e9 porcentaje se incrementaron los sueldos? <strong>El 67% menciona que fue en un 5%<\/strong>, el 22% se\u00f1ala un 30%, y el 11% indica un aumento en un 10%.<\/span><\/p>\n<p style=\"text-align: justify;\"><span style=\"color: #000000;\"><strong>7 de cada 10 personas trabajadoras no est\u00e1 satisfecha ni con su empleo ni con su salario<\/strong><\/span><\/p>\n<p style=\"text-align: justify;\"><span style=\"color: #000000;\">El <strong>67% de las personas trabajadoras en Ecuador no est\u00e1 conforme con su empleo<\/strong>, una tendencia que se replica en la regi\u00f3n: en Panam\u00e1, el 78% no est\u00e1 satisfecho; en Argentina, el 77%; en Chile, el 74%; y en Per\u00fa, el 59%.<\/span><\/p>\n<p style=\"text-align: justify;\"><span style=\"color: #000000;\"><strong>En esta l\u00ednea, Ecuador ocupa el tercer lugar donde las personas trabajadoras expresan mayor inconformidad con relaci\u00f3n a su salario y desear\u00edan un aumento de sueldo, con un 69%<\/strong>. Argentina lidera con un 73%; le siguen Panam\u00e1, con un 72%; Per\u00fa con un 66%; y Chile con un 62%.<\/span><\/p>\n<p style=\"text-align: justify;\"><span style=\"color: #000000;\">\u00bfQu\u00e9 porcentaje de aumento quisieran? <strong>El 29% de las personas trabajadoras pedir\u00eda un aumento del 15 al 20%<\/strong>, el 22% entre el 10 y el 15%, y otro 22% entre el 20 y el 40%, el 15% solicitar\u00eda un incremento superior al 40%, y el 12% indica que quisiera una suba del 5-10%.<\/span><\/p>\n<p style=\"text-align: justify;\"><span style=\"color: #000000;\"><strong>El 61% de las organizaci\u00f3n va a incorporar talentos durante 2025<\/strong><\/span><\/p>\n<p style=\"text-align: justify;\"><span style=\"color: #000000;\">En cuanto a la incorporaci\u00f3n de nuevos colaboradores en las organizaciones, el <strong>61% de los especialistas en HR planea sumar talentos, mientras que el 39% no lo tiene contemplado.<\/strong> De ellos, el 64% aumentar\u00e1 en menos del 5% su plantilla; el 22% considera un incremento del 10%; el 7% estima un crecimiento del 5% o m\u00e1s del 30%.<\/span><\/p>\n<p style=\"text-align: justify;\"><span style=\"color: #000000;\"><strong>Solo 4 de cada 10 empresas en Ecuador planifica aumentar los salarios<\/strong><\/span><\/p>\n<p style=\"text-align: justify;\"><span style=\"color: #000000;\"><strong>Ecuador se posiciona como el segundo pa\u00eds de la regi\u00f3n con menor proyecci\u00f3n de aumentos salariales para 2025<\/strong>. El 64% de empresas no contempla incrementar sueldos, un indicador que solo es superado por Chile, que presenta un 65%. En tercer lugar, se ubica Per\u00fa con un 53%, Panam\u00e1 con 50% y por \u00faltimo Argentina con un 20%.<\/span><\/p>\n<p style=\"text-align: justify;\"><span style=\"color: #000000;\">En el pa\u00eds, el <strong>36% de las empresas si planea aumentar los salarios en 2025<\/strong>. De este grupo, el <strong>50% proyecta un incremento del 5%,<\/strong> el 25% ajustar\u00e1 los sueldos en funci\u00f3n de la inflaci\u00f3n, el 13% considera un aumento del 10%, y un 12% prev\u00e9 una mejora del 25% en la remuneraci\u00f3n mensual.<\/span><\/p>\n<p style=\"text-align: justify;\"><span style=\"color: #000000;\"><strong>\u00bfCu\u00e1les son las expectativas de las personas trabajadoras para 2025?<\/strong><\/span><\/p>\n<p style=\"text-align: justify;\"><span style=\"color: #000000;\">Respecto a las expectativas de las personas trabajadoras para el 2025, el <strong>45% espera conseguir empleo<\/strong>, el 23% busca cambiar de trabajo, el 16% se muestra optimista respecto a sus oportunidades laborales, el 7% aspira a un ascenso, un 3% no tiene expectativas laborales claras, otro 3% no cree que pueda cambiar de trabajo el a\u00f1o que viene y un 2% no cree conseguir empleo en 2025.<\/span><\/p>\n<p style=\"text-align: justify;\"><span style=\"color: #000000;\">Dentro del grupo de personas trabajadoras, que ya cuenta con un empleo, <strong>el 48% analiza cambiar su rumbo laboral en 2025<\/strong>, un 33% no se encuentra c\u00f3modo en su trabajo actual y prev\u00e9 buscar nuevas oportunidades; mientras que s\u00f3lo el 19% desea continuar en su lugar de trabajo actual.<\/span><\/p>\n","protected":false},"excerpt":{"rendered":"<p>Sin embargo, el 61% de los especialistas planifica sumar talentos y el 36% incrementar\u00e1 los salarios. Ecuador, 16 de enero de 2025.- Seg\u00fan el estudio Balance 2024 y expectativas 2025 de Multitrabajos, la app l\u00edder de empleo en Latinoam\u00e9rica, el 32% de los especialistas en Recursos Humanos en Ecuador a\u00fan no tiene una opini\u00f3n definida [&hellip;]<\/p>\n","protected":false},"author":4,"featured_media":127863,"comment_status":"open","ping_status":"open","sticky":false,"template":"","format":"standard","meta":{"_bbp_topic_count":0,"_bbp_reply_count":0,"_bbp_total_topic_count":0,"_bbp_total_reply_count":0,"_bbp_voice_count":0,"_bbp_anonymous_reply_count":0,"_bbp_topic_count_hidden":0,"_bbp_reply_count_hidden":0,"_bbp_forum_subforum_count":0,"buzzeditor_post_format":"","footnotes":""},"categories":[2],"tags":[],"class_list":["post-127862","post","type-post","status-publish","format-standard","has-post-thumbnail","hentry","category-noticias"],"yoast_head":"<!-- This site is optimized with the Yoast SEO plugin v27.4 - https:\/\/yoast.com\/product\/yoast-seo-wordpress\/ -->\n<title>3 de cada 10 especialistas en HR a\u00fan no tiene en claro c\u00f3mo ser\u00e1 el panorama laboral durante 2025 &#8211; QUEBAKAN.COM 2026: Noticias, Eventos, Conciertos y mucho m\u00e1s....<\/title>\n<meta name=\"robots\" content=\"index, follow, max-snippet:-1, max-image-preview:large, max-video-preview:-1\" \/>\n<link rel=\"canonical\" href=\"https:\/\/www.quebakan.com\/v15\/3-de-cada-10-especialistas-en-hr-aun-no-tiene-en-claro-como-sera-el-panorama-laboral-durante-2025\/\" \/>\n<meta property=\"og:locale\" content=\"es_ES\" \/>\n<meta property=\"og:type\" content=\"article\" \/>\n<meta property=\"og:title\" content=\"3 de cada 10 especialistas en HR a\u00fan no tiene en claro c\u00f3mo ser\u00e1 el panorama laboral durante 2025 &#8211; QUEBAKAN.COM 2026: Noticias, Eventos, Conciertos y mucho m\u00e1s....\" \/>\n<meta property=\"og:description\" content=\"Sin embargo, el 61% de los especialistas planifica sumar talentos y el 36% incrementar\u00e1 los salarios. Ecuador, 16 de enero de 2025.- Seg\u00fan el estudio Balance 2024 y expectativas 2025 de Multitrabajos, la app l\u00edder de empleo en Latinoam\u00e9rica, el 32% de los especialistas en Recursos Humanos en Ecuador a\u00fan no tiene una opini\u00f3n definida [&hellip;]\" \/>\n<meta property=\"og:url\" content=\"https:\/\/www.quebakan.com\/v15\/3-de-cada-10-especialistas-en-hr-aun-no-tiene-en-claro-como-sera-el-panorama-laboral-durante-2025\/\" \/>\n<meta property=\"og:site_name\" content=\"QUEBAKAN.COM 2026: Noticias, Eventos, Conciertos y mucho m\u00e1s....\" \/>\n<meta property=\"article:publisher\" content=\"http:\/\/www.facebook.com\/quebakan\" \/>\n<meta property=\"article:published_time\" content=\"2025-01-19T05:09:01+00:00\" \/>\n<meta property=\"og:image\" content=\"https:\/\/www.quebakan.com\/v15\/wp-content\/uploads\/2025\/01\/multitrabajos.jpg\" \/>\n\t<meta property=\"og:image:width\" content=\"602\" \/>\n\t<meta property=\"og:image:height\" content=\"451\" \/>\n\t<meta property=\"og:image:type\" content=\"image\/jpeg\" \/>\n<meta name=\"author\" content=\"Erick Villafuerte\" \/>\n<meta name=\"twitter:card\" content=\"summary_large_image\" \/>\n<meta name=\"twitter:creator\" content=\"@quebakanec\" \/>\n<meta name=\"twitter:site\" content=\"@quebakanec\" \/>\n<meta name=\"twitter:label1\" content=\"Escrito por\" \/>\n\t<meta name=\"twitter:data1\" content=\"Erick Villafuerte\" \/>\n\t<meta name=\"twitter:label2\" content=\"Tiempo de lectura\" \/>\n\t<meta name=\"twitter:data2\" content=\"5 minutos\" \/>\n<script type=\"application\/ld+json\" class=\"yoast-schema-graph\">{\"@context\":\"https:\\\/\\\/schema.org\",\"@graph\":[{\"@type\":\"Article\",\"@id\":\"https:\\\/\\\/www.quebakan.com\\\/v15\\\/3-de-cada-10-especialistas-en-hr-aun-no-tiene-en-claro-como-sera-el-panorama-laboral-durante-2025\\\/#article\",\"isPartOf\":{\"@id\":\"https:\\\/\\\/www.quebakan.com\\\/v15\\\/3-de-cada-10-especialistas-en-hr-aun-no-tiene-en-claro-como-sera-el-panorama-laboral-durante-2025\\\/\"},\"author\":{\"name\":\"Erick Villafuerte\",\"@id\":\"https:\\\/\\\/www.quebakan.com\\\/v15\\\/#\\\/schema\\\/person\\\/d90fa9f9cfa81eb8ace9811e5b7b9118\"},\"headline\":\"3 de cada 10 especialistas en HR a\u00fan no tiene en claro c\u00f3mo ser\u00e1 el panorama laboral durante 2025\",\"datePublished\":\"2025-01-19T05:09:01+00:00\",\"mainEntityOfPage\":{\"@id\":\"https:\\\/\\\/www.quebakan.com\\\/v15\\\/3-de-cada-10-especialistas-en-hr-aun-no-tiene-en-claro-como-sera-el-panorama-laboral-durante-2025\\\/\"},\"wordCount\":876,\"commentCount\":0,\"publisher\":{\"@id\":\"https:\\\/\\\/www.quebakan.com\\\/v15\\\/#organization\"},\"image\":{\"@id\":\"https:\\\/\\\/www.quebakan.com\\\/v15\\\/3-de-cada-10-especialistas-en-hr-aun-no-tiene-en-claro-como-sera-el-panorama-laboral-durante-2025\\\/#primaryimage\"},\"thumbnailUrl\":\"https:\\\/\\\/www.quebakan.com\\\/v15\\\/wp-content\\\/uploads\\\/2025\\\/01\\\/multitrabajos.jpg\",\"articleSection\":[\"Noticias\"],\"inLanguage\":\"es\"},{\"@type\":\"WebPage\",\"@id\":\"https:\\\/\\\/www.quebakan.com\\\/v15\\\/3-de-cada-10-especialistas-en-hr-aun-no-tiene-en-claro-como-sera-el-panorama-laboral-durante-2025\\\/\",\"url\":\"https:\\\/\\\/www.quebakan.com\\\/v15\\\/3-de-cada-10-especialistas-en-hr-aun-no-tiene-en-claro-como-sera-el-panorama-laboral-durante-2025\\\/\",\"name\":\"3 de cada 10 especialistas en HR a\u00fan no tiene en claro c\u00f3mo ser\u00e1 el panorama laboral durante 2025 &#8211; QUEBAKAN.COM 2026: Noticias, Eventos, Conciertos y mucho m\u00e1s....\",\"isPartOf\":{\"@id\":\"https:\\\/\\\/www.quebakan.com\\\/v15\\\/#website\"},\"primaryImageOfPage\":{\"@id\":\"https:\\\/\\\/www.quebakan.com\\\/v15\\\/3-de-cada-10-especialistas-en-hr-aun-no-tiene-en-claro-como-sera-el-panorama-laboral-durante-2025\\\/#primaryimage\"},\"image\":{\"@id\":\"https:\\\/\\\/www.quebakan.com\\\/v15\\\/3-de-cada-10-especialistas-en-hr-aun-no-tiene-en-claro-como-sera-el-panorama-laboral-durante-2025\\\/#primaryimage\"},\"thumbnailUrl\":\"https:\\\/\\\/www.quebakan.com\\\/v15\\\/wp-content\\\/uploads\\\/2025\\\/01\\\/multitrabajos.jpg\",\"datePublished\":\"2025-01-19T05:09:01+00:00\",\"breadcrumb\":{\"@id\":\"https:\\\/\\\/www.quebakan.com\\\/v15\\\/3-de-cada-10-especialistas-en-hr-aun-no-tiene-en-claro-como-sera-el-panorama-laboral-durante-2025\\\/#breadcrumb\"},\"inLanguage\":\"es\",\"potentialAction\":[{\"@type\":\"ReadAction\",\"target\":[\"https:\\\/\\\/www.quebakan.com\\\/v15\\\/3-de-cada-10-especialistas-en-hr-aun-no-tiene-en-claro-como-sera-el-panorama-laboral-durante-2025\\\/\"]}]},{\"@type\":\"ImageObject\",\"inLanguage\":\"es\",\"@id\":\"https:\\\/\\\/www.quebakan.com\\\/v15\\\/3-de-cada-10-especialistas-en-hr-aun-no-tiene-en-claro-como-sera-el-panorama-laboral-durante-2025\\\/#primaryimage\",\"url\":\"https:\\\/\\\/www.quebakan.com\\\/v15\\\/wp-content\\\/uploads\\\/2025\\\/01\\\/multitrabajos.jpg\",\"contentUrl\":\"https:\\\/\\\/www.quebakan.com\\\/v15\\\/wp-content\\\/uploads\\\/2025\\\/01\\\/multitrabajos.jpg\",\"width\":602,\"height\":451},{\"@type\":\"BreadcrumbList\",\"@id\":\"https:\\\/\\\/www.quebakan.com\\\/v15\\\/3-de-cada-10-especialistas-en-hr-aun-no-tiene-en-claro-como-sera-el-panorama-laboral-durante-2025\\\/#breadcrumb\",\"itemListElement\":[{\"@type\":\"ListItem\",\"position\":1,\"name\":\"Portada\",\"item\":\"https:\\\/\\\/www.quebakan.com\\\/v15\\\/\"},{\"@type\":\"ListItem\",\"position\":2,\"name\":\"3 de cada 10 especialistas en HR a\u00fan no tiene en claro c\u00f3mo ser\u00e1 el panorama laboral durante 2025\"}]},{\"@type\":\"WebSite\",\"@id\":\"https:\\\/\\\/www.quebakan.com\\\/v15\\\/#website\",\"url\":\"https:\\\/\\\/www.quebakan.com\\\/v15\\\/\",\"name\":\"QUEBAKAN\",\"description\":\"..\",\"publisher\":{\"@id\":\"https:\\\/\\\/www.quebakan.com\\\/v15\\\/#organization\"},\"potentialAction\":[{\"@type\":\"SearchAction\",\"target\":{\"@type\":\"EntryPoint\",\"urlTemplate\":\"https:\\\/\\\/www.quebakan.com\\\/v15\\\/?s={search_term_string}\"},\"query-input\":{\"@type\":\"PropertyValueSpecification\",\"valueRequired\":true,\"valueName\":\"search_term_string\"}}],\"inLanguage\":\"es\"},{\"@type\":\"Organization\",\"@id\":\"https:\\\/\\\/www.quebakan.com\\\/v15\\\/#organization\",\"name\":\"Quebakan.com\",\"url\":\"https:\\\/\\\/www.quebakan.com\\\/v15\\\/\",\"logo\":{\"@type\":\"ImageObject\",\"inLanguage\":\"es\",\"@id\":\"https:\\\/\\\/www.quebakan.com\\\/v15\\\/#\\\/schema\\\/logo\\\/image\\\/\",\"url\":\"https:\\\/\\\/www.quebakan.com\\\/v15\\\/wp-content\\\/uploads\\\/2023\\\/07\\\/logoquebakanenero2021.jpg\",\"contentUrl\":\"https:\\\/\\\/www.quebakan.com\\\/v15\\\/wp-content\\\/uploads\\\/2023\\\/07\\\/logoquebakanenero2021.jpg\",\"width\":1920,\"height\":1080,\"caption\":\"Quebakan.com\"},\"image\":{\"@id\":\"https:\\\/\\\/www.quebakan.com\\\/v15\\\/#\\\/schema\\\/logo\\\/image\\\/\"},\"sameAs\":[\"http:\\\/\\\/www.facebook.com\\\/quebakan\",\"https:\\\/\\\/x.com\\\/quebakanec\",\"http:\\\/\\\/www.instagram.com\\\/quebakan\",\"http:\\\/\\\/www.youtube.com\\\/quebakan1\"]},{\"@type\":\"Person\",\"@id\":\"https:\\\/\\\/www.quebakan.com\\\/v15\\\/#\\\/schema\\\/person\\\/d90fa9f9cfa81eb8ace9811e5b7b9118\",\"name\":\"Erick Villafuerte\",\"image\":{\"@type\":\"ImageObject\",\"inLanguage\":\"es\",\"@id\":\"https:\\\/\\\/www.quebakan.com\\\/v15\\\/wp-content\\\/uploads\\\/avatars\\\/4\\\/1731297654-bpfull.png\",\"url\":\"https:\\\/\\\/www.quebakan.com\\\/v15\\\/wp-content\\\/uploads\\\/avatars\\\/4\\\/1731297654-bpfull.png\",\"contentUrl\":\"https:\\\/\\\/www.quebakan.com\\\/v15\\\/wp-content\\\/uploads\\\/avatars\\\/4\\\/1731297654-bpfull.png\",\"caption\":\"Erick Villafuerte\"}}]}<\/script>\n<!-- \/ Yoast SEO plugin. -->","yoast_head_json":{"title":"3 de cada 10 especialistas en HR a\u00fan no tiene en claro c\u00f3mo ser\u00e1 el panorama laboral durante 2025 &#8211; QUEBAKAN.COM 2026: Noticias, Eventos, Conciertos y mucho m\u00e1s....","robots":{"index":"index","follow":"follow","max-snippet":"max-snippet:-1","max-image-preview":"max-image-preview:large","max-video-preview":"max-video-preview:-1"},"canonical":"https:\/\/www.quebakan.com\/v15\/3-de-cada-10-especialistas-en-hr-aun-no-tiene-en-claro-como-sera-el-panorama-laboral-durante-2025\/","og_locale":"es_ES","og_type":"article","og_title":"3 de cada 10 especialistas en HR a\u00fan no tiene en claro c\u00f3mo ser\u00e1 el panorama laboral durante 2025 &#8211; QUEBAKAN.COM 2026: Noticias, Eventos, Conciertos y mucho m\u00e1s....","og_description":"Sin embargo, el 61% de los especialistas planifica sumar talentos y el 36% incrementar\u00e1 los salarios. Ecuador, 16 de enero de 2025.- Seg\u00fan el estudio Balance 2024 y expectativas 2025 de Multitrabajos, la app l\u00edder de empleo en Latinoam\u00e9rica, el 32% de los especialistas en Recursos Humanos en Ecuador a\u00fan no tiene una opini\u00f3n definida [&hellip;]","og_url":"https:\/\/www.quebakan.com\/v15\/3-de-cada-10-especialistas-en-hr-aun-no-tiene-en-claro-como-sera-el-panorama-laboral-durante-2025\/","og_site_name":"QUEBAKAN.COM 2026: Noticias, Eventos, Conciertos y mucho m\u00e1s....","article_publisher":"http:\/\/www.facebook.com\/quebakan","article_published_time":"2025-01-19T05:09:01+00:00","og_image":[{"width":602,"height":451,"url":"https:\/\/www.quebakan.com\/v15\/wp-content\/uploads\/2025\/01\/multitrabajos.jpg","type":"image\/jpeg"}],"author":"Erick Villafuerte","twitter_card":"summary_large_image","twitter_creator":"@quebakanec","twitter_site":"@quebakanec","twitter_misc":{"Escrito por":"Erick Villafuerte","Tiempo de lectura":"5 minutos"},"schema":{"@context":"https:\/\/schema.org","@graph":[{"@type":"Article","@id":"https:\/\/www.quebakan.com\/v15\/3-de-cada-10-especialistas-en-hr-aun-no-tiene-en-claro-como-sera-el-panorama-laboral-durante-2025\/#article","isPartOf":{"@id":"https:\/\/www.quebakan.com\/v15\/3-de-cada-10-especialistas-en-hr-aun-no-tiene-en-claro-como-sera-el-panorama-laboral-durante-2025\/"},"author":{"name":"Erick Villafuerte","@id":"https:\/\/www.quebakan.com\/v15\/#\/schema\/person\/d90fa9f9cfa81eb8ace9811e5b7b9118"},"headline":"3 de cada 10 especialistas en HR a\u00fan no tiene en claro c\u00f3mo ser\u00e1 el panorama laboral durante 2025","datePublished":"2025-01-19T05:09:01+00:00","mainEntityOfPage":{"@id":"https:\/\/www.quebakan.com\/v15\/3-de-cada-10-especialistas-en-hr-aun-no-tiene-en-claro-como-sera-el-panorama-laboral-durante-2025\/"},"wordCount":876,"commentCount":0,"publisher":{"@id":"https:\/\/www.quebakan.com\/v15\/#organization"},"image":{"@id":"https:\/\/www.quebakan.com\/v15\/3-de-cada-10-especialistas-en-hr-aun-no-tiene-en-claro-como-sera-el-panorama-laboral-durante-2025\/#primaryimage"},"thumbnailUrl":"https:\/\/www.quebakan.com\/v15\/wp-content\/uploads\/2025\/01\/multitrabajos.jpg","articleSection":["Noticias"],"inLanguage":"es"},{"@type":"WebPage","@id":"https:\/\/www.quebakan.com\/v15\/3-de-cada-10-especialistas-en-hr-aun-no-tiene-en-claro-como-sera-el-panorama-laboral-durante-2025\/","url":"https:\/\/www.quebakan.com\/v15\/3-de-cada-10-especialistas-en-hr-aun-no-tiene-en-claro-como-sera-el-panorama-laboral-durante-2025\/","name":"3 de cada 10 especialistas en HR a\u00fan no tiene en claro c\u00f3mo ser\u00e1 el panorama laboral durante 2025 &#8211; QUEBAKAN.COM 2026: Noticias, Eventos, Conciertos y mucho m\u00e1s....","isPartOf":{"@id":"https:\/\/www.quebakan.com\/v15\/#website"},"primaryImageOfPage":{"@id":"https:\/\/www.quebakan.com\/v15\/3-de-cada-10-especialistas-en-hr-aun-no-tiene-en-claro-como-sera-el-panorama-laboral-durante-2025\/#primaryimage"},"image":{"@id":"https:\/\/www.quebakan.com\/v15\/3-de-cada-10-especialistas-en-hr-aun-no-tiene-en-claro-como-sera-el-panorama-laboral-durante-2025\/#primaryimage"},"thumbnailUrl":"https:\/\/www.quebakan.com\/v15\/wp-content\/uploads\/2025\/01\/multitrabajos.jpg","datePublished":"2025-01-19T05:09:01+00:00","breadcrumb":{"@id":"https:\/\/www.quebakan.com\/v15\/3-de-cada-10-especialistas-en-hr-aun-no-tiene-en-claro-como-sera-el-panorama-laboral-durante-2025\/#breadcrumb"},"inLanguage":"es","potentialAction":[{"@type":"ReadAction","target":["https:\/\/www.quebakan.com\/v15\/3-de-cada-10-especialistas-en-hr-aun-no-tiene-en-claro-como-sera-el-panorama-laboral-durante-2025\/"]}]},{"@type":"ImageObject","inLanguage":"es","@id":"https:\/\/www.quebakan.com\/v15\/3-de-cada-10-especialistas-en-hr-aun-no-tiene-en-claro-como-sera-el-panorama-laboral-durante-2025\/#primaryimage","url":"https:\/\/www.quebakan.com\/v15\/wp-content\/uploads\/2025\/01\/multitrabajos.jpg","contentUrl":"https:\/\/www.quebakan.com\/v15\/wp-content\/uploads\/2025\/01\/multitrabajos.jpg","width":602,"height":451},{"@type":"BreadcrumbList","@id":"https:\/\/www.quebakan.com\/v15\/3-de-cada-10-especialistas-en-hr-aun-no-tiene-en-claro-como-sera-el-panorama-laboral-durante-2025\/#breadcrumb","itemListElement":[{"@type":"ListItem","position":1,"name":"Portada","item":"https:\/\/www.quebakan.com\/v15\/"},{"@type":"ListItem","position":2,"name":"3 de cada 10 especialistas en HR a\u00fan no tiene en claro c\u00f3mo ser\u00e1 el panorama laboral durante 2025"}]},{"@type":"WebSite","@id":"https:\/\/www.quebakan.com\/v15\/#website","url":"https:\/\/www.quebakan.com\/v15\/","name":"QUEBAKAN","description":"..","publisher":{"@id":"https:\/\/www.quebakan.com\/v15\/#organization"},"potentialAction":[{"@type":"SearchAction","target":{"@type":"EntryPoint","urlTemplate":"https:\/\/www.quebakan.com\/v15\/?s={search_term_string}"},"query-input":{"@type":"PropertyValueSpecification","valueRequired":true,"valueName":"search_term_string"}}],"inLanguage":"es"},{"@type":"Organization","@id":"https:\/\/www.quebakan.com\/v15\/#organization","name":"Quebakan.com","url":"https:\/\/www.quebakan.com\/v15\/","logo":{"@type":"ImageObject","inLanguage":"es","@id":"https:\/\/www.quebakan.com\/v15\/#\/schema\/logo\/image\/","url":"https:\/\/www.quebakan.com\/v15\/wp-content\/uploads\/2023\/07\/logoquebakanenero2021.jpg","contentUrl":"https:\/\/www.quebakan.com\/v15\/wp-content\/uploads\/2023\/07\/logoquebakanenero2021.jpg","width":1920,"height":1080,"caption":"Quebakan.com"},"image":{"@id":"https:\/\/www.quebakan.com\/v15\/#\/schema\/logo\/image\/"},"sameAs":["http:\/\/www.facebook.com\/quebakan","https:\/\/x.com\/quebakanec","http:\/\/www.instagram.com\/quebakan","http:\/\/www.youtube.com\/quebakan1"]},{"@type":"Person","@id":"https:\/\/www.quebakan.com\/v15\/#\/schema\/person\/d90fa9f9cfa81eb8ace9811e5b7b9118","name":"Erick Villafuerte","image":{"@type":"ImageObject","inLanguage":"es","@id":"https:\/\/www.quebakan.com\/v15\/wp-content\/uploads\/avatars\/4\/1731297654-bpfull.png","url":"https:\/\/www.quebakan.com\/v15\/wp-content\/uploads\/avatars\/4\/1731297654-bpfull.png","contentUrl":"https:\/\/www.quebakan.com\/v15\/wp-content\/uploads\/avatars\/4\/1731297654-bpfull.png","caption":"Erick Villafuerte"}}]}},"_links":{"self":[{"href":"https:\/\/www.quebakan.com\/v15\/wp-json\/wp\/v2\/posts\/127862","targetHints":{"allow":["GET"]}}],"collection":[{"href":"https:\/\/www.quebakan.com\/v15\/wp-json\/wp\/v2\/posts"}],"about":[{"href":"https:\/\/www.quebakan.com\/v15\/wp-json\/wp\/v2\/types\/post"}],"author":[{"embeddable":true,"href":"https:\/\/www.quebakan.com\/v15\/wp-json\/wp\/v2\/users\/4"}],"replies":[{"embeddable":true,"href":"https:\/\/www.quebakan.com\/v15\/wp-json\/wp\/v2\/comments?post=127862"}],"version-history":[{"count":1,"href":"https:\/\/www.quebakan.com\/v15\/wp-json\/wp\/v2\/posts\/127862\/revisions"}],"predecessor-version":[{"id":127864,"href":"https:\/\/www.quebakan.com\/v15\/wp-json\/wp\/v2\/posts\/127862\/revisions\/127864"}],"wp:featuredmedia":[{"embeddable":true,"href":"https:\/\/www.quebakan.com\/v15\/wp-json\/wp\/v2\/media\/127863"}],"wp:attachment":[{"href":"https:\/\/www.quebakan.com\/v15\/wp-json\/wp\/v2\/media?parent=127862"}],"wp:term":[{"taxonomy":"category","embeddable":true,"href":"https:\/\/www.quebakan.com\/v15\/wp-json\/wp\/v2\/categories?post=127862"},{"taxonomy":"post_tag","embeddable":true,"href":"https:\/\/www.quebakan.com\/v15\/wp-json\/wp\/v2\/tags?post=127862"}],"curies":[{"name":"wp","href":"https:\/\/api.w.org\/{rel}","templated":true}]}}