{"id":127876,"date":"2025-01-19T01:43:25","date_gmt":"2025-01-19T06:43:25","guid":{"rendered":"https:\/\/www.quebakan.com\/v15\/?p=127876"},"modified":"2025-01-19T01:43:25","modified_gmt":"2025-01-19T06:43:25","slug":"un-respiro-para-la-ciudad-420-arboles-se-siembran-en-el-area-del-escalon-tumbaco","status":"publish","type":"post","link":"https:\/\/www.quebakan.com\/v15\/un-respiro-para-la-ciudad-420-arboles-se-siembran-en-el-area-del-escalon-tumbaco\/","title":{"rendered":"Un respiro para la ciudad: 420 \u00e1rboles se siembran en el \u00e1rea del Escal\u00f3n Tumbaco"},"content":{"rendered":"<p><img fetchpriority=\"high\" decoding=\"async\" class=\"aligncenter size-full wp-image-127877\" src=\"https:\/\/www.quebakan.com\/v15\/wp-content\/uploads\/2025\/01\/000011.jpg\" alt=\"\" width=\"525\" height=\"700\" \/><\/p>\n<p style=\"text-align: justify;\"><span style=\"color: #000000;\"><strong>Quito, enero 2025.- <\/strong>En un compromiso con el medio ambiente y el desarrollo sostenible, Proa\u00f1o | Proa\u00f1o, una de las principales promotoras inmobiliarias de Quito, lider\u00f3 una exitosa convocatoria para la plantaci\u00f3n de 420 \u00e1rboles nativos en la parroquia de Tumbaco.<\/span><\/p>\n<p style=\"text-align: justify;\"><span style=\"color: #000000;\">Bajo el lema \u00abSiembra un \u00e1rbol y da un nuevo respiro a Tumbaco\u00bb, la iniciativa tuvo como objetivo fortalecer el equilibrio ecol\u00f3gico de la regi\u00f3n mediante la siembra de 220 \u00e1rboles en espacios p\u00fablicos y 200 adicionales en el nuevo proyecto habitacional de Proa\u00f1o | Proa\u00f1o, Vivah.<\/span><\/p>\n<p style=\"text-align: justify;\"><span style=\"color: #000000;\">El evento, que convoc\u00f3 a colaboradores de la empresa, vecinos de la zona, voluntarios de la comunidad, empresas constructoras miembros de Constructores Positivos, y amantes de la naturaleza, se convirti\u00f3 en una verdadera celebraci\u00f3n ambiental. Los asistentes compartieron una jornada de acci\u00f3n conjunta para fomentar un entorno m\u00e1s verde, saludable y sostenible para las generaciones futuras.<\/span><\/p>\n<p><img decoding=\"async\" class=\"aligncenter size-full wp-image-127878\" src=\"https:\/\/www.quebakan.com\/v15\/wp-content\/uploads\/2025\/01\/00022.jpg\" alt=\"\" width=\"525\" height=\"700\" \/><\/p>\n<p style=\"text-align: center;\"><span style=\"color: #000000;\"><strong>En la foto: <\/strong>Joan Proa\u00f1o, CEO de Proa\u00f1o | Proa\u00f1o.<\/span><\/p>\n<p style=\"text-align: justify;\"><span style=\"color: #000000;\"><em>\u00abNuestro prop\u00f3sito va m\u00e1s all\u00e1 de construir hogares. Queremos construir comunidades sostenibles que coexistan en armon\u00eda con el medio ambiente. La siembra de 19 especies de \u00e1rboles nativos del bosque interandino seco, como el chol\u00e1n, guabos, cepillos, arrayanes, arupos, etc., es un paso esencial para alcanzar ese objetivo y mejorar la calidad de vida en Tumbaco\u00bb<\/em>, destac\u00f3 Joan Proa\u00f1o, CEO de Proa\u00f1o | Proa\u00f1o.<\/span><\/p>\n<p style=\"text-align: justify;\"><span style=\"color: #000000;\">La actividad refuerza el compromiso de Proa\u00f1o | Proa\u00f1o con iniciativas de responsabilidad social y ambiental, alineadas con su visi\u00f3n de transformar espacios urbanos en lugares de bienestar.<\/span><\/p>\n","protected":false},"excerpt":{"rendered":"<p>Quito, enero 2025.- En un compromiso con el medio ambiente y el desarrollo sostenible, Proa\u00f1o | Proa\u00f1o, una de las principales promotoras inmobiliarias de Quito, lider\u00f3 una exitosa convocatoria para la plantaci\u00f3n de 420 \u00e1rboles nativos en la parroquia de Tumbaco. Bajo el lema \u00abSiembra un \u00e1rbol y da un nuevo respiro a Tumbaco\u00bb, la [&hellip;]<\/p>\n","protected":false},"author":4,"featured_media":127877,"comment_status":"open","ping_status":"open","sticky":false,"template":"","format":"standard","meta":{"_bbp_topic_count":0,"_bbp_reply_count":0,"_bbp_total_topic_count":0,"_bbp_total_reply_count":0,"_bbp_voice_count":0,"_bbp_anonymous_reply_count":0,"_bbp_topic_count_hidden":0,"_bbp_reply_count_hidden":0,"_bbp_forum_subforum_count":0,"buzzeditor_post_format":"","footnotes":""},"categories":[2],"tags":[],"class_list":["post-127876","post","type-post","status-publish","format-standard","has-post-thumbnail","hentry","category-noticias"],"yoast_head":"<!-- This site is optimized with the Yoast SEO plugin v27.4 - https:\/\/yoast.com\/product\/yoast-seo-wordpress\/ -->\n<title>Un respiro para la ciudad: 420 \u00e1rboles se siembran en el \u00e1rea del Escal\u00f3n Tumbaco &#8211; QUEBAKAN.COM 2026: Noticias, Eventos, Conciertos y mucho m\u00e1s....<\/title>\n<meta name=\"robots\" content=\"index, follow, max-snippet:-1, max-image-preview:large, max-video-preview:-1\" \/>\n<link rel=\"canonical\" href=\"https:\/\/www.quebakan.com\/v15\/un-respiro-para-la-ciudad-420-arboles-se-siembran-en-el-area-del-escalon-tumbaco\/\" \/>\n<meta property=\"og:locale\" content=\"es_ES\" \/>\n<meta property=\"og:type\" content=\"article\" \/>\n<meta property=\"og:title\" content=\"Un respiro para la ciudad: 420 \u00e1rboles se siembran en el \u00e1rea del Escal\u00f3n Tumbaco &#8211; QUEBAKAN.COM 2026: Noticias, Eventos, Conciertos y mucho m\u00e1s....\" \/>\n<meta property=\"og:description\" content=\"Quito, enero 2025.- En un compromiso con el medio ambiente y el desarrollo sostenible, Proa\u00f1o | Proa\u00f1o, una de las principales promotoras inmobiliarias de Quito, lider\u00f3 una exitosa convocatoria para la plantaci\u00f3n de 420 \u00e1rboles nativos en la parroquia de Tumbaco. Bajo el lema \u00abSiembra un \u00e1rbol y da un nuevo respiro a Tumbaco\u00bb, la [&hellip;]\" \/>\n<meta property=\"og:url\" content=\"https:\/\/www.quebakan.com\/v15\/un-respiro-para-la-ciudad-420-arboles-se-siembran-en-el-area-del-escalon-tumbaco\/\" \/>\n<meta property=\"og:site_name\" content=\"QUEBAKAN.COM 2026: Noticias, Eventos, Conciertos y mucho m\u00e1s....\" \/>\n<meta property=\"article:publisher\" content=\"http:\/\/www.facebook.com\/quebakan\" \/>\n<meta property=\"article:published_time\" content=\"2025-01-19T06:43:25+00:00\" \/>\n<meta property=\"og:image\" content=\"https:\/\/www.quebakan.com\/v15\/wp-content\/uploads\/2025\/01\/000011.jpg\" \/>\n\t<meta property=\"og:image:width\" content=\"525\" \/>\n\t<meta property=\"og:image:height\" content=\"700\" \/>\n\t<meta property=\"og:image:type\" content=\"image\/jpeg\" \/>\n<meta name=\"author\" content=\"Erick Villafuerte\" \/>\n<meta name=\"twitter:card\" content=\"summary_large_image\" \/>\n<meta name=\"twitter:creator\" content=\"@quebakanec\" \/>\n<meta name=\"twitter:site\" content=\"@quebakanec\" \/>\n<meta name=\"twitter:label1\" content=\"Escrito por\" \/>\n\t<meta name=\"twitter:data1\" content=\"Erick Villafuerte\" \/>\n\t<meta name=\"twitter:label2\" content=\"Tiempo de lectura\" \/>\n\t<meta name=\"twitter:data2\" content=\"2 minutos\" \/>\n<script type=\"application\/ld+json\" class=\"yoast-schema-graph\">{\"@context\":\"https:\\\/\\\/schema.org\",\"@graph\":[{\"@type\":\"Article\",\"@id\":\"https:\\\/\\\/www.quebakan.com\\\/v15\\\/un-respiro-para-la-ciudad-420-arboles-se-siembran-en-el-area-del-escalon-tumbaco\\\/#article\",\"isPartOf\":{\"@id\":\"https:\\\/\\\/www.quebakan.com\\\/v15\\\/un-respiro-para-la-ciudad-420-arboles-se-siembran-en-el-area-del-escalon-tumbaco\\\/\"},\"author\":{\"name\":\"Erick Villafuerte\",\"@id\":\"https:\\\/\\\/www.quebakan.com\\\/v15\\\/#\\\/schema\\\/person\\\/d90fa9f9cfa81eb8ace9811e5b7b9118\"},\"headline\":\"Un respiro para la ciudad: 420 \u00e1rboles se siembran en el \u00e1rea del Escal\u00f3n Tumbaco\",\"datePublished\":\"2025-01-19T06:43:25+00:00\",\"mainEntityOfPage\":{\"@id\":\"https:\\\/\\\/www.quebakan.com\\\/v15\\\/un-respiro-para-la-ciudad-420-arboles-se-siembran-en-el-area-del-escalon-tumbaco\\\/\"},\"wordCount\":276,\"commentCount\":0,\"publisher\":{\"@id\":\"https:\\\/\\\/www.quebakan.com\\\/v15\\\/#organization\"},\"image\":{\"@id\":\"https:\\\/\\\/www.quebakan.com\\\/v15\\\/un-respiro-para-la-ciudad-420-arboles-se-siembran-en-el-area-del-escalon-tumbaco\\\/#primaryimage\"},\"thumbnailUrl\":\"https:\\\/\\\/www.quebakan.com\\\/v15\\\/wp-content\\\/uploads\\\/2025\\\/01\\\/000011.jpg\",\"articleSection\":[\"Noticias\"],\"inLanguage\":\"es\"},{\"@type\":\"WebPage\",\"@id\":\"https:\\\/\\\/www.quebakan.com\\\/v15\\\/un-respiro-para-la-ciudad-420-arboles-se-siembran-en-el-area-del-escalon-tumbaco\\\/\",\"url\":\"https:\\\/\\\/www.quebakan.com\\\/v15\\\/un-respiro-para-la-ciudad-420-arboles-se-siembran-en-el-area-del-escalon-tumbaco\\\/\",\"name\":\"Un respiro para la ciudad: 420 \u00e1rboles se siembran en el \u00e1rea del Escal\u00f3n Tumbaco &#8211; QUEBAKAN.COM 2026: Noticias, Eventos, Conciertos y mucho m\u00e1s....\",\"isPartOf\":{\"@id\":\"https:\\\/\\\/www.quebakan.com\\\/v15\\\/#website\"},\"primaryImageOfPage\":{\"@id\":\"https:\\\/\\\/www.quebakan.com\\\/v15\\\/un-respiro-para-la-ciudad-420-arboles-se-siembran-en-el-area-del-escalon-tumbaco\\\/#primaryimage\"},\"image\":{\"@id\":\"https:\\\/\\\/www.quebakan.com\\\/v15\\\/un-respiro-para-la-ciudad-420-arboles-se-siembran-en-el-area-del-escalon-tumbaco\\\/#primaryimage\"},\"thumbnailUrl\":\"https:\\\/\\\/www.quebakan.com\\\/v15\\\/wp-content\\\/uploads\\\/2025\\\/01\\\/000011.jpg\",\"datePublished\":\"2025-01-19T06:43:25+00:00\",\"breadcrumb\":{\"@id\":\"https:\\\/\\\/www.quebakan.com\\\/v15\\\/un-respiro-para-la-ciudad-420-arboles-se-siembran-en-el-area-del-escalon-tumbaco\\\/#breadcrumb\"},\"inLanguage\":\"es\",\"potentialAction\":[{\"@type\":\"ReadAction\",\"target\":[\"https:\\\/\\\/www.quebakan.com\\\/v15\\\/un-respiro-para-la-ciudad-420-arboles-se-siembran-en-el-area-del-escalon-tumbaco\\\/\"]}]},{\"@type\":\"ImageObject\",\"inLanguage\":\"es\",\"@id\":\"https:\\\/\\\/www.quebakan.com\\\/v15\\\/un-respiro-para-la-ciudad-420-arboles-se-siembran-en-el-area-del-escalon-tumbaco\\\/#primaryimage\",\"url\":\"https:\\\/\\\/www.quebakan.com\\\/v15\\\/wp-content\\\/uploads\\\/2025\\\/01\\\/000011.jpg\",\"contentUrl\":\"https:\\\/\\\/www.quebakan.com\\\/v15\\\/wp-content\\\/uploads\\\/2025\\\/01\\\/000011.jpg\",\"width\":525,\"height\":700},{\"@type\":\"BreadcrumbList\",\"@id\":\"https:\\\/\\\/www.quebakan.com\\\/v15\\\/un-respiro-para-la-ciudad-420-arboles-se-siembran-en-el-area-del-escalon-tumbaco\\\/#breadcrumb\",\"itemListElement\":[{\"@type\":\"ListItem\",\"position\":1,\"name\":\"Portada\",\"item\":\"https:\\\/\\\/www.quebakan.com\\\/v15\\\/\"},{\"@type\":\"ListItem\",\"position\":2,\"name\":\"Un respiro para la ciudad: 420 \u00e1rboles se siembran en el \u00e1rea del Escal\u00f3n Tumbaco\"}]},{\"@type\":\"WebSite\",\"@id\":\"https:\\\/\\\/www.quebakan.com\\\/v15\\\/#website\",\"url\":\"https:\\\/\\\/www.quebakan.com\\\/v15\\\/\",\"name\":\"QUEBAKAN\",\"description\":\"..\",\"publisher\":{\"@id\":\"https:\\\/\\\/www.quebakan.com\\\/v15\\\/#organization\"},\"potentialAction\":[{\"@type\":\"SearchAction\",\"target\":{\"@type\":\"EntryPoint\",\"urlTemplate\":\"https:\\\/\\\/www.quebakan.com\\\/v15\\\/?s={search_term_string}\"},\"query-input\":{\"@type\":\"PropertyValueSpecification\",\"valueRequired\":true,\"valueName\":\"search_term_string\"}}],\"inLanguage\":\"es\"},{\"@type\":\"Organization\",\"@id\":\"https:\\\/\\\/www.quebakan.com\\\/v15\\\/#organization\",\"name\":\"Quebakan.com\",\"url\":\"https:\\\/\\\/www.quebakan.com\\\/v15\\\/\",\"logo\":{\"@type\":\"ImageObject\",\"inLanguage\":\"es\",\"@id\":\"https:\\\/\\\/www.quebakan.com\\\/v15\\\/#\\\/schema\\\/logo\\\/image\\\/\",\"url\":\"https:\\\/\\\/www.quebakan.com\\\/v15\\\/wp-content\\\/uploads\\\/2023\\\/07\\\/logoquebakanenero2021.jpg\",\"contentUrl\":\"https:\\\/\\\/www.quebakan.com\\\/v15\\\/wp-content\\\/uploads\\\/2023\\\/07\\\/logoquebakanenero2021.jpg\",\"width\":1920,\"height\":1080,\"caption\":\"Quebakan.com\"},\"image\":{\"@id\":\"https:\\\/\\\/www.quebakan.com\\\/v15\\\/#\\\/schema\\\/logo\\\/image\\\/\"},\"sameAs\":[\"http:\\\/\\\/www.facebook.com\\\/quebakan\",\"https:\\\/\\\/x.com\\\/quebakanec\",\"http:\\\/\\\/www.instagram.com\\\/quebakan\",\"http:\\\/\\\/www.youtube.com\\\/quebakan1\"]},{\"@type\":\"Person\",\"@id\":\"https:\\\/\\\/www.quebakan.com\\\/v15\\\/#\\\/schema\\\/person\\\/d90fa9f9cfa81eb8ace9811e5b7b9118\",\"name\":\"Erick Villafuerte\",\"image\":{\"@type\":\"ImageObject\",\"inLanguage\":\"es\",\"@id\":\"https:\\\/\\\/www.quebakan.com\\\/v15\\\/wp-content\\\/uploads\\\/avatars\\\/4\\\/1731297654-bpfull.png\",\"url\":\"https:\\\/\\\/www.quebakan.com\\\/v15\\\/wp-content\\\/uploads\\\/avatars\\\/4\\\/1731297654-bpfull.png\",\"contentUrl\":\"https:\\\/\\\/www.quebakan.com\\\/v15\\\/wp-content\\\/uploads\\\/avatars\\\/4\\\/1731297654-bpfull.png\",\"caption\":\"Erick Villafuerte\"}}]}<\/script>\n<!-- \/ Yoast SEO plugin. -->","yoast_head_json":{"title":"Un respiro para la ciudad: 420 \u00e1rboles se siembran en el \u00e1rea del Escal\u00f3n Tumbaco &#8211; QUEBAKAN.COM 2026: Noticias, Eventos, Conciertos y mucho m\u00e1s....","robots":{"index":"index","follow":"follow","max-snippet":"max-snippet:-1","max-image-preview":"max-image-preview:large","max-video-preview":"max-video-preview:-1"},"canonical":"https:\/\/www.quebakan.com\/v15\/un-respiro-para-la-ciudad-420-arboles-se-siembran-en-el-area-del-escalon-tumbaco\/","og_locale":"es_ES","og_type":"article","og_title":"Un respiro para la ciudad: 420 \u00e1rboles se siembran en el \u00e1rea del Escal\u00f3n Tumbaco &#8211; QUEBAKAN.COM 2026: Noticias, Eventos, Conciertos y mucho m\u00e1s....","og_description":"Quito, enero 2025.- En un compromiso con el medio ambiente y el desarrollo sostenible, Proa\u00f1o | Proa\u00f1o, una de las principales promotoras inmobiliarias de Quito, lider\u00f3 una exitosa convocatoria para la plantaci\u00f3n de 420 \u00e1rboles nativos en la parroquia de Tumbaco. Bajo el lema \u00abSiembra un \u00e1rbol y da un nuevo respiro a Tumbaco\u00bb, la [&hellip;]","og_url":"https:\/\/www.quebakan.com\/v15\/un-respiro-para-la-ciudad-420-arboles-se-siembran-en-el-area-del-escalon-tumbaco\/","og_site_name":"QUEBAKAN.COM 2026: Noticias, Eventos, Conciertos y mucho m\u00e1s....","article_publisher":"http:\/\/www.facebook.com\/quebakan","article_published_time":"2025-01-19T06:43:25+00:00","og_image":[{"width":525,"height":700,"url":"https:\/\/www.quebakan.com\/v15\/wp-content\/uploads\/2025\/01\/000011.jpg","type":"image\/jpeg"}],"author":"Erick Villafuerte","twitter_card":"summary_large_image","twitter_creator":"@quebakanec","twitter_site":"@quebakanec","twitter_misc":{"Escrito por":"Erick Villafuerte","Tiempo de lectura":"2 minutos"},"schema":{"@context":"https:\/\/schema.org","@graph":[{"@type":"Article","@id":"https:\/\/www.quebakan.com\/v15\/un-respiro-para-la-ciudad-420-arboles-se-siembran-en-el-area-del-escalon-tumbaco\/#article","isPartOf":{"@id":"https:\/\/www.quebakan.com\/v15\/un-respiro-para-la-ciudad-420-arboles-se-siembran-en-el-area-del-escalon-tumbaco\/"},"author":{"name":"Erick Villafuerte","@id":"https:\/\/www.quebakan.com\/v15\/#\/schema\/person\/d90fa9f9cfa81eb8ace9811e5b7b9118"},"headline":"Un respiro para la ciudad: 420 \u00e1rboles se siembran en el \u00e1rea del Escal\u00f3n Tumbaco","datePublished":"2025-01-19T06:43:25+00:00","mainEntityOfPage":{"@id":"https:\/\/www.quebakan.com\/v15\/un-respiro-para-la-ciudad-420-arboles-se-siembran-en-el-area-del-escalon-tumbaco\/"},"wordCount":276,"commentCount":0,"publisher":{"@id":"https:\/\/www.quebakan.com\/v15\/#organization"},"image":{"@id":"https:\/\/www.quebakan.com\/v15\/un-respiro-para-la-ciudad-420-arboles-se-siembran-en-el-area-del-escalon-tumbaco\/#primaryimage"},"thumbnailUrl":"https:\/\/www.quebakan.com\/v15\/wp-content\/uploads\/2025\/01\/000011.jpg","articleSection":["Noticias"],"inLanguage":"es"},{"@type":"WebPage","@id":"https:\/\/www.quebakan.com\/v15\/un-respiro-para-la-ciudad-420-arboles-se-siembran-en-el-area-del-escalon-tumbaco\/","url":"https:\/\/www.quebakan.com\/v15\/un-respiro-para-la-ciudad-420-arboles-se-siembran-en-el-area-del-escalon-tumbaco\/","name":"Un respiro para la ciudad: 420 \u00e1rboles se siembran en el \u00e1rea del Escal\u00f3n Tumbaco &#8211; QUEBAKAN.COM 2026: Noticias, Eventos, Conciertos y mucho m\u00e1s....","isPartOf":{"@id":"https:\/\/www.quebakan.com\/v15\/#website"},"primaryImageOfPage":{"@id":"https:\/\/www.quebakan.com\/v15\/un-respiro-para-la-ciudad-420-arboles-se-siembran-en-el-area-del-escalon-tumbaco\/#primaryimage"},"image":{"@id":"https:\/\/www.quebakan.com\/v15\/un-respiro-para-la-ciudad-420-arboles-se-siembran-en-el-area-del-escalon-tumbaco\/#primaryimage"},"thumbnailUrl":"https:\/\/www.quebakan.com\/v15\/wp-content\/uploads\/2025\/01\/000011.jpg","datePublished":"2025-01-19T06:43:25+00:00","breadcrumb":{"@id":"https:\/\/www.quebakan.com\/v15\/un-respiro-para-la-ciudad-420-arboles-se-siembran-en-el-area-del-escalon-tumbaco\/#breadcrumb"},"inLanguage":"es","potentialAction":[{"@type":"ReadAction","target":["https:\/\/www.quebakan.com\/v15\/un-respiro-para-la-ciudad-420-arboles-se-siembran-en-el-area-del-escalon-tumbaco\/"]}]},{"@type":"ImageObject","inLanguage":"es","@id":"https:\/\/www.quebakan.com\/v15\/un-respiro-para-la-ciudad-420-arboles-se-siembran-en-el-area-del-escalon-tumbaco\/#primaryimage","url":"https:\/\/www.quebakan.com\/v15\/wp-content\/uploads\/2025\/01\/000011.jpg","contentUrl":"https:\/\/www.quebakan.com\/v15\/wp-content\/uploads\/2025\/01\/000011.jpg","width":525,"height":700},{"@type":"BreadcrumbList","@id":"https:\/\/www.quebakan.com\/v15\/un-respiro-para-la-ciudad-420-arboles-se-siembran-en-el-area-del-escalon-tumbaco\/#breadcrumb","itemListElement":[{"@type":"ListItem","position":1,"name":"Portada","item":"https:\/\/www.quebakan.com\/v15\/"},{"@type":"ListItem","position":2,"name":"Un respiro para la ciudad: 420 \u00e1rboles se siembran en el \u00e1rea del Escal\u00f3n Tumbaco"}]},{"@type":"WebSite","@id":"https:\/\/www.quebakan.com\/v15\/#website","url":"https:\/\/www.quebakan.com\/v15\/","name":"QUEBAKAN","description":"..","publisher":{"@id":"https:\/\/www.quebakan.com\/v15\/#organization"},"potentialAction":[{"@type":"SearchAction","target":{"@type":"EntryPoint","urlTemplate":"https:\/\/www.quebakan.com\/v15\/?s={search_term_string}"},"query-input":{"@type":"PropertyValueSpecification","valueRequired":true,"valueName":"search_term_string"}}],"inLanguage":"es"},{"@type":"Organization","@id":"https:\/\/www.quebakan.com\/v15\/#organization","name":"Quebakan.com","url":"https:\/\/www.quebakan.com\/v15\/","logo":{"@type":"ImageObject","inLanguage":"es","@id":"https:\/\/www.quebakan.com\/v15\/#\/schema\/logo\/image\/","url":"https:\/\/www.quebakan.com\/v15\/wp-content\/uploads\/2023\/07\/logoquebakanenero2021.jpg","contentUrl":"https:\/\/www.quebakan.com\/v15\/wp-content\/uploads\/2023\/07\/logoquebakanenero2021.jpg","width":1920,"height":1080,"caption":"Quebakan.com"},"image":{"@id":"https:\/\/www.quebakan.com\/v15\/#\/schema\/logo\/image\/"},"sameAs":["http:\/\/www.facebook.com\/quebakan","https:\/\/x.com\/quebakanec","http:\/\/www.instagram.com\/quebakan","http:\/\/www.youtube.com\/quebakan1"]},{"@type":"Person","@id":"https:\/\/www.quebakan.com\/v15\/#\/schema\/person\/d90fa9f9cfa81eb8ace9811e5b7b9118","name":"Erick Villafuerte","image":{"@type":"ImageObject","inLanguage":"es","@id":"https:\/\/www.quebakan.com\/v15\/wp-content\/uploads\/avatars\/4\/1731297654-bpfull.png","url":"https:\/\/www.quebakan.com\/v15\/wp-content\/uploads\/avatars\/4\/1731297654-bpfull.png","contentUrl":"https:\/\/www.quebakan.com\/v15\/wp-content\/uploads\/avatars\/4\/1731297654-bpfull.png","caption":"Erick Villafuerte"}}]}},"_links":{"self":[{"href":"https:\/\/www.quebakan.com\/v15\/wp-json\/wp\/v2\/posts\/127876","targetHints":{"allow":["GET"]}}],"collection":[{"href":"https:\/\/www.quebakan.com\/v15\/wp-json\/wp\/v2\/posts"}],"about":[{"href":"https:\/\/www.quebakan.com\/v15\/wp-json\/wp\/v2\/types\/post"}],"author":[{"embeddable":true,"href":"https:\/\/www.quebakan.com\/v15\/wp-json\/wp\/v2\/users\/4"}],"replies":[{"embeddable":true,"href":"https:\/\/www.quebakan.com\/v15\/wp-json\/wp\/v2\/comments?post=127876"}],"version-history":[{"count":1,"href":"https:\/\/www.quebakan.com\/v15\/wp-json\/wp\/v2\/posts\/127876\/revisions"}],"predecessor-version":[{"id":127879,"href":"https:\/\/www.quebakan.com\/v15\/wp-json\/wp\/v2\/posts\/127876\/revisions\/127879"}],"wp:featuredmedia":[{"embeddable":true,"href":"https:\/\/www.quebakan.com\/v15\/wp-json\/wp\/v2\/media\/127877"}],"wp:attachment":[{"href":"https:\/\/www.quebakan.com\/v15\/wp-json\/wp\/v2\/media?parent=127876"}],"wp:term":[{"taxonomy":"category","embeddable":true,"href":"https:\/\/www.quebakan.com\/v15\/wp-json\/wp\/v2\/categories?post=127876"},{"taxonomy":"post_tag","embeddable":true,"href":"https:\/\/www.quebakan.com\/v15\/wp-json\/wp\/v2\/tags?post=127876"}],"curies":[{"name":"wp","href":"https:\/\/api.w.org\/{rel}","templated":true}]}}