{"id":127880,"date":"2025-01-19T02:34:07","date_gmt":"2025-01-19T07:34:07","guid":{"rendered":"https:\/\/www.quebakan.com\/v15\/?p=127880"},"modified":"2025-01-19T02:34:07","modified_gmt":"2025-01-19T07:34:07","slug":"contecon-guayaquil-transforma-la-logistica-bananera-con-la-primera-bodega-fria-al-pie-del-muelle","status":"publish","type":"post","link":"https:\/\/www.quebakan.com\/v15\/contecon-guayaquil-transforma-la-logistica-bananera-con-la-primera-bodega-fria-al-pie-del-muelle\/","title":{"rendered":"Contecon Guayaquil transforma la log\u00edstica bananera con la primera bodega fr\u00eda al pie del muelle"},"content":{"rendered":"<p><img fetchpriority=\"high\" decoding=\"async\" class=\"aligncenter size-full wp-image-127881\" src=\"https:\/\/www.quebakan.com\/v15\/wp-content\/uploads\/2025\/01\/GGSA_Inauguracion_Bodega_Fria_95.jpg\" alt=\"\" width=\"700\" height=\"467\" \/><\/p>\n<p style=\"text-align: justify;\"><span style=\"color: #000000;\"><strong>Guayaquil, 16 de enero de 2025.- <\/strong>Guayaquil Banana Gateway, un proyecto pionero en el pa\u00eds ubicado directamente al pie del muelle: Contecon, en alianza con Cool Carriers, rompe todos los esquemas en la exportaci\u00f3n de banano con el lanzamiento de su revolucionario servicio de Bodega Fr\u00eda.\u00a0 Esta audaz innovaci\u00f3n coloca a Contecon y a Cool Carriers a la vanguardia de la tecnolog\u00eda de conservaci\u00f3n y env\u00edo, marcando un antes y un despu\u00e9s en la forma de exportar el banano ecuatoriano.<\/span><\/p>\n<p style=\"text-align: justify;\"><span style=\"color: #000000;\">Con esta nueva infraestructura, Cool Carriers aprovechar\u00e1 la oportunidad de llevar la eficiencia y la frescura a otro nivel, consolidando a Ecuador como l\u00edder mundial en la calidad de su banano.<\/span><\/p>\n<p style=\"text-align: justify;\"><strong><span style=\"color: #000000;\">\u00bfPor qu\u00e9 es disruptivo?<\/span><\/strong><\/p>\n<ul style=\"text-align: justify;\">\n<li><span style=\"color: #000000;\">Reducci\u00f3n dr\u00e1stica en tiempos de espera: Menos horas en tierra, m\u00e1s velocidad de despacho.<\/span><\/li>\n<li><span style=\"color: #000000;\">Conservaci\u00f3n Premium: Temperaturas controladas al detalle, asegurando que la fruta llegue m\u00e1s fresca y en mejores condiciones.<\/span><\/li>\n<li><span style=\"color: #000000;\">Ubicaci\u00f3n Estrat\u00e9gica: Al estar justo en el muelle, se optimiza cada minuto, garantizando la m\u00e1xima eficiencia en toda la cadena de suministro.<\/span><\/li>\n<\/ul>\n<p style=\"text-align: justify;\"><span style=\"color: #000000;\"><em>\u00abComo sector portuario y log\u00edstico, hemos estado all\u00ed, y seguiremos siendo un pilar fundamental para el desarrollo del Ecuador. La excelencia es nuestro prop\u00f3sito y como socio del estado, estamos listos para continuar siendo la puerta de Ecuador al mundo y seguir cosechando frutos para el comercio y el pa\u00eds.\u00bb<\/em>, mencion\u00f3 <strong>Javier Lancha, CEO de Contecon Guayaquil.<\/strong><\/span><\/p>\n<p style=\"text-align: justify;\"><span style=\"color: #000000;\">Con la inauguraci\u00f3n de Guayaquil Banana Gateway, se abre una nueva era en la exportaci\u00f3n de productos frescos, reforzando su compromiso de posicionar a Ecuador como referente de calidad en Am\u00e9rica Latina. Esta es la prueba contundente de c\u00f3mo la tecnolog\u00eda y el pensamiento visionario pueden transformar por completo un sector esencial para la econom\u00eda del pa\u00eds.<\/span><\/p>\n<p style=\"text-align: justify;\"><span style=\"color: #000000;\"><strong> <img decoding=\"async\" class=\"aligncenter size-full wp-image-127882\" src=\"https:\/\/www.quebakan.com\/v15\/wp-content\/uploads\/2025\/01\/GGSA_Inauguracion_Bodega_Fria_120.jpg\" alt=\"\" width=\"700\" height=\"467\" \/><\/strong><\/span><\/p>\n","protected":false},"excerpt":{"rendered":"<p>Guayaquil, 16 de enero de 2025.- Guayaquil Banana Gateway, un proyecto pionero en el pa\u00eds ubicado directamente al pie del muelle: Contecon, en alianza con Cool Carriers, rompe todos los esquemas en la exportaci\u00f3n de banano con el lanzamiento de su revolucionario servicio de Bodega Fr\u00eda.\u00a0 Esta audaz innovaci\u00f3n coloca a Contecon y a Cool [&hellip;]<\/p>\n","protected":false},"author":4,"featured_media":127882,"comment_status":"open","ping_status":"open","sticky":false,"template":"","format":"standard","meta":{"_bbp_topic_count":0,"_bbp_reply_count":0,"_bbp_total_topic_count":0,"_bbp_total_reply_count":0,"_bbp_voice_count":0,"_bbp_anonymous_reply_count":0,"_bbp_topic_count_hidden":0,"_bbp_reply_count_hidden":0,"_bbp_forum_subforum_count":0,"buzzeditor_post_format":"","footnotes":""},"categories":[2],"tags":[],"class_list":["post-127880","post","type-post","status-publish","format-standard","has-post-thumbnail","hentry","category-noticias"],"yoast_head":"<!-- This site is optimized with the Yoast SEO plugin v27.4 - https:\/\/yoast.com\/product\/yoast-seo-wordpress\/ -->\n<title>Contecon Guayaquil transforma la log\u00edstica bananera con la primera bodega fr\u00eda al pie del muelle &#8211; QUEBAKAN.COM 2026: Noticias, Eventos, Conciertos y mucho m\u00e1s....<\/title>\n<meta name=\"robots\" content=\"index, follow, max-snippet:-1, max-image-preview:large, max-video-preview:-1\" \/>\n<link rel=\"canonical\" href=\"https:\/\/www.quebakan.com\/v15\/contecon-guayaquil-transforma-la-logistica-bananera-con-la-primera-bodega-fria-al-pie-del-muelle\/\" \/>\n<meta property=\"og:locale\" content=\"es_ES\" \/>\n<meta property=\"og:type\" content=\"article\" \/>\n<meta property=\"og:title\" content=\"Contecon Guayaquil transforma la log\u00edstica bananera con la primera bodega fr\u00eda al pie del muelle &#8211; QUEBAKAN.COM 2026: Noticias, Eventos, Conciertos y mucho m\u00e1s....\" \/>\n<meta property=\"og:description\" content=\"Guayaquil, 16 de enero de 2025.- Guayaquil Banana Gateway, un proyecto pionero en el pa\u00eds ubicado directamente al pie del muelle: Contecon, en alianza con Cool Carriers, rompe todos los esquemas en la exportaci\u00f3n de banano con el lanzamiento de su revolucionario servicio de Bodega Fr\u00eda.\u00a0 Esta audaz innovaci\u00f3n coloca a Contecon y a Cool [&hellip;]\" \/>\n<meta property=\"og:url\" content=\"https:\/\/www.quebakan.com\/v15\/contecon-guayaquil-transforma-la-logistica-bananera-con-la-primera-bodega-fria-al-pie-del-muelle\/\" \/>\n<meta property=\"og:site_name\" content=\"QUEBAKAN.COM 2026: Noticias, Eventos, Conciertos y mucho m\u00e1s....\" \/>\n<meta property=\"article:publisher\" content=\"http:\/\/www.facebook.com\/quebakan\" \/>\n<meta property=\"article:published_time\" content=\"2025-01-19T07:34:07+00:00\" \/>\n<meta property=\"og:image\" content=\"https:\/\/www.quebakan.com\/v15\/wp-content\/uploads\/2025\/01\/GGSA_Inauguracion_Bodega_Fria_120.jpg\" \/>\n\t<meta property=\"og:image:width\" content=\"700\" \/>\n\t<meta property=\"og:image:height\" content=\"467\" \/>\n\t<meta property=\"og:image:type\" content=\"image\/jpeg\" \/>\n<meta name=\"author\" content=\"Erick Villafuerte\" \/>\n<meta name=\"twitter:card\" content=\"summary_large_image\" \/>\n<meta name=\"twitter:creator\" content=\"@quebakanec\" \/>\n<meta name=\"twitter:site\" content=\"@quebakanec\" \/>\n<meta name=\"twitter:label1\" content=\"Escrito por\" \/>\n\t<meta name=\"twitter:data1\" content=\"Erick Villafuerte\" \/>\n\t<meta name=\"twitter:label2\" content=\"Tiempo de lectura\" \/>\n\t<meta name=\"twitter:data2\" content=\"2 minutos\" \/>\n<script type=\"application\/ld+json\" class=\"yoast-schema-graph\">{\"@context\":\"https:\\\/\\\/schema.org\",\"@graph\":[{\"@type\":\"Article\",\"@id\":\"https:\\\/\\\/www.quebakan.com\\\/v15\\\/contecon-guayaquil-transforma-la-logistica-bananera-con-la-primera-bodega-fria-al-pie-del-muelle\\\/#article\",\"isPartOf\":{\"@id\":\"https:\\\/\\\/www.quebakan.com\\\/v15\\\/contecon-guayaquil-transforma-la-logistica-bananera-con-la-primera-bodega-fria-al-pie-del-muelle\\\/\"},\"author\":{\"name\":\"Erick Villafuerte\",\"@id\":\"https:\\\/\\\/www.quebakan.com\\\/v15\\\/#\\\/schema\\\/person\\\/d90fa9f9cfa81eb8ace9811e5b7b9118\"},\"headline\":\"Contecon Guayaquil transforma la log\u00edstica bananera con la primera bodega fr\u00eda al pie del muelle\",\"datePublished\":\"2025-01-19T07:34:07+00:00\",\"mainEntityOfPage\":{\"@id\":\"https:\\\/\\\/www.quebakan.com\\\/v15\\\/contecon-guayaquil-transforma-la-logistica-bananera-con-la-primera-bodega-fria-al-pie-del-muelle\\\/\"},\"wordCount\":325,\"commentCount\":0,\"publisher\":{\"@id\":\"https:\\\/\\\/www.quebakan.com\\\/v15\\\/#organization\"},\"image\":{\"@id\":\"https:\\\/\\\/www.quebakan.com\\\/v15\\\/contecon-guayaquil-transforma-la-logistica-bananera-con-la-primera-bodega-fria-al-pie-del-muelle\\\/#primaryimage\"},\"thumbnailUrl\":\"https:\\\/\\\/www.quebakan.com\\\/v15\\\/wp-content\\\/uploads\\\/2025\\\/01\\\/GGSA_Inauguracion_Bodega_Fria_120.jpg\",\"articleSection\":[\"Noticias\"],\"inLanguage\":\"es\"},{\"@type\":\"WebPage\",\"@id\":\"https:\\\/\\\/www.quebakan.com\\\/v15\\\/contecon-guayaquil-transforma-la-logistica-bananera-con-la-primera-bodega-fria-al-pie-del-muelle\\\/\",\"url\":\"https:\\\/\\\/www.quebakan.com\\\/v15\\\/contecon-guayaquil-transforma-la-logistica-bananera-con-la-primera-bodega-fria-al-pie-del-muelle\\\/\",\"name\":\"Contecon Guayaquil transforma la log\u00edstica bananera con la primera bodega fr\u00eda al pie del muelle &#8211; QUEBAKAN.COM 2026: Noticias, Eventos, Conciertos y mucho m\u00e1s....\",\"isPartOf\":{\"@id\":\"https:\\\/\\\/www.quebakan.com\\\/v15\\\/#website\"},\"primaryImageOfPage\":{\"@id\":\"https:\\\/\\\/www.quebakan.com\\\/v15\\\/contecon-guayaquil-transforma-la-logistica-bananera-con-la-primera-bodega-fria-al-pie-del-muelle\\\/#primaryimage\"},\"image\":{\"@id\":\"https:\\\/\\\/www.quebakan.com\\\/v15\\\/contecon-guayaquil-transforma-la-logistica-bananera-con-la-primera-bodega-fria-al-pie-del-muelle\\\/#primaryimage\"},\"thumbnailUrl\":\"https:\\\/\\\/www.quebakan.com\\\/v15\\\/wp-content\\\/uploads\\\/2025\\\/01\\\/GGSA_Inauguracion_Bodega_Fria_120.jpg\",\"datePublished\":\"2025-01-19T07:34:07+00:00\",\"breadcrumb\":{\"@id\":\"https:\\\/\\\/www.quebakan.com\\\/v15\\\/contecon-guayaquil-transforma-la-logistica-bananera-con-la-primera-bodega-fria-al-pie-del-muelle\\\/#breadcrumb\"},\"inLanguage\":\"es\",\"potentialAction\":[{\"@type\":\"ReadAction\",\"target\":[\"https:\\\/\\\/www.quebakan.com\\\/v15\\\/contecon-guayaquil-transforma-la-logistica-bananera-con-la-primera-bodega-fria-al-pie-del-muelle\\\/\"]}]},{\"@type\":\"ImageObject\",\"inLanguage\":\"es\",\"@id\":\"https:\\\/\\\/www.quebakan.com\\\/v15\\\/contecon-guayaquil-transforma-la-logistica-bananera-con-la-primera-bodega-fria-al-pie-del-muelle\\\/#primaryimage\",\"url\":\"https:\\\/\\\/www.quebakan.com\\\/v15\\\/wp-content\\\/uploads\\\/2025\\\/01\\\/GGSA_Inauguracion_Bodega_Fria_120.jpg\",\"contentUrl\":\"https:\\\/\\\/www.quebakan.com\\\/v15\\\/wp-content\\\/uploads\\\/2025\\\/01\\\/GGSA_Inauguracion_Bodega_Fria_120.jpg\",\"width\":700,\"height\":467},{\"@type\":\"BreadcrumbList\",\"@id\":\"https:\\\/\\\/www.quebakan.com\\\/v15\\\/contecon-guayaquil-transforma-la-logistica-bananera-con-la-primera-bodega-fria-al-pie-del-muelle\\\/#breadcrumb\",\"itemListElement\":[{\"@type\":\"ListItem\",\"position\":1,\"name\":\"Portada\",\"item\":\"https:\\\/\\\/www.quebakan.com\\\/v15\\\/\"},{\"@type\":\"ListItem\",\"position\":2,\"name\":\"Contecon Guayaquil transforma la log\u00edstica bananera con la primera bodega fr\u00eda al pie del muelle\"}]},{\"@type\":\"WebSite\",\"@id\":\"https:\\\/\\\/www.quebakan.com\\\/v15\\\/#website\",\"url\":\"https:\\\/\\\/www.quebakan.com\\\/v15\\\/\",\"name\":\"QUEBAKAN\",\"description\":\"..\",\"publisher\":{\"@id\":\"https:\\\/\\\/www.quebakan.com\\\/v15\\\/#organization\"},\"potentialAction\":[{\"@type\":\"SearchAction\",\"target\":{\"@type\":\"EntryPoint\",\"urlTemplate\":\"https:\\\/\\\/www.quebakan.com\\\/v15\\\/?s={search_term_string}\"},\"query-input\":{\"@type\":\"PropertyValueSpecification\",\"valueRequired\":true,\"valueName\":\"search_term_string\"}}],\"inLanguage\":\"es\"},{\"@type\":\"Organization\",\"@id\":\"https:\\\/\\\/www.quebakan.com\\\/v15\\\/#organization\",\"name\":\"Quebakan.com\",\"url\":\"https:\\\/\\\/www.quebakan.com\\\/v15\\\/\",\"logo\":{\"@type\":\"ImageObject\",\"inLanguage\":\"es\",\"@id\":\"https:\\\/\\\/www.quebakan.com\\\/v15\\\/#\\\/schema\\\/logo\\\/image\\\/\",\"url\":\"https:\\\/\\\/www.quebakan.com\\\/v15\\\/wp-content\\\/uploads\\\/2023\\\/07\\\/logoquebakanenero2021.jpg\",\"contentUrl\":\"https:\\\/\\\/www.quebakan.com\\\/v15\\\/wp-content\\\/uploads\\\/2023\\\/07\\\/logoquebakanenero2021.jpg\",\"width\":1920,\"height\":1080,\"caption\":\"Quebakan.com\"},\"image\":{\"@id\":\"https:\\\/\\\/www.quebakan.com\\\/v15\\\/#\\\/schema\\\/logo\\\/image\\\/\"},\"sameAs\":[\"http:\\\/\\\/www.facebook.com\\\/quebakan\",\"https:\\\/\\\/x.com\\\/quebakanec\",\"http:\\\/\\\/www.instagram.com\\\/quebakan\",\"http:\\\/\\\/www.youtube.com\\\/quebakan1\"]},{\"@type\":\"Person\",\"@id\":\"https:\\\/\\\/www.quebakan.com\\\/v15\\\/#\\\/schema\\\/person\\\/d90fa9f9cfa81eb8ace9811e5b7b9118\",\"name\":\"Erick Villafuerte\",\"image\":{\"@type\":\"ImageObject\",\"inLanguage\":\"es\",\"@id\":\"https:\\\/\\\/www.quebakan.com\\\/v15\\\/wp-content\\\/uploads\\\/avatars\\\/4\\\/1731297654-bpfull.png\",\"url\":\"https:\\\/\\\/www.quebakan.com\\\/v15\\\/wp-content\\\/uploads\\\/avatars\\\/4\\\/1731297654-bpfull.png\",\"contentUrl\":\"https:\\\/\\\/www.quebakan.com\\\/v15\\\/wp-content\\\/uploads\\\/avatars\\\/4\\\/1731297654-bpfull.png\",\"caption\":\"Erick Villafuerte\"}}]}<\/script>\n<!-- \/ Yoast SEO plugin. -->","yoast_head_json":{"title":"Contecon Guayaquil transforma la log\u00edstica bananera con la primera bodega fr\u00eda al pie del muelle &#8211; QUEBAKAN.COM 2026: Noticias, Eventos, Conciertos y mucho m\u00e1s....","robots":{"index":"index","follow":"follow","max-snippet":"max-snippet:-1","max-image-preview":"max-image-preview:large","max-video-preview":"max-video-preview:-1"},"canonical":"https:\/\/www.quebakan.com\/v15\/contecon-guayaquil-transforma-la-logistica-bananera-con-la-primera-bodega-fria-al-pie-del-muelle\/","og_locale":"es_ES","og_type":"article","og_title":"Contecon Guayaquil transforma la log\u00edstica bananera con la primera bodega fr\u00eda al pie del muelle &#8211; QUEBAKAN.COM 2026: Noticias, Eventos, Conciertos y mucho m\u00e1s....","og_description":"Guayaquil, 16 de enero de 2025.- Guayaquil Banana Gateway, un proyecto pionero en el pa\u00eds ubicado directamente al pie del muelle: Contecon, en alianza con Cool Carriers, rompe todos los esquemas en la exportaci\u00f3n de banano con el lanzamiento de su revolucionario servicio de Bodega Fr\u00eda.\u00a0 Esta audaz innovaci\u00f3n coloca a Contecon y a Cool [&hellip;]","og_url":"https:\/\/www.quebakan.com\/v15\/contecon-guayaquil-transforma-la-logistica-bananera-con-la-primera-bodega-fria-al-pie-del-muelle\/","og_site_name":"QUEBAKAN.COM 2026: Noticias, Eventos, Conciertos y mucho m\u00e1s....","article_publisher":"http:\/\/www.facebook.com\/quebakan","article_published_time":"2025-01-19T07:34:07+00:00","og_image":[{"width":700,"height":467,"url":"https:\/\/www.quebakan.com\/v15\/wp-content\/uploads\/2025\/01\/GGSA_Inauguracion_Bodega_Fria_120.jpg","type":"image\/jpeg"}],"author":"Erick Villafuerte","twitter_card":"summary_large_image","twitter_creator":"@quebakanec","twitter_site":"@quebakanec","twitter_misc":{"Escrito por":"Erick Villafuerte","Tiempo de lectura":"2 minutos"},"schema":{"@context":"https:\/\/schema.org","@graph":[{"@type":"Article","@id":"https:\/\/www.quebakan.com\/v15\/contecon-guayaquil-transforma-la-logistica-bananera-con-la-primera-bodega-fria-al-pie-del-muelle\/#article","isPartOf":{"@id":"https:\/\/www.quebakan.com\/v15\/contecon-guayaquil-transforma-la-logistica-bananera-con-la-primera-bodega-fria-al-pie-del-muelle\/"},"author":{"name":"Erick Villafuerte","@id":"https:\/\/www.quebakan.com\/v15\/#\/schema\/person\/d90fa9f9cfa81eb8ace9811e5b7b9118"},"headline":"Contecon Guayaquil transforma la log\u00edstica bananera con la primera bodega fr\u00eda al pie del muelle","datePublished":"2025-01-19T07:34:07+00:00","mainEntityOfPage":{"@id":"https:\/\/www.quebakan.com\/v15\/contecon-guayaquil-transforma-la-logistica-bananera-con-la-primera-bodega-fria-al-pie-del-muelle\/"},"wordCount":325,"commentCount":0,"publisher":{"@id":"https:\/\/www.quebakan.com\/v15\/#organization"},"image":{"@id":"https:\/\/www.quebakan.com\/v15\/contecon-guayaquil-transforma-la-logistica-bananera-con-la-primera-bodega-fria-al-pie-del-muelle\/#primaryimage"},"thumbnailUrl":"https:\/\/www.quebakan.com\/v15\/wp-content\/uploads\/2025\/01\/GGSA_Inauguracion_Bodega_Fria_120.jpg","articleSection":["Noticias"],"inLanguage":"es"},{"@type":"WebPage","@id":"https:\/\/www.quebakan.com\/v15\/contecon-guayaquil-transforma-la-logistica-bananera-con-la-primera-bodega-fria-al-pie-del-muelle\/","url":"https:\/\/www.quebakan.com\/v15\/contecon-guayaquil-transforma-la-logistica-bananera-con-la-primera-bodega-fria-al-pie-del-muelle\/","name":"Contecon Guayaquil transforma la log\u00edstica bananera con la primera bodega fr\u00eda al pie del muelle &#8211; QUEBAKAN.COM 2026: Noticias, Eventos, Conciertos y mucho m\u00e1s....","isPartOf":{"@id":"https:\/\/www.quebakan.com\/v15\/#website"},"primaryImageOfPage":{"@id":"https:\/\/www.quebakan.com\/v15\/contecon-guayaquil-transforma-la-logistica-bananera-con-la-primera-bodega-fria-al-pie-del-muelle\/#primaryimage"},"image":{"@id":"https:\/\/www.quebakan.com\/v15\/contecon-guayaquil-transforma-la-logistica-bananera-con-la-primera-bodega-fria-al-pie-del-muelle\/#primaryimage"},"thumbnailUrl":"https:\/\/www.quebakan.com\/v15\/wp-content\/uploads\/2025\/01\/GGSA_Inauguracion_Bodega_Fria_120.jpg","datePublished":"2025-01-19T07:34:07+00:00","breadcrumb":{"@id":"https:\/\/www.quebakan.com\/v15\/contecon-guayaquil-transforma-la-logistica-bananera-con-la-primera-bodega-fria-al-pie-del-muelle\/#breadcrumb"},"inLanguage":"es","potentialAction":[{"@type":"ReadAction","target":["https:\/\/www.quebakan.com\/v15\/contecon-guayaquil-transforma-la-logistica-bananera-con-la-primera-bodega-fria-al-pie-del-muelle\/"]}]},{"@type":"ImageObject","inLanguage":"es","@id":"https:\/\/www.quebakan.com\/v15\/contecon-guayaquil-transforma-la-logistica-bananera-con-la-primera-bodega-fria-al-pie-del-muelle\/#primaryimage","url":"https:\/\/www.quebakan.com\/v15\/wp-content\/uploads\/2025\/01\/GGSA_Inauguracion_Bodega_Fria_120.jpg","contentUrl":"https:\/\/www.quebakan.com\/v15\/wp-content\/uploads\/2025\/01\/GGSA_Inauguracion_Bodega_Fria_120.jpg","width":700,"height":467},{"@type":"BreadcrumbList","@id":"https:\/\/www.quebakan.com\/v15\/contecon-guayaquil-transforma-la-logistica-bananera-con-la-primera-bodega-fria-al-pie-del-muelle\/#breadcrumb","itemListElement":[{"@type":"ListItem","position":1,"name":"Portada","item":"https:\/\/www.quebakan.com\/v15\/"},{"@type":"ListItem","position":2,"name":"Contecon Guayaquil transforma la log\u00edstica bananera con la primera bodega fr\u00eda al pie del muelle"}]},{"@type":"WebSite","@id":"https:\/\/www.quebakan.com\/v15\/#website","url":"https:\/\/www.quebakan.com\/v15\/","name":"QUEBAKAN","description":"..","publisher":{"@id":"https:\/\/www.quebakan.com\/v15\/#organization"},"potentialAction":[{"@type":"SearchAction","target":{"@type":"EntryPoint","urlTemplate":"https:\/\/www.quebakan.com\/v15\/?s={search_term_string}"},"query-input":{"@type":"PropertyValueSpecification","valueRequired":true,"valueName":"search_term_string"}}],"inLanguage":"es"},{"@type":"Organization","@id":"https:\/\/www.quebakan.com\/v15\/#organization","name":"Quebakan.com","url":"https:\/\/www.quebakan.com\/v15\/","logo":{"@type":"ImageObject","inLanguage":"es","@id":"https:\/\/www.quebakan.com\/v15\/#\/schema\/logo\/image\/","url":"https:\/\/www.quebakan.com\/v15\/wp-content\/uploads\/2023\/07\/logoquebakanenero2021.jpg","contentUrl":"https:\/\/www.quebakan.com\/v15\/wp-content\/uploads\/2023\/07\/logoquebakanenero2021.jpg","width":1920,"height":1080,"caption":"Quebakan.com"},"image":{"@id":"https:\/\/www.quebakan.com\/v15\/#\/schema\/logo\/image\/"},"sameAs":["http:\/\/www.facebook.com\/quebakan","https:\/\/x.com\/quebakanec","http:\/\/www.instagram.com\/quebakan","http:\/\/www.youtube.com\/quebakan1"]},{"@type":"Person","@id":"https:\/\/www.quebakan.com\/v15\/#\/schema\/person\/d90fa9f9cfa81eb8ace9811e5b7b9118","name":"Erick Villafuerte","image":{"@type":"ImageObject","inLanguage":"es","@id":"https:\/\/www.quebakan.com\/v15\/wp-content\/uploads\/avatars\/4\/1731297654-bpfull.png","url":"https:\/\/www.quebakan.com\/v15\/wp-content\/uploads\/avatars\/4\/1731297654-bpfull.png","contentUrl":"https:\/\/www.quebakan.com\/v15\/wp-content\/uploads\/avatars\/4\/1731297654-bpfull.png","caption":"Erick Villafuerte"}}]}},"_links":{"self":[{"href":"https:\/\/www.quebakan.com\/v15\/wp-json\/wp\/v2\/posts\/127880","targetHints":{"allow":["GET"]}}],"collection":[{"href":"https:\/\/www.quebakan.com\/v15\/wp-json\/wp\/v2\/posts"}],"about":[{"href":"https:\/\/www.quebakan.com\/v15\/wp-json\/wp\/v2\/types\/post"}],"author":[{"embeddable":true,"href":"https:\/\/www.quebakan.com\/v15\/wp-json\/wp\/v2\/users\/4"}],"replies":[{"embeddable":true,"href":"https:\/\/www.quebakan.com\/v15\/wp-json\/wp\/v2\/comments?post=127880"}],"version-history":[{"count":1,"href":"https:\/\/www.quebakan.com\/v15\/wp-json\/wp\/v2\/posts\/127880\/revisions"}],"predecessor-version":[{"id":127883,"href":"https:\/\/www.quebakan.com\/v15\/wp-json\/wp\/v2\/posts\/127880\/revisions\/127883"}],"wp:featuredmedia":[{"embeddable":true,"href":"https:\/\/www.quebakan.com\/v15\/wp-json\/wp\/v2\/media\/127882"}],"wp:attachment":[{"href":"https:\/\/www.quebakan.com\/v15\/wp-json\/wp\/v2\/media?parent=127880"}],"wp:term":[{"taxonomy":"category","embeddable":true,"href":"https:\/\/www.quebakan.com\/v15\/wp-json\/wp\/v2\/categories?post=127880"},{"taxonomy":"post_tag","embeddable":true,"href":"https:\/\/www.quebakan.com\/v15\/wp-json\/wp\/v2\/tags?post=127880"}],"curies":[{"name":"wp","href":"https:\/\/api.w.org\/{rel}","templated":true}]}}