{"id":127888,"date":"2025-01-19T11:48:55","date_gmt":"2025-01-19T16:48:55","guid":{"rendered":"https:\/\/www.quebakan.com\/v15\/?p=127888"},"modified":"2025-01-19T11:48:55","modified_gmt":"2025-01-19T16:48:55","slug":"fundacion-holcim-inaugura-primer-vivero-comunitario-de-manglar-en-guayaquil","status":"publish","type":"post","link":"https:\/\/www.quebakan.com\/v15\/fundacion-holcim-inaugura-primer-vivero-comunitario-de-manglar-en-guayaquil\/","title":{"rendered":"FUNDACI\u00d3N HOLCIM INAUGURA PRIMER VIVERO COMUNITARIO DE MANGLAR EN GUAYAQUIL"},"content":{"rendered":"<p><img fetchpriority=\"high\" decoding=\"async\" class=\"aligncenter size-full wp-image-127889\" src=\"https:\/\/www.quebakan.com\/v15\/wp-content\/uploads\/2025\/01\/grupo10.jpg\" alt=\"\" width=\"678\" height=\"414\" \/><\/p>\n<p style=\"text-align: justify;\"><span style=\"color: #000000;\"><strong><em>Pie de foto:<\/em><\/strong><em>\u00a0 Representantes de la Asociaci\u00f3n de Peque\u00f1os Agricultores y de la comunidad de Puerto Hondo, junto al equipo de Holcim Ecuador y la organizaci\u00f3n \u201cThe Social Project\u00bb durante la inauguraci\u00f3n del primer vivero comunitario de manglar en Guayaquil. <\/em><\/span><\/p>\n<p style=\"text-align: justify;\"><span style=\"color: #000000;\">En un esfuerzo pionero por restaurar el ecosistema de manglares y promover la sostenibilidad, la Fundaci\u00f3n Holcim Ecuador, inaugura el primer vivero comunitario de manglar en Puerto Hondo, Guayaquil. Este proyecto, liderado por Holcim Ecuador y la Fundaci\u00f3n The Social Project como co-ejecutores, busca reforestar y preservar el entorno natural, mientras fomenta el desarrollo econ\u00f3mico sostenible para la comunidad local.<\/span><\/p>\n<p style=\"text-align: justify;\"><span style=\"color: #000000;\">La idea naci\u00f3 hace un a\u00f1o, cuando la Fundaci\u00f3n Holcim Ecuador, en sus trabajos habituales en el sector, como parte de su estrategia de inversi\u00f3n social que lleva m\u00e1s de doce a\u00f1os trabajando en y con 14 comunidades en la v\u00eda a la Costa, vecinas a sus operaciones. Fue all\u00ed donde el equipo de Holcim Ecuador propuso ejecutar el proyecto \u201cEl Primer Vivero Comunitario de Manglar en Guayaquil\u201d.<\/span><\/p>\n<p style=\"text-align: justify;\"><span style=\"color: #000000;\">La comunidad de Puerto Hondo, representada por la Asociaci\u00f3n de Peque\u00f1os Agricultores, a trav\u00e9s de un voto en asamblea, decidi\u00f3 unirse al proyecto y aportar un terreno comunitario al pie del estero para su ejecuci\u00f3n, que al momento se encontraba deshabitado y ocupado como escombrera.\u00a0 Para adecuar el lugar y levantar la infraestructura del vivero, fueron necesarias 12 mingas comunitarias y 3 voluntariados corporativos a los que se sumaron 55 colaboradores del equipo de Holcim Ecuador.<\/span><\/p>\n<p style=\"text-align: justify;\"><span style=\"color: #000000;\">Adem\u00e1s de dejar listo el lugar f\u00edsico para su funcionamiento, el proyecto requiri\u00f3 de la preparaci\u00f3n t\u00e9cnica para administrar esta especie tan importante para el ambiente, se brindaron 24 horas de talleres de capacitaci\u00f3n a las 22 personas de la comunidad que conformaron la comitiva del proyecto en temas como: el cuidado y crecimiento de manglares, reforestaci\u00f3n, adem\u00e1s de formaci\u00f3n administrativa para gestionar el negocio y ofrecer servicios de reforestaci\u00f3n y venta de plantas.<\/span><\/p>\n<p style=\"text-align: justify;\"><span style=\"color: #000000;\">En esta primera fase, se est\u00e1n preparando las primeras 2,000 pl\u00e1ntulas de mangle de las especies: rojo (<em>Rhizophora mangle<\/em>), negro (<em>Avicennia germinans<\/em>) y jel\u00ed (<em>Conocarpus erectus<\/em>). Los manglares ecuatorianos, adem\u00e1s de ser ecosistemas clave para la conservaci\u00f3n de diversas especies de flora y fauna, tienen un papel crucial en la mitigaci\u00f3n del cambio clim\u00e1tico. Seg\u00fan estudios realizados en el Refugio de Vida Silvestre Manglares del Estuario R\u00edo Esmeraldas, los manglares pueden almacenar hasta 446,94 toneladas de CO\u2082 por hect\u00e1rea en su biomasa. Adicionalmente, estos ecosistemas albergan una rica biodiversidad, incluyendo cinco de las siete especies de manglar presentes en Ecuador, y proporcionan h\u00e1bitat para numerosas especies de peces, crust\u00e1ceos, moluscos, aves y reptiles que dependen de ellos para su alimentaci\u00f3n y reproducci\u00f3n. Con este proyecto, no solo se busca restaurar este ecosistema protegido, sino tambi\u00e9n fomentar su contribuci\u00f3n al equilibrio clim\u00e1tico y al bienestar de la comunidad.<\/span><\/p>\n<p style=\"text-align: justify;\"><span style=\"color: #000000;\">La Fundaci\u00f3n Holcim Ecuador continuar\u00e1 brindando acompa\u00f1amiento t\u00e9cnico y estrat\u00e9gico a la comunidad para garantizar la sostenibilidad del proyecto. Adem\u00e1s, que se convierta en un catalizador para que m\u00e1s habitantes de la comunidad de Puerto Hondo y de Chong\u00f3n se sigan vinculando a los diferentes proyectos que la Fundaci\u00f3n Holcim mantiene en el sector, como el Centro de Educaci\u00f3n para Todos que lleva m\u00e1s de 10 a\u00f1os ofreciendo formaci\u00f3n enfocada en diferentes temas y habilidades para el desarrollo de emprendimientos y que la comunidad crezca de manera sostenible.<\/span><\/p>\n<p style=\"text-align: justify;\"><span style=\"color: #000000;\">Se estima que para junio de 2025 estar\u00e1 lista la primera producci\u00f3n de mangles para su venta, marcando un hito como modelo econ\u00f3mico innovador y como el primer vivero comunitario de manglares en Ecuador, \u00fanico en brindar un servicio integral de reforestaci\u00f3n.<\/span><\/p>\n<p style=\"text-align: justify;\"><span style=\"color: #000000;\">Es importante destacar que este proyecto se fundamenta en tres pilares claves: conservaci\u00f3n, desarrollo social y econom\u00eda comunitaria. Estos principios aseguran beneficios ambientales, sociales y econ\u00f3micos para fortalecer la restauraci\u00f3n de los ecosistemas costeros de Ecuador.<\/span><\/p>\n","protected":false},"excerpt":{"rendered":"<p>Pie de foto:\u00a0 Representantes de la Asociaci\u00f3n de Peque\u00f1os Agricultores y de la comunidad de Puerto Hondo, junto al equipo de Holcim Ecuador y la organizaci\u00f3n \u201cThe Social Project\u00bb durante la inauguraci\u00f3n del primer vivero comunitario de manglar en Guayaquil. En un esfuerzo pionero por restaurar el ecosistema de manglares y promover la sostenibilidad, la [&hellip;]<\/p>\n","protected":false},"author":4,"featured_media":127889,"comment_status":"open","ping_status":"open","sticky":false,"template":"","format":"standard","meta":{"_bbp_topic_count":0,"_bbp_reply_count":0,"_bbp_total_topic_count":0,"_bbp_total_reply_count":0,"_bbp_voice_count":0,"_bbp_anonymous_reply_count":0,"_bbp_topic_count_hidden":0,"_bbp_reply_count_hidden":0,"_bbp_forum_subforum_count":0,"buzzeditor_post_format":"","footnotes":""},"categories":[2],"tags":[],"class_list":["post-127888","post","type-post","status-publish","format-standard","has-post-thumbnail","hentry","category-noticias"],"yoast_head":"<!-- This site is optimized with the Yoast SEO plugin v27.4 - https:\/\/yoast.com\/product\/yoast-seo-wordpress\/ -->\n<title>FUNDACI\u00d3N HOLCIM INAUGURA PRIMER VIVERO COMUNITARIO DE MANGLAR EN GUAYAQUIL &#8211; QUEBAKAN.COM 2026: Noticias, Eventos, Conciertos y mucho m\u00e1s....<\/title>\n<meta name=\"robots\" content=\"index, follow, max-snippet:-1, max-image-preview:large, max-video-preview:-1\" \/>\n<link rel=\"canonical\" href=\"https:\/\/www.quebakan.com\/v15\/fundacion-holcim-inaugura-primer-vivero-comunitario-de-manglar-en-guayaquil\/\" \/>\n<meta property=\"og:locale\" content=\"es_ES\" \/>\n<meta property=\"og:type\" content=\"article\" \/>\n<meta property=\"og:title\" content=\"FUNDACI\u00d3N HOLCIM INAUGURA PRIMER VIVERO COMUNITARIO DE MANGLAR EN GUAYAQUIL &#8211; QUEBAKAN.COM 2026: Noticias, Eventos, Conciertos y mucho m\u00e1s....\" \/>\n<meta property=\"og:description\" content=\"Pie de foto:\u00a0 Representantes de la Asociaci\u00f3n de Peque\u00f1os Agricultores y de la comunidad de Puerto Hondo, junto al equipo de Holcim Ecuador y la organizaci\u00f3n \u201cThe Social Project\u00bb durante la inauguraci\u00f3n del primer vivero comunitario de manglar en Guayaquil. En un esfuerzo pionero por restaurar el ecosistema de manglares y promover la sostenibilidad, la [&hellip;]\" \/>\n<meta property=\"og:url\" content=\"https:\/\/www.quebakan.com\/v15\/fundacion-holcim-inaugura-primer-vivero-comunitario-de-manglar-en-guayaquil\/\" \/>\n<meta property=\"og:site_name\" content=\"QUEBAKAN.COM 2026: Noticias, Eventos, Conciertos y mucho m\u00e1s....\" \/>\n<meta property=\"article:publisher\" content=\"http:\/\/www.facebook.com\/quebakan\" \/>\n<meta property=\"article:published_time\" content=\"2025-01-19T16:48:55+00:00\" \/>\n<meta property=\"og:image\" content=\"https:\/\/www.quebakan.com\/v15\/wp-content\/uploads\/2025\/01\/grupo10.jpg\" \/>\n\t<meta property=\"og:image:width\" content=\"678\" \/>\n\t<meta property=\"og:image:height\" content=\"414\" \/>\n\t<meta property=\"og:image:type\" content=\"image\/jpeg\" \/>\n<meta name=\"author\" content=\"Erick Villafuerte\" \/>\n<meta name=\"twitter:card\" content=\"summary_large_image\" \/>\n<meta name=\"twitter:creator\" content=\"@quebakanec\" \/>\n<meta name=\"twitter:site\" content=\"@quebakanec\" \/>\n<meta name=\"twitter:label1\" content=\"Escrito por\" \/>\n\t<meta name=\"twitter:data1\" content=\"Erick Villafuerte\" \/>\n\t<meta name=\"twitter:label2\" content=\"Tiempo de lectura\" \/>\n\t<meta name=\"twitter:data2\" content=\"4 minutos\" \/>\n<script type=\"application\/ld+json\" class=\"yoast-schema-graph\">{\"@context\":\"https:\\\/\\\/schema.org\",\"@graph\":[{\"@type\":\"Article\",\"@id\":\"https:\\\/\\\/www.quebakan.com\\\/v15\\\/fundacion-holcim-inaugura-primer-vivero-comunitario-de-manglar-en-guayaquil\\\/#article\",\"isPartOf\":{\"@id\":\"https:\\\/\\\/www.quebakan.com\\\/v15\\\/fundacion-holcim-inaugura-primer-vivero-comunitario-de-manglar-en-guayaquil\\\/\"},\"author\":{\"name\":\"Erick Villafuerte\",\"@id\":\"https:\\\/\\\/www.quebakan.com\\\/v15\\\/#\\\/schema\\\/person\\\/d90fa9f9cfa81eb8ace9811e5b7b9118\"},\"headline\":\"FUNDACI\u00d3N HOLCIM INAUGURA PRIMER VIVERO COMUNITARIO DE MANGLAR EN GUAYAQUIL\",\"datePublished\":\"2025-01-19T16:48:55+00:00\",\"mainEntityOfPage\":{\"@id\":\"https:\\\/\\\/www.quebakan.com\\\/v15\\\/fundacion-holcim-inaugura-primer-vivero-comunitario-de-manglar-en-guayaquil\\\/\"},\"wordCount\":693,\"commentCount\":0,\"publisher\":{\"@id\":\"https:\\\/\\\/www.quebakan.com\\\/v15\\\/#organization\"},\"image\":{\"@id\":\"https:\\\/\\\/www.quebakan.com\\\/v15\\\/fundacion-holcim-inaugura-primer-vivero-comunitario-de-manglar-en-guayaquil\\\/#primaryimage\"},\"thumbnailUrl\":\"https:\\\/\\\/www.quebakan.com\\\/v15\\\/wp-content\\\/uploads\\\/2025\\\/01\\\/grupo10.jpg\",\"articleSection\":[\"Noticias\"],\"inLanguage\":\"es\"},{\"@type\":\"WebPage\",\"@id\":\"https:\\\/\\\/www.quebakan.com\\\/v15\\\/fundacion-holcim-inaugura-primer-vivero-comunitario-de-manglar-en-guayaquil\\\/\",\"url\":\"https:\\\/\\\/www.quebakan.com\\\/v15\\\/fundacion-holcim-inaugura-primer-vivero-comunitario-de-manglar-en-guayaquil\\\/\",\"name\":\"FUNDACI\u00d3N HOLCIM INAUGURA PRIMER VIVERO COMUNITARIO DE MANGLAR EN GUAYAQUIL &#8211; QUEBAKAN.COM 2026: Noticias, Eventos, Conciertos y mucho m\u00e1s....\",\"isPartOf\":{\"@id\":\"https:\\\/\\\/www.quebakan.com\\\/v15\\\/#website\"},\"primaryImageOfPage\":{\"@id\":\"https:\\\/\\\/www.quebakan.com\\\/v15\\\/fundacion-holcim-inaugura-primer-vivero-comunitario-de-manglar-en-guayaquil\\\/#primaryimage\"},\"image\":{\"@id\":\"https:\\\/\\\/www.quebakan.com\\\/v15\\\/fundacion-holcim-inaugura-primer-vivero-comunitario-de-manglar-en-guayaquil\\\/#primaryimage\"},\"thumbnailUrl\":\"https:\\\/\\\/www.quebakan.com\\\/v15\\\/wp-content\\\/uploads\\\/2025\\\/01\\\/grupo10.jpg\",\"datePublished\":\"2025-01-19T16:48:55+00:00\",\"breadcrumb\":{\"@id\":\"https:\\\/\\\/www.quebakan.com\\\/v15\\\/fundacion-holcim-inaugura-primer-vivero-comunitario-de-manglar-en-guayaquil\\\/#breadcrumb\"},\"inLanguage\":\"es\",\"potentialAction\":[{\"@type\":\"ReadAction\",\"target\":[\"https:\\\/\\\/www.quebakan.com\\\/v15\\\/fundacion-holcim-inaugura-primer-vivero-comunitario-de-manglar-en-guayaquil\\\/\"]}]},{\"@type\":\"ImageObject\",\"inLanguage\":\"es\",\"@id\":\"https:\\\/\\\/www.quebakan.com\\\/v15\\\/fundacion-holcim-inaugura-primer-vivero-comunitario-de-manglar-en-guayaquil\\\/#primaryimage\",\"url\":\"https:\\\/\\\/www.quebakan.com\\\/v15\\\/wp-content\\\/uploads\\\/2025\\\/01\\\/grupo10.jpg\",\"contentUrl\":\"https:\\\/\\\/www.quebakan.com\\\/v15\\\/wp-content\\\/uploads\\\/2025\\\/01\\\/grupo10.jpg\",\"width\":678,\"height\":414},{\"@type\":\"BreadcrumbList\",\"@id\":\"https:\\\/\\\/www.quebakan.com\\\/v15\\\/fundacion-holcim-inaugura-primer-vivero-comunitario-de-manglar-en-guayaquil\\\/#breadcrumb\",\"itemListElement\":[{\"@type\":\"ListItem\",\"position\":1,\"name\":\"Portada\",\"item\":\"https:\\\/\\\/www.quebakan.com\\\/v15\\\/\"},{\"@type\":\"ListItem\",\"position\":2,\"name\":\"FUNDACI\u00d3N HOLCIM INAUGURA PRIMER VIVERO COMUNITARIO DE MANGLAR EN GUAYAQUIL\"}]},{\"@type\":\"WebSite\",\"@id\":\"https:\\\/\\\/www.quebakan.com\\\/v15\\\/#website\",\"url\":\"https:\\\/\\\/www.quebakan.com\\\/v15\\\/\",\"name\":\"QUEBAKAN\",\"description\":\"..\",\"publisher\":{\"@id\":\"https:\\\/\\\/www.quebakan.com\\\/v15\\\/#organization\"},\"potentialAction\":[{\"@type\":\"SearchAction\",\"target\":{\"@type\":\"EntryPoint\",\"urlTemplate\":\"https:\\\/\\\/www.quebakan.com\\\/v15\\\/?s={search_term_string}\"},\"query-input\":{\"@type\":\"PropertyValueSpecification\",\"valueRequired\":true,\"valueName\":\"search_term_string\"}}],\"inLanguage\":\"es\"},{\"@type\":\"Organization\",\"@id\":\"https:\\\/\\\/www.quebakan.com\\\/v15\\\/#organization\",\"name\":\"Quebakan.com\",\"url\":\"https:\\\/\\\/www.quebakan.com\\\/v15\\\/\",\"logo\":{\"@type\":\"ImageObject\",\"inLanguage\":\"es\",\"@id\":\"https:\\\/\\\/www.quebakan.com\\\/v15\\\/#\\\/schema\\\/logo\\\/image\\\/\",\"url\":\"https:\\\/\\\/www.quebakan.com\\\/v15\\\/wp-content\\\/uploads\\\/2023\\\/07\\\/logoquebakanenero2021.jpg\",\"contentUrl\":\"https:\\\/\\\/www.quebakan.com\\\/v15\\\/wp-content\\\/uploads\\\/2023\\\/07\\\/logoquebakanenero2021.jpg\",\"width\":1920,\"height\":1080,\"caption\":\"Quebakan.com\"},\"image\":{\"@id\":\"https:\\\/\\\/www.quebakan.com\\\/v15\\\/#\\\/schema\\\/logo\\\/image\\\/\"},\"sameAs\":[\"http:\\\/\\\/www.facebook.com\\\/quebakan\",\"https:\\\/\\\/x.com\\\/quebakanec\",\"http:\\\/\\\/www.instagram.com\\\/quebakan\",\"http:\\\/\\\/www.youtube.com\\\/quebakan1\"]},{\"@type\":\"Person\",\"@id\":\"https:\\\/\\\/www.quebakan.com\\\/v15\\\/#\\\/schema\\\/person\\\/d90fa9f9cfa81eb8ace9811e5b7b9118\",\"name\":\"Erick Villafuerte\",\"image\":{\"@type\":\"ImageObject\",\"inLanguage\":\"es\",\"@id\":\"https:\\\/\\\/www.quebakan.com\\\/v15\\\/wp-content\\\/uploads\\\/avatars\\\/4\\\/1731297654-bpfull.png\",\"url\":\"https:\\\/\\\/www.quebakan.com\\\/v15\\\/wp-content\\\/uploads\\\/avatars\\\/4\\\/1731297654-bpfull.png\",\"contentUrl\":\"https:\\\/\\\/www.quebakan.com\\\/v15\\\/wp-content\\\/uploads\\\/avatars\\\/4\\\/1731297654-bpfull.png\",\"caption\":\"Erick Villafuerte\"}}]}<\/script>\n<!-- \/ Yoast SEO plugin. -->","yoast_head_json":{"title":"FUNDACI\u00d3N HOLCIM INAUGURA PRIMER VIVERO COMUNITARIO DE MANGLAR EN GUAYAQUIL &#8211; QUEBAKAN.COM 2026: Noticias, Eventos, Conciertos y mucho m\u00e1s....","robots":{"index":"index","follow":"follow","max-snippet":"max-snippet:-1","max-image-preview":"max-image-preview:large","max-video-preview":"max-video-preview:-1"},"canonical":"https:\/\/www.quebakan.com\/v15\/fundacion-holcim-inaugura-primer-vivero-comunitario-de-manglar-en-guayaquil\/","og_locale":"es_ES","og_type":"article","og_title":"FUNDACI\u00d3N HOLCIM INAUGURA PRIMER VIVERO COMUNITARIO DE MANGLAR EN GUAYAQUIL &#8211; QUEBAKAN.COM 2026: Noticias, Eventos, Conciertos y mucho m\u00e1s....","og_description":"Pie de foto:\u00a0 Representantes de la Asociaci\u00f3n de Peque\u00f1os Agricultores y de la comunidad de Puerto Hondo, junto al equipo de Holcim Ecuador y la organizaci\u00f3n \u201cThe Social Project\u00bb durante la inauguraci\u00f3n del primer vivero comunitario de manglar en Guayaquil. En un esfuerzo pionero por restaurar el ecosistema de manglares y promover la sostenibilidad, la [&hellip;]","og_url":"https:\/\/www.quebakan.com\/v15\/fundacion-holcim-inaugura-primer-vivero-comunitario-de-manglar-en-guayaquil\/","og_site_name":"QUEBAKAN.COM 2026: Noticias, Eventos, Conciertos y mucho m\u00e1s....","article_publisher":"http:\/\/www.facebook.com\/quebakan","article_published_time":"2025-01-19T16:48:55+00:00","og_image":[{"width":678,"height":414,"url":"https:\/\/www.quebakan.com\/v15\/wp-content\/uploads\/2025\/01\/grupo10.jpg","type":"image\/jpeg"}],"author":"Erick Villafuerte","twitter_card":"summary_large_image","twitter_creator":"@quebakanec","twitter_site":"@quebakanec","twitter_misc":{"Escrito por":"Erick Villafuerte","Tiempo de lectura":"4 minutos"},"schema":{"@context":"https:\/\/schema.org","@graph":[{"@type":"Article","@id":"https:\/\/www.quebakan.com\/v15\/fundacion-holcim-inaugura-primer-vivero-comunitario-de-manglar-en-guayaquil\/#article","isPartOf":{"@id":"https:\/\/www.quebakan.com\/v15\/fundacion-holcim-inaugura-primer-vivero-comunitario-de-manglar-en-guayaquil\/"},"author":{"name":"Erick Villafuerte","@id":"https:\/\/www.quebakan.com\/v15\/#\/schema\/person\/d90fa9f9cfa81eb8ace9811e5b7b9118"},"headline":"FUNDACI\u00d3N HOLCIM INAUGURA PRIMER VIVERO COMUNITARIO DE MANGLAR EN GUAYAQUIL","datePublished":"2025-01-19T16:48:55+00:00","mainEntityOfPage":{"@id":"https:\/\/www.quebakan.com\/v15\/fundacion-holcim-inaugura-primer-vivero-comunitario-de-manglar-en-guayaquil\/"},"wordCount":693,"commentCount":0,"publisher":{"@id":"https:\/\/www.quebakan.com\/v15\/#organization"},"image":{"@id":"https:\/\/www.quebakan.com\/v15\/fundacion-holcim-inaugura-primer-vivero-comunitario-de-manglar-en-guayaquil\/#primaryimage"},"thumbnailUrl":"https:\/\/www.quebakan.com\/v15\/wp-content\/uploads\/2025\/01\/grupo10.jpg","articleSection":["Noticias"],"inLanguage":"es"},{"@type":"WebPage","@id":"https:\/\/www.quebakan.com\/v15\/fundacion-holcim-inaugura-primer-vivero-comunitario-de-manglar-en-guayaquil\/","url":"https:\/\/www.quebakan.com\/v15\/fundacion-holcim-inaugura-primer-vivero-comunitario-de-manglar-en-guayaquil\/","name":"FUNDACI\u00d3N HOLCIM INAUGURA PRIMER VIVERO COMUNITARIO DE MANGLAR EN GUAYAQUIL &#8211; QUEBAKAN.COM 2026: Noticias, Eventos, Conciertos y mucho m\u00e1s....","isPartOf":{"@id":"https:\/\/www.quebakan.com\/v15\/#website"},"primaryImageOfPage":{"@id":"https:\/\/www.quebakan.com\/v15\/fundacion-holcim-inaugura-primer-vivero-comunitario-de-manglar-en-guayaquil\/#primaryimage"},"image":{"@id":"https:\/\/www.quebakan.com\/v15\/fundacion-holcim-inaugura-primer-vivero-comunitario-de-manglar-en-guayaquil\/#primaryimage"},"thumbnailUrl":"https:\/\/www.quebakan.com\/v15\/wp-content\/uploads\/2025\/01\/grupo10.jpg","datePublished":"2025-01-19T16:48:55+00:00","breadcrumb":{"@id":"https:\/\/www.quebakan.com\/v15\/fundacion-holcim-inaugura-primer-vivero-comunitario-de-manglar-en-guayaquil\/#breadcrumb"},"inLanguage":"es","potentialAction":[{"@type":"ReadAction","target":["https:\/\/www.quebakan.com\/v15\/fundacion-holcim-inaugura-primer-vivero-comunitario-de-manglar-en-guayaquil\/"]}]},{"@type":"ImageObject","inLanguage":"es","@id":"https:\/\/www.quebakan.com\/v15\/fundacion-holcim-inaugura-primer-vivero-comunitario-de-manglar-en-guayaquil\/#primaryimage","url":"https:\/\/www.quebakan.com\/v15\/wp-content\/uploads\/2025\/01\/grupo10.jpg","contentUrl":"https:\/\/www.quebakan.com\/v15\/wp-content\/uploads\/2025\/01\/grupo10.jpg","width":678,"height":414},{"@type":"BreadcrumbList","@id":"https:\/\/www.quebakan.com\/v15\/fundacion-holcim-inaugura-primer-vivero-comunitario-de-manglar-en-guayaquil\/#breadcrumb","itemListElement":[{"@type":"ListItem","position":1,"name":"Portada","item":"https:\/\/www.quebakan.com\/v15\/"},{"@type":"ListItem","position":2,"name":"FUNDACI\u00d3N HOLCIM INAUGURA PRIMER VIVERO COMUNITARIO DE MANGLAR EN GUAYAQUIL"}]},{"@type":"WebSite","@id":"https:\/\/www.quebakan.com\/v15\/#website","url":"https:\/\/www.quebakan.com\/v15\/","name":"QUEBAKAN","description":"..","publisher":{"@id":"https:\/\/www.quebakan.com\/v15\/#organization"},"potentialAction":[{"@type":"SearchAction","target":{"@type":"EntryPoint","urlTemplate":"https:\/\/www.quebakan.com\/v15\/?s={search_term_string}"},"query-input":{"@type":"PropertyValueSpecification","valueRequired":true,"valueName":"search_term_string"}}],"inLanguage":"es"},{"@type":"Organization","@id":"https:\/\/www.quebakan.com\/v15\/#organization","name":"Quebakan.com","url":"https:\/\/www.quebakan.com\/v15\/","logo":{"@type":"ImageObject","inLanguage":"es","@id":"https:\/\/www.quebakan.com\/v15\/#\/schema\/logo\/image\/","url":"https:\/\/www.quebakan.com\/v15\/wp-content\/uploads\/2023\/07\/logoquebakanenero2021.jpg","contentUrl":"https:\/\/www.quebakan.com\/v15\/wp-content\/uploads\/2023\/07\/logoquebakanenero2021.jpg","width":1920,"height":1080,"caption":"Quebakan.com"},"image":{"@id":"https:\/\/www.quebakan.com\/v15\/#\/schema\/logo\/image\/"},"sameAs":["http:\/\/www.facebook.com\/quebakan","https:\/\/x.com\/quebakanec","http:\/\/www.instagram.com\/quebakan","http:\/\/www.youtube.com\/quebakan1"]},{"@type":"Person","@id":"https:\/\/www.quebakan.com\/v15\/#\/schema\/person\/d90fa9f9cfa81eb8ace9811e5b7b9118","name":"Erick Villafuerte","image":{"@type":"ImageObject","inLanguage":"es","@id":"https:\/\/www.quebakan.com\/v15\/wp-content\/uploads\/avatars\/4\/1731297654-bpfull.png","url":"https:\/\/www.quebakan.com\/v15\/wp-content\/uploads\/avatars\/4\/1731297654-bpfull.png","contentUrl":"https:\/\/www.quebakan.com\/v15\/wp-content\/uploads\/avatars\/4\/1731297654-bpfull.png","caption":"Erick Villafuerte"}}]}},"_links":{"self":[{"href":"https:\/\/www.quebakan.com\/v15\/wp-json\/wp\/v2\/posts\/127888","targetHints":{"allow":["GET"]}}],"collection":[{"href":"https:\/\/www.quebakan.com\/v15\/wp-json\/wp\/v2\/posts"}],"about":[{"href":"https:\/\/www.quebakan.com\/v15\/wp-json\/wp\/v2\/types\/post"}],"author":[{"embeddable":true,"href":"https:\/\/www.quebakan.com\/v15\/wp-json\/wp\/v2\/users\/4"}],"replies":[{"embeddable":true,"href":"https:\/\/www.quebakan.com\/v15\/wp-json\/wp\/v2\/comments?post=127888"}],"version-history":[{"count":1,"href":"https:\/\/www.quebakan.com\/v15\/wp-json\/wp\/v2\/posts\/127888\/revisions"}],"predecessor-version":[{"id":127890,"href":"https:\/\/www.quebakan.com\/v15\/wp-json\/wp\/v2\/posts\/127888\/revisions\/127890"}],"wp:featuredmedia":[{"embeddable":true,"href":"https:\/\/www.quebakan.com\/v15\/wp-json\/wp\/v2\/media\/127889"}],"wp:attachment":[{"href":"https:\/\/www.quebakan.com\/v15\/wp-json\/wp\/v2\/media?parent=127888"}],"wp:term":[{"taxonomy":"category","embeddable":true,"href":"https:\/\/www.quebakan.com\/v15\/wp-json\/wp\/v2\/categories?post=127888"},{"taxonomy":"post_tag","embeddable":true,"href":"https:\/\/www.quebakan.com\/v15\/wp-json\/wp\/v2\/tags?post=127888"}],"curies":[{"name":"wp","href":"https:\/\/api.w.org\/{rel}","templated":true}]}}