{"id":127891,"date":"2025-01-19T18:22:28","date_gmt":"2025-01-19T23:22:28","guid":{"rendered":"https:\/\/www.quebakan.com\/v15\/?p=127891"},"modified":"2025-01-19T18:22:28","modified_gmt":"2025-01-19T23:22:28","slug":"galapagos-libre-de-residuos-de-aceites-lubricantes-y-sus-contaminantes-en-las-islas","status":"publish","type":"post","link":"https:\/\/www.quebakan.com\/v15\/galapagos-libre-de-residuos-de-aceites-lubricantes-y-sus-contaminantes-en-las-islas\/","title":{"rendered":"GAL\u00c1PAGOS LIBRE DE RESIDUOS DE ACEITES LUBRICANTES Y SUS CONTAMINANTES EN LAS ISLAS"},"content":{"rendered":"<h4 dir=\"ltr\"><img fetchpriority=\"high\" decoding=\"async\" class=\"aligncenter size-full wp-image-127892\" src=\"https:\/\/www.quebakan.com\/v15\/wp-content\/uploads\/2025\/01\/RECOIL-11.jpg\" alt=\"\" width=\"715\" height=\"477\" \/><\/h4>\n<h4 dir=\"ltr\" style=\"text-align: justify;\"><span style=\"color: #000000;\">RECOIL: MODELO DE ECONOM\u00cdA CIRCULAR DE LA ASOCIACI\u00d3N ECUATORIANA DE LUBRICANTES IMPLEMENTAR\u00c1 LA GESTI\u00d3N DE ACEITES LUBRICANTES, ENVASES USADOS Y OTROS CONTAMINANTES EN EL ARCHIPI\u00c9LAGO\u00a0<\/span><\/h4>\n<p dir=\"ltr\" style=\"text-align: justify;\"><span style=\"color: #000000;\">En un esfuerzo conjunto por proteger uno de los ecosistemas m\u00e1s emblem\u00e1ticos del mundo, el Consejo de Gobierno del R\u00e9gimen Especial de Gal\u00e1pagos (CGREG) y la Asociaci\u00f3n Ecuatoriana de Lubricantes (APEL) firmaron un convenio interinstitucional para la gesti\u00f3n responsable de residuos peligrosos. El acuerdo, basado en el modelo de econom\u00eda circular RECOIL, asegura la recolecci\u00f3n, transporte y tratamiento de aceites lubricantes usados, sus envases vac\u00edos y otros residuos contaminados con hidrocarburos en las islas cumpliendo con la normativa ambiental vigente.<\/span><\/p>\n<p dir=\"ltr\" style=\"text-align: justify;\"><span style=\"color: #000000;\">Esta iniciativa responde a la necesidad de implementar sistemas sostenibles en zonas de alta sensibilidad ambiental. Valeria Naveda, Gerente de Operaciones de RECOIL, destac\u00f3 la importancia de este esfuerzo conjunto:\u00a0\u201cLa conservaci\u00f3n del ecosistema \u00fanico de Gal\u00e1pagos requiere soluciones innovadoras como RECOIL, que no solo protegen el ambiente, sino que tambi\u00e9n promueven pr\u00e1cticas responsables a nivel local y nacional\u201d.<\/span><\/p>\n<h3 dir=\"ltr\" style=\"text-align: justify;\"><span style=\"color: #000000;\">Puntos Clave del Convenio:<\/span><\/h3>\n<ul style=\"text-align: justify;\">\n<li dir=\"ltr\">\n<p dir=\"ltr\" role=\"presentation\"><span style=\"color: #000000;\">Gesti\u00f3n Integral de Residuos: Transporte y tratamiento de aceites, sus envases y otros contaminantes con gestores autorizados, asegurando la trazabilidad y el cumplimiento de est\u00e1ndares t\u00e9cnicos y legales.<\/span><\/p>\n<\/li>\n<li dir=\"ltr\">\n<p dir=\"ltr\" role=\"presentation\"><span style=\"color: #000000;\">Infraestructura Dedicada: APEL entregar\u00e1 dos contenedores para garantizar de manera eficiente el acopio y traslado de residuos.<\/span><\/p>\n<\/li>\n<li dir=\"ltr\">\n<p dir=\"ltr\" role=\"presentation\"><span style=\"color: #000000;\">Responsabilidades Compartidas: CGREG supervisar\u00e1 el almacenamiento y disposici\u00f3n inicial de los residuos, mientras que RECOIL coordinar\u00e1 la recolecci\u00f3n, transporte y disposici\u00f3n final.<\/span><\/p>\n<\/li>\n<li dir=\"ltr\">\n<p dir=\"ltr\" role=\"presentation\"><span style=\"color: #000000;\">Econom\u00eda Circular: Se garantiza la gesti\u00f3n integral fomentando una gesti\u00f3n eficiente y sostenible.<\/span><\/p>\n<\/li>\n<li dir=\"ltr\">\n<p dir=\"ltr\" role=\"presentation\"><span style=\"color: #000000;\">Transparencia y Trazabilidad: Uso de la plataforma RECOIL para monitorear el manejo de residuos desde su origen hasta su disposici\u00f3n final.<\/span><\/p>\n<\/li>\n<li dir=\"ltr\">\n<p dir=\"ltr\" role=\"presentation\"><span style=\"color: #000000;\">Compromiso Multisectorial: Coordinaci\u00f3n entre CGREG, MAATE, municipios y comunidades locales para adaptar normativas y optimizar los procesos de recolecci\u00f3n.<\/span><\/p>\n<\/li>\n<\/ul>\n<p dir=\"ltr\" style=\"text-align: justify;\"><span style=\"color: #000000;\">Cifras:<\/span><\/p>\n<ul style=\"text-align: justify;\">\n<li dir=\"ltr\">\n<p dir=\"ltr\" role=\"presentation\"><span style=\"color: #000000;\">En los \u00faltimos dos a\u00f1os RECOIL ha retirado de las islas para su adecuada gesti\u00f3n y tratamiento m\u00e1s de 3 toneladas de envases usados de aceites lubricantes que se espera incremente con la firma del convenio.<\/span><\/p>\n<\/li>\n<li dir=\"ltr\">\n<p dir=\"ltr\" role=\"presentation\"><span style=\"color: #000000;\">Contenedores especializados disponibles\u00a0en las islas principales para el acopio de residuos.<\/span><\/p>\n<\/li>\n<li dir=\"ltr\">\n<p dir=\"ltr\" role=\"presentation\"><span style=\"color: #000000;\">Una relaci\u00f3n directa entre residuos tratados y cero costos para ciertos desechos secundarios.<\/span><\/p>\n<\/li>\n<li dir=\"ltr\">\n<p dir=\"ltr\" role=\"presentation\"><span style=\"color: #000000;\">El convenio tendr\u00e1 una vigencia de 24 meses.<\/span><\/p>\n<\/li>\n<\/ul>\n<p dir=\"ltr\" style=\"text-align: justify;\"><span style=\"color: #000000;\">El acuerdo no solo busca mitigar los riesgos ambientales asociados con residuos peligrosos, sino tambi\u00e9n establecer un precedente en la implementaci\u00f3n de pr\u00e1cticas ambientales responsables en \u00e1reas protegidas y servir como modelo replicable para otras regiones del pa\u00eds.\u00a0\u00a0<\/span><\/p>\n<p dir=\"ltr\" style=\"text-align: justify;\"><span style=\"color: #000000;\">\u201cEste convenio busca un equilibrio y una verdadera relaci\u00f3n entre el hombre y el medioambiente; siendo ambos beneficiados en salud y crecimiento\u201d,\u00a0concluy\u00f3 In\u00e9s Manzano, Ministra de Ambiente, Agua y Transici\u00f3n Ecol\u00f3gica.\u00a0Asimismo, se promover\u00e1 la participaci\u00f3n activa de actores locales y la integraci\u00f3n de tecnolog\u00edas de trazabilidad para mejorar la transparencia y efectividad del sistema.<\/span><\/p>\n","protected":false},"excerpt":{"rendered":"<p>RECOIL: MODELO DE ECONOM\u00cdA CIRCULAR DE LA ASOCIACI\u00d3N ECUATORIANA DE LUBRICANTES IMPLEMENTAR\u00c1 LA GESTI\u00d3N DE ACEITES LUBRICANTES, ENVASES USADOS Y OTROS CONTAMINANTES EN EL ARCHIPI\u00c9LAGO\u00a0 En un esfuerzo conjunto por proteger uno de los ecosistemas m\u00e1s emblem\u00e1ticos del mundo, el Consejo de Gobierno del R\u00e9gimen Especial de Gal\u00e1pagos (CGREG) y la Asociaci\u00f3n Ecuatoriana de Lubricantes [&hellip;]<\/p>\n","protected":false},"author":4,"featured_media":127892,"comment_status":"open","ping_status":"open","sticky":false,"template":"","format":"standard","meta":{"_bbp_topic_count":0,"_bbp_reply_count":0,"_bbp_total_topic_count":0,"_bbp_total_reply_count":0,"_bbp_voice_count":0,"_bbp_anonymous_reply_count":0,"_bbp_topic_count_hidden":0,"_bbp_reply_count_hidden":0,"_bbp_forum_subforum_count":0,"buzzeditor_post_format":"","footnotes":""},"categories":[2],"tags":[],"class_list":["post-127891","post","type-post","status-publish","format-standard","has-post-thumbnail","hentry","category-noticias"],"yoast_head":"<!-- This site is optimized with the Yoast SEO plugin v27.4 - https:\/\/yoast.com\/product\/yoast-seo-wordpress\/ -->\n<title>GAL\u00c1PAGOS LIBRE DE RESIDUOS DE ACEITES LUBRICANTES Y SUS CONTAMINANTES EN LAS ISLAS &#8211; QUEBAKAN.COM 2026: Noticias, Eventos, Conciertos y mucho m\u00e1s....<\/title>\n<meta name=\"robots\" content=\"index, follow, max-snippet:-1, max-image-preview:large, max-video-preview:-1\" \/>\n<link rel=\"canonical\" href=\"https:\/\/www.quebakan.com\/v15\/galapagos-libre-de-residuos-de-aceites-lubricantes-y-sus-contaminantes-en-las-islas\/\" \/>\n<meta property=\"og:locale\" content=\"es_ES\" \/>\n<meta property=\"og:type\" content=\"article\" \/>\n<meta property=\"og:title\" content=\"GAL\u00c1PAGOS LIBRE DE RESIDUOS DE ACEITES LUBRICANTES Y SUS CONTAMINANTES EN LAS ISLAS &#8211; QUEBAKAN.COM 2026: Noticias, Eventos, Conciertos y mucho m\u00e1s....\" \/>\n<meta property=\"og:description\" content=\"RECOIL: MODELO DE ECONOM\u00cdA CIRCULAR DE LA ASOCIACI\u00d3N ECUATORIANA DE LUBRICANTES IMPLEMENTAR\u00c1 LA GESTI\u00d3N DE ACEITES LUBRICANTES, ENVASES USADOS Y OTROS CONTAMINANTES EN EL ARCHIPI\u00c9LAGO\u00a0 En un esfuerzo conjunto por proteger uno de los ecosistemas m\u00e1s emblem\u00e1ticos del mundo, el Consejo de Gobierno del R\u00e9gimen Especial de Gal\u00e1pagos (CGREG) y la Asociaci\u00f3n Ecuatoriana de Lubricantes [&hellip;]\" \/>\n<meta property=\"og:url\" content=\"https:\/\/www.quebakan.com\/v15\/galapagos-libre-de-residuos-de-aceites-lubricantes-y-sus-contaminantes-en-las-islas\/\" \/>\n<meta property=\"og:site_name\" content=\"QUEBAKAN.COM 2026: Noticias, Eventos, Conciertos y mucho m\u00e1s....\" \/>\n<meta property=\"article:publisher\" content=\"http:\/\/www.facebook.com\/quebakan\" \/>\n<meta property=\"article:published_time\" content=\"2025-01-19T23:22:28+00:00\" \/>\n<meta property=\"og:image\" content=\"https:\/\/www.quebakan.com\/v15\/wp-content\/uploads\/2025\/01\/RECOIL-11.jpg\" \/>\n\t<meta property=\"og:image:width\" content=\"715\" \/>\n\t<meta property=\"og:image:height\" content=\"477\" \/>\n\t<meta property=\"og:image:type\" content=\"image\/jpeg\" \/>\n<meta name=\"author\" content=\"Erick Villafuerte\" \/>\n<meta name=\"twitter:card\" content=\"summary_large_image\" \/>\n<meta name=\"twitter:creator\" content=\"@quebakanec\" \/>\n<meta name=\"twitter:site\" content=\"@quebakanec\" \/>\n<meta name=\"twitter:label1\" content=\"Escrito por\" \/>\n\t<meta name=\"twitter:data1\" content=\"Erick Villafuerte\" \/>\n\t<meta name=\"twitter:label2\" content=\"Tiempo de lectura\" \/>\n\t<meta name=\"twitter:data2\" content=\"3 minutos\" \/>\n<script type=\"application\/ld+json\" class=\"yoast-schema-graph\">{\"@context\":\"https:\\\/\\\/schema.org\",\"@graph\":[{\"@type\":\"Article\",\"@id\":\"https:\\\/\\\/www.quebakan.com\\\/v15\\\/galapagos-libre-de-residuos-de-aceites-lubricantes-y-sus-contaminantes-en-las-islas\\\/#article\",\"isPartOf\":{\"@id\":\"https:\\\/\\\/www.quebakan.com\\\/v15\\\/galapagos-libre-de-residuos-de-aceites-lubricantes-y-sus-contaminantes-en-las-islas\\\/\"},\"author\":{\"name\":\"Erick Villafuerte\",\"@id\":\"https:\\\/\\\/www.quebakan.com\\\/v15\\\/#\\\/schema\\\/person\\\/d90fa9f9cfa81eb8ace9811e5b7b9118\"},\"headline\":\"GAL\u00c1PAGOS LIBRE DE RESIDUOS DE ACEITES LUBRICANTES Y SUS CONTAMINANTES EN LAS ISLAS\",\"datePublished\":\"2025-01-19T23:22:28+00:00\",\"mainEntityOfPage\":{\"@id\":\"https:\\\/\\\/www.quebakan.com\\\/v15\\\/galapagos-libre-de-residuos-de-aceites-lubricantes-y-sus-contaminantes-en-las-islas\\\/\"},\"wordCount\":508,\"commentCount\":0,\"publisher\":{\"@id\":\"https:\\\/\\\/www.quebakan.com\\\/v15\\\/#organization\"},\"image\":{\"@id\":\"https:\\\/\\\/www.quebakan.com\\\/v15\\\/galapagos-libre-de-residuos-de-aceites-lubricantes-y-sus-contaminantes-en-las-islas\\\/#primaryimage\"},\"thumbnailUrl\":\"https:\\\/\\\/www.quebakan.com\\\/v15\\\/wp-content\\\/uploads\\\/2025\\\/01\\\/RECOIL-11.jpg\",\"articleSection\":[\"Noticias\"],\"inLanguage\":\"es\"},{\"@type\":\"WebPage\",\"@id\":\"https:\\\/\\\/www.quebakan.com\\\/v15\\\/galapagos-libre-de-residuos-de-aceites-lubricantes-y-sus-contaminantes-en-las-islas\\\/\",\"url\":\"https:\\\/\\\/www.quebakan.com\\\/v15\\\/galapagos-libre-de-residuos-de-aceites-lubricantes-y-sus-contaminantes-en-las-islas\\\/\",\"name\":\"GAL\u00c1PAGOS LIBRE DE RESIDUOS DE ACEITES LUBRICANTES Y SUS CONTAMINANTES EN LAS ISLAS &#8211; QUEBAKAN.COM 2026: Noticias, Eventos, Conciertos y mucho m\u00e1s....\",\"isPartOf\":{\"@id\":\"https:\\\/\\\/www.quebakan.com\\\/v15\\\/#website\"},\"primaryImageOfPage\":{\"@id\":\"https:\\\/\\\/www.quebakan.com\\\/v15\\\/galapagos-libre-de-residuos-de-aceites-lubricantes-y-sus-contaminantes-en-las-islas\\\/#primaryimage\"},\"image\":{\"@id\":\"https:\\\/\\\/www.quebakan.com\\\/v15\\\/galapagos-libre-de-residuos-de-aceites-lubricantes-y-sus-contaminantes-en-las-islas\\\/#primaryimage\"},\"thumbnailUrl\":\"https:\\\/\\\/www.quebakan.com\\\/v15\\\/wp-content\\\/uploads\\\/2025\\\/01\\\/RECOIL-11.jpg\",\"datePublished\":\"2025-01-19T23:22:28+00:00\",\"breadcrumb\":{\"@id\":\"https:\\\/\\\/www.quebakan.com\\\/v15\\\/galapagos-libre-de-residuos-de-aceites-lubricantes-y-sus-contaminantes-en-las-islas\\\/#breadcrumb\"},\"inLanguage\":\"es\",\"potentialAction\":[{\"@type\":\"ReadAction\",\"target\":[\"https:\\\/\\\/www.quebakan.com\\\/v15\\\/galapagos-libre-de-residuos-de-aceites-lubricantes-y-sus-contaminantes-en-las-islas\\\/\"]}]},{\"@type\":\"ImageObject\",\"inLanguage\":\"es\",\"@id\":\"https:\\\/\\\/www.quebakan.com\\\/v15\\\/galapagos-libre-de-residuos-de-aceites-lubricantes-y-sus-contaminantes-en-las-islas\\\/#primaryimage\",\"url\":\"https:\\\/\\\/www.quebakan.com\\\/v15\\\/wp-content\\\/uploads\\\/2025\\\/01\\\/RECOIL-11.jpg\",\"contentUrl\":\"https:\\\/\\\/www.quebakan.com\\\/v15\\\/wp-content\\\/uploads\\\/2025\\\/01\\\/RECOIL-11.jpg\",\"width\":715,\"height\":477},{\"@type\":\"BreadcrumbList\",\"@id\":\"https:\\\/\\\/www.quebakan.com\\\/v15\\\/galapagos-libre-de-residuos-de-aceites-lubricantes-y-sus-contaminantes-en-las-islas\\\/#breadcrumb\",\"itemListElement\":[{\"@type\":\"ListItem\",\"position\":1,\"name\":\"Portada\",\"item\":\"https:\\\/\\\/www.quebakan.com\\\/v15\\\/\"},{\"@type\":\"ListItem\",\"position\":2,\"name\":\"GAL\u00c1PAGOS LIBRE DE RESIDUOS DE ACEITES LUBRICANTES Y SUS CONTAMINANTES EN LAS ISLAS\"}]},{\"@type\":\"WebSite\",\"@id\":\"https:\\\/\\\/www.quebakan.com\\\/v15\\\/#website\",\"url\":\"https:\\\/\\\/www.quebakan.com\\\/v15\\\/\",\"name\":\"QUEBAKAN\",\"description\":\"..\",\"publisher\":{\"@id\":\"https:\\\/\\\/www.quebakan.com\\\/v15\\\/#organization\"},\"potentialAction\":[{\"@type\":\"SearchAction\",\"target\":{\"@type\":\"EntryPoint\",\"urlTemplate\":\"https:\\\/\\\/www.quebakan.com\\\/v15\\\/?s={search_term_string}\"},\"query-input\":{\"@type\":\"PropertyValueSpecification\",\"valueRequired\":true,\"valueName\":\"search_term_string\"}}],\"inLanguage\":\"es\"},{\"@type\":\"Organization\",\"@id\":\"https:\\\/\\\/www.quebakan.com\\\/v15\\\/#organization\",\"name\":\"Quebakan.com\",\"url\":\"https:\\\/\\\/www.quebakan.com\\\/v15\\\/\",\"logo\":{\"@type\":\"ImageObject\",\"inLanguage\":\"es\",\"@id\":\"https:\\\/\\\/www.quebakan.com\\\/v15\\\/#\\\/schema\\\/logo\\\/image\\\/\",\"url\":\"https:\\\/\\\/www.quebakan.com\\\/v15\\\/wp-content\\\/uploads\\\/2023\\\/07\\\/logoquebakanenero2021.jpg\",\"contentUrl\":\"https:\\\/\\\/www.quebakan.com\\\/v15\\\/wp-content\\\/uploads\\\/2023\\\/07\\\/logoquebakanenero2021.jpg\",\"width\":1920,\"height\":1080,\"caption\":\"Quebakan.com\"},\"image\":{\"@id\":\"https:\\\/\\\/www.quebakan.com\\\/v15\\\/#\\\/schema\\\/logo\\\/image\\\/\"},\"sameAs\":[\"http:\\\/\\\/www.facebook.com\\\/quebakan\",\"https:\\\/\\\/x.com\\\/quebakanec\",\"http:\\\/\\\/www.instagram.com\\\/quebakan\",\"http:\\\/\\\/www.youtube.com\\\/quebakan1\"]},{\"@type\":\"Person\",\"@id\":\"https:\\\/\\\/www.quebakan.com\\\/v15\\\/#\\\/schema\\\/person\\\/d90fa9f9cfa81eb8ace9811e5b7b9118\",\"name\":\"Erick Villafuerte\",\"image\":{\"@type\":\"ImageObject\",\"inLanguage\":\"es\",\"@id\":\"https:\\\/\\\/www.quebakan.com\\\/v15\\\/wp-content\\\/uploads\\\/avatars\\\/4\\\/1731297654-bpfull.png\",\"url\":\"https:\\\/\\\/www.quebakan.com\\\/v15\\\/wp-content\\\/uploads\\\/avatars\\\/4\\\/1731297654-bpfull.png\",\"contentUrl\":\"https:\\\/\\\/www.quebakan.com\\\/v15\\\/wp-content\\\/uploads\\\/avatars\\\/4\\\/1731297654-bpfull.png\",\"caption\":\"Erick Villafuerte\"}}]}<\/script>\n<!-- \/ Yoast SEO plugin. -->","yoast_head_json":{"title":"GAL\u00c1PAGOS LIBRE DE RESIDUOS DE ACEITES LUBRICANTES Y SUS CONTAMINANTES EN LAS ISLAS &#8211; QUEBAKAN.COM 2026: Noticias, Eventos, Conciertos y mucho m\u00e1s....","robots":{"index":"index","follow":"follow","max-snippet":"max-snippet:-1","max-image-preview":"max-image-preview:large","max-video-preview":"max-video-preview:-1"},"canonical":"https:\/\/www.quebakan.com\/v15\/galapagos-libre-de-residuos-de-aceites-lubricantes-y-sus-contaminantes-en-las-islas\/","og_locale":"es_ES","og_type":"article","og_title":"GAL\u00c1PAGOS LIBRE DE RESIDUOS DE ACEITES LUBRICANTES Y SUS CONTAMINANTES EN LAS ISLAS &#8211; QUEBAKAN.COM 2026: Noticias, Eventos, Conciertos y mucho m\u00e1s....","og_description":"RECOIL: MODELO DE ECONOM\u00cdA CIRCULAR DE LA ASOCIACI\u00d3N ECUATORIANA DE LUBRICANTES IMPLEMENTAR\u00c1 LA GESTI\u00d3N DE ACEITES LUBRICANTES, ENVASES USADOS Y OTROS CONTAMINANTES EN EL ARCHIPI\u00c9LAGO\u00a0 En un esfuerzo conjunto por proteger uno de los ecosistemas m\u00e1s emblem\u00e1ticos del mundo, el Consejo de Gobierno del R\u00e9gimen Especial de Gal\u00e1pagos (CGREG) y la Asociaci\u00f3n Ecuatoriana de Lubricantes [&hellip;]","og_url":"https:\/\/www.quebakan.com\/v15\/galapagos-libre-de-residuos-de-aceites-lubricantes-y-sus-contaminantes-en-las-islas\/","og_site_name":"QUEBAKAN.COM 2026: Noticias, Eventos, Conciertos y mucho m\u00e1s....","article_publisher":"http:\/\/www.facebook.com\/quebakan","article_published_time":"2025-01-19T23:22:28+00:00","og_image":[{"width":715,"height":477,"url":"https:\/\/www.quebakan.com\/v15\/wp-content\/uploads\/2025\/01\/RECOIL-11.jpg","type":"image\/jpeg"}],"author":"Erick Villafuerte","twitter_card":"summary_large_image","twitter_creator":"@quebakanec","twitter_site":"@quebakanec","twitter_misc":{"Escrito por":"Erick Villafuerte","Tiempo de lectura":"3 minutos"},"schema":{"@context":"https:\/\/schema.org","@graph":[{"@type":"Article","@id":"https:\/\/www.quebakan.com\/v15\/galapagos-libre-de-residuos-de-aceites-lubricantes-y-sus-contaminantes-en-las-islas\/#article","isPartOf":{"@id":"https:\/\/www.quebakan.com\/v15\/galapagos-libre-de-residuos-de-aceites-lubricantes-y-sus-contaminantes-en-las-islas\/"},"author":{"name":"Erick Villafuerte","@id":"https:\/\/www.quebakan.com\/v15\/#\/schema\/person\/d90fa9f9cfa81eb8ace9811e5b7b9118"},"headline":"GAL\u00c1PAGOS LIBRE DE RESIDUOS DE ACEITES LUBRICANTES Y SUS CONTAMINANTES EN LAS ISLAS","datePublished":"2025-01-19T23:22:28+00:00","mainEntityOfPage":{"@id":"https:\/\/www.quebakan.com\/v15\/galapagos-libre-de-residuos-de-aceites-lubricantes-y-sus-contaminantes-en-las-islas\/"},"wordCount":508,"commentCount":0,"publisher":{"@id":"https:\/\/www.quebakan.com\/v15\/#organization"},"image":{"@id":"https:\/\/www.quebakan.com\/v15\/galapagos-libre-de-residuos-de-aceites-lubricantes-y-sus-contaminantes-en-las-islas\/#primaryimage"},"thumbnailUrl":"https:\/\/www.quebakan.com\/v15\/wp-content\/uploads\/2025\/01\/RECOIL-11.jpg","articleSection":["Noticias"],"inLanguage":"es"},{"@type":"WebPage","@id":"https:\/\/www.quebakan.com\/v15\/galapagos-libre-de-residuos-de-aceites-lubricantes-y-sus-contaminantes-en-las-islas\/","url":"https:\/\/www.quebakan.com\/v15\/galapagos-libre-de-residuos-de-aceites-lubricantes-y-sus-contaminantes-en-las-islas\/","name":"GAL\u00c1PAGOS LIBRE DE RESIDUOS DE ACEITES LUBRICANTES Y SUS CONTAMINANTES EN LAS ISLAS &#8211; QUEBAKAN.COM 2026: Noticias, Eventos, Conciertos y mucho m\u00e1s....","isPartOf":{"@id":"https:\/\/www.quebakan.com\/v15\/#website"},"primaryImageOfPage":{"@id":"https:\/\/www.quebakan.com\/v15\/galapagos-libre-de-residuos-de-aceites-lubricantes-y-sus-contaminantes-en-las-islas\/#primaryimage"},"image":{"@id":"https:\/\/www.quebakan.com\/v15\/galapagos-libre-de-residuos-de-aceites-lubricantes-y-sus-contaminantes-en-las-islas\/#primaryimage"},"thumbnailUrl":"https:\/\/www.quebakan.com\/v15\/wp-content\/uploads\/2025\/01\/RECOIL-11.jpg","datePublished":"2025-01-19T23:22:28+00:00","breadcrumb":{"@id":"https:\/\/www.quebakan.com\/v15\/galapagos-libre-de-residuos-de-aceites-lubricantes-y-sus-contaminantes-en-las-islas\/#breadcrumb"},"inLanguage":"es","potentialAction":[{"@type":"ReadAction","target":["https:\/\/www.quebakan.com\/v15\/galapagos-libre-de-residuos-de-aceites-lubricantes-y-sus-contaminantes-en-las-islas\/"]}]},{"@type":"ImageObject","inLanguage":"es","@id":"https:\/\/www.quebakan.com\/v15\/galapagos-libre-de-residuos-de-aceites-lubricantes-y-sus-contaminantes-en-las-islas\/#primaryimage","url":"https:\/\/www.quebakan.com\/v15\/wp-content\/uploads\/2025\/01\/RECOIL-11.jpg","contentUrl":"https:\/\/www.quebakan.com\/v15\/wp-content\/uploads\/2025\/01\/RECOIL-11.jpg","width":715,"height":477},{"@type":"BreadcrumbList","@id":"https:\/\/www.quebakan.com\/v15\/galapagos-libre-de-residuos-de-aceites-lubricantes-y-sus-contaminantes-en-las-islas\/#breadcrumb","itemListElement":[{"@type":"ListItem","position":1,"name":"Portada","item":"https:\/\/www.quebakan.com\/v15\/"},{"@type":"ListItem","position":2,"name":"GAL\u00c1PAGOS LIBRE DE RESIDUOS DE ACEITES LUBRICANTES Y SUS CONTAMINANTES EN LAS ISLAS"}]},{"@type":"WebSite","@id":"https:\/\/www.quebakan.com\/v15\/#website","url":"https:\/\/www.quebakan.com\/v15\/","name":"QUEBAKAN","description":"..","publisher":{"@id":"https:\/\/www.quebakan.com\/v15\/#organization"},"potentialAction":[{"@type":"SearchAction","target":{"@type":"EntryPoint","urlTemplate":"https:\/\/www.quebakan.com\/v15\/?s={search_term_string}"},"query-input":{"@type":"PropertyValueSpecification","valueRequired":true,"valueName":"search_term_string"}}],"inLanguage":"es"},{"@type":"Organization","@id":"https:\/\/www.quebakan.com\/v15\/#organization","name":"Quebakan.com","url":"https:\/\/www.quebakan.com\/v15\/","logo":{"@type":"ImageObject","inLanguage":"es","@id":"https:\/\/www.quebakan.com\/v15\/#\/schema\/logo\/image\/","url":"https:\/\/www.quebakan.com\/v15\/wp-content\/uploads\/2023\/07\/logoquebakanenero2021.jpg","contentUrl":"https:\/\/www.quebakan.com\/v15\/wp-content\/uploads\/2023\/07\/logoquebakanenero2021.jpg","width":1920,"height":1080,"caption":"Quebakan.com"},"image":{"@id":"https:\/\/www.quebakan.com\/v15\/#\/schema\/logo\/image\/"},"sameAs":["http:\/\/www.facebook.com\/quebakan","https:\/\/x.com\/quebakanec","http:\/\/www.instagram.com\/quebakan","http:\/\/www.youtube.com\/quebakan1"]},{"@type":"Person","@id":"https:\/\/www.quebakan.com\/v15\/#\/schema\/person\/d90fa9f9cfa81eb8ace9811e5b7b9118","name":"Erick Villafuerte","image":{"@type":"ImageObject","inLanguage":"es","@id":"https:\/\/www.quebakan.com\/v15\/wp-content\/uploads\/avatars\/4\/1731297654-bpfull.png","url":"https:\/\/www.quebakan.com\/v15\/wp-content\/uploads\/avatars\/4\/1731297654-bpfull.png","contentUrl":"https:\/\/www.quebakan.com\/v15\/wp-content\/uploads\/avatars\/4\/1731297654-bpfull.png","caption":"Erick Villafuerte"}}]}},"_links":{"self":[{"href":"https:\/\/www.quebakan.com\/v15\/wp-json\/wp\/v2\/posts\/127891","targetHints":{"allow":["GET"]}}],"collection":[{"href":"https:\/\/www.quebakan.com\/v15\/wp-json\/wp\/v2\/posts"}],"about":[{"href":"https:\/\/www.quebakan.com\/v15\/wp-json\/wp\/v2\/types\/post"}],"author":[{"embeddable":true,"href":"https:\/\/www.quebakan.com\/v15\/wp-json\/wp\/v2\/users\/4"}],"replies":[{"embeddable":true,"href":"https:\/\/www.quebakan.com\/v15\/wp-json\/wp\/v2\/comments?post=127891"}],"version-history":[{"count":1,"href":"https:\/\/www.quebakan.com\/v15\/wp-json\/wp\/v2\/posts\/127891\/revisions"}],"predecessor-version":[{"id":127893,"href":"https:\/\/www.quebakan.com\/v15\/wp-json\/wp\/v2\/posts\/127891\/revisions\/127893"}],"wp:featuredmedia":[{"embeddable":true,"href":"https:\/\/www.quebakan.com\/v15\/wp-json\/wp\/v2\/media\/127892"}],"wp:attachment":[{"href":"https:\/\/www.quebakan.com\/v15\/wp-json\/wp\/v2\/media?parent=127891"}],"wp:term":[{"taxonomy":"category","embeddable":true,"href":"https:\/\/www.quebakan.com\/v15\/wp-json\/wp\/v2\/categories?post=127891"},{"taxonomy":"post_tag","embeddable":true,"href":"https:\/\/www.quebakan.com\/v15\/wp-json\/wp\/v2\/tags?post=127891"}],"curies":[{"name":"wp","href":"https:\/\/api.w.org\/{rel}","templated":true}]}}