{"id":127894,"date":"2025-01-19T18:44:59","date_gmt":"2025-01-19T23:44:59","guid":{"rendered":"https:\/\/www.quebakan.com\/v15\/?p=127894"},"modified":"2025-01-19T18:44:59","modified_gmt":"2025-01-19T23:44:59","slug":"tendencias-que-marcaran-la-comunicacion-y-las-relaciones-publicas-este-2025","status":"publish","type":"post","link":"https:\/\/www.quebakan.com\/v15\/tendencias-que-marcaran-la-comunicacion-y-las-relaciones-publicas-este-2025\/","title":{"rendered":"Tendencias que marcar\u00e1n la comunicaci\u00f3n y las relaciones p\u00fablicas este 2025"},"content":{"rendered":"<p><img fetchpriority=\"high\" decoding=\"async\" class=\"aligncenter size-full wp-image-127895\" src=\"https:\/\/www.quebakan.com\/v15\/wp-content\/uploads\/2025\/01\/tendencias.jpg\" alt=\"\" width=\"700\" height=\"398\" \/><\/p>\n<p style=\"text-align: justify;\"><span style=\"color: #000000;\"><strong>Ecuador, enero 2025.- <\/strong>En los \u00faltimos a\u00f1os, el \u00e1mbito de la comunicaci\u00f3n y las relaciones p\u00fablicas ha atravesado una acelerada transformaci\u00f3n, impulsada por la inestabilidad y los constantes cambios en el comportamiento de los consumidores y el panorama global. Las marcas enfrentan el desaf\u00edo de adaptarse de forma continua a un entorno impredecible, donde las expectativas de personalizaci\u00f3n, inmediatez y transparencia alcanzan niveles sin precedentes.<\/span><\/p>\n<p style=\"text-align: justify;\"><span style=\"color: #000000;\">La tecnolog\u00eda y los cambios en las expectativas del p\u00fablico exigen que las marcas adopten enfoques m\u00e1s innovadores y \u00e1giles para mantenerse en la mente de sus consumidores. La integraci\u00f3n de la inteligencia artificial, el creciente \u00e9nfasis en los valores corporativos y el predominio de los canales digitales son factores clave que definir\u00e1n el rumbo del sector. Estas tendencias deben ser consideradas por las marcas para mantenerse relevantes y efectivas en un entorno que evoluciona a gran velocidad.<\/span><\/p>\n<p style=\"text-align: justify;\"><span style=\"color: #000000;\">El uso estrat\u00e9gico de la inteligencia artificial en comunicaci\u00f3n posicionando como una herramienta indispensable en el \u00e1mbito de las relaciones p\u00fablicas. Gracias a su capacidad para procesar grandes cantidades de datos, permite crear mensajes altamente personalizados y perfeccionar las estrategias de comunicaci\u00f3n. Adem\u00e1s, soluciones basadas en IA, como los chatbots para atenci\u00f3n al cliente y las plataformas de monitoreo de medios, facilitan la detecci\u00f3n de oportunidades y la gesti\u00f3n de crisis de forma instant\u00e1nea.<\/span><\/p>\n<p style=\"text-align: justify;\"><span style=\"color: #000000;\">Por otro lado, los consumidores actuales priorizan las marcas que defienden y promueven principios como la sostenibilidad, la inclusi\u00f3n y la responsabilidad social. La clave para generar confianza y fidelidad radica en la autenticidad con la que se comunican estos valores. Por ello, las agencias tienen un papel crucial en ayudar a las marcas a identificar sus compromisos \u00e9ticos y a transmitirlos de manera honesta y coherente.<\/span><\/p>\n<p style=\"text-align: justify;\"><span style=\"color: #000000;\">En el contexto actual, es imprescindible que la comunicaci\u00f3n de una marca refleje sus valores reales. Las audiencias exigen coherencia, y cualquier brecha entre lo que se dice y lo que se hace puede erosionar la confianza e incluso desencadenar una crisis de reputaci\u00f3n.<\/span><\/p>\n<p style=\"text-align: justify;\"><span style=\"color: #000000;\">La velocidad en la comunicaci\u00f3n, junto con el uso de formatos audiovisuales atractivos, est\u00e1 transformando las estrategias de marca. Elementos como los carteles digitales y contenidos interactivos permiten ajustar los mensajes de manera instant\u00e1nea para alinearse con tendencias, eventos actuales o interactuar con la audiencia. Este enfoque no solo atrae la atenci\u00f3n del p\u00fablico, sino que tambi\u00e9n proyecta una imagen de marca din\u00e1mica, actual y conectada con sus consumidores.<\/span><\/p>\n<p style=\"text-align: justify;\"><span style=\"color: #000000;\">Marcela Becerra, CEO de la agencia de comunicaci\u00f3n Prnews, se\u00f1ala que <em>\u201cAs\u00ed tambi\u00e9n, el marketing de influencers seguir\u00e1 creciendo, dando mayor protagonismo a los microinfluencers, quienes destacan por tener audiencias espec\u00edficas y altamente comprometidas. Asimismo, aumentar\u00e1 el inter\u00e9s por aquellos creadores de contenido que, adem\u00e1s de tener seguidores, poseen un conocimiento profundo y autoridad en sectores espec\u00edficos, posicion\u00e1ndose como l\u00edderes de opini\u00f3n\u201d.<\/em> Estas colaboraciones ser\u00e1n clave para construir confianza y relevancia, siempre que se basen en credibilidad y valores compartidos.<\/span><\/p>\n<p style=\"text-align: justify;\"><span style=\"color: #000000;\">Hoy, las personas esperan respuestas cada vez m\u00e1s r\u00e1pidas y efectivas, lo que convierte a las redes sociales, los mensajes din\u00e1micos y los canales directos en herramientas indispensables para que las empresas proyecten una imagen \u00e1gil y cercana.<\/span><\/p>\n<p style=\"text-align: justify;\"><span style=\"color: #000000;\">En cuanto a la sostenibilidad y la responsabilidad social corporativa se posicionan como elementos indispensables en la comunicaci\u00f3n de las marcas. <em>\u201cLas empresas estar\u00e1n llamadas a evidenciar su compromiso con pr\u00e1cticas responsables, no solo a trav\u00e9s de sus mensajes, sino tambi\u00e9n mediante acciones concretas y verificables que reflejen sus valores y aporten un impacto positivo en la sociedad y el medio ambiente\u201d<\/em> se\u00f1ala Becerra.<\/span><\/p>\n<p style=\"text-align: justify;\"><span style=\"color: #000000;\">Finalmente, la comunicaci\u00f3n evolucionar\u00e1 hacia la creaci\u00f3n de experiencias m\u00e1s personalizadas y relevantes para los clientes. Las estrategias de relaciones p\u00fablicas deber\u00e1n abarcar todo el recorrido del cliente, desde el primer contacto hasta la etapa de fidelizaci\u00f3n, garantizando mensajes consistentes y alineados con sus necesidades y expectativas en cada punto de interacci\u00f3n.<\/span><\/p>\n","protected":false},"excerpt":{"rendered":"<p>Ecuador, enero 2025.- En los \u00faltimos a\u00f1os, el \u00e1mbito de la comunicaci\u00f3n y las relaciones p\u00fablicas ha atravesado una acelerada transformaci\u00f3n, impulsada por la inestabilidad y los constantes cambios en el comportamiento de los consumidores y el panorama global. Las marcas enfrentan el desaf\u00edo de adaptarse de forma continua a un entorno impredecible, donde las [&hellip;]<\/p>\n","protected":false},"author":4,"featured_media":127895,"comment_status":"open","ping_status":"open","sticky":false,"template":"","format":"standard","meta":{"_bbp_topic_count":0,"_bbp_reply_count":0,"_bbp_total_topic_count":0,"_bbp_total_reply_count":0,"_bbp_voice_count":0,"_bbp_anonymous_reply_count":0,"_bbp_topic_count_hidden":0,"_bbp_reply_count_hidden":0,"_bbp_forum_subforum_count":0,"buzzeditor_post_format":"","footnotes":""},"categories":[2],"tags":[],"class_list":["post-127894","post","type-post","status-publish","format-standard","has-post-thumbnail","hentry","category-noticias"],"yoast_head":"<!-- This site is optimized with the Yoast SEO plugin v27.4 - https:\/\/yoast.com\/product\/yoast-seo-wordpress\/ -->\n<title>Tendencias que marcar\u00e1n la comunicaci\u00f3n y las relaciones p\u00fablicas este 2025 &#8211; QUEBAKAN.COM 2026: Noticias, Eventos, Conciertos y mucho m\u00e1s....<\/title>\n<meta name=\"robots\" content=\"index, follow, max-snippet:-1, max-image-preview:large, max-video-preview:-1\" \/>\n<link rel=\"canonical\" href=\"https:\/\/www.quebakan.com\/v15\/tendencias-que-marcaran-la-comunicacion-y-las-relaciones-publicas-este-2025\/\" \/>\n<meta property=\"og:locale\" content=\"es_ES\" \/>\n<meta property=\"og:type\" content=\"article\" \/>\n<meta property=\"og:title\" content=\"Tendencias que marcar\u00e1n la comunicaci\u00f3n y las relaciones p\u00fablicas este 2025 &#8211; QUEBAKAN.COM 2026: Noticias, Eventos, Conciertos y mucho m\u00e1s....\" \/>\n<meta property=\"og:description\" content=\"Ecuador, enero 2025.- En los \u00faltimos a\u00f1os, el \u00e1mbito de la comunicaci\u00f3n y las relaciones p\u00fablicas ha atravesado una acelerada transformaci\u00f3n, impulsada por la inestabilidad y los constantes cambios en el comportamiento de los consumidores y el panorama global. Las marcas enfrentan el desaf\u00edo de adaptarse de forma continua a un entorno impredecible, donde las [&hellip;]\" \/>\n<meta property=\"og:url\" content=\"https:\/\/www.quebakan.com\/v15\/tendencias-que-marcaran-la-comunicacion-y-las-relaciones-publicas-este-2025\/\" \/>\n<meta property=\"og:site_name\" content=\"QUEBAKAN.COM 2026: Noticias, Eventos, Conciertos y mucho m\u00e1s....\" \/>\n<meta property=\"article:publisher\" content=\"http:\/\/www.facebook.com\/quebakan\" \/>\n<meta property=\"article:published_time\" content=\"2025-01-19T23:44:59+00:00\" \/>\n<meta property=\"og:image\" content=\"https:\/\/www.quebakan.com\/v15\/wp-content\/uploads\/2025\/01\/tendencias.jpg\" \/>\n\t<meta property=\"og:image:width\" content=\"700\" \/>\n\t<meta property=\"og:image:height\" content=\"398\" \/>\n\t<meta property=\"og:image:type\" content=\"image\/jpeg\" \/>\n<meta name=\"author\" content=\"Erick Villafuerte\" \/>\n<meta name=\"twitter:card\" content=\"summary_large_image\" \/>\n<meta name=\"twitter:creator\" content=\"@quebakanec\" \/>\n<meta name=\"twitter:site\" content=\"@quebakanec\" \/>\n<meta name=\"twitter:label1\" content=\"Escrito por\" \/>\n\t<meta name=\"twitter:data1\" content=\"Erick Villafuerte\" \/>\n\t<meta name=\"twitter:label2\" content=\"Tiempo de lectura\" \/>\n\t<meta name=\"twitter:data2\" content=\"4 minutos\" \/>\n<script type=\"application\/ld+json\" class=\"yoast-schema-graph\">{\"@context\":\"https:\\\/\\\/schema.org\",\"@graph\":[{\"@type\":\"Article\",\"@id\":\"https:\\\/\\\/www.quebakan.com\\\/v15\\\/tendencias-que-marcaran-la-comunicacion-y-las-relaciones-publicas-este-2025\\\/#article\",\"isPartOf\":{\"@id\":\"https:\\\/\\\/www.quebakan.com\\\/v15\\\/tendencias-que-marcaran-la-comunicacion-y-las-relaciones-publicas-este-2025\\\/\"},\"author\":{\"name\":\"Erick Villafuerte\",\"@id\":\"https:\\\/\\\/www.quebakan.com\\\/v15\\\/#\\\/schema\\\/person\\\/d90fa9f9cfa81eb8ace9811e5b7b9118\"},\"headline\":\"Tendencias que marcar\u00e1n la comunicaci\u00f3n y las relaciones p\u00fablicas este 2025\",\"datePublished\":\"2025-01-19T23:44:59+00:00\",\"mainEntityOfPage\":{\"@id\":\"https:\\\/\\\/www.quebakan.com\\\/v15\\\/tendencias-que-marcaran-la-comunicacion-y-las-relaciones-publicas-este-2025\\\/\"},\"wordCount\":700,\"commentCount\":0,\"publisher\":{\"@id\":\"https:\\\/\\\/www.quebakan.com\\\/v15\\\/#organization\"},\"image\":{\"@id\":\"https:\\\/\\\/www.quebakan.com\\\/v15\\\/tendencias-que-marcaran-la-comunicacion-y-las-relaciones-publicas-este-2025\\\/#primaryimage\"},\"thumbnailUrl\":\"https:\\\/\\\/www.quebakan.com\\\/v15\\\/wp-content\\\/uploads\\\/2025\\\/01\\\/tendencias.jpg\",\"articleSection\":[\"Noticias\"],\"inLanguage\":\"es\"},{\"@type\":\"WebPage\",\"@id\":\"https:\\\/\\\/www.quebakan.com\\\/v15\\\/tendencias-que-marcaran-la-comunicacion-y-las-relaciones-publicas-este-2025\\\/\",\"url\":\"https:\\\/\\\/www.quebakan.com\\\/v15\\\/tendencias-que-marcaran-la-comunicacion-y-las-relaciones-publicas-este-2025\\\/\",\"name\":\"Tendencias que marcar\u00e1n la comunicaci\u00f3n y las relaciones p\u00fablicas este 2025 &#8211; QUEBAKAN.COM 2026: Noticias, Eventos, Conciertos y mucho m\u00e1s....\",\"isPartOf\":{\"@id\":\"https:\\\/\\\/www.quebakan.com\\\/v15\\\/#website\"},\"primaryImageOfPage\":{\"@id\":\"https:\\\/\\\/www.quebakan.com\\\/v15\\\/tendencias-que-marcaran-la-comunicacion-y-las-relaciones-publicas-este-2025\\\/#primaryimage\"},\"image\":{\"@id\":\"https:\\\/\\\/www.quebakan.com\\\/v15\\\/tendencias-que-marcaran-la-comunicacion-y-las-relaciones-publicas-este-2025\\\/#primaryimage\"},\"thumbnailUrl\":\"https:\\\/\\\/www.quebakan.com\\\/v15\\\/wp-content\\\/uploads\\\/2025\\\/01\\\/tendencias.jpg\",\"datePublished\":\"2025-01-19T23:44:59+00:00\",\"breadcrumb\":{\"@id\":\"https:\\\/\\\/www.quebakan.com\\\/v15\\\/tendencias-que-marcaran-la-comunicacion-y-las-relaciones-publicas-este-2025\\\/#breadcrumb\"},\"inLanguage\":\"es\",\"potentialAction\":[{\"@type\":\"ReadAction\",\"target\":[\"https:\\\/\\\/www.quebakan.com\\\/v15\\\/tendencias-que-marcaran-la-comunicacion-y-las-relaciones-publicas-este-2025\\\/\"]}]},{\"@type\":\"ImageObject\",\"inLanguage\":\"es\",\"@id\":\"https:\\\/\\\/www.quebakan.com\\\/v15\\\/tendencias-que-marcaran-la-comunicacion-y-las-relaciones-publicas-este-2025\\\/#primaryimage\",\"url\":\"https:\\\/\\\/www.quebakan.com\\\/v15\\\/wp-content\\\/uploads\\\/2025\\\/01\\\/tendencias.jpg\",\"contentUrl\":\"https:\\\/\\\/www.quebakan.com\\\/v15\\\/wp-content\\\/uploads\\\/2025\\\/01\\\/tendencias.jpg\",\"width\":700,\"height\":398},{\"@type\":\"BreadcrumbList\",\"@id\":\"https:\\\/\\\/www.quebakan.com\\\/v15\\\/tendencias-que-marcaran-la-comunicacion-y-las-relaciones-publicas-este-2025\\\/#breadcrumb\",\"itemListElement\":[{\"@type\":\"ListItem\",\"position\":1,\"name\":\"Portada\",\"item\":\"https:\\\/\\\/www.quebakan.com\\\/v15\\\/\"},{\"@type\":\"ListItem\",\"position\":2,\"name\":\"Tendencias que marcar\u00e1n la comunicaci\u00f3n y las relaciones p\u00fablicas este 2025\"}]},{\"@type\":\"WebSite\",\"@id\":\"https:\\\/\\\/www.quebakan.com\\\/v15\\\/#website\",\"url\":\"https:\\\/\\\/www.quebakan.com\\\/v15\\\/\",\"name\":\"QUEBAKAN\",\"description\":\"..\",\"publisher\":{\"@id\":\"https:\\\/\\\/www.quebakan.com\\\/v15\\\/#organization\"},\"potentialAction\":[{\"@type\":\"SearchAction\",\"target\":{\"@type\":\"EntryPoint\",\"urlTemplate\":\"https:\\\/\\\/www.quebakan.com\\\/v15\\\/?s={search_term_string}\"},\"query-input\":{\"@type\":\"PropertyValueSpecification\",\"valueRequired\":true,\"valueName\":\"search_term_string\"}}],\"inLanguage\":\"es\"},{\"@type\":\"Organization\",\"@id\":\"https:\\\/\\\/www.quebakan.com\\\/v15\\\/#organization\",\"name\":\"Quebakan.com\",\"url\":\"https:\\\/\\\/www.quebakan.com\\\/v15\\\/\",\"logo\":{\"@type\":\"ImageObject\",\"inLanguage\":\"es\",\"@id\":\"https:\\\/\\\/www.quebakan.com\\\/v15\\\/#\\\/schema\\\/logo\\\/image\\\/\",\"url\":\"https:\\\/\\\/www.quebakan.com\\\/v15\\\/wp-content\\\/uploads\\\/2023\\\/07\\\/logoquebakanenero2021.jpg\",\"contentUrl\":\"https:\\\/\\\/www.quebakan.com\\\/v15\\\/wp-content\\\/uploads\\\/2023\\\/07\\\/logoquebakanenero2021.jpg\",\"width\":1920,\"height\":1080,\"caption\":\"Quebakan.com\"},\"image\":{\"@id\":\"https:\\\/\\\/www.quebakan.com\\\/v15\\\/#\\\/schema\\\/logo\\\/image\\\/\"},\"sameAs\":[\"http:\\\/\\\/www.facebook.com\\\/quebakan\",\"https:\\\/\\\/x.com\\\/quebakanec\",\"http:\\\/\\\/www.instagram.com\\\/quebakan\",\"http:\\\/\\\/www.youtube.com\\\/quebakan1\"]},{\"@type\":\"Person\",\"@id\":\"https:\\\/\\\/www.quebakan.com\\\/v15\\\/#\\\/schema\\\/person\\\/d90fa9f9cfa81eb8ace9811e5b7b9118\",\"name\":\"Erick Villafuerte\",\"image\":{\"@type\":\"ImageObject\",\"inLanguage\":\"es\",\"@id\":\"https:\\\/\\\/www.quebakan.com\\\/v15\\\/wp-content\\\/uploads\\\/avatars\\\/4\\\/1731297654-bpfull.png\",\"url\":\"https:\\\/\\\/www.quebakan.com\\\/v15\\\/wp-content\\\/uploads\\\/avatars\\\/4\\\/1731297654-bpfull.png\",\"contentUrl\":\"https:\\\/\\\/www.quebakan.com\\\/v15\\\/wp-content\\\/uploads\\\/avatars\\\/4\\\/1731297654-bpfull.png\",\"caption\":\"Erick Villafuerte\"}}]}<\/script>\n<!-- \/ Yoast SEO plugin. -->","yoast_head_json":{"title":"Tendencias que marcar\u00e1n la comunicaci\u00f3n y las relaciones p\u00fablicas este 2025 &#8211; QUEBAKAN.COM 2026: Noticias, Eventos, Conciertos y mucho m\u00e1s....","robots":{"index":"index","follow":"follow","max-snippet":"max-snippet:-1","max-image-preview":"max-image-preview:large","max-video-preview":"max-video-preview:-1"},"canonical":"https:\/\/www.quebakan.com\/v15\/tendencias-que-marcaran-la-comunicacion-y-las-relaciones-publicas-este-2025\/","og_locale":"es_ES","og_type":"article","og_title":"Tendencias que marcar\u00e1n la comunicaci\u00f3n y las relaciones p\u00fablicas este 2025 &#8211; QUEBAKAN.COM 2026: Noticias, Eventos, Conciertos y mucho m\u00e1s....","og_description":"Ecuador, enero 2025.- En los \u00faltimos a\u00f1os, el \u00e1mbito de la comunicaci\u00f3n y las relaciones p\u00fablicas ha atravesado una acelerada transformaci\u00f3n, impulsada por la inestabilidad y los constantes cambios en el comportamiento de los consumidores y el panorama global. Las marcas enfrentan el desaf\u00edo de adaptarse de forma continua a un entorno impredecible, donde las [&hellip;]","og_url":"https:\/\/www.quebakan.com\/v15\/tendencias-que-marcaran-la-comunicacion-y-las-relaciones-publicas-este-2025\/","og_site_name":"QUEBAKAN.COM 2026: Noticias, Eventos, Conciertos y mucho m\u00e1s....","article_publisher":"http:\/\/www.facebook.com\/quebakan","article_published_time":"2025-01-19T23:44:59+00:00","og_image":[{"width":700,"height":398,"url":"https:\/\/www.quebakan.com\/v15\/wp-content\/uploads\/2025\/01\/tendencias.jpg","type":"image\/jpeg"}],"author":"Erick Villafuerte","twitter_card":"summary_large_image","twitter_creator":"@quebakanec","twitter_site":"@quebakanec","twitter_misc":{"Escrito por":"Erick Villafuerte","Tiempo de lectura":"4 minutos"},"schema":{"@context":"https:\/\/schema.org","@graph":[{"@type":"Article","@id":"https:\/\/www.quebakan.com\/v15\/tendencias-que-marcaran-la-comunicacion-y-las-relaciones-publicas-este-2025\/#article","isPartOf":{"@id":"https:\/\/www.quebakan.com\/v15\/tendencias-que-marcaran-la-comunicacion-y-las-relaciones-publicas-este-2025\/"},"author":{"name":"Erick Villafuerte","@id":"https:\/\/www.quebakan.com\/v15\/#\/schema\/person\/d90fa9f9cfa81eb8ace9811e5b7b9118"},"headline":"Tendencias que marcar\u00e1n la comunicaci\u00f3n y las relaciones p\u00fablicas este 2025","datePublished":"2025-01-19T23:44:59+00:00","mainEntityOfPage":{"@id":"https:\/\/www.quebakan.com\/v15\/tendencias-que-marcaran-la-comunicacion-y-las-relaciones-publicas-este-2025\/"},"wordCount":700,"commentCount":0,"publisher":{"@id":"https:\/\/www.quebakan.com\/v15\/#organization"},"image":{"@id":"https:\/\/www.quebakan.com\/v15\/tendencias-que-marcaran-la-comunicacion-y-las-relaciones-publicas-este-2025\/#primaryimage"},"thumbnailUrl":"https:\/\/www.quebakan.com\/v15\/wp-content\/uploads\/2025\/01\/tendencias.jpg","articleSection":["Noticias"],"inLanguage":"es"},{"@type":"WebPage","@id":"https:\/\/www.quebakan.com\/v15\/tendencias-que-marcaran-la-comunicacion-y-las-relaciones-publicas-este-2025\/","url":"https:\/\/www.quebakan.com\/v15\/tendencias-que-marcaran-la-comunicacion-y-las-relaciones-publicas-este-2025\/","name":"Tendencias que marcar\u00e1n la comunicaci\u00f3n y las relaciones p\u00fablicas este 2025 &#8211; QUEBAKAN.COM 2026: Noticias, Eventos, Conciertos y mucho m\u00e1s....","isPartOf":{"@id":"https:\/\/www.quebakan.com\/v15\/#website"},"primaryImageOfPage":{"@id":"https:\/\/www.quebakan.com\/v15\/tendencias-que-marcaran-la-comunicacion-y-las-relaciones-publicas-este-2025\/#primaryimage"},"image":{"@id":"https:\/\/www.quebakan.com\/v15\/tendencias-que-marcaran-la-comunicacion-y-las-relaciones-publicas-este-2025\/#primaryimage"},"thumbnailUrl":"https:\/\/www.quebakan.com\/v15\/wp-content\/uploads\/2025\/01\/tendencias.jpg","datePublished":"2025-01-19T23:44:59+00:00","breadcrumb":{"@id":"https:\/\/www.quebakan.com\/v15\/tendencias-que-marcaran-la-comunicacion-y-las-relaciones-publicas-este-2025\/#breadcrumb"},"inLanguage":"es","potentialAction":[{"@type":"ReadAction","target":["https:\/\/www.quebakan.com\/v15\/tendencias-que-marcaran-la-comunicacion-y-las-relaciones-publicas-este-2025\/"]}]},{"@type":"ImageObject","inLanguage":"es","@id":"https:\/\/www.quebakan.com\/v15\/tendencias-que-marcaran-la-comunicacion-y-las-relaciones-publicas-este-2025\/#primaryimage","url":"https:\/\/www.quebakan.com\/v15\/wp-content\/uploads\/2025\/01\/tendencias.jpg","contentUrl":"https:\/\/www.quebakan.com\/v15\/wp-content\/uploads\/2025\/01\/tendencias.jpg","width":700,"height":398},{"@type":"BreadcrumbList","@id":"https:\/\/www.quebakan.com\/v15\/tendencias-que-marcaran-la-comunicacion-y-las-relaciones-publicas-este-2025\/#breadcrumb","itemListElement":[{"@type":"ListItem","position":1,"name":"Portada","item":"https:\/\/www.quebakan.com\/v15\/"},{"@type":"ListItem","position":2,"name":"Tendencias que marcar\u00e1n la comunicaci\u00f3n y las relaciones p\u00fablicas este 2025"}]},{"@type":"WebSite","@id":"https:\/\/www.quebakan.com\/v15\/#website","url":"https:\/\/www.quebakan.com\/v15\/","name":"QUEBAKAN","description":"..","publisher":{"@id":"https:\/\/www.quebakan.com\/v15\/#organization"},"potentialAction":[{"@type":"SearchAction","target":{"@type":"EntryPoint","urlTemplate":"https:\/\/www.quebakan.com\/v15\/?s={search_term_string}"},"query-input":{"@type":"PropertyValueSpecification","valueRequired":true,"valueName":"search_term_string"}}],"inLanguage":"es"},{"@type":"Organization","@id":"https:\/\/www.quebakan.com\/v15\/#organization","name":"Quebakan.com","url":"https:\/\/www.quebakan.com\/v15\/","logo":{"@type":"ImageObject","inLanguage":"es","@id":"https:\/\/www.quebakan.com\/v15\/#\/schema\/logo\/image\/","url":"https:\/\/www.quebakan.com\/v15\/wp-content\/uploads\/2023\/07\/logoquebakanenero2021.jpg","contentUrl":"https:\/\/www.quebakan.com\/v15\/wp-content\/uploads\/2023\/07\/logoquebakanenero2021.jpg","width":1920,"height":1080,"caption":"Quebakan.com"},"image":{"@id":"https:\/\/www.quebakan.com\/v15\/#\/schema\/logo\/image\/"},"sameAs":["http:\/\/www.facebook.com\/quebakan","https:\/\/x.com\/quebakanec","http:\/\/www.instagram.com\/quebakan","http:\/\/www.youtube.com\/quebakan1"]},{"@type":"Person","@id":"https:\/\/www.quebakan.com\/v15\/#\/schema\/person\/d90fa9f9cfa81eb8ace9811e5b7b9118","name":"Erick Villafuerte","image":{"@type":"ImageObject","inLanguage":"es","@id":"https:\/\/www.quebakan.com\/v15\/wp-content\/uploads\/avatars\/4\/1731297654-bpfull.png","url":"https:\/\/www.quebakan.com\/v15\/wp-content\/uploads\/avatars\/4\/1731297654-bpfull.png","contentUrl":"https:\/\/www.quebakan.com\/v15\/wp-content\/uploads\/avatars\/4\/1731297654-bpfull.png","caption":"Erick Villafuerte"}}]}},"_links":{"self":[{"href":"https:\/\/www.quebakan.com\/v15\/wp-json\/wp\/v2\/posts\/127894","targetHints":{"allow":["GET"]}}],"collection":[{"href":"https:\/\/www.quebakan.com\/v15\/wp-json\/wp\/v2\/posts"}],"about":[{"href":"https:\/\/www.quebakan.com\/v15\/wp-json\/wp\/v2\/types\/post"}],"author":[{"embeddable":true,"href":"https:\/\/www.quebakan.com\/v15\/wp-json\/wp\/v2\/users\/4"}],"replies":[{"embeddable":true,"href":"https:\/\/www.quebakan.com\/v15\/wp-json\/wp\/v2\/comments?post=127894"}],"version-history":[{"count":1,"href":"https:\/\/www.quebakan.com\/v15\/wp-json\/wp\/v2\/posts\/127894\/revisions"}],"predecessor-version":[{"id":127896,"href":"https:\/\/www.quebakan.com\/v15\/wp-json\/wp\/v2\/posts\/127894\/revisions\/127896"}],"wp:featuredmedia":[{"embeddable":true,"href":"https:\/\/www.quebakan.com\/v15\/wp-json\/wp\/v2\/media\/127895"}],"wp:attachment":[{"href":"https:\/\/www.quebakan.com\/v15\/wp-json\/wp\/v2\/media?parent=127894"}],"wp:term":[{"taxonomy":"category","embeddable":true,"href":"https:\/\/www.quebakan.com\/v15\/wp-json\/wp\/v2\/categories?post=127894"},{"taxonomy":"post_tag","embeddable":true,"href":"https:\/\/www.quebakan.com\/v15\/wp-json\/wp\/v2\/tags?post=127894"}],"curies":[{"name":"wp","href":"https:\/\/api.w.org\/{rel}","templated":true}]}}