{"id":127897,"date":"2025-01-19T18:54:25","date_gmt":"2025-01-19T23:54:25","guid":{"rendered":"https:\/\/www.quebakan.com\/v15\/?p=127897"},"modified":"2025-01-19T18:54:25","modified_gmt":"2025-01-19T23:54:25","slug":"renault-5-e-tech-electrico-vehiculo-del-ano-en-europa-2025","status":"publish","type":"post","link":"https:\/\/www.quebakan.com\/v15\/renault-5-e-tech-electrico-vehiculo-del-ano-en-europa-2025\/","title":{"rendered":"RENAULT 5 E-TECH EL\u00c9CTRICO: VEH\u00cdCULO DEL A\u00d1O EN EUROPA 2025"},"content":{"rendered":"<p><img fetchpriority=\"high\" decoding=\"async\" class=\"aligncenter size-full wp-image-127898\" src=\"https:\/\/www.quebakan.com\/v15\/wp-content\/uploads\/2025\/01\/image006.jpg\" alt=\"\" width=\"424\" height=\"283\" \/><\/p>\n<ul style=\"font-weight: 400;\">\n<li style=\"text-align: justify;\"><span style=\"color: #000000;\"><strong>Renault 5 E-Tech el\u00e9ctrico y Alpine A290 han ganado en conjunto el prestigioso t\u00edtulo de \u201cVeh\u00edculo del A\u00f1o en Europa\u201d otorgado por el jurado europeo COTY (<em>Car Of The Year<\/em>).<\/strong><\/span><\/li>\n<\/ul>\n<ul style=\"font-weight: 400; text-align: justify;\">\n<li><span style=\"color: #000000;\"><strong>Se trata de una doble victoria para Renault tras la de Scenic E-Tech el\u00e9ctrico en 2024 y una gran primicia para Alpine. Renault 5 E-Tech el\u00e9ctrico se convierte en el octavo veh\u00edculo Renault en ganar el trofeo.<\/strong><\/span><\/li>\n<\/ul>\n<ul style=\"font-weight: 400; text-align: justify;\">\n<li><span style=\"color: #000000;\"><strong>Este galard\u00f3n recompensa la estrategia de electrificaci\u00f3n, as\u00ed como el acierto y la calidad de los nuevos modelos de las marcas Renault y Alpine.<\/strong><\/span><\/li>\n<\/ul>\n<ul style=\"font-weight: 400; text-align: justify;\">\n<li><span style=\"color: #000000;\"><strong>Renault 5 E-Tech el\u00e9ctrico y Alpine A290 se basan en la misma plataforma AmpR Small de Ampere, \u00fanica en Europa, que hace que la movilidad el\u00e9ctrica sea a la vez deseable e intuitiva.<\/strong><\/span><\/li>\n<\/ul>\n<p style=\"font-weight: 400; text-align: justify;\"><span style=\"color: #000000;\"><strong>Quito, 14 de enero de 2025.-<\/strong>\u00a0Renault 5 E-Tech el\u00e9ctrico y Alpine A290 han sido elegidos conjuntamente \u201cVeh\u00edculo del A\u00f1o en Europa 2025\u201d. El resultado se anunci\u00f3 el viernes 10 de enero en una ceremonia organizada por el jurado europeo del COTY (<em>Car Of The Year<\/em>) en el sal\u00f3n del autom\u00f3vil de Bruselas (B\u00e9lgica).<\/span><\/p>\n<p style=\"font-weight: 400; text-align: justify;\"><span style=\"color: #000000;\">El premio acredita el acierto de la estrategia de electrificaci\u00f3n de las marcas Renault y Alpine y la calidad de sus nuevos modelos, fruto del plan Renaulution. Su plataforma AmpR Small, que es \u00fanica en Europa, permite a ambos veh\u00edculos ofrecer un alto nivel de valor al cliente, al tiempo que deja a cada marca la libertad de expresar su propio posicionamiento en t\u00e9rminos de dise\u00f1o, desarrollo, tecnolog\u00edas embarcadas y experiencia cliente.<\/span><\/p>\n<p style=\"font-weight: 400; text-align: justify;\"><span style=\"color: #000000;\"><strong>Segundo t\u00edtulo consecutivo para Renault<\/strong><\/span><\/p>\n<p style=\"font-weight: 400; text-align: justify;\"><span style=\"color: #000000;\">Tras la primera ronda de votaciones que tuvo lugar en noviembre, Renault 5 E-Tech el\u00e9ctrico -presentado conjuntamente con Alpine A290 &#8211; fue uno de los siete finalistas frente a Alfa Romeo Junior, Citro\u00ebn \u00eb-C3\/C3, Cupra Terramar, Dacia Duster, Hyundai Inster y Kia EV3.<\/span><\/p>\n<p style=\"font-weight: 400; text-align: justify;\"><span style=\"color: #000000;\">El d\u00fao ganador fue votado por 60 periodistas especializados en automoci\u00f3n de 23 pa\u00edses y como resultado Renault 5 E-Tech el\u00e9ctrico y Alpine A290 obtuvieron el primer puesto. El nuevo icono pop el\u00e9ctrico de Renault se convierte en el octavo veh\u00edculo de la marca en ganar el prestigioso premio \u201cVeh\u00edculo del A\u00f1o en Europa\u201d, siguiendo los pasos de Renault 16 (1966), Renault 9 (1982), Clio I (1991), Sc\u00e9nic (1997), M\u00e9gane (2003), Clio III (2006) y Scenic E-Tech el\u00e9ctrico (2024).<\/span><\/p>\n<p style=\"font-weight: 400; text-align: justify;\"><span style=\"color: #000000;\">\u00ab\u00a0<em>Para todos los equipos del Grupo, la marca Renault y Ampere, es un inmenso orgullo recibir por segundo a\u00f1o consecutivo el prestigioso premio Car Of The Year. Renault 5 E-Tech el\u00e9ctrico cambia las reglas de juego en Europa. Hace que los veh\u00edculos el\u00e9ctricos sean deseables y evoca una respuesta emocional. Al mismo tiempo, ha sido dise\u00f1ado para aportar un gran valor a nuestros clientes. Si hay un veh\u00edculo con potencial para transformar el mercado el\u00e9ctrico, es \u00e9ste.<\/em>\u00a0\u00bb<\/span><\/p>\n<p style=\"font-weight: 400; text-align: justify;\"><span style=\"color: #000000;\">Fabrice Cambolive, CEO de la marca Renault<\/span><\/p>\n<p style=\"font-weight: 400; text-align: justify;\"><span style=\"color: #000000;\"><strong>R5, acelerador de la electrificaci\u00f3n<\/strong><\/span><\/p>\n<p style=\"font-weight: 400; text-align: justify;\"><span style=\"color: #000000;\">En 2024 Renault ha reinventado R5 con una versi\u00f3n 100% el\u00e9ctrica. Ha sido dise\u00f1ado para acelerar la electrificaci\u00f3n del mercado europeo. Hace que la movilidad el\u00e9ctrica sea deseable gracias a su dise\u00f1o que va directo al coraz\u00f3n y a su experiencia agradable e intuitiva de las tecnolog\u00edas el\u00e9ctricas y digitales.<\/span><\/p>\n<p style=\"font-weight: 400; text-align: justify;\"><span style=\"color: #000000;\">Desde hace m\u00e1s de doce a\u00f1os Renault est\u00e1 comprometida con poner la movilidad el\u00e9ctrica al alcance de todos. Tras haber lanzado Megane y Scenic en el segmento C, la marca ampl\u00eda ahora su gama E-Tech el\u00e9ctrica al segmento B con Renault 5 y Renault 4, que saldr\u00e1 a la venta este a\u00f1o. Estos dos \u00faltimos modelos desempe\u00f1an un papel clave para acelerar la adopci\u00f3n de los veh\u00edculos el\u00e9ctricos y reforzar la posici\u00f3n de Renault como l\u00edder en la nueva era de la movilidad sostenible.<\/span><\/p>\n","protected":false},"excerpt":{"rendered":"<p>Renault 5 E-Tech el\u00e9ctrico y Alpine A290 han ganado en conjunto el prestigioso t\u00edtulo de \u201cVeh\u00edculo del A\u00f1o en Europa\u201d otorgado por el jurado europeo COTY (Car Of The Year). Se trata de una doble victoria para Renault tras la de Scenic E-Tech el\u00e9ctrico en 2024 y una gran primicia para Alpine. Renault 5 E-Tech [&hellip;]<\/p>\n","protected":false},"author":4,"featured_media":127898,"comment_status":"open","ping_status":"open","sticky":false,"template":"","format":"standard","meta":{"_bbp_topic_count":0,"_bbp_reply_count":0,"_bbp_total_topic_count":0,"_bbp_total_reply_count":0,"_bbp_voice_count":0,"_bbp_anonymous_reply_count":0,"_bbp_topic_count_hidden":0,"_bbp_reply_count_hidden":0,"_bbp_forum_subforum_count":0,"buzzeditor_post_format":"","footnotes":""},"categories":[2],"tags":[],"class_list":["post-127897","post","type-post","status-publish","format-standard","has-post-thumbnail","hentry","category-noticias"],"yoast_head":"<!-- This site is optimized with the Yoast SEO plugin v27.4 - https:\/\/yoast.com\/product\/yoast-seo-wordpress\/ -->\n<title>RENAULT 5 E-TECH EL\u00c9CTRICO: VEH\u00cdCULO DEL A\u00d1O EN EUROPA 2025 &#8211; QUEBAKAN.COM 2026: Noticias, Eventos, Conciertos y mucho m\u00e1s....<\/title>\n<meta name=\"robots\" content=\"index, follow, max-snippet:-1, max-image-preview:large, max-video-preview:-1\" \/>\n<link rel=\"canonical\" href=\"https:\/\/www.quebakan.com\/v15\/renault-5-e-tech-electrico-vehiculo-del-ano-en-europa-2025\/\" \/>\n<meta property=\"og:locale\" content=\"es_ES\" \/>\n<meta property=\"og:type\" content=\"article\" \/>\n<meta property=\"og:title\" content=\"RENAULT 5 E-TECH EL\u00c9CTRICO: VEH\u00cdCULO DEL A\u00d1O EN EUROPA 2025 &#8211; QUEBAKAN.COM 2026: Noticias, Eventos, Conciertos y mucho m\u00e1s....\" \/>\n<meta property=\"og:description\" content=\"Renault 5 E-Tech el\u00e9ctrico y Alpine A290 han ganado en conjunto el prestigioso t\u00edtulo de \u201cVeh\u00edculo del A\u00f1o en Europa\u201d otorgado por el jurado europeo COTY (Car Of The Year). Se trata de una doble victoria para Renault tras la de Scenic E-Tech el\u00e9ctrico en 2024 y una gran primicia para Alpine. Renault 5 E-Tech [&hellip;]\" \/>\n<meta property=\"og:url\" content=\"https:\/\/www.quebakan.com\/v15\/renault-5-e-tech-electrico-vehiculo-del-ano-en-europa-2025\/\" \/>\n<meta property=\"og:site_name\" content=\"QUEBAKAN.COM 2026: Noticias, Eventos, Conciertos y mucho m\u00e1s....\" \/>\n<meta property=\"article:publisher\" content=\"http:\/\/www.facebook.com\/quebakan\" \/>\n<meta property=\"article:published_time\" content=\"2025-01-19T23:54:25+00:00\" \/>\n<meta property=\"og:image\" content=\"https:\/\/www.quebakan.com\/v15\/wp-content\/uploads\/2025\/01\/image006.jpg\" \/>\n\t<meta property=\"og:image:width\" content=\"424\" \/>\n\t<meta property=\"og:image:height\" content=\"283\" \/>\n\t<meta property=\"og:image:type\" content=\"image\/jpeg\" \/>\n<meta name=\"author\" content=\"Erick Villafuerte\" \/>\n<meta name=\"twitter:card\" content=\"summary_large_image\" \/>\n<meta name=\"twitter:creator\" content=\"@quebakanec\" \/>\n<meta name=\"twitter:site\" content=\"@quebakanec\" \/>\n<meta name=\"twitter:label1\" content=\"Escrito por\" \/>\n\t<meta name=\"twitter:data1\" content=\"Erick Villafuerte\" \/>\n\t<meta name=\"twitter:label2\" content=\"Tiempo de lectura\" \/>\n\t<meta name=\"twitter:data2\" content=\"4 minutos\" \/>\n<script type=\"application\/ld+json\" class=\"yoast-schema-graph\">{\"@context\":\"https:\\\/\\\/schema.org\",\"@graph\":[{\"@type\":\"Article\",\"@id\":\"https:\\\/\\\/www.quebakan.com\\\/v15\\\/renault-5-e-tech-electrico-vehiculo-del-ano-en-europa-2025\\\/#article\",\"isPartOf\":{\"@id\":\"https:\\\/\\\/www.quebakan.com\\\/v15\\\/renault-5-e-tech-electrico-vehiculo-del-ano-en-europa-2025\\\/\"},\"author\":{\"name\":\"Erick Villafuerte\",\"@id\":\"https:\\\/\\\/www.quebakan.com\\\/v15\\\/#\\\/schema\\\/person\\\/d90fa9f9cfa81eb8ace9811e5b7b9118\"},\"headline\":\"RENAULT 5 E-TECH EL\u00c9CTRICO: VEH\u00cdCULO DEL A\u00d1O EN EUROPA 2025\",\"datePublished\":\"2025-01-19T23:54:25+00:00\",\"mainEntityOfPage\":{\"@id\":\"https:\\\/\\\/www.quebakan.com\\\/v15\\\/renault-5-e-tech-electrico-vehiculo-del-ano-en-europa-2025\\\/\"},\"wordCount\":651,\"commentCount\":0,\"publisher\":{\"@id\":\"https:\\\/\\\/www.quebakan.com\\\/v15\\\/#organization\"},\"image\":{\"@id\":\"https:\\\/\\\/www.quebakan.com\\\/v15\\\/renault-5-e-tech-electrico-vehiculo-del-ano-en-europa-2025\\\/#primaryimage\"},\"thumbnailUrl\":\"https:\\\/\\\/www.quebakan.com\\\/v15\\\/wp-content\\\/uploads\\\/2025\\\/01\\\/image006.jpg\",\"articleSection\":[\"Noticias\"],\"inLanguage\":\"es\"},{\"@type\":\"WebPage\",\"@id\":\"https:\\\/\\\/www.quebakan.com\\\/v15\\\/renault-5-e-tech-electrico-vehiculo-del-ano-en-europa-2025\\\/\",\"url\":\"https:\\\/\\\/www.quebakan.com\\\/v15\\\/renault-5-e-tech-electrico-vehiculo-del-ano-en-europa-2025\\\/\",\"name\":\"RENAULT 5 E-TECH EL\u00c9CTRICO: VEH\u00cdCULO DEL A\u00d1O EN EUROPA 2025 &#8211; QUEBAKAN.COM 2026: Noticias, Eventos, Conciertos y mucho m\u00e1s....\",\"isPartOf\":{\"@id\":\"https:\\\/\\\/www.quebakan.com\\\/v15\\\/#website\"},\"primaryImageOfPage\":{\"@id\":\"https:\\\/\\\/www.quebakan.com\\\/v15\\\/renault-5-e-tech-electrico-vehiculo-del-ano-en-europa-2025\\\/#primaryimage\"},\"image\":{\"@id\":\"https:\\\/\\\/www.quebakan.com\\\/v15\\\/renault-5-e-tech-electrico-vehiculo-del-ano-en-europa-2025\\\/#primaryimage\"},\"thumbnailUrl\":\"https:\\\/\\\/www.quebakan.com\\\/v15\\\/wp-content\\\/uploads\\\/2025\\\/01\\\/image006.jpg\",\"datePublished\":\"2025-01-19T23:54:25+00:00\",\"breadcrumb\":{\"@id\":\"https:\\\/\\\/www.quebakan.com\\\/v15\\\/renault-5-e-tech-electrico-vehiculo-del-ano-en-europa-2025\\\/#breadcrumb\"},\"inLanguage\":\"es\",\"potentialAction\":[{\"@type\":\"ReadAction\",\"target\":[\"https:\\\/\\\/www.quebakan.com\\\/v15\\\/renault-5-e-tech-electrico-vehiculo-del-ano-en-europa-2025\\\/\"]}]},{\"@type\":\"ImageObject\",\"inLanguage\":\"es\",\"@id\":\"https:\\\/\\\/www.quebakan.com\\\/v15\\\/renault-5-e-tech-electrico-vehiculo-del-ano-en-europa-2025\\\/#primaryimage\",\"url\":\"https:\\\/\\\/www.quebakan.com\\\/v15\\\/wp-content\\\/uploads\\\/2025\\\/01\\\/image006.jpg\",\"contentUrl\":\"https:\\\/\\\/www.quebakan.com\\\/v15\\\/wp-content\\\/uploads\\\/2025\\\/01\\\/image006.jpg\",\"width\":424,\"height\":283},{\"@type\":\"BreadcrumbList\",\"@id\":\"https:\\\/\\\/www.quebakan.com\\\/v15\\\/renault-5-e-tech-electrico-vehiculo-del-ano-en-europa-2025\\\/#breadcrumb\",\"itemListElement\":[{\"@type\":\"ListItem\",\"position\":1,\"name\":\"Portada\",\"item\":\"https:\\\/\\\/www.quebakan.com\\\/v15\\\/\"},{\"@type\":\"ListItem\",\"position\":2,\"name\":\"RENAULT 5 E-TECH EL\u00c9CTRICO: VEH\u00cdCULO DEL A\u00d1O EN EUROPA 2025\"}]},{\"@type\":\"WebSite\",\"@id\":\"https:\\\/\\\/www.quebakan.com\\\/v15\\\/#website\",\"url\":\"https:\\\/\\\/www.quebakan.com\\\/v15\\\/\",\"name\":\"QUEBAKAN\",\"description\":\"..\",\"publisher\":{\"@id\":\"https:\\\/\\\/www.quebakan.com\\\/v15\\\/#organization\"},\"potentialAction\":[{\"@type\":\"SearchAction\",\"target\":{\"@type\":\"EntryPoint\",\"urlTemplate\":\"https:\\\/\\\/www.quebakan.com\\\/v15\\\/?s={search_term_string}\"},\"query-input\":{\"@type\":\"PropertyValueSpecification\",\"valueRequired\":true,\"valueName\":\"search_term_string\"}}],\"inLanguage\":\"es\"},{\"@type\":\"Organization\",\"@id\":\"https:\\\/\\\/www.quebakan.com\\\/v15\\\/#organization\",\"name\":\"Quebakan.com\",\"url\":\"https:\\\/\\\/www.quebakan.com\\\/v15\\\/\",\"logo\":{\"@type\":\"ImageObject\",\"inLanguage\":\"es\",\"@id\":\"https:\\\/\\\/www.quebakan.com\\\/v15\\\/#\\\/schema\\\/logo\\\/image\\\/\",\"url\":\"https:\\\/\\\/www.quebakan.com\\\/v15\\\/wp-content\\\/uploads\\\/2023\\\/07\\\/logoquebakanenero2021.jpg\",\"contentUrl\":\"https:\\\/\\\/www.quebakan.com\\\/v15\\\/wp-content\\\/uploads\\\/2023\\\/07\\\/logoquebakanenero2021.jpg\",\"width\":1920,\"height\":1080,\"caption\":\"Quebakan.com\"},\"image\":{\"@id\":\"https:\\\/\\\/www.quebakan.com\\\/v15\\\/#\\\/schema\\\/logo\\\/image\\\/\"},\"sameAs\":[\"http:\\\/\\\/www.facebook.com\\\/quebakan\",\"https:\\\/\\\/x.com\\\/quebakanec\",\"http:\\\/\\\/www.instagram.com\\\/quebakan\",\"http:\\\/\\\/www.youtube.com\\\/quebakan1\"]},{\"@type\":\"Person\",\"@id\":\"https:\\\/\\\/www.quebakan.com\\\/v15\\\/#\\\/schema\\\/person\\\/d90fa9f9cfa81eb8ace9811e5b7b9118\",\"name\":\"Erick Villafuerte\",\"image\":{\"@type\":\"ImageObject\",\"inLanguage\":\"es\",\"@id\":\"https:\\\/\\\/www.quebakan.com\\\/v15\\\/wp-content\\\/uploads\\\/avatars\\\/4\\\/1731297654-bpfull.png\",\"url\":\"https:\\\/\\\/www.quebakan.com\\\/v15\\\/wp-content\\\/uploads\\\/avatars\\\/4\\\/1731297654-bpfull.png\",\"contentUrl\":\"https:\\\/\\\/www.quebakan.com\\\/v15\\\/wp-content\\\/uploads\\\/avatars\\\/4\\\/1731297654-bpfull.png\",\"caption\":\"Erick Villafuerte\"}}]}<\/script>\n<!-- \/ Yoast SEO plugin. -->","yoast_head_json":{"title":"RENAULT 5 E-TECH EL\u00c9CTRICO: VEH\u00cdCULO DEL A\u00d1O EN EUROPA 2025 &#8211; QUEBAKAN.COM 2026: Noticias, Eventos, Conciertos y mucho m\u00e1s....","robots":{"index":"index","follow":"follow","max-snippet":"max-snippet:-1","max-image-preview":"max-image-preview:large","max-video-preview":"max-video-preview:-1"},"canonical":"https:\/\/www.quebakan.com\/v15\/renault-5-e-tech-electrico-vehiculo-del-ano-en-europa-2025\/","og_locale":"es_ES","og_type":"article","og_title":"RENAULT 5 E-TECH EL\u00c9CTRICO: VEH\u00cdCULO DEL A\u00d1O EN EUROPA 2025 &#8211; QUEBAKAN.COM 2026: Noticias, Eventos, Conciertos y mucho m\u00e1s....","og_description":"Renault 5 E-Tech el\u00e9ctrico y Alpine A290 han ganado en conjunto el prestigioso t\u00edtulo de \u201cVeh\u00edculo del A\u00f1o en Europa\u201d otorgado por el jurado europeo COTY (Car Of The Year). Se trata de una doble victoria para Renault tras la de Scenic E-Tech el\u00e9ctrico en 2024 y una gran primicia para Alpine. Renault 5 E-Tech [&hellip;]","og_url":"https:\/\/www.quebakan.com\/v15\/renault-5-e-tech-electrico-vehiculo-del-ano-en-europa-2025\/","og_site_name":"QUEBAKAN.COM 2026: Noticias, Eventos, Conciertos y mucho m\u00e1s....","article_publisher":"http:\/\/www.facebook.com\/quebakan","article_published_time":"2025-01-19T23:54:25+00:00","og_image":[{"width":424,"height":283,"url":"https:\/\/www.quebakan.com\/v15\/wp-content\/uploads\/2025\/01\/image006.jpg","type":"image\/jpeg"}],"author":"Erick Villafuerte","twitter_card":"summary_large_image","twitter_creator":"@quebakanec","twitter_site":"@quebakanec","twitter_misc":{"Escrito por":"Erick Villafuerte","Tiempo de lectura":"4 minutos"},"schema":{"@context":"https:\/\/schema.org","@graph":[{"@type":"Article","@id":"https:\/\/www.quebakan.com\/v15\/renault-5-e-tech-electrico-vehiculo-del-ano-en-europa-2025\/#article","isPartOf":{"@id":"https:\/\/www.quebakan.com\/v15\/renault-5-e-tech-electrico-vehiculo-del-ano-en-europa-2025\/"},"author":{"name":"Erick Villafuerte","@id":"https:\/\/www.quebakan.com\/v15\/#\/schema\/person\/d90fa9f9cfa81eb8ace9811e5b7b9118"},"headline":"RENAULT 5 E-TECH EL\u00c9CTRICO: VEH\u00cdCULO DEL A\u00d1O EN EUROPA 2025","datePublished":"2025-01-19T23:54:25+00:00","mainEntityOfPage":{"@id":"https:\/\/www.quebakan.com\/v15\/renault-5-e-tech-electrico-vehiculo-del-ano-en-europa-2025\/"},"wordCount":651,"commentCount":0,"publisher":{"@id":"https:\/\/www.quebakan.com\/v15\/#organization"},"image":{"@id":"https:\/\/www.quebakan.com\/v15\/renault-5-e-tech-electrico-vehiculo-del-ano-en-europa-2025\/#primaryimage"},"thumbnailUrl":"https:\/\/www.quebakan.com\/v15\/wp-content\/uploads\/2025\/01\/image006.jpg","articleSection":["Noticias"],"inLanguage":"es"},{"@type":"WebPage","@id":"https:\/\/www.quebakan.com\/v15\/renault-5-e-tech-electrico-vehiculo-del-ano-en-europa-2025\/","url":"https:\/\/www.quebakan.com\/v15\/renault-5-e-tech-electrico-vehiculo-del-ano-en-europa-2025\/","name":"RENAULT 5 E-TECH EL\u00c9CTRICO: VEH\u00cdCULO DEL A\u00d1O EN EUROPA 2025 &#8211; QUEBAKAN.COM 2026: Noticias, Eventos, Conciertos y mucho m\u00e1s....","isPartOf":{"@id":"https:\/\/www.quebakan.com\/v15\/#website"},"primaryImageOfPage":{"@id":"https:\/\/www.quebakan.com\/v15\/renault-5-e-tech-electrico-vehiculo-del-ano-en-europa-2025\/#primaryimage"},"image":{"@id":"https:\/\/www.quebakan.com\/v15\/renault-5-e-tech-electrico-vehiculo-del-ano-en-europa-2025\/#primaryimage"},"thumbnailUrl":"https:\/\/www.quebakan.com\/v15\/wp-content\/uploads\/2025\/01\/image006.jpg","datePublished":"2025-01-19T23:54:25+00:00","breadcrumb":{"@id":"https:\/\/www.quebakan.com\/v15\/renault-5-e-tech-electrico-vehiculo-del-ano-en-europa-2025\/#breadcrumb"},"inLanguage":"es","potentialAction":[{"@type":"ReadAction","target":["https:\/\/www.quebakan.com\/v15\/renault-5-e-tech-electrico-vehiculo-del-ano-en-europa-2025\/"]}]},{"@type":"ImageObject","inLanguage":"es","@id":"https:\/\/www.quebakan.com\/v15\/renault-5-e-tech-electrico-vehiculo-del-ano-en-europa-2025\/#primaryimage","url":"https:\/\/www.quebakan.com\/v15\/wp-content\/uploads\/2025\/01\/image006.jpg","contentUrl":"https:\/\/www.quebakan.com\/v15\/wp-content\/uploads\/2025\/01\/image006.jpg","width":424,"height":283},{"@type":"BreadcrumbList","@id":"https:\/\/www.quebakan.com\/v15\/renault-5-e-tech-electrico-vehiculo-del-ano-en-europa-2025\/#breadcrumb","itemListElement":[{"@type":"ListItem","position":1,"name":"Portada","item":"https:\/\/www.quebakan.com\/v15\/"},{"@type":"ListItem","position":2,"name":"RENAULT 5 E-TECH EL\u00c9CTRICO: VEH\u00cdCULO DEL A\u00d1O EN EUROPA 2025"}]},{"@type":"WebSite","@id":"https:\/\/www.quebakan.com\/v15\/#website","url":"https:\/\/www.quebakan.com\/v15\/","name":"QUEBAKAN","description":"..","publisher":{"@id":"https:\/\/www.quebakan.com\/v15\/#organization"},"potentialAction":[{"@type":"SearchAction","target":{"@type":"EntryPoint","urlTemplate":"https:\/\/www.quebakan.com\/v15\/?s={search_term_string}"},"query-input":{"@type":"PropertyValueSpecification","valueRequired":true,"valueName":"search_term_string"}}],"inLanguage":"es"},{"@type":"Organization","@id":"https:\/\/www.quebakan.com\/v15\/#organization","name":"Quebakan.com","url":"https:\/\/www.quebakan.com\/v15\/","logo":{"@type":"ImageObject","inLanguage":"es","@id":"https:\/\/www.quebakan.com\/v15\/#\/schema\/logo\/image\/","url":"https:\/\/www.quebakan.com\/v15\/wp-content\/uploads\/2023\/07\/logoquebakanenero2021.jpg","contentUrl":"https:\/\/www.quebakan.com\/v15\/wp-content\/uploads\/2023\/07\/logoquebakanenero2021.jpg","width":1920,"height":1080,"caption":"Quebakan.com"},"image":{"@id":"https:\/\/www.quebakan.com\/v15\/#\/schema\/logo\/image\/"},"sameAs":["http:\/\/www.facebook.com\/quebakan","https:\/\/x.com\/quebakanec","http:\/\/www.instagram.com\/quebakan","http:\/\/www.youtube.com\/quebakan1"]},{"@type":"Person","@id":"https:\/\/www.quebakan.com\/v15\/#\/schema\/person\/d90fa9f9cfa81eb8ace9811e5b7b9118","name":"Erick Villafuerte","image":{"@type":"ImageObject","inLanguage":"es","@id":"https:\/\/www.quebakan.com\/v15\/wp-content\/uploads\/avatars\/4\/1731297654-bpfull.png","url":"https:\/\/www.quebakan.com\/v15\/wp-content\/uploads\/avatars\/4\/1731297654-bpfull.png","contentUrl":"https:\/\/www.quebakan.com\/v15\/wp-content\/uploads\/avatars\/4\/1731297654-bpfull.png","caption":"Erick Villafuerte"}}]}},"_links":{"self":[{"href":"https:\/\/www.quebakan.com\/v15\/wp-json\/wp\/v2\/posts\/127897","targetHints":{"allow":["GET"]}}],"collection":[{"href":"https:\/\/www.quebakan.com\/v15\/wp-json\/wp\/v2\/posts"}],"about":[{"href":"https:\/\/www.quebakan.com\/v15\/wp-json\/wp\/v2\/types\/post"}],"author":[{"embeddable":true,"href":"https:\/\/www.quebakan.com\/v15\/wp-json\/wp\/v2\/users\/4"}],"replies":[{"embeddable":true,"href":"https:\/\/www.quebakan.com\/v15\/wp-json\/wp\/v2\/comments?post=127897"}],"version-history":[{"count":1,"href":"https:\/\/www.quebakan.com\/v15\/wp-json\/wp\/v2\/posts\/127897\/revisions"}],"predecessor-version":[{"id":127899,"href":"https:\/\/www.quebakan.com\/v15\/wp-json\/wp\/v2\/posts\/127897\/revisions\/127899"}],"wp:featuredmedia":[{"embeddable":true,"href":"https:\/\/www.quebakan.com\/v15\/wp-json\/wp\/v2\/media\/127898"}],"wp:attachment":[{"href":"https:\/\/www.quebakan.com\/v15\/wp-json\/wp\/v2\/media?parent=127897"}],"wp:term":[{"taxonomy":"category","embeddable":true,"href":"https:\/\/www.quebakan.com\/v15\/wp-json\/wp\/v2\/categories?post=127897"},{"taxonomy":"post_tag","embeddable":true,"href":"https:\/\/www.quebakan.com\/v15\/wp-json\/wp\/v2\/tags?post=127897"}],"curies":[{"name":"wp","href":"https:\/\/api.w.org\/{rel}","templated":true}]}}