{"id":127900,"date":"2025-01-19T18:56:16","date_gmt":"2025-01-19T23:56:16","guid":{"rendered":"https:\/\/www.quebakan.com\/v15\/?p=127900"},"modified":"2025-01-19T18:56:16","modified_gmt":"2025-01-19T23:56:16","slug":"vehiculos-foton-cuentan-con-respaldo-posventa-en-la-red-de-talleres-de-automotores-y-anexos-s-a","status":"publish","type":"post","link":"https:\/\/www.quebakan.com\/v15\/vehiculos-foton-cuentan-con-respaldo-posventa-en-la-red-de-talleres-de-automotores-y-anexos-s-a\/","title":{"rendered":"VEH\u00cdCULOS FOTON CUENTAN CON RESPALDO POSVENTA EN LA RED DE TALLERES DE AUTOMOTORES Y ANEXOS S.A."},"content":{"rendered":"<p><img fetchpriority=\"high\" decoding=\"async\" class=\"aligncenter size-full wp-image-127901\" src=\"https:\/\/www.quebakan.com\/v15\/wp-content\/uploads\/2025\/01\/image003.png\" alt=\"\" width=\"334\" height=\"219\" \/><\/p>\n<p style=\"font-weight: 400; text-align: justify;\"><span style=\"color: #000000;\"><strong>Ecuador, 15 de enero 2025.-\u00a0<\/strong>Automotores y Anexos S.A., representante oficial de marcas l\u00edderes como Renault, Nissan, Baic y Foton, contin\u00faa fortaleciendo su compromiso con la calidad y el respaldo a sus clientes. Ahora, toda la gama de camionetas Foton, que incluye Tunland G7 y G9 en todas sus versiones tienen acceso a la red de talleres posventa y mantenimiento de las marcas respaldadas por la compa\u00f1\u00eda.<\/span><\/p>\n<p style=\"font-weight: 400; text-align: justify;\"><span style=\"color: #000000;\">Con puntos de atenci\u00f3n distribuidos estrat\u00e9gicamente en todo el Ecuador, los propietarios de pick ups Foton pueden disfrutar de servicios especializados que garantizan diagn\u00f3sticos precisos y soluciones efectivas, de la mano de herramientas altamente tecnol\u00f3gicas. Esto asegura un mantenimiento preventivo y correctivo que optimiza el rendimiento y prolonga la vida \u00fatil de los automotores.<\/span><\/p>\n<p style=\"font-weight: 400; text-align: justify;\"><span style=\"color: #000000;\">Los talleres de Automotores y Anexos est\u00e1n ubicados en provincias clave como Guayas, Azuay, Ca\u00f1ar, Chimborazo, El Oro, Imbabura, Loja, Manab\u00ed, Morona Santiago, Pichincha y Tungurahua. Esta red nacional asegura que cada cliente pueda encontrar un punto de servicio cercano, sin importar su ubicaci\u00f3n.<\/span><\/p>\n<p style=\"font-weight: 400; text-align: justify;\"><span style=\"color: #000000;\">El equipo profesional que conforma cada uno de estos puntos de servicio, recibe formaci\u00f3n continua en los procesos t\u00e9cnicos por parte de sus marcas, asegurando una atenci\u00f3n eficiente, confiable y personalizada.<\/span><\/p>\n<p style=\"font-weight: 400; text-align: justify;\"><span style=\"color: #000000;\">Con esta iniciativa, Automotores y Anexos S.A. demuestra su compromiso con la seguridad y satisfacci\u00f3n sus clientes y due\u00f1os de camionetas Foton &#8211; Tunland, brind\u00e1ndoles un respaldo t\u00e9cnico integral para sus necesidades de transporte, trabajo y movilidad.<\/span><\/p>\n","protected":false},"excerpt":{"rendered":"<p>Ecuador, 15 de enero 2025.-\u00a0Automotores y Anexos S.A., representante oficial de marcas l\u00edderes como Renault, Nissan, Baic y Foton, contin\u00faa fortaleciendo su compromiso con la calidad y el respaldo a sus clientes. Ahora, toda la gama de camionetas Foton, que incluye Tunland G7 y G9 en todas sus versiones tienen acceso a la red de [&hellip;]<\/p>\n","protected":false},"author":4,"featured_media":127901,"comment_status":"open","ping_status":"open","sticky":false,"template":"","format":"standard","meta":{"_bbp_topic_count":0,"_bbp_reply_count":0,"_bbp_total_topic_count":0,"_bbp_total_reply_count":0,"_bbp_voice_count":0,"_bbp_anonymous_reply_count":0,"_bbp_topic_count_hidden":0,"_bbp_reply_count_hidden":0,"_bbp_forum_subforum_count":0,"buzzeditor_post_format":"","footnotes":""},"categories":[2],"tags":[],"class_list":["post-127900","post","type-post","status-publish","format-standard","has-post-thumbnail","hentry","category-noticias"],"yoast_head":"<!-- This site is optimized with the Yoast SEO plugin v27.4 - https:\/\/yoast.com\/product\/yoast-seo-wordpress\/ -->\n<title>VEH\u00cdCULOS FOTON CUENTAN CON RESPALDO POSVENTA EN LA RED DE TALLERES DE AUTOMOTORES Y ANEXOS S.A. &#8211; QUEBAKAN.COM 2026: Noticias, Eventos, Conciertos y mucho m\u00e1s....<\/title>\n<meta name=\"robots\" content=\"index, follow, max-snippet:-1, max-image-preview:large, max-video-preview:-1\" \/>\n<link rel=\"canonical\" href=\"https:\/\/www.quebakan.com\/v15\/vehiculos-foton-cuentan-con-respaldo-posventa-en-la-red-de-talleres-de-automotores-y-anexos-s-a\/\" \/>\n<meta property=\"og:locale\" content=\"es_ES\" \/>\n<meta property=\"og:type\" content=\"article\" \/>\n<meta property=\"og:title\" content=\"VEH\u00cdCULOS FOTON CUENTAN CON RESPALDO POSVENTA EN LA RED DE TALLERES DE AUTOMOTORES Y ANEXOS S.A. &#8211; QUEBAKAN.COM 2026: Noticias, Eventos, Conciertos y mucho m\u00e1s....\" \/>\n<meta property=\"og:description\" content=\"Ecuador, 15 de enero 2025.-\u00a0Automotores y Anexos S.A., representante oficial de marcas l\u00edderes como Renault, Nissan, Baic y Foton, contin\u00faa fortaleciendo su compromiso con la calidad y el respaldo a sus clientes. Ahora, toda la gama de camionetas Foton, que incluye Tunland G7 y G9 en todas sus versiones tienen acceso a la red de [&hellip;]\" \/>\n<meta property=\"og:url\" content=\"https:\/\/www.quebakan.com\/v15\/vehiculos-foton-cuentan-con-respaldo-posventa-en-la-red-de-talleres-de-automotores-y-anexos-s-a\/\" \/>\n<meta property=\"og:site_name\" content=\"QUEBAKAN.COM 2026: Noticias, Eventos, Conciertos y mucho m\u00e1s....\" \/>\n<meta property=\"article:publisher\" content=\"http:\/\/www.facebook.com\/quebakan\" \/>\n<meta property=\"article:published_time\" content=\"2025-01-19T23:56:16+00:00\" \/>\n<meta property=\"og:image\" content=\"https:\/\/www.quebakan.com\/v15\/wp-content\/uploads\/2025\/01\/image003.png\" \/>\n\t<meta property=\"og:image:width\" content=\"334\" \/>\n\t<meta property=\"og:image:height\" content=\"219\" \/>\n\t<meta property=\"og:image:type\" content=\"image\/png\" \/>\n<meta name=\"author\" content=\"Erick Villafuerte\" \/>\n<meta name=\"twitter:card\" content=\"summary_large_image\" \/>\n<meta name=\"twitter:creator\" content=\"@quebakanec\" \/>\n<meta name=\"twitter:site\" content=\"@quebakanec\" \/>\n<meta name=\"twitter:label1\" content=\"Escrito por\" \/>\n\t<meta name=\"twitter:data1\" content=\"Erick Villafuerte\" \/>\n\t<meta name=\"twitter:label2\" content=\"Tiempo de lectura\" \/>\n\t<meta name=\"twitter:data2\" content=\"2 minutos\" \/>\n<script type=\"application\/ld+json\" class=\"yoast-schema-graph\">{\"@context\":\"https:\\\/\\\/schema.org\",\"@graph\":[{\"@type\":\"Article\",\"@id\":\"https:\\\/\\\/www.quebakan.com\\\/v15\\\/vehiculos-foton-cuentan-con-respaldo-posventa-en-la-red-de-talleres-de-automotores-y-anexos-s-a\\\/#article\",\"isPartOf\":{\"@id\":\"https:\\\/\\\/www.quebakan.com\\\/v15\\\/vehiculos-foton-cuentan-con-respaldo-posventa-en-la-red-de-talleres-de-automotores-y-anexos-s-a\\\/\"},\"author\":{\"name\":\"Erick Villafuerte\",\"@id\":\"https:\\\/\\\/www.quebakan.com\\\/v15\\\/#\\\/schema\\\/person\\\/d90fa9f9cfa81eb8ace9811e5b7b9118\"},\"headline\":\"VEH\u00cdCULOS FOTON CUENTAN CON RESPALDO POSVENTA EN LA RED DE TALLERES DE AUTOMOTORES Y ANEXOS S.A.\",\"datePublished\":\"2025-01-19T23:56:16+00:00\",\"mainEntityOfPage\":{\"@id\":\"https:\\\/\\\/www.quebakan.com\\\/v15\\\/vehiculos-foton-cuentan-con-respaldo-posventa-en-la-red-de-talleres-de-automotores-y-anexos-s-a\\\/\"},\"wordCount\":269,\"commentCount\":0,\"publisher\":{\"@id\":\"https:\\\/\\\/www.quebakan.com\\\/v15\\\/#organization\"},\"image\":{\"@id\":\"https:\\\/\\\/www.quebakan.com\\\/v15\\\/vehiculos-foton-cuentan-con-respaldo-posventa-en-la-red-de-talleres-de-automotores-y-anexos-s-a\\\/#primaryimage\"},\"thumbnailUrl\":\"https:\\\/\\\/www.quebakan.com\\\/v15\\\/wp-content\\\/uploads\\\/2025\\\/01\\\/image003.png\",\"articleSection\":[\"Noticias\"],\"inLanguage\":\"es\"},{\"@type\":\"WebPage\",\"@id\":\"https:\\\/\\\/www.quebakan.com\\\/v15\\\/vehiculos-foton-cuentan-con-respaldo-posventa-en-la-red-de-talleres-de-automotores-y-anexos-s-a\\\/\",\"url\":\"https:\\\/\\\/www.quebakan.com\\\/v15\\\/vehiculos-foton-cuentan-con-respaldo-posventa-en-la-red-de-talleres-de-automotores-y-anexos-s-a\\\/\",\"name\":\"VEH\u00cdCULOS FOTON CUENTAN CON RESPALDO POSVENTA EN LA RED DE TALLERES DE AUTOMOTORES Y ANEXOS S.A. &#8211; QUEBAKAN.COM 2026: Noticias, Eventos, Conciertos y mucho m\u00e1s....\",\"isPartOf\":{\"@id\":\"https:\\\/\\\/www.quebakan.com\\\/v15\\\/#website\"},\"primaryImageOfPage\":{\"@id\":\"https:\\\/\\\/www.quebakan.com\\\/v15\\\/vehiculos-foton-cuentan-con-respaldo-posventa-en-la-red-de-talleres-de-automotores-y-anexos-s-a\\\/#primaryimage\"},\"image\":{\"@id\":\"https:\\\/\\\/www.quebakan.com\\\/v15\\\/vehiculos-foton-cuentan-con-respaldo-posventa-en-la-red-de-talleres-de-automotores-y-anexos-s-a\\\/#primaryimage\"},\"thumbnailUrl\":\"https:\\\/\\\/www.quebakan.com\\\/v15\\\/wp-content\\\/uploads\\\/2025\\\/01\\\/image003.png\",\"datePublished\":\"2025-01-19T23:56:16+00:00\",\"breadcrumb\":{\"@id\":\"https:\\\/\\\/www.quebakan.com\\\/v15\\\/vehiculos-foton-cuentan-con-respaldo-posventa-en-la-red-de-talleres-de-automotores-y-anexos-s-a\\\/#breadcrumb\"},\"inLanguage\":\"es\",\"potentialAction\":[{\"@type\":\"ReadAction\",\"target\":[\"https:\\\/\\\/www.quebakan.com\\\/v15\\\/vehiculos-foton-cuentan-con-respaldo-posventa-en-la-red-de-talleres-de-automotores-y-anexos-s-a\\\/\"]}]},{\"@type\":\"ImageObject\",\"inLanguage\":\"es\",\"@id\":\"https:\\\/\\\/www.quebakan.com\\\/v15\\\/vehiculos-foton-cuentan-con-respaldo-posventa-en-la-red-de-talleres-de-automotores-y-anexos-s-a\\\/#primaryimage\",\"url\":\"https:\\\/\\\/www.quebakan.com\\\/v15\\\/wp-content\\\/uploads\\\/2025\\\/01\\\/image003.png\",\"contentUrl\":\"https:\\\/\\\/www.quebakan.com\\\/v15\\\/wp-content\\\/uploads\\\/2025\\\/01\\\/image003.png\",\"width\":334,\"height\":219},{\"@type\":\"BreadcrumbList\",\"@id\":\"https:\\\/\\\/www.quebakan.com\\\/v15\\\/vehiculos-foton-cuentan-con-respaldo-posventa-en-la-red-de-talleres-de-automotores-y-anexos-s-a\\\/#breadcrumb\",\"itemListElement\":[{\"@type\":\"ListItem\",\"position\":1,\"name\":\"Portada\",\"item\":\"https:\\\/\\\/www.quebakan.com\\\/v15\\\/\"},{\"@type\":\"ListItem\",\"position\":2,\"name\":\"VEH\u00cdCULOS FOTON CUENTAN CON RESPALDO POSVENTA EN LA RED DE TALLERES DE AUTOMOTORES Y ANEXOS S.A.\"}]},{\"@type\":\"WebSite\",\"@id\":\"https:\\\/\\\/www.quebakan.com\\\/v15\\\/#website\",\"url\":\"https:\\\/\\\/www.quebakan.com\\\/v15\\\/\",\"name\":\"QUEBAKAN\",\"description\":\"..\",\"publisher\":{\"@id\":\"https:\\\/\\\/www.quebakan.com\\\/v15\\\/#organization\"},\"potentialAction\":[{\"@type\":\"SearchAction\",\"target\":{\"@type\":\"EntryPoint\",\"urlTemplate\":\"https:\\\/\\\/www.quebakan.com\\\/v15\\\/?s={search_term_string}\"},\"query-input\":{\"@type\":\"PropertyValueSpecification\",\"valueRequired\":true,\"valueName\":\"search_term_string\"}}],\"inLanguage\":\"es\"},{\"@type\":\"Organization\",\"@id\":\"https:\\\/\\\/www.quebakan.com\\\/v15\\\/#organization\",\"name\":\"Quebakan.com\",\"url\":\"https:\\\/\\\/www.quebakan.com\\\/v15\\\/\",\"logo\":{\"@type\":\"ImageObject\",\"inLanguage\":\"es\",\"@id\":\"https:\\\/\\\/www.quebakan.com\\\/v15\\\/#\\\/schema\\\/logo\\\/image\\\/\",\"url\":\"https:\\\/\\\/www.quebakan.com\\\/v15\\\/wp-content\\\/uploads\\\/2023\\\/07\\\/logoquebakanenero2021.jpg\",\"contentUrl\":\"https:\\\/\\\/www.quebakan.com\\\/v15\\\/wp-content\\\/uploads\\\/2023\\\/07\\\/logoquebakanenero2021.jpg\",\"width\":1920,\"height\":1080,\"caption\":\"Quebakan.com\"},\"image\":{\"@id\":\"https:\\\/\\\/www.quebakan.com\\\/v15\\\/#\\\/schema\\\/logo\\\/image\\\/\"},\"sameAs\":[\"http:\\\/\\\/www.facebook.com\\\/quebakan\",\"https:\\\/\\\/x.com\\\/quebakanec\",\"http:\\\/\\\/www.instagram.com\\\/quebakan\",\"http:\\\/\\\/www.youtube.com\\\/quebakan1\"]},{\"@type\":\"Person\",\"@id\":\"https:\\\/\\\/www.quebakan.com\\\/v15\\\/#\\\/schema\\\/person\\\/d90fa9f9cfa81eb8ace9811e5b7b9118\",\"name\":\"Erick Villafuerte\",\"image\":{\"@type\":\"ImageObject\",\"inLanguage\":\"es\",\"@id\":\"https:\\\/\\\/www.quebakan.com\\\/v15\\\/wp-content\\\/uploads\\\/avatars\\\/4\\\/1731297654-bpfull.png\",\"url\":\"https:\\\/\\\/www.quebakan.com\\\/v15\\\/wp-content\\\/uploads\\\/avatars\\\/4\\\/1731297654-bpfull.png\",\"contentUrl\":\"https:\\\/\\\/www.quebakan.com\\\/v15\\\/wp-content\\\/uploads\\\/avatars\\\/4\\\/1731297654-bpfull.png\",\"caption\":\"Erick Villafuerte\"}}]}<\/script>\n<!-- \/ Yoast SEO plugin. -->","yoast_head_json":{"title":"VEH\u00cdCULOS FOTON CUENTAN CON RESPALDO POSVENTA EN LA RED DE TALLERES DE AUTOMOTORES Y ANEXOS S.A. &#8211; QUEBAKAN.COM 2026: Noticias, Eventos, Conciertos y mucho m\u00e1s....","robots":{"index":"index","follow":"follow","max-snippet":"max-snippet:-1","max-image-preview":"max-image-preview:large","max-video-preview":"max-video-preview:-1"},"canonical":"https:\/\/www.quebakan.com\/v15\/vehiculos-foton-cuentan-con-respaldo-posventa-en-la-red-de-talleres-de-automotores-y-anexos-s-a\/","og_locale":"es_ES","og_type":"article","og_title":"VEH\u00cdCULOS FOTON CUENTAN CON RESPALDO POSVENTA EN LA RED DE TALLERES DE AUTOMOTORES Y ANEXOS S.A. &#8211; QUEBAKAN.COM 2026: Noticias, Eventos, Conciertos y mucho m\u00e1s....","og_description":"Ecuador, 15 de enero 2025.-\u00a0Automotores y Anexos S.A., representante oficial de marcas l\u00edderes como Renault, Nissan, Baic y Foton, contin\u00faa fortaleciendo su compromiso con la calidad y el respaldo a sus clientes. Ahora, toda la gama de camionetas Foton, que incluye Tunland G7 y G9 en todas sus versiones tienen acceso a la red de [&hellip;]","og_url":"https:\/\/www.quebakan.com\/v15\/vehiculos-foton-cuentan-con-respaldo-posventa-en-la-red-de-talleres-de-automotores-y-anexos-s-a\/","og_site_name":"QUEBAKAN.COM 2026: Noticias, Eventos, Conciertos y mucho m\u00e1s....","article_publisher":"http:\/\/www.facebook.com\/quebakan","article_published_time":"2025-01-19T23:56:16+00:00","og_image":[{"width":334,"height":219,"url":"https:\/\/www.quebakan.com\/v15\/wp-content\/uploads\/2025\/01\/image003.png","type":"image\/png"}],"author":"Erick Villafuerte","twitter_card":"summary_large_image","twitter_creator":"@quebakanec","twitter_site":"@quebakanec","twitter_misc":{"Escrito por":"Erick Villafuerte","Tiempo de lectura":"2 minutos"},"schema":{"@context":"https:\/\/schema.org","@graph":[{"@type":"Article","@id":"https:\/\/www.quebakan.com\/v15\/vehiculos-foton-cuentan-con-respaldo-posventa-en-la-red-de-talleres-de-automotores-y-anexos-s-a\/#article","isPartOf":{"@id":"https:\/\/www.quebakan.com\/v15\/vehiculos-foton-cuentan-con-respaldo-posventa-en-la-red-de-talleres-de-automotores-y-anexos-s-a\/"},"author":{"name":"Erick Villafuerte","@id":"https:\/\/www.quebakan.com\/v15\/#\/schema\/person\/d90fa9f9cfa81eb8ace9811e5b7b9118"},"headline":"VEH\u00cdCULOS FOTON CUENTAN CON RESPALDO POSVENTA EN LA RED DE TALLERES DE AUTOMOTORES Y ANEXOS S.A.","datePublished":"2025-01-19T23:56:16+00:00","mainEntityOfPage":{"@id":"https:\/\/www.quebakan.com\/v15\/vehiculos-foton-cuentan-con-respaldo-posventa-en-la-red-de-talleres-de-automotores-y-anexos-s-a\/"},"wordCount":269,"commentCount":0,"publisher":{"@id":"https:\/\/www.quebakan.com\/v15\/#organization"},"image":{"@id":"https:\/\/www.quebakan.com\/v15\/vehiculos-foton-cuentan-con-respaldo-posventa-en-la-red-de-talleres-de-automotores-y-anexos-s-a\/#primaryimage"},"thumbnailUrl":"https:\/\/www.quebakan.com\/v15\/wp-content\/uploads\/2025\/01\/image003.png","articleSection":["Noticias"],"inLanguage":"es"},{"@type":"WebPage","@id":"https:\/\/www.quebakan.com\/v15\/vehiculos-foton-cuentan-con-respaldo-posventa-en-la-red-de-talleres-de-automotores-y-anexos-s-a\/","url":"https:\/\/www.quebakan.com\/v15\/vehiculos-foton-cuentan-con-respaldo-posventa-en-la-red-de-talleres-de-automotores-y-anexos-s-a\/","name":"VEH\u00cdCULOS FOTON CUENTAN CON RESPALDO POSVENTA EN LA RED DE TALLERES DE AUTOMOTORES Y ANEXOS S.A. &#8211; QUEBAKAN.COM 2026: Noticias, Eventos, Conciertos y mucho m\u00e1s....","isPartOf":{"@id":"https:\/\/www.quebakan.com\/v15\/#website"},"primaryImageOfPage":{"@id":"https:\/\/www.quebakan.com\/v15\/vehiculos-foton-cuentan-con-respaldo-posventa-en-la-red-de-talleres-de-automotores-y-anexos-s-a\/#primaryimage"},"image":{"@id":"https:\/\/www.quebakan.com\/v15\/vehiculos-foton-cuentan-con-respaldo-posventa-en-la-red-de-talleres-de-automotores-y-anexos-s-a\/#primaryimage"},"thumbnailUrl":"https:\/\/www.quebakan.com\/v15\/wp-content\/uploads\/2025\/01\/image003.png","datePublished":"2025-01-19T23:56:16+00:00","breadcrumb":{"@id":"https:\/\/www.quebakan.com\/v15\/vehiculos-foton-cuentan-con-respaldo-posventa-en-la-red-de-talleres-de-automotores-y-anexos-s-a\/#breadcrumb"},"inLanguage":"es","potentialAction":[{"@type":"ReadAction","target":["https:\/\/www.quebakan.com\/v15\/vehiculos-foton-cuentan-con-respaldo-posventa-en-la-red-de-talleres-de-automotores-y-anexos-s-a\/"]}]},{"@type":"ImageObject","inLanguage":"es","@id":"https:\/\/www.quebakan.com\/v15\/vehiculos-foton-cuentan-con-respaldo-posventa-en-la-red-de-talleres-de-automotores-y-anexos-s-a\/#primaryimage","url":"https:\/\/www.quebakan.com\/v15\/wp-content\/uploads\/2025\/01\/image003.png","contentUrl":"https:\/\/www.quebakan.com\/v15\/wp-content\/uploads\/2025\/01\/image003.png","width":334,"height":219},{"@type":"BreadcrumbList","@id":"https:\/\/www.quebakan.com\/v15\/vehiculos-foton-cuentan-con-respaldo-posventa-en-la-red-de-talleres-de-automotores-y-anexos-s-a\/#breadcrumb","itemListElement":[{"@type":"ListItem","position":1,"name":"Portada","item":"https:\/\/www.quebakan.com\/v15\/"},{"@type":"ListItem","position":2,"name":"VEH\u00cdCULOS FOTON CUENTAN CON RESPALDO POSVENTA EN LA RED DE TALLERES DE AUTOMOTORES Y ANEXOS S.A."}]},{"@type":"WebSite","@id":"https:\/\/www.quebakan.com\/v15\/#website","url":"https:\/\/www.quebakan.com\/v15\/","name":"QUEBAKAN","description":"..","publisher":{"@id":"https:\/\/www.quebakan.com\/v15\/#organization"},"potentialAction":[{"@type":"SearchAction","target":{"@type":"EntryPoint","urlTemplate":"https:\/\/www.quebakan.com\/v15\/?s={search_term_string}"},"query-input":{"@type":"PropertyValueSpecification","valueRequired":true,"valueName":"search_term_string"}}],"inLanguage":"es"},{"@type":"Organization","@id":"https:\/\/www.quebakan.com\/v15\/#organization","name":"Quebakan.com","url":"https:\/\/www.quebakan.com\/v15\/","logo":{"@type":"ImageObject","inLanguage":"es","@id":"https:\/\/www.quebakan.com\/v15\/#\/schema\/logo\/image\/","url":"https:\/\/www.quebakan.com\/v15\/wp-content\/uploads\/2023\/07\/logoquebakanenero2021.jpg","contentUrl":"https:\/\/www.quebakan.com\/v15\/wp-content\/uploads\/2023\/07\/logoquebakanenero2021.jpg","width":1920,"height":1080,"caption":"Quebakan.com"},"image":{"@id":"https:\/\/www.quebakan.com\/v15\/#\/schema\/logo\/image\/"},"sameAs":["http:\/\/www.facebook.com\/quebakan","https:\/\/x.com\/quebakanec","http:\/\/www.instagram.com\/quebakan","http:\/\/www.youtube.com\/quebakan1"]},{"@type":"Person","@id":"https:\/\/www.quebakan.com\/v15\/#\/schema\/person\/d90fa9f9cfa81eb8ace9811e5b7b9118","name":"Erick Villafuerte","image":{"@type":"ImageObject","inLanguage":"es","@id":"https:\/\/www.quebakan.com\/v15\/wp-content\/uploads\/avatars\/4\/1731297654-bpfull.png","url":"https:\/\/www.quebakan.com\/v15\/wp-content\/uploads\/avatars\/4\/1731297654-bpfull.png","contentUrl":"https:\/\/www.quebakan.com\/v15\/wp-content\/uploads\/avatars\/4\/1731297654-bpfull.png","caption":"Erick Villafuerte"}}]}},"_links":{"self":[{"href":"https:\/\/www.quebakan.com\/v15\/wp-json\/wp\/v2\/posts\/127900","targetHints":{"allow":["GET"]}}],"collection":[{"href":"https:\/\/www.quebakan.com\/v15\/wp-json\/wp\/v2\/posts"}],"about":[{"href":"https:\/\/www.quebakan.com\/v15\/wp-json\/wp\/v2\/types\/post"}],"author":[{"embeddable":true,"href":"https:\/\/www.quebakan.com\/v15\/wp-json\/wp\/v2\/users\/4"}],"replies":[{"embeddable":true,"href":"https:\/\/www.quebakan.com\/v15\/wp-json\/wp\/v2\/comments?post=127900"}],"version-history":[{"count":1,"href":"https:\/\/www.quebakan.com\/v15\/wp-json\/wp\/v2\/posts\/127900\/revisions"}],"predecessor-version":[{"id":127902,"href":"https:\/\/www.quebakan.com\/v15\/wp-json\/wp\/v2\/posts\/127900\/revisions\/127902"}],"wp:featuredmedia":[{"embeddable":true,"href":"https:\/\/www.quebakan.com\/v15\/wp-json\/wp\/v2\/media\/127901"}],"wp:attachment":[{"href":"https:\/\/www.quebakan.com\/v15\/wp-json\/wp\/v2\/media?parent=127900"}],"wp:term":[{"taxonomy":"category","embeddable":true,"href":"https:\/\/www.quebakan.com\/v15\/wp-json\/wp\/v2\/categories?post=127900"},{"taxonomy":"post_tag","embeddable":true,"href":"https:\/\/www.quebakan.com\/v15\/wp-json\/wp\/v2\/tags?post=127900"}],"curies":[{"name":"wp","href":"https:\/\/api.w.org\/{rel}","templated":true}]}}