{"id":127904,"date":"2025-01-20T11:08:05","date_gmt":"2025-01-20T16:08:05","guid":{"rendered":"https:\/\/www.quebakan.com\/v15\/?p=127904"},"modified":"2025-01-20T11:08:05","modified_gmt":"2025-01-20T16:08:05","slug":"descubre-la-nueva-coleccion-de-deprati-y-vive-una-temporada-de-playa-inolvidable","status":"publish","type":"post","link":"https:\/\/www.quebakan.com\/v15\/descubre-la-nueva-coleccion-de-deprati-y-vive-una-temporada-de-playa-inolvidable\/","title":{"rendered":"Descubre la nueva colecci\u00f3n de Deprati y vive una temporada de playa inolvidable"},"content":{"rendered":"<p><img fetchpriority=\"high\" decoding=\"async\" class=\"aligncenter size-full wp-image-127908\" src=\"https:\/\/www.quebakan.com\/v15\/wp-content\/uploads\/2025\/01\/dpta-playaa0366.jpg\" alt=\"\" width=\"700\" height=\"467\" \/><\/p>\n<p style=\"text-align: justify;\"><span style=\"color: #000000;\">Deprati da la bienvenida a la temporada con una colecci\u00f3n fresca, vibrante y llena de estilo, dise\u00f1ada para capturar la esencia del verano. Inspirada en los colores del sol y la energ\u00eda del aire libre, esta propuesta combina tejidos ligeros, texturas naturales y una paleta crom\u00e1tica que juega entre tonos c\u00e1lidos y neutros sofisticados.<\/span><\/p>\n<p style=\"text-align: justify;\"><span style=\"color: #000000;\">Desde vestidos fluidos que se mueven al ritmo de la brisa marina hasta blusas de l\u00edneas depuradas y pantalones de corte relajado, cada prenda est\u00e1 dise\u00f1ada para ofrecer una combinaci\u00f3n perfecta entre comodidad y elegancia. La colecci\u00f3n redefine el equilibrio entre lo casual y lo sofisticado, entregando piezas que inspiran un estilo de vida din\u00e1mico con un toque de lujo accesible.<\/span><\/p>\n<p style=\"text-align: justify;\"><span style=\"color: #000000;\"><strong>Estilo veraniego con detalles \u00fanicos<\/strong><\/span><\/p>\n<p style=\"text-align: justify;\"><span style=\"color: #000000;\">Un imprescindible para esta temporada es el conjunto de dos piezas en blanco, una oda a la elegancia minimalista. La parte superior, un top de mangas largas con transparencias y bordados delicados, resalta la feminidad dejando entrever un sutil toque de piel en el abdomen. La falda, de largo hasta la rodilla, mantiene el mismo dise\u00f1o y bordado, creando un look fresco, et\u00e9reo y sofisticado, ideal para atardeceres junto al mar o eventos al aire libre.<\/span><\/p>\n<p style=\"text-align: justify;\"><span style=\"color: #000000;\">Por su parte, la marca <strong>Isabella<\/strong> deslumbra con un conjunto que combina modernidad y romanticismo. Una blusa blanca de mangas abullonadas, anudada en la cintura, aporta un aire relajado y ligero. La falda midi, decorada con un patr\u00f3n en tonos dorados, a\u00f1ade un toque glamuroso, mientras que las sandalias doradas completan este look perfecto para cenas estivales o escapadas elegantes junto a la costa.<\/span><\/p>\n<p style=\"text-align: justify;\"><span style=\"color: #000000;\">Si lo que busca es un toque de modernidad y elegancia, un vestido blanco ajustado de la marca H&amp;O, sin mangas y con un corte asim\u00e9trico en el torso, ser\u00e1 la opci\u00f3n perfecta. El detalla del anillo met\u00e1lico en el centro de la prenda, aporta modernidad y estilismo. Su dise\u00f1o resalta delicadamente la silueta y se complementa a la perfecci\u00f3n con accesorios dorados, como unos aretes y un brazalete, creando as\u00ed un estilo minimalista y contempor\u00e1neo.<\/span><\/p>\n<p style=\"text-align: justify;\"><span style=\"color: #000000;\">Los conjuntos total white siguen siendo una tendencia imprescindible para esta temporada. Un conjunto blanco compuesto por un top strapless y una falda larga ajustada, complementado con brazaletes blancos, denota feminidad y un estilo m\u00e1s rom\u00e1ntico. Para quienes buscan un look m\u00e1s relajado, un crop top blanco sin mangas y una falda forman el conjunto perfecto. Este atuendo, combinado con sandalias modernas, refleja frescura y una imagen juvenil.<\/span><\/p>\n<p style=\"text-align: justify;\"><span style=\"color: #000000;\"><strong>Propuestas masculinas: estilo playero con car\u00e1cter<\/strong><\/span><\/p>\n<p style=\"text-align: justify;\"><span style=\"color: #000000;\">Para los hombres, la marca <strong>H&amp;O<\/strong> presenta un conjunto de dise\u00f1o atemporal, para disfrutar de la temporada con frescura y sofisticaci\u00f3n. Una camisa de manga con rayas verticales en tonos claros se combina a la perfecci\u00f3n con bermudas que replican el mismo estampado, logrando un look coordinado y actual. Complementa este outfit con zapatos blancos para un aire moderno y funcional.<\/span><\/p>\n<p style=\"text-align: justify;\"><span style=\"color: #000000;\">Si buscas algo m\u00e1s relajado, un outfit de la <strong>marca Stefano<\/strong> compuesto por una camiseta polo con rayas y pantalones cortos en tonos neutros es la elecci\u00f3n ideal. Este look es perfecto para d\u00edas casuales junto al mar, donde la comodidad y el estilo se fusionan sin esfuerzo.<\/span><\/p>\n<p style=\"text-align: justify;\"><span style=\"color: #000000;\"><strong>Moda infantil: frescura y libertad<\/strong><\/span><\/p>\n<p style=\"text-align: justify;\"><span style=\"color: #000000;\">Para los m\u00e1s peque\u00f1os, Deprati trae opciones llenas de encanto y practicidad. Las ni\u00f1as lucir\u00e1n radiantes con vestidos, shorts, faldas, blusas ligeras en tonos pasteles, perfectos para explorar y jugar. Los ni\u00f1os, por su parte, disfrutar\u00e1n de bermudas, camisas y camisetas en colores claros, dise\u00f1ados para garantizar frescura y libertad de movimiento en d\u00edas llenos de aventuras.<\/span><\/p>\n<p style=\"text-align: justify;\"><span style=\"color: #000000;\">Deprati transforma la temporada playera en una experiencia \u00fanica de estilo y confort, con piezas atemporales que capturan la esencia del mar y celebran su alegr\u00eda.<\/span><\/p>\n<p style=\"text-align: justify;\"><span style=\"color: #000000;\"><strong>Cuidado de la piel:<\/strong><\/span><\/p>\n<p style=\"text-align: justify;\"><span style=\"color: #000000;\">Lo que no puede faltar en esta temporada es el protector solar con factor 50+ de uso diario que cuida la piel de los da\u00f1os del sol y de la contaminaci\u00f3n ambiental. Asimismo, el aceite protector con extracto de zanahoria con factor 30 de Hawaiian Tropic es una opci\u00f3n ideal para quienes buscan\u00a0protecci\u00f3n solar efectiva\u00a0mientras disfrutan de una\u00a0sensaci\u00f3n suave y sedosa\u00a0en la piel. Y por \u00faltimo, el Aloe en Gel aporta frescura y humecta la piel luego de la exposici\u00f3n al sol.<\/span><\/p>\n<p style=\"text-align: justify;\"><span style=\"color: #000000;\"><strong>Accesorios que no pueden faltar:<\/strong><\/span><\/p>\n<p style=\"text-align: justify;\"><span style=\"color: #000000;\">La cartera tiene un dise\u00f1o moderno y funcional, ideal para temporada de playa; con la parte superior transparente hecha de material pl\u00e1stico que permite ver su interior. La base est\u00e1 confeccionada en tejido trenzado color beige, aportando un toque natural. Las asas largas y detalles en cuero sint\u00e9tico beige completan su estilo vers\u00e1til, haciendo de este accesorio un infaltable en esta temporada.<\/span><\/p>\n<p><img decoding=\"async\" class=\"aligncenter size-full wp-image-127905\" src=\"https:\/\/www.quebakan.com\/v15\/wp-content\/uploads\/2025\/01\/IMG_0364-2.jpg\" alt=\"\" width=\"700\" height=\"419\" \/><\/p>\n<p>&nbsp;<\/p>\n<p><img decoding=\"async\" class=\"aligncenter size-full wp-image-127906\" src=\"https:\/\/www.quebakan.com\/v15\/wp-content\/uploads\/2025\/01\/IMG_0365.jpg\" alt=\"\" width=\"700\" height=\"467\" \/><\/p>\n<p>&nbsp;<\/p>\n<p><img loading=\"lazy\" decoding=\"async\" class=\"aligncenter size-full wp-image-127907\" src=\"https:\/\/www.quebakan.com\/v15\/wp-content\/uploads\/2025\/01\/Stefano_89.jpg\" alt=\"\" width=\"415\" height=\"700\" \/><\/p>\n","protected":false},"excerpt":{"rendered":"<p>Deprati da la bienvenida a la temporada con una colecci\u00f3n fresca, vibrante y llena de estilo, dise\u00f1ada para capturar la esencia del verano. Inspirada en los colores del sol y la energ\u00eda del aire libre, esta propuesta combina tejidos ligeros, texturas naturales y una paleta crom\u00e1tica que juega entre tonos c\u00e1lidos y neutros sofisticados. Desde [&hellip;]<\/p>\n","protected":false},"author":4,"featured_media":127908,"comment_status":"open","ping_status":"open","sticky":false,"template":"","format":"standard","meta":{"_bbp_topic_count":0,"_bbp_reply_count":0,"_bbp_total_topic_count":0,"_bbp_total_reply_count":0,"_bbp_voice_count":0,"_bbp_anonymous_reply_count":0,"_bbp_topic_count_hidden":0,"_bbp_reply_count_hidden":0,"_bbp_forum_subforum_count":0,"buzzeditor_post_format":"","footnotes":""},"categories":[2],"tags":[],"class_list":["post-127904","post","type-post","status-publish","format-standard","has-post-thumbnail","hentry","category-noticias"],"yoast_head":"<!-- This site is optimized with the Yoast SEO plugin v27.4 - https:\/\/yoast.com\/product\/yoast-seo-wordpress\/ -->\n<title>Descubre la nueva colecci\u00f3n de Deprati y vive una temporada de playa inolvidable &#8211; QUEBAKAN.COM 2026: Noticias, Eventos, Conciertos y mucho m\u00e1s....<\/title>\n<meta name=\"robots\" content=\"index, follow, max-snippet:-1, max-image-preview:large, max-video-preview:-1\" \/>\n<link rel=\"canonical\" href=\"https:\/\/www.quebakan.com\/v15\/descubre-la-nueva-coleccion-de-deprati-y-vive-una-temporada-de-playa-inolvidable\/\" \/>\n<meta property=\"og:locale\" content=\"es_ES\" \/>\n<meta property=\"og:type\" content=\"article\" \/>\n<meta property=\"og:title\" content=\"Descubre la nueva colecci\u00f3n de Deprati y vive una temporada de playa inolvidable &#8211; QUEBAKAN.COM 2026: Noticias, Eventos, Conciertos y mucho m\u00e1s....\" \/>\n<meta property=\"og:description\" content=\"Deprati da la bienvenida a la temporada con una colecci\u00f3n fresca, vibrante y llena de estilo, dise\u00f1ada para capturar la esencia del verano. Inspirada en los colores del sol y la energ\u00eda del aire libre, esta propuesta combina tejidos ligeros, texturas naturales y una paleta crom\u00e1tica que juega entre tonos c\u00e1lidos y neutros sofisticados. Desde [&hellip;]\" \/>\n<meta property=\"og:url\" content=\"https:\/\/www.quebakan.com\/v15\/descubre-la-nueva-coleccion-de-deprati-y-vive-una-temporada-de-playa-inolvidable\/\" \/>\n<meta property=\"og:site_name\" content=\"QUEBAKAN.COM 2026: Noticias, Eventos, Conciertos y mucho m\u00e1s....\" \/>\n<meta property=\"article:publisher\" content=\"http:\/\/www.facebook.com\/quebakan\" \/>\n<meta property=\"article:published_time\" content=\"2025-01-20T16:08:05+00:00\" \/>\n<meta property=\"og:image\" content=\"https:\/\/www.quebakan.com\/v15\/wp-content\/uploads\/2025\/01\/dpta-playaa0366.jpg\" \/>\n\t<meta property=\"og:image:width\" content=\"700\" \/>\n\t<meta property=\"og:image:height\" content=\"467\" \/>\n\t<meta property=\"og:image:type\" content=\"image\/jpeg\" \/>\n<meta name=\"author\" content=\"Erick Villafuerte\" \/>\n<meta name=\"twitter:card\" content=\"summary_large_image\" \/>\n<meta name=\"twitter:creator\" content=\"@quebakanec\" \/>\n<meta name=\"twitter:site\" content=\"@quebakanec\" \/>\n<meta name=\"twitter:label1\" content=\"Escrito por\" \/>\n\t<meta name=\"twitter:data1\" content=\"Erick Villafuerte\" \/>\n\t<meta name=\"twitter:label2\" content=\"Tiempo de lectura\" \/>\n\t<meta name=\"twitter:data2\" content=\"5 minutos\" \/>\n<script type=\"application\/ld+json\" class=\"yoast-schema-graph\">{\"@context\":\"https:\\\/\\\/schema.org\",\"@graph\":[{\"@type\":\"Article\",\"@id\":\"https:\\\/\\\/www.quebakan.com\\\/v15\\\/descubre-la-nueva-coleccion-de-deprati-y-vive-una-temporada-de-playa-inolvidable\\\/#article\",\"isPartOf\":{\"@id\":\"https:\\\/\\\/www.quebakan.com\\\/v15\\\/descubre-la-nueva-coleccion-de-deprati-y-vive-una-temporada-de-playa-inolvidable\\\/\"},\"author\":{\"name\":\"Erick Villafuerte\",\"@id\":\"https:\\\/\\\/www.quebakan.com\\\/v15\\\/#\\\/schema\\\/person\\\/d90fa9f9cfa81eb8ace9811e5b7b9118\"},\"headline\":\"Descubre la nueva colecci\u00f3n de Deprati y vive una temporada de playa inolvidable\",\"datePublished\":\"2025-01-20T16:08:05+00:00\",\"mainEntityOfPage\":{\"@id\":\"https:\\\/\\\/www.quebakan.com\\\/v15\\\/descubre-la-nueva-coleccion-de-deprati-y-vive-una-temporada-de-playa-inolvidable\\\/\"},\"wordCount\":831,\"commentCount\":0,\"publisher\":{\"@id\":\"https:\\\/\\\/www.quebakan.com\\\/v15\\\/#organization\"},\"image\":{\"@id\":\"https:\\\/\\\/www.quebakan.com\\\/v15\\\/descubre-la-nueva-coleccion-de-deprati-y-vive-una-temporada-de-playa-inolvidable\\\/#primaryimage\"},\"thumbnailUrl\":\"https:\\\/\\\/www.quebakan.com\\\/v15\\\/wp-content\\\/uploads\\\/2025\\\/01\\\/dpta-playaa0366.jpg\",\"articleSection\":[\"Noticias\"],\"inLanguage\":\"es\"},{\"@type\":\"WebPage\",\"@id\":\"https:\\\/\\\/www.quebakan.com\\\/v15\\\/descubre-la-nueva-coleccion-de-deprati-y-vive-una-temporada-de-playa-inolvidable\\\/\",\"url\":\"https:\\\/\\\/www.quebakan.com\\\/v15\\\/descubre-la-nueva-coleccion-de-deprati-y-vive-una-temporada-de-playa-inolvidable\\\/\",\"name\":\"Descubre la nueva colecci\u00f3n de Deprati y vive una temporada de playa inolvidable &#8211; QUEBAKAN.COM 2026: Noticias, Eventos, Conciertos y mucho m\u00e1s....\",\"isPartOf\":{\"@id\":\"https:\\\/\\\/www.quebakan.com\\\/v15\\\/#website\"},\"primaryImageOfPage\":{\"@id\":\"https:\\\/\\\/www.quebakan.com\\\/v15\\\/descubre-la-nueva-coleccion-de-deprati-y-vive-una-temporada-de-playa-inolvidable\\\/#primaryimage\"},\"image\":{\"@id\":\"https:\\\/\\\/www.quebakan.com\\\/v15\\\/descubre-la-nueva-coleccion-de-deprati-y-vive-una-temporada-de-playa-inolvidable\\\/#primaryimage\"},\"thumbnailUrl\":\"https:\\\/\\\/www.quebakan.com\\\/v15\\\/wp-content\\\/uploads\\\/2025\\\/01\\\/dpta-playaa0366.jpg\",\"datePublished\":\"2025-01-20T16:08:05+00:00\",\"breadcrumb\":{\"@id\":\"https:\\\/\\\/www.quebakan.com\\\/v15\\\/descubre-la-nueva-coleccion-de-deprati-y-vive-una-temporada-de-playa-inolvidable\\\/#breadcrumb\"},\"inLanguage\":\"es\",\"potentialAction\":[{\"@type\":\"ReadAction\",\"target\":[\"https:\\\/\\\/www.quebakan.com\\\/v15\\\/descubre-la-nueva-coleccion-de-deprati-y-vive-una-temporada-de-playa-inolvidable\\\/\"]}]},{\"@type\":\"ImageObject\",\"inLanguage\":\"es\",\"@id\":\"https:\\\/\\\/www.quebakan.com\\\/v15\\\/descubre-la-nueva-coleccion-de-deprati-y-vive-una-temporada-de-playa-inolvidable\\\/#primaryimage\",\"url\":\"https:\\\/\\\/www.quebakan.com\\\/v15\\\/wp-content\\\/uploads\\\/2025\\\/01\\\/dpta-playaa0366.jpg\",\"contentUrl\":\"https:\\\/\\\/www.quebakan.com\\\/v15\\\/wp-content\\\/uploads\\\/2025\\\/01\\\/dpta-playaa0366.jpg\",\"width\":700,\"height\":467},{\"@type\":\"BreadcrumbList\",\"@id\":\"https:\\\/\\\/www.quebakan.com\\\/v15\\\/descubre-la-nueva-coleccion-de-deprati-y-vive-una-temporada-de-playa-inolvidable\\\/#breadcrumb\",\"itemListElement\":[{\"@type\":\"ListItem\",\"position\":1,\"name\":\"Portada\",\"item\":\"https:\\\/\\\/www.quebakan.com\\\/v15\\\/\"},{\"@type\":\"ListItem\",\"position\":2,\"name\":\"Descubre la nueva colecci\u00f3n de Deprati y vive una temporada de playa inolvidable\"}]},{\"@type\":\"WebSite\",\"@id\":\"https:\\\/\\\/www.quebakan.com\\\/v15\\\/#website\",\"url\":\"https:\\\/\\\/www.quebakan.com\\\/v15\\\/\",\"name\":\"QUEBAKAN\",\"description\":\"..\",\"publisher\":{\"@id\":\"https:\\\/\\\/www.quebakan.com\\\/v15\\\/#organization\"},\"potentialAction\":[{\"@type\":\"SearchAction\",\"target\":{\"@type\":\"EntryPoint\",\"urlTemplate\":\"https:\\\/\\\/www.quebakan.com\\\/v15\\\/?s={search_term_string}\"},\"query-input\":{\"@type\":\"PropertyValueSpecification\",\"valueRequired\":true,\"valueName\":\"search_term_string\"}}],\"inLanguage\":\"es\"},{\"@type\":\"Organization\",\"@id\":\"https:\\\/\\\/www.quebakan.com\\\/v15\\\/#organization\",\"name\":\"Quebakan.com\",\"url\":\"https:\\\/\\\/www.quebakan.com\\\/v15\\\/\",\"logo\":{\"@type\":\"ImageObject\",\"inLanguage\":\"es\",\"@id\":\"https:\\\/\\\/www.quebakan.com\\\/v15\\\/#\\\/schema\\\/logo\\\/image\\\/\",\"url\":\"https:\\\/\\\/www.quebakan.com\\\/v15\\\/wp-content\\\/uploads\\\/2023\\\/07\\\/logoquebakanenero2021.jpg\",\"contentUrl\":\"https:\\\/\\\/www.quebakan.com\\\/v15\\\/wp-content\\\/uploads\\\/2023\\\/07\\\/logoquebakanenero2021.jpg\",\"width\":1920,\"height\":1080,\"caption\":\"Quebakan.com\"},\"image\":{\"@id\":\"https:\\\/\\\/www.quebakan.com\\\/v15\\\/#\\\/schema\\\/logo\\\/image\\\/\"},\"sameAs\":[\"http:\\\/\\\/www.facebook.com\\\/quebakan\",\"https:\\\/\\\/x.com\\\/quebakanec\",\"http:\\\/\\\/www.instagram.com\\\/quebakan\",\"http:\\\/\\\/www.youtube.com\\\/quebakan1\"]},{\"@type\":\"Person\",\"@id\":\"https:\\\/\\\/www.quebakan.com\\\/v15\\\/#\\\/schema\\\/person\\\/d90fa9f9cfa81eb8ace9811e5b7b9118\",\"name\":\"Erick Villafuerte\",\"image\":{\"@type\":\"ImageObject\",\"inLanguage\":\"es\",\"@id\":\"https:\\\/\\\/www.quebakan.com\\\/v15\\\/wp-content\\\/uploads\\\/avatars\\\/4\\\/1731297654-bpfull.png\",\"url\":\"https:\\\/\\\/www.quebakan.com\\\/v15\\\/wp-content\\\/uploads\\\/avatars\\\/4\\\/1731297654-bpfull.png\",\"contentUrl\":\"https:\\\/\\\/www.quebakan.com\\\/v15\\\/wp-content\\\/uploads\\\/avatars\\\/4\\\/1731297654-bpfull.png\",\"caption\":\"Erick Villafuerte\"}}]}<\/script>\n<!-- \/ Yoast SEO plugin. -->","yoast_head_json":{"title":"Descubre la nueva colecci\u00f3n de Deprati y vive una temporada de playa inolvidable &#8211; QUEBAKAN.COM 2026: Noticias, Eventos, Conciertos y mucho m\u00e1s....","robots":{"index":"index","follow":"follow","max-snippet":"max-snippet:-1","max-image-preview":"max-image-preview:large","max-video-preview":"max-video-preview:-1"},"canonical":"https:\/\/www.quebakan.com\/v15\/descubre-la-nueva-coleccion-de-deprati-y-vive-una-temporada-de-playa-inolvidable\/","og_locale":"es_ES","og_type":"article","og_title":"Descubre la nueva colecci\u00f3n de Deprati y vive una temporada de playa inolvidable &#8211; QUEBAKAN.COM 2026: Noticias, Eventos, Conciertos y mucho m\u00e1s....","og_description":"Deprati da la bienvenida a la temporada con una colecci\u00f3n fresca, vibrante y llena de estilo, dise\u00f1ada para capturar la esencia del verano. Inspirada en los colores del sol y la energ\u00eda del aire libre, esta propuesta combina tejidos ligeros, texturas naturales y una paleta crom\u00e1tica que juega entre tonos c\u00e1lidos y neutros sofisticados. Desde [&hellip;]","og_url":"https:\/\/www.quebakan.com\/v15\/descubre-la-nueva-coleccion-de-deprati-y-vive-una-temporada-de-playa-inolvidable\/","og_site_name":"QUEBAKAN.COM 2026: Noticias, Eventos, Conciertos y mucho m\u00e1s....","article_publisher":"http:\/\/www.facebook.com\/quebakan","article_published_time":"2025-01-20T16:08:05+00:00","og_image":[{"width":700,"height":467,"url":"https:\/\/www.quebakan.com\/v15\/wp-content\/uploads\/2025\/01\/dpta-playaa0366.jpg","type":"image\/jpeg"}],"author":"Erick Villafuerte","twitter_card":"summary_large_image","twitter_creator":"@quebakanec","twitter_site":"@quebakanec","twitter_misc":{"Escrito por":"Erick Villafuerte","Tiempo de lectura":"5 minutos"},"schema":{"@context":"https:\/\/schema.org","@graph":[{"@type":"Article","@id":"https:\/\/www.quebakan.com\/v15\/descubre-la-nueva-coleccion-de-deprati-y-vive-una-temporada-de-playa-inolvidable\/#article","isPartOf":{"@id":"https:\/\/www.quebakan.com\/v15\/descubre-la-nueva-coleccion-de-deprati-y-vive-una-temporada-de-playa-inolvidable\/"},"author":{"name":"Erick Villafuerte","@id":"https:\/\/www.quebakan.com\/v15\/#\/schema\/person\/d90fa9f9cfa81eb8ace9811e5b7b9118"},"headline":"Descubre la nueva colecci\u00f3n de Deprati y vive una temporada de playa inolvidable","datePublished":"2025-01-20T16:08:05+00:00","mainEntityOfPage":{"@id":"https:\/\/www.quebakan.com\/v15\/descubre-la-nueva-coleccion-de-deprati-y-vive-una-temporada-de-playa-inolvidable\/"},"wordCount":831,"commentCount":0,"publisher":{"@id":"https:\/\/www.quebakan.com\/v15\/#organization"},"image":{"@id":"https:\/\/www.quebakan.com\/v15\/descubre-la-nueva-coleccion-de-deprati-y-vive-una-temporada-de-playa-inolvidable\/#primaryimage"},"thumbnailUrl":"https:\/\/www.quebakan.com\/v15\/wp-content\/uploads\/2025\/01\/dpta-playaa0366.jpg","articleSection":["Noticias"],"inLanguage":"es"},{"@type":"WebPage","@id":"https:\/\/www.quebakan.com\/v15\/descubre-la-nueva-coleccion-de-deprati-y-vive-una-temporada-de-playa-inolvidable\/","url":"https:\/\/www.quebakan.com\/v15\/descubre-la-nueva-coleccion-de-deprati-y-vive-una-temporada-de-playa-inolvidable\/","name":"Descubre la nueva colecci\u00f3n de Deprati y vive una temporada de playa inolvidable &#8211; QUEBAKAN.COM 2026: Noticias, Eventos, Conciertos y mucho m\u00e1s....","isPartOf":{"@id":"https:\/\/www.quebakan.com\/v15\/#website"},"primaryImageOfPage":{"@id":"https:\/\/www.quebakan.com\/v15\/descubre-la-nueva-coleccion-de-deprati-y-vive-una-temporada-de-playa-inolvidable\/#primaryimage"},"image":{"@id":"https:\/\/www.quebakan.com\/v15\/descubre-la-nueva-coleccion-de-deprati-y-vive-una-temporada-de-playa-inolvidable\/#primaryimage"},"thumbnailUrl":"https:\/\/www.quebakan.com\/v15\/wp-content\/uploads\/2025\/01\/dpta-playaa0366.jpg","datePublished":"2025-01-20T16:08:05+00:00","breadcrumb":{"@id":"https:\/\/www.quebakan.com\/v15\/descubre-la-nueva-coleccion-de-deprati-y-vive-una-temporada-de-playa-inolvidable\/#breadcrumb"},"inLanguage":"es","potentialAction":[{"@type":"ReadAction","target":["https:\/\/www.quebakan.com\/v15\/descubre-la-nueva-coleccion-de-deprati-y-vive-una-temporada-de-playa-inolvidable\/"]}]},{"@type":"ImageObject","inLanguage":"es","@id":"https:\/\/www.quebakan.com\/v15\/descubre-la-nueva-coleccion-de-deprati-y-vive-una-temporada-de-playa-inolvidable\/#primaryimage","url":"https:\/\/www.quebakan.com\/v15\/wp-content\/uploads\/2025\/01\/dpta-playaa0366.jpg","contentUrl":"https:\/\/www.quebakan.com\/v15\/wp-content\/uploads\/2025\/01\/dpta-playaa0366.jpg","width":700,"height":467},{"@type":"BreadcrumbList","@id":"https:\/\/www.quebakan.com\/v15\/descubre-la-nueva-coleccion-de-deprati-y-vive-una-temporada-de-playa-inolvidable\/#breadcrumb","itemListElement":[{"@type":"ListItem","position":1,"name":"Portada","item":"https:\/\/www.quebakan.com\/v15\/"},{"@type":"ListItem","position":2,"name":"Descubre la nueva colecci\u00f3n de Deprati y vive una temporada de playa inolvidable"}]},{"@type":"WebSite","@id":"https:\/\/www.quebakan.com\/v15\/#website","url":"https:\/\/www.quebakan.com\/v15\/","name":"QUEBAKAN","description":"..","publisher":{"@id":"https:\/\/www.quebakan.com\/v15\/#organization"},"potentialAction":[{"@type":"SearchAction","target":{"@type":"EntryPoint","urlTemplate":"https:\/\/www.quebakan.com\/v15\/?s={search_term_string}"},"query-input":{"@type":"PropertyValueSpecification","valueRequired":true,"valueName":"search_term_string"}}],"inLanguage":"es"},{"@type":"Organization","@id":"https:\/\/www.quebakan.com\/v15\/#organization","name":"Quebakan.com","url":"https:\/\/www.quebakan.com\/v15\/","logo":{"@type":"ImageObject","inLanguage":"es","@id":"https:\/\/www.quebakan.com\/v15\/#\/schema\/logo\/image\/","url":"https:\/\/www.quebakan.com\/v15\/wp-content\/uploads\/2023\/07\/logoquebakanenero2021.jpg","contentUrl":"https:\/\/www.quebakan.com\/v15\/wp-content\/uploads\/2023\/07\/logoquebakanenero2021.jpg","width":1920,"height":1080,"caption":"Quebakan.com"},"image":{"@id":"https:\/\/www.quebakan.com\/v15\/#\/schema\/logo\/image\/"},"sameAs":["http:\/\/www.facebook.com\/quebakan","https:\/\/x.com\/quebakanec","http:\/\/www.instagram.com\/quebakan","http:\/\/www.youtube.com\/quebakan1"]},{"@type":"Person","@id":"https:\/\/www.quebakan.com\/v15\/#\/schema\/person\/d90fa9f9cfa81eb8ace9811e5b7b9118","name":"Erick Villafuerte","image":{"@type":"ImageObject","inLanguage":"es","@id":"https:\/\/www.quebakan.com\/v15\/wp-content\/uploads\/avatars\/4\/1731297654-bpfull.png","url":"https:\/\/www.quebakan.com\/v15\/wp-content\/uploads\/avatars\/4\/1731297654-bpfull.png","contentUrl":"https:\/\/www.quebakan.com\/v15\/wp-content\/uploads\/avatars\/4\/1731297654-bpfull.png","caption":"Erick Villafuerte"}}]}},"_links":{"self":[{"href":"https:\/\/www.quebakan.com\/v15\/wp-json\/wp\/v2\/posts\/127904","targetHints":{"allow":["GET"]}}],"collection":[{"href":"https:\/\/www.quebakan.com\/v15\/wp-json\/wp\/v2\/posts"}],"about":[{"href":"https:\/\/www.quebakan.com\/v15\/wp-json\/wp\/v2\/types\/post"}],"author":[{"embeddable":true,"href":"https:\/\/www.quebakan.com\/v15\/wp-json\/wp\/v2\/users\/4"}],"replies":[{"embeddable":true,"href":"https:\/\/www.quebakan.com\/v15\/wp-json\/wp\/v2\/comments?post=127904"}],"version-history":[{"count":1,"href":"https:\/\/www.quebakan.com\/v15\/wp-json\/wp\/v2\/posts\/127904\/revisions"}],"predecessor-version":[{"id":127909,"href":"https:\/\/www.quebakan.com\/v15\/wp-json\/wp\/v2\/posts\/127904\/revisions\/127909"}],"wp:featuredmedia":[{"embeddable":true,"href":"https:\/\/www.quebakan.com\/v15\/wp-json\/wp\/v2\/media\/127908"}],"wp:attachment":[{"href":"https:\/\/www.quebakan.com\/v15\/wp-json\/wp\/v2\/media?parent=127904"}],"wp:term":[{"taxonomy":"category","embeddable":true,"href":"https:\/\/www.quebakan.com\/v15\/wp-json\/wp\/v2\/categories?post=127904"},{"taxonomy":"post_tag","embeddable":true,"href":"https:\/\/www.quebakan.com\/v15\/wp-json\/wp\/v2\/tags?post=127904"}],"curies":[{"name":"wp","href":"https:\/\/api.w.org\/{rel}","templated":true}]}}