{"id":127925,"date":"2025-01-21T01:04:22","date_gmt":"2025-01-21T06:04:22","guid":{"rendered":"https:\/\/www.quebakan.com\/v15\/?p=127925"},"modified":"2025-01-21T01:04:22","modified_gmt":"2025-01-21T06:04:22","slug":"inicio-nueva-temporada-de-martes-dorados-musica-danza-y-siembra-simbolica","status":"publish","type":"post","link":"https:\/\/www.quebakan.com\/v15\/inicio-nueva-temporada-de-martes-dorados-musica-danza-y-siembra-simbolica\/","title":{"rendered":"INICIO NUEVA TEMPORADA DE MARTES DORADOS: M\u00daSICA, DANZA Y SIEMBRA SIMB\u00d3LICA"},"content":{"rendered":"<p><img fetchpriority=\"high\" decoding=\"async\" class=\"aligncenter size-full wp-image-127926\" src=\"https:\/\/www.quebakan.com\/v15\/wp-content\/uploads\/2025\/01\/DSC07158.jpg\" alt=\"\" width=\"700\" height=\"467\" \/><\/p>\n<p style=\"text-align: justify;\"><span style=\"color: #000000;\">El programa cultural <strong>Martes Dorados<\/strong> es un espect\u00e1culo de presentaciones art\u00edsticas musicales, obras de teatro, danza, canto y similares, de fondo cultural, priorizando la m\u00fasica nacional y latinoamericana <strong>que inicia su temporada 2025 el martes 20 de enero<\/strong> y se presentar\u00e1 todos los martes en la Sala La Bota (Malec\u00f3n del Salado) de 16h00 a 17h30 con entrada gratuita para adultos mayores y personas con discapacidad, quienes podr\u00e1n llevar hasta dos acompa\u00f1antes por persona.<\/span><\/p>\n<p style=\"text-align: justify;\"><span style=\"color: #000000;\">Se ha coordinado una actividad especial previa con los asistentes de Martes Dorados, quienes ma\u00f1ana a las 14h00 realizar\u00e1n la siembra de un \u00e1rbol de almendro en la zona de \u00e1reas verdes aleda\u00f1a a la Plaza Deportiva junto a La Bota, para celebrar el inicio de esta temporada, que desde hace casi 3 a\u00f1os ha ofrecido un espacio de sano esparcimiento cultural a adultos mayores y personas con discapacidad. El almendro simboliza la vigilancia, el despertar y los nuevos comienzos, es un \u00e1rbol que ofrece frutos y da sombra, propiciando encuentros debajo de \u00e9l.<\/span><\/p>\n<p style=\"text-align: justify;\"><span style=\"color: #000000;\">A continuaci\u00f3n, el detalle de la agenda de Martes Dorados de este mes:<\/span><\/p>\n<table>\n<tbody>\n<tr>\n<td width=\"141\"><span style=\"color: #000000;\"><strong>FECHA<\/strong><\/span><\/td>\n<td width=\"141\"><span style=\"color: #000000;\"><strong>ACTIVIDAD<\/strong><\/span><\/td>\n<td width=\"141\"><span style=\"color: #000000;\"><strong>HORA<\/strong><\/span><\/td>\n<td width=\"141\"><span style=\"color: #000000;\"><strong>LUGAR<\/strong><\/span><\/td>\n<\/tr>\n<tr>\n<td width=\"141\">&nbsp;<\/p>\n<p>&nbsp;<\/p>\n<p>&nbsp;<\/p>\n<p>&nbsp;<\/p>\n<p>&nbsp;<\/p>\n<p><span style=\"color: #000000;\"><strong>Martes, 21 de enero<\/strong><\/span><\/td>\n<td width=\"141\"><span style=\"color: #000000;\">F\u00e9nix Band. M\u00fasica popular.<\/span><\/p>\n<p><span style=\"color: #000000;\">Alejandra Su\u00e1rez.\u00a0 Obra de teatro breve<\/span><\/p>\n<p><span style=\"color: #000000;\">Alcira Mugica, danza.<\/span><\/p>\n<p>&nbsp;<\/td>\n<td rowspan=\"2\" width=\"141\">&nbsp;<\/p>\n<p>&nbsp;<\/p>\n<p>&nbsp;<\/p>\n<p>&nbsp;<\/p>\n<p>&nbsp;<\/p>\n<p>&nbsp;<\/p>\n<p><span style=\"color: #000000;\">16h00 a 17h30<\/span><\/td>\n<td rowspan=\"2\" width=\"141\">&nbsp;<\/p>\n<p>&nbsp;<\/p>\n<p>&nbsp;<\/p>\n<p>&nbsp;<\/p>\n<p>&nbsp;<\/p>\n<p>&nbsp;<\/p>\n<p>&nbsp;<\/p>\n<p><span style=\"color: #000000;\">SALA LA BOTA<\/span><\/td>\n<\/tr>\n<tr>\n<td width=\"141\"><span style=\"color: #000000;\"><strong>Martes, 28 de enero<\/strong><\/span><\/td>\n<td width=\"141\"><span style=\"color: #000000;\">Liana Valdivieso, canto popular<\/span><\/p>\n<p><span style=\"color: #000000;\">Mati C\u00f3rdova y grupo de danza urbana<\/span><\/p>\n<p><span style=\"color: #000000;\">Proyecci\u00f3n de Cortometraje\u00a0<\/span><\/p>\n<p>&nbsp;<\/td>\n<\/tr>\n<\/tbody>\n<\/table>\n<p style=\"text-align: justify;\"><span style=\"color: #000000;\">Recordamos a la ciudadan\u00eda que los parqueos del Malec\u00f3n del Salado en La Bota y calle Quisqu\u00eds mantienen su tarifa de parqueo a $1.\u00a0 \u00a0<\/span><\/p>\n<p style=\"text-align: justify;\"><span style=\"color: #000000;\">Para m\u00e1s informaci\u00f3n de las actividades en el Malec\u00f3n del Salado y La Bota invitamos a la ciudadan\u00eda a ingresar a las redes sociales @malecondelsalado y <span class=\"atwho-query\">@labotagye<\/span><\/span><\/p>\n<p><img decoding=\"async\" class=\"aligncenter size-full wp-image-127927\" src=\"https:\/\/www.quebakan.com\/v15\/wp-content\/uploads\/2025\/01\/DSC07075.jpg\" alt=\"\" width=\"700\" height=\"467\" \/><\/p>\n","protected":false},"excerpt":{"rendered":"<p>El programa cultural Martes Dorados es un espect\u00e1culo de presentaciones art\u00edsticas musicales, obras de teatro, danza, canto y similares, de fondo cultural, priorizando la m\u00fasica nacional y latinoamericana que inicia su temporada 2025 el martes 20 de enero y se presentar\u00e1 todos los martes en la Sala La Bota (Malec\u00f3n del Salado) de 16h00 a [&hellip;]<\/p>\n","protected":false},"author":4,"featured_media":127926,"comment_status":"open","ping_status":"open","sticky":false,"template":"","format":"standard","meta":{"_bbp_topic_count":0,"_bbp_reply_count":0,"_bbp_total_topic_count":0,"_bbp_total_reply_count":0,"_bbp_voice_count":0,"_bbp_anonymous_reply_count":0,"_bbp_topic_count_hidden":0,"_bbp_reply_count_hidden":0,"_bbp_forum_subforum_count":0,"buzzeditor_post_format":"","footnotes":""},"categories":[2],"tags":[],"class_list":["post-127925","post","type-post","status-publish","format-standard","has-post-thumbnail","hentry","category-noticias"],"yoast_head":"<!-- This site is optimized with the Yoast SEO plugin v27.4 - https:\/\/yoast.com\/product\/yoast-seo-wordpress\/ -->\n<title>INICIO NUEVA TEMPORADA DE MARTES DORADOS: M\u00daSICA, DANZA Y SIEMBRA SIMB\u00d3LICA &#8211; QUEBAKAN.COM 2026: Noticias, Eventos, Conciertos y mucho m\u00e1s....<\/title>\n<meta name=\"robots\" content=\"index, follow, max-snippet:-1, max-image-preview:large, max-video-preview:-1\" \/>\n<link rel=\"canonical\" href=\"https:\/\/www.quebakan.com\/v15\/inicio-nueva-temporada-de-martes-dorados-musica-danza-y-siembra-simbolica\/\" \/>\n<meta property=\"og:locale\" content=\"es_ES\" \/>\n<meta property=\"og:type\" content=\"article\" \/>\n<meta property=\"og:title\" content=\"INICIO NUEVA TEMPORADA DE MARTES DORADOS: M\u00daSICA, DANZA Y SIEMBRA SIMB\u00d3LICA &#8211; QUEBAKAN.COM 2026: Noticias, Eventos, Conciertos y mucho m\u00e1s....\" \/>\n<meta property=\"og:description\" content=\"El programa cultural Martes Dorados es un espect\u00e1culo de presentaciones art\u00edsticas musicales, obras de teatro, danza, canto y similares, de fondo cultural, priorizando la m\u00fasica nacional y latinoamericana que inicia su temporada 2025 el martes 20 de enero y se presentar\u00e1 todos los martes en la Sala La Bota (Malec\u00f3n del Salado) de 16h00 a [&hellip;]\" \/>\n<meta property=\"og:url\" content=\"https:\/\/www.quebakan.com\/v15\/inicio-nueva-temporada-de-martes-dorados-musica-danza-y-siembra-simbolica\/\" \/>\n<meta property=\"og:site_name\" content=\"QUEBAKAN.COM 2026: Noticias, Eventos, Conciertos y mucho m\u00e1s....\" \/>\n<meta property=\"article:publisher\" content=\"http:\/\/www.facebook.com\/quebakan\" \/>\n<meta property=\"article:published_time\" content=\"2025-01-21T06:04:22+00:00\" \/>\n<meta property=\"og:image\" content=\"https:\/\/www.quebakan.com\/v15\/wp-content\/uploads\/2025\/01\/DSC07158.jpg\" \/>\n\t<meta property=\"og:image:width\" content=\"700\" \/>\n\t<meta property=\"og:image:height\" content=\"467\" \/>\n\t<meta property=\"og:image:type\" content=\"image\/jpeg\" \/>\n<meta name=\"author\" content=\"Erick Villafuerte\" \/>\n<meta name=\"twitter:card\" content=\"summary_large_image\" \/>\n<meta name=\"twitter:creator\" content=\"@quebakanec\" \/>\n<meta name=\"twitter:site\" content=\"@quebakanec\" \/>\n<meta name=\"twitter:label1\" content=\"Escrito por\" \/>\n\t<meta name=\"twitter:data1\" content=\"Erick Villafuerte\" \/>\n\t<meta name=\"twitter:label2\" content=\"Tiempo de lectura\" \/>\n\t<meta name=\"twitter:data2\" content=\"2 minutos\" \/>\n<script type=\"application\/ld+json\" class=\"yoast-schema-graph\">{\"@context\":\"https:\\\/\\\/schema.org\",\"@graph\":[{\"@type\":\"Article\",\"@id\":\"https:\\\/\\\/www.quebakan.com\\\/v15\\\/inicio-nueva-temporada-de-martes-dorados-musica-danza-y-siembra-simbolica\\\/#article\",\"isPartOf\":{\"@id\":\"https:\\\/\\\/www.quebakan.com\\\/v15\\\/inicio-nueva-temporada-de-martes-dorados-musica-danza-y-siembra-simbolica\\\/\"},\"author\":{\"name\":\"Erick Villafuerte\",\"@id\":\"https:\\\/\\\/www.quebakan.com\\\/v15\\\/#\\\/schema\\\/person\\\/d90fa9f9cfa81eb8ace9811e5b7b9118\"},\"headline\":\"INICIO NUEVA TEMPORADA DE MARTES DORADOS: M\u00daSICA, DANZA Y SIEMBRA SIMB\u00d3LICA\",\"datePublished\":\"2025-01-21T06:04:22+00:00\",\"mainEntityOfPage\":{\"@id\":\"https:\\\/\\\/www.quebakan.com\\\/v15\\\/inicio-nueva-temporada-de-martes-dorados-musica-danza-y-siembra-simbolica\\\/\"},\"wordCount\":327,\"commentCount\":0,\"publisher\":{\"@id\":\"https:\\\/\\\/www.quebakan.com\\\/v15\\\/#organization\"},\"image\":{\"@id\":\"https:\\\/\\\/www.quebakan.com\\\/v15\\\/inicio-nueva-temporada-de-martes-dorados-musica-danza-y-siembra-simbolica\\\/#primaryimage\"},\"thumbnailUrl\":\"https:\\\/\\\/www.quebakan.com\\\/v15\\\/wp-content\\\/uploads\\\/2025\\\/01\\\/DSC07158.jpg\",\"articleSection\":[\"Noticias\"],\"inLanguage\":\"es\"},{\"@type\":\"WebPage\",\"@id\":\"https:\\\/\\\/www.quebakan.com\\\/v15\\\/inicio-nueva-temporada-de-martes-dorados-musica-danza-y-siembra-simbolica\\\/\",\"url\":\"https:\\\/\\\/www.quebakan.com\\\/v15\\\/inicio-nueva-temporada-de-martes-dorados-musica-danza-y-siembra-simbolica\\\/\",\"name\":\"INICIO NUEVA TEMPORADA DE MARTES DORADOS: M\u00daSICA, DANZA Y SIEMBRA SIMB\u00d3LICA &#8211; QUEBAKAN.COM 2026: Noticias, Eventos, Conciertos y mucho m\u00e1s....\",\"isPartOf\":{\"@id\":\"https:\\\/\\\/www.quebakan.com\\\/v15\\\/#website\"},\"primaryImageOfPage\":{\"@id\":\"https:\\\/\\\/www.quebakan.com\\\/v15\\\/inicio-nueva-temporada-de-martes-dorados-musica-danza-y-siembra-simbolica\\\/#primaryimage\"},\"image\":{\"@id\":\"https:\\\/\\\/www.quebakan.com\\\/v15\\\/inicio-nueva-temporada-de-martes-dorados-musica-danza-y-siembra-simbolica\\\/#primaryimage\"},\"thumbnailUrl\":\"https:\\\/\\\/www.quebakan.com\\\/v15\\\/wp-content\\\/uploads\\\/2025\\\/01\\\/DSC07158.jpg\",\"datePublished\":\"2025-01-21T06:04:22+00:00\",\"breadcrumb\":{\"@id\":\"https:\\\/\\\/www.quebakan.com\\\/v15\\\/inicio-nueva-temporada-de-martes-dorados-musica-danza-y-siembra-simbolica\\\/#breadcrumb\"},\"inLanguage\":\"es\",\"potentialAction\":[{\"@type\":\"ReadAction\",\"target\":[\"https:\\\/\\\/www.quebakan.com\\\/v15\\\/inicio-nueva-temporada-de-martes-dorados-musica-danza-y-siembra-simbolica\\\/\"]}]},{\"@type\":\"ImageObject\",\"inLanguage\":\"es\",\"@id\":\"https:\\\/\\\/www.quebakan.com\\\/v15\\\/inicio-nueva-temporada-de-martes-dorados-musica-danza-y-siembra-simbolica\\\/#primaryimage\",\"url\":\"https:\\\/\\\/www.quebakan.com\\\/v15\\\/wp-content\\\/uploads\\\/2025\\\/01\\\/DSC07158.jpg\",\"contentUrl\":\"https:\\\/\\\/www.quebakan.com\\\/v15\\\/wp-content\\\/uploads\\\/2025\\\/01\\\/DSC07158.jpg\",\"width\":700,\"height\":467},{\"@type\":\"BreadcrumbList\",\"@id\":\"https:\\\/\\\/www.quebakan.com\\\/v15\\\/inicio-nueva-temporada-de-martes-dorados-musica-danza-y-siembra-simbolica\\\/#breadcrumb\",\"itemListElement\":[{\"@type\":\"ListItem\",\"position\":1,\"name\":\"Portada\",\"item\":\"https:\\\/\\\/www.quebakan.com\\\/v15\\\/\"},{\"@type\":\"ListItem\",\"position\":2,\"name\":\"INICIO NUEVA TEMPORADA DE MARTES DORADOS: M\u00daSICA, DANZA Y SIEMBRA SIMB\u00d3LICA\"}]},{\"@type\":\"WebSite\",\"@id\":\"https:\\\/\\\/www.quebakan.com\\\/v15\\\/#website\",\"url\":\"https:\\\/\\\/www.quebakan.com\\\/v15\\\/\",\"name\":\"QUEBAKAN\",\"description\":\"..\",\"publisher\":{\"@id\":\"https:\\\/\\\/www.quebakan.com\\\/v15\\\/#organization\"},\"potentialAction\":[{\"@type\":\"SearchAction\",\"target\":{\"@type\":\"EntryPoint\",\"urlTemplate\":\"https:\\\/\\\/www.quebakan.com\\\/v15\\\/?s={search_term_string}\"},\"query-input\":{\"@type\":\"PropertyValueSpecification\",\"valueRequired\":true,\"valueName\":\"search_term_string\"}}],\"inLanguage\":\"es\"},{\"@type\":\"Organization\",\"@id\":\"https:\\\/\\\/www.quebakan.com\\\/v15\\\/#organization\",\"name\":\"Quebakan.com\",\"url\":\"https:\\\/\\\/www.quebakan.com\\\/v15\\\/\",\"logo\":{\"@type\":\"ImageObject\",\"inLanguage\":\"es\",\"@id\":\"https:\\\/\\\/www.quebakan.com\\\/v15\\\/#\\\/schema\\\/logo\\\/image\\\/\",\"url\":\"https:\\\/\\\/www.quebakan.com\\\/v15\\\/wp-content\\\/uploads\\\/2023\\\/07\\\/logoquebakanenero2021.jpg\",\"contentUrl\":\"https:\\\/\\\/www.quebakan.com\\\/v15\\\/wp-content\\\/uploads\\\/2023\\\/07\\\/logoquebakanenero2021.jpg\",\"width\":1920,\"height\":1080,\"caption\":\"Quebakan.com\"},\"image\":{\"@id\":\"https:\\\/\\\/www.quebakan.com\\\/v15\\\/#\\\/schema\\\/logo\\\/image\\\/\"},\"sameAs\":[\"http:\\\/\\\/www.facebook.com\\\/quebakan\",\"https:\\\/\\\/x.com\\\/quebakanec\",\"http:\\\/\\\/www.instagram.com\\\/quebakan\",\"http:\\\/\\\/www.youtube.com\\\/quebakan1\"]},{\"@type\":\"Person\",\"@id\":\"https:\\\/\\\/www.quebakan.com\\\/v15\\\/#\\\/schema\\\/person\\\/d90fa9f9cfa81eb8ace9811e5b7b9118\",\"name\":\"Erick Villafuerte\",\"image\":{\"@type\":\"ImageObject\",\"inLanguage\":\"es\",\"@id\":\"https:\\\/\\\/www.quebakan.com\\\/v15\\\/wp-content\\\/uploads\\\/avatars\\\/4\\\/1731297654-bpfull.png\",\"url\":\"https:\\\/\\\/www.quebakan.com\\\/v15\\\/wp-content\\\/uploads\\\/avatars\\\/4\\\/1731297654-bpfull.png\",\"contentUrl\":\"https:\\\/\\\/www.quebakan.com\\\/v15\\\/wp-content\\\/uploads\\\/avatars\\\/4\\\/1731297654-bpfull.png\",\"caption\":\"Erick Villafuerte\"}}]}<\/script>\n<!-- \/ Yoast SEO plugin. -->","yoast_head_json":{"title":"INICIO NUEVA TEMPORADA DE MARTES DORADOS: M\u00daSICA, DANZA Y SIEMBRA SIMB\u00d3LICA &#8211; QUEBAKAN.COM 2026: Noticias, Eventos, Conciertos y mucho m\u00e1s....","robots":{"index":"index","follow":"follow","max-snippet":"max-snippet:-1","max-image-preview":"max-image-preview:large","max-video-preview":"max-video-preview:-1"},"canonical":"https:\/\/www.quebakan.com\/v15\/inicio-nueva-temporada-de-martes-dorados-musica-danza-y-siembra-simbolica\/","og_locale":"es_ES","og_type":"article","og_title":"INICIO NUEVA TEMPORADA DE MARTES DORADOS: M\u00daSICA, DANZA Y SIEMBRA SIMB\u00d3LICA &#8211; QUEBAKAN.COM 2026: Noticias, Eventos, Conciertos y mucho m\u00e1s....","og_description":"El programa cultural Martes Dorados es un espect\u00e1culo de presentaciones art\u00edsticas musicales, obras de teatro, danza, canto y similares, de fondo cultural, priorizando la m\u00fasica nacional y latinoamericana que inicia su temporada 2025 el martes 20 de enero y se presentar\u00e1 todos los martes en la Sala La Bota (Malec\u00f3n del Salado) de 16h00 a [&hellip;]","og_url":"https:\/\/www.quebakan.com\/v15\/inicio-nueva-temporada-de-martes-dorados-musica-danza-y-siembra-simbolica\/","og_site_name":"QUEBAKAN.COM 2026: Noticias, Eventos, Conciertos y mucho m\u00e1s....","article_publisher":"http:\/\/www.facebook.com\/quebakan","article_published_time":"2025-01-21T06:04:22+00:00","og_image":[{"width":700,"height":467,"url":"https:\/\/www.quebakan.com\/v15\/wp-content\/uploads\/2025\/01\/DSC07158.jpg","type":"image\/jpeg"}],"author":"Erick Villafuerte","twitter_card":"summary_large_image","twitter_creator":"@quebakanec","twitter_site":"@quebakanec","twitter_misc":{"Escrito por":"Erick Villafuerte","Tiempo de lectura":"2 minutos"},"schema":{"@context":"https:\/\/schema.org","@graph":[{"@type":"Article","@id":"https:\/\/www.quebakan.com\/v15\/inicio-nueva-temporada-de-martes-dorados-musica-danza-y-siembra-simbolica\/#article","isPartOf":{"@id":"https:\/\/www.quebakan.com\/v15\/inicio-nueva-temporada-de-martes-dorados-musica-danza-y-siembra-simbolica\/"},"author":{"name":"Erick Villafuerte","@id":"https:\/\/www.quebakan.com\/v15\/#\/schema\/person\/d90fa9f9cfa81eb8ace9811e5b7b9118"},"headline":"INICIO NUEVA TEMPORADA DE MARTES DORADOS: M\u00daSICA, DANZA Y SIEMBRA SIMB\u00d3LICA","datePublished":"2025-01-21T06:04:22+00:00","mainEntityOfPage":{"@id":"https:\/\/www.quebakan.com\/v15\/inicio-nueva-temporada-de-martes-dorados-musica-danza-y-siembra-simbolica\/"},"wordCount":327,"commentCount":0,"publisher":{"@id":"https:\/\/www.quebakan.com\/v15\/#organization"},"image":{"@id":"https:\/\/www.quebakan.com\/v15\/inicio-nueva-temporada-de-martes-dorados-musica-danza-y-siembra-simbolica\/#primaryimage"},"thumbnailUrl":"https:\/\/www.quebakan.com\/v15\/wp-content\/uploads\/2025\/01\/DSC07158.jpg","articleSection":["Noticias"],"inLanguage":"es"},{"@type":"WebPage","@id":"https:\/\/www.quebakan.com\/v15\/inicio-nueva-temporada-de-martes-dorados-musica-danza-y-siembra-simbolica\/","url":"https:\/\/www.quebakan.com\/v15\/inicio-nueva-temporada-de-martes-dorados-musica-danza-y-siembra-simbolica\/","name":"INICIO NUEVA TEMPORADA DE MARTES DORADOS: M\u00daSICA, DANZA Y SIEMBRA SIMB\u00d3LICA &#8211; QUEBAKAN.COM 2026: Noticias, Eventos, Conciertos y mucho m\u00e1s....","isPartOf":{"@id":"https:\/\/www.quebakan.com\/v15\/#website"},"primaryImageOfPage":{"@id":"https:\/\/www.quebakan.com\/v15\/inicio-nueva-temporada-de-martes-dorados-musica-danza-y-siembra-simbolica\/#primaryimage"},"image":{"@id":"https:\/\/www.quebakan.com\/v15\/inicio-nueva-temporada-de-martes-dorados-musica-danza-y-siembra-simbolica\/#primaryimage"},"thumbnailUrl":"https:\/\/www.quebakan.com\/v15\/wp-content\/uploads\/2025\/01\/DSC07158.jpg","datePublished":"2025-01-21T06:04:22+00:00","breadcrumb":{"@id":"https:\/\/www.quebakan.com\/v15\/inicio-nueva-temporada-de-martes-dorados-musica-danza-y-siembra-simbolica\/#breadcrumb"},"inLanguage":"es","potentialAction":[{"@type":"ReadAction","target":["https:\/\/www.quebakan.com\/v15\/inicio-nueva-temporada-de-martes-dorados-musica-danza-y-siembra-simbolica\/"]}]},{"@type":"ImageObject","inLanguage":"es","@id":"https:\/\/www.quebakan.com\/v15\/inicio-nueva-temporada-de-martes-dorados-musica-danza-y-siembra-simbolica\/#primaryimage","url":"https:\/\/www.quebakan.com\/v15\/wp-content\/uploads\/2025\/01\/DSC07158.jpg","contentUrl":"https:\/\/www.quebakan.com\/v15\/wp-content\/uploads\/2025\/01\/DSC07158.jpg","width":700,"height":467},{"@type":"BreadcrumbList","@id":"https:\/\/www.quebakan.com\/v15\/inicio-nueva-temporada-de-martes-dorados-musica-danza-y-siembra-simbolica\/#breadcrumb","itemListElement":[{"@type":"ListItem","position":1,"name":"Portada","item":"https:\/\/www.quebakan.com\/v15\/"},{"@type":"ListItem","position":2,"name":"INICIO NUEVA TEMPORADA DE MARTES DORADOS: M\u00daSICA, DANZA Y SIEMBRA SIMB\u00d3LICA"}]},{"@type":"WebSite","@id":"https:\/\/www.quebakan.com\/v15\/#website","url":"https:\/\/www.quebakan.com\/v15\/","name":"QUEBAKAN","description":"..","publisher":{"@id":"https:\/\/www.quebakan.com\/v15\/#organization"},"potentialAction":[{"@type":"SearchAction","target":{"@type":"EntryPoint","urlTemplate":"https:\/\/www.quebakan.com\/v15\/?s={search_term_string}"},"query-input":{"@type":"PropertyValueSpecification","valueRequired":true,"valueName":"search_term_string"}}],"inLanguage":"es"},{"@type":"Organization","@id":"https:\/\/www.quebakan.com\/v15\/#organization","name":"Quebakan.com","url":"https:\/\/www.quebakan.com\/v15\/","logo":{"@type":"ImageObject","inLanguage":"es","@id":"https:\/\/www.quebakan.com\/v15\/#\/schema\/logo\/image\/","url":"https:\/\/www.quebakan.com\/v15\/wp-content\/uploads\/2023\/07\/logoquebakanenero2021.jpg","contentUrl":"https:\/\/www.quebakan.com\/v15\/wp-content\/uploads\/2023\/07\/logoquebakanenero2021.jpg","width":1920,"height":1080,"caption":"Quebakan.com"},"image":{"@id":"https:\/\/www.quebakan.com\/v15\/#\/schema\/logo\/image\/"},"sameAs":["http:\/\/www.facebook.com\/quebakan","https:\/\/x.com\/quebakanec","http:\/\/www.instagram.com\/quebakan","http:\/\/www.youtube.com\/quebakan1"]},{"@type":"Person","@id":"https:\/\/www.quebakan.com\/v15\/#\/schema\/person\/d90fa9f9cfa81eb8ace9811e5b7b9118","name":"Erick Villafuerte","image":{"@type":"ImageObject","inLanguage":"es","@id":"https:\/\/www.quebakan.com\/v15\/wp-content\/uploads\/avatars\/4\/1731297654-bpfull.png","url":"https:\/\/www.quebakan.com\/v15\/wp-content\/uploads\/avatars\/4\/1731297654-bpfull.png","contentUrl":"https:\/\/www.quebakan.com\/v15\/wp-content\/uploads\/avatars\/4\/1731297654-bpfull.png","caption":"Erick Villafuerte"}}]}},"_links":{"self":[{"href":"https:\/\/www.quebakan.com\/v15\/wp-json\/wp\/v2\/posts\/127925","targetHints":{"allow":["GET"]}}],"collection":[{"href":"https:\/\/www.quebakan.com\/v15\/wp-json\/wp\/v2\/posts"}],"about":[{"href":"https:\/\/www.quebakan.com\/v15\/wp-json\/wp\/v2\/types\/post"}],"author":[{"embeddable":true,"href":"https:\/\/www.quebakan.com\/v15\/wp-json\/wp\/v2\/users\/4"}],"replies":[{"embeddable":true,"href":"https:\/\/www.quebakan.com\/v15\/wp-json\/wp\/v2\/comments?post=127925"}],"version-history":[{"count":1,"href":"https:\/\/www.quebakan.com\/v15\/wp-json\/wp\/v2\/posts\/127925\/revisions"}],"predecessor-version":[{"id":127928,"href":"https:\/\/www.quebakan.com\/v15\/wp-json\/wp\/v2\/posts\/127925\/revisions\/127928"}],"wp:featuredmedia":[{"embeddable":true,"href":"https:\/\/www.quebakan.com\/v15\/wp-json\/wp\/v2\/media\/127926"}],"wp:attachment":[{"href":"https:\/\/www.quebakan.com\/v15\/wp-json\/wp\/v2\/media?parent=127925"}],"wp:term":[{"taxonomy":"category","embeddable":true,"href":"https:\/\/www.quebakan.com\/v15\/wp-json\/wp\/v2\/categories?post=127925"},{"taxonomy":"post_tag","embeddable":true,"href":"https:\/\/www.quebakan.com\/v15\/wp-json\/wp\/v2\/tags?post=127925"}],"curies":[{"name":"wp","href":"https:\/\/api.w.org\/{rel}","templated":true}]}}