{"id":127947,"date":"2025-01-14T17:31:20","date_gmt":"2025-01-14T22:31:20","guid":{"rendered":"https:\/\/www.quebakan.com\/v15\/?p=127947"},"modified":"2025-01-21T09:51:10","modified_gmt":"2025-01-21T14:51:10","slug":"sabias-que-no-solo-las-lunas-oscuras-protegen-de-la-radiacion-uv","status":"publish","type":"post","link":"https:\/\/www.quebakan.com\/v15\/sabias-que-no-solo-las-lunas-oscuras-protegen-de-la-radiacion-uv\/","title":{"rendered":"\u00bfSab\u00edas que no solo las lunas oscuras protegen de la radiaci\u00f3n UV?"},"content":{"rendered":"<p><img fetchpriority=\"high\" decoding=\"async\" class=\"aligncenter size-full wp-image-127948\" src=\"https:\/\/www.quebakan.com\/v15\/wp-content\/uploads\/2025\/01\/1.jpg\" alt=\"\" width=\"467\" height=\"700\" \/><\/p>\n<p style=\"text-align: justify;\"><span style=\"color: #000000;\"><strong>En esta temporada derribamos mitos junto a \u00d3pticas GMO para que puedas proteger t\u00fa vista de los rayos UV con estilo, pero tambi\u00e9n con conocimiento. Adem\u00e1s, llega el Sale con hasta un 50% de descuento en armazones y gafas para que puedas contar con protecci\u00f3n total.<\/strong><\/span><\/p>\n<p style=\"text-align: justify;\"><span style=\"color: #000000;\"><strong>Enero 2025.- <\/strong>Con los d\u00edas de sol el cuidado de la visi\u00f3n es muy importante, es por ello que informarse bien es una prioridad. Seguro m\u00e1s de alguna vez pensaste que las lunas oscuras protegen m\u00e1s de los rayos UV, pero probablemente no sab\u00edas que \u00a1ES TOTALMENTE FALSO!<\/span><\/p>\n<p style=\"text-align: justify;\"><span style=\"color: #000000;\">El color de las lunas no es el \u00fanico factor que determina su capacidad para proteger la vista de la radiaci\u00f3n solar. <strong>Todas las lunas independientemente de su tono reciben un tratamiento que brinda la misma protecci\u00f3n frente a los rayos UV<\/strong>. Usar lentes oscuros sin estar seguros de que cuentan con este tratamiento puede resultar incluso m\u00e1s da\u00f1ino que no usar nada. Lo que s\u00ed cambia es la sensaci\u00f3n visual que experimentas dependiendo del color de la luna.<\/span><\/p>\n<p style=\"text-align: justify;\"><span style=\"color: #000000;\">Por ejemplo, seg\u00fan los expertos de \u00d3pticas GMO, las lunas polarizadas son ideales para protegerse de los reflejos y deslumbramientos del sol, especialmente al conducir o realizar actividades al aire libre. Las lunas grises y caf\u00e9s son muy populares porque no alteran tanto la percepci\u00f3n de los colores, lo que los hace muy vers\u00e1tiles. Mientras tanto, las lunas de tono amarillo son perfectos para los d\u00edas nublados, ya que entregan mayor calidez visual. Adem\u00e1s, las lunas verdes son una excelente opci\u00f3n para quienes tienen miop\u00eda, ya que mejoran la visi\u00f3n en d\u00edas soleados.<\/span><\/p>\n<p style=\"text-align: justify;\"><span style=\"color: #000000;\">Detall\u00f3, Dra. Marcia Cepeda vocera de \u00f3pticas GMO Ecuador.<\/span><\/p>\n<p style=\"text-align: justify;\"><span style=\"color: #000000;\"><strong>\u00a1Es tiempo para un Sale!<\/strong><\/span><\/p>\n<p style=\"text-align: justify;\"><span style=\"color: #000000;\">La oportunidad de proteger tu visi\u00f3n con lentes de calidad, estilos de vanguardia y la mejor tecnolog\u00eda, ya est\u00e1 aqu\u00ed. Durante todo \u00a0enero y febrero, podr\u00e1s acceder al Sale de \u00d3pticas GMO, con descuentos de hasta un 50% en productos solucionados en todas las tiendas f\u00edsicas a nivel nacional y tambi\u00e9n a trav\u00e9s de gmo.com.ec. Este es el momento ideal para renovar tu colecci\u00f3n de armazones y gafas con protecci\u00f3n total.<\/span><\/p>\n<p style=\"text-align: justify;\"><span style=\"color: #000000;\">Marcas como Ray-Ban, Vogue, Oakley, Arnette y muchas m\u00e1s estar\u00e1n disponibles en \u00d3pticas GMO, ofreciendo una amplia gama para que encuentres tus armazones o gafas perfectos que resuelva tus necesidades. Ac\u00e9rcate a las tiendas de \u00d3pticas GMO a nivel nacional o ingresa a gmo.com.ec y aprovecha los descuentos \u00fanicos del Sale.<\/span><\/p>\n<p><img decoding=\"async\" class=\"aligncenter size-full wp-image-127949\" src=\"https:\/\/www.quebakan.com\/v15\/wp-content\/uploads\/2025\/01\/3.jpg\" alt=\"\" width=\"467\" height=\"700\" \/><\/p>\n<p>&nbsp;<\/p>\n<p><img decoding=\"async\" class=\"aligncenter size-full wp-image-127950\" src=\"https:\/\/www.quebakan.com\/v15\/wp-content\/uploads\/2025\/01\/4.jpg\" alt=\"\" width=\"467\" height=\"700\" \/><\/p>\n<p>&nbsp;<\/p>\n<p><img loading=\"lazy\" decoding=\"async\" class=\"aligncenter size-full wp-image-127951\" src=\"https:\/\/www.quebakan.com\/v15\/wp-content\/uploads\/2025\/01\/2-1.jpg\" alt=\"\" width=\"467\" height=\"700\" \/><\/p>\n","protected":false},"excerpt":{"rendered":"<p>En esta temporada derribamos mitos junto a \u00d3pticas GMO para que puedas proteger t\u00fa vista de los rayos UV con estilo, pero tambi\u00e9n con conocimiento. Adem\u00e1s, llega el Sale con hasta un 50% de descuento en armazones y gafas para que puedas contar con protecci\u00f3n total. Enero 2025.- Con los d\u00edas de sol el cuidado [&hellip;]<\/p>\n","protected":false},"author":4,"featured_media":0,"comment_status":"open","ping_status":"open","sticky":false,"template":"","format":"standard","meta":{"_bbp_topic_count":0,"_bbp_reply_count":0,"_bbp_total_topic_count":0,"_bbp_total_reply_count":0,"_bbp_voice_count":0,"_bbp_anonymous_reply_count":0,"_bbp_topic_count_hidden":0,"_bbp_reply_count_hidden":0,"_bbp_forum_subforum_count":0,"buzzeditor_post_format":"","footnotes":""},"categories":[2],"tags":[],"class_list":["post-127947","post","type-post","status-publish","format-standard","hentry","category-noticias"],"yoast_head":"<!-- This site is optimized with the Yoast SEO plugin v27.4 - https:\/\/yoast.com\/product\/yoast-seo-wordpress\/ -->\n<title>\u00bfSab\u00edas que no solo las lunas oscuras protegen de la radiaci\u00f3n UV? &#8211; QUEBAKAN.COM 2026: Noticias, Eventos, Conciertos y mucho m\u00e1s....<\/title>\n<meta name=\"robots\" content=\"index, follow, max-snippet:-1, max-image-preview:large, max-video-preview:-1\" \/>\n<link rel=\"canonical\" href=\"https:\/\/www.quebakan.com\/v15\/sabias-que-no-solo-las-lunas-oscuras-protegen-de-la-radiacion-uv\/\" \/>\n<meta property=\"og:locale\" content=\"es_ES\" \/>\n<meta property=\"og:type\" content=\"article\" \/>\n<meta property=\"og:title\" content=\"\u00bfSab\u00edas que no solo las lunas oscuras protegen de la radiaci\u00f3n UV? &#8211; QUEBAKAN.COM 2026: Noticias, Eventos, Conciertos y mucho m\u00e1s....\" \/>\n<meta property=\"og:description\" content=\"En esta temporada derribamos mitos junto a \u00d3pticas GMO para que puedas proteger t\u00fa vista de los rayos UV con estilo, pero tambi\u00e9n con conocimiento. Adem\u00e1s, llega el Sale con hasta un 50% de descuento en armazones y gafas para que puedas contar con protecci\u00f3n total. Enero 2025.- Con los d\u00edas de sol el cuidado [&hellip;]\" \/>\n<meta property=\"og:url\" content=\"https:\/\/www.quebakan.com\/v15\/sabias-que-no-solo-las-lunas-oscuras-protegen-de-la-radiacion-uv\/\" \/>\n<meta property=\"og:site_name\" content=\"QUEBAKAN.COM 2026: Noticias, Eventos, Conciertos y mucho m\u00e1s....\" \/>\n<meta property=\"article:publisher\" content=\"http:\/\/www.facebook.com\/quebakan\" \/>\n<meta property=\"article:published_time\" content=\"2025-01-14T22:31:20+00:00\" \/>\n<meta property=\"article:modified_time\" content=\"2025-01-21T14:51:10+00:00\" \/>\n<meta property=\"og:image\" content=\"https:\/\/www.quebakan.com\/v15\/wp-content\/uploads\/2025\/01\/1.jpg\" \/>\n\t<meta property=\"og:image:width\" content=\"467\" \/>\n\t<meta property=\"og:image:height\" content=\"700\" \/>\n\t<meta property=\"og:image:type\" content=\"image\/jpeg\" \/>\n<meta name=\"author\" content=\"Erick Villafuerte\" \/>\n<meta name=\"twitter:card\" content=\"summary_large_image\" \/>\n<meta name=\"twitter:creator\" content=\"@quebakanec\" \/>\n<meta name=\"twitter:site\" content=\"@quebakanec\" \/>\n<meta name=\"twitter:label1\" content=\"Escrito por\" \/>\n\t<meta name=\"twitter:data1\" content=\"Erick Villafuerte\" \/>\n\t<meta name=\"twitter:label2\" content=\"Tiempo de lectura\" \/>\n\t<meta name=\"twitter:data2\" content=\"3 minutos\" \/>\n<script type=\"application\/ld+json\" class=\"yoast-schema-graph\">{\"@context\":\"https:\\\/\\\/schema.org\",\"@graph\":[{\"@type\":\"Article\",\"@id\":\"https:\\\/\\\/www.quebakan.com\\\/v15\\\/sabias-que-no-solo-las-lunas-oscuras-protegen-de-la-radiacion-uv\\\/#article\",\"isPartOf\":{\"@id\":\"https:\\\/\\\/www.quebakan.com\\\/v15\\\/sabias-que-no-solo-las-lunas-oscuras-protegen-de-la-radiacion-uv\\\/\"},\"author\":{\"name\":\"Erick Villafuerte\",\"@id\":\"https:\\\/\\\/www.quebakan.com\\\/v15\\\/#\\\/schema\\\/person\\\/d90fa9f9cfa81eb8ace9811e5b7b9118\"},\"headline\":\"\u00bfSab\u00edas que no solo las lunas oscuras protegen de la radiaci\u00f3n UV?\",\"datePublished\":\"2025-01-14T22:31:20+00:00\",\"dateModified\":\"2025-01-21T14:51:10+00:00\",\"mainEntityOfPage\":{\"@id\":\"https:\\\/\\\/www.quebakan.com\\\/v15\\\/sabias-que-no-solo-las-lunas-oscuras-protegen-de-la-radiacion-uv\\\/\"},\"wordCount\":454,\"commentCount\":0,\"publisher\":{\"@id\":\"https:\\\/\\\/www.quebakan.com\\\/v15\\\/#organization\"},\"image\":{\"@id\":\"https:\\\/\\\/www.quebakan.com\\\/v15\\\/sabias-que-no-solo-las-lunas-oscuras-protegen-de-la-radiacion-uv\\\/#primaryimage\"},\"thumbnailUrl\":\"https:\\\/\\\/www.quebakan.com\\\/v15\\\/wp-content\\\/uploads\\\/2025\\\/01\\\/1.jpg\",\"articleSection\":[\"Noticias\"],\"inLanguage\":\"es\"},{\"@type\":\"WebPage\",\"@id\":\"https:\\\/\\\/www.quebakan.com\\\/v15\\\/sabias-que-no-solo-las-lunas-oscuras-protegen-de-la-radiacion-uv\\\/\",\"url\":\"https:\\\/\\\/www.quebakan.com\\\/v15\\\/sabias-que-no-solo-las-lunas-oscuras-protegen-de-la-radiacion-uv\\\/\",\"name\":\"\u00bfSab\u00edas que no solo las lunas oscuras protegen de la radiaci\u00f3n UV? &#8211; QUEBAKAN.COM 2026: Noticias, Eventos, Conciertos y mucho m\u00e1s....\",\"isPartOf\":{\"@id\":\"https:\\\/\\\/www.quebakan.com\\\/v15\\\/#website\"},\"primaryImageOfPage\":{\"@id\":\"https:\\\/\\\/www.quebakan.com\\\/v15\\\/sabias-que-no-solo-las-lunas-oscuras-protegen-de-la-radiacion-uv\\\/#primaryimage\"},\"image\":{\"@id\":\"https:\\\/\\\/www.quebakan.com\\\/v15\\\/sabias-que-no-solo-las-lunas-oscuras-protegen-de-la-radiacion-uv\\\/#primaryimage\"},\"thumbnailUrl\":\"https:\\\/\\\/www.quebakan.com\\\/v15\\\/wp-content\\\/uploads\\\/2025\\\/01\\\/1.jpg\",\"datePublished\":\"2025-01-14T22:31:20+00:00\",\"dateModified\":\"2025-01-21T14:51:10+00:00\",\"breadcrumb\":{\"@id\":\"https:\\\/\\\/www.quebakan.com\\\/v15\\\/sabias-que-no-solo-las-lunas-oscuras-protegen-de-la-radiacion-uv\\\/#breadcrumb\"},\"inLanguage\":\"es\",\"potentialAction\":[{\"@type\":\"ReadAction\",\"target\":[\"https:\\\/\\\/www.quebakan.com\\\/v15\\\/sabias-que-no-solo-las-lunas-oscuras-protegen-de-la-radiacion-uv\\\/\"]}]},{\"@type\":\"ImageObject\",\"inLanguage\":\"es\",\"@id\":\"https:\\\/\\\/www.quebakan.com\\\/v15\\\/sabias-que-no-solo-las-lunas-oscuras-protegen-de-la-radiacion-uv\\\/#primaryimage\",\"url\":\"https:\\\/\\\/www.quebakan.com\\\/v15\\\/wp-content\\\/uploads\\\/2025\\\/01\\\/1.jpg\",\"contentUrl\":\"https:\\\/\\\/www.quebakan.com\\\/v15\\\/wp-content\\\/uploads\\\/2025\\\/01\\\/1.jpg\",\"width\":467,\"height\":700},{\"@type\":\"BreadcrumbList\",\"@id\":\"https:\\\/\\\/www.quebakan.com\\\/v15\\\/sabias-que-no-solo-las-lunas-oscuras-protegen-de-la-radiacion-uv\\\/#breadcrumb\",\"itemListElement\":[{\"@type\":\"ListItem\",\"position\":1,\"name\":\"Portada\",\"item\":\"https:\\\/\\\/www.quebakan.com\\\/v15\\\/\"},{\"@type\":\"ListItem\",\"position\":2,\"name\":\"\u00bfSab\u00edas que no solo las lunas oscuras protegen de la radiaci\u00f3n UV?\"}]},{\"@type\":\"WebSite\",\"@id\":\"https:\\\/\\\/www.quebakan.com\\\/v15\\\/#website\",\"url\":\"https:\\\/\\\/www.quebakan.com\\\/v15\\\/\",\"name\":\"QUEBAKAN\",\"description\":\"..\",\"publisher\":{\"@id\":\"https:\\\/\\\/www.quebakan.com\\\/v15\\\/#organization\"},\"potentialAction\":[{\"@type\":\"SearchAction\",\"target\":{\"@type\":\"EntryPoint\",\"urlTemplate\":\"https:\\\/\\\/www.quebakan.com\\\/v15\\\/?s={search_term_string}\"},\"query-input\":{\"@type\":\"PropertyValueSpecification\",\"valueRequired\":true,\"valueName\":\"search_term_string\"}}],\"inLanguage\":\"es\"},{\"@type\":\"Organization\",\"@id\":\"https:\\\/\\\/www.quebakan.com\\\/v15\\\/#organization\",\"name\":\"Quebakan.com\",\"url\":\"https:\\\/\\\/www.quebakan.com\\\/v15\\\/\",\"logo\":{\"@type\":\"ImageObject\",\"inLanguage\":\"es\",\"@id\":\"https:\\\/\\\/www.quebakan.com\\\/v15\\\/#\\\/schema\\\/logo\\\/image\\\/\",\"url\":\"https:\\\/\\\/www.quebakan.com\\\/v15\\\/wp-content\\\/uploads\\\/2023\\\/07\\\/logoquebakanenero2021.jpg\",\"contentUrl\":\"https:\\\/\\\/www.quebakan.com\\\/v15\\\/wp-content\\\/uploads\\\/2023\\\/07\\\/logoquebakanenero2021.jpg\",\"width\":1920,\"height\":1080,\"caption\":\"Quebakan.com\"},\"image\":{\"@id\":\"https:\\\/\\\/www.quebakan.com\\\/v15\\\/#\\\/schema\\\/logo\\\/image\\\/\"},\"sameAs\":[\"http:\\\/\\\/www.facebook.com\\\/quebakan\",\"https:\\\/\\\/x.com\\\/quebakanec\",\"http:\\\/\\\/www.instagram.com\\\/quebakan\",\"http:\\\/\\\/www.youtube.com\\\/quebakan1\"]},{\"@type\":\"Person\",\"@id\":\"https:\\\/\\\/www.quebakan.com\\\/v15\\\/#\\\/schema\\\/person\\\/d90fa9f9cfa81eb8ace9811e5b7b9118\",\"name\":\"Erick Villafuerte\",\"image\":{\"@type\":\"ImageObject\",\"inLanguage\":\"es\",\"@id\":\"https:\\\/\\\/www.quebakan.com\\\/v15\\\/wp-content\\\/uploads\\\/avatars\\\/4\\\/1731297654-bpfull.png\",\"url\":\"https:\\\/\\\/www.quebakan.com\\\/v15\\\/wp-content\\\/uploads\\\/avatars\\\/4\\\/1731297654-bpfull.png\",\"contentUrl\":\"https:\\\/\\\/www.quebakan.com\\\/v15\\\/wp-content\\\/uploads\\\/avatars\\\/4\\\/1731297654-bpfull.png\",\"caption\":\"Erick Villafuerte\"}}]}<\/script>\n<!-- \/ Yoast SEO plugin. -->","yoast_head_json":{"title":"\u00bfSab\u00edas que no solo las lunas oscuras protegen de la radiaci\u00f3n UV? &#8211; QUEBAKAN.COM 2026: Noticias, Eventos, Conciertos y mucho m\u00e1s....","robots":{"index":"index","follow":"follow","max-snippet":"max-snippet:-1","max-image-preview":"max-image-preview:large","max-video-preview":"max-video-preview:-1"},"canonical":"https:\/\/www.quebakan.com\/v15\/sabias-que-no-solo-las-lunas-oscuras-protegen-de-la-radiacion-uv\/","og_locale":"es_ES","og_type":"article","og_title":"\u00bfSab\u00edas que no solo las lunas oscuras protegen de la radiaci\u00f3n UV? &#8211; QUEBAKAN.COM 2026: Noticias, Eventos, Conciertos y mucho m\u00e1s....","og_description":"En esta temporada derribamos mitos junto a \u00d3pticas GMO para que puedas proteger t\u00fa vista de los rayos UV con estilo, pero tambi\u00e9n con conocimiento. Adem\u00e1s, llega el Sale con hasta un 50% de descuento en armazones y gafas para que puedas contar con protecci\u00f3n total. Enero 2025.- Con los d\u00edas de sol el cuidado [&hellip;]","og_url":"https:\/\/www.quebakan.com\/v15\/sabias-que-no-solo-las-lunas-oscuras-protegen-de-la-radiacion-uv\/","og_site_name":"QUEBAKAN.COM 2026: Noticias, Eventos, Conciertos y mucho m\u00e1s....","article_publisher":"http:\/\/www.facebook.com\/quebakan","article_published_time":"2025-01-14T22:31:20+00:00","article_modified_time":"2025-01-21T14:51:10+00:00","og_image":[{"width":467,"height":700,"url":"https:\/\/www.quebakan.com\/v15\/wp-content\/uploads\/2025\/01\/1.jpg","type":"image\/jpeg"}],"author":"Erick Villafuerte","twitter_card":"summary_large_image","twitter_creator":"@quebakanec","twitter_site":"@quebakanec","twitter_misc":{"Escrito por":"Erick Villafuerte","Tiempo de lectura":"3 minutos"},"schema":{"@context":"https:\/\/schema.org","@graph":[{"@type":"Article","@id":"https:\/\/www.quebakan.com\/v15\/sabias-que-no-solo-las-lunas-oscuras-protegen-de-la-radiacion-uv\/#article","isPartOf":{"@id":"https:\/\/www.quebakan.com\/v15\/sabias-que-no-solo-las-lunas-oscuras-protegen-de-la-radiacion-uv\/"},"author":{"name":"Erick Villafuerte","@id":"https:\/\/www.quebakan.com\/v15\/#\/schema\/person\/d90fa9f9cfa81eb8ace9811e5b7b9118"},"headline":"\u00bfSab\u00edas que no solo las lunas oscuras protegen de la radiaci\u00f3n UV?","datePublished":"2025-01-14T22:31:20+00:00","dateModified":"2025-01-21T14:51:10+00:00","mainEntityOfPage":{"@id":"https:\/\/www.quebakan.com\/v15\/sabias-que-no-solo-las-lunas-oscuras-protegen-de-la-radiacion-uv\/"},"wordCount":454,"commentCount":0,"publisher":{"@id":"https:\/\/www.quebakan.com\/v15\/#organization"},"image":{"@id":"https:\/\/www.quebakan.com\/v15\/sabias-que-no-solo-las-lunas-oscuras-protegen-de-la-radiacion-uv\/#primaryimage"},"thumbnailUrl":"https:\/\/www.quebakan.com\/v15\/wp-content\/uploads\/2025\/01\/1.jpg","articleSection":["Noticias"],"inLanguage":"es"},{"@type":"WebPage","@id":"https:\/\/www.quebakan.com\/v15\/sabias-que-no-solo-las-lunas-oscuras-protegen-de-la-radiacion-uv\/","url":"https:\/\/www.quebakan.com\/v15\/sabias-que-no-solo-las-lunas-oscuras-protegen-de-la-radiacion-uv\/","name":"\u00bfSab\u00edas que no solo las lunas oscuras protegen de la radiaci\u00f3n UV? &#8211; QUEBAKAN.COM 2026: Noticias, Eventos, Conciertos y mucho m\u00e1s....","isPartOf":{"@id":"https:\/\/www.quebakan.com\/v15\/#website"},"primaryImageOfPage":{"@id":"https:\/\/www.quebakan.com\/v15\/sabias-que-no-solo-las-lunas-oscuras-protegen-de-la-radiacion-uv\/#primaryimage"},"image":{"@id":"https:\/\/www.quebakan.com\/v15\/sabias-que-no-solo-las-lunas-oscuras-protegen-de-la-radiacion-uv\/#primaryimage"},"thumbnailUrl":"https:\/\/www.quebakan.com\/v15\/wp-content\/uploads\/2025\/01\/1.jpg","datePublished":"2025-01-14T22:31:20+00:00","dateModified":"2025-01-21T14:51:10+00:00","breadcrumb":{"@id":"https:\/\/www.quebakan.com\/v15\/sabias-que-no-solo-las-lunas-oscuras-protegen-de-la-radiacion-uv\/#breadcrumb"},"inLanguage":"es","potentialAction":[{"@type":"ReadAction","target":["https:\/\/www.quebakan.com\/v15\/sabias-que-no-solo-las-lunas-oscuras-protegen-de-la-radiacion-uv\/"]}]},{"@type":"ImageObject","inLanguage":"es","@id":"https:\/\/www.quebakan.com\/v15\/sabias-que-no-solo-las-lunas-oscuras-protegen-de-la-radiacion-uv\/#primaryimage","url":"https:\/\/www.quebakan.com\/v15\/wp-content\/uploads\/2025\/01\/1.jpg","contentUrl":"https:\/\/www.quebakan.com\/v15\/wp-content\/uploads\/2025\/01\/1.jpg","width":467,"height":700},{"@type":"BreadcrumbList","@id":"https:\/\/www.quebakan.com\/v15\/sabias-que-no-solo-las-lunas-oscuras-protegen-de-la-radiacion-uv\/#breadcrumb","itemListElement":[{"@type":"ListItem","position":1,"name":"Portada","item":"https:\/\/www.quebakan.com\/v15\/"},{"@type":"ListItem","position":2,"name":"\u00bfSab\u00edas que no solo las lunas oscuras protegen de la radiaci\u00f3n UV?"}]},{"@type":"WebSite","@id":"https:\/\/www.quebakan.com\/v15\/#website","url":"https:\/\/www.quebakan.com\/v15\/","name":"QUEBAKAN","description":"..","publisher":{"@id":"https:\/\/www.quebakan.com\/v15\/#organization"},"potentialAction":[{"@type":"SearchAction","target":{"@type":"EntryPoint","urlTemplate":"https:\/\/www.quebakan.com\/v15\/?s={search_term_string}"},"query-input":{"@type":"PropertyValueSpecification","valueRequired":true,"valueName":"search_term_string"}}],"inLanguage":"es"},{"@type":"Organization","@id":"https:\/\/www.quebakan.com\/v15\/#organization","name":"Quebakan.com","url":"https:\/\/www.quebakan.com\/v15\/","logo":{"@type":"ImageObject","inLanguage":"es","@id":"https:\/\/www.quebakan.com\/v15\/#\/schema\/logo\/image\/","url":"https:\/\/www.quebakan.com\/v15\/wp-content\/uploads\/2023\/07\/logoquebakanenero2021.jpg","contentUrl":"https:\/\/www.quebakan.com\/v15\/wp-content\/uploads\/2023\/07\/logoquebakanenero2021.jpg","width":1920,"height":1080,"caption":"Quebakan.com"},"image":{"@id":"https:\/\/www.quebakan.com\/v15\/#\/schema\/logo\/image\/"},"sameAs":["http:\/\/www.facebook.com\/quebakan","https:\/\/x.com\/quebakanec","http:\/\/www.instagram.com\/quebakan","http:\/\/www.youtube.com\/quebakan1"]},{"@type":"Person","@id":"https:\/\/www.quebakan.com\/v15\/#\/schema\/person\/d90fa9f9cfa81eb8ace9811e5b7b9118","name":"Erick Villafuerte","image":{"@type":"ImageObject","inLanguage":"es","@id":"https:\/\/www.quebakan.com\/v15\/wp-content\/uploads\/avatars\/4\/1731297654-bpfull.png","url":"https:\/\/www.quebakan.com\/v15\/wp-content\/uploads\/avatars\/4\/1731297654-bpfull.png","contentUrl":"https:\/\/www.quebakan.com\/v15\/wp-content\/uploads\/avatars\/4\/1731297654-bpfull.png","caption":"Erick Villafuerte"}}]}},"_links":{"self":[{"href":"https:\/\/www.quebakan.com\/v15\/wp-json\/wp\/v2\/posts\/127947","targetHints":{"allow":["GET"]}}],"collection":[{"href":"https:\/\/www.quebakan.com\/v15\/wp-json\/wp\/v2\/posts"}],"about":[{"href":"https:\/\/www.quebakan.com\/v15\/wp-json\/wp\/v2\/types\/post"}],"author":[{"embeddable":true,"href":"https:\/\/www.quebakan.com\/v15\/wp-json\/wp\/v2\/users\/4"}],"replies":[{"embeddable":true,"href":"https:\/\/www.quebakan.com\/v15\/wp-json\/wp\/v2\/comments?post=127947"}],"version-history":[{"count":1,"href":"https:\/\/www.quebakan.com\/v15\/wp-json\/wp\/v2\/posts\/127947\/revisions"}],"predecessor-version":[{"id":127952,"href":"https:\/\/www.quebakan.com\/v15\/wp-json\/wp\/v2\/posts\/127947\/revisions\/127952"}],"wp:attachment":[{"href":"https:\/\/www.quebakan.com\/v15\/wp-json\/wp\/v2\/media?parent=127947"}],"wp:term":[{"taxonomy":"category","embeddable":true,"href":"https:\/\/www.quebakan.com\/v15\/wp-json\/wp\/v2\/categories?post=127947"},{"taxonomy":"post_tag","embeddable":true,"href":"https:\/\/www.quebakan.com\/v15\/wp-json\/wp\/v2\/tags?post=127947"}],"curies":[{"name":"wp","href":"https:\/\/api.w.org\/{rel}","templated":true}]}}