{"id":128399,"date":"2025-02-07T16:41:55","date_gmt":"2025-02-07T21:41:55","guid":{"rendered":"https:\/\/www.quebakan.com\/v15\/?p=128399"},"modified":"2025-02-07T16:41:55","modified_gmt":"2025-02-07T21:41:55","slug":"jandrel-contacto-cero","status":"publish","type":"post","link":"https:\/\/www.quebakan.com\/v15\/jandrel-contacto-cero\/","title":{"rendered":"JANDREL &#8211; \u00abCONTACTO CERO\u00bb"},"content":{"rendered":"<p><img fetchpriority=\"high\" decoding=\"async\" class=\"aligncenter size-full wp-image-128400\" src=\"https:\/\/www.quebakan.com\/v15\/wp-content\/uploads\/2025\/02\/JANDREL.jpg\" alt=\"\" width=\"466\" height=\"700\" \/><\/p>\n<p style=\"text-align: justify;\"><span style=\"color: #000000;\">El cantautor ecuatoriano\u00a0<strong>JANDREL<\/strong>\u00a0estren\u00f3 el videoclip de \u201cContacto Cero\u201d, su segundo tema promocional, que encierra un sonido pop urbano y en el que le canta al amor y desamor. La letra y m\u00fasica estuvo a cargo de Jeandry Loor y la producci\u00f3n musical la realiz\u00f3 Makiabelico The Producer. El videoclip ya est\u00e1 en YouTube. Tuvo como locaci\u00f3n Ciudad Celeste,Samborond\u00f3n. Se realiz\u00f3 bajo la producci\u00f3n de Mario Rodr\u00edguez y cont\u00f3 con la participaci\u00f3n de la modelo colombiana Madelen Cabrera.<\/span><\/p>\n<p><span style=\"color: #000000;\">Jeandry Loor, nombre real de\u00a0<strong>JANDREL<\/strong>, tiene 25 a\u00f1os, ha realizado estudios de Instrumentaci\u00f3n quir\u00fargica, \u00e1rea m\u00e9dica en la que trabaja paralelamente con su carrera art\u00edstica. Musicalmente se considera un autodidacta. Toca y compone sus temas con su guitarra, aunque actualmente est\u00e1 empezando a tocar y componer tambi\u00e9n con en el piano. <\/span><span style=\"color: #000000;\">Su estilo musical es el Pop urbano, reggae y la balada. Entre sus influencias musicales est\u00e1n artistas como Rauw Alejandro, Maluma, Manuel Turizo y Sebasti\u00e1n Yatra. Su mayor deseo es poder cantar con Jay Wheeler, ya que es fan de su m\u00fasica y su carrera.<\/span><\/p>\n<p style=\"text-align: justify;\"><span style=\"color: #000000;\"><strong>JANDREL<\/strong> se define como un chico amable, carism\u00e1tico, atento, decisivo, luchador y perseverante, que desea compartir con el mundo sus canciones y emociones y por qu\u00e9 no? llenar estadios y ser reconocido como artista ecuatoriano a nivel mundial.<\/span><\/p>\n<p style=\"text-align: justify;\"><span style=\"color: #000000;\">La trayectoria de <strong>JANDREL<\/strong>\u00a0empez\u00f3 desde la escuela y colegio en su natal Ventanas, donde ha tenido presentaciones escolares y eventos.<\/span><br \/>\n<span style=\"color: #000000;\">Su primer tema promocional fue<em>\u00a0\u201cUna vida maravillosa\u201d<\/em>, m\u00fasica y letra de su autor\u00eda. \u201c<em>El a\u00f1o pasado compuse el tema \u201cUna vida maravillosa\u201d con el que me inici\u00e9 profesionalmente como cantante y me permiti\u00f3 darme a conocer y cantar en varios lugares de Guayaquil. Mi meta es ser reconocido a nivel internacional y representar a Ecuador a nivel mundia<\/em>l\u201d, afirma\u00a0 Jandrel, quien ya est\u00e1 trabajando en nuevos temas.<\/span><\/p>\n<p><span style=\"color: #000000;\">Redes sociales<\/span><\/p>\n<p><span style=\"color: #000000;\">Instagram<\/span><br \/>\n<span style=\"color: #000000;\">\u00a0@jandrel_ec<\/span><\/p>\n<p style=\"text-align: justify;\"><span style=\"color: #000000;\">Tiktok<br \/>\n<\/span><span style=\"color: #000000;\">@jeandry99<\/span><\/p>\n<p style=\"text-align: justify;\"><span style=\"color: #000000;\">Facebook<br \/>\n<\/span><span style=\"color: #000000;\">Jean Lb (Jandrel)<\/span><\/p>\n<p style=\"text-align: justify;\"><span style=\"color: #000000;\">X<br \/>\n<\/span><span style=\"color: #000000;\">@jeanlook01<\/span><\/p>\n<p style=\"text-align: justify;\"><span style=\"color: #000000;\">YouTube<\/span><\/p>\n<p style=\"text-align: justify;\"><span style=\"color: #000000;\"><a style=\"color: #000000;\" href=\"https:\/\/na01.safelinks.protection.outlook.com\/?url=https%3A%2F%2Fyoutu.be%2F__g0F8WFKB8%3Fsi%3Dv3BIVp1Wf83PAUXl&amp;data=05%7C02%7C%7C7d7aae5215864bed40ee08dd4794af45%7C84df9e7fe9f640afb435aaaaaaaaaaaa%7C1%7C0%7C638745426171875584%7CUnknown%7CTWFpbGZsb3d8eyJFbXB0eU1hcGkiOnRydWUsIlYiOiIwLjAuMDAwMCIsIlAiOiJXaW4zMiIsIkFOIjoiTWFpbCIsIldUIjoyfQ%3D%3D%7C0%7C%7C%7C&amp;sdata=2E8jvVcchZh9Xn7M7T%2BK8FW7C15wbfQQlPY0wk2NepY%3D&amp;reserved=0\">https:\/\/youtu.be\/__g0F8WFKB8?si=v3BIVp1Wf83PAUXl<\/a><\/span><\/p>\n<audio class=\"wp-audio-shortcode\" id=\"audio-128399-1\" preload=\"none\" style=\"width: 100%;\" controls=\"controls\"><source type=\"audio\/mpeg\" src=\"https:\/\/www.quebakan.com\/v15\/wp-content\/uploads\/2025\/02\/Jandrel-Contacto-cero.mp3?_=1\" \/><a href=\"https:\/\/www.quebakan.com\/v15\/wp-content\/uploads\/2025\/02\/Jandrel-Contacto-cero.mp3\">https:\/\/www.quebakan.com\/v15\/wp-content\/uploads\/2025\/02\/Jandrel-Contacto-cero.mp3<\/a><\/audio>\n","protected":false},"excerpt":{"rendered":"<p>El cantautor ecuatoriano\u00a0JANDREL\u00a0estren\u00f3 el videoclip de \u201cContacto Cero\u201d, su segundo tema promocional, que encierra un sonido pop urbano y en el que le canta al amor y desamor. La letra y m\u00fasica estuvo a cargo de Jeandry Loor y la producci\u00f3n musical la realiz\u00f3 Makiabelico The Producer. El videoclip ya est\u00e1 en YouTube. Tuvo como [&hellip;]<\/p>\n","protected":false},"author":4,"featured_media":128400,"comment_status":"closed","ping_status":"closed","sticky":false,"template":"","format":"standard","meta":{"_bbp_topic_count":0,"_bbp_reply_count":0,"_bbp_total_topic_count":0,"_bbp_total_reply_count":0,"_bbp_voice_count":0,"_bbp_anonymous_reply_count":0,"_bbp_topic_count_hidden":0,"_bbp_reply_count_hidden":0,"_bbp_forum_subforum_count":0,"buzzeditor_post_format":"","footnotes":""},"categories":[332],"tags":[],"class_list":["post-128399","post","type-post","status-publish","format-standard","has-post-thumbnail","hentry","category-musica"],"yoast_head":"<!-- This site is optimized with the Yoast SEO plugin v27.4 - https:\/\/yoast.com\/product\/yoast-seo-wordpress\/ -->\n<title>JANDREL - &quot;CONTACTO CERO&quot; &#8211; QUEBAKAN.COM 2026: Noticias, Eventos, Conciertos y mucho m\u00e1s....<\/title>\n<meta name=\"robots\" content=\"index, follow, max-snippet:-1, max-image-preview:large, max-video-preview:-1\" \/>\n<link rel=\"canonical\" href=\"https:\/\/www.quebakan.com\/v15\/jandrel-contacto-cero\/\" \/>\n<meta property=\"og:locale\" content=\"es_ES\" \/>\n<meta property=\"og:type\" content=\"article\" \/>\n<meta property=\"og:title\" content=\"JANDREL - &quot;CONTACTO CERO&quot; &#8211; QUEBAKAN.COM 2026: Noticias, Eventos, Conciertos y mucho m\u00e1s....\" \/>\n<meta property=\"og:description\" content=\"El cantautor ecuatoriano\u00a0JANDREL\u00a0estren\u00f3 el videoclip de \u201cContacto Cero\u201d, su segundo tema promocional, que encierra un sonido pop urbano y en el que le canta al amor y desamor. La letra y m\u00fasica estuvo a cargo de Jeandry Loor y la producci\u00f3n musical la realiz\u00f3 Makiabelico The Producer. El videoclip ya est\u00e1 en YouTube. Tuvo como [&hellip;]\" \/>\n<meta property=\"og:url\" content=\"https:\/\/www.quebakan.com\/v15\/jandrel-contacto-cero\/\" \/>\n<meta property=\"og:site_name\" content=\"QUEBAKAN.COM 2026: Noticias, Eventos, Conciertos y mucho m\u00e1s....\" \/>\n<meta property=\"article:publisher\" content=\"http:\/\/www.facebook.com\/quebakan\" \/>\n<meta property=\"article:published_time\" content=\"2025-02-07T21:41:55+00:00\" \/>\n<meta property=\"og:image\" content=\"https:\/\/www.quebakan.com\/v15\/wp-content\/uploads\/2025\/02\/JANDREL.jpg\" \/>\n\t<meta property=\"og:image:width\" content=\"466\" \/>\n\t<meta property=\"og:image:height\" content=\"700\" \/>\n\t<meta property=\"og:image:type\" content=\"image\/jpeg\" \/>\n<meta name=\"author\" content=\"Erick Villafuerte\" \/>\n<meta name=\"twitter:card\" content=\"summary_large_image\" \/>\n<meta name=\"twitter:creator\" content=\"@quebakanec\" \/>\n<meta name=\"twitter:site\" content=\"@quebakanec\" \/>\n<meta name=\"twitter:label1\" content=\"Escrito por\" \/>\n\t<meta name=\"twitter:data1\" content=\"Erick Villafuerte\" \/>\n\t<meta name=\"twitter:label2\" content=\"Tiempo de lectura\" \/>\n\t<meta name=\"twitter:data2\" content=\"2 minutos\" \/>\n<script type=\"application\/ld+json\" class=\"yoast-schema-graph\">{\"@context\":\"https:\\\/\\\/schema.org\",\"@graph\":[{\"@type\":\"Article\",\"@id\":\"https:\\\/\\\/www.quebakan.com\\\/v15\\\/jandrel-contacto-cero\\\/#article\",\"isPartOf\":{\"@id\":\"https:\\\/\\\/www.quebakan.com\\\/v15\\\/jandrel-contacto-cero\\\/\"},\"author\":{\"name\":\"Erick Villafuerte\",\"@id\":\"https:\\\/\\\/www.quebakan.com\\\/v15\\\/#\\\/schema\\\/person\\\/d90fa9f9cfa81eb8ace9811e5b7b9118\"},\"headline\":\"JANDREL &#8211; \u00abCONTACTO CERO\u00bb\",\"datePublished\":\"2025-02-07T21:41:55+00:00\",\"mainEntityOfPage\":{\"@id\":\"https:\\\/\\\/www.quebakan.com\\\/v15\\\/jandrel-contacto-cero\\\/\"},\"wordCount\":364,\"publisher\":{\"@id\":\"https:\\\/\\\/www.quebakan.com\\\/v15\\\/#organization\"},\"image\":{\"@id\":\"https:\\\/\\\/www.quebakan.com\\\/v15\\\/jandrel-contacto-cero\\\/#primaryimage\"},\"thumbnailUrl\":\"https:\\\/\\\/www.quebakan.com\\\/v15\\\/wp-content\\\/uploads\\\/2025\\\/02\\\/JANDREL.jpg\",\"articleSection\":[\"M\u00fasica\"],\"inLanguage\":\"es\"},{\"@type\":\"WebPage\",\"@id\":\"https:\\\/\\\/www.quebakan.com\\\/v15\\\/jandrel-contacto-cero\\\/\",\"url\":\"https:\\\/\\\/www.quebakan.com\\\/v15\\\/jandrel-contacto-cero\\\/\",\"name\":\"JANDREL - \\\"CONTACTO CERO\\\" &#8211; QUEBAKAN.COM 2026: Noticias, Eventos, Conciertos y mucho m\u00e1s....\",\"isPartOf\":{\"@id\":\"https:\\\/\\\/www.quebakan.com\\\/v15\\\/#website\"},\"primaryImageOfPage\":{\"@id\":\"https:\\\/\\\/www.quebakan.com\\\/v15\\\/jandrel-contacto-cero\\\/#primaryimage\"},\"image\":{\"@id\":\"https:\\\/\\\/www.quebakan.com\\\/v15\\\/jandrel-contacto-cero\\\/#primaryimage\"},\"thumbnailUrl\":\"https:\\\/\\\/www.quebakan.com\\\/v15\\\/wp-content\\\/uploads\\\/2025\\\/02\\\/JANDREL.jpg\",\"datePublished\":\"2025-02-07T21:41:55+00:00\",\"breadcrumb\":{\"@id\":\"https:\\\/\\\/www.quebakan.com\\\/v15\\\/jandrel-contacto-cero\\\/#breadcrumb\"},\"inLanguage\":\"es\",\"potentialAction\":[{\"@type\":\"ReadAction\",\"target\":[\"https:\\\/\\\/www.quebakan.com\\\/v15\\\/jandrel-contacto-cero\\\/\"]}]},{\"@type\":\"ImageObject\",\"inLanguage\":\"es\",\"@id\":\"https:\\\/\\\/www.quebakan.com\\\/v15\\\/jandrel-contacto-cero\\\/#primaryimage\",\"url\":\"https:\\\/\\\/www.quebakan.com\\\/v15\\\/wp-content\\\/uploads\\\/2025\\\/02\\\/JANDREL.jpg\",\"contentUrl\":\"https:\\\/\\\/www.quebakan.com\\\/v15\\\/wp-content\\\/uploads\\\/2025\\\/02\\\/JANDREL.jpg\",\"width\":466,\"height\":700},{\"@type\":\"BreadcrumbList\",\"@id\":\"https:\\\/\\\/www.quebakan.com\\\/v15\\\/jandrel-contacto-cero\\\/#breadcrumb\",\"itemListElement\":[{\"@type\":\"ListItem\",\"position\":1,\"name\":\"Portada\",\"item\":\"https:\\\/\\\/www.quebakan.com\\\/v15\\\/\"},{\"@type\":\"ListItem\",\"position\":2,\"name\":\"JANDREL &#8211; \u00abCONTACTO CERO\u00bb\"}]},{\"@type\":\"WebSite\",\"@id\":\"https:\\\/\\\/www.quebakan.com\\\/v15\\\/#website\",\"url\":\"https:\\\/\\\/www.quebakan.com\\\/v15\\\/\",\"name\":\"QUEBAKAN\",\"description\":\"..\",\"publisher\":{\"@id\":\"https:\\\/\\\/www.quebakan.com\\\/v15\\\/#organization\"},\"potentialAction\":[{\"@type\":\"SearchAction\",\"target\":{\"@type\":\"EntryPoint\",\"urlTemplate\":\"https:\\\/\\\/www.quebakan.com\\\/v15\\\/?s={search_term_string}\"},\"query-input\":{\"@type\":\"PropertyValueSpecification\",\"valueRequired\":true,\"valueName\":\"search_term_string\"}}],\"inLanguage\":\"es\"},{\"@type\":\"Organization\",\"@id\":\"https:\\\/\\\/www.quebakan.com\\\/v15\\\/#organization\",\"name\":\"Quebakan.com\",\"url\":\"https:\\\/\\\/www.quebakan.com\\\/v15\\\/\",\"logo\":{\"@type\":\"ImageObject\",\"inLanguage\":\"es\",\"@id\":\"https:\\\/\\\/www.quebakan.com\\\/v15\\\/#\\\/schema\\\/logo\\\/image\\\/\",\"url\":\"https:\\\/\\\/www.quebakan.com\\\/v15\\\/wp-content\\\/uploads\\\/2023\\\/07\\\/logoquebakanenero2021.jpg\",\"contentUrl\":\"https:\\\/\\\/www.quebakan.com\\\/v15\\\/wp-content\\\/uploads\\\/2023\\\/07\\\/logoquebakanenero2021.jpg\",\"width\":1920,\"height\":1080,\"caption\":\"Quebakan.com\"},\"image\":{\"@id\":\"https:\\\/\\\/www.quebakan.com\\\/v15\\\/#\\\/schema\\\/logo\\\/image\\\/\"},\"sameAs\":[\"http:\\\/\\\/www.facebook.com\\\/quebakan\",\"https:\\\/\\\/x.com\\\/quebakanec\",\"http:\\\/\\\/www.instagram.com\\\/quebakan\",\"http:\\\/\\\/www.youtube.com\\\/quebakan1\"]},{\"@type\":\"Person\",\"@id\":\"https:\\\/\\\/www.quebakan.com\\\/v15\\\/#\\\/schema\\\/person\\\/d90fa9f9cfa81eb8ace9811e5b7b9118\",\"name\":\"Erick Villafuerte\",\"image\":{\"@type\":\"ImageObject\",\"inLanguage\":\"es\",\"@id\":\"https:\\\/\\\/www.quebakan.com\\\/v15\\\/wp-content\\\/uploads\\\/avatars\\\/4\\\/1731297654-bpfull.png\",\"url\":\"https:\\\/\\\/www.quebakan.com\\\/v15\\\/wp-content\\\/uploads\\\/avatars\\\/4\\\/1731297654-bpfull.png\",\"contentUrl\":\"https:\\\/\\\/www.quebakan.com\\\/v15\\\/wp-content\\\/uploads\\\/avatars\\\/4\\\/1731297654-bpfull.png\",\"caption\":\"Erick Villafuerte\"}}]}<\/script>\n<!-- \/ Yoast SEO plugin. -->","yoast_head_json":{"title":"JANDREL - \"CONTACTO CERO\" &#8211; QUEBAKAN.COM 2026: Noticias, Eventos, Conciertos y mucho m\u00e1s....","robots":{"index":"index","follow":"follow","max-snippet":"max-snippet:-1","max-image-preview":"max-image-preview:large","max-video-preview":"max-video-preview:-1"},"canonical":"https:\/\/www.quebakan.com\/v15\/jandrel-contacto-cero\/","og_locale":"es_ES","og_type":"article","og_title":"JANDREL - \"CONTACTO CERO\" &#8211; QUEBAKAN.COM 2026: Noticias, Eventos, Conciertos y mucho m\u00e1s....","og_description":"El cantautor ecuatoriano\u00a0JANDREL\u00a0estren\u00f3 el videoclip de \u201cContacto Cero\u201d, su segundo tema promocional, que encierra un sonido pop urbano y en el que le canta al amor y desamor. La letra y m\u00fasica estuvo a cargo de Jeandry Loor y la producci\u00f3n musical la realiz\u00f3 Makiabelico The Producer. El videoclip ya est\u00e1 en YouTube. Tuvo como [&hellip;]","og_url":"https:\/\/www.quebakan.com\/v15\/jandrel-contacto-cero\/","og_site_name":"QUEBAKAN.COM 2026: Noticias, Eventos, Conciertos y mucho m\u00e1s....","article_publisher":"http:\/\/www.facebook.com\/quebakan","article_published_time":"2025-02-07T21:41:55+00:00","og_image":[{"width":466,"height":700,"url":"https:\/\/www.quebakan.com\/v15\/wp-content\/uploads\/2025\/02\/JANDREL.jpg","type":"image\/jpeg"}],"author":"Erick Villafuerte","twitter_card":"summary_large_image","twitter_creator":"@quebakanec","twitter_site":"@quebakanec","twitter_misc":{"Escrito por":"Erick Villafuerte","Tiempo de lectura":"2 minutos"},"schema":{"@context":"https:\/\/schema.org","@graph":[{"@type":"Article","@id":"https:\/\/www.quebakan.com\/v15\/jandrel-contacto-cero\/#article","isPartOf":{"@id":"https:\/\/www.quebakan.com\/v15\/jandrel-contacto-cero\/"},"author":{"name":"Erick Villafuerte","@id":"https:\/\/www.quebakan.com\/v15\/#\/schema\/person\/d90fa9f9cfa81eb8ace9811e5b7b9118"},"headline":"JANDREL &#8211; \u00abCONTACTO CERO\u00bb","datePublished":"2025-02-07T21:41:55+00:00","mainEntityOfPage":{"@id":"https:\/\/www.quebakan.com\/v15\/jandrel-contacto-cero\/"},"wordCount":364,"publisher":{"@id":"https:\/\/www.quebakan.com\/v15\/#organization"},"image":{"@id":"https:\/\/www.quebakan.com\/v15\/jandrel-contacto-cero\/#primaryimage"},"thumbnailUrl":"https:\/\/www.quebakan.com\/v15\/wp-content\/uploads\/2025\/02\/JANDREL.jpg","articleSection":["M\u00fasica"],"inLanguage":"es"},{"@type":"WebPage","@id":"https:\/\/www.quebakan.com\/v15\/jandrel-contacto-cero\/","url":"https:\/\/www.quebakan.com\/v15\/jandrel-contacto-cero\/","name":"JANDREL - \"CONTACTO CERO\" &#8211; QUEBAKAN.COM 2026: Noticias, Eventos, Conciertos y mucho m\u00e1s....","isPartOf":{"@id":"https:\/\/www.quebakan.com\/v15\/#website"},"primaryImageOfPage":{"@id":"https:\/\/www.quebakan.com\/v15\/jandrel-contacto-cero\/#primaryimage"},"image":{"@id":"https:\/\/www.quebakan.com\/v15\/jandrel-contacto-cero\/#primaryimage"},"thumbnailUrl":"https:\/\/www.quebakan.com\/v15\/wp-content\/uploads\/2025\/02\/JANDREL.jpg","datePublished":"2025-02-07T21:41:55+00:00","breadcrumb":{"@id":"https:\/\/www.quebakan.com\/v15\/jandrel-contacto-cero\/#breadcrumb"},"inLanguage":"es","potentialAction":[{"@type":"ReadAction","target":["https:\/\/www.quebakan.com\/v15\/jandrel-contacto-cero\/"]}]},{"@type":"ImageObject","inLanguage":"es","@id":"https:\/\/www.quebakan.com\/v15\/jandrel-contacto-cero\/#primaryimage","url":"https:\/\/www.quebakan.com\/v15\/wp-content\/uploads\/2025\/02\/JANDREL.jpg","contentUrl":"https:\/\/www.quebakan.com\/v15\/wp-content\/uploads\/2025\/02\/JANDREL.jpg","width":466,"height":700},{"@type":"BreadcrumbList","@id":"https:\/\/www.quebakan.com\/v15\/jandrel-contacto-cero\/#breadcrumb","itemListElement":[{"@type":"ListItem","position":1,"name":"Portada","item":"https:\/\/www.quebakan.com\/v15\/"},{"@type":"ListItem","position":2,"name":"JANDREL &#8211; \u00abCONTACTO CERO\u00bb"}]},{"@type":"WebSite","@id":"https:\/\/www.quebakan.com\/v15\/#website","url":"https:\/\/www.quebakan.com\/v15\/","name":"QUEBAKAN","description":"..","publisher":{"@id":"https:\/\/www.quebakan.com\/v15\/#organization"},"potentialAction":[{"@type":"SearchAction","target":{"@type":"EntryPoint","urlTemplate":"https:\/\/www.quebakan.com\/v15\/?s={search_term_string}"},"query-input":{"@type":"PropertyValueSpecification","valueRequired":true,"valueName":"search_term_string"}}],"inLanguage":"es"},{"@type":"Organization","@id":"https:\/\/www.quebakan.com\/v15\/#organization","name":"Quebakan.com","url":"https:\/\/www.quebakan.com\/v15\/","logo":{"@type":"ImageObject","inLanguage":"es","@id":"https:\/\/www.quebakan.com\/v15\/#\/schema\/logo\/image\/","url":"https:\/\/www.quebakan.com\/v15\/wp-content\/uploads\/2023\/07\/logoquebakanenero2021.jpg","contentUrl":"https:\/\/www.quebakan.com\/v15\/wp-content\/uploads\/2023\/07\/logoquebakanenero2021.jpg","width":1920,"height":1080,"caption":"Quebakan.com"},"image":{"@id":"https:\/\/www.quebakan.com\/v15\/#\/schema\/logo\/image\/"},"sameAs":["http:\/\/www.facebook.com\/quebakan","https:\/\/x.com\/quebakanec","http:\/\/www.instagram.com\/quebakan","http:\/\/www.youtube.com\/quebakan1"]},{"@type":"Person","@id":"https:\/\/www.quebakan.com\/v15\/#\/schema\/person\/d90fa9f9cfa81eb8ace9811e5b7b9118","name":"Erick Villafuerte","image":{"@type":"ImageObject","inLanguage":"es","@id":"https:\/\/www.quebakan.com\/v15\/wp-content\/uploads\/avatars\/4\/1731297654-bpfull.png","url":"https:\/\/www.quebakan.com\/v15\/wp-content\/uploads\/avatars\/4\/1731297654-bpfull.png","contentUrl":"https:\/\/www.quebakan.com\/v15\/wp-content\/uploads\/avatars\/4\/1731297654-bpfull.png","caption":"Erick Villafuerte"}}]}},"_links":{"self":[{"href":"https:\/\/www.quebakan.com\/v15\/wp-json\/wp\/v2\/posts\/128399","targetHints":{"allow":["GET"]}}],"collection":[{"href":"https:\/\/www.quebakan.com\/v15\/wp-json\/wp\/v2\/posts"}],"about":[{"href":"https:\/\/www.quebakan.com\/v15\/wp-json\/wp\/v2\/types\/post"}],"author":[{"embeddable":true,"href":"https:\/\/www.quebakan.com\/v15\/wp-json\/wp\/v2\/users\/4"}],"replies":[{"embeddable":true,"href":"https:\/\/www.quebakan.com\/v15\/wp-json\/wp\/v2\/comments?post=128399"}],"version-history":[{"count":1,"href":"https:\/\/www.quebakan.com\/v15\/wp-json\/wp\/v2\/posts\/128399\/revisions"}],"predecessor-version":[{"id":128403,"href":"https:\/\/www.quebakan.com\/v15\/wp-json\/wp\/v2\/posts\/128399\/revisions\/128403"}],"wp:featuredmedia":[{"embeddable":true,"href":"https:\/\/www.quebakan.com\/v15\/wp-json\/wp\/v2\/media\/128400"}],"wp:attachment":[{"href":"https:\/\/www.quebakan.com\/v15\/wp-json\/wp\/v2\/media?parent=128399"}],"wp:term":[{"taxonomy":"category","embeddable":true,"href":"https:\/\/www.quebakan.com\/v15\/wp-json\/wp\/v2\/categories?post=128399"},{"taxonomy":"post_tag","embeddable":true,"href":"https:\/\/www.quebakan.com\/v15\/wp-json\/wp\/v2\/tags?post=128399"}],"curies":[{"name":"wp","href":"https:\/\/api.w.org\/{rel}","templated":true}]}}