{"id":130471,"date":"2025-04-28T02:25:51","date_gmt":"2025-04-28T07:25:51","guid":{"rendered":"https:\/\/www.quebakan.com\/v15\/?p=130471"},"modified":"2025-04-28T02:25:51","modified_gmt":"2025-04-28T07:25:51","slug":"graiman-refuerza-su-compromiso-con-el-planeta-a-traves-de-practicas-industriales-sostenibles","status":"publish","type":"post","link":"https:\/\/www.quebakan.com\/v15\/graiman-refuerza-su-compromiso-con-el-planeta-a-traves-de-practicas-industriales-sostenibles\/","title":{"rendered":"GRAIMAN REFUERZA SU COMPROMISO CON EL PLANETA A TRAV\u00c9S DE PR\u00c1CTICAS INDUSTRIALES SOSTENIBLES"},"content":{"rendered":"<p><img fetchpriority=\"high\" decoding=\"async\" class=\"aligncenter size-full wp-image-130472\" src=\"https:\/\/www.quebakan.com\/v15\/wp-content\/uploads\/2025\/04\/1.jpg\" alt=\"\" width=\"700\" height=\"525\" \/><\/p>\n<p style=\"text-align: justify;\"><span style=\"color: #000000;\"><em>La empresa ecuatoriana implementa acciones concretas para la eficiencia energ\u00e9tica, la econom\u00eda circular y el uso de tecnolog\u00edas limpias en sus procesos productivos.<\/em><\/span><\/p>\n<p style=\"text-align: justify;\"><span style=\"color: #000000;\"><strong>Cuenca, abril de 2025.- <\/strong>El Grupo Industrial Graiman reafirma su compromiso con el cuidado del planeta mediante un enfoque responsable en la producci\u00f3n y la implementaci\u00f3n de pr\u00e1cticas sostenibles que buscan minimizar su impacto ambiental. Desde una gesti\u00f3n energ\u00e9tica eficiente hasta la inversi\u00f3n en tecnolog\u00edas limpias, la empresa consolida su liderazgo en la industria al integrar sostenibilidad e innovaci\u00f3n en cada etapa de sus operaciones.<\/span><\/p>\n<p style=\"text-align: justify;\"><span style=\"color: #000000;\">Esta visi\u00f3n responde al prop\u00f3sito que gu\u00eda cada decisi\u00f3n de la compa\u00f1\u00eda: \u201cCuidamos lo que amamos porque queremos estar 100 a\u00f1os m\u00e1s\u201d, una declaraci\u00f3n que impulsa a Graiman a desarrollar soluciones que preserven el entorno natural, protejan los recursos y aporten valor a las futuras generaciones.<\/span><\/p>\n<p style=\"text-align: justify;\"><span style=\"color: #000000;\">En este contexto, Graiman ha desarrollado una estrategia integral que contempla la medici\u00f3n, reducci\u00f3n y compensaci\u00f3n de su huella de carbono, as\u00ed como la gesti\u00f3n eficiente de energ\u00eda el\u00e9ctrica y t\u00e9rmica bajo la normativa NTE INEN ISO 50001. Adem\u00e1s, promueve la econom\u00eda circular a trav\u00e9s del reciclaje, la reutilizaci\u00f3n de materiales y el tratamiento de aguas residuales en sus procesos.<\/span><\/p>\n<p style=\"text-align: justify;\"><span style=\"color: #000000;\">\u201cLa sostenibilidad es el motor para impulsar la innovaci\u00f3n con prop\u00f3sito en el Grupo. Estamos comprometidos en construir un legado que prioriza la industria responsable, desde una profunda conciencia ambiental y social que se refleja en acciones de triple impacto en beneficio no solo del negocio, sino tambi\u00e9n de las comunidades y del planeta.\u201d, afirm\u00f3 M\u00f3nica Malo, Presidenta de Responsabilidad Social Empresarial del Grupo Industrial Graiman.<\/span><\/p>\n<p style=\"text-align: justify;\"><span style=\"color: #000000;\">Uno de los ejes clave de esta transformaci\u00f3n es el plan de eficiencia energ\u00e9tica que la empresa ejecuta desde hace varios a\u00f1os, el cual est\u00e1 alineado con los Objetivos de Desarrollo Sostenible, especialmente el ODS 7, que impulsa una energ\u00eda asequible y no contaminante. Entre las principales acciones se destacan:<\/span><\/p>\n<ul style=\"text-align: justify;\">\n<li><span style=\"color: #000000;\">La implementaci\u00f3n de una subestaci\u00f3n el\u00e9ctrica de 69 Kv<\/span><\/li>\n<li><span style=\"color: #000000;\">La inversi\u00f3n continua en generaci\u00f3n hidroel\u00e9ctrica privada desde hace m\u00e1s de seis a\u00f1os.<\/span><\/li>\n<li><span style=\"color: #000000;\">La reutilizaci\u00f3n de gases calientes en los hornos.<\/span><\/li>\n<li><span style=\"color: #000000;\">La instalaci\u00f3n de una planta sat\u00e9lite de almacenamiento y regasificaci\u00f3n de GNL.<\/span><\/li>\n<\/ul>\n<p style=\"text-align: justify;\"><span style=\"color: #000000;\">Graiman tambi\u00e9n aplic\u00f3 al programa de Hidr\u00f3geno Verde impulsado por la Organizaci\u00f3n de las Naciones Unidas para el Desarrollo Industrial (ONUDI) en Ecuador. Gracias a esta iniciativa, el Grupo Industrial Graiman obtuvo fondos no reembolsables para llevar a cabo estudios de factibilidad sobre la implementaci\u00f3n de hidr\u00f3geno limpio, los cuales comenzar\u00e1n en junio de 2025.<\/span><\/p>\n<p style=\"text-align: justify;\"><span style=\"color: #000000;\">A esto se suma la incorporaci\u00f3n de tecnolog\u00eda de \u00faltima generaci\u00f3n en su proceso de rectificaci\u00f3n, migrando de un sistema en h\u00famedo a uno en seco. Esta innovaci\u00f3n ha permitido reducir en un 30% el consumo de agua industrial y disminuir el consumo energ\u00e9tico en un 40% en comparaci\u00f3n con el sistema anterior.<\/span><\/p>\n<p style=\"text-align: justify;\"><span style=\"color: #000000;\">Con una mirada de largo plazo, Graiman sigue avanzando en su compromiso por preservar los recursos naturales y generar un impacto positivo en la sociedad y el entorno.<\/span><\/p>\n<p><img decoding=\"async\" class=\"aligncenter size-full wp-image-130473\" src=\"https:\/\/www.quebakan.com\/v15\/wp-content\/uploads\/2025\/04\/2.-Hornos-de-produccio\u0301n-de-cera\u0301mica-y-porcleanato.jpg\" alt=\"\" width=\"700\" height=\"467\" \/><\/p>\n<p>&nbsp;<\/p>\n<p><img decoding=\"async\" class=\"aligncenter size-full wp-image-130474\" src=\"https:\/\/www.quebakan.com\/v15\/wp-content\/uploads\/2025\/04\/3.-Hornos-de-produccio\u0301n-de-cera\u0301mica-y-porcelanato.jpg\" alt=\"\" width=\"700\" height=\"467\" \/><\/p>\n<p>&nbsp;<\/p>\n<p><img loading=\"lazy\" decoding=\"async\" class=\"aligncenter size-full wp-image-130475\" src=\"https:\/\/www.quebakan.com\/v15\/wp-content\/uploads\/2025\/04\/4-1.jpg\" alt=\"\" width=\"700\" height=\"517\" \/><\/p>\n","protected":false},"excerpt":{"rendered":"<p>La empresa ecuatoriana implementa acciones concretas para la eficiencia energ\u00e9tica, la econom\u00eda circular y el uso de tecnolog\u00edas limpias en sus procesos productivos. Cuenca, abril de 2025.- El Grupo Industrial Graiman reafirma su compromiso con el cuidado del planeta mediante un enfoque responsable en la producci\u00f3n y la implementaci\u00f3n de pr\u00e1cticas sostenibles que buscan minimizar [&hellip;]<\/p>\n","protected":false},"author":4,"featured_media":130472,"comment_status":"closed","ping_status":"closed","sticky":false,"template":"","format":"standard","meta":{"_bbp_topic_count":0,"_bbp_reply_count":0,"_bbp_total_topic_count":0,"_bbp_total_reply_count":0,"_bbp_voice_count":0,"_bbp_anonymous_reply_count":0,"_bbp_topic_count_hidden":0,"_bbp_reply_count_hidden":0,"_bbp_forum_subforum_count":0,"buzzeditor_post_format":"","footnotes":""},"categories":[2],"tags":[],"class_list":["post-130471","post","type-post","status-publish","format-standard","has-post-thumbnail","hentry","category-noticias"],"yoast_head":"<!-- This site is optimized with the Yoast SEO plugin v27.5 - https:\/\/yoast.com\/product\/yoast-seo-wordpress\/ -->\n<title>GRAIMAN REFUERZA SU COMPROMISO CON EL PLANETA A TRAV\u00c9S DE PR\u00c1CTICAS INDUSTRIALES SOSTENIBLES &#8211; QUEBAKAN.COM 2026: Noticias, Eventos, Conciertos y mucho m\u00e1s....<\/title>\n<meta name=\"robots\" content=\"index, follow, max-snippet:-1, max-image-preview:large, max-video-preview:-1\" \/>\n<link rel=\"canonical\" href=\"https:\/\/www.quebakan.com\/v15\/graiman-refuerza-su-compromiso-con-el-planeta-a-traves-de-practicas-industriales-sostenibles\/\" \/>\n<meta property=\"og:locale\" content=\"es_ES\" \/>\n<meta property=\"og:type\" content=\"article\" \/>\n<meta property=\"og:title\" content=\"GRAIMAN REFUERZA SU COMPROMISO CON EL PLANETA A TRAV\u00c9S DE PR\u00c1CTICAS INDUSTRIALES SOSTENIBLES &#8211; QUEBAKAN.COM 2026: Noticias, Eventos, Conciertos y mucho m\u00e1s....\" \/>\n<meta property=\"og:description\" content=\"La empresa ecuatoriana implementa acciones concretas para la eficiencia energ\u00e9tica, la econom\u00eda circular y el uso de tecnolog\u00edas limpias en sus procesos productivos. Cuenca, abril de 2025.- El Grupo Industrial Graiman reafirma su compromiso con el cuidado del planeta mediante un enfoque responsable en la producci\u00f3n y la implementaci\u00f3n de pr\u00e1cticas sostenibles que buscan minimizar [&hellip;]\" \/>\n<meta property=\"og:url\" content=\"https:\/\/www.quebakan.com\/v15\/graiman-refuerza-su-compromiso-con-el-planeta-a-traves-de-practicas-industriales-sostenibles\/\" \/>\n<meta property=\"og:site_name\" content=\"QUEBAKAN.COM 2026: Noticias, Eventos, Conciertos y mucho m\u00e1s....\" \/>\n<meta property=\"article:publisher\" content=\"http:\/\/www.facebook.com\/quebakan\" \/>\n<meta property=\"article:published_time\" content=\"2025-04-28T07:25:51+00:00\" \/>\n<meta property=\"og:image\" content=\"https:\/\/www.quebakan.com\/v15\/wp-content\/uploads\/2025\/04\/1.jpg\" \/>\n\t<meta property=\"og:image:width\" content=\"700\" \/>\n\t<meta property=\"og:image:height\" content=\"525\" \/>\n\t<meta property=\"og:image:type\" content=\"image\/jpeg\" \/>\n<meta name=\"author\" content=\"Erick Villafuerte\" \/>\n<meta name=\"twitter:card\" content=\"summary_large_image\" \/>\n<meta name=\"twitter:creator\" content=\"@quebakanec\" \/>\n<meta name=\"twitter:site\" content=\"@quebakanec\" \/>\n<meta name=\"twitter:label1\" content=\"Escrito por\" \/>\n\t<meta name=\"twitter:data1\" content=\"Erick Villafuerte\" \/>\n\t<meta name=\"twitter:label2\" content=\"Tiempo de lectura\" \/>\n\t<meta name=\"twitter:data2\" content=\"4 minutos\" \/>\n<script type=\"application\/ld+json\" class=\"yoast-schema-graph\">{\"@context\":\"https:\\\/\\\/schema.org\",\"@graph\":[{\"@type\":\"Article\",\"@id\":\"https:\\\/\\\/www.quebakan.com\\\/v15\\\/graiman-refuerza-su-compromiso-con-el-planeta-a-traves-de-practicas-industriales-sostenibles\\\/#article\",\"isPartOf\":{\"@id\":\"https:\\\/\\\/www.quebakan.com\\\/v15\\\/graiman-refuerza-su-compromiso-con-el-planeta-a-traves-de-practicas-industriales-sostenibles\\\/\"},\"author\":{\"name\":\"Erick Villafuerte\",\"@id\":\"https:\\\/\\\/www.quebakan.com\\\/v15\\\/#\\\/schema\\\/person\\\/d90fa9f9cfa81eb8ace9811e5b7b9118\"},\"headline\":\"GRAIMAN REFUERZA SU COMPROMISO CON EL PLANETA A TRAV\u00c9S DE PR\u00c1CTICAS INDUSTRIALES SOSTENIBLES\",\"datePublished\":\"2025-04-28T07:25:51+00:00\",\"mainEntityOfPage\":{\"@id\":\"https:\\\/\\\/www.quebakan.com\\\/v15\\\/graiman-refuerza-su-compromiso-con-el-planeta-a-traves-de-practicas-industriales-sostenibles\\\/\"},\"wordCount\":562,\"publisher\":{\"@id\":\"https:\\\/\\\/www.quebakan.com\\\/v15\\\/#organization\"},\"image\":{\"@id\":\"https:\\\/\\\/www.quebakan.com\\\/v15\\\/graiman-refuerza-su-compromiso-con-el-planeta-a-traves-de-practicas-industriales-sostenibles\\\/#primaryimage\"},\"thumbnailUrl\":\"https:\\\/\\\/www.quebakan.com\\\/v15\\\/wp-content\\\/uploads\\\/2025\\\/04\\\/1.jpg\",\"articleSection\":[\"Noticias\"],\"inLanguage\":\"es\"},{\"@type\":\"WebPage\",\"@id\":\"https:\\\/\\\/www.quebakan.com\\\/v15\\\/graiman-refuerza-su-compromiso-con-el-planeta-a-traves-de-practicas-industriales-sostenibles\\\/\",\"url\":\"https:\\\/\\\/www.quebakan.com\\\/v15\\\/graiman-refuerza-su-compromiso-con-el-planeta-a-traves-de-practicas-industriales-sostenibles\\\/\",\"name\":\"GRAIMAN REFUERZA SU COMPROMISO CON EL PLANETA A TRAV\u00c9S DE PR\u00c1CTICAS INDUSTRIALES SOSTENIBLES &#8211; QUEBAKAN.COM 2026: Noticias, Eventos, Conciertos y mucho m\u00e1s....\",\"isPartOf\":{\"@id\":\"https:\\\/\\\/www.quebakan.com\\\/v15\\\/#website\"},\"primaryImageOfPage\":{\"@id\":\"https:\\\/\\\/www.quebakan.com\\\/v15\\\/graiman-refuerza-su-compromiso-con-el-planeta-a-traves-de-practicas-industriales-sostenibles\\\/#primaryimage\"},\"image\":{\"@id\":\"https:\\\/\\\/www.quebakan.com\\\/v15\\\/graiman-refuerza-su-compromiso-con-el-planeta-a-traves-de-practicas-industriales-sostenibles\\\/#primaryimage\"},\"thumbnailUrl\":\"https:\\\/\\\/www.quebakan.com\\\/v15\\\/wp-content\\\/uploads\\\/2025\\\/04\\\/1.jpg\",\"datePublished\":\"2025-04-28T07:25:51+00:00\",\"breadcrumb\":{\"@id\":\"https:\\\/\\\/www.quebakan.com\\\/v15\\\/graiman-refuerza-su-compromiso-con-el-planeta-a-traves-de-practicas-industriales-sostenibles\\\/#breadcrumb\"},\"inLanguage\":\"es\",\"potentialAction\":[{\"@type\":\"ReadAction\",\"target\":[\"https:\\\/\\\/www.quebakan.com\\\/v15\\\/graiman-refuerza-su-compromiso-con-el-planeta-a-traves-de-practicas-industriales-sostenibles\\\/\"]}]},{\"@type\":\"ImageObject\",\"inLanguage\":\"es\",\"@id\":\"https:\\\/\\\/www.quebakan.com\\\/v15\\\/graiman-refuerza-su-compromiso-con-el-planeta-a-traves-de-practicas-industriales-sostenibles\\\/#primaryimage\",\"url\":\"https:\\\/\\\/www.quebakan.com\\\/v15\\\/wp-content\\\/uploads\\\/2025\\\/04\\\/1.jpg\",\"contentUrl\":\"https:\\\/\\\/www.quebakan.com\\\/v15\\\/wp-content\\\/uploads\\\/2025\\\/04\\\/1.jpg\",\"width\":700,\"height\":525},{\"@type\":\"BreadcrumbList\",\"@id\":\"https:\\\/\\\/www.quebakan.com\\\/v15\\\/graiman-refuerza-su-compromiso-con-el-planeta-a-traves-de-practicas-industriales-sostenibles\\\/#breadcrumb\",\"itemListElement\":[{\"@type\":\"ListItem\",\"position\":1,\"name\":\"Portada\",\"item\":\"https:\\\/\\\/www.quebakan.com\\\/v15\\\/\"},{\"@type\":\"ListItem\",\"position\":2,\"name\":\"GRAIMAN REFUERZA SU COMPROMISO CON EL PLANETA A TRAV\u00c9S DE PR\u00c1CTICAS INDUSTRIALES SOSTENIBLES\"}]},{\"@type\":\"WebSite\",\"@id\":\"https:\\\/\\\/www.quebakan.com\\\/v15\\\/#website\",\"url\":\"https:\\\/\\\/www.quebakan.com\\\/v15\\\/\",\"name\":\"QUEBAKAN\",\"description\":\"..\",\"publisher\":{\"@id\":\"https:\\\/\\\/www.quebakan.com\\\/v15\\\/#organization\"},\"potentialAction\":[{\"@type\":\"SearchAction\",\"target\":{\"@type\":\"EntryPoint\",\"urlTemplate\":\"https:\\\/\\\/www.quebakan.com\\\/v15\\\/?s={search_term_string}\"},\"query-input\":{\"@type\":\"PropertyValueSpecification\",\"valueRequired\":true,\"valueName\":\"search_term_string\"}}],\"inLanguage\":\"es\"},{\"@type\":\"Organization\",\"@id\":\"https:\\\/\\\/www.quebakan.com\\\/v15\\\/#organization\",\"name\":\"Quebakan.com\",\"url\":\"https:\\\/\\\/www.quebakan.com\\\/v15\\\/\",\"logo\":{\"@type\":\"ImageObject\",\"inLanguage\":\"es\",\"@id\":\"https:\\\/\\\/www.quebakan.com\\\/v15\\\/#\\\/schema\\\/logo\\\/image\\\/\",\"url\":\"https:\\\/\\\/www.quebakan.com\\\/v15\\\/wp-content\\\/uploads\\\/2023\\\/07\\\/logoquebakanenero2021.jpg\",\"contentUrl\":\"https:\\\/\\\/www.quebakan.com\\\/v15\\\/wp-content\\\/uploads\\\/2023\\\/07\\\/logoquebakanenero2021.jpg\",\"width\":1920,\"height\":1080,\"caption\":\"Quebakan.com\"},\"image\":{\"@id\":\"https:\\\/\\\/www.quebakan.com\\\/v15\\\/#\\\/schema\\\/logo\\\/image\\\/\"},\"sameAs\":[\"http:\\\/\\\/www.facebook.com\\\/quebakan\",\"https:\\\/\\\/x.com\\\/quebakanec\",\"http:\\\/\\\/www.instagram.com\\\/quebakan\",\"http:\\\/\\\/www.youtube.com\\\/quebakan1\"]},{\"@type\":\"Person\",\"@id\":\"https:\\\/\\\/www.quebakan.com\\\/v15\\\/#\\\/schema\\\/person\\\/d90fa9f9cfa81eb8ace9811e5b7b9118\",\"name\":\"Erick Villafuerte\",\"image\":{\"@type\":\"ImageObject\",\"inLanguage\":\"es\",\"@id\":\"https:\\\/\\\/www.quebakan.com\\\/v15\\\/wp-content\\\/uploads\\\/avatars\\\/4\\\/1731297654-bpfull.png\",\"url\":\"https:\\\/\\\/www.quebakan.com\\\/v15\\\/wp-content\\\/uploads\\\/avatars\\\/4\\\/1731297654-bpfull.png\",\"contentUrl\":\"https:\\\/\\\/www.quebakan.com\\\/v15\\\/wp-content\\\/uploads\\\/avatars\\\/4\\\/1731297654-bpfull.png\",\"caption\":\"Erick Villafuerte\"}}]}<\/script>\n<!-- \/ Yoast SEO plugin. -->","yoast_head_json":{"title":"GRAIMAN REFUERZA SU COMPROMISO CON EL PLANETA A TRAV\u00c9S DE PR\u00c1CTICAS INDUSTRIALES SOSTENIBLES &#8211; QUEBAKAN.COM 2026: Noticias, Eventos, Conciertos y mucho m\u00e1s....","robots":{"index":"index","follow":"follow","max-snippet":"max-snippet:-1","max-image-preview":"max-image-preview:large","max-video-preview":"max-video-preview:-1"},"canonical":"https:\/\/www.quebakan.com\/v15\/graiman-refuerza-su-compromiso-con-el-planeta-a-traves-de-practicas-industriales-sostenibles\/","og_locale":"es_ES","og_type":"article","og_title":"GRAIMAN REFUERZA SU COMPROMISO CON EL PLANETA A TRAV\u00c9S DE PR\u00c1CTICAS INDUSTRIALES SOSTENIBLES &#8211; QUEBAKAN.COM 2026: Noticias, Eventos, Conciertos y mucho m\u00e1s....","og_description":"La empresa ecuatoriana implementa acciones concretas para la eficiencia energ\u00e9tica, la econom\u00eda circular y el uso de tecnolog\u00edas limpias en sus procesos productivos. Cuenca, abril de 2025.- El Grupo Industrial Graiman reafirma su compromiso con el cuidado del planeta mediante un enfoque responsable en la producci\u00f3n y la implementaci\u00f3n de pr\u00e1cticas sostenibles que buscan minimizar [&hellip;]","og_url":"https:\/\/www.quebakan.com\/v15\/graiman-refuerza-su-compromiso-con-el-planeta-a-traves-de-practicas-industriales-sostenibles\/","og_site_name":"QUEBAKAN.COM 2026: Noticias, Eventos, Conciertos y mucho m\u00e1s....","article_publisher":"http:\/\/www.facebook.com\/quebakan","article_published_time":"2025-04-28T07:25:51+00:00","og_image":[{"width":700,"height":525,"url":"https:\/\/www.quebakan.com\/v15\/wp-content\/uploads\/2025\/04\/1.jpg","type":"image\/jpeg"}],"author":"Erick Villafuerte","twitter_card":"summary_large_image","twitter_creator":"@quebakanec","twitter_site":"@quebakanec","twitter_misc":{"Escrito por":"Erick Villafuerte","Tiempo de lectura":"4 minutos"},"schema":{"@context":"https:\/\/schema.org","@graph":[{"@type":"Article","@id":"https:\/\/www.quebakan.com\/v15\/graiman-refuerza-su-compromiso-con-el-planeta-a-traves-de-practicas-industriales-sostenibles\/#article","isPartOf":{"@id":"https:\/\/www.quebakan.com\/v15\/graiman-refuerza-su-compromiso-con-el-planeta-a-traves-de-practicas-industriales-sostenibles\/"},"author":{"name":"Erick Villafuerte","@id":"https:\/\/www.quebakan.com\/v15\/#\/schema\/person\/d90fa9f9cfa81eb8ace9811e5b7b9118"},"headline":"GRAIMAN REFUERZA SU COMPROMISO CON EL PLANETA A TRAV\u00c9S DE PR\u00c1CTICAS INDUSTRIALES SOSTENIBLES","datePublished":"2025-04-28T07:25:51+00:00","mainEntityOfPage":{"@id":"https:\/\/www.quebakan.com\/v15\/graiman-refuerza-su-compromiso-con-el-planeta-a-traves-de-practicas-industriales-sostenibles\/"},"wordCount":562,"publisher":{"@id":"https:\/\/www.quebakan.com\/v15\/#organization"},"image":{"@id":"https:\/\/www.quebakan.com\/v15\/graiman-refuerza-su-compromiso-con-el-planeta-a-traves-de-practicas-industriales-sostenibles\/#primaryimage"},"thumbnailUrl":"https:\/\/www.quebakan.com\/v15\/wp-content\/uploads\/2025\/04\/1.jpg","articleSection":["Noticias"],"inLanguage":"es"},{"@type":"WebPage","@id":"https:\/\/www.quebakan.com\/v15\/graiman-refuerza-su-compromiso-con-el-planeta-a-traves-de-practicas-industriales-sostenibles\/","url":"https:\/\/www.quebakan.com\/v15\/graiman-refuerza-su-compromiso-con-el-planeta-a-traves-de-practicas-industriales-sostenibles\/","name":"GRAIMAN REFUERZA SU COMPROMISO CON EL PLANETA A TRAV\u00c9S DE PR\u00c1CTICAS INDUSTRIALES SOSTENIBLES &#8211; QUEBAKAN.COM 2026: Noticias, Eventos, Conciertos y mucho m\u00e1s....","isPartOf":{"@id":"https:\/\/www.quebakan.com\/v15\/#website"},"primaryImageOfPage":{"@id":"https:\/\/www.quebakan.com\/v15\/graiman-refuerza-su-compromiso-con-el-planeta-a-traves-de-practicas-industriales-sostenibles\/#primaryimage"},"image":{"@id":"https:\/\/www.quebakan.com\/v15\/graiman-refuerza-su-compromiso-con-el-planeta-a-traves-de-practicas-industriales-sostenibles\/#primaryimage"},"thumbnailUrl":"https:\/\/www.quebakan.com\/v15\/wp-content\/uploads\/2025\/04\/1.jpg","datePublished":"2025-04-28T07:25:51+00:00","breadcrumb":{"@id":"https:\/\/www.quebakan.com\/v15\/graiman-refuerza-su-compromiso-con-el-planeta-a-traves-de-practicas-industriales-sostenibles\/#breadcrumb"},"inLanguage":"es","potentialAction":[{"@type":"ReadAction","target":["https:\/\/www.quebakan.com\/v15\/graiman-refuerza-su-compromiso-con-el-planeta-a-traves-de-practicas-industriales-sostenibles\/"]}]},{"@type":"ImageObject","inLanguage":"es","@id":"https:\/\/www.quebakan.com\/v15\/graiman-refuerza-su-compromiso-con-el-planeta-a-traves-de-practicas-industriales-sostenibles\/#primaryimage","url":"https:\/\/www.quebakan.com\/v15\/wp-content\/uploads\/2025\/04\/1.jpg","contentUrl":"https:\/\/www.quebakan.com\/v15\/wp-content\/uploads\/2025\/04\/1.jpg","width":700,"height":525},{"@type":"BreadcrumbList","@id":"https:\/\/www.quebakan.com\/v15\/graiman-refuerza-su-compromiso-con-el-planeta-a-traves-de-practicas-industriales-sostenibles\/#breadcrumb","itemListElement":[{"@type":"ListItem","position":1,"name":"Portada","item":"https:\/\/www.quebakan.com\/v15\/"},{"@type":"ListItem","position":2,"name":"GRAIMAN REFUERZA SU COMPROMISO CON EL PLANETA A TRAV\u00c9S DE PR\u00c1CTICAS INDUSTRIALES SOSTENIBLES"}]},{"@type":"WebSite","@id":"https:\/\/www.quebakan.com\/v15\/#website","url":"https:\/\/www.quebakan.com\/v15\/","name":"QUEBAKAN","description":"..","publisher":{"@id":"https:\/\/www.quebakan.com\/v15\/#organization"},"potentialAction":[{"@type":"SearchAction","target":{"@type":"EntryPoint","urlTemplate":"https:\/\/www.quebakan.com\/v15\/?s={search_term_string}"},"query-input":{"@type":"PropertyValueSpecification","valueRequired":true,"valueName":"search_term_string"}}],"inLanguage":"es"},{"@type":"Organization","@id":"https:\/\/www.quebakan.com\/v15\/#organization","name":"Quebakan.com","url":"https:\/\/www.quebakan.com\/v15\/","logo":{"@type":"ImageObject","inLanguage":"es","@id":"https:\/\/www.quebakan.com\/v15\/#\/schema\/logo\/image\/","url":"https:\/\/www.quebakan.com\/v15\/wp-content\/uploads\/2023\/07\/logoquebakanenero2021.jpg","contentUrl":"https:\/\/www.quebakan.com\/v15\/wp-content\/uploads\/2023\/07\/logoquebakanenero2021.jpg","width":1920,"height":1080,"caption":"Quebakan.com"},"image":{"@id":"https:\/\/www.quebakan.com\/v15\/#\/schema\/logo\/image\/"},"sameAs":["http:\/\/www.facebook.com\/quebakan","https:\/\/x.com\/quebakanec","http:\/\/www.instagram.com\/quebakan","http:\/\/www.youtube.com\/quebakan1"]},{"@type":"Person","@id":"https:\/\/www.quebakan.com\/v15\/#\/schema\/person\/d90fa9f9cfa81eb8ace9811e5b7b9118","name":"Erick Villafuerte","image":{"@type":"ImageObject","inLanguage":"es","@id":"https:\/\/www.quebakan.com\/v15\/wp-content\/uploads\/avatars\/4\/1731297654-bpfull.png","url":"https:\/\/www.quebakan.com\/v15\/wp-content\/uploads\/avatars\/4\/1731297654-bpfull.png","contentUrl":"https:\/\/www.quebakan.com\/v15\/wp-content\/uploads\/avatars\/4\/1731297654-bpfull.png","caption":"Erick Villafuerte"}}]}},"_links":{"self":[{"href":"https:\/\/www.quebakan.com\/v15\/wp-json\/wp\/v2\/posts\/130471","targetHints":{"allow":["GET"]}}],"collection":[{"href":"https:\/\/www.quebakan.com\/v15\/wp-json\/wp\/v2\/posts"}],"about":[{"href":"https:\/\/www.quebakan.com\/v15\/wp-json\/wp\/v2\/types\/post"}],"author":[{"embeddable":true,"href":"https:\/\/www.quebakan.com\/v15\/wp-json\/wp\/v2\/users\/4"}],"replies":[{"embeddable":true,"href":"https:\/\/www.quebakan.com\/v15\/wp-json\/wp\/v2\/comments?post=130471"}],"version-history":[{"count":1,"href":"https:\/\/www.quebakan.com\/v15\/wp-json\/wp\/v2\/posts\/130471\/revisions"}],"predecessor-version":[{"id":130476,"href":"https:\/\/www.quebakan.com\/v15\/wp-json\/wp\/v2\/posts\/130471\/revisions\/130476"}],"wp:featuredmedia":[{"embeddable":true,"href":"https:\/\/www.quebakan.com\/v15\/wp-json\/wp\/v2\/media\/130472"}],"wp:attachment":[{"href":"https:\/\/www.quebakan.com\/v15\/wp-json\/wp\/v2\/media?parent=130471"}],"wp:term":[{"taxonomy":"category","embeddable":true,"href":"https:\/\/www.quebakan.com\/v15\/wp-json\/wp\/v2\/categories?post=130471"},{"taxonomy":"post_tag","embeddable":true,"href":"https:\/\/www.quebakan.com\/v15\/wp-json\/wp\/v2\/tags?post=130471"}],"curies":[{"name":"wp","href":"https:\/\/api.w.org\/{rel}","templated":true}]}}