{"id":131668,"date":"2025-06-04T01:57:44","date_gmt":"2025-06-04T06:57:44","guid":{"rendered":"https:\/\/www.quebakan.com\/v15\/?p=131668"},"modified":"2025-06-04T01:57:44","modified_gmt":"2025-06-04T06:57:44","slug":"aje-ecuador-celebro-el-dia-de-la-madre-con-el-foro-de-madres-empresarias-innovacion-y-liderazgo-sostenible","status":"publish","type":"post","link":"https:\/\/www.quebakan.com\/v15\/aje-ecuador-celebro-el-dia-de-la-madre-con-el-foro-de-madres-empresarias-innovacion-y-liderazgo-sostenible\/","title":{"rendered":"AJE Ecuador celebr\u00f3 el D\u00eda de la Madre con el Foro de Madres Empresarias: Innovaci\u00f3n y Liderazgo Sostenible"},"content":{"rendered":"<p><img fetchpriority=\"high\" decoding=\"async\" class=\"aligncenter size-full wp-image-131669\" src=\"https:\/\/www.quebakan.com\/v15\/wp-content\/uploads\/2025\/06\/WhatsApp-Image-2025-05-27-at-7.13.47-PM.jpg\" alt=\"\" width=\"700\" height=\"466\" \/><\/p>\n<p style=\"text-align: center;\"><span style=\"color: #000000;\"><strong><em>En la foto: <\/em><\/strong><em>directivos y miembros de AJE Ecuador.<\/em><\/span><\/p>\n<ul style=\"text-align: justify;\">\n<li><span style=\"color: #000000;\"><em>Los eventos se realizaron en Quito y Guayaquil.<\/em><\/span><\/li>\n<\/ul>\n<p style=\"text-align: justify;\"><span style=\"color: #000000;\"><strong>Ecuador, mayo 2025.-<\/strong> La Asociaci\u00f3n de J\u00f3venes Empresarios del Ecuador (AJE Ecuador) conmemor\u00f3 el D\u00eda de la Madre con dos ediciones especiales del Foro de Madres Empresarias: Innovaci\u00f3n y Liderazgo Sostenible, realizadas en las ciudades de Quito y Guayaquil los d\u00edas 21 y 22 de mayo respectivamente.<\/span><\/p>\n<p style=\"text-align: justify;\"><span style=\"color: #000000;\">El evento fue una emotiva celebraci\u00f3n del rol de la mujer como madre y l\u00edder empresarial, y destac\u00f3 los desaf\u00edos, aprendizajes y aportes de quienes combinan la maternidad con el liderazgo de negocios en el pa\u00eds.<\/span><\/p>\n<p style=\"text-align: justify;\"><span style=\"color: #000000;\">En Quito, la jornada cont\u00f3 con la participaci\u00f3n especial de Mar\u00eda Paulina Romo, CEO de Grupo Entregas, representante oficial de FedEx en Ecuador. Durante su intervenci\u00f3n, Romo abord\u00f3 temas como la Ley de Emprendimiento, el impacto de los gremios en la pol\u00edtica p\u00fablica y la importancia de fortalecer las redes de contacto a trav\u00e9s del networking. Su mensaje destac\u00f3 el rol clave de las mujeres en la construcci\u00f3n de un ecosistema empresarial m\u00e1s equitativo, colaborativo y orientado al futuro.<\/span><\/p>\n<p><img decoding=\"async\" class=\"aligncenter size-full wp-image-131670\" src=\"https:\/\/www.quebakan.com\/v15\/wp-content\/uploads\/2025\/06\/DDS-aje-8399.jpg\" alt=\"\" width=\"700\" height=\"467\" \/><\/p>\n<p style=\"text-align: justify;\"><span style=\"color: #000000;\"><strong><em>En la foto:<\/em><\/strong><em> Ricardo Moreira, Gabriela Soria, V\u00edctor Hern\u00e1ndez, Mar\u00eda Jos\u00e9 Jaramillo, Gina Mac\u00edas y Gabriela Delgado.<\/em><\/span><\/p>\n<p style=\"text-align: justify;\"><span style=\"color: #000000;\">Por su parte, en Guayaquil, la invitada principal fue Mar\u00eda Jos\u00e9 Jaramillo, gerente de la divisi\u00f3n de empaques del Grupo Papelesa, quien ofreci\u00f3 una reflexi\u00f3n inspiradora sobre el equilibrio entre la maternidad y el liderazgo empresarial. Jaramillo afirm\u00f3 que la maternidad no limita, sino que potencia el liderazgo, subrayando que el verdadero legado de una empresaria est\u00e1 en la transformaci\u00f3n positiva de su entorno, a trav\u00e9s de la empat\u00eda, la creatividad y el prop\u00f3sito.<\/span><\/p>\n<p style=\"text-align: justify;\"><span style=\"color: #000000;\">Ambos encuentros reunieron a socios de AJE, empresarios invitados y aliados estrat\u00e9gicos, generando espacios de aprendizaje, conexiones valiosas y reconocimiento al compromiso de las madres empresarias que lideran con pasi\u00f3n y visi\u00f3n.<\/span><\/p>\n<p style=\"text-align: justify;\"><span style=\"color: #000000;\">Con estas iniciativas, AJE Ecuador reafirma su compromiso con el impulso de espacios que conecten, inspiren y visibilicen el impacto positivo de sus socios en la econom\u00eda nacional, promoviendo un tejido empresarial m\u00e1s humano y sostenible.<\/span><\/p>\n","protected":false},"excerpt":{"rendered":"<p>En la foto: directivos y miembros de AJE Ecuador. Los eventos se realizaron en Quito y Guayaquil. Ecuador, mayo 2025.- La Asociaci\u00f3n de J\u00f3venes Empresarios del Ecuador (AJE Ecuador) conmemor\u00f3 el D\u00eda de la Madre con dos ediciones especiales del Foro de Madres Empresarias: Innovaci\u00f3n y Liderazgo Sostenible, realizadas en las ciudades de Quito y [&hellip;]<\/p>\n","protected":false},"author":4,"featured_media":131670,"comment_status":"closed","ping_status":"closed","sticky":false,"template":"","format":"standard","meta":{"_bbp_topic_count":0,"_bbp_reply_count":0,"_bbp_total_topic_count":0,"_bbp_total_reply_count":0,"_bbp_voice_count":0,"_bbp_anonymous_reply_count":0,"_bbp_topic_count_hidden":0,"_bbp_reply_count_hidden":0,"_bbp_forum_subforum_count":0,"buzzeditor_post_format":"","footnotes":""},"categories":[2],"tags":[],"class_list":["post-131668","post","type-post","status-publish","format-standard","has-post-thumbnail","hentry","category-noticias"],"yoast_head":"<!-- This site is optimized with the Yoast SEO plugin v27.5 - https:\/\/yoast.com\/product\/yoast-seo-wordpress\/ -->\n<title>AJE Ecuador celebr\u00f3 el D\u00eda de la Madre con el Foro de Madres Empresarias: Innovaci\u00f3n y Liderazgo Sostenible &#8211; QUEBAKAN.COM 2026: Noticias, Eventos, Conciertos y mucho m\u00e1s....<\/title>\n<meta name=\"robots\" content=\"index, follow, max-snippet:-1, max-image-preview:large, max-video-preview:-1\" \/>\n<link rel=\"canonical\" href=\"https:\/\/www.quebakan.com\/v15\/aje-ecuador-celebro-el-dia-de-la-madre-con-el-foro-de-madres-empresarias-innovacion-y-liderazgo-sostenible\/\" \/>\n<meta property=\"og:locale\" content=\"es_ES\" \/>\n<meta property=\"og:type\" content=\"article\" \/>\n<meta property=\"og:title\" content=\"AJE Ecuador celebr\u00f3 el D\u00eda de la Madre con el Foro de Madres Empresarias: Innovaci\u00f3n y Liderazgo Sostenible &#8211; QUEBAKAN.COM 2026: Noticias, Eventos, Conciertos y mucho m\u00e1s....\" \/>\n<meta property=\"og:description\" content=\"En la foto: directivos y miembros de AJE Ecuador. Los eventos se realizaron en Quito y Guayaquil. Ecuador, mayo 2025.- La Asociaci\u00f3n de J\u00f3venes Empresarios del Ecuador (AJE Ecuador) conmemor\u00f3 el D\u00eda de la Madre con dos ediciones especiales del Foro de Madres Empresarias: Innovaci\u00f3n y Liderazgo Sostenible, realizadas en las ciudades de Quito y [&hellip;]\" \/>\n<meta property=\"og:url\" content=\"https:\/\/www.quebakan.com\/v15\/aje-ecuador-celebro-el-dia-de-la-madre-con-el-foro-de-madres-empresarias-innovacion-y-liderazgo-sostenible\/\" \/>\n<meta property=\"og:site_name\" content=\"QUEBAKAN.COM 2026: Noticias, Eventos, Conciertos y mucho m\u00e1s....\" \/>\n<meta property=\"article:publisher\" content=\"http:\/\/www.facebook.com\/quebakan\" \/>\n<meta property=\"article:published_time\" content=\"2025-06-04T06:57:44+00:00\" \/>\n<meta property=\"og:image\" content=\"https:\/\/www.quebakan.com\/v15\/wp-content\/uploads\/2025\/06\/DDS-aje-8399.jpg\" \/>\n\t<meta property=\"og:image:width\" content=\"700\" \/>\n\t<meta property=\"og:image:height\" content=\"467\" \/>\n\t<meta property=\"og:image:type\" content=\"image\/jpeg\" \/>\n<meta name=\"author\" content=\"Erick Villafuerte\" \/>\n<meta name=\"twitter:card\" content=\"summary_large_image\" \/>\n<meta name=\"twitter:creator\" content=\"@quebakanec\" \/>\n<meta name=\"twitter:site\" content=\"@quebakanec\" \/>\n<meta name=\"twitter:label1\" content=\"Escrito por\" \/>\n\t<meta name=\"twitter:data1\" content=\"Erick Villafuerte\" \/>\n\t<meta name=\"twitter:label2\" content=\"Tiempo de lectura\" \/>\n\t<meta name=\"twitter:data2\" content=\"3 minutos\" \/>\n<script type=\"application\/ld+json\" class=\"yoast-schema-graph\">{\"@context\":\"https:\\\/\\\/schema.org\",\"@graph\":[{\"@type\":\"Article\",\"@id\":\"https:\\\/\\\/www.quebakan.com\\\/v15\\\/aje-ecuador-celebro-el-dia-de-la-madre-con-el-foro-de-madres-empresarias-innovacion-y-liderazgo-sostenible\\\/#article\",\"isPartOf\":{\"@id\":\"https:\\\/\\\/www.quebakan.com\\\/v15\\\/aje-ecuador-celebro-el-dia-de-la-madre-con-el-foro-de-madres-empresarias-innovacion-y-liderazgo-sostenible\\\/\"},\"author\":{\"name\":\"Erick Villafuerte\",\"@id\":\"https:\\\/\\\/www.quebakan.com\\\/v15\\\/#\\\/schema\\\/person\\\/d90fa9f9cfa81eb8ace9811e5b7b9118\"},\"headline\":\"AJE Ecuador celebr\u00f3 el D\u00eda de la Madre con el Foro de Madres Empresarias: Innovaci\u00f3n y Liderazgo Sostenible\",\"datePublished\":\"2025-06-04T06:57:44+00:00\",\"mainEntityOfPage\":{\"@id\":\"https:\\\/\\\/www.quebakan.com\\\/v15\\\/aje-ecuador-celebro-el-dia-de-la-madre-con-el-foro-de-madres-empresarias-innovacion-y-liderazgo-sostenible\\\/\"},\"wordCount\":389,\"publisher\":{\"@id\":\"https:\\\/\\\/www.quebakan.com\\\/v15\\\/#organization\"},\"image\":{\"@id\":\"https:\\\/\\\/www.quebakan.com\\\/v15\\\/aje-ecuador-celebro-el-dia-de-la-madre-con-el-foro-de-madres-empresarias-innovacion-y-liderazgo-sostenible\\\/#primaryimage\"},\"thumbnailUrl\":\"https:\\\/\\\/www.quebakan.com\\\/v15\\\/wp-content\\\/uploads\\\/2025\\\/06\\\/DDS-aje-8399.jpg\",\"articleSection\":[\"Noticias\"],\"inLanguage\":\"es\"},{\"@type\":\"WebPage\",\"@id\":\"https:\\\/\\\/www.quebakan.com\\\/v15\\\/aje-ecuador-celebro-el-dia-de-la-madre-con-el-foro-de-madres-empresarias-innovacion-y-liderazgo-sostenible\\\/\",\"url\":\"https:\\\/\\\/www.quebakan.com\\\/v15\\\/aje-ecuador-celebro-el-dia-de-la-madre-con-el-foro-de-madres-empresarias-innovacion-y-liderazgo-sostenible\\\/\",\"name\":\"AJE Ecuador celebr\u00f3 el D\u00eda de la Madre con el Foro de Madres Empresarias: Innovaci\u00f3n y Liderazgo Sostenible &#8211; QUEBAKAN.COM 2026: Noticias, Eventos, Conciertos y mucho m\u00e1s....\",\"isPartOf\":{\"@id\":\"https:\\\/\\\/www.quebakan.com\\\/v15\\\/#website\"},\"primaryImageOfPage\":{\"@id\":\"https:\\\/\\\/www.quebakan.com\\\/v15\\\/aje-ecuador-celebro-el-dia-de-la-madre-con-el-foro-de-madres-empresarias-innovacion-y-liderazgo-sostenible\\\/#primaryimage\"},\"image\":{\"@id\":\"https:\\\/\\\/www.quebakan.com\\\/v15\\\/aje-ecuador-celebro-el-dia-de-la-madre-con-el-foro-de-madres-empresarias-innovacion-y-liderazgo-sostenible\\\/#primaryimage\"},\"thumbnailUrl\":\"https:\\\/\\\/www.quebakan.com\\\/v15\\\/wp-content\\\/uploads\\\/2025\\\/06\\\/DDS-aje-8399.jpg\",\"datePublished\":\"2025-06-04T06:57:44+00:00\",\"breadcrumb\":{\"@id\":\"https:\\\/\\\/www.quebakan.com\\\/v15\\\/aje-ecuador-celebro-el-dia-de-la-madre-con-el-foro-de-madres-empresarias-innovacion-y-liderazgo-sostenible\\\/#breadcrumb\"},\"inLanguage\":\"es\",\"potentialAction\":[{\"@type\":\"ReadAction\",\"target\":[\"https:\\\/\\\/www.quebakan.com\\\/v15\\\/aje-ecuador-celebro-el-dia-de-la-madre-con-el-foro-de-madres-empresarias-innovacion-y-liderazgo-sostenible\\\/\"]}]},{\"@type\":\"ImageObject\",\"inLanguage\":\"es\",\"@id\":\"https:\\\/\\\/www.quebakan.com\\\/v15\\\/aje-ecuador-celebro-el-dia-de-la-madre-con-el-foro-de-madres-empresarias-innovacion-y-liderazgo-sostenible\\\/#primaryimage\",\"url\":\"https:\\\/\\\/www.quebakan.com\\\/v15\\\/wp-content\\\/uploads\\\/2025\\\/06\\\/DDS-aje-8399.jpg\",\"contentUrl\":\"https:\\\/\\\/www.quebakan.com\\\/v15\\\/wp-content\\\/uploads\\\/2025\\\/06\\\/DDS-aje-8399.jpg\",\"width\":700,\"height\":467},{\"@type\":\"BreadcrumbList\",\"@id\":\"https:\\\/\\\/www.quebakan.com\\\/v15\\\/aje-ecuador-celebro-el-dia-de-la-madre-con-el-foro-de-madres-empresarias-innovacion-y-liderazgo-sostenible\\\/#breadcrumb\",\"itemListElement\":[{\"@type\":\"ListItem\",\"position\":1,\"name\":\"Portada\",\"item\":\"https:\\\/\\\/www.quebakan.com\\\/v15\\\/\"},{\"@type\":\"ListItem\",\"position\":2,\"name\":\"AJE Ecuador celebr\u00f3 el D\u00eda de la Madre con el Foro de Madres Empresarias: Innovaci\u00f3n y Liderazgo Sostenible\"}]},{\"@type\":\"WebSite\",\"@id\":\"https:\\\/\\\/www.quebakan.com\\\/v15\\\/#website\",\"url\":\"https:\\\/\\\/www.quebakan.com\\\/v15\\\/\",\"name\":\"QUEBAKAN\",\"description\":\"..\",\"publisher\":{\"@id\":\"https:\\\/\\\/www.quebakan.com\\\/v15\\\/#organization\"},\"potentialAction\":[{\"@type\":\"SearchAction\",\"target\":{\"@type\":\"EntryPoint\",\"urlTemplate\":\"https:\\\/\\\/www.quebakan.com\\\/v15\\\/?s={search_term_string}\"},\"query-input\":{\"@type\":\"PropertyValueSpecification\",\"valueRequired\":true,\"valueName\":\"search_term_string\"}}],\"inLanguage\":\"es\"},{\"@type\":\"Organization\",\"@id\":\"https:\\\/\\\/www.quebakan.com\\\/v15\\\/#organization\",\"name\":\"Quebakan.com\",\"url\":\"https:\\\/\\\/www.quebakan.com\\\/v15\\\/\",\"logo\":{\"@type\":\"ImageObject\",\"inLanguage\":\"es\",\"@id\":\"https:\\\/\\\/www.quebakan.com\\\/v15\\\/#\\\/schema\\\/logo\\\/image\\\/\",\"url\":\"https:\\\/\\\/www.quebakan.com\\\/v15\\\/wp-content\\\/uploads\\\/2023\\\/07\\\/logoquebakanenero2021.jpg\",\"contentUrl\":\"https:\\\/\\\/www.quebakan.com\\\/v15\\\/wp-content\\\/uploads\\\/2023\\\/07\\\/logoquebakanenero2021.jpg\",\"width\":1920,\"height\":1080,\"caption\":\"Quebakan.com\"},\"image\":{\"@id\":\"https:\\\/\\\/www.quebakan.com\\\/v15\\\/#\\\/schema\\\/logo\\\/image\\\/\"},\"sameAs\":[\"http:\\\/\\\/www.facebook.com\\\/quebakan\",\"https:\\\/\\\/x.com\\\/quebakanec\",\"http:\\\/\\\/www.instagram.com\\\/quebakan\",\"http:\\\/\\\/www.youtube.com\\\/quebakan1\"]},{\"@type\":\"Person\",\"@id\":\"https:\\\/\\\/www.quebakan.com\\\/v15\\\/#\\\/schema\\\/person\\\/d90fa9f9cfa81eb8ace9811e5b7b9118\",\"name\":\"Erick Villafuerte\",\"image\":{\"@type\":\"ImageObject\",\"inLanguage\":\"es\",\"@id\":\"https:\\\/\\\/www.quebakan.com\\\/v15\\\/wp-content\\\/uploads\\\/avatars\\\/4\\\/1731297654-bpfull.png\",\"url\":\"https:\\\/\\\/www.quebakan.com\\\/v15\\\/wp-content\\\/uploads\\\/avatars\\\/4\\\/1731297654-bpfull.png\",\"contentUrl\":\"https:\\\/\\\/www.quebakan.com\\\/v15\\\/wp-content\\\/uploads\\\/avatars\\\/4\\\/1731297654-bpfull.png\",\"caption\":\"Erick Villafuerte\"}}]}<\/script>\n<!-- \/ Yoast SEO plugin. -->","yoast_head_json":{"title":"AJE Ecuador celebr\u00f3 el D\u00eda de la Madre con el Foro de Madres Empresarias: Innovaci\u00f3n y Liderazgo Sostenible &#8211; QUEBAKAN.COM 2026: Noticias, Eventos, Conciertos y mucho m\u00e1s....","robots":{"index":"index","follow":"follow","max-snippet":"max-snippet:-1","max-image-preview":"max-image-preview:large","max-video-preview":"max-video-preview:-1"},"canonical":"https:\/\/www.quebakan.com\/v15\/aje-ecuador-celebro-el-dia-de-la-madre-con-el-foro-de-madres-empresarias-innovacion-y-liderazgo-sostenible\/","og_locale":"es_ES","og_type":"article","og_title":"AJE Ecuador celebr\u00f3 el D\u00eda de la Madre con el Foro de Madres Empresarias: Innovaci\u00f3n y Liderazgo Sostenible &#8211; QUEBAKAN.COM 2026: Noticias, Eventos, Conciertos y mucho m\u00e1s....","og_description":"En la foto: directivos y miembros de AJE Ecuador. Los eventos se realizaron en Quito y Guayaquil. Ecuador, mayo 2025.- La Asociaci\u00f3n de J\u00f3venes Empresarios del Ecuador (AJE Ecuador) conmemor\u00f3 el D\u00eda de la Madre con dos ediciones especiales del Foro de Madres Empresarias: Innovaci\u00f3n y Liderazgo Sostenible, realizadas en las ciudades de Quito y [&hellip;]","og_url":"https:\/\/www.quebakan.com\/v15\/aje-ecuador-celebro-el-dia-de-la-madre-con-el-foro-de-madres-empresarias-innovacion-y-liderazgo-sostenible\/","og_site_name":"QUEBAKAN.COM 2026: Noticias, Eventos, Conciertos y mucho m\u00e1s....","article_publisher":"http:\/\/www.facebook.com\/quebakan","article_published_time":"2025-06-04T06:57:44+00:00","og_image":[{"width":700,"height":467,"url":"https:\/\/www.quebakan.com\/v15\/wp-content\/uploads\/2025\/06\/DDS-aje-8399.jpg","type":"image\/jpeg"}],"author":"Erick Villafuerte","twitter_card":"summary_large_image","twitter_creator":"@quebakanec","twitter_site":"@quebakanec","twitter_misc":{"Escrito por":"Erick Villafuerte","Tiempo de lectura":"3 minutos"},"schema":{"@context":"https:\/\/schema.org","@graph":[{"@type":"Article","@id":"https:\/\/www.quebakan.com\/v15\/aje-ecuador-celebro-el-dia-de-la-madre-con-el-foro-de-madres-empresarias-innovacion-y-liderazgo-sostenible\/#article","isPartOf":{"@id":"https:\/\/www.quebakan.com\/v15\/aje-ecuador-celebro-el-dia-de-la-madre-con-el-foro-de-madres-empresarias-innovacion-y-liderazgo-sostenible\/"},"author":{"name":"Erick Villafuerte","@id":"https:\/\/www.quebakan.com\/v15\/#\/schema\/person\/d90fa9f9cfa81eb8ace9811e5b7b9118"},"headline":"AJE Ecuador celebr\u00f3 el D\u00eda de la Madre con el Foro de Madres Empresarias: Innovaci\u00f3n y Liderazgo Sostenible","datePublished":"2025-06-04T06:57:44+00:00","mainEntityOfPage":{"@id":"https:\/\/www.quebakan.com\/v15\/aje-ecuador-celebro-el-dia-de-la-madre-con-el-foro-de-madres-empresarias-innovacion-y-liderazgo-sostenible\/"},"wordCount":389,"publisher":{"@id":"https:\/\/www.quebakan.com\/v15\/#organization"},"image":{"@id":"https:\/\/www.quebakan.com\/v15\/aje-ecuador-celebro-el-dia-de-la-madre-con-el-foro-de-madres-empresarias-innovacion-y-liderazgo-sostenible\/#primaryimage"},"thumbnailUrl":"https:\/\/www.quebakan.com\/v15\/wp-content\/uploads\/2025\/06\/DDS-aje-8399.jpg","articleSection":["Noticias"],"inLanguage":"es"},{"@type":"WebPage","@id":"https:\/\/www.quebakan.com\/v15\/aje-ecuador-celebro-el-dia-de-la-madre-con-el-foro-de-madres-empresarias-innovacion-y-liderazgo-sostenible\/","url":"https:\/\/www.quebakan.com\/v15\/aje-ecuador-celebro-el-dia-de-la-madre-con-el-foro-de-madres-empresarias-innovacion-y-liderazgo-sostenible\/","name":"AJE Ecuador celebr\u00f3 el D\u00eda de la Madre con el Foro de Madres Empresarias: Innovaci\u00f3n y Liderazgo Sostenible &#8211; QUEBAKAN.COM 2026: Noticias, Eventos, Conciertos y mucho m\u00e1s....","isPartOf":{"@id":"https:\/\/www.quebakan.com\/v15\/#website"},"primaryImageOfPage":{"@id":"https:\/\/www.quebakan.com\/v15\/aje-ecuador-celebro-el-dia-de-la-madre-con-el-foro-de-madres-empresarias-innovacion-y-liderazgo-sostenible\/#primaryimage"},"image":{"@id":"https:\/\/www.quebakan.com\/v15\/aje-ecuador-celebro-el-dia-de-la-madre-con-el-foro-de-madres-empresarias-innovacion-y-liderazgo-sostenible\/#primaryimage"},"thumbnailUrl":"https:\/\/www.quebakan.com\/v15\/wp-content\/uploads\/2025\/06\/DDS-aje-8399.jpg","datePublished":"2025-06-04T06:57:44+00:00","breadcrumb":{"@id":"https:\/\/www.quebakan.com\/v15\/aje-ecuador-celebro-el-dia-de-la-madre-con-el-foro-de-madres-empresarias-innovacion-y-liderazgo-sostenible\/#breadcrumb"},"inLanguage":"es","potentialAction":[{"@type":"ReadAction","target":["https:\/\/www.quebakan.com\/v15\/aje-ecuador-celebro-el-dia-de-la-madre-con-el-foro-de-madres-empresarias-innovacion-y-liderazgo-sostenible\/"]}]},{"@type":"ImageObject","inLanguage":"es","@id":"https:\/\/www.quebakan.com\/v15\/aje-ecuador-celebro-el-dia-de-la-madre-con-el-foro-de-madres-empresarias-innovacion-y-liderazgo-sostenible\/#primaryimage","url":"https:\/\/www.quebakan.com\/v15\/wp-content\/uploads\/2025\/06\/DDS-aje-8399.jpg","contentUrl":"https:\/\/www.quebakan.com\/v15\/wp-content\/uploads\/2025\/06\/DDS-aje-8399.jpg","width":700,"height":467},{"@type":"BreadcrumbList","@id":"https:\/\/www.quebakan.com\/v15\/aje-ecuador-celebro-el-dia-de-la-madre-con-el-foro-de-madres-empresarias-innovacion-y-liderazgo-sostenible\/#breadcrumb","itemListElement":[{"@type":"ListItem","position":1,"name":"Portada","item":"https:\/\/www.quebakan.com\/v15\/"},{"@type":"ListItem","position":2,"name":"AJE Ecuador celebr\u00f3 el D\u00eda de la Madre con el Foro de Madres Empresarias: Innovaci\u00f3n y Liderazgo Sostenible"}]},{"@type":"WebSite","@id":"https:\/\/www.quebakan.com\/v15\/#website","url":"https:\/\/www.quebakan.com\/v15\/","name":"QUEBAKAN","description":"..","publisher":{"@id":"https:\/\/www.quebakan.com\/v15\/#organization"},"potentialAction":[{"@type":"SearchAction","target":{"@type":"EntryPoint","urlTemplate":"https:\/\/www.quebakan.com\/v15\/?s={search_term_string}"},"query-input":{"@type":"PropertyValueSpecification","valueRequired":true,"valueName":"search_term_string"}}],"inLanguage":"es"},{"@type":"Organization","@id":"https:\/\/www.quebakan.com\/v15\/#organization","name":"Quebakan.com","url":"https:\/\/www.quebakan.com\/v15\/","logo":{"@type":"ImageObject","inLanguage":"es","@id":"https:\/\/www.quebakan.com\/v15\/#\/schema\/logo\/image\/","url":"https:\/\/www.quebakan.com\/v15\/wp-content\/uploads\/2023\/07\/logoquebakanenero2021.jpg","contentUrl":"https:\/\/www.quebakan.com\/v15\/wp-content\/uploads\/2023\/07\/logoquebakanenero2021.jpg","width":1920,"height":1080,"caption":"Quebakan.com"},"image":{"@id":"https:\/\/www.quebakan.com\/v15\/#\/schema\/logo\/image\/"},"sameAs":["http:\/\/www.facebook.com\/quebakan","https:\/\/x.com\/quebakanec","http:\/\/www.instagram.com\/quebakan","http:\/\/www.youtube.com\/quebakan1"]},{"@type":"Person","@id":"https:\/\/www.quebakan.com\/v15\/#\/schema\/person\/d90fa9f9cfa81eb8ace9811e5b7b9118","name":"Erick Villafuerte","image":{"@type":"ImageObject","inLanguage":"es","@id":"https:\/\/www.quebakan.com\/v15\/wp-content\/uploads\/avatars\/4\/1731297654-bpfull.png","url":"https:\/\/www.quebakan.com\/v15\/wp-content\/uploads\/avatars\/4\/1731297654-bpfull.png","contentUrl":"https:\/\/www.quebakan.com\/v15\/wp-content\/uploads\/avatars\/4\/1731297654-bpfull.png","caption":"Erick Villafuerte"}}]}},"_links":{"self":[{"href":"https:\/\/www.quebakan.com\/v15\/wp-json\/wp\/v2\/posts\/131668","targetHints":{"allow":["GET"]}}],"collection":[{"href":"https:\/\/www.quebakan.com\/v15\/wp-json\/wp\/v2\/posts"}],"about":[{"href":"https:\/\/www.quebakan.com\/v15\/wp-json\/wp\/v2\/types\/post"}],"author":[{"embeddable":true,"href":"https:\/\/www.quebakan.com\/v15\/wp-json\/wp\/v2\/users\/4"}],"replies":[{"embeddable":true,"href":"https:\/\/www.quebakan.com\/v15\/wp-json\/wp\/v2\/comments?post=131668"}],"version-history":[{"count":1,"href":"https:\/\/www.quebakan.com\/v15\/wp-json\/wp\/v2\/posts\/131668\/revisions"}],"predecessor-version":[{"id":131671,"href":"https:\/\/www.quebakan.com\/v15\/wp-json\/wp\/v2\/posts\/131668\/revisions\/131671"}],"wp:featuredmedia":[{"embeddable":true,"href":"https:\/\/www.quebakan.com\/v15\/wp-json\/wp\/v2\/media\/131670"}],"wp:attachment":[{"href":"https:\/\/www.quebakan.com\/v15\/wp-json\/wp\/v2\/media?parent=131668"}],"wp:term":[{"taxonomy":"category","embeddable":true,"href":"https:\/\/www.quebakan.com\/v15\/wp-json\/wp\/v2\/categories?post=131668"},{"taxonomy":"post_tag","embeddable":true,"href":"https:\/\/www.quebakan.com\/v15\/wp-json\/wp\/v2\/tags?post=131668"}],"curies":[{"name":"wp","href":"https:\/\/api.w.org\/{rel}","templated":true}]}}