{"id":131677,"date":"2025-06-04T20:33:30","date_gmt":"2025-06-05T01:33:30","guid":{"rendered":"https:\/\/www.quebakan.com\/v15\/?p=131677"},"modified":"2025-06-04T20:33:59","modified_gmt":"2025-06-05T01:33:59","slug":"papa-johns-celebra-el-mes-de-los-ninos-con-un-pizza-day-muy-especial","status":"publish","type":"post","link":"https:\/\/www.quebakan.com\/v15\/papa-johns-celebra-el-mes-de-los-ninos-con-un-pizza-day-muy-especial\/","title":{"rendered":"\u00a1Papa Johns celebra el mes de los ni\u00f1os con un Pizza Day muy especial!"},"content":{"rendered":"<p><img fetchpriority=\"high\" decoding=\"async\" class=\"aligncenter size-full wp-image-131678\" src=\"https:\/\/www.quebakan.com\/v15\/wp-content\/uploads\/2025\/06\/02.jpg\" alt=\"\" width=\"700\" height=\"475\" \/><\/p>\n<p style=\"text-align: justify;\"><span style=\"color: #000000;\">\u2713 Cada pizza comprada se transforma en esperanza y alegr\u00eda para quienes m\u00e1s lo necesitan.<\/span><br \/>\n<span style=\"color: #000000;\">\u2713 Valor de la pizza USD 5 pedido m\u00ednimo 2 pizzas.<\/span><\/p>\n<p style=\"text-align: justify;\"><span style=\"color: #000000;\"><strong>Ecuador, junio 2025.-<\/strong> En Papa Johns, creemos que la infancia debe celebrarse con alegr\u00eda, sabor y solidaridad. Por eso, en junio rendimos un homenaje muy especial a los m\u00e1s peque\u00f1os con el Pizza Day 2025, una iniciativa que no solo despertar\u00e1 sonrisas, sino que tambi\u00e9n tocar\u00e1 el coraz\u00f3n de quienes m\u00e1s lo necesitan.<\/span><\/p>\n<p style=\"text-align: justify;\"><span style=\"color: #000000;\">El 12 y 19 de junio son las fechas clave para esta celebraci\u00f3n con prop\u00f3sito: dos jornadas \u2014desde las 12:00 hasta agotar stock\u2014 llenas de sabor, diversi\u00f3n y solidaridad para disfrutar en familia.<\/span><br \/>\n<span style=\"color: #000000;\">Como es tradici\u00f3n, la utilidad recaudada durante el Pizza Day ser\u00e1 donada a 10 fundaciones infantiles del Ecuador, apoyando su valiosa labor en beneficio de miles de ni\u00f1os y ni\u00f1as en situaci\u00f3n vulnerable.<\/span><\/p>\n<p style=\"text-align: justify;\"><span style=\"color: #000000;\">Marcos Torres, gerente de Marketing de Papa Johns, comenta: \u201cEn Papa Johns creemos que cada ni\u00f1a y ni\u00f1o merece crecer rodeado de alegr\u00eda, cuidado y oportunidades. Este mes renovamos nuestro compromiso con la ni\u00f1ez ecuatoriana, apoyando a quienes m\u00e1s lo necesitan. Nos inspira el amor presente en cada hogar y queremos transformarlo en ayuda concreta para las 10 fundaciones que trabajan incansablemente por los peque\u00f1os en situaci\u00f3n vulnerable. Invitamos a todos a sumarse a esta campa\u00f1a solidaria, porque juntos podemos pintar m\u00e1s sonrisas y construir un futuro m\u00e1s justo para nuestros ni\u00f1os y ni\u00f1as.\u201d<\/span><\/p>\n<p style=\"text-align: justify;\"><span style=\"color: #000000;\">Este a\u00f1o, dejamos que los expertos decidan\u2026 y los ni\u00f1os hablaron claro: el sabor manda. Por eso, el Pizza Day viene cargado con dos cl\u00e1sicos irresistibles: la pizza de jam\u00f3n, siempre deliciosa, y la estrella indiscutible de la celebraci\u00f3n, la pizza de pepperoni, la favorita de los m\u00e1s peque\u00f1os, que promete conquistar corazones y reunir a toda la familia en torno a una caja llena de alegr\u00eda.<\/span><\/p>\n<p style=\"text-align: justify;\"><span style=\"color: #000000;\">Los pedidos de pizzas familiares podr\u00e1n realizarse a trav\u00e9s del servicio a domicilio y para llevar en todos los locales de la franquicia en las ciudades de Quito, Guayaquil, Cuenca, Machala, Portoviejo, Manta, Ambato, Santo Domingo, Quevedo, Loja y Milagro. Tambi\u00e9n estar\u00e1n disponibles en tus apps favoritas de delivery: PedidosYa, Rappi y Uber Eats.<\/span><\/p>\n<p style=\"text-align: justify;\"><span style=\"color: #000000;\">Este junio, cada porci\u00f3n de pizza que disfrutes con Papa Johns es mucho m\u00e1s que sabor; es un acto de amor y solidaridad que lleva esperanza a cientos de ni\u00f1os ecuatorianos. \u00danete a esta causa y convierte tu antojo en una sonrisa.<\/span><\/p>\n<p style=\"text-align: justify;\"><span style=\"color: #000000;\">\u00a1Ayuda con mejor sabor, ayuda con amor!<\/span><\/p>\n<p><img decoding=\"async\" class=\"aligncenter size-full wp-image-131679\" src=\"https:\/\/www.quebakan.com\/v15\/wp-content\/uploads\/2025\/06\/01.jpg\" alt=\"\" width=\"525\" height=\"700\" \/><\/p>\n","protected":false},"excerpt":{"rendered":"<p>\u2713 Cada pizza comprada se transforma en esperanza y alegr\u00eda para quienes m\u00e1s lo necesitan. \u2713 Valor de la pizza USD 5 pedido m\u00ednimo 2 pizzas. Ecuador, junio 2025.- En Papa Johns, creemos que la infancia debe celebrarse con alegr\u00eda, sabor y solidaridad. Por eso, en junio rendimos un homenaje muy especial a los m\u00e1s [&hellip;]<\/p>\n","protected":false},"author":4,"featured_media":131678,"comment_status":"closed","ping_status":"closed","sticky":false,"template":"","format":"standard","meta":{"_bbp_topic_count":0,"_bbp_reply_count":0,"_bbp_total_topic_count":0,"_bbp_total_reply_count":0,"_bbp_voice_count":0,"_bbp_anonymous_reply_count":0,"_bbp_topic_count_hidden":0,"_bbp_reply_count_hidden":0,"_bbp_forum_subforum_count":0,"buzzeditor_post_format":"","footnotes":""},"categories":[2],"tags":[],"class_list":["post-131677","post","type-post","status-publish","format-standard","has-post-thumbnail","hentry","category-noticias"],"yoast_head":"<!-- This site is optimized with the Yoast SEO plugin v27.5 - https:\/\/yoast.com\/product\/yoast-seo-wordpress\/ -->\n<title>\u00a1Papa Johns celebra el mes de los ni\u00f1os con un Pizza Day muy especial! &#8211; QUEBAKAN.COM 2026: Noticias, Eventos, Conciertos y mucho m\u00e1s....<\/title>\n<meta name=\"robots\" content=\"index, follow, max-snippet:-1, max-image-preview:large, max-video-preview:-1\" \/>\n<link rel=\"canonical\" href=\"https:\/\/www.quebakan.com\/v15\/papa-johns-celebra-el-mes-de-los-ninos-con-un-pizza-day-muy-especial\/\" \/>\n<meta property=\"og:locale\" content=\"es_ES\" \/>\n<meta property=\"og:type\" content=\"article\" \/>\n<meta property=\"og:title\" content=\"\u00a1Papa Johns celebra el mes de los ni\u00f1os con un Pizza Day muy especial! &#8211; QUEBAKAN.COM 2026: Noticias, Eventos, Conciertos y mucho m\u00e1s....\" \/>\n<meta property=\"og:description\" content=\"\u2713 Cada pizza comprada se transforma en esperanza y alegr\u00eda para quienes m\u00e1s lo necesitan. \u2713 Valor de la pizza USD 5 pedido m\u00ednimo 2 pizzas. Ecuador, junio 2025.- En Papa Johns, creemos que la infancia debe celebrarse con alegr\u00eda, sabor y solidaridad. Por eso, en junio rendimos un homenaje muy especial a los m\u00e1s [&hellip;]\" \/>\n<meta property=\"og:url\" content=\"https:\/\/www.quebakan.com\/v15\/papa-johns-celebra-el-mes-de-los-ninos-con-un-pizza-day-muy-especial\/\" \/>\n<meta property=\"og:site_name\" content=\"QUEBAKAN.COM 2026: Noticias, Eventos, Conciertos y mucho m\u00e1s....\" \/>\n<meta property=\"article:publisher\" content=\"http:\/\/www.facebook.com\/quebakan\" \/>\n<meta property=\"article:published_time\" content=\"2025-06-05T01:33:30+00:00\" \/>\n<meta property=\"article:modified_time\" content=\"2025-06-05T01:33:59+00:00\" \/>\n<meta property=\"og:image\" content=\"https:\/\/www.quebakan.com\/v15\/wp-content\/uploads\/2025\/06\/02.jpg\" \/>\n\t<meta property=\"og:image:width\" content=\"700\" \/>\n\t<meta property=\"og:image:height\" content=\"475\" \/>\n\t<meta property=\"og:image:type\" content=\"image\/jpeg\" \/>\n<meta name=\"author\" content=\"Erick Villafuerte\" \/>\n<meta name=\"twitter:card\" content=\"summary_large_image\" \/>\n<meta name=\"twitter:creator\" content=\"@quebakanec\" \/>\n<meta name=\"twitter:site\" content=\"@quebakanec\" \/>\n<meta name=\"twitter:label1\" content=\"Escrito por\" \/>\n\t<meta name=\"twitter:data1\" content=\"Erick Villafuerte\" \/>\n\t<meta name=\"twitter:label2\" content=\"Tiempo de lectura\" \/>\n\t<meta name=\"twitter:data2\" content=\"3 minutos\" \/>\n<script type=\"application\/ld+json\" class=\"yoast-schema-graph\">{\"@context\":\"https:\\\/\\\/schema.org\",\"@graph\":[{\"@type\":\"Article\",\"@id\":\"https:\\\/\\\/www.quebakan.com\\\/v15\\\/papa-johns-celebra-el-mes-de-los-ninos-con-un-pizza-day-muy-especial\\\/#article\",\"isPartOf\":{\"@id\":\"https:\\\/\\\/www.quebakan.com\\\/v15\\\/papa-johns-celebra-el-mes-de-los-ninos-con-un-pizza-day-muy-especial\\\/\"},\"author\":{\"name\":\"Erick Villafuerte\",\"@id\":\"https:\\\/\\\/www.quebakan.com\\\/v15\\\/#\\\/schema\\\/person\\\/d90fa9f9cfa81eb8ace9811e5b7b9118\"},\"headline\":\"\u00a1Papa Johns celebra el mes de los ni\u00f1os con un Pizza Day muy especial!\",\"datePublished\":\"2025-06-05T01:33:30+00:00\",\"dateModified\":\"2025-06-05T01:33:59+00:00\",\"mainEntityOfPage\":{\"@id\":\"https:\\\/\\\/www.quebakan.com\\\/v15\\\/papa-johns-celebra-el-mes-de-los-ninos-con-un-pizza-day-muy-especial\\\/\"},\"wordCount\":457,\"publisher\":{\"@id\":\"https:\\\/\\\/www.quebakan.com\\\/v15\\\/#organization\"},\"image\":{\"@id\":\"https:\\\/\\\/www.quebakan.com\\\/v15\\\/papa-johns-celebra-el-mes-de-los-ninos-con-un-pizza-day-muy-especial\\\/#primaryimage\"},\"thumbnailUrl\":\"https:\\\/\\\/www.quebakan.com\\\/v15\\\/wp-content\\\/uploads\\\/2025\\\/06\\\/02.jpg\",\"articleSection\":[\"Noticias\"],\"inLanguage\":\"es\"},{\"@type\":\"WebPage\",\"@id\":\"https:\\\/\\\/www.quebakan.com\\\/v15\\\/papa-johns-celebra-el-mes-de-los-ninos-con-un-pizza-day-muy-especial\\\/\",\"url\":\"https:\\\/\\\/www.quebakan.com\\\/v15\\\/papa-johns-celebra-el-mes-de-los-ninos-con-un-pizza-day-muy-especial\\\/\",\"name\":\"\u00a1Papa Johns celebra el mes de los ni\u00f1os con un Pizza Day muy especial! &#8211; QUEBAKAN.COM 2026: Noticias, Eventos, Conciertos y mucho m\u00e1s....\",\"isPartOf\":{\"@id\":\"https:\\\/\\\/www.quebakan.com\\\/v15\\\/#website\"},\"primaryImageOfPage\":{\"@id\":\"https:\\\/\\\/www.quebakan.com\\\/v15\\\/papa-johns-celebra-el-mes-de-los-ninos-con-un-pizza-day-muy-especial\\\/#primaryimage\"},\"image\":{\"@id\":\"https:\\\/\\\/www.quebakan.com\\\/v15\\\/papa-johns-celebra-el-mes-de-los-ninos-con-un-pizza-day-muy-especial\\\/#primaryimage\"},\"thumbnailUrl\":\"https:\\\/\\\/www.quebakan.com\\\/v15\\\/wp-content\\\/uploads\\\/2025\\\/06\\\/02.jpg\",\"datePublished\":\"2025-06-05T01:33:30+00:00\",\"dateModified\":\"2025-06-05T01:33:59+00:00\",\"breadcrumb\":{\"@id\":\"https:\\\/\\\/www.quebakan.com\\\/v15\\\/papa-johns-celebra-el-mes-de-los-ninos-con-un-pizza-day-muy-especial\\\/#breadcrumb\"},\"inLanguage\":\"es\",\"potentialAction\":[{\"@type\":\"ReadAction\",\"target\":[\"https:\\\/\\\/www.quebakan.com\\\/v15\\\/papa-johns-celebra-el-mes-de-los-ninos-con-un-pizza-day-muy-especial\\\/\"]}]},{\"@type\":\"ImageObject\",\"inLanguage\":\"es\",\"@id\":\"https:\\\/\\\/www.quebakan.com\\\/v15\\\/papa-johns-celebra-el-mes-de-los-ninos-con-un-pizza-day-muy-especial\\\/#primaryimage\",\"url\":\"https:\\\/\\\/www.quebakan.com\\\/v15\\\/wp-content\\\/uploads\\\/2025\\\/06\\\/02.jpg\",\"contentUrl\":\"https:\\\/\\\/www.quebakan.com\\\/v15\\\/wp-content\\\/uploads\\\/2025\\\/06\\\/02.jpg\",\"width\":700,\"height\":475},{\"@type\":\"BreadcrumbList\",\"@id\":\"https:\\\/\\\/www.quebakan.com\\\/v15\\\/papa-johns-celebra-el-mes-de-los-ninos-con-un-pizza-day-muy-especial\\\/#breadcrumb\",\"itemListElement\":[{\"@type\":\"ListItem\",\"position\":1,\"name\":\"Portada\",\"item\":\"https:\\\/\\\/www.quebakan.com\\\/v15\\\/\"},{\"@type\":\"ListItem\",\"position\":2,\"name\":\"\u00a1Papa Johns celebra el mes de los ni\u00f1os con un Pizza Day muy especial!\"}]},{\"@type\":\"WebSite\",\"@id\":\"https:\\\/\\\/www.quebakan.com\\\/v15\\\/#website\",\"url\":\"https:\\\/\\\/www.quebakan.com\\\/v15\\\/\",\"name\":\"QUEBAKAN\",\"description\":\"..\",\"publisher\":{\"@id\":\"https:\\\/\\\/www.quebakan.com\\\/v15\\\/#organization\"},\"potentialAction\":[{\"@type\":\"SearchAction\",\"target\":{\"@type\":\"EntryPoint\",\"urlTemplate\":\"https:\\\/\\\/www.quebakan.com\\\/v15\\\/?s={search_term_string}\"},\"query-input\":{\"@type\":\"PropertyValueSpecification\",\"valueRequired\":true,\"valueName\":\"search_term_string\"}}],\"inLanguage\":\"es\"},{\"@type\":\"Organization\",\"@id\":\"https:\\\/\\\/www.quebakan.com\\\/v15\\\/#organization\",\"name\":\"Quebakan.com\",\"url\":\"https:\\\/\\\/www.quebakan.com\\\/v15\\\/\",\"logo\":{\"@type\":\"ImageObject\",\"inLanguage\":\"es\",\"@id\":\"https:\\\/\\\/www.quebakan.com\\\/v15\\\/#\\\/schema\\\/logo\\\/image\\\/\",\"url\":\"https:\\\/\\\/www.quebakan.com\\\/v15\\\/wp-content\\\/uploads\\\/2023\\\/07\\\/logoquebakanenero2021.jpg\",\"contentUrl\":\"https:\\\/\\\/www.quebakan.com\\\/v15\\\/wp-content\\\/uploads\\\/2023\\\/07\\\/logoquebakanenero2021.jpg\",\"width\":1920,\"height\":1080,\"caption\":\"Quebakan.com\"},\"image\":{\"@id\":\"https:\\\/\\\/www.quebakan.com\\\/v15\\\/#\\\/schema\\\/logo\\\/image\\\/\"},\"sameAs\":[\"http:\\\/\\\/www.facebook.com\\\/quebakan\",\"https:\\\/\\\/x.com\\\/quebakanec\",\"http:\\\/\\\/www.instagram.com\\\/quebakan\",\"http:\\\/\\\/www.youtube.com\\\/quebakan1\"]},{\"@type\":\"Person\",\"@id\":\"https:\\\/\\\/www.quebakan.com\\\/v15\\\/#\\\/schema\\\/person\\\/d90fa9f9cfa81eb8ace9811e5b7b9118\",\"name\":\"Erick Villafuerte\",\"image\":{\"@type\":\"ImageObject\",\"inLanguage\":\"es\",\"@id\":\"https:\\\/\\\/www.quebakan.com\\\/v15\\\/wp-content\\\/uploads\\\/avatars\\\/4\\\/1731297654-bpfull.png\",\"url\":\"https:\\\/\\\/www.quebakan.com\\\/v15\\\/wp-content\\\/uploads\\\/avatars\\\/4\\\/1731297654-bpfull.png\",\"contentUrl\":\"https:\\\/\\\/www.quebakan.com\\\/v15\\\/wp-content\\\/uploads\\\/avatars\\\/4\\\/1731297654-bpfull.png\",\"caption\":\"Erick Villafuerte\"}}]}<\/script>\n<!-- \/ Yoast SEO plugin. -->","yoast_head_json":{"title":"\u00a1Papa Johns celebra el mes de los ni\u00f1os con un Pizza Day muy especial! &#8211; QUEBAKAN.COM 2026: Noticias, Eventos, Conciertos y mucho m\u00e1s....","robots":{"index":"index","follow":"follow","max-snippet":"max-snippet:-1","max-image-preview":"max-image-preview:large","max-video-preview":"max-video-preview:-1"},"canonical":"https:\/\/www.quebakan.com\/v15\/papa-johns-celebra-el-mes-de-los-ninos-con-un-pizza-day-muy-especial\/","og_locale":"es_ES","og_type":"article","og_title":"\u00a1Papa Johns celebra el mes de los ni\u00f1os con un Pizza Day muy especial! &#8211; QUEBAKAN.COM 2026: Noticias, Eventos, Conciertos y mucho m\u00e1s....","og_description":"\u2713 Cada pizza comprada se transforma en esperanza y alegr\u00eda para quienes m\u00e1s lo necesitan. \u2713 Valor de la pizza USD 5 pedido m\u00ednimo 2 pizzas. Ecuador, junio 2025.- En Papa Johns, creemos que la infancia debe celebrarse con alegr\u00eda, sabor y solidaridad. Por eso, en junio rendimos un homenaje muy especial a los m\u00e1s [&hellip;]","og_url":"https:\/\/www.quebakan.com\/v15\/papa-johns-celebra-el-mes-de-los-ninos-con-un-pizza-day-muy-especial\/","og_site_name":"QUEBAKAN.COM 2026: Noticias, Eventos, Conciertos y mucho m\u00e1s....","article_publisher":"http:\/\/www.facebook.com\/quebakan","article_published_time":"2025-06-05T01:33:30+00:00","article_modified_time":"2025-06-05T01:33:59+00:00","og_image":[{"width":700,"height":475,"url":"https:\/\/www.quebakan.com\/v15\/wp-content\/uploads\/2025\/06\/02.jpg","type":"image\/jpeg"}],"author":"Erick Villafuerte","twitter_card":"summary_large_image","twitter_creator":"@quebakanec","twitter_site":"@quebakanec","twitter_misc":{"Escrito por":"Erick Villafuerte","Tiempo de lectura":"3 minutos"},"schema":{"@context":"https:\/\/schema.org","@graph":[{"@type":"Article","@id":"https:\/\/www.quebakan.com\/v15\/papa-johns-celebra-el-mes-de-los-ninos-con-un-pizza-day-muy-especial\/#article","isPartOf":{"@id":"https:\/\/www.quebakan.com\/v15\/papa-johns-celebra-el-mes-de-los-ninos-con-un-pizza-day-muy-especial\/"},"author":{"name":"Erick Villafuerte","@id":"https:\/\/www.quebakan.com\/v15\/#\/schema\/person\/d90fa9f9cfa81eb8ace9811e5b7b9118"},"headline":"\u00a1Papa Johns celebra el mes de los ni\u00f1os con un Pizza Day muy especial!","datePublished":"2025-06-05T01:33:30+00:00","dateModified":"2025-06-05T01:33:59+00:00","mainEntityOfPage":{"@id":"https:\/\/www.quebakan.com\/v15\/papa-johns-celebra-el-mes-de-los-ninos-con-un-pizza-day-muy-especial\/"},"wordCount":457,"publisher":{"@id":"https:\/\/www.quebakan.com\/v15\/#organization"},"image":{"@id":"https:\/\/www.quebakan.com\/v15\/papa-johns-celebra-el-mes-de-los-ninos-con-un-pizza-day-muy-especial\/#primaryimage"},"thumbnailUrl":"https:\/\/www.quebakan.com\/v15\/wp-content\/uploads\/2025\/06\/02.jpg","articleSection":["Noticias"],"inLanguage":"es"},{"@type":"WebPage","@id":"https:\/\/www.quebakan.com\/v15\/papa-johns-celebra-el-mes-de-los-ninos-con-un-pizza-day-muy-especial\/","url":"https:\/\/www.quebakan.com\/v15\/papa-johns-celebra-el-mes-de-los-ninos-con-un-pizza-day-muy-especial\/","name":"\u00a1Papa Johns celebra el mes de los ni\u00f1os con un Pizza Day muy especial! &#8211; QUEBAKAN.COM 2026: Noticias, Eventos, Conciertos y mucho m\u00e1s....","isPartOf":{"@id":"https:\/\/www.quebakan.com\/v15\/#website"},"primaryImageOfPage":{"@id":"https:\/\/www.quebakan.com\/v15\/papa-johns-celebra-el-mes-de-los-ninos-con-un-pizza-day-muy-especial\/#primaryimage"},"image":{"@id":"https:\/\/www.quebakan.com\/v15\/papa-johns-celebra-el-mes-de-los-ninos-con-un-pizza-day-muy-especial\/#primaryimage"},"thumbnailUrl":"https:\/\/www.quebakan.com\/v15\/wp-content\/uploads\/2025\/06\/02.jpg","datePublished":"2025-06-05T01:33:30+00:00","dateModified":"2025-06-05T01:33:59+00:00","breadcrumb":{"@id":"https:\/\/www.quebakan.com\/v15\/papa-johns-celebra-el-mes-de-los-ninos-con-un-pizza-day-muy-especial\/#breadcrumb"},"inLanguage":"es","potentialAction":[{"@type":"ReadAction","target":["https:\/\/www.quebakan.com\/v15\/papa-johns-celebra-el-mes-de-los-ninos-con-un-pizza-day-muy-especial\/"]}]},{"@type":"ImageObject","inLanguage":"es","@id":"https:\/\/www.quebakan.com\/v15\/papa-johns-celebra-el-mes-de-los-ninos-con-un-pizza-day-muy-especial\/#primaryimage","url":"https:\/\/www.quebakan.com\/v15\/wp-content\/uploads\/2025\/06\/02.jpg","contentUrl":"https:\/\/www.quebakan.com\/v15\/wp-content\/uploads\/2025\/06\/02.jpg","width":700,"height":475},{"@type":"BreadcrumbList","@id":"https:\/\/www.quebakan.com\/v15\/papa-johns-celebra-el-mes-de-los-ninos-con-un-pizza-day-muy-especial\/#breadcrumb","itemListElement":[{"@type":"ListItem","position":1,"name":"Portada","item":"https:\/\/www.quebakan.com\/v15\/"},{"@type":"ListItem","position":2,"name":"\u00a1Papa Johns celebra el mes de los ni\u00f1os con un Pizza Day muy especial!"}]},{"@type":"WebSite","@id":"https:\/\/www.quebakan.com\/v15\/#website","url":"https:\/\/www.quebakan.com\/v15\/","name":"QUEBAKAN","description":"..","publisher":{"@id":"https:\/\/www.quebakan.com\/v15\/#organization"},"potentialAction":[{"@type":"SearchAction","target":{"@type":"EntryPoint","urlTemplate":"https:\/\/www.quebakan.com\/v15\/?s={search_term_string}"},"query-input":{"@type":"PropertyValueSpecification","valueRequired":true,"valueName":"search_term_string"}}],"inLanguage":"es"},{"@type":"Organization","@id":"https:\/\/www.quebakan.com\/v15\/#organization","name":"Quebakan.com","url":"https:\/\/www.quebakan.com\/v15\/","logo":{"@type":"ImageObject","inLanguage":"es","@id":"https:\/\/www.quebakan.com\/v15\/#\/schema\/logo\/image\/","url":"https:\/\/www.quebakan.com\/v15\/wp-content\/uploads\/2023\/07\/logoquebakanenero2021.jpg","contentUrl":"https:\/\/www.quebakan.com\/v15\/wp-content\/uploads\/2023\/07\/logoquebakanenero2021.jpg","width":1920,"height":1080,"caption":"Quebakan.com"},"image":{"@id":"https:\/\/www.quebakan.com\/v15\/#\/schema\/logo\/image\/"},"sameAs":["http:\/\/www.facebook.com\/quebakan","https:\/\/x.com\/quebakanec","http:\/\/www.instagram.com\/quebakan","http:\/\/www.youtube.com\/quebakan1"]},{"@type":"Person","@id":"https:\/\/www.quebakan.com\/v15\/#\/schema\/person\/d90fa9f9cfa81eb8ace9811e5b7b9118","name":"Erick Villafuerte","image":{"@type":"ImageObject","inLanguage":"es","@id":"https:\/\/www.quebakan.com\/v15\/wp-content\/uploads\/avatars\/4\/1731297654-bpfull.png","url":"https:\/\/www.quebakan.com\/v15\/wp-content\/uploads\/avatars\/4\/1731297654-bpfull.png","contentUrl":"https:\/\/www.quebakan.com\/v15\/wp-content\/uploads\/avatars\/4\/1731297654-bpfull.png","caption":"Erick Villafuerte"}}]}},"_links":{"self":[{"href":"https:\/\/www.quebakan.com\/v15\/wp-json\/wp\/v2\/posts\/131677","targetHints":{"allow":["GET"]}}],"collection":[{"href":"https:\/\/www.quebakan.com\/v15\/wp-json\/wp\/v2\/posts"}],"about":[{"href":"https:\/\/www.quebakan.com\/v15\/wp-json\/wp\/v2\/types\/post"}],"author":[{"embeddable":true,"href":"https:\/\/www.quebakan.com\/v15\/wp-json\/wp\/v2\/users\/4"}],"replies":[{"embeddable":true,"href":"https:\/\/www.quebakan.com\/v15\/wp-json\/wp\/v2\/comments?post=131677"}],"version-history":[{"count":2,"href":"https:\/\/www.quebakan.com\/v15\/wp-json\/wp\/v2\/posts\/131677\/revisions"}],"predecessor-version":[{"id":131681,"href":"https:\/\/www.quebakan.com\/v15\/wp-json\/wp\/v2\/posts\/131677\/revisions\/131681"}],"wp:featuredmedia":[{"embeddable":true,"href":"https:\/\/www.quebakan.com\/v15\/wp-json\/wp\/v2\/media\/131678"}],"wp:attachment":[{"href":"https:\/\/www.quebakan.com\/v15\/wp-json\/wp\/v2\/media?parent=131677"}],"wp:term":[{"taxonomy":"category","embeddable":true,"href":"https:\/\/www.quebakan.com\/v15\/wp-json\/wp\/v2\/categories?post=131677"},{"taxonomy":"post_tag","embeddable":true,"href":"https:\/\/www.quebakan.com\/v15\/wp-json\/wp\/v2\/tags?post=131677"}],"curies":[{"name":"wp","href":"https:\/\/api.w.org\/{rel}","templated":true}]}}