{"id":133448,"date":"2025-07-20T00:04:38","date_gmt":"2025-07-20T05:04:38","guid":{"rendered":"https:\/\/www.quebakan.com\/v15\/?p=133448"},"modified":"2025-07-20T00:04:38","modified_gmt":"2025-07-20T05:04:38","slug":"hyundai-presenta-en-cuenca-su-nueva-linea-de-camiones-mighty-ex-potencia-eficiencia-y-diseno-renovado-para-el-trabajo-pesado","status":"publish","type":"post","link":"https:\/\/www.quebakan.com\/v15\/hyundai-presenta-en-cuenca-su-nueva-linea-de-camiones-mighty-ex-potencia-eficiencia-y-diseno-renovado-para-el-trabajo-pesado\/","title":{"rendered":"Hyundai presenta en Cuenca su nueva l\u00ednea de camiones Mighty EX: potencia, eficiencia y dise\u00f1o renovado para el trabajo pesado."},"content":{"rendered":"<p><img fetchpriority=\"high\" decoding=\"async\" class=\"aligncenter size-full wp-image-133451\" src=\"https:\/\/www.quebakan.com\/v15\/wp-content\/uploads\/2025\/07\/Foto_LanzamientoCamiones.jpg\" alt=\"\" width=\"700\" height=\"467\" \/><\/p>\n<p style=\"text-align: justify;\"><span style=\"color: #000000;\"><strong><em>Pie de foto:<\/em><\/strong><em> (De izquierda a derecha): Econ. Juan Jose Tamariz, Asesor Corporativo; Ramiro Cornejo, Vicepresidente Ejecutivo de Hyundai Ecuador; Youngpyo Kim, Gerente Senior de Hyundai Motor; Dr Marcos Malo, Presidente Ejecutivo Neotruck; Matthew Lim, Director Ejecutivo de Ventas de Veh\u00edculos Comerciales de Hyundai Motor; Ximena Garc\u00eda, Gerente financiera administrativa Neotruck; Xavier Otero, Director L\u00ednea Pesados Camiones y Buses Hyundai. <\/em><\/span><\/p>\n<ul style=\"text-align: justify;\">\n<li><span style=\"color: #000000;\"><em>Los nuevos Hyundai Mighty EX6, EX8 y EX10 ofrecen camiones desde 3.5 hasta 8.5 toneladas de capacidad de carga, y est\u00e1n dise\u00f1ados para maximizar la rentabilidad de las operaciones de transporte.<\/em><\/span><\/li>\n<li><span style=\"color: #000000;\"><em>El lanzamiento oficial se realiz\u00f3 en la ciudad de Cuenca con la participaci\u00f3n de clientes, medios de comunicaci\u00f3n y representantes de la marca. <\/em><\/span><\/li>\n<\/ul>\n<p style=\"text-align: justify;\"><span style=\"color: #000000;\"><strong>Cuenca, julio 2025.-<\/strong> Hyundai, una de las marcas automotrices m\u00e1s reconocidas a nivel global, present\u00f3 oficialmente en la ciudad de Cuenca su renovada l\u00ednea de camiones Hyundai Mighty EX, compuesta por los modelos EX6, EX6 GT, EX8 y EX10. Estos nuevos veh\u00edculos comerciales marcan un hito en el segmento de carga ligera y mediana, destac\u00e1ndose por su dise\u00f1o moderno, robustez, rendimiento superior y alta eficiencia en consumo de combustible.<\/span><\/p>\n<p style=\"text-align: justify;\"><span style=\"color: #000000;\">Con capacidades de carga de 3.5, 4.5, 6.5 y 8.5 toneladas respectivamente, los camiones Hyundai Mighty EX llegan al pa\u00eds con una propuesta que eleva los est\u00e1ndares del sector transportista: mayor potencia del mercado, menor cilindraje para optimizar el consumo de combustible, y un largo carrozable que permite transportar m\u00e1s volumen por viaje, incrementando as\u00ed la rentabilidad de cada trayecto.<\/span><\/p>\n<p style=\"text-align: justify;\"><span style=\"color: #000000;\">La nueva cabina cuadrada, m\u00e1s amplia, moderna y ergon\u00f3mica, representa un cambio de imagen importante frente a la l\u00ednea anterior de cabina redonda, sin dejar de lado la calidad y confiabilidad que caracteriza a la marca. Adem\u00e1s, cuentan con garant\u00eda de 4 a\u00f1os sin l\u00edmite de kilometraje, ofreciendo respaldo total a sus usuarios prestando fiabilidad y larga vida \u00fatil.<\/span><\/p>\n<p style=\"text-align: justify;\"><span style=\"color: #000000;\">El lanzamiento oficial se realiz\u00f3 exclusivamente en Cuenca, en la concesionaria de la marca, donde se destacaron los beneficios de los camiones Hyundai bajo el concepto de la campa\u00f1a<strong> \u201cPara un pa\u00eds exigente\u201d.<\/strong> Esta campa\u00f1a resalta la capacidad, potencia y durabilidad de estos veh\u00edculos, cualidades esenciales para enfrentar las complejas condiciones viales de Ecuador, un pa\u00eds caracterizado por su geograf\u00eda monta\u00f1osa, caminos sinuosos y una variedad clim\u00e1tica que incluye lluvias intensas, especialmente en la regi\u00f3n andina y la Amazon\u00eda. Estos factores convierten al territorio ecuatoriano en un verdadero reto para el transporte de carga, lo que hace a\u00fan m\u00e1s relevante la adaptabilidad y resistencia de los camiones Hyundai.Los asistentes pudieron conocer de cerca los nuevos modelos y recibir asesor\u00eda sobre c\u00f3mo estos veh\u00edculos comerciales pueden ajustarse a las necesidades espec\u00edficas de cada negocio.<\/span><\/p>\n<p style=\"text-align: justify;\"><span style=\"color: #000000;\"><em>\u201cCon esta nueva l\u00ednea de camiones, Hyundai busca ofrecer soluciones reales para PYMES, transportistas, emprendedores y grandes empresas que requieren veh\u00edculos con alto desempe\u00f1o y bajo costo operativo. La serie Mighty EX es la respuesta a esa demanda creciente del mercado\u201d<\/em>, coment\u00f3 el vocero de Hyundai durante el evento.<\/span><\/p>\n<p style=\"text-align: justify;\"><span style=\"color: #000000;\">La propuesta de Hyundai est\u00e1 pensada para negocios del sector agropecuario, flor\u00edcola, construcci\u00f3n, distribuci\u00f3n de alimentos, bebidas y materiales, as\u00ed como para operadores de rutas urbanas y rurales que buscan eficiencia sin sacrificar potencia ni durabilidad.<\/span><\/p>\n<p style=\"text-align: justify;\"><span style=\"color: #000000;\">Con este lanzamiento, Hyundai reafirma su compromiso de brindar veh\u00edculos que impulsan la productividad y fortalecen el desarrollo de sectores estrat\u00e9gicos en el pa\u00eds.<\/span><\/p>\n<p><img decoding=\"async\" class=\"aligncenter size-full wp-image-133450\" src=\"https:\/\/www.quebakan.com\/v15\/wp-content\/uploads\/2025\/07\/Foto_LanzamientoCamiones_2.jpg\" alt=\"\" width=\"700\" height=\"467\" \/><\/p>\n<p>&nbsp;<\/p>\n<p><img decoding=\"async\" class=\"aligncenter size-full wp-image-133449\" src=\"https:\/\/www.quebakan.com\/v15\/wp-content\/uploads\/2025\/07\/Foto_LanzamientoCamiones1.jpg\" alt=\"\" width=\"700\" height=\"467\" \/><\/p>\n","protected":false},"excerpt":{"rendered":"<p>Pie de foto: (De izquierda a derecha): Econ. Juan Jose Tamariz, Asesor Corporativo; Ramiro Cornejo, Vicepresidente Ejecutivo de Hyundai Ecuador; Youngpyo Kim, Gerente Senior de Hyundai Motor; Dr Marcos Malo, Presidente Ejecutivo Neotruck; Matthew Lim, Director Ejecutivo de Ventas de Veh\u00edculos Comerciales de Hyundai Motor; Ximena Garc\u00eda, Gerente financiera administrativa Neotruck; Xavier Otero, Director L\u00ednea [&hellip;]<\/p>\n","protected":false},"author":4,"featured_media":133451,"comment_status":"closed","ping_status":"closed","sticky":false,"template":"","format":"standard","meta":{"_bbp_topic_count":0,"_bbp_reply_count":0,"_bbp_total_topic_count":0,"_bbp_total_reply_count":0,"_bbp_voice_count":0,"_bbp_anonymous_reply_count":0,"_bbp_topic_count_hidden":0,"_bbp_reply_count_hidden":0,"_bbp_forum_subforum_count":0,"buzzeditor_post_format":"","footnotes":""},"categories":[334],"tags":[],"class_list":["post-133448","post","type-post","status-publish","format-standard","has-post-thumbnail","hentry","category-empresarial"],"yoast_head":"<!-- This site is optimized with the Yoast SEO plugin v27.5 - https:\/\/yoast.com\/product\/yoast-seo-wordpress\/ -->\n<title>Hyundai presenta en Cuenca su nueva l\u00ednea de camiones Mighty EX: potencia, eficiencia y dise\u00f1o renovado para el trabajo pesado. &#8211; QUEBAKAN.COM 2026: Noticias, Eventos, Conciertos y mucho m\u00e1s....<\/title>\n<meta name=\"robots\" content=\"index, follow, max-snippet:-1, max-image-preview:large, max-video-preview:-1\" \/>\n<link rel=\"canonical\" href=\"https:\/\/www.quebakan.com\/v15\/hyundai-presenta-en-cuenca-su-nueva-linea-de-camiones-mighty-ex-potencia-eficiencia-y-diseno-renovado-para-el-trabajo-pesado\/\" \/>\n<meta property=\"og:locale\" content=\"es_ES\" \/>\n<meta property=\"og:type\" content=\"article\" \/>\n<meta property=\"og:title\" content=\"Hyundai presenta en Cuenca su nueva l\u00ednea de camiones Mighty EX: potencia, eficiencia y dise\u00f1o renovado para el trabajo pesado. &#8211; QUEBAKAN.COM 2026: Noticias, Eventos, Conciertos y mucho m\u00e1s....\" \/>\n<meta property=\"og:description\" content=\"Pie de foto: (De izquierda a derecha): Econ. Juan Jose Tamariz, Asesor Corporativo; Ramiro Cornejo, Vicepresidente Ejecutivo de Hyundai Ecuador; Youngpyo Kim, Gerente Senior de Hyundai Motor; Dr Marcos Malo, Presidente Ejecutivo Neotruck; Matthew Lim, Director Ejecutivo de Ventas de Veh\u00edculos Comerciales de Hyundai Motor; Ximena Garc\u00eda, Gerente financiera administrativa Neotruck; Xavier Otero, Director L\u00ednea [&hellip;]\" \/>\n<meta property=\"og:url\" content=\"https:\/\/www.quebakan.com\/v15\/hyundai-presenta-en-cuenca-su-nueva-linea-de-camiones-mighty-ex-potencia-eficiencia-y-diseno-renovado-para-el-trabajo-pesado\/\" \/>\n<meta property=\"og:site_name\" content=\"QUEBAKAN.COM 2026: Noticias, Eventos, Conciertos y mucho m\u00e1s....\" \/>\n<meta property=\"article:publisher\" content=\"http:\/\/www.facebook.com\/quebakan\" \/>\n<meta property=\"article:published_time\" content=\"2025-07-20T05:04:38+00:00\" \/>\n<meta property=\"og:image\" content=\"https:\/\/www.quebakan.com\/v15\/wp-content\/uploads\/2025\/07\/Foto_LanzamientoCamiones.jpg\" \/>\n\t<meta property=\"og:image:width\" content=\"700\" \/>\n\t<meta property=\"og:image:height\" content=\"467\" \/>\n\t<meta property=\"og:image:type\" content=\"image\/jpeg\" \/>\n<meta name=\"author\" content=\"Erick Villafuerte\" \/>\n<meta name=\"twitter:card\" content=\"summary_large_image\" \/>\n<meta name=\"twitter:creator\" content=\"@quebakanec\" \/>\n<meta name=\"twitter:site\" content=\"@quebakanec\" \/>\n<meta name=\"twitter:label1\" content=\"Escrito por\" \/>\n\t<meta name=\"twitter:data1\" content=\"Erick Villafuerte\" \/>\n\t<meta name=\"twitter:label2\" content=\"Tiempo de lectura\" \/>\n\t<meta name=\"twitter:data2\" content=\"4 minutos\" \/>\n<script type=\"application\/ld+json\" class=\"yoast-schema-graph\">{\"@context\":\"https:\\\/\\\/schema.org\",\"@graph\":[{\"@type\":\"Article\",\"@id\":\"https:\\\/\\\/www.quebakan.com\\\/v15\\\/hyundai-presenta-en-cuenca-su-nueva-linea-de-camiones-mighty-ex-potencia-eficiencia-y-diseno-renovado-para-el-trabajo-pesado\\\/#article\",\"isPartOf\":{\"@id\":\"https:\\\/\\\/www.quebakan.com\\\/v15\\\/hyundai-presenta-en-cuenca-su-nueva-linea-de-camiones-mighty-ex-potencia-eficiencia-y-diseno-renovado-para-el-trabajo-pesado\\\/\"},\"author\":{\"name\":\"Erick Villafuerte\",\"@id\":\"https:\\\/\\\/www.quebakan.com\\\/v15\\\/#\\\/schema\\\/person\\\/d90fa9f9cfa81eb8ace9811e5b7b9118\"},\"headline\":\"Hyundai presenta en Cuenca su nueva l\u00ednea de camiones Mighty EX: potencia, eficiencia y dise\u00f1o renovado para el trabajo pesado.\",\"datePublished\":\"2025-07-20T05:04:38+00:00\",\"mainEntityOfPage\":{\"@id\":\"https:\\\/\\\/www.quebakan.com\\\/v15\\\/hyundai-presenta-en-cuenca-su-nueva-linea-de-camiones-mighty-ex-potencia-eficiencia-y-diseno-renovado-para-el-trabajo-pesado\\\/\"},\"wordCount\":608,\"publisher\":{\"@id\":\"https:\\\/\\\/www.quebakan.com\\\/v15\\\/#organization\"},\"image\":{\"@id\":\"https:\\\/\\\/www.quebakan.com\\\/v15\\\/hyundai-presenta-en-cuenca-su-nueva-linea-de-camiones-mighty-ex-potencia-eficiencia-y-diseno-renovado-para-el-trabajo-pesado\\\/#primaryimage\"},\"thumbnailUrl\":\"https:\\\/\\\/www.quebakan.com\\\/v15\\\/wp-content\\\/uploads\\\/2025\\\/07\\\/Foto_LanzamientoCamiones.jpg\",\"articleSection\":[\"Empresarial\"],\"inLanguage\":\"es\"},{\"@type\":\"WebPage\",\"@id\":\"https:\\\/\\\/www.quebakan.com\\\/v15\\\/hyundai-presenta-en-cuenca-su-nueva-linea-de-camiones-mighty-ex-potencia-eficiencia-y-diseno-renovado-para-el-trabajo-pesado\\\/\",\"url\":\"https:\\\/\\\/www.quebakan.com\\\/v15\\\/hyundai-presenta-en-cuenca-su-nueva-linea-de-camiones-mighty-ex-potencia-eficiencia-y-diseno-renovado-para-el-trabajo-pesado\\\/\",\"name\":\"Hyundai presenta en Cuenca su nueva l\u00ednea de camiones Mighty EX: potencia, eficiencia y dise\u00f1o renovado para el trabajo pesado. &#8211; QUEBAKAN.COM 2026: Noticias, Eventos, Conciertos y mucho m\u00e1s....\",\"isPartOf\":{\"@id\":\"https:\\\/\\\/www.quebakan.com\\\/v15\\\/#website\"},\"primaryImageOfPage\":{\"@id\":\"https:\\\/\\\/www.quebakan.com\\\/v15\\\/hyundai-presenta-en-cuenca-su-nueva-linea-de-camiones-mighty-ex-potencia-eficiencia-y-diseno-renovado-para-el-trabajo-pesado\\\/#primaryimage\"},\"image\":{\"@id\":\"https:\\\/\\\/www.quebakan.com\\\/v15\\\/hyundai-presenta-en-cuenca-su-nueva-linea-de-camiones-mighty-ex-potencia-eficiencia-y-diseno-renovado-para-el-trabajo-pesado\\\/#primaryimage\"},\"thumbnailUrl\":\"https:\\\/\\\/www.quebakan.com\\\/v15\\\/wp-content\\\/uploads\\\/2025\\\/07\\\/Foto_LanzamientoCamiones.jpg\",\"datePublished\":\"2025-07-20T05:04:38+00:00\",\"breadcrumb\":{\"@id\":\"https:\\\/\\\/www.quebakan.com\\\/v15\\\/hyundai-presenta-en-cuenca-su-nueva-linea-de-camiones-mighty-ex-potencia-eficiencia-y-diseno-renovado-para-el-trabajo-pesado\\\/#breadcrumb\"},\"inLanguage\":\"es\",\"potentialAction\":[{\"@type\":\"ReadAction\",\"target\":[\"https:\\\/\\\/www.quebakan.com\\\/v15\\\/hyundai-presenta-en-cuenca-su-nueva-linea-de-camiones-mighty-ex-potencia-eficiencia-y-diseno-renovado-para-el-trabajo-pesado\\\/\"]}]},{\"@type\":\"ImageObject\",\"inLanguage\":\"es\",\"@id\":\"https:\\\/\\\/www.quebakan.com\\\/v15\\\/hyundai-presenta-en-cuenca-su-nueva-linea-de-camiones-mighty-ex-potencia-eficiencia-y-diseno-renovado-para-el-trabajo-pesado\\\/#primaryimage\",\"url\":\"https:\\\/\\\/www.quebakan.com\\\/v15\\\/wp-content\\\/uploads\\\/2025\\\/07\\\/Foto_LanzamientoCamiones.jpg\",\"contentUrl\":\"https:\\\/\\\/www.quebakan.com\\\/v15\\\/wp-content\\\/uploads\\\/2025\\\/07\\\/Foto_LanzamientoCamiones.jpg\",\"width\":700,\"height\":467},{\"@type\":\"BreadcrumbList\",\"@id\":\"https:\\\/\\\/www.quebakan.com\\\/v15\\\/hyundai-presenta-en-cuenca-su-nueva-linea-de-camiones-mighty-ex-potencia-eficiencia-y-diseno-renovado-para-el-trabajo-pesado\\\/#breadcrumb\",\"itemListElement\":[{\"@type\":\"ListItem\",\"position\":1,\"name\":\"Portada\",\"item\":\"https:\\\/\\\/www.quebakan.com\\\/v15\\\/\"},{\"@type\":\"ListItem\",\"position\":2,\"name\":\"Hyundai presenta en Cuenca su nueva l\u00ednea de camiones Mighty EX: potencia, eficiencia y dise\u00f1o renovado para el trabajo pesado.\"}]},{\"@type\":\"WebSite\",\"@id\":\"https:\\\/\\\/www.quebakan.com\\\/v15\\\/#website\",\"url\":\"https:\\\/\\\/www.quebakan.com\\\/v15\\\/\",\"name\":\"QUEBAKAN\",\"description\":\"..\",\"publisher\":{\"@id\":\"https:\\\/\\\/www.quebakan.com\\\/v15\\\/#organization\"},\"potentialAction\":[{\"@type\":\"SearchAction\",\"target\":{\"@type\":\"EntryPoint\",\"urlTemplate\":\"https:\\\/\\\/www.quebakan.com\\\/v15\\\/?s={search_term_string}\"},\"query-input\":{\"@type\":\"PropertyValueSpecification\",\"valueRequired\":true,\"valueName\":\"search_term_string\"}}],\"inLanguage\":\"es\"},{\"@type\":\"Organization\",\"@id\":\"https:\\\/\\\/www.quebakan.com\\\/v15\\\/#organization\",\"name\":\"Quebakan.com\",\"url\":\"https:\\\/\\\/www.quebakan.com\\\/v15\\\/\",\"logo\":{\"@type\":\"ImageObject\",\"inLanguage\":\"es\",\"@id\":\"https:\\\/\\\/www.quebakan.com\\\/v15\\\/#\\\/schema\\\/logo\\\/image\\\/\",\"url\":\"https:\\\/\\\/www.quebakan.com\\\/v15\\\/wp-content\\\/uploads\\\/2023\\\/07\\\/logoquebakanenero2021.jpg\",\"contentUrl\":\"https:\\\/\\\/www.quebakan.com\\\/v15\\\/wp-content\\\/uploads\\\/2023\\\/07\\\/logoquebakanenero2021.jpg\",\"width\":1920,\"height\":1080,\"caption\":\"Quebakan.com\"},\"image\":{\"@id\":\"https:\\\/\\\/www.quebakan.com\\\/v15\\\/#\\\/schema\\\/logo\\\/image\\\/\"},\"sameAs\":[\"http:\\\/\\\/www.facebook.com\\\/quebakan\",\"https:\\\/\\\/x.com\\\/quebakanec\",\"http:\\\/\\\/www.instagram.com\\\/quebakan\",\"http:\\\/\\\/www.youtube.com\\\/quebakan1\"]},{\"@type\":\"Person\",\"@id\":\"https:\\\/\\\/www.quebakan.com\\\/v15\\\/#\\\/schema\\\/person\\\/d90fa9f9cfa81eb8ace9811e5b7b9118\",\"name\":\"Erick Villafuerte\",\"image\":{\"@type\":\"ImageObject\",\"inLanguage\":\"es\",\"@id\":\"https:\\\/\\\/www.quebakan.com\\\/v15\\\/wp-content\\\/uploads\\\/avatars\\\/4\\\/1731297654-bpfull.png\",\"url\":\"https:\\\/\\\/www.quebakan.com\\\/v15\\\/wp-content\\\/uploads\\\/avatars\\\/4\\\/1731297654-bpfull.png\",\"contentUrl\":\"https:\\\/\\\/www.quebakan.com\\\/v15\\\/wp-content\\\/uploads\\\/avatars\\\/4\\\/1731297654-bpfull.png\",\"caption\":\"Erick Villafuerte\"}}]}<\/script>\n<!-- \/ Yoast SEO plugin. -->","yoast_head_json":{"title":"Hyundai presenta en Cuenca su nueva l\u00ednea de camiones Mighty EX: potencia, eficiencia y dise\u00f1o renovado para el trabajo pesado. &#8211; QUEBAKAN.COM 2026: Noticias, Eventos, Conciertos y mucho m\u00e1s....","robots":{"index":"index","follow":"follow","max-snippet":"max-snippet:-1","max-image-preview":"max-image-preview:large","max-video-preview":"max-video-preview:-1"},"canonical":"https:\/\/www.quebakan.com\/v15\/hyundai-presenta-en-cuenca-su-nueva-linea-de-camiones-mighty-ex-potencia-eficiencia-y-diseno-renovado-para-el-trabajo-pesado\/","og_locale":"es_ES","og_type":"article","og_title":"Hyundai presenta en Cuenca su nueva l\u00ednea de camiones Mighty EX: potencia, eficiencia y dise\u00f1o renovado para el trabajo pesado. &#8211; QUEBAKAN.COM 2026: Noticias, Eventos, Conciertos y mucho m\u00e1s....","og_description":"Pie de foto: (De izquierda a derecha): Econ. Juan Jose Tamariz, Asesor Corporativo; Ramiro Cornejo, Vicepresidente Ejecutivo de Hyundai Ecuador; Youngpyo Kim, Gerente Senior de Hyundai Motor; Dr Marcos Malo, Presidente Ejecutivo Neotruck; Matthew Lim, Director Ejecutivo de Ventas de Veh\u00edculos Comerciales de Hyundai Motor; Ximena Garc\u00eda, Gerente financiera administrativa Neotruck; Xavier Otero, Director L\u00ednea [&hellip;]","og_url":"https:\/\/www.quebakan.com\/v15\/hyundai-presenta-en-cuenca-su-nueva-linea-de-camiones-mighty-ex-potencia-eficiencia-y-diseno-renovado-para-el-trabajo-pesado\/","og_site_name":"QUEBAKAN.COM 2026: Noticias, Eventos, Conciertos y mucho m\u00e1s....","article_publisher":"http:\/\/www.facebook.com\/quebakan","article_published_time":"2025-07-20T05:04:38+00:00","og_image":[{"width":700,"height":467,"url":"https:\/\/www.quebakan.com\/v15\/wp-content\/uploads\/2025\/07\/Foto_LanzamientoCamiones.jpg","type":"image\/jpeg"}],"author":"Erick Villafuerte","twitter_card":"summary_large_image","twitter_creator":"@quebakanec","twitter_site":"@quebakanec","twitter_misc":{"Escrito por":"Erick Villafuerte","Tiempo de lectura":"4 minutos"},"schema":{"@context":"https:\/\/schema.org","@graph":[{"@type":"Article","@id":"https:\/\/www.quebakan.com\/v15\/hyundai-presenta-en-cuenca-su-nueva-linea-de-camiones-mighty-ex-potencia-eficiencia-y-diseno-renovado-para-el-trabajo-pesado\/#article","isPartOf":{"@id":"https:\/\/www.quebakan.com\/v15\/hyundai-presenta-en-cuenca-su-nueva-linea-de-camiones-mighty-ex-potencia-eficiencia-y-diseno-renovado-para-el-trabajo-pesado\/"},"author":{"name":"Erick Villafuerte","@id":"https:\/\/www.quebakan.com\/v15\/#\/schema\/person\/d90fa9f9cfa81eb8ace9811e5b7b9118"},"headline":"Hyundai presenta en Cuenca su nueva l\u00ednea de camiones Mighty EX: potencia, eficiencia y dise\u00f1o renovado para el trabajo pesado.","datePublished":"2025-07-20T05:04:38+00:00","mainEntityOfPage":{"@id":"https:\/\/www.quebakan.com\/v15\/hyundai-presenta-en-cuenca-su-nueva-linea-de-camiones-mighty-ex-potencia-eficiencia-y-diseno-renovado-para-el-trabajo-pesado\/"},"wordCount":608,"publisher":{"@id":"https:\/\/www.quebakan.com\/v15\/#organization"},"image":{"@id":"https:\/\/www.quebakan.com\/v15\/hyundai-presenta-en-cuenca-su-nueva-linea-de-camiones-mighty-ex-potencia-eficiencia-y-diseno-renovado-para-el-trabajo-pesado\/#primaryimage"},"thumbnailUrl":"https:\/\/www.quebakan.com\/v15\/wp-content\/uploads\/2025\/07\/Foto_LanzamientoCamiones.jpg","articleSection":["Empresarial"],"inLanguage":"es"},{"@type":"WebPage","@id":"https:\/\/www.quebakan.com\/v15\/hyundai-presenta-en-cuenca-su-nueva-linea-de-camiones-mighty-ex-potencia-eficiencia-y-diseno-renovado-para-el-trabajo-pesado\/","url":"https:\/\/www.quebakan.com\/v15\/hyundai-presenta-en-cuenca-su-nueva-linea-de-camiones-mighty-ex-potencia-eficiencia-y-diseno-renovado-para-el-trabajo-pesado\/","name":"Hyundai presenta en Cuenca su nueva l\u00ednea de camiones Mighty EX: potencia, eficiencia y dise\u00f1o renovado para el trabajo pesado. &#8211; QUEBAKAN.COM 2026: Noticias, Eventos, Conciertos y mucho m\u00e1s....","isPartOf":{"@id":"https:\/\/www.quebakan.com\/v15\/#website"},"primaryImageOfPage":{"@id":"https:\/\/www.quebakan.com\/v15\/hyundai-presenta-en-cuenca-su-nueva-linea-de-camiones-mighty-ex-potencia-eficiencia-y-diseno-renovado-para-el-trabajo-pesado\/#primaryimage"},"image":{"@id":"https:\/\/www.quebakan.com\/v15\/hyundai-presenta-en-cuenca-su-nueva-linea-de-camiones-mighty-ex-potencia-eficiencia-y-diseno-renovado-para-el-trabajo-pesado\/#primaryimage"},"thumbnailUrl":"https:\/\/www.quebakan.com\/v15\/wp-content\/uploads\/2025\/07\/Foto_LanzamientoCamiones.jpg","datePublished":"2025-07-20T05:04:38+00:00","breadcrumb":{"@id":"https:\/\/www.quebakan.com\/v15\/hyundai-presenta-en-cuenca-su-nueva-linea-de-camiones-mighty-ex-potencia-eficiencia-y-diseno-renovado-para-el-trabajo-pesado\/#breadcrumb"},"inLanguage":"es","potentialAction":[{"@type":"ReadAction","target":["https:\/\/www.quebakan.com\/v15\/hyundai-presenta-en-cuenca-su-nueva-linea-de-camiones-mighty-ex-potencia-eficiencia-y-diseno-renovado-para-el-trabajo-pesado\/"]}]},{"@type":"ImageObject","inLanguage":"es","@id":"https:\/\/www.quebakan.com\/v15\/hyundai-presenta-en-cuenca-su-nueva-linea-de-camiones-mighty-ex-potencia-eficiencia-y-diseno-renovado-para-el-trabajo-pesado\/#primaryimage","url":"https:\/\/www.quebakan.com\/v15\/wp-content\/uploads\/2025\/07\/Foto_LanzamientoCamiones.jpg","contentUrl":"https:\/\/www.quebakan.com\/v15\/wp-content\/uploads\/2025\/07\/Foto_LanzamientoCamiones.jpg","width":700,"height":467},{"@type":"BreadcrumbList","@id":"https:\/\/www.quebakan.com\/v15\/hyundai-presenta-en-cuenca-su-nueva-linea-de-camiones-mighty-ex-potencia-eficiencia-y-diseno-renovado-para-el-trabajo-pesado\/#breadcrumb","itemListElement":[{"@type":"ListItem","position":1,"name":"Portada","item":"https:\/\/www.quebakan.com\/v15\/"},{"@type":"ListItem","position":2,"name":"Hyundai presenta en Cuenca su nueva l\u00ednea de camiones Mighty EX: potencia, eficiencia y dise\u00f1o renovado para el trabajo pesado."}]},{"@type":"WebSite","@id":"https:\/\/www.quebakan.com\/v15\/#website","url":"https:\/\/www.quebakan.com\/v15\/","name":"QUEBAKAN","description":"..","publisher":{"@id":"https:\/\/www.quebakan.com\/v15\/#organization"},"potentialAction":[{"@type":"SearchAction","target":{"@type":"EntryPoint","urlTemplate":"https:\/\/www.quebakan.com\/v15\/?s={search_term_string}"},"query-input":{"@type":"PropertyValueSpecification","valueRequired":true,"valueName":"search_term_string"}}],"inLanguage":"es"},{"@type":"Organization","@id":"https:\/\/www.quebakan.com\/v15\/#organization","name":"Quebakan.com","url":"https:\/\/www.quebakan.com\/v15\/","logo":{"@type":"ImageObject","inLanguage":"es","@id":"https:\/\/www.quebakan.com\/v15\/#\/schema\/logo\/image\/","url":"https:\/\/www.quebakan.com\/v15\/wp-content\/uploads\/2023\/07\/logoquebakanenero2021.jpg","contentUrl":"https:\/\/www.quebakan.com\/v15\/wp-content\/uploads\/2023\/07\/logoquebakanenero2021.jpg","width":1920,"height":1080,"caption":"Quebakan.com"},"image":{"@id":"https:\/\/www.quebakan.com\/v15\/#\/schema\/logo\/image\/"},"sameAs":["http:\/\/www.facebook.com\/quebakan","https:\/\/x.com\/quebakanec","http:\/\/www.instagram.com\/quebakan","http:\/\/www.youtube.com\/quebakan1"]},{"@type":"Person","@id":"https:\/\/www.quebakan.com\/v15\/#\/schema\/person\/d90fa9f9cfa81eb8ace9811e5b7b9118","name":"Erick Villafuerte","image":{"@type":"ImageObject","inLanguage":"es","@id":"https:\/\/www.quebakan.com\/v15\/wp-content\/uploads\/avatars\/4\/1731297654-bpfull.png","url":"https:\/\/www.quebakan.com\/v15\/wp-content\/uploads\/avatars\/4\/1731297654-bpfull.png","contentUrl":"https:\/\/www.quebakan.com\/v15\/wp-content\/uploads\/avatars\/4\/1731297654-bpfull.png","caption":"Erick Villafuerte"}}]}},"_links":{"self":[{"href":"https:\/\/www.quebakan.com\/v15\/wp-json\/wp\/v2\/posts\/133448","targetHints":{"allow":["GET"]}}],"collection":[{"href":"https:\/\/www.quebakan.com\/v15\/wp-json\/wp\/v2\/posts"}],"about":[{"href":"https:\/\/www.quebakan.com\/v15\/wp-json\/wp\/v2\/types\/post"}],"author":[{"embeddable":true,"href":"https:\/\/www.quebakan.com\/v15\/wp-json\/wp\/v2\/users\/4"}],"replies":[{"embeddable":true,"href":"https:\/\/www.quebakan.com\/v15\/wp-json\/wp\/v2\/comments?post=133448"}],"version-history":[{"count":1,"href":"https:\/\/www.quebakan.com\/v15\/wp-json\/wp\/v2\/posts\/133448\/revisions"}],"predecessor-version":[{"id":133452,"href":"https:\/\/www.quebakan.com\/v15\/wp-json\/wp\/v2\/posts\/133448\/revisions\/133452"}],"wp:featuredmedia":[{"embeddable":true,"href":"https:\/\/www.quebakan.com\/v15\/wp-json\/wp\/v2\/media\/133451"}],"wp:attachment":[{"href":"https:\/\/www.quebakan.com\/v15\/wp-json\/wp\/v2\/media?parent=133448"}],"wp:term":[{"taxonomy":"category","embeddable":true,"href":"https:\/\/www.quebakan.com\/v15\/wp-json\/wp\/v2\/categories?post=133448"},{"taxonomy":"post_tag","embeddable":true,"href":"https:\/\/www.quebakan.com\/v15\/wp-json\/wp\/v2\/tags?post=133448"}],"curies":[{"name":"wp","href":"https:\/\/api.w.org\/{rel}","templated":true}]}}