{"id":133453,"date":"2025-07-20T00:10:10","date_gmt":"2025-07-20T05:10:10","guid":{"rendered":"https:\/\/www.quebakan.com\/v15\/?p=133453"},"modified":"2025-07-20T00:10:10","modified_gmt":"2025-07-20T05:10:10","slug":"impulso-pyme-un-programa-educativo-gratuito-para-emprendedores-que-buscan-escalar-sus-negocios-en-la-era-digital","status":"publish","type":"post","link":"https:\/\/www.quebakan.com\/v15\/impulso-pyme-un-programa-educativo-gratuito-para-emprendedores-que-buscan-escalar-sus-negocios-en-la-era-digital\/","title":{"rendered":"\u201cIMPULSO PYME\u201d UN PROGRAMA EDUCATIVO GRATUITO PARA EMPRENDEDORES QUE BUSCAN ESCALAR SUS NEGOCIOS EN LA ERA DIGITAL"},"content":{"rendered":"<p dir=\"ltr\"><img fetchpriority=\"high\" decoding=\"async\" class=\"aligncenter size-full wp-image-133454\" src=\"https:\/\/www.quebakan.com\/v15\/wp-content\/uploads\/2025\/07\/IMPULSO-PYME-UN-PROGRAMA-EDUCATIVO-GRATUITO-PRESS-2-.jpg\" alt=\"\" width=\"700\" height=\"560\" \/><\/p>\n<p dir=\"ltr\" style=\"text-align: justify;\"><span style=\"color: #000000;\">L\u00cdDERES DE LA REGI\u00d3N ABORDAR\u00c1N TEMAS COMO: MONETIZACI\u00d3N DIGITAL, ESTRATEGIA, INNOVACI\u00d3N TECNOL\u00d3GICA Y MODELOS DE NEGOCIO PARA COMPETIR EN ENTORNOS CAMBIANTES.<\/span><\/p>\n<p dir=\"ltr\" style=\"text-align: justify;\"><span style=\"color: #000000;\">La plataforma de contabilidad Siigo Contifico lanza\u00a0\u201cImpulso PYME\u201d, un programa educativo gratuito que durante cuatro sesiones virtuales ofrece formaci\u00f3n pr\u00e1ctica, mentor\u00eda experta, material de trabajo descargable y la oportunidad de obtener un certificado de asistencia. Esta iniciativa fue dise\u00f1ada para facilitar la adopci\u00f3n de herramientas digitales, el dise\u00f1o de modelos de negocio escalables y la construcci\u00f3n de una comunidad impulsada por la innovaci\u00f3n.<\/span><\/p>\n<p dir=\"ltr\" style=\"text-align: justify;\"><span style=\"color: #000000;\">Las sesiones, con una duraci\u00f3n de 80 minutos cada una y programadas para los d\u00edas 22 y 29 de julio, as\u00ed como el 5 y 12 de agosto a las 11:00 a.m., guiar\u00e1n a los participantes desde la mentalidad digital inicial hasta la ejecuci\u00f3n efectiva de sus proyectos. En cada encuentro, se entregar\u00e1 un libro de trabajo virtual con actividades que complementan los temas y permiten la aplicaci\u00f3n inmediata de lo aprendido. Al completar las cuatro sesiones, los emprendedores recibir\u00e1n un reconocimiento formal y un\u00a0certificado oficial de asistencia.<\/span><\/p>\n<p dir=\"ltr\" style=\"text-align: justify;\"><span style=\"color: #000000;\">Seg\u00fan David Ortiz, CEO de Siigo,\u00a0\u201cImpulso PYME nace para que los emprendedores latinoamericanos encuentren en la tecnolog\u00eda y el conocimiento aplicado el impulso que necesitan para transformar ideas en negocios con impacto sostenible\u201d.\u00a0Esta visi\u00f3n refuerza el compromiso de la empresa con la formaci\u00f3n integral y accesible como motor de desarrollo econ\u00f3mico.<\/span><\/p>\n<p dir=\"ltr\" style=\"text-align: justify;\"><span style=\"color: #000000;\">Entre los ponentes confirmados destacan figuras influyentes del ecosistema empresarial como Jos\u00e9 Carlos Mondrag\u00f3n (Tecnol\u00f3gico de Monterrey), Mariano Doncel (<span aria-invalid=\"spelling\">Savatii<\/span>), Santiago Aguilera (Mondel\u0113z), Felipe Arcila (APPCE), Camilo Hurtado (Compensar), Engel Fonseca (Neurona Digital) y Juan Gabriel (Starter). Los temas a tratar incluyen monetizaci\u00f3n digital, toma de decisiones estrat\u00e9gicas, innovaci\u00f3n, acceso a capital para ideas digitales, marketing, ventas y plataformas para escalar negocios.<\/span><\/p>\n<p dir=\"ltr\" style=\"text-align: justify;\"><span style=\"color: #000000;\">El programa cuenta con el respaldo del Tecnol\u00f3gico de Monterrey, Compensar, Tienda Nube, APPCE, Savatii, Neurona Digital y l\u00edderes empresariales de la regi\u00f3n fortalece este programa y reafirma su compromiso con el desarrollo socioecon\u00f3mico de las PYMEs.<\/span><\/p>\n<p dir=\"ltr\" style=\"text-align: justify;\"><span style=\"color: #000000;\">Los interesados pueden inscribirse gratuitamente a trav\u00e9s del siguiente enlace o a trav\u00e9s de instagram @siigocontifico, link de inscripci\u00f3n:\u00a0\u00a0<a style=\"color: #000000;\" href=\"https:\/\/bit.ly\/4nQWLdd\" target=\"_blank\" rel=\"noopener\" data-saferedirecturl=\"https:\/\/www.google.com\/url?q=https:\/\/bit.ly\/4nQWLdd&amp;source=gmail&amp;ust=1753063121512000&amp;usg=AOvVaw2SlKYJG9Rasn0CisovcpRh\">https:\/\/bit.ly\/4<wbr \/>nQWLdd<\/a><\/span><\/p>\n<p dir=\"ltr\"><img decoding=\"async\" class=\"aligncenter size-full wp-image-133455\" src=\"https:\/\/www.quebakan.com\/v15\/wp-content\/uploads\/2025\/07\/IMPULSO-PYME-UN-PROGRAMA-EDUCATIVO-GRATUITO-PRESS-.jpg\" alt=\"\" width=\"700\" height=\"467\" \/><\/p>\n","protected":false},"excerpt":{"rendered":"<p>L\u00cdDERES DE LA REGI\u00d3N ABORDAR\u00c1N TEMAS COMO: MONETIZACI\u00d3N DIGITAL, ESTRATEGIA, INNOVACI\u00d3N TECNOL\u00d3GICA Y MODELOS DE NEGOCIO PARA COMPETIR EN ENTORNOS CAMBIANTES. La plataforma de contabilidad Siigo Contifico lanza\u00a0\u201cImpulso PYME\u201d, un programa educativo gratuito que durante cuatro sesiones virtuales ofrece formaci\u00f3n pr\u00e1ctica, mentor\u00eda experta, material de trabajo descargable y la oportunidad de obtener un certificado de [&hellip;]<\/p>\n","protected":false},"author":4,"featured_media":133454,"comment_status":"closed","ping_status":"closed","sticky":false,"template":"","format":"standard","meta":{"_bbp_topic_count":0,"_bbp_reply_count":0,"_bbp_total_topic_count":0,"_bbp_total_reply_count":0,"_bbp_voice_count":0,"_bbp_anonymous_reply_count":0,"_bbp_topic_count_hidden":0,"_bbp_reply_count_hidden":0,"_bbp_forum_subforum_count":0,"buzzeditor_post_format":"","footnotes":""},"categories":[2],"tags":[],"class_list":["post-133453","post","type-post","status-publish","format-standard","has-post-thumbnail","hentry","category-noticias"],"yoast_head":"<!-- This site is optimized with the Yoast SEO plugin v27.5 - https:\/\/yoast.com\/product\/yoast-seo-wordpress\/ -->\n<title>\u201cIMPULSO PYME\u201d UN PROGRAMA EDUCATIVO GRATUITO PARA EMPRENDEDORES QUE BUSCAN ESCALAR SUS NEGOCIOS EN LA ERA DIGITAL &#8211; QUEBAKAN.COM 2026: Noticias, Eventos, Conciertos y mucho m\u00e1s....<\/title>\n<meta name=\"robots\" content=\"index, follow, max-snippet:-1, max-image-preview:large, max-video-preview:-1\" \/>\n<link rel=\"canonical\" href=\"https:\/\/www.quebakan.com\/v15\/impulso-pyme-un-programa-educativo-gratuito-para-emprendedores-que-buscan-escalar-sus-negocios-en-la-era-digital\/\" \/>\n<meta property=\"og:locale\" content=\"es_ES\" \/>\n<meta property=\"og:type\" content=\"article\" \/>\n<meta property=\"og:title\" content=\"\u201cIMPULSO PYME\u201d UN PROGRAMA EDUCATIVO GRATUITO PARA EMPRENDEDORES QUE BUSCAN ESCALAR SUS NEGOCIOS EN LA ERA DIGITAL &#8211; QUEBAKAN.COM 2026: Noticias, Eventos, Conciertos y mucho m\u00e1s....\" \/>\n<meta property=\"og:description\" content=\"L\u00cdDERES DE LA REGI\u00d3N ABORDAR\u00c1N TEMAS COMO: MONETIZACI\u00d3N DIGITAL, ESTRATEGIA, INNOVACI\u00d3N TECNOL\u00d3GICA Y MODELOS DE NEGOCIO PARA COMPETIR EN ENTORNOS CAMBIANTES. La plataforma de contabilidad Siigo Contifico lanza\u00a0\u201cImpulso PYME\u201d, un programa educativo gratuito que durante cuatro sesiones virtuales ofrece formaci\u00f3n pr\u00e1ctica, mentor\u00eda experta, material de trabajo descargable y la oportunidad de obtener un certificado de [&hellip;]\" \/>\n<meta property=\"og:url\" content=\"https:\/\/www.quebakan.com\/v15\/impulso-pyme-un-programa-educativo-gratuito-para-emprendedores-que-buscan-escalar-sus-negocios-en-la-era-digital\/\" \/>\n<meta property=\"og:site_name\" content=\"QUEBAKAN.COM 2026: Noticias, Eventos, Conciertos y mucho m\u00e1s....\" \/>\n<meta property=\"article:publisher\" content=\"http:\/\/www.facebook.com\/quebakan\" \/>\n<meta property=\"article:published_time\" content=\"2025-07-20T05:10:10+00:00\" \/>\n<meta property=\"og:image\" content=\"https:\/\/www.quebakan.com\/v15\/wp-content\/uploads\/2025\/07\/IMPULSO-PYME-UN-PROGRAMA-EDUCATIVO-GRATUITO-PRESS-2-.jpg\" \/>\n\t<meta property=\"og:image:width\" content=\"700\" \/>\n\t<meta property=\"og:image:height\" content=\"560\" \/>\n\t<meta property=\"og:image:type\" content=\"image\/jpeg\" \/>\n<meta name=\"author\" content=\"Erick Villafuerte\" \/>\n<meta name=\"twitter:card\" content=\"summary_large_image\" \/>\n<meta name=\"twitter:creator\" content=\"@quebakanec\" \/>\n<meta name=\"twitter:site\" content=\"@quebakanec\" \/>\n<meta name=\"twitter:label1\" content=\"Escrito por\" \/>\n\t<meta name=\"twitter:data1\" content=\"Erick Villafuerte\" \/>\n\t<meta name=\"twitter:label2\" content=\"Tiempo de lectura\" \/>\n\t<meta name=\"twitter:data2\" content=\"3 minutos\" \/>\n<script type=\"application\/ld+json\" class=\"yoast-schema-graph\">{\"@context\":\"https:\\\/\\\/schema.org\",\"@graph\":[{\"@type\":\"Article\",\"@id\":\"https:\\\/\\\/www.quebakan.com\\\/v15\\\/impulso-pyme-un-programa-educativo-gratuito-para-emprendedores-que-buscan-escalar-sus-negocios-en-la-era-digital\\\/#article\",\"isPartOf\":{\"@id\":\"https:\\\/\\\/www.quebakan.com\\\/v15\\\/impulso-pyme-un-programa-educativo-gratuito-para-emprendedores-que-buscan-escalar-sus-negocios-en-la-era-digital\\\/\"},\"author\":{\"name\":\"Erick Villafuerte\",\"@id\":\"https:\\\/\\\/www.quebakan.com\\\/v15\\\/#\\\/schema\\\/person\\\/d90fa9f9cfa81eb8ace9811e5b7b9118\"},\"headline\":\"\u201cIMPULSO PYME\u201d UN PROGRAMA EDUCATIVO GRATUITO PARA EMPRENDEDORES QUE BUSCAN ESCALAR SUS NEGOCIOS EN LA ERA DIGITAL\",\"datePublished\":\"2025-07-20T05:10:10+00:00\",\"mainEntityOfPage\":{\"@id\":\"https:\\\/\\\/www.quebakan.com\\\/v15\\\/impulso-pyme-un-programa-educativo-gratuito-para-emprendedores-que-buscan-escalar-sus-negocios-en-la-era-digital\\\/\"},\"wordCount\":399,\"publisher\":{\"@id\":\"https:\\\/\\\/www.quebakan.com\\\/v15\\\/#organization\"},\"image\":{\"@id\":\"https:\\\/\\\/www.quebakan.com\\\/v15\\\/impulso-pyme-un-programa-educativo-gratuito-para-emprendedores-que-buscan-escalar-sus-negocios-en-la-era-digital\\\/#primaryimage\"},\"thumbnailUrl\":\"https:\\\/\\\/www.quebakan.com\\\/v15\\\/wp-content\\\/uploads\\\/2025\\\/07\\\/IMPULSO-PYME-UN-PROGRAMA-EDUCATIVO-GRATUITO-PRESS-2-.jpg\",\"articleSection\":[\"Noticias\"],\"inLanguage\":\"es\"},{\"@type\":\"WebPage\",\"@id\":\"https:\\\/\\\/www.quebakan.com\\\/v15\\\/impulso-pyme-un-programa-educativo-gratuito-para-emprendedores-que-buscan-escalar-sus-negocios-en-la-era-digital\\\/\",\"url\":\"https:\\\/\\\/www.quebakan.com\\\/v15\\\/impulso-pyme-un-programa-educativo-gratuito-para-emprendedores-que-buscan-escalar-sus-negocios-en-la-era-digital\\\/\",\"name\":\"\u201cIMPULSO PYME\u201d UN PROGRAMA EDUCATIVO GRATUITO PARA EMPRENDEDORES QUE BUSCAN ESCALAR SUS NEGOCIOS EN LA ERA DIGITAL &#8211; QUEBAKAN.COM 2026: Noticias, Eventos, Conciertos y mucho m\u00e1s....\",\"isPartOf\":{\"@id\":\"https:\\\/\\\/www.quebakan.com\\\/v15\\\/#website\"},\"primaryImageOfPage\":{\"@id\":\"https:\\\/\\\/www.quebakan.com\\\/v15\\\/impulso-pyme-un-programa-educativo-gratuito-para-emprendedores-que-buscan-escalar-sus-negocios-en-la-era-digital\\\/#primaryimage\"},\"image\":{\"@id\":\"https:\\\/\\\/www.quebakan.com\\\/v15\\\/impulso-pyme-un-programa-educativo-gratuito-para-emprendedores-que-buscan-escalar-sus-negocios-en-la-era-digital\\\/#primaryimage\"},\"thumbnailUrl\":\"https:\\\/\\\/www.quebakan.com\\\/v15\\\/wp-content\\\/uploads\\\/2025\\\/07\\\/IMPULSO-PYME-UN-PROGRAMA-EDUCATIVO-GRATUITO-PRESS-2-.jpg\",\"datePublished\":\"2025-07-20T05:10:10+00:00\",\"breadcrumb\":{\"@id\":\"https:\\\/\\\/www.quebakan.com\\\/v15\\\/impulso-pyme-un-programa-educativo-gratuito-para-emprendedores-que-buscan-escalar-sus-negocios-en-la-era-digital\\\/#breadcrumb\"},\"inLanguage\":\"es\",\"potentialAction\":[{\"@type\":\"ReadAction\",\"target\":[\"https:\\\/\\\/www.quebakan.com\\\/v15\\\/impulso-pyme-un-programa-educativo-gratuito-para-emprendedores-que-buscan-escalar-sus-negocios-en-la-era-digital\\\/\"]}]},{\"@type\":\"ImageObject\",\"inLanguage\":\"es\",\"@id\":\"https:\\\/\\\/www.quebakan.com\\\/v15\\\/impulso-pyme-un-programa-educativo-gratuito-para-emprendedores-que-buscan-escalar-sus-negocios-en-la-era-digital\\\/#primaryimage\",\"url\":\"https:\\\/\\\/www.quebakan.com\\\/v15\\\/wp-content\\\/uploads\\\/2025\\\/07\\\/IMPULSO-PYME-UN-PROGRAMA-EDUCATIVO-GRATUITO-PRESS-2-.jpg\",\"contentUrl\":\"https:\\\/\\\/www.quebakan.com\\\/v15\\\/wp-content\\\/uploads\\\/2025\\\/07\\\/IMPULSO-PYME-UN-PROGRAMA-EDUCATIVO-GRATUITO-PRESS-2-.jpg\",\"width\":700,\"height\":560},{\"@type\":\"BreadcrumbList\",\"@id\":\"https:\\\/\\\/www.quebakan.com\\\/v15\\\/impulso-pyme-un-programa-educativo-gratuito-para-emprendedores-que-buscan-escalar-sus-negocios-en-la-era-digital\\\/#breadcrumb\",\"itemListElement\":[{\"@type\":\"ListItem\",\"position\":1,\"name\":\"Portada\",\"item\":\"https:\\\/\\\/www.quebakan.com\\\/v15\\\/\"},{\"@type\":\"ListItem\",\"position\":2,\"name\":\"\u201cIMPULSO PYME\u201d UN PROGRAMA EDUCATIVO GRATUITO PARA EMPRENDEDORES QUE BUSCAN ESCALAR SUS NEGOCIOS EN LA ERA DIGITAL\"}]},{\"@type\":\"WebSite\",\"@id\":\"https:\\\/\\\/www.quebakan.com\\\/v15\\\/#website\",\"url\":\"https:\\\/\\\/www.quebakan.com\\\/v15\\\/\",\"name\":\"QUEBAKAN\",\"description\":\"..\",\"publisher\":{\"@id\":\"https:\\\/\\\/www.quebakan.com\\\/v15\\\/#organization\"},\"potentialAction\":[{\"@type\":\"SearchAction\",\"target\":{\"@type\":\"EntryPoint\",\"urlTemplate\":\"https:\\\/\\\/www.quebakan.com\\\/v15\\\/?s={search_term_string}\"},\"query-input\":{\"@type\":\"PropertyValueSpecification\",\"valueRequired\":true,\"valueName\":\"search_term_string\"}}],\"inLanguage\":\"es\"},{\"@type\":\"Organization\",\"@id\":\"https:\\\/\\\/www.quebakan.com\\\/v15\\\/#organization\",\"name\":\"Quebakan.com\",\"url\":\"https:\\\/\\\/www.quebakan.com\\\/v15\\\/\",\"logo\":{\"@type\":\"ImageObject\",\"inLanguage\":\"es\",\"@id\":\"https:\\\/\\\/www.quebakan.com\\\/v15\\\/#\\\/schema\\\/logo\\\/image\\\/\",\"url\":\"https:\\\/\\\/www.quebakan.com\\\/v15\\\/wp-content\\\/uploads\\\/2023\\\/07\\\/logoquebakanenero2021.jpg\",\"contentUrl\":\"https:\\\/\\\/www.quebakan.com\\\/v15\\\/wp-content\\\/uploads\\\/2023\\\/07\\\/logoquebakanenero2021.jpg\",\"width\":1920,\"height\":1080,\"caption\":\"Quebakan.com\"},\"image\":{\"@id\":\"https:\\\/\\\/www.quebakan.com\\\/v15\\\/#\\\/schema\\\/logo\\\/image\\\/\"},\"sameAs\":[\"http:\\\/\\\/www.facebook.com\\\/quebakan\",\"https:\\\/\\\/x.com\\\/quebakanec\",\"http:\\\/\\\/www.instagram.com\\\/quebakan\",\"http:\\\/\\\/www.youtube.com\\\/quebakan1\"]},{\"@type\":\"Person\",\"@id\":\"https:\\\/\\\/www.quebakan.com\\\/v15\\\/#\\\/schema\\\/person\\\/d90fa9f9cfa81eb8ace9811e5b7b9118\",\"name\":\"Erick Villafuerte\",\"image\":{\"@type\":\"ImageObject\",\"inLanguage\":\"es\",\"@id\":\"https:\\\/\\\/www.quebakan.com\\\/v15\\\/wp-content\\\/uploads\\\/avatars\\\/4\\\/1731297654-bpfull.png\",\"url\":\"https:\\\/\\\/www.quebakan.com\\\/v15\\\/wp-content\\\/uploads\\\/avatars\\\/4\\\/1731297654-bpfull.png\",\"contentUrl\":\"https:\\\/\\\/www.quebakan.com\\\/v15\\\/wp-content\\\/uploads\\\/avatars\\\/4\\\/1731297654-bpfull.png\",\"caption\":\"Erick Villafuerte\"}}]}<\/script>\n<!-- \/ Yoast SEO plugin. -->","yoast_head_json":{"title":"\u201cIMPULSO PYME\u201d UN PROGRAMA EDUCATIVO GRATUITO PARA EMPRENDEDORES QUE BUSCAN ESCALAR SUS NEGOCIOS EN LA ERA DIGITAL &#8211; QUEBAKAN.COM 2026: Noticias, Eventos, Conciertos y mucho m\u00e1s....","robots":{"index":"index","follow":"follow","max-snippet":"max-snippet:-1","max-image-preview":"max-image-preview:large","max-video-preview":"max-video-preview:-1"},"canonical":"https:\/\/www.quebakan.com\/v15\/impulso-pyme-un-programa-educativo-gratuito-para-emprendedores-que-buscan-escalar-sus-negocios-en-la-era-digital\/","og_locale":"es_ES","og_type":"article","og_title":"\u201cIMPULSO PYME\u201d UN PROGRAMA EDUCATIVO GRATUITO PARA EMPRENDEDORES QUE BUSCAN ESCALAR SUS NEGOCIOS EN LA ERA DIGITAL &#8211; QUEBAKAN.COM 2026: Noticias, Eventos, Conciertos y mucho m\u00e1s....","og_description":"L\u00cdDERES DE LA REGI\u00d3N ABORDAR\u00c1N TEMAS COMO: MONETIZACI\u00d3N DIGITAL, ESTRATEGIA, INNOVACI\u00d3N TECNOL\u00d3GICA Y MODELOS DE NEGOCIO PARA COMPETIR EN ENTORNOS CAMBIANTES. La plataforma de contabilidad Siigo Contifico lanza\u00a0\u201cImpulso PYME\u201d, un programa educativo gratuito que durante cuatro sesiones virtuales ofrece formaci\u00f3n pr\u00e1ctica, mentor\u00eda experta, material de trabajo descargable y la oportunidad de obtener un certificado de [&hellip;]","og_url":"https:\/\/www.quebakan.com\/v15\/impulso-pyme-un-programa-educativo-gratuito-para-emprendedores-que-buscan-escalar-sus-negocios-en-la-era-digital\/","og_site_name":"QUEBAKAN.COM 2026: Noticias, Eventos, Conciertos y mucho m\u00e1s....","article_publisher":"http:\/\/www.facebook.com\/quebakan","article_published_time":"2025-07-20T05:10:10+00:00","og_image":[{"width":700,"height":560,"url":"https:\/\/www.quebakan.com\/v15\/wp-content\/uploads\/2025\/07\/IMPULSO-PYME-UN-PROGRAMA-EDUCATIVO-GRATUITO-PRESS-2-.jpg","type":"image\/jpeg"}],"author":"Erick Villafuerte","twitter_card":"summary_large_image","twitter_creator":"@quebakanec","twitter_site":"@quebakanec","twitter_misc":{"Escrito por":"Erick Villafuerte","Tiempo de lectura":"3 minutos"},"schema":{"@context":"https:\/\/schema.org","@graph":[{"@type":"Article","@id":"https:\/\/www.quebakan.com\/v15\/impulso-pyme-un-programa-educativo-gratuito-para-emprendedores-que-buscan-escalar-sus-negocios-en-la-era-digital\/#article","isPartOf":{"@id":"https:\/\/www.quebakan.com\/v15\/impulso-pyme-un-programa-educativo-gratuito-para-emprendedores-que-buscan-escalar-sus-negocios-en-la-era-digital\/"},"author":{"name":"Erick Villafuerte","@id":"https:\/\/www.quebakan.com\/v15\/#\/schema\/person\/d90fa9f9cfa81eb8ace9811e5b7b9118"},"headline":"\u201cIMPULSO PYME\u201d UN PROGRAMA EDUCATIVO GRATUITO PARA EMPRENDEDORES QUE BUSCAN ESCALAR SUS NEGOCIOS EN LA ERA DIGITAL","datePublished":"2025-07-20T05:10:10+00:00","mainEntityOfPage":{"@id":"https:\/\/www.quebakan.com\/v15\/impulso-pyme-un-programa-educativo-gratuito-para-emprendedores-que-buscan-escalar-sus-negocios-en-la-era-digital\/"},"wordCount":399,"publisher":{"@id":"https:\/\/www.quebakan.com\/v15\/#organization"},"image":{"@id":"https:\/\/www.quebakan.com\/v15\/impulso-pyme-un-programa-educativo-gratuito-para-emprendedores-que-buscan-escalar-sus-negocios-en-la-era-digital\/#primaryimage"},"thumbnailUrl":"https:\/\/www.quebakan.com\/v15\/wp-content\/uploads\/2025\/07\/IMPULSO-PYME-UN-PROGRAMA-EDUCATIVO-GRATUITO-PRESS-2-.jpg","articleSection":["Noticias"],"inLanguage":"es"},{"@type":"WebPage","@id":"https:\/\/www.quebakan.com\/v15\/impulso-pyme-un-programa-educativo-gratuito-para-emprendedores-que-buscan-escalar-sus-negocios-en-la-era-digital\/","url":"https:\/\/www.quebakan.com\/v15\/impulso-pyme-un-programa-educativo-gratuito-para-emprendedores-que-buscan-escalar-sus-negocios-en-la-era-digital\/","name":"\u201cIMPULSO PYME\u201d UN PROGRAMA EDUCATIVO GRATUITO PARA EMPRENDEDORES QUE BUSCAN ESCALAR SUS NEGOCIOS EN LA ERA DIGITAL &#8211; QUEBAKAN.COM 2026: Noticias, Eventos, Conciertos y mucho m\u00e1s....","isPartOf":{"@id":"https:\/\/www.quebakan.com\/v15\/#website"},"primaryImageOfPage":{"@id":"https:\/\/www.quebakan.com\/v15\/impulso-pyme-un-programa-educativo-gratuito-para-emprendedores-que-buscan-escalar-sus-negocios-en-la-era-digital\/#primaryimage"},"image":{"@id":"https:\/\/www.quebakan.com\/v15\/impulso-pyme-un-programa-educativo-gratuito-para-emprendedores-que-buscan-escalar-sus-negocios-en-la-era-digital\/#primaryimage"},"thumbnailUrl":"https:\/\/www.quebakan.com\/v15\/wp-content\/uploads\/2025\/07\/IMPULSO-PYME-UN-PROGRAMA-EDUCATIVO-GRATUITO-PRESS-2-.jpg","datePublished":"2025-07-20T05:10:10+00:00","breadcrumb":{"@id":"https:\/\/www.quebakan.com\/v15\/impulso-pyme-un-programa-educativo-gratuito-para-emprendedores-que-buscan-escalar-sus-negocios-en-la-era-digital\/#breadcrumb"},"inLanguage":"es","potentialAction":[{"@type":"ReadAction","target":["https:\/\/www.quebakan.com\/v15\/impulso-pyme-un-programa-educativo-gratuito-para-emprendedores-que-buscan-escalar-sus-negocios-en-la-era-digital\/"]}]},{"@type":"ImageObject","inLanguage":"es","@id":"https:\/\/www.quebakan.com\/v15\/impulso-pyme-un-programa-educativo-gratuito-para-emprendedores-que-buscan-escalar-sus-negocios-en-la-era-digital\/#primaryimage","url":"https:\/\/www.quebakan.com\/v15\/wp-content\/uploads\/2025\/07\/IMPULSO-PYME-UN-PROGRAMA-EDUCATIVO-GRATUITO-PRESS-2-.jpg","contentUrl":"https:\/\/www.quebakan.com\/v15\/wp-content\/uploads\/2025\/07\/IMPULSO-PYME-UN-PROGRAMA-EDUCATIVO-GRATUITO-PRESS-2-.jpg","width":700,"height":560},{"@type":"BreadcrumbList","@id":"https:\/\/www.quebakan.com\/v15\/impulso-pyme-un-programa-educativo-gratuito-para-emprendedores-que-buscan-escalar-sus-negocios-en-la-era-digital\/#breadcrumb","itemListElement":[{"@type":"ListItem","position":1,"name":"Portada","item":"https:\/\/www.quebakan.com\/v15\/"},{"@type":"ListItem","position":2,"name":"\u201cIMPULSO PYME\u201d UN PROGRAMA EDUCATIVO GRATUITO PARA EMPRENDEDORES QUE BUSCAN ESCALAR SUS NEGOCIOS EN LA ERA DIGITAL"}]},{"@type":"WebSite","@id":"https:\/\/www.quebakan.com\/v15\/#website","url":"https:\/\/www.quebakan.com\/v15\/","name":"QUEBAKAN","description":"..","publisher":{"@id":"https:\/\/www.quebakan.com\/v15\/#organization"},"potentialAction":[{"@type":"SearchAction","target":{"@type":"EntryPoint","urlTemplate":"https:\/\/www.quebakan.com\/v15\/?s={search_term_string}"},"query-input":{"@type":"PropertyValueSpecification","valueRequired":true,"valueName":"search_term_string"}}],"inLanguage":"es"},{"@type":"Organization","@id":"https:\/\/www.quebakan.com\/v15\/#organization","name":"Quebakan.com","url":"https:\/\/www.quebakan.com\/v15\/","logo":{"@type":"ImageObject","inLanguage":"es","@id":"https:\/\/www.quebakan.com\/v15\/#\/schema\/logo\/image\/","url":"https:\/\/www.quebakan.com\/v15\/wp-content\/uploads\/2023\/07\/logoquebakanenero2021.jpg","contentUrl":"https:\/\/www.quebakan.com\/v15\/wp-content\/uploads\/2023\/07\/logoquebakanenero2021.jpg","width":1920,"height":1080,"caption":"Quebakan.com"},"image":{"@id":"https:\/\/www.quebakan.com\/v15\/#\/schema\/logo\/image\/"},"sameAs":["http:\/\/www.facebook.com\/quebakan","https:\/\/x.com\/quebakanec","http:\/\/www.instagram.com\/quebakan","http:\/\/www.youtube.com\/quebakan1"]},{"@type":"Person","@id":"https:\/\/www.quebakan.com\/v15\/#\/schema\/person\/d90fa9f9cfa81eb8ace9811e5b7b9118","name":"Erick Villafuerte","image":{"@type":"ImageObject","inLanguage":"es","@id":"https:\/\/www.quebakan.com\/v15\/wp-content\/uploads\/avatars\/4\/1731297654-bpfull.png","url":"https:\/\/www.quebakan.com\/v15\/wp-content\/uploads\/avatars\/4\/1731297654-bpfull.png","contentUrl":"https:\/\/www.quebakan.com\/v15\/wp-content\/uploads\/avatars\/4\/1731297654-bpfull.png","caption":"Erick Villafuerte"}}]}},"_links":{"self":[{"href":"https:\/\/www.quebakan.com\/v15\/wp-json\/wp\/v2\/posts\/133453","targetHints":{"allow":["GET"]}}],"collection":[{"href":"https:\/\/www.quebakan.com\/v15\/wp-json\/wp\/v2\/posts"}],"about":[{"href":"https:\/\/www.quebakan.com\/v15\/wp-json\/wp\/v2\/types\/post"}],"author":[{"embeddable":true,"href":"https:\/\/www.quebakan.com\/v15\/wp-json\/wp\/v2\/users\/4"}],"replies":[{"embeddable":true,"href":"https:\/\/www.quebakan.com\/v15\/wp-json\/wp\/v2\/comments?post=133453"}],"version-history":[{"count":1,"href":"https:\/\/www.quebakan.com\/v15\/wp-json\/wp\/v2\/posts\/133453\/revisions"}],"predecessor-version":[{"id":133456,"href":"https:\/\/www.quebakan.com\/v15\/wp-json\/wp\/v2\/posts\/133453\/revisions\/133456"}],"wp:featuredmedia":[{"embeddable":true,"href":"https:\/\/www.quebakan.com\/v15\/wp-json\/wp\/v2\/media\/133454"}],"wp:attachment":[{"href":"https:\/\/www.quebakan.com\/v15\/wp-json\/wp\/v2\/media?parent=133453"}],"wp:term":[{"taxonomy":"category","embeddable":true,"href":"https:\/\/www.quebakan.com\/v15\/wp-json\/wp\/v2\/categories?post=133453"},{"taxonomy":"post_tag","embeddable":true,"href":"https:\/\/www.quebakan.com\/v15\/wp-json\/wp\/v2\/tags?post=133453"}],"curies":[{"name":"wp","href":"https:\/\/api.w.org\/{rel}","templated":true}]}}