{"id":133458,"date":"2025-07-20T19:31:03","date_gmt":"2025-07-21T00:31:03","guid":{"rendered":"https:\/\/www.quebakan.com\/v15\/?p=133458"},"modified":"2025-07-20T19:31:03","modified_gmt":"2025-07-21T00:31:03","slug":"volkswagen-refuerza-su-estrategia-de-crecimiento-en-ecuador","status":"publish","type":"post","link":"https:\/\/www.quebakan.com\/v15\/volkswagen-refuerza-su-estrategia-de-crecimiento-en-ecuador\/","title":{"rendered":"Volkswagen refuerza su estrategia de crecimiento en Ecuador"},"content":{"rendered":"<p><img fetchpriority=\"high\" decoding=\"async\" class=\"aligncenter size-full wp-image-133459\" src=\"https:\/\/www.quebakan.com\/v15\/wp-content\/uploads\/2025\/07\/Visita-Fernado-y-Hendrick-VW.jpg\" alt=\"\" width=\"700\" height=\"467\" \/><\/p>\n<p style=\"text-align: justify;\"><span style=\"color: #000000;\"><em>Altos directivos de la marca visitaron el pa\u00eds para alinear acciones clave y consolidar la presencia de Volkswagen en el mercado local.<\/em><\/span><\/p>\n<p style=\"text-align: justify;\"><span style=\"color: #000000;\"><strong>Quito, julio de 2025.-<\/strong> Volkswagen avanza con paso firme en Ecuador, un mercado estrat\u00e9gico dentro de su plan de expansi\u00f3n en Am\u00e9rica Latina. En el mes de junio, Hendrik Muth, vicepresidente de Ventas y Marketing de Volkswagen para Sudam\u00e9rica, y Fernando Badia, gerente de Ventas, Marketing y Posventa de Volkswagen Latinoam\u00e9rica, visitaron el pa\u00eds para revisar el plan de negocios 2025 y definir nuevas acciones que fortalezcan la presencia de la marca.<\/span><\/p>\n<p style=\"text-align: justify;\"><span style=\"color: #000000;\">Durante su agenda en Quito, los ejecutivos sostuvieron reuniones clave con Jos\u00e9 Jaramillo, director de Negocios de Impoventura, y Jos\u00e9 Luis Sevilla, Gerente General, con quienes alinearon una visi\u00f3n compartida sobre las oportunidades de crecimiento en Ecuador. La visita tambi\u00e9n incluy\u00f3 un recorrido por puntos estrat\u00e9gicos de la ciudad y espacios de di\u00e1logo con el equipo local, destacando el compromiso y la energ\u00eda que impulsan el posicionamiento de la marca en el pa\u00eds.<\/span><\/p>\n<p style=\"text-align: justify;\"><span style=\"color: #000000;\">\u201c<em>Ecuador es un mercado estrat\u00e9gico para Volkswagen en Am\u00e9rica Latina. Estamos convencidos de que 2025 ser\u00e1 un a\u00f1o decisivo para ampliar nuestro impacto, impulsar la innovaci\u00f3n y transformar la experiencia de movilidad de nuestros clientes<\/em>\u201d, afirm\u00f3 Fernando Badia.<\/span><\/p>\n<p style=\"text-align: justify;\"><span style=\"color: #000000;\">Por su parte, Hendrik Muth destac\u00f3 que \u201c<em>gracias al respaldo de Impoventura y a un equipo comprometido, estamos cada vez m\u00e1s cerca de llevar la tecnolog\u00eda, innovaci\u00f3n y calidad Volkswagen a m\u00e1s familias ecuatorianas<\/em>\u201d.<\/span><\/p>\n<p style=\"text-align: justify;\"><span style=\"color: #000000;\"><em>\u201cLa visita de los principales l\u00edderes de Volkswagen a Ecuador reafirma nuestra visi\u00f3n compartida de crecimiento y consolidaci\u00f3n en el mercado. En Impoventura seguimos apostando por la innovaci\u00f3n, la calidad y el servicio como pilares para acercar la marca a m\u00e1s ecuatorianos y transformar su experiencia de movilidad.\u201d, <\/em>se\u00f1al\u00f3 Jos\u00e9 Luis Sevilla, Gerente General de Impoventura.<\/span><\/p>\n<p style=\"text-align: justify;\"><span style=\"color: #000000;\">Con una estrategia s\u00f3lida y una visi\u00f3n de largo plazo, Volkswagen apuesta por seguir creciendo en Ecuador, transformando la movilidad y acercando sus soluciones tecnol\u00f3gicas a cada vez m\u00e1s conductores.<\/span><\/p>\n","protected":false},"excerpt":{"rendered":"<p>Altos directivos de la marca visitaron el pa\u00eds para alinear acciones clave y consolidar la presencia de Volkswagen en el mercado local. Quito, julio de 2025.- Volkswagen avanza con paso firme en Ecuador, un mercado estrat\u00e9gico dentro de su plan de expansi\u00f3n en Am\u00e9rica Latina. En el mes de junio, Hendrik Muth, vicepresidente de Ventas [&hellip;]<\/p>\n","protected":false},"author":4,"featured_media":133459,"comment_status":"closed","ping_status":"closed","sticky":false,"template":"","format":"standard","meta":{"_bbp_topic_count":0,"_bbp_reply_count":0,"_bbp_total_topic_count":0,"_bbp_total_reply_count":0,"_bbp_voice_count":0,"_bbp_anonymous_reply_count":0,"_bbp_topic_count_hidden":0,"_bbp_reply_count_hidden":0,"_bbp_forum_subforum_count":0,"buzzeditor_post_format":"","footnotes":""},"categories":[2],"tags":[],"class_list":["post-133458","post","type-post","status-publish","format-standard","has-post-thumbnail","hentry","category-noticias"],"yoast_head":"<!-- This site is optimized with the Yoast SEO plugin v27.5 - https:\/\/yoast.com\/product\/yoast-seo-wordpress\/ -->\n<title>Volkswagen refuerza su estrategia de crecimiento en Ecuador &#8211; QUEBAKAN.COM 2026: Noticias, Eventos, Conciertos y mucho m\u00e1s....<\/title>\n<meta name=\"robots\" content=\"index, follow, max-snippet:-1, max-image-preview:large, max-video-preview:-1\" \/>\n<link rel=\"canonical\" href=\"https:\/\/www.quebakan.com\/v15\/volkswagen-refuerza-su-estrategia-de-crecimiento-en-ecuador\/\" \/>\n<meta property=\"og:locale\" content=\"es_ES\" \/>\n<meta property=\"og:type\" content=\"article\" \/>\n<meta property=\"og:title\" content=\"Volkswagen refuerza su estrategia de crecimiento en Ecuador &#8211; QUEBAKAN.COM 2026: Noticias, Eventos, Conciertos y mucho m\u00e1s....\" \/>\n<meta property=\"og:description\" content=\"Altos directivos de la marca visitaron el pa\u00eds para alinear acciones clave y consolidar la presencia de Volkswagen en el mercado local. Quito, julio de 2025.- Volkswagen avanza con paso firme en Ecuador, un mercado estrat\u00e9gico dentro de su plan de expansi\u00f3n en Am\u00e9rica Latina. En el mes de junio, Hendrik Muth, vicepresidente de Ventas [&hellip;]\" \/>\n<meta property=\"og:url\" content=\"https:\/\/www.quebakan.com\/v15\/volkswagen-refuerza-su-estrategia-de-crecimiento-en-ecuador\/\" \/>\n<meta property=\"og:site_name\" content=\"QUEBAKAN.COM 2026: Noticias, Eventos, Conciertos y mucho m\u00e1s....\" \/>\n<meta property=\"article:publisher\" content=\"http:\/\/www.facebook.com\/quebakan\" \/>\n<meta property=\"article:published_time\" content=\"2025-07-21T00:31:03+00:00\" \/>\n<meta property=\"og:image\" content=\"https:\/\/www.quebakan.com\/v15\/wp-content\/uploads\/2025\/07\/Visita-Fernado-y-Hendrick-VW.jpg\" \/>\n\t<meta property=\"og:image:width\" content=\"700\" \/>\n\t<meta property=\"og:image:height\" content=\"467\" \/>\n\t<meta property=\"og:image:type\" content=\"image\/jpeg\" \/>\n<meta name=\"author\" content=\"Erick Villafuerte\" \/>\n<meta name=\"twitter:card\" content=\"summary_large_image\" \/>\n<meta name=\"twitter:creator\" content=\"@quebakanec\" \/>\n<meta name=\"twitter:site\" content=\"@quebakanec\" \/>\n<meta name=\"twitter:label1\" content=\"Escrito por\" \/>\n\t<meta name=\"twitter:data1\" content=\"Erick Villafuerte\" \/>\n\t<meta name=\"twitter:label2\" content=\"Tiempo de lectura\" \/>\n\t<meta name=\"twitter:data2\" content=\"2 minutos\" \/>\n<script type=\"application\/ld+json\" class=\"yoast-schema-graph\">{\"@context\":\"https:\\\/\\\/schema.org\",\"@graph\":[{\"@type\":\"Article\",\"@id\":\"https:\\\/\\\/www.quebakan.com\\\/v15\\\/volkswagen-refuerza-su-estrategia-de-crecimiento-en-ecuador\\\/#article\",\"isPartOf\":{\"@id\":\"https:\\\/\\\/www.quebakan.com\\\/v15\\\/volkswagen-refuerza-su-estrategia-de-crecimiento-en-ecuador\\\/\"},\"author\":{\"name\":\"Erick Villafuerte\",\"@id\":\"https:\\\/\\\/www.quebakan.com\\\/v15\\\/#\\\/schema\\\/person\\\/d90fa9f9cfa81eb8ace9811e5b7b9118\"},\"headline\":\"Volkswagen refuerza su estrategia de crecimiento en Ecuador\",\"datePublished\":\"2025-07-21T00:31:03+00:00\",\"mainEntityOfPage\":{\"@id\":\"https:\\\/\\\/www.quebakan.com\\\/v15\\\/volkswagen-refuerza-su-estrategia-de-crecimiento-en-ecuador\\\/\"},\"wordCount\":362,\"publisher\":{\"@id\":\"https:\\\/\\\/www.quebakan.com\\\/v15\\\/#organization\"},\"image\":{\"@id\":\"https:\\\/\\\/www.quebakan.com\\\/v15\\\/volkswagen-refuerza-su-estrategia-de-crecimiento-en-ecuador\\\/#primaryimage\"},\"thumbnailUrl\":\"https:\\\/\\\/www.quebakan.com\\\/v15\\\/wp-content\\\/uploads\\\/2025\\\/07\\\/Visita-Fernado-y-Hendrick-VW.jpg\",\"articleSection\":[\"Noticias\"],\"inLanguage\":\"es\"},{\"@type\":\"WebPage\",\"@id\":\"https:\\\/\\\/www.quebakan.com\\\/v15\\\/volkswagen-refuerza-su-estrategia-de-crecimiento-en-ecuador\\\/\",\"url\":\"https:\\\/\\\/www.quebakan.com\\\/v15\\\/volkswagen-refuerza-su-estrategia-de-crecimiento-en-ecuador\\\/\",\"name\":\"Volkswagen refuerza su estrategia de crecimiento en Ecuador &#8211; QUEBAKAN.COM 2026: Noticias, Eventos, Conciertos y mucho m\u00e1s....\",\"isPartOf\":{\"@id\":\"https:\\\/\\\/www.quebakan.com\\\/v15\\\/#website\"},\"primaryImageOfPage\":{\"@id\":\"https:\\\/\\\/www.quebakan.com\\\/v15\\\/volkswagen-refuerza-su-estrategia-de-crecimiento-en-ecuador\\\/#primaryimage\"},\"image\":{\"@id\":\"https:\\\/\\\/www.quebakan.com\\\/v15\\\/volkswagen-refuerza-su-estrategia-de-crecimiento-en-ecuador\\\/#primaryimage\"},\"thumbnailUrl\":\"https:\\\/\\\/www.quebakan.com\\\/v15\\\/wp-content\\\/uploads\\\/2025\\\/07\\\/Visita-Fernado-y-Hendrick-VW.jpg\",\"datePublished\":\"2025-07-21T00:31:03+00:00\",\"breadcrumb\":{\"@id\":\"https:\\\/\\\/www.quebakan.com\\\/v15\\\/volkswagen-refuerza-su-estrategia-de-crecimiento-en-ecuador\\\/#breadcrumb\"},\"inLanguage\":\"es\",\"potentialAction\":[{\"@type\":\"ReadAction\",\"target\":[\"https:\\\/\\\/www.quebakan.com\\\/v15\\\/volkswagen-refuerza-su-estrategia-de-crecimiento-en-ecuador\\\/\"]}]},{\"@type\":\"ImageObject\",\"inLanguage\":\"es\",\"@id\":\"https:\\\/\\\/www.quebakan.com\\\/v15\\\/volkswagen-refuerza-su-estrategia-de-crecimiento-en-ecuador\\\/#primaryimage\",\"url\":\"https:\\\/\\\/www.quebakan.com\\\/v15\\\/wp-content\\\/uploads\\\/2025\\\/07\\\/Visita-Fernado-y-Hendrick-VW.jpg\",\"contentUrl\":\"https:\\\/\\\/www.quebakan.com\\\/v15\\\/wp-content\\\/uploads\\\/2025\\\/07\\\/Visita-Fernado-y-Hendrick-VW.jpg\",\"width\":700,\"height\":467},{\"@type\":\"BreadcrumbList\",\"@id\":\"https:\\\/\\\/www.quebakan.com\\\/v15\\\/volkswagen-refuerza-su-estrategia-de-crecimiento-en-ecuador\\\/#breadcrumb\",\"itemListElement\":[{\"@type\":\"ListItem\",\"position\":1,\"name\":\"Portada\",\"item\":\"https:\\\/\\\/www.quebakan.com\\\/v15\\\/\"},{\"@type\":\"ListItem\",\"position\":2,\"name\":\"Volkswagen refuerza su estrategia de crecimiento en Ecuador\"}]},{\"@type\":\"WebSite\",\"@id\":\"https:\\\/\\\/www.quebakan.com\\\/v15\\\/#website\",\"url\":\"https:\\\/\\\/www.quebakan.com\\\/v15\\\/\",\"name\":\"QUEBAKAN\",\"description\":\"..\",\"publisher\":{\"@id\":\"https:\\\/\\\/www.quebakan.com\\\/v15\\\/#organization\"},\"potentialAction\":[{\"@type\":\"SearchAction\",\"target\":{\"@type\":\"EntryPoint\",\"urlTemplate\":\"https:\\\/\\\/www.quebakan.com\\\/v15\\\/?s={search_term_string}\"},\"query-input\":{\"@type\":\"PropertyValueSpecification\",\"valueRequired\":true,\"valueName\":\"search_term_string\"}}],\"inLanguage\":\"es\"},{\"@type\":\"Organization\",\"@id\":\"https:\\\/\\\/www.quebakan.com\\\/v15\\\/#organization\",\"name\":\"Quebakan.com\",\"url\":\"https:\\\/\\\/www.quebakan.com\\\/v15\\\/\",\"logo\":{\"@type\":\"ImageObject\",\"inLanguage\":\"es\",\"@id\":\"https:\\\/\\\/www.quebakan.com\\\/v15\\\/#\\\/schema\\\/logo\\\/image\\\/\",\"url\":\"https:\\\/\\\/www.quebakan.com\\\/v15\\\/wp-content\\\/uploads\\\/2023\\\/07\\\/logoquebakanenero2021.jpg\",\"contentUrl\":\"https:\\\/\\\/www.quebakan.com\\\/v15\\\/wp-content\\\/uploads\\\/2023\\\/07\\\/logoquebakanenero2021.jpg\",\"width\":1920,\"height\":1080,\"caption\":\"Quebakan.com\"},\"image\":{\"@id\":\"https:\\\/\\\/www.quebakan.com\\\/v15\\\/#\\\/schema\\\/logo\\\/image\\\/\"},\"sameAs\":[\"http:\\\/\\\/www.facebook.com\\\/quebakan\",\"https:\\\/\\\/x.com\\\/quebakanec\",\"http:\\\/\\\/www.instagram.com\\\/quebakan\",\"http:\\\/\\\/www.youtube.com\\\/quebakan1\"]},{\"@type\":\"Person\",\"@id\":\"https:\\\/\\\/www.quebakan.com\\\/v15\\\/#\\\/schema\\\/person\\\/d90fa9f9cfa81eb8ace9811e5b7b9118\",\"name\":\"Erick Villafuerte\",\"image\":{\"@type\":\"ImageObject\",\"inLanguage\":\"es\",\"@id\":\"https:\\\/\\\/www.quebakan.com\\\/v15\\\/wp-content\\\/uploads\\\/avatars\\\/4\\\/1731297654-bpfull.png\",\"url\":\"https:\\\/\\\/www.quebakan.com\\\/v15\\\/wp-content\\\/uploads\\\/avatars\\\/4\\\/1731297654-bpfull.png\",\"contentUrl\":\"https:\\\/\\\/www.quebakan.com\\\/v15\\\/wp-content\\\/uploads\\\/avatars\\\/4\\\/1731297654-bpfull.png\",\"caption\":\"Erick Villafuerte\"}}]}<\/script>\n<!-- \/ Yoast SEO plugin. -->","yoast_head_json":{"title":"Volkswagen refuerza su estrategia de crecimiento en Ecuador &#8211; QUEBAKAN.COM 2026: Noticias, Eventos, Conciertos y mucho m\u00e1s....","robots":{"index":"index","follow":"follow","max-snippet":"max-snippet:-1","max-image-preview":"max-image-preview:large","max-video-preview":"max-video-preview:-1"},"canonical":"https:\/\/www.quebakan.com\/v15\/volkswagen-refuerza-su-estrategia-de-crecimiento-en-ecuador\/","og_locale":"es_ES","og_type":"article","og_title":"Volkswagen refuerza su estrategia de crecimiento en Ecuador &#8211; QUEBAKAN.COM 2026: Noticias, Eventos, Conciertos y mucho m\u00e1s....","og_description":"Altos directivos de la marca visitaron el pa\u00eds para alinear acciones clave y consolidar la presencia de Volkswagen en el mercado local. Quito, julio de 2025.- Volkswagen avanza con paso firme en Ecuador, un mercado estrat\u00e9gico dentro de su plan de expansi\u00f3n en Am\u00e9rica Latina. En el mes de junio, Hendrik Muth, vicepresidente de Ventas [&hellip;]","og_url":"https:\/\/www.quebakan.com\/v15\/volkswagen-refuerza-su-estrategia-de-crecimiento-en-ecuador\/","og_site_name":"QUEBAKAN.COM 2026: Noticias, Eventos, Conciertos y mucho m\u00e1s....","article_publisher":"http:\/\/www.facebook.com\/quebakan","article_published_time":"2025-07-21T00:31:03+00:00","og_image":[{"width":700,"height":467,"url":"https:\/\/www.quebakan.com\/v15\/wp-content\/uploads\/2025\/07\/Visita-Fernado-y-Hendrick-VW.jpg","type":"image\/jpeg"}],"author":"Erick Villafuerte","twitter_card":"summary_large_image","twitter_creator":"@quebakanec","twitter_site":"@quebakanec","twitter_misc":{"Escrito por":"Erick Villafuerte","Tiempo de lectura":"2 minutos"},"schema":{"@context":"https:\/\/schema.org","@graph":[{"@type":"Article","@id":"https:\/\/www.quebakan.com\/v15\/volkswagen-refuerza-su-estrategia-de-crecimiento-en-ecuador\/#article","isPartOf":{"@id":"https:\/\/www.quebakan.com\/v15\/volkswagen-refuerza-su-estrategia-de-crecimiento-en-ecuador\/"},"author":{"name":"Erick Villafuerte","@id":"https:\/\/www.quebakan.com\/v15\/#\/schema\/person\/d90fa9f9cfa81eb8ace9811e5b7b9118"},"headline":"Volkswagen refuerza su estrategia de crecimiento en Ecuador","datePublished":"2025-07-21T00:31:03+00:00","mainEntityOfPage":{"@id":"https:\/\/www.quebakan.com\/v15\/volkswagen-refuerza-su-estrategia-de-crecimiento-en-ecuador\/"},"wordCount":362,"publisher":{"@id":"https:\/\/www.quebakan.com\/v15\/#organization"},"image":{"@id":"https:\/\/www.quebakan.com\/v15\/volkswagen-refuerza-su-estrategia-de-crecimiento-en-ecuador\/#primaryimage"},"thumbnailUrl":"https:\/\/www.quebakan.com\/v15\/wp-content\/uploads\/2025\/07\/Visita-Fernado-y-Hendrick-VW.jpg","articleSection":["Noticias"],"inLanguage":"es"},{"@type":"WebPage","@id":"https:\/\/www.quebakan.com\/v15\/volkswagen-refuerza-su-estrategia-de-crecimiento-en-ecuador\/","url":"https:\/\/www.quebakan.com\/v15\/volkswagen-refuerza-su-estrategia-de-crecimiento-en-ecuador\/","name":"Volkswagen refuerza su estrategia de crecimiento en Ecuador &#8211; QUEBAKAN.COM 2026: Noticias, Eventos, Conciertos y mucho m\u00e1s....","isPartOf":{"@id":"https:\/\/www.quebakan.com\/v15\/#website"},"primaryImageOfPage":{"@id":"https:\/\/www.quebakan.com\/v15\/volkswagen-refuerza-su-estrategia-de-crecimiento-en-ecuador\/#primaryimage"},"image":{"@id":"https:\/\/www.quebakan.com\/v15\/volkswagen-refuerza-su-estrategia-de-crecimiento-en-ecuador\/#primaryimage"},"thumbnailUrl":"https:\/\/www.quebakan.com\/v15\/wp-content\/uploads\/2025\/07\/Visita-Fernado-y-Hendrick-VW.jpg","datePublished":"2025-07-21T00:31:03+00:00","breadcrumb":{"@id":"https:\/\/www.quebakan.com\/v15\/volkswagen-refuerza-su-estrategia-de-crecimiento-en-ecuador\/#breadcrumb"},"inLanguage":"es","potentialAction":[{"@type":"ReadAction","target":["https:\/\/www.quebakan.com\/v15\/volkswagen-refuerza-su-estrategia-de-crecimiento-en-ecuador\/"]}]},{"@type":"ImageObject","inLanguage":"es","@id":"https:\/\/www.quebakan.com\/v15\/volkswagen-refuerza-su-estrategia-de-crecimiento-en-ecuador\/#primaryimage","url":"https:\/\/www.quebakan.com\/v15\/wp-content\/uploads\/2025\/07\/Visita-Fernado-y-Hendrick-VW.jpg","contentUrl":"https:\/\/www.quebakan.com\/v15\/wp-content\/uploads\/2025\/07\/Visita-Fernado-y-Hendrick-VW.jpg","width":700,"height":467},{"@type":"BreadcrumbList","@id":"https:\/\/www.quebakan.com\/v15\/volkswagen-refuerza-su-estrategia-de-crecimiento-en-ecuador\/#breadcrumb","itemListElement":[{"@type":"ListItem","position":1,"name":"Portada","item":"https:\/\/www.quebakan.com\/v15\/"},{"@type":"ListItem","position":2,"name":"Volkswagen refuerza su estrategia de crecimiento en Ecuador"}]},{"@type":"WebSite","@id":"https:\/\/www.quebakan.com\/v15\/#website","url":"https:\/\/www.quebakan.com\/v15\/","name":"QUEBAKAN","description":"..","publisher":{"@id":"https:\/\/www.quebakan.com\/v15\/#organization"},"potentialAction":[{"@type":"SearchAction","target":{"@type":"EntryPoint","urlTemplate":"https:\/\/www.quebakan.com\/v15\/?s={search_term_string}"},"query-input":{"@type":"PropertyValueSpecification","valueRequired":true,"valueName":"search_term_string"}}],"inLanguage":"es"},{"@type":"Organization","@id":"https:\/\/www.quebakan.com\/v15\/#organization","name":"Quebakan.com","url":"https:\/\/www.quebakan.com\/v15\/","logo":{"@type":"ImageObject","inLanguage":"es","@id":"https:\/\/www.quebakan.com\/v15\/#\/schema\/logo\/image\/","url":"https:\/\/www.quebakan.com\/v15\/wp-content\/uploads\/2023\/07\/logoquebakanenero2021.jpg","contentUrl":"https:\/\/www.quebakan.com\/v15\/wp-content\/uploads\/2023\/07\/logoquebakanenero2021.jpg","width":1920,"height":1080,"caption":"Quebakan.com"},"image":{"@id":"https:\/\/www.quebakan.com\/v15\/#\/schema\/logo\/image\/"},"sameAs":["http:\/\/www.facebook.com\/quebakan","https:\/\/x.com\/quebakanec","http:\/\/www.instagram.com\/quebakan","http:\/\/www.youtube.com\/quebakan1"]},{"@type":"Person","@id":"https:\/\/www.quebakan.com\/v15\/#\/schema\/person\/d90fa9f9cfa81eb8ace9811e5b7b9118","name":"Erick Villafuerte","image":{"@type":"ImageObject","inLanguage":"es","@id":"https:\/\/www.quebakan.com\/v15\/wp-content\/uploads\/avatars\/4\/1731297654-bpfull.png","url":"https:\/\/www.quebakan.com\/v15\/wp-content\/uploads\/avatars\/4\/1731297654-bpfull.png","contentUrl":"https:\/\/www.quebakan.com\/v15\/wp-content\/uploads\/avatars\/4\/1731297654-bpfull.png","caption":"Erick Villafuerte"}}]}},"_links":{"self":[{"href":"https:\/\/www.quebakan.com\/v15\/wp-json\/wp\/v2\/posts\/133458","targetHints":{"allow":["GET"]}}],"collection":[{"href":"https:\/\/www.quebakan.com\/v15\/wp-json\/wp\/v2\/posts"}],"about":[{"href":"https:\/\/www.quebakan.com\/v15\/wp-json\/wp\/v2\/types\/post"}],"author":[{"embeddable":true,"href":"https:\/\/www.quebakan.com\/v15\/wp-json\/wp\/v2\/users\/4"}],"replies":[{"embeddable":true,"href":"https:\/\/www.quebakan.com\/v15\/wp-json\/wp\/v2\/comments?post=133458"}],"version-history":[{"count":1,"href":"https:\/\/www.quebakan.com\/v15\/wp-json\/wp\/v2\/posts\/133458\/revisions"}],"predecessor-version":[{"id":133460,"href":"https:\/\/www.quebakan.com\/v15\/wp-json\/wp\/v2\/posts\/133458\/revisions\/133460"}],"wp:featuredmedia":[{"embeddable":true,"href":"https:\/\/www.quebakan.com\/v15\/wp-json\/wp\/v2\/media\/133459"}],"wp:attachment":[{"href":"https:\/\/www.quebakan.com\/v15\/wp-json\/wp\/v2\/media?parent=133458"}],"wp:term":[{"taxonomy":"category","embeddable":true,"href":"https:\/\/www.quebakan.com\/v15\/wp-json\/wp\/v2\/categories?post=133458"},{"taxonomy":"post_tag","embeddable":true,"href":"https:\/\/www.quebakan.com\/v15\/wp-json\/wp\/v2\/tags?post=133458"}],"curies":[{"name":"wp","href":"https:\/\/api.w.org\/{rel}","templated":true}]}}