{"id":133464,"date":"2025-07-20T20:16:32","date_gmt":"2025-07-21T01:16:32","guid":{"rendered":"https:\/\/www.quebakan.com\/v15\/?p=133464"},"modified":"2025-07-20T20:16:32","modified_gmt":"2025-07-21T01:16:32","slug":"mes-clave-para-promover-conciencia-y-accion-ambiental-en-ecuador-dia-libre-de-bolsas-de-plastico-y-la-conservacion-del-ecosistema-del-manglar","status":"publish","type":"post","link":"https:\/\/www.quebakan.com\/v15\/mes-clave-para-promover-conciencia-y-accion-ambiental-en-ecuador-dia-libre-de-bolsas-de-plastico-y-la-conservacion-del-ecosistema-del-manglar\/","title":{"rendered":"MES CLAVE PARA PROMOVER CONCIENCIA Y ACCI\u00d3N AMBIENTAL EN ECUADOR: D\u00cdA LIBRE DE BOLSAS DE PL\u00c1STICO Y LA CONSERVACI\u00d3N DEL ECOSISTEMA DEL MANGLAR\u200b"},"content":{"rendered":"<p dir=\"ltr\"><img fetchpriority=\"high\" decoding=\"async\" class=\"aligncenter size-full wp-image-133465\" src=\"https:\/\/www.quebakan.com\/v15\/wp-content\/uploads\/2025\/07\/MANGLAR-PRESS2-.jpg\" alt=\"\" width=\"700\" height=\"467\" \/><\/p>\n<p dir=\"ltr\" style=\"text-align: justify;\"><span style=\"color: #000000;\">El D\u00eda Internacional Libre de Bolsas de Pl\u00e1stico, que se celebra cada 3 de julio, y el D\u00eda Internacional para la Defensa del Ecosistema Manglar, conmemorado el 26 de julio, impulsan una acci\u00f3n inmediata para reducir el consumo de pl\u00e1sticos de un solo uso que contaminan oc\u00e9anos, r\u00edos y suelos, y para proteger los manglares, ecosistemas costeros clave que act\u00faan como barreras naturales frente a inundaciones, capturan carbono de manera eficiente y resguardan una biodiversidad \u00fanica.\u00a0<\/span><\/p>\n<p dir=\"ltr\" style=\"text-align: justify;\"><span style=\"color: #000000;\">Ecuador visibiliza los avances que ha alcanzado en la transici\u00f3n hacia una cultura ambiental m\u00e1s responsable. A trav\u00e9s de legislaci\u00f3n, educaci\u00f3n y alianzas estrat\u00e9gicas, el pa\u00eds consolida una ruta de cambio frente al uso del pl\u00e1stico de un solo uso.\u00a0Desde la entrada en vigor de la Ley Org\u00e1nica para la Reducci\u00f3n de Pl\u00e1sticos de un Solo Uso en 2020, el pa\u00eds ha adoptado medidas progresivas que proh\u00edben bolsas no biodegradables en locales comerciales, exigen el uso de materiales reciclables y han fijado impuestos para fomentar alternativas sostenibles. En Gal\u00e1pagos, desde 2018 el uso de bolsas y productos pl\u00e1sticos desechables cay\u00f3 significativamente tras resoluciones locales sucesivas; se eliminaron tambi\u00e9n sorbetes, envases de poliestireno y botellas de pl\u00e1stico.\u00a0<\/span><\/p>\n<p dir=\"ltr\" style=\"text-align: justify;\"><span style=\"color: #000000;\">A nivel global, el\u00a0Programa de las Naciones Unidas para el Medio Ambiente (PNUMA)\u00a0revela que cada minuto se usan millones de botellas y hasta 5 \u202fbillones de bolsas de pl\u00e1stico anualmente; el 36\u202f% del pl\u00e1stico se destina a empaquetado, y el 85\u202f% termina como desecho no regulado.<\/span><\/p>\n<p dir=\"ltr\" style=\"text-align: justify;\"><span style=\"color: #000000;\">\u201cLa sostenibilidad no es una causa aislada, sino un esfuerzo integral. Desde reducir el uso de pl\u00e1sticos hasta proteger ecosistemas como los manglares, cada acci\u00f3n cuenta. En Recicla Latam creemos que la educaci\u00f3n ambiental y la participaci\u00f3n ciudadana son fundamentales para lograr una transformaci\u00f3n real y duradera\u201d, se\u00f1al\u00f3\u00a0Mar\u00eda Fernanda Rumbea, directora de\u00a0Recicla Latam\u00a0en Ecuador.<\/span><\/p>\n<p dir=\"ltr\" style=\"text-align: justify;\"><span style=\"color: #000000;\">Una de las organizaciones que lidera el cambio desde la educaci\u00f3n es la Fundaci\u00f3n Recicla Latam. Fundada en Per\u00fa y expandida a Ecuador en 2023, esta iniciativa regional trabaja con recicladores de base, empresas y autoridades para cerrar el ciclo del reciclaje y fortalecer la econom\u00eda circular. En el pa\u00eds, ha implementado programas en escuelas p\u00fablicas de Guayaquil, como\u00a0\u201cReciclando cuido mi planeta\u201d, que ha sensibilizado a m\u00e1s de 25.000 estudiantes sobre la reducci\u00f3n del pl\u00e1stico, la clasificaci\u00f3n de residuos y el rol de los recicladores. Adem\u00e1s, impulsa campa\u00f1as masivas de recolecci\u00f3n como la\u00a0Reciclat\u00f3n\u00a0que en sus 7 ediciones ha logrado recolectar 25.4 toneladas de material reciclable.\u00a0<\/span><\/p>\n<p dir=\"ltr\" style=\"text-align: justify;\"><span style=\"color: #000000;\">Los manglares, por su parte, cubren cerca de 156.000\u202fha en provincias costeras y Gal\u00e1pagos. Act\u00faan como criaderos de peces, barreras naturales frente a la erosi\u00f3n y sumideros de carbono, capaces de almacenar hasta cinco veces m\u00e1s\u00a0<span aria-invalid=\"grammar\">CO\u2082<\/span>\u00a0que los bosques terrestres. Albergan una gran biodiversidad: 52 especies de aves, 100 de peces y 70 de moluscos, entre otras. Seg\u00fan la ONG Conservaci\u00f3n Internacional Ecuador, el pa\u00eds ha perdido casi una cuarta parte de sus manglares desde 1969, mayoritariamente por tala, agricultura y expansi\u00f3n de la acuicultura.\u00a0<\/span><\/p>\n<p dir=\"ltr\" style=\"text-align: justify;\"><span style=\"color: #000000;\">La protecci\u00f3n de estos bosques no solo representa una estrategia para mitigar el cambio clim\u00e1tico, sino tambi\u00e9n una apuesta por comunidades resilientes. Con el apoyo de ciencia, pol\u00edtica ambiental y ciudadan\u00eda activa, Ecuador demuestra que los esfuerzos simult\u00e1neos contra el consumo de pl\u00e1stico y en favor de los manglares pueden construir una sostenibilidad coherente y efectiva.<\/span><\/p>\n<p dir=\"ltr\"><img decoding=\"async\" class=\"aligncenter size-full wp-image-133466\" src=\"https:\/\/www.quebakan.com\/v15\/wp-content\/uploads\/2025\/07\/MANGLAR-PRESS-3.jpg\" alt=\"\" width=\"700\" height=\"467\" \/><\/p>\n","protected":false},"excerpt":{"rendered":"<p>El D\u00eda Internacional Libre de Bolsas de Pl\u00e1stico, que se celebra cada 3 de julio, y el D\u00eda Internacional para la Defensa del Ecosistema Manglar, conmemorado el 26 de julio, impulsan una acci\u00f3n inmediata para reducir el consumo de pl\u00e1sticos de un solo uso que contaminan oc\u00e9anos, r\u00edos y suelos, y para proteger los manglares, [&hellip;]<\/p>\n","protected":false},"author":4,"featured_media":133465,"comment_status":"closed","ping_status":"closed","sticky":false,"template":"","format":"standard","meta":{"_bbp_topic_count":0,"_bbp_reply_count":0,"_bbp_total_topic_count":0,"_bbp_total_reply_count":0,"_bbp_voice_count":0,"_bbp_anonymous_reply_count":0,"_bbp_topic_count_hidden":0,"_bbp_reply_count_hidden":0,"_bbp_forum_subforum_count":0,"buzzeditor_post_format":"","footnotes":""},"categories":[2],"tags":[],"class_list":["post-133464","post","type-post","status-publish","format-standard","has-post-thumbnail","hentry","category-noticias"],"yoast_head":"<!-- This site is optimized with the Yoast SEO plugin v27.5 - https:\/\/yoast.com\/product\/yoast-seo-wordpress\/ -->\n<title>MES CLAVE PARA PROMOVER CONCIENCIA Y ACCI\u00d3N AMBIENTAL EN ECUADOR: D\u00cdA LIBRE DE BOLSAS DE PL\u00c1STICO Y LA CONSERVACI\u00d3N DEL ECOSISTEMA DEL MANGLAR\u200b &#8211; QUEBAKAN.COM 2026: Noticias, Eventos, Conciertos y mucho m\u00e1s....<\/title>\n<meta name=\"robots\" content=\"index, follow, max-snippet:-1, max-image-preview:large, max-video-preview:-1\" \/>\n<link rel=\"canonical\" href=\"https:\/\/www.quebakan.com\/v15\/mes-clave-para-promover-conciencia-y-accion-ambiental-en-ecuador-dia-libre-de-bolsas-de-plastico-y-la-conservacion-del-ecosistema-del-manglar\/\" \/>\n<meta property=\"og:locale\" content=\"es_ES\" \/>\n<meta property=\"og:type\" content=\"article\" \/>\n<meta property=\"og:title\" content=\"MES CLAVE PARA PROMOVER CONCIENCIA Y ACCI\u00d3N AMBIENTAL EN ECUADOR: D\u00cdA LIBRE DE BOLSAS DE PL\u00c1STICO Y LA CONSERVACI\u00d3N DEL ECOSISTEMA DEL MANGLAR\u200b &#8211; QUEBAKAN.COM 2026: Noticias, Eventos, Conciertos y mucho m\u00e1s....\" \/>\n<meta property=\"og:description\" content=\"El D\u00eda Internacional Libre de Bolsas de Pl\u00e1stico, que se celebra cada 3 de julio, y el D\u00eda Internacional para la Defensa del Ecosistema Manglar, conmemorado el 26 de julio, impulsan una acci\u00f3n inmediata para reducir el consumo de pl\u00e1sticos de un solo uso que contaminan oc\u00e9anos, r\u00edos y suelos, y para proteger los manglares, [&hellip;]\" \/>\n<meta property=\"og:url\" content=\"https:\/\/www.quebakan.com\/v15\/mes-clave-para-promover-conciencia-y-accion-ambiental-en-ecuador-dia-libre-de-bolsas-de-plastico-y-la-conservacion-del-ecosistema-del-manglar\/\" \/>\n<meta property=\"og:site_name\" content=\"QUEBAKAN.COM 2026: Noticias, Eventos, Conciertos y mucho m\u00e1s....\" \/>\n<meta property=\"article:publisher\" content=\"http:\/\/www.facebook.com\/quebakan\" \/>\n<meta property=\"article:published_time\" content=\"2025-07-21T01:16:32+00:00\" \/>\n<meta property=\"og:image\" content=\"https:\/\/www.quebakan.com\/v15\/wp-content\/uploads\/2025\/07\/MANGLAR-PRESS2-.jpg\" \/>\n\t<meta property=\"og:image:width\" content=\"700\" \/>\n\t<meta property=\"og:image:height\" content=\"467\" \/>\n\t<meta property=\"og:image:type\" content=\"image\/jpeg\" \/>\n<meta name=\"author\" content=\"Erick Villafuerte\" \/>\n<meta name=\"twitter:card\" content=\"summary_large_image\" \/>\n<meta name=\"twitter:creator\" content=\"@quebakanec\" \/>\n<meta name=\"twitter:site\" content=\"@quebakanec\" \/>\n<meta name=\"twitter:label1\" content=\"Escrito por\" \/>\n\t<meta name=\"twitter:data1\" content=\"Erick Villafuerte\" \/>\n\t<meta name=\"twitter:label2\" content=\"Tiempo de lectura\" \/>\n\t<meta name=\"twitter:data2\" content=\"4 minutos\" \/>\n<script type=\"application\/ld+json\" class=\"yoast-schema-graph\">{\"@context\":\"https:\\\/\\\/schema.org\",\"@graph\":[{\"@type\":\"Article\",\"@id\":\"https:\\\/\\\/www.quebakan.com\\\/v15\\\/mes-clave-para-promover-conciencia-y-accion-ambiental-en-ecuador-dia-libre-de-bolsas-de-plastico-y-la-conservacion-del-ecosistema-del-manglar\\\/#article\",\"isPartOf\":{\"@id\":\"https:\\\/\\\/www.quebakan.com\\\/v15\\\/mes-clave-para-promover-conciencia-y-accion-ambiental-en-ecuador-dia-libre-de-bolsas-de-plastico-y-la-conservacion-del-ecosistema-del-manglar\\\/\"},\"author\":{\"name\":\"Erick Villafuerte\",\"@id\":\"https:\\\/\\\/www.quebakan.com\\\/v15\\\/#\\\/schema\\\/person\\\/d90fa9f9cfa81eb8ace9811e5b7b9118\"},\"headline\":\"MES CLAVE PARA PROMOVER CONCIENCIA Y ACCI\u00d3N AMBIENTAL EN ECUADOR: D\u00cdA LIBRE DE BOLSAS DE PL\u00c1STICO Y LA CONSERVACI\u00d3N DEL ECOSISTEMA DEL MANGLAR\u200b\",\"datePublished\":\"2025-07-21T01:16:32+00:00\",\"mainEntityOfPage\":{\"@id\":\"https:\\\/\\\/www.quebakan.com\\\/v15\\\/mes-clave-para-promover-conciencia-y-accion-ambiental-en-ecuador-dia-libre-de-bolsas-de-plastico-y-la-conservacion-del-ecosistema-del-manglar\\\/\"},\"wordCount\":622,\"publisher\":{\"@id\":\"https:\\\/\\\/www.quebakan.com\\\/v15\\\/#organization\"},\"image\":{\"@id\":\"https:\\\/\\\/www.quebakan.com\\\/v15\\\/mes-clave-para-promover-conciencia-y-accion-ambiental-en-ecuador-dia-libre-de-bolsas-de-plastico-y-la-conservacion-del-ecosistema-del-manglar\\\/#primaryimage\"},\"thumbnailUrl\":\"https:\\\/\\\/www.quebakan.com\\\/v15\\\/wp-content\\\/uploads\\\/2025\\\/07\\\/MANGLAR-PRESS2-.jpg\",\"articleSection\":[\"Noticias\"],\"inLanguage\":\"es\"},{\"@type\":\"WebPage\",\"@id\":\"https:\\\/\\\/www.quebakan.com\\\/v15\\\/mes-clave-para-promover-conciencia-y-accion-ambiental-en-ecuador-dia-libre-de-bolsas-de-plastico-y-la-conservacion-del-ecosistema-del-manglar\\\/\",\"url\":\"https:\\\/\\\/www.quebakan.com\\\/v15\\\/mes-clave-para-promover-conciencia-y-accion-ambiental-en-ecuador-dia-libre-de-bolsas-de-plastico-y-la-conservacion-del-ecosistema-del-manglar\\\/\",\"name\":\"MES CLAVE PARA PROMOVER CONCIENCIA Y ACCI\u00d3N AMBIENTAL EN ECUADOR: D\u00cdA LIBRE DE BOLSAS DE PL\u00c1STICO Y LA CONSERVACI\u00d3N DEL ECOSISTEMA DEL MANGLAR\u200b &#8211; QUEBAKAN.COM 2026: Noticias, Eventos, Conciertos y mucho m\u00e1s....\",\"isPartOf\":{\"@id\":\"https:\\\/\\\/www.quebakan.com\\\/v15\\\/#website\"},\"primaryImageOfPage\":{\"@id\":\"https:\\\/\\\/www.quebakan.com\\\/v15\\\/mes-clave-para-promover-conciencia-y-accion-ambiental-en-ecuador-dia-libre-de-bolsas-de-plastico-y-la-conservacion-del-ecosistema-del-manglar\\\/#primaryimage\"},\"image\":{\"@id\":\"https:\\\/\\\/www.quebakan.com\\\/v15\\\/mes-clave-para-promover-conciencia-y-accion-ambiental-en-ecuador-dia-libre-de-bolsas-de-plastico-y-la-conservacion-del-ecosistema-del-manglar\\\/#primaryimage\"},\"thumbnailUrl\":\"https:\\\/\\\/www.quebakan.com\\\/v15\\\/wp-content\\\/uploads\\\/2025\\\/07\\\/MANGLAR-PRESS2-.jpg\",\"datePublished\":\"2025-07-21T01:16:32+00:00\",\"breadcrumb\":{\"@id\":\"https:\\\/\\\/www.quebakan.com\\\/v15\\\/mes-clave-para-promover-conciencia-y-accion-ambiental-en-ecuador-dia-libre-de-bolsas-de-plastico-y-la-conservacion-del-ecosistema-del-manglar\\\/#breadcrumb\"},\"inLanguage\":\"es\",\"potentialAction\":[{\"@type\":\"ReadAction\",\"target\":[\"https:\\\/\\\/www.quebakan.com\\\/v15\\\/mes-clave-para-promover-conciencia-y-accion-ambiental-en-ecuador-dia-libre-de-bolsas-de-plastico-y-la-conservacion-del-ecosistema-del-manglar\\\/\"]}]},{\"@type\":\"ImageObject\",\"inLanguage\":\"es\",\"@id\":\"https:\\\/\\\/www.quebakan.com\\\/v15\\\/mes-clave-para-promover-conciencia-y-accion-ambiental-en-ecuador-dia-libre-de-bolsas-de-plastico-y-la-conservacion-del-ecosistema-del-manglar\\\/#primaryimage\",\"url\":\"https:\\\/\\\/www.quebakan.com\\\/v15\\\/wp-content\\\/uploads\\\/2025\\\/07\\\/MANGLAR-PRESS2-.jpg\",\"contentUrl\":\"https:\\\/\\\/www.quebakan.com\\\/v15\\\/wp-content\\\/uploads\\\/2025\\\/07\\\/MANGLAR-PRESS2-.jpg\",\"width\":700,\"height\":467},{\"@type\":\"BreadcrumbList\",\"@id\":\"https:\\\/\\\/www.quebakan.com\\\/v15\\\/mes-clave-para-promover-conciencia-y-accion-ambiental-en-ecuador-dia-libre-de-bolsas-de-plastico-y-la-conservacion-del-ecosistema-del-manglar\\\/#breadcrumb\",\"itemListElement\":[{\"@type\":\"ListItem\",\"position\":1,\"name\":\"Portada\",\"item\":\"https:\\\/\\\/www.quebakan.com\\\/v15\\\/\"},{\"@type\":\"ListItem\",\"position\":2,\"name\":\"MES CLAVE PARA PROMOVER CONCIENCIA Y ACCI\u00d3N AMBIENTAL EN ECUADOR: D\u00cdA LIBRE DE BOLSAS DE PL\u00c1STICO Y LA CONSERVACI\u00d3N DEL ECOSISTEMA DEL MANGLAR\u200b\"}]},{\"@type\":\"WebSite\",\"@id\":\"https:\\\/\\\/www.quebakan.com\\\/v15\\\/#website\",\"url\":\"https:\\\/\\\/www.quebakan.com\\\/v15\\\/\",\"name\":\"QUEBAKAN\",\"description\":\"..\",\"publisher\":{\"@id\":\"https:\\\/\\\/www.quebakan.com\\\/v15\\\/#organization\"},\"potentialAction\":[{\"@type\":\"SearchAction\",\"target\":{\"@type\":\"EntryPoint\",\"urlTemplate\":\"https:\\\/\\\/www.quebakan.com\\\/v15\\\/?s={search_term_string}\"},\"query-input\":{\"@type\":\"PropertyValueSpecification\",\"valueRequired\":true,\"valueName\":\"search_term_string\"}}],\"inLanguage\":\"es\"},{\"@type\":\"Organization\",\"@id\":\"https:\\\/\\\/www.quebakan.com\\\/v15\\\/#organization\",\"name\":\"Quebakan.com\",\"url\":\"https:\\\/\\\/www.quebakan.com\\\/v15\\\/\",\"logo\":{\"@type\":\"ImageObject\",\"inLanguage\":\"es\",\"@id\":\"https:\\\/\\\/www.quebakan.com\\\/v15\\\/#\\\/schema\\\/logo\\\/image\\\/\",\"url\":\"https:\\\/\\\/www.quebakan.com\\\/v15\\\/wp-content\\\/uploads\\\/2023\\\/07\\\/logoquebakanenero2021.jpg\",\"contentUrl\":\"https:\\\/\\\/www.quebakan.com\\\/v15\\\/wp-content\\\/uploads\\\/2023\\\/07\\\/logoquebakanenero2021.jpg\",\"width\":1920,\"height\":1080,\"caption\":\"Quebakan.com\"},\"image\":{\"@id\":\"https:\\\/\\\/www.quebakan.com\\\/v15\\\/#\\\/schema\\\/logo\\\/image\\\/\"},\"sameAs\":[\"http:\\\/\\\/www.facebook.com\\\/quebakan\",\"https:\\\/\\\/x.com\\\/quebakanec\",\"http:\\\/\\\/www.instagram.com\\\/quebakan\",\"http:\\\/\\\/www.youtube.com\\\/quebakan1\"]},{\"@type\":\"Person\",\"@id\":\"https:\\\/\\\/www.quebakan.com\\\/v15\\\/#\\\/schema\\\/person\\\/d90fa9f9cfa81eb8ace9811e5b7b9118\",\"name\":\"Erick Villafuerte\",\"image\":{\"@type\":\"ImageObject\",\"inLanguage\":\"es\",\"@id\":\"https:\\\/\\\/www.quebakan.com\\\/v15\\\/wp-content\\\/uploads\\\/avatars\\\/4\\\/1731297654-bpfull.png\",\"url\":\"https:\\\/\\\/www.quebakan.com\\\/v15\\\/wp-content\\\/uploads\\\/avatars\\\/4\\\/1731297654-bpfull.png\",\"contentUrl\":\"https:\\\/\\\/www.quebakan.com\\\/v15\\\/wp-content\\\/uploads\\\/avatars\\\/4\\\/1731297654-bpfull.png\",\"caption\":\"Erick Villafuerte\"}}]}<\/script>\n<!-- \/ Yoast SEO plugin. -->","yoast_head_json":{"title":"MES CLAVE PARA PROMOVER CONCIENCIA Y ACCI\u00d3N AMBIENTAL EN ECUADOR: D\u00cdA LIBRE DE BOLSAS DE PL\u00c1STICO Y LA CONSERVACI\u00d3N DEL ECOSISTEMA DEL MANGLAR\u200b &#8211; QUEBAKAN.COM 2026: Noticias, Eventos, Conciertos y mucho m\u00e1s....","robots":{"index":"index","follow":"follow","max-snippet":"max-snippet:-1","max-image-preview":"max-image-preview:large","max-video-preview":"max-video-preview:-1"},"canonical":"https:\/\/www.quebakan.com\/v15\/mes-clave-para-promover-conciencia-y-accion-ambiental-en-ecuador-dia-libre-de-bolsas-de-plastico-y-la-conservacion-del-ecosistema-del-manglar\/","og_locale":"es_ES","og_type":"article","og_title":"MES CLAVE PARA PROMOVER CONCIENCIA Y ACCI\u00d3N AMBIENTAL EN ECUADOR: D\u00cdA LIBRE DE BOLSAS DE PL\u00c1STICO Y LA CONSERVACI\u00d3N DEL ECOSISTEMA DEL MANGLAR\u200b &#8211; QUEBAKAN.COM 2026: Noticias, Eventos, Conciertos y mucho m\u00e1s....","og_description":"El D\u00eda Internacional Libre de Bolsas de Pl\u00e1stico, que se celebra cada 3 de julio, y el D\u00eda Internacional para la Defensa del Ecosistema Manglar, conmemorado el 26 de julio, impulsan una acci\u00f3n inmediata para reducir el consumo de pl\u00e1sticos de un solo uso que contaminan oc\u00e9anos, r\u00edos y suelos, y para proteger los manglares, [&hellip;]","og_url":"https:\/\/www.quebakan.com\/v15\/mes-clave-para-promover-conciencia-y-accion-ambiental-en-ecuador-dia-libre-de-bolsas-de-plastico-y-la-conservacion-del-ecosistema-del-manglar\/","og_site_name":"QUEBAKAN.COM 2026: Noticias, Eventos, Conciertos y mucho m\u00e1s....","article_publisher":"http:\/\/www.facebook.com\/quebakan","article_published_time":"2025-07-21T01:16:32+00:00","og_image":[{"width":700,"height":467,"url":"https:\/\/www.quebakan.com\/v15\/wp-content\/uploads\/2025\/07\/MANGLAR-PRESS2-.jpg","type":"image\/jpeg"}],"author":"Erick Villafuerte","twitter_card":"summary_large_image","twitter_creator":"@quebakanec","twitter_site":"@quebakanec","twitter_misc":{"Escrito por":"Erick Villafuerte","Tiempo de lectura":"4 minutos"},"schema":{"@context":"https:\/\/schema.org","@graph":[{"@type":"Article","@id":"https:\/\/www.quebakan.com\/v15\/mes-clave-para-promover-conciencia-y-accion-ambiental-en-ecuador-dia-libre-de-bolsas-de-plastico-y-la-conservacion-del-ecosistema-del-manglar\/#article","isPartOf":{"@id":"https:\/\/www.quebakan.com\/v15\/mes-clave-para-promover-conciencia-y-accion-ambiental-en-ecuador-dia-libre-de-bolsas-de-plastico-y-la-conservacion-del-ecosistema-del-manglar\/"},"author":{"name":"Erick Villafuerte","@id":"https:\/\/www.quebakan.com\/v15\/#\/schema\/person\/d90fa9f9cfa81eb8ace9811e5b7b9118"},"headline":"MES CLAVE PARA PROMOVER CONCIENCIA Y ACCI\u00d3N AMBIENTAL EN ECUADOR: D\u00cdA LIBRE DE BOLSAS DE PL\u00c1STICO Y LA CONSERVACI\u00d3N DEL ECOSISTEMA DEL MANGLAR\u200b","datePublished":"2025-07-21T01:16:32+00:00","mainEntityOfPage":{"@id":"https:\/\/www.quebakan.com\/v15\/mes-clave-para-promover-conciencia-y-accion-ambiental-en-ecuador-dia-libre-de-bolsas-de-plastico-y-la-conservacion-del-ecosistema-del-manglar\/"},"wordCount":622,"publisher":{"@id":"https:\/\/www.quebakan.com\/v15\/#organization"},"image":{"@id":"https:\/\/www.quebakan.com\/v15\/mes-clave-para-promover-conciencia-y-accion-ambiental-en-ecuador-dia-libre-de-bolsas-de-plastico-y-la-conservacion-del-ecosistema-del-manglar\/#primaryimage"},"thumbnailUrl":"https:\/\/www.quebakan.com\/v15\/wp-content\/uploads\/2025\/07\/MANGLAR-PRESS2-.jpg","articleSection":["Noticias"],"inLanguage":"es"},{"@type":"WebPage","@id":"https:\/\/www.quebakan.com\/v15\/mes-clave-para-promover-conciencia-y-accion-ambiental-en-ecuador-dia-libre-de-bolsas-de-plastico-y-la-conservacion-del-ecosistema-del-manglar\/","url":"https:\/\/www.quebakan.com\/v15\/mes-clave-para-promover-conciencia-y-accion-ambiental-en-ecuador-dia-libre-de-bolsas-de-plastico-y-la-conservacion-del-ecosistema-del-manglar\/","name":"MES CLAVE PARA PROMOVER CONCIENCIA Y ACCI\u00d3N AMBIENTAL EN ECUADOR: D\u00cdA LIBRE DE BOLSAS DE PL\u00c1STICO Y LA CONSERVACI\u00d3N DEL ECOSISTEMA DEL MANGLAR\u200b &#8211; QUEBAKAN.COM 2026: Noticias, Eventos, Conciertos y mucho m\u00e1s....","isPartOf":{"@id":"https:\/\/www.quebakan.com\/v15\/#website"},"primaryImageOfPage":{"@id":"https:\/\/www.quebakan.com\/v15\/mes-clave-para-promover-conciencia-y-accion-ambiental-en-ecuador-dia-libre-de-bolsas-de-plastico-y-la-conservacion-del-ecosistema-del-manglar\/#primaryimage"},"image":{"@id":"https:\/\/www.quebakan.com\/v15\/mes-clave-para-promover-conciencia-y-accion-ambiental-en-ecuador-dia-libre-de-bolsas-de-plastico-y-la-conservacion-del-ecosistema-del-manglar\/#primaryimage"},"thumbnailUrl":"https:\/\/www.quebakan.com\/v15\/wp-content\/uploads\/2025\/07\/MANGLAR-PRESS2-.jpg","datePublished":"2025-07-21T01:16:32+00:00","breadcrumb":{"@id":"https:\/\/www.quebakan.com\/v15\/mes-clave-para-promover-conciencia-y-accion-ambiental-en-ecuador-dia-libre-de-bolsas-de-plastico-y-la-conservacion-del-ecosistema-del-manglar\/#breadcrumb"},"inLanguage":"es","potentialAction":[{"@type":"ReadAction","target":["https:\/\/www.quebakan.com\/v15\/mes-clave-para-promover-conciencia-y-accion-ambiental-en-ecuador-dia-libre-de-bolsas-de-plastico-y-la-conservacion-del-ecosistema-del-manglar\/"]}]},{"@type":"ImageObject","inLanguage":"es","@id":"https:\/\/www.quebakan.com\/v15\/mes-clave-para-promover-conciencia-y-accion-ambiental-en-ecuador-dia-libre-de-bolsas-de-plastico-y-la-conservacion-del-ecosistema-del-manglar\/#primaryimage","url":"https:\/\/www.quebakan.com\/v15\/wp-content\/uploads\/2025\/07\/MANGLAR-PRESS2-.jpg","contentUrl":"https:\/\/www.quebakan.com\/v15\/wp-content\/uploads\/2025\/07\/MANGLAR-PRESS2-.jpg","width":700,"height":467},{"@type":"BreadcrumbList","@id":"https:\/\/www.quebakan.com\/v15\/mes-clave-para-promover-conciencia-y-accion-ambiental-en-ecuador-dia-libre-de-bolsas-de-plastico-y-la-conservacion-del-ecosistema-del-manglar\/#breadcrumb","itemListElement":[{"@type":"ListItem","position":1,"name":"Portada","item":"https:\/\/www.quebakan.com\/v15\/"},{"@type":"ListItem","position":2,"name":"MES CLAVE PARA PROMOVER CONCIENCIA Y ACCI\u00d3N AMBIENTAL EN ECUADOR: D\u00cdA LIBRE DE BOLSAS DE PL\u00c1STICO Y LA CONSERVACI\u00d3N DEL ECOSISTEMA DEL MANGLAR\u200b"}]},{"@type":"WebSite","@id":"https:\/\/www.quebakan.com\/v15\/#website","url":"https:\/\/www.quebakan.com\/v15\/","name":"QUEBAKAN","description":"..","publisher":{"@id":"https:\/\/www.quebakan.com\/v15\/#organization"},"potentialAction":[{"@type":"SearchAction","target":{"@type":"EntryPoint","urlTemplate":"https:\/\/www.quebakan.com\/v15\/?s={search_term_string}"},"query-input":{"@type":"PropertyValueSpecification","valueRequired":true,"valueName":"search_term_string"}}],"inLanguage":"es"},{"@type":"Organization","@id":"https:\/\/www.quebakan.com\/v15\/#organization","name":"Quebakan.com","url":"https:\/\/www.quebakan.com\/v15\/","logo":{"@type":"ImageObject","inLanguage":"es","@id":"https:\/\/www.quebakan.com\/v15\/#\/schema\/logo\/image\/","url":"https:\/\/www.quebakan.com\/v15\/wp-content\/uploads\/2023\/07\/logoquebakanenero2021.jpg","contentUrl":"https:\/\/www.quebakan.com\/v15\/wp-content\/uploads\/2023\/07\/logoquebakanenero2021.jpg","width":1920,"height":1080,"caption":"Quebakan.com"},"image":{"@id":"https:\/\/www.quebakan.com\/v15\/#\/schema\/logo\/image\/"},"sameAs":["http:\/\/www.facebook.com\/quebakan","https:\/\/x.com\/quebakanec","http:\/\/www.instagram.com\/quebakan","http:\/\/www.youtube.com\/quebakan1"]},{"@type":"Person","@id":"https:\/\/www.quebakan.com\/v15\/#\/schema\/person\/d90fa9f9cfa81eb8ace9811e5b7b9118","name":"Erick Villafuerte","image":{"@type":"ImageObject","inLanguage":"es","@id":"https:\/\/www.quebakan.com\/v15\/wp-content\/uploads\/avatars\/4\/1731297654-bpfull.png","url":"https:\/\/www.quebakan.com\/v15\/wp-content\/uploads\/avatars\/4\/1731297654-bpfull.png","contentUrl":"https:\/\/www.quebakan.com\/v15\/wp-content\/uploads\/avatars\/4\/1731297654-bpfull.png","caption":"Erick Villafuerte"}}]}},"_links":{"self":[{"href":"https:\/\/www.quebakan.com\/v15\/wp-json\/wp\/v2\/posts\/133464","targetHints":{"allow":["GET"]}}],"collection":[{"href":"https:\/\/www.quebakan.com\/v15\/wp-json\/wp\/v2\/posts"}],"about":[{"href":"https:\/\/www.quebakan.com\/v15\/wp-json\/wp\/v2\/types\/post"}],"author":[{"embeddable":true,"href":"https:\/\/www.quebakan.com\/v15\/wp-json\/wp\/v2\/users\/4"}],"replies":[{"embeddable":true,"href":"https:\/\/www.quebakan.com\/v15\/wp-json\/wp\/v2\/comments?post=133464"}],"version-history":[{"count":1,"href":"https:\/\/www.quebakan.com\/v15\/wp-json\/wp\/v2\/posts\/133464\/revisions"}],"predecessor-version":[{"id":133467,"href":"https:\/\/www.quebakan.com\/v15\/wp-json\/wp\/v2\/posts\/133464\/revisions\/133467"}],"wp:featuredmedia":[{"embeddable":true,"href":"https:\/\/www.quebakan.com\/v15\/wp-json\/wp\/v2\/media\/133465"}],"wp:attachment":[{"href":"https:\/\/www.quebakan.com\/v15\/wp-json\/wp\/v2\/media?parent=133464"}],"wp:term":[{"taxonomy":"category","embeddable":true,"href":"https:\/\/www.quebakan.com\/v15\/wp-json\/wp\/v2\/categories?post=133464"},{"taxonomy":"post_tag","embeddable":true,"href":"https:\/\/www.quebakan.com\/v15\/wp-json\/wp\/v2\/tags?post=133464"}],"curies":[{"name":"wp","href":"https:\/\/api.w.org\/{rel}","templated":true}]}}