{"id":133468,"date":"2025-07-20T20:32:04","date_gmt":"2025-07-21T01:32:04","guid":{"rendered":"https:\/\/www.quebakan.com\/v15\/?p=133468"},"modified":"2025-07-20T20:32:04","modified_gmt":"2025-07-21T01:32:04","slug":"claves-para-mantener-en-optimas-condiciones-a-un-vehiculo-100-electrico","status":"publish","type":"post","link":"https:\/\/www.quebakan.com\/v15\/claves-para-mantener-en-optimas-condiciones-a-un-vehiculo-100-electrico\/","title":{"rendered":"CLAVES PARA MANTENER EN \u00d3PTIMAS CONDICIONES  A UN VEH\u00cdCULO 100% EL\u00c9CTRICO"},"content":{"rendered":"<p><img fetchpriority=\"high\" decoding=\"async\" class=\"aligncenter size-full wp-image-133469\" src=\"https:\/\/www.quebakan.com\/v15\/wp-content\/uploads\/2025\/07\/1-1.jpg\" alt=\"\" width=\"700\" height=\"394\" \/><\/p>\n<p style=\"text-align: justify;\"><span style=\"color: #000000;\"><strong>Quito, 17 de julio de 2025.- <\/strong>La movilidad el\u00e9ctrica est\u00e1 ganando terreno en Ecuador y en todo el mundo. Cada vez son m\u00e1s los conductores que eligen opciones el\u00e9ctricas como una opci\u00f3n ecol\u00f3gica, econ\u00f3mica y eficiente. En este contexto, los recientes modelos 100% el\u00e9ctricos que han integrado el mercado ecuatoriano, como el Kwid E-Tech y el Megane E-Tech de la marca francesa Renault, ofrecen costos operativos mucho m\u00e1s bajos en comparaci\u00f3n con los veh\u00edculos de combusti\u00f3n interna.<\/span><\/p>\n<p style=\"text-align: justify;\"><span style=\"color: #000000;\">Sin embargo, como cualquier otro veh\u00edculo, un auto el\u00e9ctrico necesita mantenimiento para garantizar su funcionamiento \u00f3ptimo y brindarte la mejor experiencia de conducci\u00f3n.<\/span><\/p>\n<p style=\"text-align: justify;\"><span style=\"color: #000000;\">Aqu\u00ed te compartimos algunos consejos clave para mantener tu veh\u00edculo el\u00e9ctrico en excelente estado y aprovechar al m\u00e1ximo su rendimiento:<\/span><\/p>\n<ol style=\"text-align: justify;\">\n<li><span style=\"color: #000000;\"><strong>Cuidando la bater\u00eda:<\/strong><\/span><\/li>\n<\/ol>\n<p style=\"text-align: justify;\"><span style=\"color: #000000;\">La bater\u00eda es uno de los componentes m\u00e1s importantes de cualquier veh\u00edculo el\u00e9ctrico, y su mantenimiento es esencial para prolongar su vida \u00fatil. A diferencia de los autos convencionales, los veh\u00edculos el\u00e9ctricos no requieren cambios de aceite, pero la bater\u00eda necesita ser revisada regularmente. Los modelos de la Era E-Tech de Renault est\u00e1n dise\u00f1ados con bater\u00edas de larga duraci\u00f3n, pero es recomendable evitar cargar la bater\u00eda al 100% o dejar que se descargue completamente. Para optimizar su rendimiento, lo ideal es cargarla cuando est\u00e9 entre el 20% y el 80%.<\/span><\/p>\n<ol style=\"text-align: justify;\" start=\"2\">\n<li><span style=\"color: #000000;\"><strong>Sistema de frenos regenerativos:<\/strong><\/span><\/li>\n<\/ol>\n<p style=\"text-align: justify;\"><span style=\"color: #000000;\">Los veh\u00edculos el\u00e9ctricos utilizan un sistema de frenos regenerativos que no solo detienen el veh\u00edculo, sino que tambi\u00e9n recargan parcialmente la bater\u00eda. Este sistema necesita menos mantenimiento que los frenos tradicionales, pero es fundamental revisarlo peri\u00f3dicamente para asegurarte de que sigue funcionando correctamente. Un mantenimiento adecuado del sistema de frenos ayudar\u00e1 a maximizar la eficiencia de la regeneraci\u00f3n de energ\u00eda, lo que prolonga la autonom\u00eda del veh\u00edculo.<\/span><\/p>\n<ol style=\"text-align: justify;\" start=\"3\">\n<li><span style=\"color: #000000;\"><strong>Revisi\u00f3n de llantas:<\/strong><\/span><\/li>\n<\/ol>\n<p style=\"text-align: justify;\"><span style=\"color: #000000;\">Debido a la mayor pesadez del motor el\u00e9ctrico y el torque instant\u00e1neo, los veh\u00edculos el\u00e9ctricos tienden a desgastar las llantas un poco m\u00e1s r\u00e1pido que los autos convencionales. Es importante verificar la presi\u00f3n de los neum\u00e1ticos regularmente y asegurarse de que est\u00e9n alineados para evitar un desgaste desigual. Adem\u00e1s, cuando sea necesario reemplazarlos, es recomendable elegir neum\u00e1ticos dise\u00f1ados espec\u00edficamente para veh\u00edculos el\u00e9ctricos, ya que ofrecen menor resistencia al rodamiento y contribuyen a mejorar la eficiencia energ\u00e9tica.<\/span><\/p>\n<ol style=\"text-align: justify;\" start=\"4\">\n<li><span style=\"color: #000000;\"><strong>Sistemas de climatizaci\u00f3n:<\/strong><\/span><\/li>\n<\/ol>\n<p style=\"text-align: justify;\"><span style=\"color: #000000;\">Los veh\u00edculos el\u00e9ctricos cuentan con un sistema de climatizaci\u00f3n diferente al de los autos de combusti\u00f3n interna. Para garantizar un rendimiento eficiente, es importante asegurarse de que el sistema de calefacci\u00f3n y aire acondicionado est\u00e9 funcionando correctamente. Modelos como el Megane E-Tech cuentan con opciones de climatizaci\u00f3n inteligentes que optimizan el uso de energ\u00eda. Por ello, es importante realizar una revisi\u00f3n peri\u00f3dica para mantener estos sistemas en su mejor estado.<\/span><\/p>\n<ol style=\"text-align: justify;\" start=\"5\">\n<li><span style=\"color: #000000;\"><strong>L\u00edquidos y filtros:<\/strong><\/span><\/li>\n<\/ol>\n<p style=\"text-align: justify;\"><span style=\"color: #000000;\">Aunque los veh\u00edculos el\u00e9ctricos no necesitan cambios de aceite, s\u00ed requieren atenci\u00f3n en otros aspectos. Los l\u00edquidos de frenos, direcci\u00f3n asistida y el refrigerante del motor deben ser revisados y reemplazados seg\u00fan las recomendaciones del fabricante. Adem\u00e1s, los filtros de aire deben ser reemplazados peri\u00f3dicamente para mantener el aire limpio dentro del veh\u00edculo y asegurar un rendimiento eficiente del sistema de climatizaci\u00f3n.<\/span><\/p>\n<p style=\"text-align: justify;\"><span style=\"color: #000000;\"><strong>Beneficios de poseer un veh\u00edculo el\u00e9ctrico<\/strong><\/span><\/p>\n<p style=\"text-align: justify;\"><span style=\"color: #000000;\">Estudios recientes han demostrado que los propietarios de veh\u00edculos el\u00e9ctricos pueden ahorrar hasta un 65% en costos de combustible en comparaci\u00f3n con los automotores a gasolina. En Ecuador, adem\u00e1s, el costo de la matr\u00edcula para veh\u00edculos el\u00e9ctricos se ha reducido significativamente, llegando a solo $10, lo que hace a\u00fan m\u00e1s atractiva la opci\u00f3n de invertir en este tipo de autom\u00f3viles.<\/span><\/p>\n<p style=\"text-align: justify;\"><span style=\"color: #000000;\">Con la creciente infraestructura de carga y las pol\u00edticas de incentivos gubernamentales, como la reducci\u00f3n de impuestos y tarifas, optar por un Renault el\u00e9ctrico en Ecuador se convierte en una decisi\u00f3n financieramente inteligente.<\/span><\/p>\n<p style=\"text-align: justify;\"><span style=\"color: #000000;\">La<strong> Era E-Tech <\/strong>de Renault ha llegado para quedarse. Modelos como el Kwid E-Tech y el Megane E-Tech est\u00e1n liderando el camino hacia una movilidad m\u00e1s sostenible en Ecuador. Estos veh\u00edculos 100% el\u00e9ctricos no solo est\u00e1n dise\u00f1ados para ofrecer un excelente rendimiento y comodidad, sino tambi\u00e9n para asegurar que su mantenimiento sea sencillo y econ\u00f3mico a largo plazo.<\/span><\/p>\n","protected":false},"excerpt":{"rendered":"<p>Quito, 17 de julio de 2025.- La movilidad el\u00e9ctrica est\u00e1 ganando terreno en Ecuador y en todo el mundo. Cada vez son m\u00e1s los conductores que eligen opciones el\u00e9ctricas como una opci\u00f3n ecol\u00f3gica, econ\u00f3mica y eficiente. En este contexto, los recientes modelos 100% el\u00e9ctricos que han integrado el mercado ecuatoriano, como el Kwid E-Tech y [&hellip;]<\/p>\n","protected":false},"author":4,"featured_media":133469,"comment_status":"closed","ping_status":"closed","sticky":false,"template":"","format":"standard","meta":{"_bbp_topic_count":0,"_bbp_reply_count":0,"_bbp_total_topic_count":0,"_bbp_total_reply_count":0,"_bbp_voice_count":0,"_bbp_anonymous_reply_count":0,"_bbp_topic_count_hidden":0,"_bbp_reply_count_hidden":0,"_bbp_forum_subforum_count":0,"buzzeditor_post_format":"","footnotes":""},"categories":[2],"tags":[],"class_list":["post-133468","post","type-post","status-publish","format-standard","has-post-thumbnail","hentry","category-noticias"],"yoast_head":"<!-- This site is optimized with the Yoast SEO plugin v27.5 - https:\/\/yoast.com\/product\/yoast-seo-wordpress\/ -->\n<title>CLAVES PARA MANTENER EN \u00d3PTIMAS CONDICIONES A UN VEH\u00cdCULO 100% EL\u00c9CTRICO &#8211; QUEBAKAN.COM 2026: Noticias, Eventos, Conciertos y mucho m\u00e1s....<\/title>\n<meta name=\"robots\" content=\"index, follow, max-snippet:-1, max-image-preview:large, max-video-preview:-1\" \/>\n<link rel=\"canonical\" href=\"https:\/\/www.quebakan.com\/v15\/claves-para-mantener-en-optimas-condiciones-a-un-vehiculo-100-electrico\/\" \/>\n<meta property=\"og:locale\" content=\"es_ES\" \/>\n<meta property=\"og:type\" content=\"article\" \/>\n<meta property=\"og:title\" content=\"CLAVES PARA MANTENER EN \u00d3PTIMAS CONDICIONES A UN VEH\u00cdCULO 100% EL\u00c9CTRICO &#8211; QUEBAKAN.COM 2026: Noticias, Eventos, Conciertos y mucho m\u00e1s....\" \/>\n<meta property=\"og:description\" content=\"Quito, 17 de julio de 2025.- La movilidad el\u00e9ctrica est\u00e1 ganando terreno en Ecuador y en todo el mundo. Cada vez son m\u00e1s los conductores que eligen opciones el\u00e9ctricas como una opci\u00f3n ecol\u00f3gica, econ\u00f3mica y eficiente. En este contexto, los recientes modelos 100% el\u00e9ctricos que han integrado el mercado ecuatoriano, como el Kwid E-Tech y [&hellip;]\" \/>\n<meta property=\"og:url\" content=\"https:\/\/www.quebakan.com\/v15\/claves-para-mantener-en-optimas-condiciones-a-un-vehiculo-100-electrico\/\" \/>\n<meta property=\"og:site_name\" content=\"QUEBAKAN.COM 2026: Noticias, Eventos, Conciertos y mucho m\u00e1s....\" \/>\n<meta property=\"article:publisher\" content=\"http:\/\/www.facebook.com\/quebakan\" \/>\n<meta property=\"article:published_time\" content=\"2025-07-21T01:32:04+00:00\" \/>\n<meta property=\"og:image\" content=\"https:\/\/www.quebakan.com\/v15\/wp-content\/uploads\/2025\/07\/1-1.jpg\" \/>\n\t<meta property=\"og:image:width\" content=\"700\" \/>\n\t<meta property=\"og:image:height\" content=\"394\" \/>\n\t<meta property=\"og:image:type\" content=\"image\/jpeg\" \/>\n<meta name=\"author\" content=\"Erick Villafuerte\" \/>\n<meta name=\"twitter:card\" content=\"summary_large_image\" \/>\n<meta name=\"twitter:creator\" content=\"@quebakanec\" \/>\n<meta name=\"twitter:site\" content=\"@quebakanec\" \/>\n<meta name=\"twitter:label1\" content=\"Escrito por\" \/>\n\t<meta name=\"twitter:data1\" content=\"Erick Villafuerte\" \/>\n\t<meta name=\"twitter:label2\" content=\"Tiempo de lectura\" \/>\n\t<meta name=\"twitter:data2\" content=\"4 minutos\" \/>\n<script type=\"application\/ld+json\" class=\"yoast-schema-graph\">{\"@context\":\"https:\\\/\\\/schema.org\",\"@graph\":[{\"@type\":\"Article\",\"@id\":\"https:\\\/\\\/www.quebakan.com\\\/v15\\\/claves-para-mantener-en-optimas-condiciones-a-un-vehiculo-100-electrico\\\/#article\",\"isPartOf\":{\"@id\":\"https:\\\/\\\/www.quebakan.com\\\/v15\\\/claves-para-mantener-en-optimas-condiciones-a-un-vehiculo-100-electrico\\\/\"},\"author\":{\"name\":\"Erick Villafuerte\",\"@id\":\"https:\\\/\\\/www.quebakan.com\\\/v15\\\/#\\\/schema\\\/person\\\/d90fa9f9cfa81eb8ace9811e5b7b9118\"},\"headline\":\"CLAVES PARA MANTENER EN \u00d3PTIMAS CONDICIONES A UN VEH\u00cdCULO 100% EL\u00c9CTRICO\",\"datePublished\":\"2025-07-21T01:32:04+00:00\",\"mainEntityOfPage\":{\"@id\":\"https:\\\/\\\/www.quebakan.com\\\/v15\\\/claves-para-mantener-en-optimas-condiciones-a-un-vehiculo-100-electrico\\\/\"},\"wordCount\":765,\"publisher\":{\"@id\":\"https:\\\/\\\/www.quebakan.com\\\/v15\\\/#organization\"},\"image\":{\"@id\":\"https:\\\/\\\/www.quebakan.com\\\/v15\\\/claves-para-mantener-en-optimas-condiciones-a-un-vehiculo-100-electrico\\\/#primaryimage\"},\"thumbnailUrl\":\"https:\\\/\\\/www.quebakan.com\\\/v15\\\/wp-content\\\/uploads\\\/2025\\\/07\\\/1-1.jpg\",\"articleSection\":[\"Noticias\"],\"inLanguage\":\"es\"},{\"@type\":\"WebPage\",\"@id\":\"https:\\\/\\\/www.quebakan.com\\\/v15\\\/claves-para-mantener-en-optimas-condiciones-a-un-vehiculo-100-electrico\\\/\",\"url\":\"https:\\\/\\\/www.quebakan.com\\\/v15\\\/claves-para-mantener-en-optimas-condiciones-a-un-vehiculo-100-electrico\\\/\",\"name\":\"CLAVES PARA MANTENER EN \u00d3PTIMAS CONDICIONES A UN VEH\u00cdCULO 100% EL\u00c9CTRICO &#8211; QUEBAKAN.COM 2026: Noticias, Eventos, Conciertos y mucho m\u00e1s....\",\"isPartOf\":{\"@id\":\"https:\\\/\\\/www.quebakan.com\\\/v15\\\/#website\"},\"primaryImageOfPage\":{\"@id\":\"https:\\\/\\\/www.quebakan.com\\\/v15\\\/claves-para-mantener-en-optimas-condiciones-a-un-vehiculo-100-electrico\\\/#primaryimage\"},\"image\":{\"@id\":\"https:\\\/\\\/www.quebakan.com\\\/v15\\\/claves-para-mantener-en-optimas-condiciones-a-un-vehiculo-100-electrico\\\/#primaryimage\"},\"thumbnailUrl\":\"https:\\\/\\\/www.quebakan.com\\\/v15\\\/wp-content\\\/uploads\\\/2025\\\/07\\\/1-1.jpg\",\"datePublished\":\"2025-07-21T01:32:04+00:00\",\"breadcrumb\":{\"@id\":\"https:\\\/\\\/www.quebakan.com\\\/v15\\\/claves-para-mantener-en-optimas-condiciones-a-un-vehiculo-100-electrico\\\/#breadcrumb\"},\"inLanguage\":\"es\",\"potentialAction\":[{\"@type\":\"ReadAction\",\"target\":[\"https:\\\/\\\/www.quebakan.com\\\/v15\\\/claves-para-mantener-en-optimas-condiciones-a-un-vehiculo-100-electrico\\\/\"]}]},{\"@type\":\"ImageObject\",\"inLanguage\":\"es\",\"@id\":\"https:\\\/\\\/www.quebakan.com\\\/v15\\\/claves-para-mantener-en-optimas-condiciones-a-un-vehiculo-100-electrico\\\/#primaryimage\",\"url\":\"https:\\\/\\\/www.quebakan.com\\\/v15\\\/wp-content\\\/uploads\\\/2025\\\/07\\\/1-1.jpg\",\"contentUrl\":\"https:\\\/\\\/www.quebakan.com\\\/v15\\\/wp-content\\\/uploads\\\/2025\\\/07\\\/1-1.jpg\",\"width\":700,\"height\":394},{\"@type\":\"BreadcrumbList\",\"@id\":\"https:\\\/\\\/www.quebakan.com\\\/v15\\\/claves-para-mantener-en-optimas-condiciones-a-un-vehiculo-100-electrico\\\/#breadcrumb\",\"itemListElement\":[{\"@type\":\"ListItem\",\"position\":1,\"name\":\"Portada\",\"item\":\"https:\\\/\\\/www.quebakan.com\\\/v15\\\/\"},{\"@type\":\"ListItem\",\"position\":2,\"name\":\"CLAVES PARA MANTENER EN \u00d3PTIMAS CONDICIONES A UN VEH\u00cdCULO 100% EL\u00c9CTRICO\"}]},{\"@type\":\"WebSite\",\"@id\":\"https:\\\/\\\/www.quebakan.com\\\/v15\\\/#website\",\"url\":\"https:\\\/\\\/www.quebakan.com\\\/v15\\\/\",\"name\":\"QUEBAKAN\",\"description\":\"..\",\"publisher\":{\"@id\":\"https:\\\/\\\/www.quebakan.com\\\/v15\\\/#organization\"},\"potentialAction\":[{\"@type\":\"SearchAction\",\"target\":{\"@type\":\"EntryPoint\",\"urlTemplate\":\"https:\\\/\\\/www.quebakan.com\\\/v15\\\/?s={search_term_string}\"},\"query-input\":{\"@type\":\"PropertyValueSpecification\",\"valueRequired\":true,\"valueName\":\"search_term_string\"}}],\"inLanguage\":\"es\"},{\"@type\":\"Organization\",\"@id\":\"https:\\\/\\\/www.quebakan.com\\\/v15\\\/#organization\",\"name\":\"Quebakan.com\",\"url\":\"https:\\\/\\\/www.quebakan.com\\\/v15\\\/\",\"logo\":{\"@type\":\"ImageObject\",\"inLanguage\":\"es\",\"@id\":\"https:\\\/\\\/www.quebakan.com\\\/v15\\\/#\\\/schema\\\/logo\\\/image\\\/\",\"url\":\"https:\\\/\\\/www.quebakan.com\\\/v15\\\/wp-content\\\/uploads\\\/2023\\\/07\\\/logoquebakanenero2021.jpg\",\"contentUrl\":\"https:\\\/\\\/www.quebakan.com\\\/v15\\\/wp-content\\\/uploads\\\/2023\\\/07\\\/logoquebakanenero2021.jpg\",\"width\":1920,\"height\":1080,\"caption\":\"Quebakan.com\"},\"image\":{\"@id\":\"https:\\\/\\\/www.quebakan.com\\\/v15\\\/#\\\/schema\\\/logo\\\/image\\\/\"},\"sameAs\":[\"http:\\\/\\\/www.facebook.com\\\/quebakan\",\"https:\\\/\\\/x.com\\\/quebakanec\",\"http:\\\/\\\/www.instagram.com\\\/quebakan\",\"http:\\\/\\\/www.youtube.com\\\/quebakan1\"]},{\"@type\":\"Person\",\"@id\":\"https:\\\/\\\/www.quebakan.com\\\/v15\\\/#\\\/schema\\\/person\\\/d90fa9f9cfa81eb8ace9811e5b7b9118\",\"name\":\"Erick Villafuerte\",\"image\":{\"@type\":\"ImageObject\",\"inLanguage\":\"es\",\"@id\":\"https:\\\/\\\/www.quebakan.com\\\/v15\\\/wp-content\\\/uploads\\\/avatars\\\/4\\\/1731297654-bpfull.png\",\"url\":\"https:\\\/\\\/www.quebakan.com\\\/v15\\\/wp-content\\\/uploads\\\/avatars\\\/4\\\/1731297654-bpfull.png\",\"contentUrl\":\"https:\\\/\\\/www.quebakan.com\\\/v15\\\/wp-content\\\/uploads\\\/avatars\\\/4\\\/1731297654-bpfull.png\",\"caption\":\"Erick Villafuerte\"}}]}<\/script>\n<!-- \/ Yoast SEO plugin. -->","yoast_head_json":{"title":"CLAVES PARA MANTENER EN \u00d3PTIMAS CONDICIONES A UN VEH\u00cdCULO 100% EL\u00c9CTRICO &#8211; QUEBAKAN.COM 2026: Noticias, Eventos, Conciertos y mucho m\u00e1s....","robots":{"index":"index","follow":"follow","max-snippet":"max-snippet:-1","max-image-preview":"max-image-preview:large","max-video-preview":"max-video-preview:-1"},"canonical":"https:\/\/www.quebakan.com\/v15\/claves-para-mantener-en-optimas-condiciones-a-un-vehiculo-100-electrico\/","og_locale":"es_ES","og_type":"article","og_title":"CLAVES PARA MANTENER EN \u00d3PTIMAS CONDICIONES A UN VEH\u00cdCULO 100% EL\u00c9CTRICO &#8211; QUEBAKAN.COM 2026: Noticias, Eventos, Conciertos y mucho m\u00e1s....","og_description":"Quito, 17 de julio de 2025.- La movilidad el\u00e9ctrica est\u00e1 ganando terreno en Ecuador y en todo el mundo. Cada vez son m\u00e1s los conductores que eligen opciones el\u00e9ctricas como una opci\u00f3n ecol\u00f3gica, econ\u00f3mica y eficiente. En este contexto, los recientes modelos 100% el\u00e9ctricos que han integrado el mercado ecuatoriano, como el Kwid E-Tech y [&hellip;]","og_url":"https:\/\/www.quebakan.com\/v15\/claves-para-mantener-en-optimas-condiciones-a-un-vehiculo-100-electrico\/","og_site_name":"QUEBAKAN.COM 2026: Noticias, Eventos, Conciertos y mucho m\u00e1s....","article_publisher":"http:\/\/www.facebook.com\/quebakan","article_published_time":"2025-07-21T01:32:04+00:00","og_image":[{"width":700,"height":394,"url":"https:\/\/www.quebakan.com\/v15\/wp-content\/uploads\/2025\/07\/1-1.jpg","type":"image\/jpeg"}],"author":"Erick Villafuerte","twitter_card":"summary_large_image","twitter_creator":"@quebakanec","twitter_site":"@quebakanec","twitter_misc":{"Escrito por":"Erick Villafuerte","Tiempo de lectura":"4 minutos"},"schema":{"@context":"https:\/\/schema.org","@graph":[{"@type":"Article","@id":"https:\/\/www.quebakan.com\/v15\/claves-para-mantener-en-optimas-condiciones-a-un-vehiculo-100-electrico\/#article","isPartOf":{"@id":"https:\/\/www.quebakan.com\/v15\/claves-para-mantener-en-optimas-condiciones-a-un-vehiculo-100-electrico\/"},"author":{"name":"Erick Villafuerte","@id":"https:\/\/www.quebakan.com\/v15\/#\/schema\/person\/d90fa9f9cfa81eb8ace9811e5b7b9118"},"headline":"CLAVES PARA MANTENER EN \u00d3PTIMAS CONDICIONES A UN VEH\u00cdCULO 100% EL\u00c9CTRICO","datePublished":"2025-07-21T01:32:04+00:00","mainEntityOfPage":{"@id":"https:\/\/www.quebakan.com\/v15\/claves-para-mantener-en-optimas-condiciones-a-un-vehiculo-100-electrico\/"},"wordCount":765,"publisher":{"@id":"https:\/\/www.quebakan.com\/v15\/#organization"},"image":{"@id":"https:\/\/www.quebakan.com\/v15\/claves-para-mantener-en-optimas-condiciones-a-un-vehiculo-100-electrico\/#primaryimage"},"thumbnailUrl":"https:\/\/www.quebakan.com\/v15\/wp-content\/uploads\/2025\/07\/1-1.jpg","articleSection":["Noticias"],"inLanguage":"es"},{"@type":"WebPage","@id":"https:\/\/www.quebakan.com\/v15\/claves-para-mantener-en-optimas-condiciones-a-un-vehiculo-100-electrico\/","url":"https:\/\/www.quebakan.com\/v15\/claves-para-mantener-en-optimas-condiciones-a-un-vehiculo-100-electrico\/","name":"CLAVES PARA MANTENER EN \u00d3PTIMAS CONDICIONES A UN VEH\u00cdCULO 100% EL\u00c9CTRICO &#8211; QUEBAKAN.COM 2026: Noticias, Eventos, Conciertos y mucho m\u00e1s....","isPartOf":{"@id":"https:\/\/www.quebakan.com\/v15\/#website"},"primaryImageOfPage":{"@id":"https:\/\/www.quebakan.com\/v15\/claves-para-mantener-en-optimas-condiciones-a-un-vehiculo-100-electrico\/#primaryimage"},"image":{"@id":"https:\/\/www.quebakan.com\/v15\/claves-para-mantener-en-optimas-condiciones-a-un-vehiculo-100-electrico\/#primaryimage"},"thumbnailUrl":"https:\/\/www.quebakan.com\/v15\/wp-content\/uploads\/2025\/07\/1-1.jpg","datePublished":"2025-07-21T01:32:04+00:00","breadcrumb":{"@id":"https:\/\/www.quebakan.com\/v15\/claves-para-mantener-en-optimas-condiciones-a-un-vehiculo-100-electrico\/#breadcrumb"},"inLanguage":"es","potentialAction":[{"@type":"ReadAction","target":["https:\/\/www.quebakan.com\/v15\/claves-para-mantener-en-optimas-condiciones-a-un-vehiculo-100-electrico\/"]}]},{"@type":"ImageObject","inLanguage":"es","@id":"https:\/\/www.quebakan.com\/v15\/claves-para-mantener-en-optimas-condiciones-a-un-vehiculo-100-electrico\/#primaryimage","url":"https:\/\/www.quebakan.com\/v15\/wp-content\/uploads\/2025\/07\/1-1.jpg","contentUrl":"https:\/\/www.quebakan.com\/v15\/wp-content\/uploads\/2025\/07\/1-1.jpg","width":700,"height":394},{"@type":"BreadcrumbList","@id":"https:\/\/www.quebakan.com\/v15\/claves-para-mantener-en-optimas-condiciones-a-un-vehiculo-100-electrico\/#breadcrumb","itemListElement":[{"@type":"ListItem","position":1,"name":"Portada","item":"https:\/\/www.quebakan.com\/v15\/"},{"@type":"ListItem","position":2,"name":"CLAVES PARA MANTENER EN \u00d3PTIMAS CONDICIONES A UN VEH\u00cdCULO 100% EL\u00c9CTRICO"}]},{"@type":"WebSite","@id":"https:\/\/www.quebakan.com\/v15\/#website","url":"https:\/\/www.quebakan.com\/v15\/","name":"QUEBAKAN","description":"..","publisher":{"@id":"https:\/\/www.quebakan.com\/v15\/#organization"},"potentialAction":[{"@type":"SearchAction","target":{"@type":"EntryPoint","urlTemplate":"https:\/\/www.quebakan.com\/v15\/?s={search_term_string}"},"query-input":{"@type":"PropertyValueSpecification","valueRequired":true,"valueName":"search_term_string"}}],"inLanguage":"es"},{"@type":"Organization","@id":"https:\/\/www.quebakan.com\/v15\/#organization","name":"Quebakan.com","url":"https:\/\/www.quebakan.com\/v15\/","logo":{"@type":"ImageObject","inLanguage":"es","@id":"https:\/\/www.quebakan.com\/v15\/#\/schema\/logo\/image\/","url":"https:\/\/www.quebakan.com\/v15\/wp-content\/uploads\/2023\/07\/logoquebakanenero2021.jpg","contentUrl":"https:\/\/www.quebakan.com\/v15\/wp-content\/uploads\/2023\/07\/logoquebakanenero2021.jpg","width":1920,"height":1080,"caption":"Quebakan.com"},"image":{"@id":"https:\/\/www.quebakan.com\/v15\/#\/schema\/logo\/image\/"},"sameAs":["http:\/\/www.facebook.com\/quebakan","https:\/\/x.com\/quebakanec","http:\/\/www.instagram.com\/quebakan","http:\/\/www.youtube.com\/quebakan1"]},{"@type":"Person","@id":"https:\/\/www.quebakan.com\/v15\/#\/schema\/person\/d90fa9f9cfa81eb8ace9811e5b7b9118","name":"Erick Villafuerte","image":{"@type":"ImageObject","inLanguage":"es","@id":"https:\/\/www.quebakan.com\/v15\/wp-content\/uploads\/avatars\/4\/1731297654-bpfull.png","url":"https:\/\/www.quebakan.com\/v15\/wp-content\/uploads\/avatars\/4\/1731297654-bpfull.png","contentUrl":"https:\/\/www.quebakan.com\/v15\/wp-content\/uploads\/avatars\/4\/1731297654-bpfull.png","caption":"Erick Villafuerte"}}]}},"_links":{"self":[{"href":"https:\/\/www.quebakan.com\/v15\/wp-json\/wp\/v2\/posts\/133468","targetHints":{"allow":["GET"]}}],"collection":[{"href":"https:\/\/www.quebakan.com\/v15\/wp-json\/wp\/v2\/posts"}],"about":[{"href":"https:\/\/www.quebakan.com\/v15\/wp-json\/wp\/v2\/types\/post"}],"author":[{"embeddable":true,"href":"https:\/\/www.quebakan.com\/v15\/wp-json\/wp\/v2\/users\/4"}],"replies":[{"embeddable":true,"href":"https:\/\/www.quebakan.com\/v15\/wp-json\/wp\/v2\/comments?post=133468"}],"version-history":[{"count":1,"href":"https:\/\/www.quebakan.com\/v15\/wp-json\/wp\/v2\/posts\/133468\/revisions"}],"predecessor-version":[{"id":133470,"href":"https:\/\/www.quebakan.com\/v15\/wp-json\/wp\/v2\/posts\/133468\/revisions\/133470"}],"wp:featuredmedia":[{"embeddable":true,"href":"https:\/\/www.quebakan.com\/v15\/wp-json\/wp\/v2\/media\/133469"}],"wp:attachment":[{"href":"https:\/\/www.quebakan.com\/v15\/wp-json\/wp\/v2\/media?parent=133468"}],"wp:term":[{"taxonomy":"category","embeddable":true,"href":"https:\/\/www.quebakan.com\/v15\/wp-json\/wp\/v2\/categories?post=133468"},{"taxonomy":"post_tag","embeddable":true,"href":"https:\/\/www.quebakan.com\/v15\/wp-json\/wp\/v2\/tags?post=133468"}],"curies":[{"name":"wp","href":"https:\/\/api.w.org\/{rel}","templated":true}]}}