{"id":133471,"date":"2025-07-21T21:37:40","date_gmt":"2025-07-22T02:37:40","guid":{"rendered":"https:\/\/www.quebakan.com\/v15\/?p=133471"},"modified":"2025-07-21T21:37:40","modified_gmt":"2025-07-22T02:37:40","slug":"expoplaza-celebra-33-anos-de-impulsar-la-economia-y-conectar-al-ecuador","status":"publish","type":"post","link":"https:\/\/www.quebakan.com\/v15\/expoplaza-celebra-33-anos-de-impulsar-la-economia-y-conectar-al-ecuador\/","title":{"rendered":"EXPOPLAZA CELEBRA 33 A\u00d1OS DE IMPULSAR LA ECONOM\u00cdA Y CONECTAR AL ECUADOR"},"content":{"rendered":"<p><img fetchpriority=\"high\" decoding=\"async\" class=\"aligncenter size-full wp-image-133472\" src=\"https:\/\/www.quebakan.com\/v15\/wp-content\/uploads\/2025\/07\/exp4.jpg\" alt=\"\" width=\"700\" height=\"467\" \/><\/p>\n<ul>\n<li style=\"text-align: justify;\"><span style=\"color: #000000;\">Con m\u00e1s de 7.000 eventos realizados, 650 ferias propias y 4 millones de visitantes, EXPOPLAZA se consolida como una empresa clave para el desarrollo de eventos en las industrias productivas y el turismo de negocios en Ecuador.<\/span><\/li>\n<\/ul>\n<p style=\"text-align: justify;\"><span style=\"color: #000000;\">EXPOPLAZA celebra 33 a\u00f1os de trayectoria como una de las principales plataformas de dinamizaci\u00f3n econ\u00f3mica del pa\u00eds. Su impacto se traduce en cifras contundentes: m\u00e1s de 7.000 eventos organizados, 650 ferias y congresos propios, y m\u00e1s de 4 millones de visitantes, que han generado oportunidades comerciales, inversiones y empleos en diversas industrias estrat\u00e9gicas del Ecuador.<\/span><\/p>\n<p style=\"text-align: justify;\"><span style=\"color: #000000;\">Desde su creaci\u00f3n, ha sido mucho m\u00e1s que un centro de convenciones; ha sido el epicentro de la conexi\u00f3n empresarial y la innovaci\u00f3n en sectores clave como la construcci\u00f3n, la agroindustria, el turismo, la tecnolog\u00eda, la gastronom\u00eda y la cultura. Eventos como Ra\u00edces, H\u00e1bitat, Autoshow, Feria del Libro de Guayaquil y La Cumbre de Banano y Cacao, no solo han sido puntos de encuentro, sino verdaderos impulsores de actividad econ\u00f3mica a gran escala.<\/span><\/p>\n<p style=\"text-align: justify;\"><span style=\"color: #000000;\">\u201cCada feria ha sido una plataforma de negocios reales. Hemos visto a emprendedores convertirse en exportadores, a sectores estancados reinventarse, y a miles de empresas conectarse con nuevos mercados. Nuestra misi\u00f3n ha sido, y sigue siendo, generar desarrollo econ\u00f3mico tangible\u201d, se\u00f1ala Ricardo Baquerizo, Presidente de Expoplaza, al conmemorar este hito.<\/span><\/p>\n<p style=\"text-align: justify;\"><span style=\"color: #000000;\">Adem\u00e1s de activar el comercio, han sido un multiplicador de valor para industrias complementarias como hoteler\u00eda, transporte, seguridad, log\u00edstica y servicios profesionales, contribuyendo a miles de empleos directos e indirectos en la ciudad.<\/span><\/p>\n<p style=\"text-align: justify;\"><span style=\"color: #000000;\">La resiliencia de EXPOPLAZA ha sido visible en contextos desafiantes como la pandemia de 2020, donde no solo logr\u00f3 mantener su actividad, sino reinventarse con nuevos formatos y alianzas estrat\u00e9gicas. Uno de sus mayores logros ha sido llevar su know-how fuera del pa\u00eds, operando eventos internacionales con sello ecuatoriano, especialmente en sectores como el bananero, estrat\u00e9gico para la econom\u00eda nacional.<\/span><\/p>\n<p style=\"text-align: justify;\"><span style=\"color: #000000;\">Sus ferias han sido tambi\u00e9n un espacio para el conocimiento, la innovaci\u00f3n y la cultura. Han impulsado la competitividad, fomentado el turismo de negocios (MICE) y proyectado a Guayaquil como una ciudad abierta al mundo empresarial y cultural.<\/span><\/p>\n<p style=\"text-align: justify;\"><span style=\"color: #000000;\">En su aniversario 33, reafirman su compromiso con la creaci\u00f3n de eventos de alto impacto econ\u00f3mico, y con una visi\u00f3n renovada hacia la sostenibilidad, la digitalizaci\u00f3n y la inclusi\u00f3n. El futuro de los eventos en Ecuador contin\u00faa construy\u00e9ndose sobre la misma base que hace tres d\u00e9cadas: confianza, innovaci\u00f3n y valor para el pa\u00eds.<\/span><\/p>\n<p style=\"text-align: justify;\"><span style=\"color: #000000;\"><strong>Cifras que reflejan su trayectoria:<\/strong><\/span><\/p>\n<ul style=\"text-align: justify;\">\n<li><span style=\"color: #000000;\">+650 ferias y congresos propios<\/span><\/li>\n<li><span style=\"color: #000000;\">+7.000 eventos atendidos<\/span><\/li>\n<li><span style=\"color: #000000;\">+4.000.000 visitantes<\/span><\/li>\n<li><span style=\"color: #000000;\">Presencia internacional en eventos<\/span><\/li>\n<li><span style=\"color: #000000;\">Miles de ferias que se han convertido en referentes en Ecuador<\/span><\/li>\n<\/ul>\n<p style=\"text-align: justify;\"><span style=\"color: #000000;\"><strong>Sus pr\u00f3ximos macro eventos:<\/strong><\/span><\/p>\n<p style=\"text-align: justify;\"><span style=\"color: #000000;\"><strong>Ra\u00edces, la mam\u00e1 de la jama<\/strong> con las mejores Huecas de la ciudad, del 24 al 27 de julio 2025.<\/span><br \/>\n<span style=\"color: #000000;\"><strong>H\u00e1bitat360, la feria inmobiliaria<\/strong> m\u00e1s grande del pa\u00eds que conecta toda la oferta y demanda inmobiliaira tanto para compra de casa, como crecimiento del patrimonio del 14 al 17 de Agosto 2025. <\/span><br \/>\n<span style=\"color: #000000;\"><strong>La cumbre de Cacao, congresos y exposici\u00f3n<\/strong> de lo \u00faltimo en innovaci\u00f3n y tencolog\u00edas para la industria cacaotera del 3 al 4 de Septiembre 2025.<\/span><br \/>\n<span style=\"color: #000000;\"><strong>La FIL de Guayaquil, Feria del libro<\/strong> con las mejores librer\u00edas del pa\u00eds, descuentos \u00fanicos por feria, actividades para colegios como micro cuento, gambito y congresos, de invitados internacionales y nacionales como Walter Riso, Javier Moro, Amalia Andrade, Alberto Linero, Eva Mu\u00f1oz, Carlos Luis Andrade, entre otros del 17 al 21 de Septiembre 2025.<\/span><br \/>\n<span style=\"color: #000000;\"><strong>HORECA FEST, Feria gatron\u00f3mica profesional<\/strong> para hoteles y turismo del 2 al 4 de octubre 2025.<\/span><\/p>\n<p><img decoding=\"async\" class=\"aligncenter size-full wp-image-133473\" src=\"https:\/\/www.quebakan.com\/v15\/wp-content\/uploads\/2025\/07\/exp1.jpg\" alt=\"\" width=\"700\" height=\"466\" \/><\/p>\n<p>&nbsp;<\/p>\n<p><img decoding=\"async\" class=\"aligncenter size-full wp-image-133474\" src=\"https:\/\/www.quebakan.com\/v15\/wp-content\/uploads\/2025\/07\/exp2.jpg\" alt=\"\" width=\"700\" height=\"466\" \/><\/p>\n<p>&nbsp;<\/p>\n<p><img loading=\"lazy\" decoding=\"async\" class=\"aligncenter size-full wp-image-133475\" src=\"https:\/\/www.quebakan.com\/v15\/wp-content\/uploads\/2025\/07\/exp3.jpg\" alt=\"\" width=\"700\" height=\"466\" \/><\/p>\n","protected":false},"excerpt":{"rendered":"<p>Con m\u00e1s de 7.000 eventos realizados, 650 ferias propias y 4 millones de visitantes, EXPOPLAZA se consolida como una empresa clave para el desarrollo de eventos en las industrias productivas y el turismo de negocios en Ecuador. EXPOPLAZA celebra 33 a\u00f1os de trayectoria como una de las principales plataformas de dinamizaci\u00f3n econ\u00f3mica del pa\u00eds. Su [&hellip;]<\/p>\n","protected":false},"author":4,"featured_media":133472,"comment_status":"closed","ping_status":"closed","sticky":false,"template":"","format":"standard","meta":{"_bbp_topic_count":0,"_bbp_reply_count":0,"_bbp_total_topic_count":0,"_bbp_total_reply_count":0,"_bbp_voice_count":0,"_bbp_anonymous_reply_count":0,"_bbp_topic_count_hidden":0,"_bbp_reply_count_hidden":0,"_bbp_forum_subforum_count":0,"buzzeditor_post_format":"","footnotes":""},"categories":[2],"tags":[],"class_list":["post-133471","post","type-post","status-publish","format-standard","has-post-thumbnail","hentry","category-noticias"],"yoast_head":"<!-- This site is optimized with the Yoast SEO plugin v27.5 - https:\/\/yoast.com\/product\/yoast-seo-wordpress\/ -->\n<title>EXPOPLAZA CELEBRA 33 A\u00d1OS DE IMPULSAR LA ECONOM\u00cdA Y CONECTAR AL ECUADOR &#8211; QUEBAKAN.COM 2026: Noticias, Eventos, Conciertos y mucho m\u00e1s....<\/title>\n<meta name=\"robots\" content=\"index, follow, max-snippet:-1, max-image-preview:large, max-video-preview:-1\" \/>\n<link rel=\"canonical\" href=\"https:\/\/www.quebakan.com\/v15\/expoplaza-celebra-33-anos-de-impulsar-la-economia-y-conectar-al-ecuador\/\" \/>\n<meta property=\"og:locale\" content=\"es_ES\" \/>\n<meta property=\"og:type\" content=\"article\" \/>\n<meta property=\"og:title\" content=\"EXPOPLAZA CELEBRA 33 A\u00d1OS DE IMPULSAR LA ECONOM\u00cdA Y CONECTAR AL ECUADOR &#8211; QUEBAKAN.COM 2026: Noticias, Eventos, Conciertos y mucho m\u00e1s....\" \/>\n<meta property=\"og:description\" content=\"Con m\u00e1s de 7.000 eventos realizados, 650 ferias propias y 4 millones de visitantes, EXPOPLAZA se consolida como una empresa clave para el desarrollo de eventos en las industrias productivas y el turismo de negocios en Ecuador. EXPOPLAZA celebra 33 a\u00f1os de trayectoria como una de las principales plataformas de dinamizaci\u00f3n econ\u00f3mica del pa\u00eds. Su [&hellip;]\" \/>\n<meta property=\"og:url\" content=\"https:\/\/www.quebakan.com\/v15\/expoplaza-celebra-33-anos-de-impulsar-la-economia-y-conectar-al-ecuador\/\" \/>\n<meta property=\"og:site_name\" content=\"QUEBAKAN.COM 2026: Noticias, Eventos, Conciertos y mucho m\u00e1s....\" \/>\n<meta property=\"article:publisher\" content=\"http:\/\/www.facebook.com\/quebakan\" \/>\n<meta property=\"article:published_time\" content=\"2025-07-22T02:37:40+00:00\" \/>\n<meta property=\"og:image\" content=\"https:\/\/www.quebakan.com\/v15\/wp-content\/uploads\/2025\/07\/exp4.jpg\" \/>\n\t<meta property=\"og:image:width\" content=\"700\" \/>\n\t<meta property=\"og:image:height\" content=\"467\" \/>\n\t<meta property=\"og:image:type\" content=\"image\/jpeg\" \/>\n<meta name=\"author\" content=\"Erick Villafuerte\" \/>\n<meta name=\"twitter:card\" content=\"summary_large_image\" \/>\n<meta name=\"twitter:creator\" content=\"@quebakanec\" \/>\n<meta name=\"twitter:site\" content=\"@quebakanec\" \/>\n<meta name=\"twitter:label1\" content=\"Escrito por\" \/>\n\t<meta name=\"twitter:data1\" content=\"Erick Villafuerte\" \/>\n\t<meta name=\"twitter:label2\" content=\"Tiempo de lectura\" \/>\n\t<meta name=\"twitter:data2\" content=\"4 minutos\" \/>\n<script type=\"application\/ld+json\" class=\"yoast-schema-graph\">{\"@context\":\"https:\\\/\\\/schema.org\",\"@graph\":[{\"@type\":\"Article\",\"@id\":\"https:\\\/\\\/www.quebakan.com\\\/v15\\\/expoplaza-celebra-33-anos-de-impulsar-la-economia-y-conectar-al-ecuador\\\/#article\",\"isPartOf\":{\"@id\":\"https:\\\/\\\/www.quebakan.com\\\/v15\\\/expoplaza-celebra-33-anos-de-impulsar-la-economia-y-conectar-al-ecuador\\\/\"},\"author\":{\"name\":\"Erick Villafuerte\",\"@id\":\"https:\\\/\\\/www.quebakan.com\\\/v15\\\/#\\\/schema\\\/person\\\/d90fa9f9cfa81eb8ace9811e5b7b9118\"},\"headline\":\"EXPOPLAZA CELEBRA 33 A\u00d1OS DE IMPULSAR LA ECONOM\u00cdA Y CONECTAR AL ECUADOR\",\"datePublished\":\"2025-07-22T02:37:40+00:00\",\"mainEntityOfPage\":{\"@id\":\"https:\\\/\\\/www.quebakan.com\\\/v15\\\/expoplaza-celebra-33-anos-de-impulsar-la-economia-y-conectar-al-ecuador\\\/\"},\"wordCount\":620,\"publisher\":{\"@id\":\"https:\\\/\\\/www.quebakan.com\\\/v15\\\/#organization\"},\"image\":{\"@id\":\"https:\\\/\\\/www.quebakan.com\\\/v15\\\/expoplaza-celebra-33-anos-de-impulsar-la-economia-y-conectar-al-ecuador\\\/#primaryimage\"},\"thumbnailUrl\":\"https:\\\/\\\/www.quebakan.com\\\/v15\\\/wp-content\\\/uploads\\\/2025\\\/07\\\/exp4.jpg\",\"articleSection\":[\"Noticias\"],\"inLanguage\":\"es\"},{\"@type\":\"WebPage\",\"@id\":\"https:\\\/\\\/www.quebakan.com\\\/v15\\\/expoplaza-celebra-33-anos-de-impulsar-la-economia-y-conectar-al-ecuador\\\/\",\"url\":\"https:\\\/\\\/www.quebakan.com\\\/v15\\\/expoplaza-celebra-33-anos-de-impulsar-la-economia-y-conectar-al-ecuador\\\/\",\"name\":\"EXPOPLAZA CELEBRA 33 A\u00d1OS DE IMPULSAR LA ECONOM\u00cdA Y CONECTAR AL ECUADOR &#8211; QUEBAKAN.COM 2026: Noticias, Eventos, Conciertos y mucho m\u00e1s....\",\"isPartOf\":{\"@id\":\"https:\\\/\\\/www.quebakan.com\\\/v15\\\/#website\"},\"primaryImageOfPage\":{\"@id\":\"https:\\\/\\\/www.quebakan.com\\\/v15\\\/expoplaza-celebra-33-anos-de-impulsar-la-economia-y-conectar-al-ecuador\\\/#primaryimage\"},\"image\":{\"@id\":\"https:\\\/\\\/www.quebakan.com\\\/v15\\\/expoplaza-celebra-33-anos-de-impulsar-la-economia-y-conectar-al-ecuador\\\/#primaryimage\"},\"thumbnailUrl\":\"https:\\\/\\\/www.quebakan.com\\\/v15\\\/wp-content\\\/uploads\\\/2025\\\/07\\\/exp4.jpg\",\"datePublished\":\"2025-07-22T02:37:40+00:00\",\"breadcrumb\":{\"@id\":\"https:\\\/\\\/www.quebakan.com\\\/v15\\\/expoplaza-celebra-33-anos-de-impulsar-la-economia-y-conectar-al-ecuador\\\/#breadcrumb\"},\"inLanguage\":\"es\",\"potentialAction\":[{\"@type\":\"ReadAction\",\"target\":[\"https:\\\/\\\/www.quebakan.com\\\/v15\\\/expoplaza-celebra-33-anos-de-impulsar-la-economia-y-conectar-al-ecuador\\\/\"]}]},{\"@type\":\"ImageObject\",\"inLanguage\":\"es\",\"@id\":\"https:\\\/\\\/www.quebakan.com\\\/v15\\\/expoplaza-celebra-33-anos-de-impulsar-la-economia-y-conectar-al-ecuador\\\/#primaryimage\",\"url\":\"https:\\\/\\\/www.quebakan.com\\\/v15\\\/wp-content\\\/uploads\\\/2025\\\/07\\\/exp4.jpg\",\"contentUrl\":\"https:\\\/\\\/www.quebakan.com\\\/v15\\\/wp-content\\\/uploads\\\/2025\\\/07\\\/exp4.jpg\",\"width\":700,\"height\":467},{\"@type\":\"BreadcrumbList\",\"@id\":\"https:\\\/\\\/www.quebakan.com\\\/v15\\\/expoplaza-celebra-33-anos-de-impulsar-la-economia-y-conectar-al-ecuador\\\/#breadcrumb\",\"itemListElement\":[{\"@type\":\"ListItem\",\"position\":1,\"name\":\"Portada\",\"item\":\"https:\\\/\\\/www.quebakan.com\\\/v15\\\/\"},{\"@type\":\"ListItem\",\"position\":2,\"name\":\"EXPOPLAZA CELEBRA 33 A\u00d1OS DE IMPULSAR LA ECONOM\u00cdA Y CONECTAR AL ECUADOR\"}]},{\"@type\":\"WebSite\",\"@id\":\"https:\\\/\\\/www.quebakan.com\\\/v15\\\/#website\",\"url\":\"https:\\\/\\\/www.quebakan.com\\\/v15\\\/\",\"name\":\"QUEBAKAN\",\"description\":\"..\",\"publisher\":{\"@id\":\"https:\\\/\\\/www.quebakan.com\\\/v15\\\/#organization\"},\"potentialAction\":[{\"@type\":\"SearchAction\",\"target\":{\"@type\":\"EntryPoint\",\"urlTemplate\":\"https:\\\/\\\/www.quebakan.com\\\/v15\\\/?s={search_term_string}\"},\"query-input\":{\"@type\":\"PropertyValueSpecification\",\"valueRequired\":true,\"valueName\":\"search_term_string\"}}],\"inLanguage\":\"es\"},{\"@type\":\"Organization\",\"@id\":\"https:\\\/\\\/www.quebakan.com\\\/v15\\\/#organization\",\"name\":\"Quebakan.com\",\"url\":\"https:\\\/\\\/www.quebakan.com\\\/v15\\\/\",\"logo\":{\"@type\":\"ImageObject\",\"inLanguage\":\"es\",\"@id\":\"https:\\\/\\\/www.quebakan.com\\\/v15\\\/#\\\/schema\\\/logo\\\/image\\\/\",\"url\":\"https:\\\/\\\/www.quebakan.com\\\/v15\\\/wp-content\\\/uploads\\\/2023\\\/07\\\/logoquebakanenero2021.jpg\",\"contentUrl\":\"https:\\\/\\\/www.quebakan.com\\\/v15\\\/wp-content\\\/uploads\\\/2023\\\/07\\\/logoquebakanenero2021.jpg\",\"width\":1920,\"height\":1080,\"caption\":\"Quebakan.com\"},\"image\":{\"@id\":\"https:\\\/\\\/www.quebakan.com\\\/v15\\\/#\\\/schema\\\/logo\\\/image\\\/\"},\"sameAs\":[\"http:\\\/\\\/www.facebook.com\\\/quebakan\",\"https:\\\/\\\/x.com\\\/quebakanec\",\"http:\\\/\\\/www.instagram.com\\\/quebakan\",\"http:\\\/\\\/www.youtube.com\\\/quebakan1\"]},{\"@type\":\"Person\",\"@id\":\"https:\\\/\\\/www.quebakan.com\\\/v15\\\/#\\\/schema\\\/person\\\/d90fa9f9cfa81eb8ace9811e5b7b9118\",\"name\":\"Erick Villafuerte\",\"image\":{\"@type\":\"ImageObject\",\"inLanguage\":\"es\",\"@id\":\"https:\\\/\\\/www.quebakan.com\\\/v15\\\/wp-content\\\/uploads\\\/avatars\\\/4\\\/1731297654-bpfull.png\",\"url\":\"https:\\\/\\\/www.quebakan.com\\\/v15\\\/wp-content\\\/uploads\\\/avatars\\\/4\\\/1731297654-bpfull.png\",\"contentUrl\":\"https:\\\/\\\/www.quebakan.com\\\/v15\\\/wp-content\\\/uploads\\\/avatars\\\/4\\\/1731297654-bpfull.png\",\"caption\":\"Erick Villafuerte\"}}]}<\/script>\n<!-- \/ Yoast SEO plugin. -->","yoast_head_json":{"title":"EXPOPLAZA CELEBRA 33 A\u00d1OS DE IMPULSAR LA ECONOM\u00cdA Y CONECTAR AL ECUADOR &#8211; QUEBAKAN.COM 2026: Noticias, Eventos, Conciertos y mucho m\u00e1s....","robots":{"index":"index","follow":"follow","max-snippet":"max-snippet:-1","max-image-preview":"max-image-preview:large","max-video-preview":"max-video-preview:-1"},"canonical":"https:\/\/www.quebakan.com\/v15\/expoplaza-celebra-33-anos-de-impulsar-la-economia-y-conectar-al-ecuador\/","og_locale":"es_ES","og_type":"article","og_title":"EXPOPLAZA CELEBRA 33 A\u00d1OS DE IMPULSAR LA ECONOM\u00cdA Y CONECTAR AL ECUADOR &#8211; QUEBAKAN.COM 2026: Noticias, Eventos, Conciertos y mucho m\u00e1s....","og_description":"Con m\u00e1s de 7.000 eventos realizados, 650 ferias propias y 4 millones de visitantes, EXPOPLAZA se consolida como una empresa clave para el desarrollo de eventos en las industrias productivas y el turismo de negocios en Ecuador. EXPOPLAZA celebra 33 a\u00f1os de trayectoria como una de las principales plataformas de dinamizaci\u00f3n econ\u00f3mica del pa\u00eds. Su [&hellip;]","og_url":"https:\/\/www.quebakan.com\/v15\/expoplaza-celebra-33-anos-de-impulsar-la-economia-y-conectar-al-ecuador\/","og_site_name":"QUEBAKAN.COM 2026: Noticias, Eventos, Conciertos y mucho m\u00e1s....","article_publisher":"http:\/\/www.facebook.com\/quebakan","article_published_time":"2025-07-22T02:37:40+00:00","og_image":[{"width":700,"height":467,"url":"https:\/\/www.quebakan.com\/v15\/wp-content\/uploads\/2025\/07\/exp4.jpg","type":"image\/jpeg"}],"author":"Erick Villafuerte","twitter_card":"summary_large_image","twitter_creator":"@quebakanec","twitter_site":"@quebakanec","twitter_misc":{"Escrito por":"Erick Villafuerte","Tiempo de lectura":"4 minutos"},"schema":{"@context":"https:\/\/schema.org","@graph":[{"@type":"Article","@id":"https:\/\/www.quebakan.com\/v15\/expoplaza-celebra-33-anos-de-impulsar-la-economia-y-conectar-al-ecuador\/#article","isPartOf":{"@id":"https:\/\/www.quebakan.com\/v15\/expoplaza-celebra-33-anos-de-impulsar-la-economia-y-conectar-al-ecuador\/"},"author":{"name":"Erick Villafuerte","@id":"https:\/\/www.quebakan.com\/v15\/#\/schema\/person\/d90fa9f9cfa81eb8ace9811e5b7b9118"},"headline":"EXPOPLAZA CELEBRA 33 A\u00d1OS DE IMPULSAR LA ECONOM\u00cdA Y CONECTAR AL ECUADOR","datePublished":"2025-07-22T02:37:40+00:00","mainEntityOfPage":{"@id":"https:\/\/www.quebakan.com\/v15\/expoplaza-celebra-33-anos-de-impulsar-la-economia-y-conectar-al-ecuador\/"},"wordCount":620,"publisher":{"@id":"https:\/\/www.quebakan.com\/v15\/#organization"},"image":{"@id":"https:\/\/www.quebakan.com\/v15\/expoplaza-celebra-33-anos-de-impulsar-la-economia-y-conectar-al-ecuador\/#primaryimage"},"thumbnailUrl":"https:\/\/www.quebakan.com\/v15\/wp-content\/uploads\/2025\/07\/exp4.jpg","articleSection":["Noticias"],"inLanguage":"es"},{"@type":"WebPage","@id":"https:\/\/www.quebakan.com\/v15\/expoplaza-celebra-33-anos-de-impulsar-la-economia-y-conectar-al-ecuador\/","url":"https:\/\/www.quebakan.com\/v15\/expoplaza-celebra-33-anos-de-impulsar-la-economia-y-conectar-al-ecuador\/","name":"EXPOPLAZA CELEBRA 33 A\u00d1OS DE IMPULSAR LA ECONOM\u00cdA Y CONECTAR AL ECUADOR &#8211; QUEBAKAN.COM 2026: Noticias, Eventos, Conciertos y mucho m\u00e1s....","isPartOf":{"@id":"https:\/\/www.quebakan.com\/v15\/#website"},"primaryImageOfPage":{"@id":"https:\/\/www.quebakan.com\/v15\/expoplaza-celebra-33-anos-de-impulsar-la-economia-y-conectar-al-ecuador\/#primaryimage"},"image":{"@id":"https:\/\/www.quebakan.com\/v15\/expoplaza-celebra-33-anos-de-impulsar-la-economia-y-conectar-al-ecuador\/#primaryimage"},"thumbnailUrl":"https:\/\/www.quebakan.com\/v15\/wp-content\/uploads\/2025\/07\/exp4.jpg","datePublished":"2025-07-22T02:37:40+00:00","breadcrumb":{"@id":"https:\/\/www.quebakan.com\/v15\/expoplaza-celebra-33-anos-de-impulsar-la-economia-y-conectar-al-ecuador\/#breadcrumb"},"inLanguage":"es","potentialAction":[{"@type":"ReadAction","target":["https:\/\/www.quebakan.com\/v15\/expoplaza-celebra-33-anos-de-impulsar-la-economia-y-conectar-al-ecuador\/"]}]},{"@type":"ImageObject","inLanguage":"es","@id":"https:\/\/www.quebakan.com\/v15\/expoplaza-celebra-33-anos-de-impulsar-la-economia-y-conectar-al-ecuador\/#primaryimage","url":"https:\/\/www.quebakan.com\/v15\/wp-content\/uploads\/2025\/07\/exp4.jpg","contentUrl":"https:\/\/www.quebakan.com\/v15\/wp-content\/uploads\/2025\/07\/exp4.jpg","width":700,"height":467},{"@type":"BreadcrumbList","@id":"https:\/\/www.quebakan.com\/v15\/expoplaza-celebra-33-anos-de-impulsar-la-economia-y-conectar-al-ecuador\/#breadcrumb","itemListElement":[{"@type":"ListItem","position":1,"name":"Portada","item":"https:\/\/www.quebakan.com\/v15\/"},{"@type":"ListItem","position":2,"name":"EXPOPLAZA CELEBRA 33 A\u00d1OS DE IMPULSAR LA ECONOM\u00cdA Y CONECTAR AL ECUADOR"}]},{"@type":"WebSite","@id":"https:\/\/www.quebakan.com\/v15\/#website","url":"https:\/\/www.quebakan.com\/v15\/","name":"QUEBAKAN","description":"..","publisher":{"@id":"https:\/\/www.quebakan.com\/v15\/#organization"},"potentialAction":[{"@type":"SearchAction","target":{"@type":"EntryPoint","urlTemplate":"https:\/\/www.quebakan.com\/v15\/?s={search_term_string}"},"query-input":{"@type":"PropertyValueSpecification","valueRequired":true,"valueName":"search_term_string"}}],"inLanguage":"es"},{"@type":"Organization","@id":"https:\/\/www.quebakan.com\/v15\/#organization","name":"Quebakan.com","url":"https:\/\/www.quebakan.com\/v15\/","logo":{"@type":"ImageObject","inLanguage":"es","@id":"https:\/\/www.quebakan.com\/v15\/#\/schema\/logo\/image\/","url":"https:\/\/www.quebakan.com\/v15\/wp-content\/uploads\/2023\/07\/logoquebakanenero2021.jpg","contentUrl":"https:\/\/www.quebakan.com\/v15\/wp-content\/uploads\/2023\/07\/logoquebakanenero2021.jpg","width":1920,"height":1080,"caption":"Quebakan.com"},"image":{"@id":"https:\/\/www.quebakan.com\/v15\/#\/schema\/logo\/image\/"},"sameAs":["http:\/\/www.facebook.com\/quebakan","https:\/\/x.com\/quebakanec","http:\/\/www.instagram.com\/quebakan","http:\/\/www.youtube.com\/quebakan1"]},{"@type":"Person","@id":"https:\/\/www.quebakan.com\/v15\/#\/schema\/person\/d90fa9f9cfa81eb8ace9811e5b7b9118","name":"Erick Villafuerte","image":{"@type":"ImageObject","inLanguage":"es","@id":"https:\/\/www.quebakan.com\/v15\/wp-content\/uploads\/avatars\/4\/1731297654-bpfull.png","url":"https:\/\/www.quebakan.com\/v15\/wp-content\/uploads\/avatars\/4\/1731297654-bpfull.png","contentUrl":"https:\/\/www.quebakan.com\/v15\/wp-content\/uploads\/avatars\/4\/1731297654-bpfull.png","caption":"Erick Villafuerte"}}]}},"_links":{"self":[{"href":"https:\/\/www.quebakan.com\/v15\/wp-json\/wp\/v2\/posts\/133471","targetHints":{"allow":["GET"]}}],"collection":[{"href":"https:\/\/www.quebakan.com\/v15\/wp-json\/wp\/v2\/posts"}],"about":[{"href":"https:\/\/www.quebakan.com\/v15\/wp-json\/wp\/v2\/types\/post"}],"author":[{"embeddable":true,"href":"https:\/\/www.quebakan.com\/v15\/wp-json\/wp\/v2\/users\/4"}],"replies":[{"embeddable":true,"href":"https:\/\/www.quebakan.com\/v15\/wp-json\/wp\/v2\/comments?post=133471"}],"version-history":[{"count":1,"href":"https:\/\/www.quebakan.com\/v15\/wp-json\/wp\/v2\/posts\/133471\/revisions"}],"predecessor-version":[{"id":133476,"href":"https:\/\/www.quebakan.com\/v15\/wp-json\/wp\/v2\/posts\/133471\/revisions\/133476"}],"wp:featuredmedia":[{"embeddable":true,"href":"https:\/\/www.quebakan.com\/v15\/wp-json\/wp\/v2\/media\/133472"}],"wp:attachment":[{"href":"https:\/\/www.quebakan.com\/v15\/wp-json\/wp\/v2\/media?parent=133471"}],"wp:term":[{"taxonomy":"category","embeddable":true,"href":"https:\/\/www.quebakan.com\/v15\/wp-json\/wp\/v2\/categories?post=133471"},{"taxonomy":"post_tag","embeddable":true,"href":"https:\/\/www.quebakan.com\/v15\/wp-json\/wp\/v2\/tags?post=133471"}],"curies":[{"name":"wp","href":"https:\/\/api.w.org\/{rel}","templated":true}]}}