{"id":133492,"date":"2025-07-23T00:52:50","date_gmt":"2025-07-23T05:52:50","guid":{"rendered":"https:\/\/www.quebakan.com\/v15\/?p=133492"},"modified":"2025-07-23T00:52:50","modified_gmt":"2025-07-23T05:52:50","slug":"por-que-asegurar-un-vehiculo-en-ecuador-ya-no-es-opcional-5-razones-clave-para-protegerlo","status":"publish","type":"post","link":"https:\/\/www.quebakan.com\/v15\/por-que-asegurar-un-vehiculo-en-ecuador-ya-no-es-opcional-5-razones-clave-para-protegerlo\/","title":{"rendered":"\u00bfPor qu\u00e9 asegurar un veh\u00edculo en Ecuador ya no es opcional? 5 razones clave para protegerlo"},"content":{"rendered":"<p><img fetchpriority=\"high\" decoding=\"async\" class=\"aligncenter size-full wp-image-133493\" src=\"https:\/\/www.quebakan.com\/v15\/wp-content\/uploads\/2025\/07\/emp23232.jpg\" alt=\"\" width=\"700\" height=\"466\" \/><\/p>\n<p style=\"text-align: justify;\"><span style=\"color: #000000;\">En Ecuador, la cultura de seguros a\u00fan enfrenta desaf\u00edos importantes. Aunque el mercado asegurador ha mostrado se\u00f1ales de crecimiento en los \u00faltimos a\u00f1os, muchas personas siguen percibiendo los seguros como un gasto innecesario, m\u00e1s que como una inversi\u00f3n en protecci\u00f3n. Esta percepci\u00f3n se refleja especialmente en el \u00e1mbito vehicular, donde una gran parte del parque automotor circula sin ning\u00fan tipo de respaldo ante accidentes, robos o da\u00f1os a terceros.<\/span><\/p>\n<p style=\"text-align: justify;\"><span style=\"color: #000000;\">Mientras productos como los seguros de salud y vida han ganado mayor penetraci\u00f3n, la cobertura vehicular contin\u00faa siendo una de las m\u00e1s subestimadas. Esto ocurre a pesar de que los riesgos en las v\u00edas, como la siniestralidad, el robo de autos o los da\u00f1os colaterales, son cada vez m\u00e1s frecuentes y costosos. La falta de conciencia, combinada con barreras econ\u00f3micas y desinformaci\u00f3n, ha frenado una adopci\u00f3n m\u00e1s amplia de este tipo de protecci\u00f3n.<\/span><\/p>\n<p style=\"text-align: justify;\"><span style=\"color: #000000;\">Frente a este escenario, el mercado ha empezado a diversificar sus productos, buscando ofrecer coberturas m\u00e1s flexibles, asequibles y acordes al perfil de los conductores ecuatorianos. Empresas especializadas en seguridad vehicular, como <strong>Ituran Ecuador<\/strong>, han fortalecido su rol dentro del ecosistema, ofreciendo soluciones integradas que combinan tecnolog\u00eda, rastreo y coberturas clave, incluso para veh\u00edculos con m\u00e1s de 10 a\u00f1os de antig\u00fcedad.<\/span><\/p>\n<p style=\"text-align: justify;\"><span style=\"color: #000000;\"><em>\u201cAsegurar un veh\u00edculo no es solo una decisi\u00f3n financiera, es un acto de responsabilidad. En un entorno lleno de imprevistos, contar con protecci\u00f3n adecuada marca la diferencia entre una p\u00e9rdida y una soluci\u00f3n<\/em>\u201d, explica Cristina Cevallos, Gerente de Aseguradoras de Ituran Ecuador.<\/span><\/p>\n<p style=\"text-align: justify;\"><span style=\"color: #000000;\">En este contexto, Ituran Ecuador comparte cinco beneficios clave de contar con un seguro vehicular:<\/span><\/p>\n<ol style=\"text-align: justify;\">\n<li><span style=\"color: #000000;\">Protecci\u00f3n financiera inmediata: Permite evitar gastos imprevistos que podr\u00edan afectar la estabilidad econ\u00f3mica tras un accidente o robo.<\/span><\/li>\n<li><span style=\"color: #000000;\">Asistencia en momentos cr\u00edticos: Servicios como gr\u00faa, auxilio mec\u00e1nico y atenci\u00f3n en carretera ofrecen respaldo cuando m\u00e1s se lo necesita.<\/span><\/li>\n<li><span style=\"color: #000000;\">Cobertura contra robo y da\u00f1os totales: En ciudades como Guayaquil y Quito, el robo de veh\u00edculos sigue siendo una realidad. Un seguro protege ante estas p\u00e9rdidas y, si se combina con tecnolog\u00eda de rastreo, aumenta significativamente las probabilidades de recuperaci\u00f3n.<\/span><\/li>\n<li><span style=\"color: #000000;\">Respaldo ante da\u00f1os a terceros: Una p\u00f3liza adecuada cubre los costos legales o m\u00e9dicos que puedan derivarse de un accidente.<\/span><\/li>\n<li><span style=\"color: #000000;\">Tranquilidad para el conductor y su entorno: Contar con respaldo ante cualquier eventualidad brinda confianza y reduce el estr\u00e9s diario al conducir.<\/span><\/li>\n<\/ol>\n<p style=\"text-align: justify;\"><span style=\"color: #000000;\">Aunque el mercado de seguros es amplio, pocos productos atienden realmente las necesidades de quienes poseen veh\u00edculos con m\u00e1s de 10 o 15 a\u00f1os de antig\u00fcedad. Frente a esta realidad, Ituran Ecuador presenta una propuesta \u00fanica en el pa\u00eds: un producto innovador que combina tecnolog\u00eda y protecci\u00f3n, dise\u00f1ado especialmente para autos livianos de hasta 25 a\u00f1os.<\/span><\/p>\n<p style=\"text-align: justify;\"><span style=\"color: #000000;\">Esta soluci\u00f3n ofrece tres tipos de cobertura adaptadas a distintos perfiles de conductor: protecci\u00f3n contra robo total, responsabilidad civil frente a terceros y cobertura por p\u00e9rdida total por da\u00f1os. Todo esto integrado con un sistema de rastreo GPS en tiempo real, que proporciona mayor seguridad y control.<\/span><\/p>\n<p style=\"text-align: justify;\"><span style=\"color: #000000;\">Una alternativa inteligente, accesible y confiable, enfocada en lo esencial: proteger lo que tanto cost\u00f3 conseguir y brindar la tranquilidad que cada viaje merece.<\/span><\/p>\n","protected":false},"excerpt":{"rendered":"<p>En Ecuador, la cultura de seguros a\u00fan enfrenta desaf\u00edos importantes. Aunque el mercado asegurador ha mostrado se\u00f1ales de crecimiento en los \u00faltimos a\u00f1os, muchas personas siguen percibiendo los seguros como un gasto innecesario, m\u00e1s que como una inversi\u00f3n en protecci\u00f3n. Esta percepci\u00f3n se refleja especialmente en el \u00e1mbito vehicular, donde una gran parte del parque [&hellip;]<\/p>\n","protected":false},"author":4,"featured_media":133493,"comment_status":"closed","ping_status":"closed","sticky":false,"template":"","format":"standard","meta":{"_bbp_topic_count":0,"_bbp_reply_count":0,"_bbp_total_topic_count":0,"_bbp_total_reply_count":0,"_bbp_voice_count":0,"_bbp_anonymous_reply_count":0,"_bbp_topic_count_hidden":0,"_bbp_reply_count_hidden":0,"_bbp_forum_subforum_count":0,"buzzeditor_post_format":"","footnotes":""},"categories":[2],"tags":[],"class_list":["post-133492","post","type-post","status-publish","format-standard","has-post-thumbnail","hentry","category-noticias"],"yoast_head":"<!-- This site is optimized with the Yoast SEO plugin v27.5 - https:\/\/yoast.com\/product\/yoast-seo-wordpress\/ -->\n<title>\u00bfPor qu\u00e9 asegurar un veh\u00edculo en Ecuador ya no es opcional? 5 razones clave para protegerlo &#8211; QUEBAKAN.COM 2026: Noticias, Eventos, Conciertos y mucho m\u00e1s....<\/title>\n<meta name=\"robots\" content=\"index, follow, max-snippet:-1, max-image-preview:large, max-video-preview:-1\" \/>\n<link rel=\"canonical\" href=\"https:\/\/www.quebakan.com\/v15\/por-que-asegurar-un-vehiculo-en-ecuador-ya-no-es-opcional-5-razones-clave-para-protegerlo\/\" \/>\n<meta property=\"og:locale\" content=\"es_ES\" \/>\n<meta property=\"og:type\" content=\"article\" \/>\n<meta property=\"og:title\" content=\"\u00bfPor qu\u00e9 asegurar un veh\u00edculo en Ecuador ya no es opcional? 5 razones clave para protegerlo &#8211; QUEBAKAN.COM 2026: Noticias, Eventos, Conciertos y mucho m\u00e1s....\" \/>\n<meta property=\"og:description\" content=\"En Ecuador, la cultura de seguros a\u00fan enfrenta desaf\u00edos importantes. Aunque el mercado asegurador ha mostrado se\u00f1ales de crecimiento en los \u00faltimos a\u00f1os, muchas personas siguen percibiendo los seguros como un gasto innecesario, m\u00e1s que como una inversi\u00f3n en protecci\u00f3n. Esta percepci\u00f3n se refleja especialmente en el \u00e1mbito vehicular, donde una gran parte del parque [&hellip;]\" \/>\n<meta property=\"og:url\" content=\"https:\/\/www.quebakan.com\/v15\/por-que-asegurar-un-vehiculo-en-ecuador-ya-no-es-opcional-5-razones-clave-para-protegerlo\/\" \/>\n<meta property=\"og:site_name\" content=\"QUEBAKAN.COM 2026: Noticias, Eventos, Conciertos y mucho m\u00e1s....\" \/>\n<meta property=\"article:publisher\" content=\"http:\/\/www.facebook.com\/quebakan\" \/>\n<meta property=\"article:published_time\" content=\"2025-07-23T05:52:50+00:00\" \/>\n<meta property=\"og:image\" content=\"https:\/\/www.quebakan.com\/v15\/wp-content\/uploads\/2025\/07\/emp23232.jpg\" \/>\n\t<meta property=\"og:image:width\" content=\"700\" \/>\n\t<meta property=\"og:image:height\" content=\"466\" \/>\n\t<meta property=\"og:image:type\" content=\"image\/jpeg\" \/>\n<meta name=\"author\" content=\"Erick Villafuerte\" \/>\n<meta name=\"twitter:card\" content=\"summary_large_image\" \/>\n<meta name=\"twitter:creator\" content=\"@quebakanec\" \/>\n<meta name=\"twitter:site\" content=\"@quebakanec\" \/>\n<meta name=\"twitter:label1\" content=\"Escrito por\" \/>\n\t<meta name=\"twitter:data1\" content=\"Erick Villafuerte\" \/>\n\t<meta name=\"twitter:label2\" content=\"Tiempo de lectura\" \/>\n\t<meta name=\"twitter:data2\" content=\"3 minutos\" \/>\n<script type=\"application\/ld+json\" class=\"yoast-schema-graph\">{\"@context\":\"https:\\\/\\\/schema.org\",\"@graph\":[{\"@type\":\"Article\",\"@id\":\"https:\\\/\\\/www.quebakan.com\\\/v15\\\/por-que-asegurar-un-vehiculo-en-ecuador-ya-no-es-opcional-5-razones-clave-para-protegerlo\\\/#article\",\"isPartOf\":{\"@id\":\"https:\\\/\\\/www.quebakan.com\\\/v15\\\/por-que-asegurar-un-vehiculo-en-ecuador-ya-no-es-opcional-5-razones-clave-para-protegerlo\\\/\"},\"author\":{\"name\":\"Erick Villafuerte\",\"@id\":\"https:\\\/\\\/www.quebakan.com\\\/v15\\\/#\\\/schema\\\/person\\\/d90fa9f9cfa81eb8ace9811e5b7b9118\"},\"headline\":\"\u00bfPor qu\u00e9 asegurar un veh\u00edculo en Ecuador ya no es opcional? 5 razones clave para protegerlo\",\"datePublished\":\"2025-07-23T05:52:50+00:00\",\"mainEntityOfPage\":{\"@id\":\"https:\\\/\\\/www.quebakan.com\\\/v15\\\/por-que-asegurar-un-vehiculo-en-ecuador-ya-no-es-opcional-5-razones-clave-para-protegerlo\\\/\"},\"wordCount\":581,\"publisher\":{\"@id\":\"https:\\\/\\\/www.quebakan.com\\\/v15\\\/#organization\"},\"image\":{\"@id\":\"https:\\\/\\\/www.quebakan.com\\\/v15\\\/por-que-asegurar-un-vehiculo-en-ecuador-ya-no-es-opcional-5-razones-clave-para-protegerlo\\\/#primaryimage\"},\"thumbnailUrl\":\"https:\\\/\\\/www.quebakan.com\\\/v15\\\/wp-content\\\/uploads\\\/2025\\\/07\\\/emp23232.jpg\",\"articleSection\":[\"Noticias\"],\"inLanguage\":\"es\"},{\"@type\":\"WebPage\",\"@id\":\"https:\\\/\\\/www.quebakan.com\\\/v15\\\/por-que-asegurar-un-vehiculo-en-ecuador-ya-no-es-opcional-5-razones-clave-para-protegerlo\\\/\",\"url\":\"https:\\\/\\\/www.quebakan.com\\\/v15\\\/por-que-asegurar-un-vehiculo-en-ecuador-ya-no-es-opcional-5-razones-clave-para-protegerlo\\\/\",\"name\":\"\u00bfPor qu\u00e9 asegurar un veh\u00edculo en Ecuador ya no es opcional? 5 razones clave para protegerlo &#8211; QUEBAKAN.COM 2026: Noticias, Eventos, Conciertos y mucho m\u00e1s....\",\"isPartOf\":{\"@id\":\"https:\\\/\\\/www.quebakan.com\\\/v15\\\/#website\"},\"primaryImageOfPage\":{\"@id\":\"https:\\\/\\\/www.quebakan.com\\\/v15\\\/por-que-asegurar-un-vehiculo-en-ecuador-ya-no-es-opcional-5-razones-clave-para-protegerlo\\\/#primaryimage\"},\"image\":{\"@id\":\"https:\\\/\\\/www.quebakan.com\\\/v15\\\/por-que-asegurar-un-vehiculo-en-ecuador-ya-no-es-opcional-5-razones-clave-para-protegerlo\\\/#primaryimage\"},\"thumbnailUrl\":\"https:\\\/\\\/www.quebakan.com\\\/v15\\\/wp-content\\\/uploads\\\/2025\\\/07\\\/emp23232.jpg\",\"datePublished\":\"2025-07-23T05:52:50+00:00\",\"breadcrumb\":{\"@id\":\"https:\\\/\\\/www.quebakan.com\\\/v15\\\/por-que-asegurar-un-vehiculo-en-ecuador-ya-no-es-opcional-5-razones-clave-para-protegerlo\\\/#breadcrumb\"},\"inLanguage\":\"es\",\"potentialAction\":[{\"@type\":\"ReadAction\",\"target\":[\"https:\\\/\\\/www.quebakan.com\\\/v15\\\/por-que-asegurar-un-vehiculo-en-ecuador-ya-no-es-opcional-5-razones-clave-para-protegerlo\\\/\"]}]},{\"@type\":\"ImageObject\",\"inLanguage\":\"es\",\"@id\":\"https:\\\/\\\/www.quebakan.com\\\/v15\\\/por-que-asegurar-un-vehiculo-en-ecuador-ya-no-es-opcional-5-razones-clave-para-protegerlo\\\/#primaryimage\",\"url\":\"https:\\\/\\\/www.quebakan.com\\\/v15\\\/wp-content\\\/uploads\\\/2025\\\/07\\\/emp23232.jpg\",\"contentUrl\":\"https:\\\/\\\/www.quebakan.com\\\/v15\\\/wp-content\\\/uploads\\\/2025\\\/07\\\/emp23232.jpg\",\"width\":700,\"height\":466},{\"@type\":\"BreadcrumbList\",\"@id\":\"https:\\\/\\\/www.quebakan.com\\\/v15\\\/por-que-asegurar-un-vehiculo-en-ecuador-ya-no-es-opcional-5-razones-clave-para-protegerlo\\\/#breadcrumb\",\"itemListElement\":[{\"@type\":\"ListItem\",\"position\":1,\"name\":\"Portada\",\"item\":\"https:\\\/\\\/www.quebakan.com\\\/v15\\\/\"},{\"@type\":\"ListItem\",\"position\":2,\"name\":\"\u00bfPor qu\u00e9 asegurar un veh\u00edculo en Ecuador ya no es opcional? 5 razones clave para protegerlo\"}]},{\"@type\":\"WebSite\",\"@id\":\"https:\\\/\\\/www.quebakan.com\\\/v15\\\/#website\",\"url\":\"https:\\\/\\\/www.quebakan.com\\\/v15\\\/\",\"name\":\"QUEBAKAN\",\"description\":\"..\",\"publisher\":{\"@id\":\"https:\\\/\\\/www.quebakan.com\\\/v15\\\/#organization\"},\"potentialAction\":[{\"@type\":\"SearchAction\",\"target\":{\"@type\":\"EntryPoint\",\"urlTemplate\":\"https:\\\/\\\/www.quebakan.com\\\/v15\\\/?s={search_term_string}\"},\"query-input\":{\"@type\":\"PropertyValueSpecification\",\"valueRequired\":true,\"valueName\":\"search_term_string\"}}],\"inLanguage\":\"es\"},{\"@type\":\"Organization\",\"@id\":\"https:\\\/\\\/www.quebakan.com\\\/v15\\\/#organization\",\"name\":\"Quebakan.com\",\"url\":\"https:\\\/\\\/www.quebakan.com\\\/v15\\\/\",\"logo\":{\"@type\":\"ImageObject\",\"inLanguage\":\"es\",\"@id\":\"https:\\\/\\\/www.quebakan.com\\\/v15\\\/#\\\/schema\\\/logo\\\/image\\\/\",\"url\":\"https:\\\/\\\/www.quebakan.com\\\/v15\\\/wp-content\\\/uploads\\\/2023\\\/07\\\/logoquebakanenero2021.jpg\",\"contentUrl\":\"https:\\\/\\\/www.quebakan.com\\\/v15\\\/wp-content\\\/uploads\\\/2023\\\/07\\\/logoquebakanenero2021.jpg\",\"width\":1920,\"height\":1080,\"caption\":\"Quebakan.com\"},\"image\":{\"@id\":\"https:\\\/\\\/www.quebakan.com\\\/v15\\\/#\\\/schema\\\/logo\\\/image\\\/\"},\"sameAs\":[\"http:\\\/\\\/www.facebook.com\\\/quebakan\",\"https:\\\/\\\/x.com\\\/quebakanec\",\"http:\\\/\\\/www.instagram.com\\\/quebakan\",\"http:\\\/\\\/www.youtube.com\\\/quebakan1\"]},{\"@type\":\"Person\",\"@id\":\"https:\\\/\\\/www.quebakan.com\\\/v15\\\/#\\\/schema\\\/person\\\/d90fa9f9cfa81eb8ace9811e5b7b9118\",\"name\":\"Erick Villafuerte\",\"image\":{\"@type\":\"ImageObject\",\"inLanguage\":\"es\",\"@id\":\"https:\\\/\\\/www.quebakan.com\\\/v15\\\/wp-content\\\/uploads\\\/avatars\\\/4\\\/1731297654-bpfull.png\",\"url\":\"https:\\\/\\\/www.quebakan.com\\\/v15\\\/wp-content\\\/uploads\\\/avatars\\\/4\\\/1731297654-bpfull.png\",\"contentUrl\":\"https:\\\/\\\/www.quebakan.com\\\/v15\\\/wp-content\\\/uploads\\\/avatars\\\/4\\\/1731297654-bpfull.png\",\"caption\":\"Erick Villafuerte\"}}]}<\/script>\n<!-- \/ Yoast SEO plugin. -->","yoast_head_json":{"title":"\u00bfPor qu\u00e9 asegurar un veh\u00edculo en Ecuador ya no es opcional? 5 razones clave para protegerlo &#8211; QUEBAKAN.COM 2026: Noticias, Eventos, Conciertos y mucho m\u00e1s....","robots":{"index":"index","follow":"follow","max-snippet":"max-snippet:-1","max-image-preview":"max-image-preview:large","max-video-preview":"max-video-preview:-1"},"canonical":"https:\/\/www.quebakan.com\/v15\/por-que-asegurar-un-vehiculo-en-ecuador-ya-no-es-opcional-5-razones-clave-para-protegerlo\/","og_locale":"es_ES","og_type":"article","og_title":"\u00bfPor qu\u00e9 asegurar un veh\u00edculo en Ecuador ya no es opcional? 5 razones clave para protegerlo &#8211; QUEBAKAN.COM 2026: Noticias, Eventos, Conciertos y mucho m\u00e1s....","og_description":"En Ecuador, la cultura de seguros a\u00fan enfrenta desaf\u00edos importantes. Aunque el mercado asegurador ha mostrado se\u00f1ales de crecimiento en los \u00faltimos a\u00f1os, muchas personas siguen percibiendo los seguros como un gasto innecesario, m\u00e1s que como una inversi\u00f3n en protecci\u00f3n. Esta percepci\u00f3n se refleja especialmente en el \u00e1mbito vehicular, donde una gran parte del parque [&hellip;]","og_url":"https:\/\/www.quebakan.com\/v15\/por-que-asegurar-un-vehiculo-en-ecuador-ya-no-es-opcional-5-razones-clave-para-protegerlo\/","og_site_name":"QUEBAKAN.COM 2026: Noticias, Eventos, Conciertos y mucho m\u00e1s....","article_publisher":"http:\/\/www.facebook.com\/quebakan","article_published_time":"2025-07-23T05:52:50+00:00","og_image":[{"width":700,"height":466,"url":"https:\/\/www.quebakan.com\/v15\/wp-content\/uploads\/2025\/07\/emp23232.jpg","type":"image\/jpeg"}],"author":"Erick Villafuerte","twitter_card":"summary_large_image","twitter_creator":"@quebakanec","twitter_site":"@quebakanec","twitter_misc":{"Escrito por":"Erick Villafuerte","Tiempo de lectura":"3 minutos"},"schema":{"@context":"https:\/\/schema.org","@graph":[{"@type":"Article","@id":"https:\/\/www.quebakan.com\/v15\/por-que-asegurar-un-vehiculo-en-ecuador-ya-no-es-opcional-5-razones-clave-para-protegerlo\/#article","isPartOf":{"@id":"https:\/\/www.quebakan.com\/v15\/por-que-asegurar-un-vehiculo-en-ecuador-ya-no-es-opcional-5-razones-clave-para-protegerlo\/"},"author":{"name":"Erick Villafuerte","@id":"https:\/\/www.quebakan.com\/v15\/#\/schema\/person\/d90fa9f9cfa81eb8ace9811e5b7b9118"},"headline":"\u00bfPor qu\u00e9 asegurar un veh\u00edculo en Ecuador ya no es opcional? 5 razones clave para protegerlo","datePublished":"2025-07-23T05:52:50+00:00","mainEntityOfPage":{"@id":"https:\/\/www.quebakan.com\/v15\/por-que-asegurar-un-vehiculo-en-ecuador-ya-no-es-opcional-5-razones-clave-para-protegerlo\/"},"wordCount":581,"publisher":{"@id":"https:\/\/www.quebakan.com\/v15\/#organization"},"image":{"@id":"https:\/\/www.quebakan.com\/v15\/por-que-asegurar-un-vehiculo-en-ecuador-ya-no-es-opcional-5-razones-clave-para-protegerlo\/#primaryimage"},"thumbnailUrl":"https:\/\/www.quebakan.com\/v15\/wp-content\/uploads\/2025\/07\/emp23232.jpg","articleSection":["Noticias"],"inLanguage":"es"},{"@type":"WebPage","@id":"https:\/\/www.quebakan.com\/v15\/por-que-asegurar-un-vehiculo-en-ecuador-ya-no-es-opcional-5-razones-clave-para-protegerlo\/","url":"https:\/\/www.quebakan.com\/v15\/por-que-asegurar-un-vehiculo-en-ecuador-ya-no-es-opcional-5-razones-clave-para-protegerlo\/","name":"\u00bfPor qu\u00e9 asegurar un veh\u00edculo en Ecuador ya no es opcional? 5 razones clave para protegerlo &#8211; QUEBAKAN.COM 2026: Noticias, Eventos, Conciertos y mucho m\u00e1s....","isPartOf":{"@id":"https:\/\/www.quebakan.com\/v15\/#website"},"primaryImageOfPage":{"@id":"https:\/\/www.quebakan.com\/v15\/por-que-asegurar-un-vehiculo-en-ecuador-ya-no-es-opcional-5-razones-clave-para-protegerlo\/#primaryimage"},"image":{"@id":"https:\/\/www.quebakan.com\/v15\/por-que-asegurar-un-vehiculo-en-ecuador-ya-no-es-opcional-5-razones-clave-para-protegerlo\/#primaryimage"},"thumbnailUrl":"https:\/\/www.quebakan.com\/v15\/wp-content\/uploads\/2025\/07\/emp23232.jpg","datePublished":"2025-07-23T05:52:50+00:00","breadcrumb":{"@id":"https:\/\/www.quebakan.com\/v15\/por-que-asegurar-un-vehiculo-en-ecuador-ya-no-es-opcional-5-razones-clave-para-protegerlo\/#breadcrumb"},"inLanguage":"es","potentialAction":[{"@type":"ReadAction","target":["https:\/\/www.quebakan.com\/v15\/por-que-asegurar-un-vehiculo-en-ecuador-ya-no-es-opcional-5-razones-clave-para-protegerlo\/"]}]},{"@type":"ImageObject","inLanguage":"es","@id":"https:\/\/www.quebakan.com\/v15\/por-que-asegurar-un-vehiculo-en-ecuador-ya-no-es-opcional-5-razones-clave-para-protegerlo\/#primaryimage","url":"https:\/\/www.quebakan.com\/v15\/wp-content\/uploads\/2025\/07\/emp23232.jpg","contentUrl":"https:\/\/www.quebakan.com\/v15\/wp-content\/uploads\/2025\/07\/emp23232.jpg","width":700,"height":466},{"@type":"BreadcrumbList","@id":"https:\/\/www.quebakan.com\/v15\/por-que-asegurar-un-vehiculo-en-ecuador-ya-no-es-opcional-5-razones-clave-para-protegerlo\/#breadcrumb","itemListElement":[{"@type":"ListItem","position":1,"name":"Portada","item":"https:\/\/www.quebakan.com\/v15\/"},{"@type":"ListItem","position":2,"name":"\u00bfPor qu\u00e9 asegurar un veh\u00edculo en Ecuador ya no es opcional? 5 razones clave para protegerlo"}]},{"@type":"WebSite","@id":"https:\/\/www.quebakan.com\/v15\/#website","url":"https:\/\/www.quebakan.com\/v15\/","name":"QUEBAKAN","description":"..","publisher":{"@id":"https:\/\/www.quebakan.com\/v15\/#organization"},"potentialAction":[{"@type":"SearchAction","target":{"@type":"EntryPoint","urlTemplate":"https:\/\/www.quebakan.com\/v15\/?s={search_term_string}"},"query-input":{"@type":"PropertyValueSpecification","valueRequired":true,"valueName":"search_term_string"}}],"inLanguage":"es"},{"@type":"Organization","@id":"https:\/\/www.quebakan.com\/v15\/#organization","name":"Quebakan.com","url":"https:\/\/www.quebakan.com\/v15\/","logo":{"@type":"ImageObject","inLanguage":"es","@id":"https:\/\/www.quebakan.com\/v15\/#\/schema\/logo\/image\/","url":"https:\/\/www.quebakan.com\/v15\/wp-content\/uploads\/2023\/07\/logoquebakanenero2021.jpg","contentUrl":"https:\/\/www.quebakan.com\/v15\/wp-content\/uploads\/2023\/07\/logoquebakanenero2021.jpg","width":1920,"height":1080,"caption":"Quebakan.com"},"image":{"@id":"https:\/\/www.quebakan.com\/v15\/#\/schema\/logo\/image\/"},"sameAs":["http:\/\/www.facebook.com\/quebakan","https:\/\/x.com\/quebakanec","http:\/\/www.instagram.com\/quebakan","http:\/\/www.youtube.com\/quebakan1"]},{"@type":"Person","@id":"https:\/\/www.quebakan.com\/v15\/#\/schema\/person\/d90fa9f9cfa81eb8ace9811e5b7b9118","name":"Erick Villafuerte","image":{"@type":"ImageObject","inLanguage":"es","@id":"https:\/\/www.quebakan.com\/v15\/wp-content\/uploads\/avatars\/4\/1731297654-bpfull.png","url":"https:\/\/www.quebakan.com\/v15\/wp-content\/uploads\/avatars\/4\/1731297654-bpfull.png","contentUrl":"https:\/\/www.quebakan.com\/v15\/wp-content\/uploads\/avatars\/4\/1731297654-bpfull.png","caption":"Erick Villafuerte"}}]}},"_links":{"self":[{"href":"https:\/\/www.quebakan.com\/v15\/wp-json\/wp\/v2\/posts\/133492","targetHints":{"allow":["GET"]}}],"collection":[{"href":"https:\/\/www.quebakan.com\/v15\/wp-json\/wp\/v2\/posts"}],"about":[{"href":"https:\/\/www.quebakan.com\/v15\/wp-json\/wp\/v2\/types\/post"}],"author":[{"embeddable":true,"href":"https:\/\/www.quebakan.com\/v15\/wp-json\/wp\/v2\/users\/4"}],"replies":[{"embeddable":true,"href":"https:\/\/www.quebakan.com\/v15\/wp-json\/wp\/v2\/comments?post=133492"}],"version-history":[{"count":1,"href":"https:\/\/www.quebakan.com\/v15\/wp-json\/wp\/v2\/posts\/133492\/revisions"}],"predecessor-version":[{"id":133494,"href":"https:\/\/www.quebakan.com\/v15\/wp-json\/wp\/v2\/posts\/133492\/revisions\/133494"}],"wp:featuredmedia":[{"embeddable":true,"href":"https:\/\/www.quebakan.com\/v15\/wp-json\/wp\/v2\/media\/133493"}],"wp:attachment":[{"href":"https:\/\/www.quebakan.com\/v15\/wp-json\/wp\/v2\/media?parent=133492"}],"wp:term":[{"taxonomy":"category","embeddable":true,"href":"https:\/\/www.quebakan.com\/v15\/wp-json\/wp\/v2\/categories?post=133492"},{"taxonomy":"post_tag","embeddable":true,"href":"https:\/\/www.quebakan.com\/v15\/wp-json\/wp\/v2\/tags?post=133492"}],"curies":[{"name":"wp","href":"https:\/\/api.w.org\/{rel}","templated":true}]}}