{"id":133495,"date":"2025-07-23T01:03:17","date_gmt":"2025-07-23T06:03:17","guid":{"rendered":"https:\/\/www.quebakan.com\/v15\/?p=133495"},"modified":"2025-07-23T01:03:17","modified_gmt":"2025-07-23T06:03:17","slug":"uber-black-llega-a-quito-y-guayaquil-con-una-nueva-experiencia-premium-de-viajes","status":"publish","type":"post","link":"https:\/\/www.quebakan.com\/v15\/uber-black-llega-a-quito-y-guayaquil-con-una-nueva-experiencia-premium-de-viajes\/","title":{"rendered":"Uber Black llega a Quito y Guayaquil con una nueva experiencia premium de viajes"},"content":{"rendered":"<p><img fetchpriority=\"high\" decoding=\"async\" class=\"aligncenter size-full wp-image-133496\" src=\"https:\/\/www.quebakan.com\/v15\/wp-content\/uploads\/2025\/07\/1-2.jpg\" alt=\"\" width=\"700\" height=\"467\" \/><\/p>\n<ul>\n<li style=\"text-align: justify;\"><span style=\"color: #000000;\">Esta opci\u00f3n se lanza en Ecuador para quienes buscan m\u00e1s comodidad, espacio y atenci\u00f3n al detalle.<\/span><\/li>\n<\/ul>\n<p style=\"text-align: justify;\"><span style=\"color: #000000;\"><strong><em>Quito, Ecuador, 21 de julio de 2025 \u2013<\/em><\/strong> Uber anunci\u00f3 el lanzamiento de Uber Black en las ciudades de Quito y Guayaquil. Esta nueva opci\u00f3n dentro de la app est\u00e1 pensada para quienes buscan una experiencia de viaje m\u00e1s premium, con veh\u00edculos modernos, socios conductores altamente calificados por los usuarios y funciones dise\u00f1adas para personalizar cada viaje.<\/span><\/p>\n<p style=\"text-align: justify;\"><span style=\"color: #000000;\"><em>\u201cUber est\u00e1 disponible desde hace ocho a\u00f1os en Ecuador y, durante este tiempo, hemos innovado a\u00f1o a a\u00f1o, para darles m\u00e1s opciones a los usuarios. Hoy lanzamos Uber Black como una alternativa pensada para quienes buscan un nivel m\u00e1s premium al momento de viajar\u201d, <strong>asegur\u00f3 <\/strong><\/em><strong>Camilo Segura, gerente de comunicaciones de Uber para la Regi\u00f3n Andina. <\/strong><\/span><\/p>\n<p style=\"text-align: justify;\"><span style=\"color: #000000;\">Uber Black est\u00e1 disponible para viajes que requieren algo m\u00e1s que lo habitual: reuniones de trabajo, cenas especiales o cualquier ocasi\u00f3n en la que el usuario quiera viajar con m\u00e1s comodidad y estilo.<\/span><\/p>\n<p style=\"text-align: justify;\"><span style=\"color: #000000;\">Los veh\u00edculos disponibles son veh\u00edculos modernos, como camionetas SUV, con espacio m\u00ednimo para cinco personas. Adem\u00e1s, los usuarios pueden indicar si prefieren conversar o mantener silencio, as\u00ed como ajustar la temperatura del veh\u00edculo desde la app.<\/span><\/p>\n<p style=\"text-align: justify;\"><span style=\"color: #000000;\">Segura a\u00f1adi\u00f3 que \u201c<em>los socios conductores cuyos veh\u00edculos sean m\u00e1s espaciosos y confortables podr\u00e1n recibir solicitudes de Uber Black y generar m\u00e1s ganancias por viaje. Los veh\u00edculos deben estar dentro de la lista de modelos aceptados: ser modernos como del tipo SUV, contar con radio y aire acondicionado funcionando, y tener capacidad para al menos cinco personas, incluyendo al socio conductor.\u201d<\/em><\/span><\/p>\n<p style=\"text-align: justify;\"><span style=\"color: #000000;\">Uber Black se suma a las opciones de movilidad disponibles en Ecuador, entre ellas UberX, Uber Comfort, Uber Planet y Uber Flash. Actualmente, Uber est\u00e1 disponible en Quito, Guayaquil, Ambato, Ibarra, Manta, Machala, Salinas y Santo Domingo.<\/span><\/p>\n<p><img decoding=\"async\" class=\"aligncenter size-full wp-image-133497\" src=\"https:\/\/www.quebakan.com\/v15\/wp-content\/uploads\/2025\/07\/Camilo-Segura_Uber.jpg\" alt=\"\" width=\"700\" height=\"467\" \/><\/p>\n","protected":false},"excerpt":{"rendered":"<p>Esta opci\u00f3n se lanza en Ecuador para quienes buscan m\u00e1s comodidad, espacio y atenci\u00f3n al detalle. Quito, Ecuador, 21 de julio de 2025 \u2013 Uber anunci\u00f3 el lanzamiento de Uber Black en las ciudades de Quito y Guayaquil. Esta nueva opci\u00f3n dentro de la app est\u00e1 pensada para quienes buscan una experiencia de viaje m\u00e1s [&hellip;]<\/p>\n","protected":false},"author":4,"featured_media":133496,"comment_status":"closed","ping_status":"closed","sticky":false,"template":"","format":"standard","meta":{"_bbp_topic_count":0,"_bbp_reply_count":0,"_bbp_total_topic_count":0,"_bbp_total_reply_count":0,"_bbp_voice_count":0,"_bbp_anonymous_reply_count":0,"_bbp_topic_count_hidden":0,"_bbp_reply_count_hidden":0,"_bbp_forum_subforum_count":0,"buzzeditor_post_format":"","footnotes":""},"categories":[2],"tags":[],"class_list":["post-133495","post","type-post","status-publish","format-standard","has-post-thumbnail","hentry","category-noticias"],"yoast_head":"<!-- This site is optimized with the Yoast SEO plugin v27.5 - https:\/\/yoast.com\/product\/yoast-seo-wordpress\/ -->\n<title>Uber Black llega a Quito y Guayaquil con una nueva experiencia premium de viajes &#8211; QUEBAKAN.COM 2026: Noticias, Eventos, Conciertos y mucho m\u00e1s....<\/title>\n<meta name=\"robots\" content=\"index, follow, max-snippet:-1, max-image-preview:large, max-video-preview:-1\" \/>\n<link rel=\"canonical\" href=\"https:\/\/www.quebakan.com\/v15\/uber-black-llega-a-quito-y-guayaquil-con-una-nueva-experiencia-premium-de-viajes\/\" \/>\n<meta property=\"og:locale\" content=\"es_ES\" \/>\n<meta property=\"og:type\" content=\"article\" \/>\n<meta property=\"og:title\" content=\"Uber Black llega a Quito y Guayaquil con una nueva experiencia premium de viajes &#8211; QUEBAKAN.COM 2026: Noticias, Eventos, Conciertos y mucho m\u00e1s....\" \/>\n<meta property=\"og:description\" content=\"Esta opci\u00f3n se lanza en Ecuador para quienes buscan m\u00e1s comodidad, espacio y atenci\u00f3n al detalle. Quito, Ecuador, 21 de julio de 2025 \u2013 Uber anunci\u00f3 el lanzamiento de Uber Black en las ciudades de Quito y Guayaquil. Esta nueva opci\u00f3n dentro de la app est\u00e1 pensada para quienes buscan una experiencia de viaje m\u00e1s [&hellip;]\" \/>\n<meta property=\"og:url\" content=\"https:\/\/www.quebakan.com\/v15\/uber-black-llega-a-quito-y-guayaquil-con-una-nueva-experiencia-premium-de-viajes\/\" \/>\n<meta property=\"og:site_name\" content=\"QUEBAKAN.COM 2026: Noticias, Eventos, Conciertos y mucho m\u00e1s....\" \/>\n<meta property=\"article:publisher\" content=\"http:\/\/www.facebook.com\/quebakan\" \/>\n<meta property=\"article:published_time\" content=\"2025-07-23T06:03:17+00:00\" \/>\n<meta property=\"og:image\" content=\"https:\/\/www.quebakan.com\/v15\/wp-content\/uploads\/2025\/07\/1-2.jpg\" \/>\n\t<meta property=\"og:image:width\" content=\"700\" \/>\n\t<meta property=\"og:image:height\" content=\"467\" \/>\n\t<meta property=\"og:image:type\" content=\"image\/jpeg\" \/>\n<meta name=\"author\" content=\"Erick Villafuerte\" \/>\n<meta name=\"twitter:card\" content=\"summary_large_image\" \/>\n<meta name=\"twitter:creator\" content=\"@quebakanec\" \/>\n<meta name=\"twitter:site\" content=\"@quebakanec\" \/>\n<meta name=\"twitter:label1\" content=\"Escrito por\" \/>\n\t<meta name=\"twitter:data1\" content=\"Erick Villafuerte\" \/>\n\t<meta name=\"twitter:label2\" content=\"Tiempo de lectura\" \/>\n\t<meta name=\"twitter:data2\" content=\"2 minutos\" \/>\n<script type=\"application\/ld+json\" class=\"yoast-schema-graph\">{\"@context\":\"https:\\\/\\\/schema.org\",\"@graph\":[{\"@type\":\"Article\",\"@id\":\"https:\\\/\\\/www.quebakan.com\\\/v15\\\/uber-black-llega-a-quito-y-guayaquil-con-una-nueva-experiencia-premium-de-viajes\\\/#article\",\"isPartOf\":{\"@id\":\"https:\\\/\\\/www.quebakan.com\\\/v15\\\/uber-black-llega-a-quito-y-guayaquil-con-una-nueva-experiencia-premium-de-viajes\\\/\"},\"author\":{\"name\":\"Erick Villafuerte\",\"@id\":\"https:\\\/\\\/www.quebakan.com\\\/v15\\\/#\\\/schema\\\/person\\\/d90fa9f9cfa81eb8ace9811e5b7b9118\"},\"headline\":\"Uber Black llega a Quito y Guayaquil con una nueva experiencia premium de viajes\",\"datePublished\":\"2025-07-23T06:03:17+00:00\",\"mainEntityOfPage\":{\"@id\":\"https:\\\/\\\/www.quebakan.com\\\/v15\\\/uber-black-llega-a-quito-y-guayaquil-con-una-nueva-experiencia-premium-de-viajes\\\/\"},\"wordCount\":334,\"publisher\":{\"@id\":\"https:\\\/\\\/www.quebakan.com\\\/v15\\\/#organization\"},\"image\":{\"@id\":\"https:\\\/\\\/www.quebakan.com\\\/v15\\\/uber-black-llega-a-quito-y-guayaquil-con-una-nueva-experiencia-premium-de-viajes\\\/#primaryimage\"},\"thumbnailUrl\":\"https:\\\/\\\/www.quebakan.com\\\/v15\\\/wp-content\\\/uploads\\\/2025\\\/07\\\/1-2.jpg\",\"articleSection\":[\"Noticias\"],\"inLanguage\":\"es\"},{\"@type\":\"WebPage\",\"@id\":\"https:\\\/\\\/www.quebakan.com\\\/v15\\\/uber-black-llega-a-quito-y-guayaquil-con-una-nueva-experiencia-premium-de-viajes\\\/\",\"url\":\"https:\\\/\\\/www.quebakan.com\\\/v15\\\/uber-black-llega-a-quito-y-guayaquil-con-una-nueva-experiencia-premium-de-viajes\\\/\",\"name\":\"Uber Black llega a Quito y Guayaquil con una nueva experiencia premium de viajes &#8211; QUEBAKAN.COM 2026: Noticias, Eventos, Conciertos y mucho m\u00e1s....\",\"isPartOf\":{\"@id\":\"https:\\\/\\\/www.quebakan.com\\\/v15\\\/#website\"},\"primaryImageOfPage\":{\"@id\":\"https:\\\/\\\/www.quebakan.com\\\/v15\\\/uber-black-llega-a-quito-y-guayaquil-con-una-nueva-experiencia-premium-de-viajes\\\/#primaryimage\"},\"image\":{\"@id\":\"https:\\\/\\\/www.quebakan.com\\\/v15\\\/uber-black-llega-a-quito-y-guayaquil-con-una-nueva-experiencia-premium-de-viajes\\\/#primaryimage\"},\"thumbnailUrl\":\"https:\\\/\\\/www.quebakan.com\\\/v15\\\/wp-content\\\/uploads\\\/2025\\\/07\\\/1-2.jpg\",\"datePublished\":\"2025-07-23T06:03:17+00:00\",\"breadcrumb\":{\"@id\":\"https:\\\/\\\/www.quebakan.com\\\/v15\\\/uber-black-llega-a-quito-y-guayaquil-con-una-nueva-experiencia-premium-de-viajes\\\/#breadcrumb\"},\"inLanguage\":\"es\",\"potentialAction\":[{\"@type\":\"ReadAction\",\"target\":[\"https:\\\/\\\/www.quebakan.com\\\/v15\\\/uber-black-llega-a-quito-y-guayaquil-con-una-nueva-experiencia-premium-de-viajes\\\/\"]}]},{\"@type\":\"ImageObject\",\"inLanguage\":\"es\",\"@id\":\"https:\\\/\\\/www.quebakan.com\\\/v15\\\/uber-black-llega-a-quito-y-guayaquil-con-una-nueva-experiencia-premium-de-viajes\\\/#primaryimage\",\"url\":\"https:\\\/\\\/www.quebakan.com\\\/v15\\\/wp-content\\\/uploads\\\/2025\\\/07\\\/1-2.jpg\",\"contentUrl\":\"https:\\\/\\\/www.quebakan.com\\\/v15\\\/wp-content\\\/uploads\\\/2025\\\/07\\\/1-2.jpg\",\"width\":700,\"height\":467},{\"@type\":\"BreadcrumbList\",\"@id\":\"https:\\\/\\\/www.quebakan.com\\\/v15\\\/uber-black-llega-a-quito-y-guayaquil-con-una-nueva-experiencia-premium-de-viajes\\\/#breadcrumb\",\"itemListElement\":[{\"@type\":\"ListItem\",\"position\":1,\"name\":\"Portada\",\"item\":\"https:\\\/\\\/www.quebakan.com\\\/v15\\\/\"},{\"@type\":\"ListItem\",\"position\":2,\"name\":\"Uber Black llega a Quito y Guayaquil con una nueva experiencia premium de viajes\"}]},{\"@type\":\"WebSite\",\"@id\":\"https:\\\/\\\/www.quebakan.com\\\/v15\\\/#website\",\"url\":\"https:\\\/\\\/www.quebakan.com\\\/v15\\\/\",\"name\":\"QUEBAKAN\",\"description\":\"..\",\"publisher\":{\"@id\":\"https:\\\/\\\/www.quebakan.com\\\/v15\\\/#organization\"},\"potentialAction\":[{\"@type\":\"SearchAction\",\"target\":{\"@type\":\"EntryPoint\",\"urlTemplate\":\"https:\\\/\\\/www.quebakan.com\\\/v15\\\/?s={search_term_string}\"},\"query-input\":{\"@type\":\"PropertyValueSpecification\",\"valueRequired\":true,\"valueName\":\"search_term_string\"}}],\"inLanguage\":\"es\"},{\"@type\":\"Organization\",\"@id\":\"https:\\\/\\\/www.quebakan.com\\\/v15\\\/#organization\",\"name\":\"Quebakan.com\",\"url\":\"https:\\\/\\\/www.quebakan.com\\\/v15\\\/\",\"logo\":{\"@type\":\"ImageObject\",\"inLanguage\":\"es\",\"@id\":\"https:\\\/\\\/www.quebakan.com\\\/v15\\\/#\\\/schema\\\/logo\\\/image\\\/\",\"url\":\"https:\\\/\\\/www.quebakan.com\\\/v15\\\/wp-content\\\/uploads\\\/2023\\\/07\\\/logoquebakanenero2021.jpg\",\"contentUrl\":\"https:\\\/\\\/www.quebakan.com\\\/v15\\\/wp-content\\\/uploads\\\/2023\\\/07\\\/logoquebakanenero2021.jpg\",\"width\":1920,\"height\":1080,\"caption\":\"Quebakan.com\"},\"image\":{\"@id\":\"https:\\\/\\\/www.quebakan.com\\\/v15\\\/#\\\/schema\\\/logo\\\/image\\\/\"},\"sameAs\":[\"http:\\\/\\\/www.facebook.com\\\/quebakan\",\"https:\\\/\\\/x.com\\\/quebakanec\",\"http:\\\/\\\/www.instagram.com\\\/quebakan\",\"http:\\\/\\\/www.youtube.com\\\/quebakan1\"]},{\"@type\":\"Person\",\"@id\":\"https:\\\/\\\/www.quebakan.com\\\/v15\\\/#\\\/schema\\\/person\\\/d90fa9f9cfa81eb8ace9811e5b7b9118\",\"name\":\"Erick Villafuerte\",\"image\":{\"@type\":\"ImageObject\",\"inLanguage\":\"es\",\"@id\":\"https:\\\/\\\/www.quebakan.com\\\/v15\\\/wp-content\\\/uploads\\\/avatars\\\/4\\\/1731297654-bpfull.png\",\"url\":\"https:\\\/\\\/www.quebakan.com\\\/v15\\\/wp-content\\\/uploads\\\/avatars\\\/4\\\/1731297654-bpfull.png\",\"contentUrl\":\"https:\\\/\\\/www.quebakan.com\\\/v15\\\/wp-content\\\/uploads\\\/avatars\\\/4\\\/1731297654-bpfull.png\",\"caption\":\"Erick Villafuerte\"}}]}<\/script>\n<!-- \/ Yoast SEO plugin. -->","yoast_head_json":{"title":"Uber Black llega a Quito y Guayaquil con una nueva experiencia premium de viajes &#8211; QUEBAKAN.COM 2026: Noticias, Eventos, Conciertos y mucho m\u00e1s....","robots":{"index":"index","follow":"follow","max-snippet":"max-snippet:-1","max-image-preview":"max-image-preview:large","max-video-preview":"max-video-preview:-1"},"canonical":"https:\/\/www.quebakan.com\/v15\/uber-black-llega-a-quito-y-guayaquil-con-una-nueva-experiencia-premium-de-viajes\/","og_locale":"es_ES","og_type":"article","og_title":"Uber Black llega a Quito y Guayaquil con una nueva experiencia premium de viajes &#8211; QUEBAKAN.COM 2026: Noticias, Eventos, Conciertos y mucho m\u00e1s....","og_description":"Esta opci\u00f3n se lanza en Ecuador para quienes buscan m\u00e1s comodidad, espacio y atenci\u00f3n al detalle. Quito, Ecuador, 21 de julio de 2025 \u2013 Uber anunci\u00f3 el lanzamiento de Uber Black en las ciudades de Quito y Guayaquil. Esta nueva opci\u00f3n dentro de la app est\u00e1 pensada para quienes buscan una experiencia de viaje m\u00e1s [&hellip;]","og_url":"https:\/\/www.quebakan.com\/v15\/uber-black-llega-a-quito-y-guayaquil-con-una-nueva-experiencia-premium-de-viajes\/","og_site_name":"QUEBAKAN.COM 2026: Noticias, Eventos, Conciertos y mucho m\u00e1s....","article_publisher":"http:\/\/www.facebook.com\/quebakan","article_published_time":"2025-07-23T06:03:17+00:00","og_image":[{"width":700,"height":467,"url":"https:\/\/www.quebakan.com\/v15\/wp-content\/uploads\/2025\/07\/1-2.jpg","type":"image\/jpeg"}],"author":"Erick Villafuerte","twitter_card":"summary_large_image","twitter_creator":"@quebakanec","twitter_site":"@quebakanec","twitter_misc":{"Escrito por":"Erick Villafuerte","Tiempo de lectura":"2 minutos"},"schema":{"@context":"https:\/\/schema.org","@graph":[{"@type":"Article","@id":"https:\/\/www.quebakan.com\/v15\/uber-black-llega-a-quito-y-guayaquil-con-una-nueva-experiencia-premium-de-viajes\/#article","isPartOf":{"@id":"https:\/\/www.quebakan.com\/v15\/uber-black-llega-a-quito-y-guayaquil-con-una-nueva-experiencia-premium-de-viajes\/"},"author":{"name":"Erick Villafuerte","@id":"https:\/\/www.quebakan.com\/v15\/#\/schema\/person\/d90fa9f9cfa81eb8ace9811e5b7b9118"},"headline":"Uber Black llega a Quito y Guayaquil con una nueva experiencia premium de viajes","datePublished":"2025-07-23T06:03:17+00:00","mainEntityOfPage":{"@id":"https:\/\/www.quebakan.com\/v15\/uber-black-llega-a-quito-y-guayaquil-con-una-nueva-experiencia-premium-de-viajes\/"},"wordCount":334,"publisher":{"@id":"https:\/\/www.quebakan.com\/v15\/#organization"},"image":{"@id":"https:\/\/www.quebakan.com\/v15\/uber-black-llega-a-quito-y-guayaquil-con-una-nueva-experiencia-premium-de-viajes\/#primaryimage"},"thumbnailUrl":"https:\/\/www.quebakan.com\/v15\/wp-content\/uploads\/2025\/07\/1-2.jpg","articleSection":["Noticias"],"inLanguage":"es"},{"@type":"WebPage","@id":"https:\/\/www.quebakan.com\/v15\/uber-black-llega-a-quito-y-guayaquil-con-una-nueva-experiencia-premium-de-viajes\/","url":"https:\/\/www.quebakan.com\/v15\/uber-black-llega-a-quito-y-guayaquil-con-una-nueva-experiencia-premium-de-viajes\/","name":"Uber Black llega a Quito y Guayaquil con una nueva experiencia premium de viajes &#8211; QUEBAKAN.COM 2026: Noticias, Eventos, Conciertos y mucho m\u00e1s....","isPartOf":{"@id":"https:\/\/www.quebakan.com\/v15\/#website"},"primaryImageOfPage":{"@id":"https:\/\/www.quebakan.com\/v15\/uber-black-llega-a-quito-y-guayaquil-con-una-nueva-experiencia-premium-de-viajes\/#primaryimage"},"image":{"@id":"https:\/\/www.quebakan.com\/v15\/uber-black-llega-a-quito-y-guayaquil-con-una-nueva-experiencia-premium-de-viajes\/#primaryimage"},"thumbnailUrl":"https:\/\/www.quebakan.com\/v15\/wp-content\/uploads\/2025\/07\/1-2.jpg","datePublished":"2025-07-23T06:03:17+00:00","breadcrumb":{"@id":"https:\/\/www.quebakan.com\/v15\/uber-black-llega-a-quito-y-guayaquil-con-una-nueva-experiencia-premium-de-viajes\/#breadcrumb"},"inLanguage":"es","potentialAction":[{"@type":"ReadAction","target":["https:\/\/www.quebakan.com\/v15\/uber-black-llega-a-quito-y-guayaquil-con-una-nueva-experiencia-premium-de-viajes\/"]}]},{"@type":"ImageObject","inLanguage":"es","@id":"https:\/\/www.quebakan.com\/v15\/uber-black-llega-a-quito-y-guayaquil-con-una-nueva-experiencia-premium-de-viajes\/#primaryimage","url":"https:\/\/www.quebakan.com\/v15\/wp-content\/uploads\/2025\/07\/1-2.jpg","contentUrl":"https:\/\/www.quebakan.com\/v15\/wp-content\/uploads\/2025\/07\/1-2.jpg","width":700,"height":467},{"@type":"BreadcrumbList","@id":"https:\/\/www.quebakan.com\/v15\/uber-black-llega-a-quito-y-guayaquil-con-una-nueva-experiencia-premium-de-viajes\/#breadcrumb","itemListElement":[{"@type":"ListItem","position":1,"name":"Portada","item":"https:\/\/www.quebakan.com\/v15\/"},{"@type":"ListItem","position":2,"name":"Uber Black llega a Quito y Guayaquil con una nueva experiencia premium de viajes"}]},{"@type":"WebSite","@id":"https:\/\/www.quebakan.com\/v15\/#website","url":"https:\/\/www.quebakan.com\/v15\/","name":"QUEBAKAN","description":"..","publisher":{"@id":"https:\/\/www.quebakan.com\/v15\/#organization"},"potentialAction":[{"@type":"SearchAction","target":{"@type":"EntryPoint","urlTemplate":"https:\/\/www.quebakan.com\/v15\/?s={search_term_string}"},"query-input":{"@type":"PropertyValueSpecification","valueRequired":true,"valueName":"search_term_string"}}],"inLanguage":"es"},{"@type":"Organization","@id":"https:\/\/www.quebakan.com\/v15\/#organization","name":"Quebakan.com","url":"https:\/\/www.quebakan.com\/v15\/","logo":{"@type":"ImageObject","inLanguage":"es","@id":"https:\/\/www.quebakan.com\/v15\/#\/schema\/logo\/image\/","url":"https:\/\/www.quebakan.com\/v15\/wp-content\/uploads\/2023\/07\/logoquebakanenero2021.jpg","contentUrl":"https:\/\/www.quebakan.com\/v15\/wp-content\/uploads\/2023\/07\/logoquebakanenero2021.jpg","width":1920,"height":1080,"caption":"Quebakan.com"},"image":{"@id":"https:\/\/www.quebakan.com\/v15\/#\/schema\/logo\/image\/"},"sameAs":["http:\/\/www.facebook.com\/quebakan","https:\/\/x.com\/quebakanec","http:\/\/www.instagram.com\/quebakan","http:\/\/www.youtube.com\/quebakan1"]},{"@type":"Person","@id":"https:\/\/www.quebakan.com\/v15\/#\/schema\/person\/d90fa9f9cfa81eb8ace9811e5b7b9118","name":"Erick Villafuerte","image":{"@type":"ImageObject","inLanguage":"es","@id":"https:\/\/www.quebakan.com\/v15\/wp-content\/uploads\/avatars\/4\/1731297654-bpfull.png","url":"https:\/\/www.quebakan.com\/v15\/wp-content\/uploads\/avatars\/4\/1731297654-bpfull.png","contentUrl":"https:\/\/www.quebakan.com\/v15\/wp-content\/uploads\/avatars\/4\/1731297654-bpfull.png","caption":"Erick Villafuerte"}}]}},"_links":{"self":[{"href":"https:\/\/www.quebakan.com\/v15\/wp-json\/wp\/v2\/posts\/133495","targetHints":{"allow":["GET"]}}],"collection":[{"href":"https:\/\/www.quebakan.com\/v15\/wp-json\/wp\/v2\/posts"}],"about":[{"href":"https:\/\/www.quebakan.com\/v15\/wp-json\/wp\/v2\/types\/post"}],"author":[{"embeddable":true,"href":"https:\/\/www.quebakan.com\/v15\/wp-json\/wp\/v2\/users\/4"}],"replies":[{"embeddable":true,"href":"https:\/\/www.quebakan.com\/v15\/wp-json\/wp\/v2\/comments?post=133495"}],"version-history":[{"count":1,"href":"https:\/\/www.quebakan.com\/v15\/wp-json\/wp\/v2\/posts\/133495\/revisions"}],"predecessor-version":[{"id":133498,"href":"https:\/\/www.quebakan.com\/v15\/wp-json\/wp\/v2\/posts\/133495\/revisions\/133498"}],"wp:featuredmedia":[{"embeddable":true,"href":"https:\/\/www.quebakan.com\/v15\/wp-json\/wp\/v2\/media\/133496"}],"wp:attachment":[{"href":"https:\/\/www.quebakan.com\/v15\/wp-json\/wp\/v2\/media?parent=133495"}],"wp:term":[{"taxonomy":"category","embeddable":true,"href":"https:\/\/www.quebakan.com\/v15\/wp-json\/wp\/v2\/categories?post=133495"},{"taxonomy":"post_tag","embeddable":true,"href":"https:\/\/www.quebakan.com\/v15\/wp-json\/wp\/v2\/tags?post=133495"}],"curies":[{"name":"wp","href":"https:\/\/api.w.org\/{rel}","templated":true}]}}