{"id":133506,"date":"2025-07-23T23:51:22","date_gmt":"2025-07-24T04:51:22","guid":{"rendered":"https:\/\/www.quebakan.com\/v15\/?p=133506"},"modified":"2025-07-23T23:51:22","modified_gmt":"2025-07-24T04:51:22","slug":"anton-awards-llega-a-santo-domingo","status":"publish","type":"post","link":"https:\/\/www.quebakan.com\/v15\/anton-awards-llega-a-santo-domingo\/","title":{"rendered":"Anton Awards llega a Santo Domingo"},"content":{"rendered":"<p><img fetchpriority=\"high\" decoding=\"async\" class=\"aligncenter size-full wp-image-133507\" src=\"https:\/\/www.quebakan.com\/v15\/wp-content\/uploads\/2025\/07\/ecuatorianos.jpg\" alt=\"\" width=\"700\" height=\"393\" \/><\/p>\n<p style=\"text-align: justify;\"><span style=\"color: #000000;\">La Gala de los premios Anton Rep\u00fablica Dominicana 2025, se realizar\u00e1 en Santo Domingo, este 27 de agosto con una lluvia de estrellas que se dar\u00e1n cita en el teatro Lope de Vega. Artistas nacionales e invitados internacionales se dar\u00e1n cita en este magno evento, la gala tendr\u00e1 invitados representantes de Espa\u00f1a, Colombia, Ecuador y Venezuela.<\/span><\/p>\n<p style=\"text-align: justify;\"><span style=\"color: #000000;\">Esta gala se realizar\u00e1 en honor a las luminarias dominicanas quienes se les rendir\u00e1 un tributo por su gran carrera y trayectoria.<\/span><\/p>\n<p style=\"text-align: justify;\"><span style=\"color: #000000;\"><strong>Personalidades como:<\/strong><\/span><\/p>\n<p style=\"text-align: justify;\"><span style=\"color: #000000;\">Aramis Camilo con 45 a\u00f1os de Carrera y Trayectoria.<\/span><\/p>\n<p style=\"text-align: justify;\"><span style=\"color: #000000;\">Nelson Zapata (Proyecto uno), con 36 a\u00f1os de carrera y trayectoria.<\/span><\/p>\n<p style=\"text-align: justify;\"><span style=\"color: #000000;\">Pochy Familia con 45 a\u00f1os de carrera y trayectoria.<\/span><\/p>\n<p style=\"text-align: justify;\"><span style=\"color: #000000;\">Ps. Ramon Orlando con 50 a\u00f1os de Carrera y Trayectoria.<\/span><\/p>\n<p style=\"text-align: justify;\"><span style=\"color: #000000;\">Ps. Nancy Amancio con 33 a\u00f1os de Carrera y trayectoria ministerial.<\/span><\/p>\n<p style=\"text-align: justify;\"><span style=\"color: #000000;\">Ra\u00fal Grisanty con 58 a\u00f1os de carrera y trayectoria.<\/span><\/p>\n<p style=\"text-align: justify;\"><span style=\"color: #000000;\">Rafael Shanlate con 45 a\u00f1os de carrera y trayectoria.<\/span><\/p>\n<p style=\"text-align: justify;\"><span style=\"color: #000000;\">Jefferson Rodr\u00edguez con 25 a\u00f1os de carrera y trayectoria.<\/span><\/p>\n<p style=\"text-align: justify;\"><span style=\"color: #000000;\">Jasol Cabral con 30 a\u00f1os de carrera y trayectoria.<\/span><\/p>\n<p style=\"text-align: justify;\"><span style=\"color: #000000;\">Marcel Piel Morena por 25 a\u00f1os de carrera y trayectoria.<\/span><\/p>\n<p style=\"text-align: justify;\"><span style=\"color: #000000;\">Maripily Ospino por 20 a\u00f1os de carrera y trayectoria.<\/span><\/p>\n<p style=\"text-align: justify;\"><span style=\"color: #000000;\">Juan Joel por 25 a\u00f1os de carrera y trayectoria.<\/span><\/p>\n<p style=\"text-align: justify;\"><span style=\"color: #000000;\">Junto a muchas estrellas m\u00e1s y premios especiales para la actriz de doblaje internacional Josefina Hern\u00e1ndez, la presentadora de noticias Anyeline L\u00f3pez, la animadora Cristiana Adelina Jorge El\u00edas, y las venezolanas Elianta Quintero, Barbie de Abreu, Beba Rojas, Ildemary Mata, July y Naoh, Maria luisa Molina y muchas estrellas m\u00e1s.<\/span><\/p>\n<p style=\"text-align: justify;\"><span style=\"color: #000000;\">En pasadas galas realizadas en Ecuador se ha tenido el placer, el honor y el orgullo de premiar las personalidades m\u00e1s importantes del medio art\u00edstico, musical, cultural y deportivo.<\/span><\/p>\n<p style=\"text-align: justify;\"><span style=\"color: #000000;\">Entre ellos figuras como: Fresia Saavedra, Jorge L\u00f3pez, Hilda Murillo, Ana Buljubasich, Tatiana Roha, Paola Farias, Eddie Gonz\u00e1lez, Paulina Aguirre, Alejandra Paredes, Carla Larrea, Martha Ontaneda, Patricio Mena, Adriana Procel, Homero Gallardo, Kuinvi, Anita Lucia Proa\u00f1o, Mike Judge, Maribel Solines, Jorge Rend\u00f3n, Ruth Coello, Prisca Bustamante, Arturo Alvarado (Dj Marciano), Carlos Julio Gurumendi, Andr\u00e9s Garz\u00f3n, Luisa Delgadillo, Grace Ruperti, Carolina Ossa, Oswaldo Segura, Giovanny D\u00e1vila, \u00darsula Strenge, Mar Rend\u00f3n, Isaac Delgado, entre otros.<\/span><\/p>\n<p style=\"text-align: justify;\"><span style=\"color: #000000;\">Este A\u00f1o Ecuador tendr\u00e1 9 representantes en la Gala Rep\u00fablica Dominicana 2025. Estos son: Lu Gonzalez, locutora y ganadora en Ecuador del a\u00f1o 2024, representante de Radio T\u00eda, Verito Loor animadora y presentadora de Tv, ganadora en Ecuador como animadora de televisi\u00f3n revelaci\u00f3n del a\u00f1o 2025, Dany Tefita, locutora y ganadora en Ecuador como Locutora del a\u00f1o 2025, Carlos Murillo del programa Murillo Presenta es animador de televisi\u00f3n cristiana y ganador de premio por 20 a\u00f1os de carrera,\u00a0 Dino Vicente animador y productor con 35 a\u00f1os de carrera, Pilar Uma\u00f1a es promotora art\u00edstica con m\u00e1s de 25 a\u00f1os de carrera, la empresaria de modas y due\u00f1a de la academia de modelaje ganadora en el a\u00f1o 2024 y 2025, como mejor academia infantil del Ecuador Esthela Ordo\u00f1ez y dos personas m\u00e1s, que al cierre de esta nota a\u00fan no hab\u00edan confirmado. Estos fueron los elegidos para poner el nombre de Ecuador en alto.<\/span><\/p>\n<p style=\"text-align: justify;\"><span style=\"color: #000000;\">Anton Awards cumple 11 a\u00f1os y es realizado en Colombia, Ecuador, Panam\u00e1, Per\u00fa, Venezuela, Miami y Rep\u00fablica Dominicana. Con transmisi\u00f3n en 27 televisoras internacionales, nacionales, regionales, web y cristianas.<\/span><\/p>\n<p style=\"text-align: justify;\"><span style=\"color: #000000;\">Bienvenidos a Quisqueya la bella, la comunidad cristiana latina y la escuela superior de doblaje en espa\u00f1ol los invita.<\/span><\/p>\n<p><img decoding=\"async\" class=\"aligncenter size-full wp-image-133508\" src=\"https:\/\/www.quebakan.com\/v15\/wp-content\/uploads\/2025\/07\/dominicanos.jpg\" alt=\"\" width=\"700\" height=\"393\" \/><\/p>\n","protected":false},"excerpt":{"rendered":"<p>La Gala de los premios Anton Rep\u00fablica Dominicana 2025, se realizar\u00e1 en Santo Domingo, este 27 de agosto con una lluvia de estrellas que se dar\u00e1n cita en el teatro Lope de Vega. Artistas nacionales e invitados internacionales se dar\u00e1n cita en este magno evento, la gala tendr\u00e1 invitados representantes de Espa\u00f1a, Colombia, Ecuador y [&hellip;]<\/p>\n","protected":false},"author":4,"featured_media":133507,"comment_status":"closed","ping_status":"closed","sticky":false,"template":"","format":"standard","meta":{"_bbp_topic_count":0,"_bbp_reply_count":0,"_bbp_total_topic_count":0,"_bbp_total_reply_count":0,"_bbp_voice_count":0,"_bbp_anonymous_reply_count":0,"_bbp_topic_count_hidden":0,"_bbp_reply_count_hidden":0,"_bbp_forum_subforum_count":0,"buzzeditor_post_format":"","footnotes":""},"categories":[2],"tags":[],"class_list":["post-133506","post","type-post","status-publish","format-standard","has-post-thumbnail","hentry","category-noticias"],"yoast_head":"<!-- This site is optimized with the Yoast SEO plugin v27.5 - https:\/\/yoast.com\/product\/yoast-seo-wordpress\/ -->\n<title>Anton Awards llega a Santo Domingo &#8211; QUEBAKAN.COM 2026: Noticias, Eventos, Conciertos y mucho m\u00e1s....<\/title>\n<meta name=\"robots\" content=\"index, follow, max-snippet:-1, max-image-preview:large, max-video-preview:-1\" \/>\n<link rel=\"canonical\" href=\"https:\/\/www.quebakan.com\/v15\/anton-awards-llega-a-santo-domingo\/\" \/>\n<meta property=\"og:locale\" content=\"es_ES\" \/>\n<meta property=\"og:type\" content=\"article\" \/>\n<meta property=\"og:title\" content=\"Anton Awards llega a Santo Domingo &#8211; QUEBAKAN.COM 2026: Noticias, Eventos, Conciertos y mucho m\u00e1s....\" \/>\n<meta property=\"og:description\" content=\"La Gala de los premios Anton Rep\u00fablica Dominicana 2025, se realizar\u00e1 en Santo Domingo, este 27 de agosto con una lluvia de estrellas que se dar\u00e1n cita en el teatro Lope de Vega. Artistas nacionales e invitados internacionales se dar\u00e1n cita en este magno evento, la gala tendr\u00e1 invitados representantes de Espa\u00f1a, Colombia, Ecuador y [&hellip;]\" \/>\n<meta property=\"og:url\" content=\"https:\/\/www.quebakan.com\/v15\/anton-awards-llega-a-santo-domingo\/\" \/>\n<meta property=\"og:site_name\" content=\"QUEBAKAN.COM 2026: Noticias, Eventos, Conciertos y mucho m\u00e1s....\" \/>\n<meta property=\"article:publisher\" content=\"http:\/\/www.facebook.com\/quebakan\" \/>\n<meta property=\"article:published_time\" content=\"2025-07-24T04:51:22+00:00\" \/>\n<meta property=\"og:image\" content=\"https:\/\/www.quebakan.com\/v15\/wp-content\/uploads\/2025\/07\/ecuatorianos.jpg\" \/>\n\t<meta property=\"og:image:width\" content=\"700\" \/>\n\t<meta property=\"og:image:height\" content=\"393\" \/>\n\t<meta property=\"og:image:type\" content=\"image\/jpeg\" \/>\n<meta name=\"author\" content=\"Erick Villafuerte\" \/>\n<meta name=\"twitter:card\" content=\"summary_large_image\" \/>\n<meta name=\"twitter:creator\" content=\"@quebakanec\" \/>\n<meta name=\"twitter:site\" content=\"@quebakanec\" \/>\n<meta name=\"twitter:label1\" content=\"Escrito por\" \/>\n\t<meta name=\"twitter:data1\" content=\"Erick Villafuerte\" \/>\n\t<meta name=\"twitter:label2\" content=\"Tiempo de lectura\" \/>\n\t<meta name=\"twitter:data2\" content=\"4 minutos\" \/>\n<script type=\"application\/ld+json\" class=\"yoast-schema-graph\">{\"@context\":\"https:\\\/\\\/schema.org\",\"@graph\":[{\"@type\":\"Article\",\"@id\":\"https:\\\/\\\/www.quebakan.com\\\/v15\\\/anton-awards-llega-a-santo-domingo\\\/#article\",\"isPartOf\":{\"@id\":\"https:\\\/\\\/www.quebakan.com\\\/v15\\\/anton-awards-llega-a-santo-domingo\\\/\"},\"author\":{\"name\":\"Erick Villafuerte\",\"@id\":\"https:\\\/\\\/www.quebakan.com\\\/v15\\\/#\\\/schema\\\/person\\\/d90fa9f9cfa81eb8ace9811e5b7b9118\"},\"headline\":\"Anton Awards llega a Santo Domingo\",\"datePublished\":\"2025-07-24T04:51:22+00:00\",\"mainEntityOfPage\":{\"@id\":\"https:\\\/\\\/www.quebakan.com\\\/v15\\\/anton-awards-llega-a-santo-domingo\\\/\"},\"wordCount\":584,\"publisher\":{\"@id\":\"https:\\\/\\\/www.quebakan.com\\\/v15\\\/#organization\"},\"image\":{\"@id\":\"https:\\\/\\\/www.quebakan.com\\\/v15\\\/anton-awards-llega-a-santo-domingo\\\/#primaryimage\"},\"thumbnailUrl\":\"https:\\\/\\\/www.quebakan.com\\\/v15\\\/wp-content\\\/uploads\\\/2025\\\/07\\\/ecuatorianos.jpg\",\"articleSection\":[\"Noticias\"],\"inLanguage\":\"es\"},{\"@type\":\"WebPage\",\"@id\":\"https:\\\/\\\/www.quebakan.com\\\/v15\\\/anton-awards-llega-a-santo-domingo\\\/\",\"url\":\"https:\\\/\\\/www.quebakan.com\\\/v15\\\/anton-awards-llega-a-santo-domingo\\\/\",\"name\":\"Anton Awards llega a Santo Domingo &#8211; QUEBAKAN.COM 2026: Noticias, Eventos, Conciertos y mucho m\u00e1s....\",\"isPartOf\":{\"@id\":\"https:\\\/\\\/www.quebakan.com\\\/v15\\\/#website\"},\"primaryImageOfPage\":{\"@id\":\"https:\\\/\\\/www.quebakan.com\\\/v15\\\/anton-awards-llega-a-santo-domingo\\\/#primaryimage\"},\"image\":{\"@id\":\"https:\\\/\\\/www.quebakan.com\\\/v15\\\/anton-awards-llega-a-santo-domingo\\\/#primaryimage\"},\"thumbnailUrl\":\"https:\\\/\\\/www.quebakan.com\\\/v15\\\/wp-content\\\/uploads\\\/2025\\\/07\\\/ecuatorianos.jpg\",\"datePublished\":\"2025-07-24T04:51:22+00:00\",\"breadcrumb\":{\"@id\":\"https:\\\/\\\/www.quebakan.com\\\/v15\\\/anton-awards-llega-a-santo-domingo\\\/#breadcrumb\"},\"inLanguage\":\"es\",\"potentialAction\":[{\"@type\":\"ReadAction\",\"target\":[\"https:\\\/\\\/www.quebakan.com\\\/v15\\\/anton-awards-llega-a-santo-domingo\\\/\"]}]},{\"@type\":\"ImageObject\",\"inLanguage\":\"es\",\"@id\":\"https:\\\/\\\/www.quebakan.com\\\/v15\\\/anton-awards-llega-a-santo-domingo\\\/#primaryimage\",\"url\":\"https:\\\/\\\/www.quebakan.com\\\/v15\\\/wp-content\\\/uploads\\\/2025\\\/07\\\/ecuatorianos.jpg\",\"contentUrl\":\"https:\\\/\\\/www.quebakan.com\\\/v15\\\/wp-content\\\/uploads\\\/2025\\\/07\\\/ecuatorianos.jpg\",\"width\":700,\"height\":393},{\"@type\":\"BreadcrumbList\",\"@id\":\"https:\\\/\\\/www.quebakan.com\\\/v15\\\/anton-awards-llega-a-santo-domingo\\\/#breadcrumb\",\"itemListElement\":[{\"@type\":\"ListItem\",\"position\":1,\"name\":\"Portada\",\"item\":\"https:\\\/\\\/www.quebakan.com\\\/v15\\\/\"},{\"@type\":\"ListItem\",\"position\":2,\"name\":\"Anton Awards llega a Santo Domingo\"}]},{\"@type\":\"WebSite\",\"@id\":\"https:\\\/\\\/www.quebakan.com\\\/v15\\\/#website\",\"url\":\"https:\\\/\\\/www.quebakan.com\\\/v15\\\/\",\"name\":\"QUEBAKAN\",\"description\":\"..\",\"publisher\":{\"@id\":\"https:\\\/\\\/www.quebakan.com\\\/v15\\\/#organization\"},\"potentialAction\":[{\"@type\":\"SearchAction\",\"target\":{\"@type\":\"EntryPoint\",\"urlTemplate\":\"https:\\\/\\\/www.quebakan.com\\\/v15\\\/?s={search_term_string}\"},\"query-input\":{\"@type\":\"PropertyValueSpecification\",\"valueRequired\":true,\"valueName\":\"search_term_string\"}}],\"inLanguage\":\"es\"},{\"@type\":\"Organization\",\"@id\":\"https:\\\/\\\/www.quebakan.com\\\/v15\\\/#organization\",\"name\":\"Quebakan.com\",\"url\":\"https:\\\/\\\/www.quebakan.com\\\/v15\\\/\",\"logo\":{\"@type\":\"ImageObject\",\"inLanguage\":\"es\",\"@id\":\"https:\\\/\\\/www.quebakan.com\\\/v15\\\/#\\\/schema\\\/logo\\\/image\\\/\",\"url\":\"https:\\\/\\\/www.quebakan.com\\\/v15\\\/wp-content\\\/uploads\\\/2023\\\/07\\\/logoquebakanenero2021.jpg\",\"contentUrl\":\"https:\\\/\\\/www.quebakan.com\\\/v15\\\/wp-content\\\/uploads\\\/2023\\\/07\\\/logoquebakanenero2021.jpg\",\"width\":1920,\"height\":1080,\"caption\":\"Quebakan.com\"},\"image\":{\"@id\":\"https:\\\/\\\/www.quebakan.com\\\/v15\\\/#\\\/schema\\\/logo\\\/image\\\/\"},\"sameAs\":[\"http:\\\/\\\/www.facebook.com\\\/quebakan\",\"https:\\\/\\\/x.com\\\/quebakanec\",\"http:\\\/\\\/www.instagram.com\\\/quebakan\",\"http:\\\/\\\/www.youtube.com\\\/quebakan1\"]},{\"@type\":\"Person\",\"@id\":\"https:\\\/\\\/www.quebakan.com\\\/v15\\\/#\\\/schema\\\/person\\\/d90fa9f9cfa81eb8ace9811e5b7b9118\",\"name\":\"Erick Villafuerte\",\"image\":{\"@type\":\"ImageObject\",\"inLanguage\":\"es\",\"@id\":\"https:\\\/\\\/www.quebakan.com\\\/v15\\\/wp-content\\\/uploads\\\/avatars\\\/4\\\/1731297654-bpfull.png\",\"url\":\"https:\\\/\\\/www.quebakan.com\\\/v15\\\/wp-content\\\/uploads\\\/avatars\\\/4\\\/1731297654-bpfull.png\",\"contentUrl\":\"https:\\\/\\\/www.quebakan.com\\\/v15\\\/wp-content\\\/uploads\\\/avatars\\\/4\\\/1731297654-bpfull.png\",\"caption\":\"Erick Villafuerte\"}}]}<\/script>\n<!-- \/ Yoast SEO plugin. -->","yoast_head_json":{"title":"Anton Awards llega a Santo Domingo &#8211; QUEBAKAN.COM 2026: Noticias, Eventos, Conciertos y mucho m\u00e1s....","robots":{"index":"index","follow":"follow","max-snippet":"max-snippet:-1","max-image-preview":"max-image-preview:large","max-video-preview":"max-video-preview:-1"},"canonical":"https:\/\/www.quebakan.com\/v15\/anton-awards-llega-a-santo-domingo\/","og_locale":"es_ES","og_type":"article","og_title":"Anton Awards llega a Santo Domingo &#8211; QUEBAKAN.COM 2026: Noticias, Eventos, Conciertos y mucho m\u00e1s....","og_description":"La Gala de los premios Anton Rep\u00fablica Dominicana 2025, se realizar\u00e1 en Santo Domingo, este 27 de agosto con una lluvia de estrellas que se dar\u00e1n cita en el teatro Lope de Vega. Artistas nacionales e invitados internacionales se dar\u00e1n cita en este magno evento, la gala tendr\u00e1 invitados representantes de Espa\u00f1a, Colombia, Ecuador y [&hellip;]","og_url":"https:\/\/www.quebakan.com\/v15\/anton-awards-llega-a-santo-domingo\/","og_site_name":"QUEBAKAN.COM 2026: Noticias, Eventos, Conciertos y mucho m\u00e1s....","article_publisher":"http:\/\/www.facebook.com\/quebakan","article_published_time":"2025-07-24T04:51:22+00:00","og_image":[{"width":700,"height":393,"url":"https:\/\/www.quebakan.com\/v15\/wp-content\/uploads\/2025\/07\/ecuatorianos.jpg","type":"image\/jpeg"}],"author":"Erick Villafuerte","twitter_card":"summary_large_image","twitter_creator":"@quebakanec","twitter_site":"@quebakanec","twitter_misc":{"Escrito por":"Erick Villafuerte","Tiempo de lectura":"4 minutos"},"schema":{"@context":"https:\/\/schema.org","@graph":[{"@type":"Article","@id":"https:\/\/www.quebakan.com\/v15\/anton-awards-llega-a-santo-domingo\/#article","isPartOf":{"@id":"https:\/\/www.quebakan.com\/v15\/anton-awards-llega-a-santo-domingo\/"},"author":{"name":"Erick Villafuerte","@id":"https:\/\/www.quebakan.com\/v15\/#\/schema\/person\/d90fa9f9cfa81eb8ace9811e5b7b9118"},"headline":"Anton Awards llega a Santo Domingo","datePublished":"2025-07-24T04:51:22+00:00","mainEntityOfPage":{"@id":"https:\/\/www.quebakan.com\/v15\/anton-awards-llega-a-santo-domingo\/"},"wordCount":584,"publisher":{"@id":"https:\/\/www.quebakan.com\/v15\/#organization"},"image":{"@id":"https:\/\/www.quebakan.com\/v15\/anton-awards-llega-a-santo-domingo\/#primaryimage"},"thumbnailUrl":"https:\/\/www.quebakan.com\/v15\/wp-content\/uploads\/2025\/07\/ecuatorianos.jpg","articleSection":["Noticias"],"inLanguage":"es"},{"@type":"WebPage","@id":"https:\/\/www.quebakan.com\/v15\/anton-awards-llega-a-santo-domingo\/","url":"https:\/\/www.quebakan.com\/v15\/anton-awards-llega-a-santo-domingo\/","name":"Anton Awards llega a Santo Domingo &#8211; QUEBAKAN.COM 2026: Noticias, Eventos, Conciertos y mucho m\u00e1s....","isPartOf":{"@id":"https:\/\/www.quebakan.com\/v15\/#website"},"primaryImageOfPage":{"@id":"https:\/\/www.quebakan.com\/v15\/anton-awards-llega-a-santo-domingo\/#primaryimage"},"image":{"@id":"https:\/\/www.quebakan.com\/v15\/anton-awards-llega-a-santo-domingo\/#primaryimage"},"thumbnailUrl":"https:\/\/www.quebakan.com\/v15\/wp-content\/uploads\/2025\/07\/ecuatorianos.jpg","datePublished":"2025-07-24T04:51:22+00:00","breadcrumb":{"@id":"https:\/\/www.quebakan.com\/v15\/anton-awards-llega-a-santo-domingo\/#breadcrumb"},"inLanguage":"es","potentialAction":[{"@type":"ReadAction","target":["https:\/\/www.quebakan.com\/v15\/anton-awards-llega-a-santo-domingo\/"]}]},{"@type":"ImageObject","inLanguage":"es","@id":"https:\/\/www.quebakan.com\/v15\/anton-awards-llega-a-santo-domingo\/#primaryimage","url":"https:\/\/www.quebakan.com\/v15\/wp-content\/uploads\/2025\/07\/ecuatorianos.jpg","contentUrl":"https:\/\/www.quebakan.com\/v15\/wp-content\/uploads\/2025\/07\/ecuatorianos.jpg","width":700,"height":393},{"@type":"BreadcrumbList","@id":"https:\/\/www.quebakan.com\/v15\/anton-awards-llega-a-santo-domingo\/#breadcrumb","itemListElement":[{"@type":"ListItem","position":1,"name":"Portada","item":"https:\/\/www.quebakan.com\/v15\/"},{"@type":"ListItem","position":2,"name":"Anton Awards llega a Santo Domingo"}]},{"@type":"WebSite","@id":"https:\/\/www.quebakan.com\/v15\/#website","url":"https:\/\/www.quebakan.com\/v15\/","name":"QUEBAKAN","description":"..","publisher":{"@id":"https:\/\/www.quebakan.com\/v15\/#organization"},"potentialAction":[{"@type":"SearchAction","target":{"@type":"EntryPoint","urlTemplate":"https:\/\/www.quebakan.com\/v15\/?s={search_term_string}"},"query-input":{"@type":"PropertyValueSpecification","valueRequired":true,"valueName":"search_term_string"}}],"inLanguage":"es"},{"@type":"Organization","@id":"https:\/\/www.quebakan.com\/v15\/#organization","name":"Quebakan.com","url":"https:\/\/www.quebakan.com\/v15\/","logo":{"@type":"ImageObject","inLanguage":"es","@id":"https:\/\/www.quebakan.com\/v15\/#\/schema\/logo\/image\/","url":"https:\/\/www.quebakan.com\/v15\/wp-content\/uploads\/2023\/07\/logoquebakanenero2021.jpg","contentUrl":"https:\/\/www.quebakan.com\/v15\/wp-content\/uploads\/2023\/07\/logoquebakanenero2021.jpg","width":1920,"height":1080,"caption":"Quebakan.com"},"image":{"@id":"https:\/\/www.quebakan.com\/v15\/#\/schema\/logo\/image\/"},"sameAs":["http:\/\/www.facebook.com\/quebakan","https:\/\/x.com\/quebakanec","http:\/\/www.instagram.com\/quebakan","http:\/\/www.youtube.com\/quebakan1"]},{"@type":"Person","@id":"https:\/\/www.quebakan.com\/v15\/#\/schema\/person\/d90fa9f9cfa81eb8ace9811e5b7b9118","name":"Erick Villafuerte","image":{"@type":"ImageObject","inLanguage":"es","@id":"https:\/\/www.quebakan.com\/v15\/wp-content\/uploads\/avatars\/4\/1731297654-bpfull.png","url":"https:\/\/www.quebakan.com\/v15\/wp-content\/uploads\/avatars\/4\/1731297654-bpfull.png","contentUrl":"https:\/\/www.quebakan.com\/v15\/wp-content\/uploads\/avatars\/4\/1731297654-bpfull.png","caption":"Erick Villafuerte"}}]}},"_links":{"self":[{"href":"https:\/\/www.quebakan.com\/v15\/wp-json\/wp\/v2\/posts\/133506","targetHints":{"allow":["GET"]}}],"collection":[{"href":"https:\/\/www.quebakan.com\/v15\/wp-json\/wp\/v2\/posts"}],"about":[{"href":"https:\/\/www.quebakan.com\/v15\/wp-json\/wp\/v2\/types\/post"}],"author":[{"embeddable":true,"href":"https:\/\/www.quebakan.com\/v15\/wp-json\/wp\/v2\/users\/4"}],"replies":[{"embeddable":true,"href":"https:\/\/www.quebakan.com\/v15\/wp-json\/wp\/v2\/comments?post=133506"}],"version-history":[{"count":1,"href":"https:\/\/www.quebakan.com\/v15\/wp-json\/wp\/v2\/posts\/133506\/revisions"}],"predecessor-version":[{"id":133509,"href":"https:\/\/www.quebakan.com\/v15\/wp-json\/wp\/v2\/posts\/133506\/revisions\/133509"}],"wp:featuredmedia":[{"embeddable":true,"href":"https:\/\/www.quebakan.com\/v15\/wp-json\/wp\/v2\/media\/133507"}],"wp:attachment":[{"href":"https:\/\/www.quebakan.com\/v15\/wp-json\/wp\/v2\/media?parent=133506"}],"wp:term":[{"taxonomy":"category","embeddable":true,"href":"https:\/\/www.quebakan.com\/v15\/wp-json\/wp\/v2\/categories?post=133506"},{"taxonomy":"post_tag","embeddable":true,"href":"https:\/\/www.quebakan.com\/v15\/wp-json\/wp\/v2\/tags?post=133506"}],"curies":[{"name":"wp","href":"https:\/\/api.w.org\/{rel}","templated":true}]}}