{"id":133559,"date":"2025-07-25T00:58:50","date_gmt":"2025-07-25T05:58:50","guid":{"rendered":"https:\/\/www.quebakan.com\/v15\/?p=133559"},"modified":"2025-07-25T00:58:50","modified_gmt":"2025-07-25T05:58:50","slug":"bloqueador-para-rostro-en-gel-yanbal-lanza-su-mas-reciente-innovacion-de-proteccion-solar","status":"publish","type":"post","link":"https:\/\/www.quebakan.com\/v15\/bloqueador-para-rostro-en-gel-yanbal-lanza-su-mas-reciente-innovacion-de-proteccion-solar\/","title":{"rendered":"\u00bfBloqueador para rostro en gel? YANBAL lanza su m\u00e1s reciente innovaci\u00f3n de protecci\u00f3n solar"},"content":{"rendered":"<p><img fetchpriority=\"high\" decoding=\"async\" class=\"aligncenter size-full wp-image-133560\" src=\"https:\/\/www.quebakan.com\/v15\/wp-content\/uploads\/2025\/07\/F1-NDP-1.jpg\" alt=\"\" width=\"467\" height=\"700\" \/><\/p>\n<p style=\"text-align: justify;\"><span style=\"color: #000000;\"><em>El nuevo Fotoprotector Facial Gel Velvet Invisible de Yanbal no solo protege, sino que tambi\u00e9n hidrata, previene arrugas y mejora visiblemente la textura del rostro con un acabado terciopelo invisible.<\/em><\/span><\/p>\n<p style=\"text-align: justify;\"><span style=\"color: #000000;\">Durante a\u00f1os, el protector solar fue percibido como un producto exclusivo para la playa o los d\u00edas soleados. Sin embargo, cada vez m\u00e1s estudios y especialistas coinciden en algo clave: el protector solar es la base de toda rutina de skincare y debe usarse sin importar la estaci\u00f3n. Su uso diario no solo previene quemaduras, sino que reduce el riesgo de manchas, arrugas y p\u00e9rdida de firmeza, efectos que pueden acelerarse incluso con la exposici\u00f3n a la luz azul de las pantallas. En ese contexto, Yanbal presenta su m\u00e1s reciente innovaci\u00f3n en su l\u00ednea de protecci\u00f3n solar para rostro, Total Block Dermafusion: el Fotoprotector Facial Gel Velvet Invisible, un producto que se convertir\u00e1 en el \u201cno negociable\u201d de tu d\u00eda a d\u00eda.<\/span><\/p>\n<p style=\"text-align: justify;\"><span style=\"color: #000000;\">Seg\u00fan la Academia Americana de Dermatolog\u00eda, el uso constante de protector solar puede prevenir el\u00a0 <a style=\"color: #000000;\" href=\"https:\/\/www.aad.org\/media\/stats-sunscreen?utm_source\">envejecimiento prematuro de la piel<\/a>. Es decir, su impacto va mucho m\u00e1s all\u00e1 de evitar un enrojecimiento pasajero u oscurecimiento de la tez: mejora la textura, reduce visiblemente las arrugas y uniformiza el tono. Para lograr este efecto, el nuevo Fotoprotector Facial Gel Velvet Invisible ha desarrollado una f\u00f3rmula con SPF 50+, PA++++ y filtros contra la luz azul, que adem\u00e1s de ofrecer una protecci\u00f3n de amplio espectro brinda un tratamiento triple acci\u00f3n: anti edad, hidratante y antioxidante.<\/span><\/p>\n<p style=\"text-align: justify;\"><span style=\"color: #000000;\">\u00ab<em>En Yanbal creemos que el poder de<strong> cambiar el futuro de tu piel est\u00e1 en tus manos<\/strong>. Por eso, despu\u00e9s de a\u00f1os de investigaci\u00f3n cient\u00edfica, hemos desarrollado f\u00f3rmulas con altas concentraciones de <strong>ingredientes activos, dermatol\u00f3gicamente probadas y con eficacia cl\u00ednica<\/strong> comprobada, como la del nuevo Fotoprotector Facial Gel Velvet Invisible. Su f\u00f3rmula contiene \u00e1cido hialur\u00f3nico de bajo peso molecular, capaz de penetrar las capas superficiales de la piel, manteni\u00e9ndola hidratada y con efecto \u201cplumping\u201d, lo que ayuda a reducir visiblemente las l\u00edneas de expresi\u00f3n. A esto se suma la vitamina E, un poderoso antioxidante que combate los radicales libres generados por la radiaci\u00f3n UV y la contaminaci\u00f3n, evitando el deterioro del col\u00e1geno y preservando la luminosidad natural del rostro<\/em>\u201d, Suzzane Piqueras, Directora Corporativa de Tratamiento y Protecci\u00f3n Solar de Yanbal.<\/span><\/p>\n<p style=\"text-align: justify;\"><span style=\"color: #000000;\">En un mercado donde los consumidores son cada vez m\u00e1s exigentes, productos como este logran destacar por ofrecer lo mejor de dos mundos: protecci\u00f3n solar efectiva y tratamiento facial integral. Esta nueva incorporaci\u00f3n al portafolio de Total Block Dermafusi\u00f3n fortalece el posicionamiento de Yanbal como la mejor opci\u00f3n \u201cvalue for money\u201d en tratamiento facial: productos de alta calidad, accesibles y con resultados cl\u00ednicamente comprobados. Descubre m\u00e1s de este lanzamiento en el cat\u00e1logo digital de Yanbal, con tu Consultora de Belleza de confianza o en <a style=\"color: #000000;\" href=\"https:\/\/www.yanbal.com\">www.yanbal.com<\/a>.<\/span><\/p>\n<p><img decoding=\"async\" class=\"aligncenter size-full wp-image-133561\" src=\"https:\/\/www.quebakan.com\/v15\/wp-content\/uploads\/2025\/07\/F2-NDP-2.jpg\" alt=\"\" width=\"700\" height=\"467\" \/><\/p>\n","protected":false},"excerpt":{"rendered":"<p>El nuevo Fotoprotector Facial Gel Velvet Invisible de Yanbal no solo protege, sino que tambi\u00e9n hidrata, previene arrugas y mejora visiblemente la textura del rostro con un acabado terciopelo invisible. Durante a\u00f1os, el protector solar fue percibido como un producto exclusivo para la playa o los d\u00edas soleados. Sin embargo, cada vez m\u00e1s estudios y [&hellip;]<\/p>\n","protected":false},"author":4,"featured_media":133560,"comment_status":"closed","ping_status":"closed","sticky":false,"template":"","format":"standard","meta":{"_bbp_topic_count":0,"_bbp_reply_count":0,"_bbp_total_topic_count":0,"_bbp_total_reply_count":0,"_bbp_voice_count":0,"_bbp_anonymous_reply_count":0,"_bbp_topic_count_hidden":0,"_bbp_reply_count_hidden":0,"_bbp_forum_subforum_count":0,"buzzeditor_post_format":"","footnotes":""},"categories":[337],"tags":[],"class_list":["post-133559","post","type-post","status-publish","format-standard","has-post-thumbnail","hentry","category-fashion"],"yoast_head":"<!-- This site is optimized with the Yoast SEO plugin v27.5 - https:\/\/yoast.com\/product\/yoast-seo-wordpress\/ -->\n<title>\u00bfBloqueador para rostro en gel? YANBAL lanza su m\u00e1s reciente innovaci\u00f3n de protecci\u00f3n solar &#8211; QUEBAKAN.COM 2026: Noticias, Eventos, Conciertos y mucho m\u00e1s....<\/title>\n<meta name=\"robots\" content=\"index, follow, max-snippet:-1, max-image-preview:large, max-video-preview:-1\" \/>\n<link rel=\"canonical\" href=\"https:\/\/www.quebakan.com\/v15\/bloqueador-para-rostro-en-gel-yanbal-lanza-su-mas-reciente-innovacion-de-proteccion-solar\/\" \/>\n<meta property=\"og:locale\" content=\"es_ES\" \/>\n<meta property=\"og:type\" content=\"article\" \/>\n<meta property=\"og:title\" content=\"\u00bfBloqueador para rostro en gel? YANBAL lanza su m\u00e1s reciente innovaci\u00f3n de protecci\u00f3n solar &#8211; QUEBAKAN.COM 2026: Noticias, Eventos, Conciertos y mucho m\u00e1s....\" \/>\n<meta property=\"og:description\" content=\"El nuevo Fotoprotector Facial Gel Velvet Invisible de Yanbal no solo protege, sino que tambi\u00e9n hidrata, previene arrugas y mejora visiblemente la textura del rostro con un acabado terciopelo invisible. Durante a\u00f1os, el protector solar fue percibido como un producto exclusivo para la playa o los d\u00edas soleados. Sin embargo, cada vez m\u00e1s estudios y [&hellip;]\" \/>\n<meta property=\"og:url\" content=\"https:\/\/www.quebakan.com\/v15\/bloqueador-para-rostro-en-gel-yanbal-lanza-su-mas-reciente-innovacion-de-proteccion-solar\/\" \/>\n<meta property=\"og:site_name\" content=\"QUEBAKAN.COM 2026: Noticias, Eventos, Conciertos y mucho m\u00e1s....\" \/>\n<meta property=\"article:publisher\" content=\"http:\/\/www.facebook.com\/quebakan\" \/>\n<meta property=\"article:published_time\" content=\"2025-07-25T05:58:50+00:00\" \/>\n<meta property=\"og:image\" content=\"https:\/\/www.quebakan.com\/v15\/wp-content\/uploads\/2025\/07\/F1-NDP-1.jpg\" \/>\n\t<meta property=\"og:image:width\" content=\"467\" \/>\n\t<meta property=\"og:image:height\" content=\"700\" \/>\n\t<meta property=\"og:image:type\" content=\"image\/jpeg\" \/>\n<meta name=\"author\" content=\"Erick Villafuerte\" \/>\n<meta name=\"twitter:card\" content=\"summary_large_image\" \/>\n<meta name=\"twitter:creator\" content=\"@quebakanec\" \/>\n<meta name=\"twitter:site\" content=\"@quebakanec\" \/>\n<meta name=\"twitter:label1\" content=\"Escrito por\" \/>\n\t<meta name=\"twitter:data1\" content=\"Erick Villafuerte\" \/>\n\t<meta name=\"twitter:label2\" content=\"Tiempo de lectura\" \/>\n\t<meta name=\"twitter:data2\" content=\"3 minutos\" \/>\n<script type=\"application\/ld+json\" class=\"yoast-schema-graph\">{\"@context\":\"https:\\\/\\\/schema.org\",\"@graph\":[{\"@type\":\"Article\",\"@id\":\"https:\\\/\\\/www.quebakan.com\\\/v15\\\/bloqueador-para-rostro-en-gel-yanbal-lanza-su-mas-reciente-innovacion-de-proteccion-solar\\\/#article\",\"isPartOf\":{\"@id\":\"https:\\\/\\\/www.quebakan.com\\\/v15\\\/bloqueador-para-rostro-en-gel-yanbal-lanza-su-mas-reciente-innovacion-de-proteccion-solar\\\/\"},\"author\":{\"name\":\"Erick Villafuerte\",\"@id\":\"https:\\\/\\\/www.quebakan.com\\\/v15\\\/#\\\/schema\\\/person\\\/d90fa9f9cfa81eb8ace9811e5b7b9118\"},\"headline\":\"\u00bfBloqueador para rostro en gel? YANBAL lanza su m\u00e1s reciente innovaci\u00f3n de protecci\u00f3n solar\",\"datePublished\":\"2025-07-25T05:58:50+00:00\",\"mainEntityOfPage\":{\"@id\":\"https:\\\/\\\/www.quebakan.com\\\/v15\\\/bloqueador-para-rostro-en-gel-yanbal-lanza-su-mas-reciente-innovacion-de-proteccion-solar\\\/\"},\"wordCount\":522,\"publisher\":{\"@id\":\"https:\\\/\\\/www.quebakan.com\\\/v15\\\/#organization\"},\"image\":{\"@id\":\"https:\\\/\\\/www.quebakan.com\\\/v15\\\/bloqueador-para-rostro-en-gel-yanbal-lanza-su-mas-reciente-innovacion-de-proteccion-solar\\\/#primaryimage\"},\"thumbnailUrl\":\"https:\\\/\\\/www.quebakan.com\\\/v15\\\/wp-content\\\/uploads\\\/2025\\\/07\\\/F1-NDP-1.jpg\",\"articleSection\":[\"Fashion\"],\"inLanguage\":\"es\"},{\"@type\":\"WebPage\",\"@id\":\"https:\\\/\\\/www.quebakan.com\\\/v15\\\/bloqueador-para-rostro-en-gel-yanbal-lanza-su-mas-reciente-innovacion-de-proteccion-solar\\\/\",\"url\":\"https:\\\/\\\/www.quebakan.com\\\/v15\\\/bloqueador-para-rostro-en-gel-yanbal-lanza-su-mas-reciente-innovacion-de-proteccion-solar\\\/\",\"name\":\"\u00bfBloqueador para rostro en gel? YANBAL lanza su m\u00e1s reciente innovaci\u00f3n de protecci\u00f3n solar &#8211; QUEBAKAN.COM 2026: Noticias, Eventos, Conciertos y mucho m\u00e1s....\",\"isPartOf\":{\"@id\":\"https:\\\/\\\/www.quebakan.com\\\/v15\\\/#website\"},\"primaryImageOfPage\":{\"@id\":\"https:\\\/\\\/www.quebakan.com\\\/v15\\\/bloqueador-para-rostro-en-gel-yanbal-lanza-su-mas-reciente-innovacion-de-proteccion-solar\\\/#primaryimage\"},\"image\":{\"@id\":\"https:\\\/\\\/www.quebakan.com\\\/v15\\\/bloqueador-para-rostro-en-gel-yanbal-lanza-su-mas-reciente-innovacion-de-proteccion-solar\\\/#primaryimage\"},\"thumbnailUrl\":\"https:\\\/\\\/www.quebakan.com\\\/v15\\\/wp-content\\\/uploads\\\/2025\\\/07\\\/F1-NDP-1.jpg\",\"datePublished\":\"2025-07-25T05:58:50+00:00\",\"breadcrumb\":{\"@id\":\"https:\\\/\\\/www.quebakan.com\\\/v15\\\/bloqueador-para-rostro-en-gel-yanbal-lanza-su-mas-reciente-innovacion-de-proteccion-solar\\\/#breadcrumb\"},\"inLanguage\":\"es\",\"potentialAction\":[{\"@type\":\"ReadAction\",\"target\":[\"https:\\\/\\\/www.quebakan.com\\\/v15\\\/bloqueador-para-rostro-en-gel-yanbal-lanza-su-mas-reciente-innovacion-de-proteccion-solar\\\/\"]}]},{\"@type\":\"ImageObject\",\"inLanguage\":\"es\",\"@id\":\"https:\\\/\\\/www.quebakan.com\\\/v15\\\/bloqueador-para-rostro-en-gel-yanbal-lanza-su-mas-reciente-innovacion-de-proteccion-solar\\\/#primaryimage\",\"url\":\"https:\\\/\\\/www.quebakan.com\\\/v15\\\/wp-content\\\/uploads\\\/2025\\\/07\\\/F1-NDP-1.jpg\",\"contentUrl\":\"https:\\\/\\\/www.quebakan.com\\\/v15\\\/wp-content\\\/uploads\\\/2025\\\/07\\\/F1-NDP-1.jpg\",\"width\":467,\"height\":700},{\"@type\":\"BreadcrumbList\",\"@id\":\"https:\\\/\\\/www.quebakan.com\\\/v15\\\/bloqueador-para-rostro-en-gel-yanbal-lanza-su-mas-reciente-innovacion-de-proteccion-solar\\\/#breadcrumb\",\"itemListElement\":[{\"@type\":\"ListItem\",\"position\":1,\"name\":\"Portada\",\"item\":\"https:\\\/\\\/www.quebakan.com\\\/v15\\\/\"},{\"@type\":\"ListItem\",\"position\":2,\"name\":\"\u00bfBloqueador para rostro en gel? YANBAL lanza su m\u00e1s reciente innovaci\u00f3n de protecci\u00f3n solar\"}]},{\"@type\":\"WebSite\",\"@id\":\"https:\\\/\\\/www.quebakan.com\\\/v15\\\/#website\",\"url\":\"https:\\\/\\\/www.quebakan.com\\\/v15\\\/\",\"name\":\"QUEBAKAN\",\"description\":\"..\",\"publisher\":{\"@id\":\"https:\\\/\\\/www.quebakan.com\\\/v15\\\/#organization\"},\"potentialAction\":[{\"@type\":\"SearchAction\",\"target\":{\"@type\":\"EntryPoint\",\"urlTemplate\":\"https:\\\/\\\/www.quebakan.com\\\/v15\\\/?s={search_term_string}\"},\"query-input\":{\"@type\":\"PropertyValueSpecification\",\"valueRequired\":true,\"valueName\":\"search_term_string\"}}],\"inLanguage\":\"es\"},{\"@type\":\"Organization\",\"@id\":\"https:\\\/\\\/www.quebakan.com\\\/v15\\\/#organization\",\"name\":\"Quebakan.com\",\"url\":\"https:\\\/\\\/www.quebakan.com\\\/v15\\\/\",\"logo\":{\"@type\":\"ImageObject\",\"inLanguage\":\"es\",\"@id\":\"https:\\\/\\\/www.quebakan.com\\\/v15\\\/#\\\/schema\\\/logo\\\/image\\\/\",\"url\":\"https:\\\/\\\/www.quebakan.com\\\/v15\\\/wp-content\\\/uploads\\\/2023\\\/07\\\/logoquebakanenero2021.jpg\",\"contentUrl\":\"https:\\\/\\\/www.quebakan.com\\\/v15\\\/wp-content\\\/uploads\\\/2023\\\/07\\\/logoquebakanenero2021.jpg\",\"width\":1920,\"height\":1080,\"caption\":\"Quebakan.com\"},\"image\":{\"@id\":\"https:\\\/\\\/www.quebakan.com\\\/v15\\\/#\\\/schema\\\/logo\\\/image\\\/\"},\"sameAs\":[\"http:\\\/\\\/www.facebook.com\\\/quebakan\",\"https:\\\/\\\/x.com\\\/quebakanec\",\"http:\\\/\\\/www.instagram.com\\\/quebakan\",\"http:\\\/\\\/www.youtube.com\\\/quebakan1\"]},{\"@type\":\"Person\",\"@id\":\"https:\\\/\\\/www.quebakan.com\\\/v15\\\/#\\\/schema\\\/person\\\/d90fa9f9cfa81eb8ace9811e5b7b9118\",\"name\":\"Erick Villafuerte\",\"image\":{\"@type\":\"ImageObject\",\"inLanguage\":\"es\",\"@id\":\"https:\\\/\\\/www.quebakan.com\\\/v15\\\/wp-content\\\/uploads\\\/avatars\\\/4\\\/1731297654-bpfull.png\",\"url\":\"https:\\\/\\\/www.quebakan.com\\\/v15\\\/wp-content\\\/uploads\\\/avatars\\\/4\\\/1731297654-bpfull.png\",\"contentUrl\":\"https:\\\/\\\/www.quebakan.com\\\/v15\\\/wp-content\\\/uploads\\\/avatars\\\/4\\\/1731297654-bpfull.png\",\"caption\":\"Erick Villafuerte\"}}]}<\/script>\n<!-- \/ Yoast SEO plugin. -->","yoast_head_json":{"title":"\u00bfBloqueador para rostro en gel? YANBAL lanza su m\u00e1s reciente innovaci\u00f3n de protecci\u00f3n solar &#8211; QUEBAKAN.COM 2026: Noticias, Eventos, Conciertos y mucho m\u00e1s....","robots":{"index":"index","follow":"follow","max-snippet":"max-snippet:-1","max-image-preview":"max-image-preview:large","max-video-preview":"max-video-preview:-1"},"canonical":"https:\/\/www.quebakan.com\/v15\/bloqueador-para-rostro-en-gel-yanbal-lanza-su-mas-reciente-innovacion-de-proteccion-solar\/","og_locale":"es_ES","og_type":"article","og_title":"\u00bfBloqueador para rostro en gel? YANBAL lanza su m\u00e1s reciente innovaci\u00f3n de protecci\u00f3n solar &#8211; QUEBAKAN.COM 2026: Noticias, Eventos, Conciertos y mucho m\u00e1s....","og_description":"El nuevo Fotoprotector Facial Gel Velvet Invisible de Yanbal no solo protege, sino que tambi\u00e9n hidrata, previene arrugas y mejora visiblemente la textura del rostro con un acabado terciopelo invisible. Durante a\u00f1os, el protector solar fue percibido como un producto exclusivo para la playa o los d\u00edas soleados. Sin embargo, cada vez m\u00e1s estudios y [&hellip;]","og_url":"https:\/\/www.quebakan.com\/v15\/bloqueador-para-rostro-en-gel-yanbal-lanza-su-mas-reciente-innovacion-de-proteccion-solar\/","og_site_name":"QUEBAKAN.COM 2026: Noticias, Eventos, Conciertos y mucho m\u00e1s....","article_publisher":"http:\/\/www.facebook.com\/quebakan","article_published_time":"2025-07-25T05:58:50+00:00","og_image":[{"width":467,"height":700,"url":"https:\/\/www.quebakan.com\/v15\/wp-content\/uploads\/2025\/07\/F1-NDP-1.jpg","type":"image\/jpeg"}],"author":"Erick Villafuerte","twitter_card":"summary_large_image","twitter_creator":"@quebakanec","twitter_site":"@quebakanec","twitter_misc":{"Escrito por":"Erick Villafuerte","Tiempo de lectura":"3 minutos"},"schema":{"@context":"https:\/\/schema.org","@graph":[{"@type":"Article","@id":"https:\/\/www.quebakan.com\/v15\/bloqueador-para-rostro-en-gel-yanbal-lanza-su-mas-reciente-innovacion-de-proteccion-solar\/#article","isPartOf":{"@id":"https:\/\/www.quebakan.com\/v15\/bloqueador-para-rostro-en-gel-yanbal-lanza-su-mas-reciente-innovacion-de-proteccion-solar\/"},"author":{"name":"Erick Villafuerte","@id":"https:\/\/www.quebakan.com\/v15\/#\/schema\/person\/d90fa9f9cfa81eb8ace9811e5b7b9118"},"headline":"\u00bfBloqueador para rostro en gel? YANBAL lanza su m\u00e1s reciente innovaci\u00f3n de protecci\u00f3n solar","datePublished":"2025-07-25T05:58:50+00:00","mainEntityOfPage":{"@id":"https:\/\/www.quebakan.com\/v15\/bloqueador-para-rostro-en-gel-yanbal-lanza-su-mas-reciente-innovacion-de-proteccion-solar\/"},"wordCount":522,"publisher":{"@id":"https:\/\/www.quebakan.com\/v15\/#organization"},"image":{"@id":"https:\/\/www.quebakan.com\/v15\/bloqueador-para-rostro-en-gel-yanbal-lanza-su-mas-reciente-innovacion-de-proteccion-solar\/#primaryimage"},"thumbnailUrl":"https:\/\/www.quebakan.com\/v15\/wp-content\/uploads\/2025\/07\/F1-NDP-1.jpg","articleSection":["Fashion"],"inLanguage":"es"},{"@type":"WebPage","@id":"https:\/\/www.quebakan.com\/v15\/bloqueador-para-rostro-en-gel-yanbal-lanza-su-mas-reciente-innovacion-de-proteccion-solar\/","url":"https:\/\/www.quebakan.com\/v15\/bloqueador-para-rostro-en-gel-yanbal-lanza-su-mas-reciente-innovacion-de-proteccion-solar\/","name":"\u00bfBloqueador para rostro en gel? YANBAL lanza su m\u00e1s reciente innovaci\u00f3n de protecci\u00f3n solar &#8211; QUEBAKAN.COM 2026: Noticias, Eventos, Conciertos y mucho m\u00e1s....","isPartOf":{"@id":"https:\/\/www.quebakan.com\/v15\/#website"},"primaryImageOfPage":{"@id":"https:\/\/www.quebakan.com\/v15\/bloqueador-para-rostro-en-gel-yanbal-lanza-su-mas-reciente-innovacion-de-proteccion-solar\/#primaryimage"},"image":{"@id":"https:\/\/www.quebakan.com\/v15\/bloqueador-para-rostro-en-gel-yanbal-lanza-su-mas-reciente-innovacion-de-proteccion-solar\/#primaryimage"},"thumbnailUrl":"https:\/\/www.quebakan.com\/v15\/wp-content\/uploads\/2025\/07\/F1-NDP-1.jpg","datePublished":"2025-07-25T05:58:50+00:00","breadcrumb":{"@id":"https:\/\/www.quebakan.com\/v15\/bloqueador-para-rostro-en-gel-yanbal-lanza-su-mas-reciente-innovacion-de-proteccion-solar\/#breadcrumb"},"inLanguage":"es","potentialAction":[{"@type":"ReadAction","target":["https:\/\/www.quebakan.com\/v15\/bloqueador-para-rostro-en-gel-yanbal-lanza-su-mas-reciente-innovacion-de-proteccion-solar\/"]}]},{"@type":"ImageObject","inLanguage":"es","@id":"https:\/\/www.quebakan.com\/v15\/bloqueador-para-rostro-en-gel-yanbal-lanza-su-mas-reciente-innovacion-de-proteccion-solar\/#primaryimage","url":"https:\/\/www.quebakan.com\/v15\/wp-content\/uploads\/2025\/07\/F1-NDP-1.jpg","contentUrl":"https:\/\/www.quebakan.com\/v15\/wp-content\/uploads\/2025\/07\/F1-NDP-1.jpg","width":467,"height":700},{"@type":"BreadcrumbList","@id":"https:\/\/www.quebakan.com\/v15\/bloqueador-para-rostro-en-gel-yanbal-lanza-su-mas-reciente-innovacion-de-proteccion-solar\/#breadcrumb","itemListElement":[{"@type":"ListItem","position":1,"name":"Portada","item":"https:\/\/www.quebakan.com\/v15\/"},{"@type":"ListItem","position":2,"name":"\u00bfBloqueador para rostro en gel? YANBAL lanza su m\u00e1s reciente innovaci\u00f3n de protecci\u00f3n solar"}]},{"@type":"WebSite","@id":"https:\/\/www.quebakan.com\/v15\/#website","url":"https:\/\/www.quebakan.com\/v15\/","name":"QUEBAKAN","description":"..","publisher":{"@id":"https:\/\/www.quebakan.com\/v15\/#organization"},"potentialAction":[{"@type":"SearchAction","target":{"@type":"EntryPoint","urlTemplate":"https:\/\/www.quebakan.com\/v15\/?s={search_term_string}"},"query-input":{"@type":"PropertyValueSpecification","valueRequired":true,"valueName":"search_term_string"}}],"inLanguage":"es"},{"@type":"Organization","@id":"https:\/\/www.quebakan.com\/v15\/#organization","name":"Quebakan.com","url":"https:\/\/www.quebakan.com\/v15\/","logo":{"@type":"ImageObject","inLanguage":"es","@id":"https:\/\/www.quebakan.com\/v15\/#\/schema\/logo\/image\/","url":"https:\/\/www.quebakan.com\/v15\/wp-content\/uploads\/2023\/07\/logoquebakanenero2021.jpg","contentUrl":"https:\/\/www.quebakan.com\/v15\/wp-content\/uploads\/2023\/07\/logoquebakanenero2021.jpg","width":1920,"height":1080,"caption":"Quebakan.com"},"image":{"@id":"https:\/\/www.quebakan.com\/v15\/#\/schema\/logo\/image\/"},"sameAs":["http:\/\/www.facebook.com\/quebakan","https:\/\/x.com\/quebakanec","http:\/\/www.instagram.com\/quebakan","http:\/\/www.youtube.com\/quebakan1"]},{"@type":"Person","@id":"https:\/\/www.quebakan.com\/v15\/#\/schema\/person\/d90fa9f9cfa81eb8ace9811e5b7b9118","name":"Erick Villafuerte","image":{"@type":"ImageObject","inLanguage":"es","@id":"https:\/\/www.quebakan.com\/v15\/wp-content\/uploads\/avatars\/4\/1731297654-bpfull.png","url":"https:\/\/www.quebakan.com\/v15\/wp-content\/uploads\/avatars\/4\/1731297654-bpfull.png","contentUrl":"https:\/\/www.quebakan.com\/v15\/wp-content\/uploads\/avatars\/4\/1731297654-bpfull.png","caption":"Erick Villafuerte"}}]}},"_links":{"self":[{"href":"https:\/\/www.quebakan.com\/v15\/wp-json\/wp\/v2\/posts\/133559","targetHints":{"allow":["GET"]}}],"collection":[{"href":"https:\/\/www.quebakan.com\/v15\/wp-json\/wp\/v2\/posts"}],"about":[{"href":"https:\/\/www.quebakan.com\/v15\/wp-json\/wp\/v2\/types\/post"}],"author":[{"embeddable":true,"href":"https:\/\/www.quebakan.com\/v15\/wp-json\/wp\/v2\/users\/4"}],"replies":[{"embeddable":true,"href":"https:\/\/www.quebakan.com\/v15\/wp-json\/wp\/v2\/comments?post=133559"}],"version-history":[{"count":1,"href":"https:\/\/www.quebakan.com\/v15\/wp-json\/wp\/v2\/posts\/133559\/revisions"}],"predecessor-version":[{"id":133562,"href":"https:\/\/www.quebakan.com\/v15\/wp-json\/wp\/v2\/posts\/133559\/revisions\/133562"}],"wp:featuredmedia":[{"embeddable":true,"href":"https:\/\/www.quebakan.com\/v15\/wp-json\/wp\/v2\/media\/133560"}],"wp:attachment":[{"href":"https:\/\/www.quebakan.com\/v15\/wp-json\/wp\/v2\/media?parent=133559"}],"wp:term":[{"taxonomy":"category","embeddable":true,"href":"https:\/\/www.quebakan.com\/v15\/wp-json\/wp\/v2\/categories?post=133559"},{"taxonomy":"post_tag","embeddable":true,"href":"https:\/\/www.quebakan.com\/v15\/wp-json\/wp\/v2\/tags?post=133559"}],"curies":[{"name":"wp","href":"https:\/\/api.w.org\/{rel}","templated":true}]}}